{"id":116,"name":"Mar\u00eda Jes\u00fas P\u00e9rez","url":"http:\/\/codespa.org\/","description":"Soy Subdirectora General de CODESPA y Directora de Investigaci\u00f3n, Innovaci\u00f3n social y Consultor\u00eda, \u00e1rea dedicada a gestionar la estrategia de investigaci\u00f3n y gesti\u00f3n de conocimiento de la fundaci\u00f3n, al desarrollo de proyectos de cooperaci\u00f3n innovadores en colaboraci\u00f3n con el sector privado. Adem\u00e1s, dirijo actualmente las actividades del Observatorio Empresarial contra la Pobreza. Soy licenciada en Ciencias Econ\u00f3micas y Empresariales por la Universidad Pontificia de Comillas (ICADE) con especialidad financiera, M\u00e1ster en Desarrollo y Planificaci\u00f3n de proyectos por la Universidad de Bradford (Gran Breta\u00f1a), Graduada en el 2011 del Programa de Desarrollo de Directivos de la Escuela de Negocios IESE, Madrid y en 2014 del INSEAD, Social Enterpreneurship Programme.","link":"https:\/\/empresas.infoempleo.com\/hrtrends\/autor\/mjcodespa\/","slug":"mjcodespa","avatar_urls":{"24":"https:\/\/secure.gravatar.com\/avatar\/8e2bd094d10db627e8f2ea308f853eea9f9fedc8f99956e380a570bb53e28761?s=24&d=mm&r=g","48":"https:\/\/secure.gravatar.com\/avatar\/8e2bd094d10db627e8f2ea308f853eea9f9fedc8f99956e380a570bb53e28761?s=48&d=mm&r=g","96":"https:\/\/secure.gravatar.com\/avatar\/8e2bd094d10db627e8f2ea308f853eea9f9fedc8f99956e380a570bb53e28761?s=96&d=mm&r=g"},"meta":[],"yoast_head":"<!-- This site is optimized with the Yoast SEO plugin v26.1.1 - https:\/\/yoast.com\/wordpress\/plugins\/seo\/ -->\n<title>Art\u00edculos sobre recursos humanos escritos por Mar\u00eda Jes\u00fas P\u00e9rez | HRTRENDS<\/title>\n<meta name=\"description\" content=\"Selecci\u00f3n de art\u00edculos de Mar\u00eda Jes\u00fas P\u00e9rez sobre headhunting y recursos humanos para empresas.\" \/>\n<meta name=\"robots\" content=\"index, follow, max-snippet:-1, max-image-preview:large, max-video-preview:-1\" \/>\n<link rel=\"canonical\" href=\"https:\/\/empresas.infoempleo.com\/hrtrends\/autor\/mjcodespa\/\" \/>\n<meta property=\"og:locale\" content=\"es_ES\" \/>\n<meta property=\"og:type\" content=\"profile\" \/>\n<meta property=\"og:title\" content=\"Art\u00edculos sobre recursos humanos escritos por Mar\u00eda Jes\u00fas P\u00e9rez | HRTRENDS\" \/>\n<meta property=\"og:description\" content=\"Selecci\u00f3n de art\u00edculos de Mar\u00eda Jes\u00fas P\u00e9rez sobre headhunting y recursos humanos para empresas.\" \/>\n<meta property=\"og:url\" content=\"https:\/\/empresas.infoempleo.com\/hrtrends\/autor\/mjcodespa\/\" \/>\n<meta property=\"og:site_name\" content=\"HRTRENDS\" \/>\n<meta property=\"og:image\" content=\"https:\/\/secure.gravatar.com\/avatar\/dc53112e343007d3035a7d3c70d0a58f?s=500&d=mm&r=g\" \/>\n<meta name=\"twitter:card\" content=\"summary_large_image\" \/>\n<meta name=\"twitter:site\" content=\"@infoempleo\" \/>\n<script type=\"application\/ld+json\" class=\"yoast-schema-graph\">{\"@context\":\"https:\/\/schema.org\",\"@graph\":[{\"@type\":\"ProfilePage\",\"@id\":\"https:\/\/empresas.infoempleo.com\/hrtrends\/autor\/mjcodespa\/\",\"url\":\"https:\/\/empresas.infoempleo.com\/hrtrends\/autor\/mjcodespa\/\",\"name\":\"Art\u00edculos sobre recursos humanos escritos por Mar\u00eda Jes\u00fas P\u00e9rez | HRTRENDS\",\"isPartOf\":{\"@id\":\"https:\/\/empresas.infoempleo.com\/hrtrends\/#website\"},\"description\":\"Selecci\u00f3n de art\u00edculos de Mar\u00eda Jes\u00fas P\u00e9rez sobre headhunting y recursos humanos para empresas.\",\"breadcrumb\":{\"@id\":\"https:\/\/empresas.infoempleo.com\/hrtrends\/autor\/mjcodespa\/#breadcrumb\"},\"inLanguage\":\"es\",\"potentialAction\":[{\"@type\":\"ReadAction\",\"target\":[\"https:\/\/empresas.infoempleo.com\/hrtrends\/autor\/mjcodespa\/\"]}]},{\"@type\":\"BreadcrumbList\",\"@id\":\"https:\/\/empresas.infoempleo.com\/hrtrends\/autor\/mjcodespa\/#breadcrumb\",\"itemListElement\":[{\"@type\":\"ListItem\",\"position\":1,\"name\":\"Portada\",\"item\":\"https:\/\/empresas.infoempleo.com\/hrtrends\/\"},{\"@type\":\"ListItem\",\"position\":2,\"name\":\"Archivo de Mar\u00eda Jes\u00fas P\u00e9rez\"}]},{\"@type\":\"WebSite\",\"@id\":\"https:\/\/empresas.infoempleo.com\/hrtrends\/#website\",\"url\":\"https:\/\/empresas.infoempleo.com\/hrtrends\",\"name\":\"HRTrends by Infoempleo\",\"description\":\"\",\"publisher\":{\"@id\":\"https:\/\/empresas.infoempleo.com\/hrtrends\/#organization\"},\"potentialAction\":{\"@type\":\"SearchAction\",\"target\":\"https:\/\/empresas.infoempleo.com\/hrtrends\/?s={search_term_string}\",\"query-input\":\"required name=search_term_string\"},\"inLanguage\":\"es\"},{\"@type\":\"Organization\",\"@id\":\"https:\/\/empresas.infoempleo.com\/hrtrends\/#organization\",\"name\":\"Infoempleo\",\"url\":\"https:\/\/www.infoempleo.com\/\",\"logo\":{\"@type\":\"ImageObject\",\"@id\":\"https:\/\/empresas.infoempleo.com\/hrtrends\/#logo\",\"inLanguage\":\"es\",\"url\":\"https:\/\/cdnazure.infoempleo.com\/infoempleo\/assets\/style\/gfx\/logo.svg\",\"contentUrl\":\"https:\/\/cdnazure.infoempleo.com\/infoempleo\/assets\/style\/gfx\/logo.svg\",\"width\":150,\"height\":40,\"caption\":\"Infoempleo\"},\"image\":{\"@id\":\"https:\/\/empresas.infoempleo.com\/hrtrends\/#logo\"},\"sameAs\":[\"https:\/\/www.facebook.com\/Infoempleo\",\"https:\/\/x.com\/infoempleo\",\"http:\/\/instagram.com\/infoempleo\/\",\"http:\/\/www.linkedin.com\/groups\/Empleo-Espa\u00f1a-Infoempleocom-111276\",\"http:\/\/pinterest.com\/infoempleo\/\"],\"address\":{\"@type\":\"PostalAddress\",\"addressLocality\":\"Madrid\",\"postalCode\":\"28050\",\"streetAddress\":\"Avenida de Burgos 114\"},\"brand\":[\"Infoempleo\"]},{\"@type\":\"Person\",\"@id\":\"https:\/\/empresas.infoempleo.com\/hrtrends\/#\/schema\/person\/18dfe201071b55a5fc2190a8ff622eff\",\"name\":\"Mar\u00eda Jes\u00fas P\u00e9rez\",\"image\":{\"@type\":\"ImageObject\",\"inLanguage\":\"es\",\"@id\":\"https:\/\/empresas.infoempleo.com\/hrtrends\/#\/schema\/person\/image\/\",\"url\":\"https:\/\/secure.gravatar.com\/avatar\/8e2bd094d10db627e8f2ea308f853eea9f9fedc8f99956e380a570bb53e28761?s=96&d=mm&r=g\",\"contentUrl\":\"https:\/\/secure.gravatar.com\/avatar\/8e2bd094d10db627e8f2ea308f853eea9f9fedc8f99956e380a570bb53e28761?s=96&d=mm&r=g\",\"caption\":\"Mar\u00eda Jes\u00fas P\u00e9rez\"},\"description\":\"Soy Subdirectora General de CODESPA y Directora de Investigaci\u00f3n, Innovaci\u00f3n social y Consultor\u00eda, \u00e1rea dedicada a gestionar la estrategia de investigaci\u00f3n y gesti\u00f3n de conocimiento de la fundaci\u00f3n, al desarrollo de proyectos de cooperaci\u00f3n innovadores en colaboraci\u00f3n con el sector privado. Adem\u00e1s, dirijo actualmente las actividades del Observatorio Empresarial contra la Pobreza. Soy licenciada en Ciencias Econ\u00f3micas y Empresariales por la Universidad Pontificia de Comillas (ICADE) con especialidad financiera, M\u00e1ster en Desarrollo y Planificaci\u00f3n de proyectos por la Universidad de Bradford (Gran Breta\u00f1a), Graduada en el 2011 del Programa de Desarrollo de Directivos de la Escuela de Negocios IESE, Madrid y en 2014 del INSEAD, Social Enterpreneurship Programme.\",\"sameAs\":[\"http:\/\/codespa.org\/\",\"https:\/\/www.facebook.com\/Codespa\",\"https:\/\/x.com\/Codespa\"],\"mainEntityOfPage\":{\"@id\":\"https:\/\/empresas.infoempleo.com\/hrtrends\/autor\/mjcodespa\/\"},\"url\":\"https:\/\/empresas.infoempleo.com\/hrtrends\/author\/\/\"}]}<\/script>\n<!-- \/ Yoast SEO plugin. -->","yoast_head_json":{"title":"Art\u00edculos sobre recursos humanos escritos por Mar\u00eda Jes\u00fas P\u00e9rez | HRTRENDS","description":"Selecci\u00f3n de art\u00edculos de Mar\u00eda Jes\u00fas P\u00e9rez sobre headhunting y recursos humanos para empresas.","robots":{"index":"index","follow":"follow","max-snippet":"max-snippet:-1","max-image-preview":"max-image-preview:large","max-video-preview":"max-video-preview:-1"},"canonical":"https:\/\/empresas.infoempleo.com\/hrtrends\/autor\/mjcodespa\/","og_locale":"es_ES","og_type":"profile","og_title":"Art\u00edculos sobre recursos humanos escritos por Mar\u00eda Jes\u00fas P\u00e9rez | HRTRENDS","og_description":"Selecci\u00f3n de art\u00edculos de Mar\u00eda Jes\u00fas P\u00e9rez sobre headhunting y recursos humanos para empresas.","og_url":"https:\/\/empresas.infoempleo.com\/hrtrends\/autor\/mjcodespa\/","og_site_name":"HRTRENDS","og_image":[{"url":"https:\/\/secure.gravatar.com\/avatar\/dc53112e343007d3035a7d3c70d0a58f?s=500&d=mm&r=g","type":"","width":"","height":""}],"twitter_card":"summary_large_image","twitter_site":"@infoempleo","schema":{"@context":"https:\/\/schema.org","@graph":[{"@type":"ProfilePage","@id":"https:\/\/empresas.infoempleo.com\/hrtrends\/autor\/mjcodespa\/","url":"https:\/\/empresas.infoempleo.com\/hrtrends\/autor\/mjcodespa\/","name":"Art\u00edculos sobre recursos humanos escritos por Mar\u00eda Jes\u00fas P\u00e9rez | HRTRENDS","isPartOf":{"@id":"https:\/\/empresas.infoempleo.com\/hrtrends\/#website"},"description":"Selecci\u00f3n de art\u00edculos de Mar\u00eda Jes\u00fas P\u00e9rez sobre headhunting y recursos humanos para empresas.","breadcrumb":{"@id":"https:\/\/empresas.infoempleo.com\/hrtrends\/autor\/mjcodespa\/#breadcrumb"},"inLanguage":"es","potentialAction":[{"@type":"ReadAction","target":["https:\/\/empresas.infoempleo.com\/hrtrends\/autor\/mjcodespa\/"]}]},{"@type":"BreadcrumbList","@id":"https:\/\/empresas.infoempleo.com\/hrtrends\/autor\/mjcodespa\/#breadcrumb","itemListElement":[{"@type":"ListItem","position":1,"name":"Portada","item":"https:\/\/empresas.infoempleo.com\/hrtrends\/"},{"@type":"ListItem","position":2,"name":"Archivo de Mar\u00eda Jes\u00fas P\u00e9rez"}]},{"@type":"WebSite","@id":"https:\/\/empresas.infoempleo.com\/hrtrends\/#website","url":"https:\/\/empresas.infoempleo.com\/hrtrends","name":"HRTrends by Infoempleo","description":"","publisher":{"@id":"https:\/\/empresas.infoempleo.com\/hrtrends\/#organization"},"potentialAction":{"@type":"SearchAction","target":"https:\/\/empresas.infoempleo.com\/hrtrends\/?s={search_term_string}","query-input":"required name=search_term_string"},"inLanguage":"es"},{"@type":"Organization","@id":"https:\/\/empresas.infoempleo.com\/hrtrends\/#organization","name":"Infoempleo","url":"https:\/\/www.infoempleo.com\/","logo":{"@type":"ImageObject","@id":"https:\/\/empresas.infoempleo.com\/hrtrends\/#logo","inLanguage":"es","url":"https:\/\/cdnazure.infoempleo.com\/infoempleo\/assets\/style\/gfx\/logo.svg","contentUrl":"https:\/\/cdnazure.infoempleo.com\/infoempleo\/assets\/style\/gfx\/logo.svg","width":150,"height":40,"caption":"Infoempleo"},"image":{"@id":"https:\/\/empresas.infoempleo.com\/hrtrends\/#logo"},"sameAs":["https:\/\/www.facebook.com\/Infoempleo","https:\/\/x.com\/infoempleo","http:\/\/instagram.com\/infoempleo\/","http:\/\/www.linkedin.com\/groups\/Empleo-Espa\u00f1a-Infoempleocom-111276","http:\/\/pinterest.com\/infoempleo\/"],"address":{"@type":"PostalAddress","addressLocality":"Madrid","postalCode":"28050","streetAddress":"Avenida de Burgos 114"},"brand":["Infoempleo"]},{"@type":"Person","@id":"https:\/\/empresas.infoempleo.com\/hrtrends\/#\/schema\/person\/18dfe201071b55a5fc2190a8ff622eff","name":"Mar\u00eda Jes\u00fas P\u00e9rez","image":{"@type":"ImageObject","inLanguage":"es","@id":"https:\/\/empresas.infoempleo.com\/hrtrends\/#\/schema\/person\/image\/","url":"https:\/\/secure.gravatar.com\/avatar\/8e2bd094d10db627e8f2ea308f853eea9f9fedc8f99956e380a570bb53e28761?s=96&d=mm&r=g","contentUrl":"https:\/\/secure.gravatar.com\/avatar\/8e2bd094d10db627e8f2ea308f853eea9f9fedc8f99956e380a570bb53e28761?s=96&d=mm&r=g","caption":"Mar\u00eda Jes\u00fas P\u00e9rez"},"description":"Soy Subdirectora General de CODESPA y Directora de Investigaci\u00f3n, Innovaci\u00f3n social y Consultor\u00eda, \u00e1rea dedicada a gestionar la estrategia de investigaci\u00f3n y gesti\u00f3n de conocimiento de la fundaci\u00f3n, al desarrollo de proyectos de cooperaci\u00f3n innovadores en colaboraci\u00f3n con el sector privado. Adem\u00e1s, dirijo actualmente las actividades del Observatorio Empresarial contra la Pobreza. Soy licenciada en Ciencias Econ\u00f3micas y Empresariales por la Universidad Pontificia de Comillas (ICADE) con especialidad financiera, M\u00e1ster en Desarrollo y Planificaci\u00f3n de proyectos por la Universidad de Bradford (Gran Breta\u00f1a), Graduada en el 2011 del Programa de Desarrollo de Directivos de la Escuela de Negocios IESE, Madrid y en 2014 del INSEAD, Social Enterpreneurship Programme.","sameAs":["http:\/\/codespa.org\/","https:\/\/www.facebook.com\/Codespa","https:\/\/x.com\/Codespa"],"mainEntityOfPage":{"@id":"https:\/\/empresas.infoempleo.com\/hrtrends\/autor\/mjcodespa\/"},"url":"https:\/\/empresas.infoempleo.com\/hrtrends\/author\/\/"}]}},"amp_review_panel_dismissed_for_template_mode":"","amp_dev_tools_enabled":false,"_links":{"self":[{"href":"https:\/\/empresas.infoempleo.com\/hrtrends\/wp-json\/wp\/v2\/users\/116","targetHints":{"allow":["GET"]}}],"collection":[{"href":"https:\/\/empresas.infoempleo.com\/hrtrends\/wp-json\/wp\/v2\/users"}]}}