{"id":9969,"date":"2010-06-21T09:28:02","date_gmt":"2010-06-21T08:28:02","guid":{"rendered":"http:\/\/blog.infoempleo.com\/?p=9969"},"modified":"2024-08-29T17:40:14","modified_gmt":"2024-08-29T15:40:14","slug":"direccion-de-personas-cuestion-de-habilidad","status":"publish","type":"post","link":"https:\/\/empresas.infoempleo.com\/hrtrends\/direccion-de-personas-cuestion-de-habilidad\/","title":{"rendered":"Direcci\u00f3n de personas: cuesti\u00f3n de habilidad"},"content":{"rendered":"<p><img loading=\"lazy\" decoding=\"async\" class=\"alignnone size-full wp-image-9971\" src=\"https:\/\/empresas.infoempleo.com\/hrtrends\/media\/2010\/06\/Opinion211.jpg\" alt=\"Pilar Pato\" width=\"112\" height=\"137\" \/><\/p>\n<p><strong>Por Pilar Pato, coach y\u00a0profesora de Evaluaci\u00f3n Competencial en el executive MBA y del M\u00f3dulo de Habilidades Directivas de todos los\u00a0m\u00e1steres de IDE-CESEM<\/strong><\/p>\n<p>Los restos arqueol\u00f3gicos de yacimientos tan emblem\u00e1ticos como la Sima de los Huesos (Atapuerca) o La Cueva de Altamira (Cantabria), nos dan buena cuenta de la evoluci\u00f3n humana y de<strong> c\u00f3mo los hombres hemos ido desarrollando no s\u00f3lo nuestra capacidad de abstracci\u00f3n y simbolog\u00eda sino tambi\u00e9n la capacidad de plantearnos los problemas m\u00edsticos y emocionales inherentes al ser humano.<\/strong><\/p>\n<p>Dibujar una visi\u00f3n, estimular la ilusi\u00f3n, conseguir el compromiso, movilizar la energ\u00eda de un grupo en direcci\u00f3n a un objetivo\u2026 Son algunas de las acciones que reclamamos a las personas que dirigen equipos. Todas requieren de un conocimiento profundo del negocio, de la estrategia empresarial y del mercado. <strong>Por lo general, la experiencia en una organizaci\u00f3n va facilitando este conocimiento, pero no nos capacita \u201cper se\u201d para el desarrollo de las competencias directivas<\/strong>. Hay multitud de ejemplos de excelentes vendedores o t\u00e9cnicos que realizan una labor mediocre como jefes de ventas o directores de departamento.<\/p>\n<p>Habilidades como el liderazgo, la negociaci\u00f3n o la comunicaci\u00f3n tienen sentido bajo la premisa fundamental de que las personas somos <strong>CORAZ\u00d3N<\/strong> y <strong>CABEZA<\/strong>, ambas en el mismo kit. Por lo tanto, su desarrollo exige un entrenamiento de la estrategia, que es la que da respuesta a la parte l\u00f3gica, y un desarrollo de la puesta en escena; que responde a la parte emocional. Algunas claves para este desarrollo son:<\/p>\n<p><strong>1. El conocimiento de uno mismo:<\/strong>\u00a0Todos llevamos un l\u00edder, un negociador, o un comunicador dentro, aunque sea en potencia. Reconocernos y aceptarnos (con mis puntos fuertes y mis aspectos de mejora) son condiciones fundamentales para reinventarnos:<br \/>\n&#8211; C\u00f3mo pienso: c\u00f3mo entiendo mi papel, qu\u00e9 espero de m\u00ed\u2026, me da pistas para entender c\u00f3mo me comunico, c\u00f3mo delego o c\u00f3mo motivo a mis colaboradores.<br \/>\n&#8211; C\u00f3mo siento: el grado de identificaci\u00f3n y satisfacci\u00f3n con mis responsabilidades y retos proporcionan se\u00f1ales en relaci\u00f3n a mi desempe\u00f1o como jefe.<br \/>\n&#8211; C\u00f3mo act\u00fao: mi estilo de direcci\u00f3n, mi capacidad de escucha o empat\u00eda, mis tiempos de reacci\u00f3n\u2026 van constituyendo un perfil de actuaci\u00f3n personal que interesa reconocer y analizar.<\/p>\n<p><strong>2. El conocimiento del otro:<\/strong> Aceptar al otro tal cual es, con sus miedos, sus necesidades; ser capaces de mirar la realidad con sus ojos, es la clave para generar otras posibilidades, m\u00e1s ricas, m\u00e1s completas y me da la llave para ser un motivador, un negociador o un comunicador eficaz y, a la vez, sostenible.<\/p>\n<p><strong>3. El conocimiento de la habilidad:<\/strong> De la misma manera que no es lo mismo observar un cielo estrellado acompa\u00f1ado por un ne\u00f3fito en el conocimiento de las galaxias que mirarlo junto a un astr\u00f3nomo, no puede ser lo mismo dirigir personas habiendo profundizado en el conocimiento del comportamiento humano, que dirigirlas sin haberse cuestionado por qu\u00e9 nos comportamos como lo hacemos.<\/p>\n<p>Los te\u00f3ricos del liderazgo y el management tratan de aportar modelos de referencia que nos ayuden a ordenar la realidad que vivimos. Contar con herramientas de comunicaci\u00f3n, negociaci\u00f3n o de gesti\u00f3n de conflictos, nos permite disponer de pautas de observaci\u00f3n y actuaci\u00f3n que gu\u00eden nuestro aprendizaje. Pero tambi\u00e9n se requiere una estrategia: para tomar una decisi\u00f3n dif\u00edcil y comunicarla, para llegar a un acuerdo en el que todos ganemos, estrategia para inyectar optimismo; en definitiva, estrategia dirigida a elegir el mejor mensaje posible en el mejor momento y lugar posible y con los mejores recursos.<\/p>\n<p><strong>4. La puesta en escena de la habilidad:<\/strong> \u201cH\u00e1bil\u201d proviene de habilis, y significa \u201cm\u00e1s que capaz; m\u00e1s que instruido\u201d. Un directivo puede haber le\u00eddo todo lo que se ha escrito sobre Management y haber observado y estudiado numerosas pr\u00e1cticas directivas, pero s\u00f3lo cuando le toque desempe\u00f1ar su labor demostrar\u00e1 su habilidad.<\/p>\n<p>Hay muchos profesionales \u201cdoctos\u201d en conocimientos de direcci\u00f3n que muestran numerosas lagunas en la aplicaci\u00f3n pr\u00e1ctica. Para adquirir el calificativo de h\u00e1bil es preciso practicar, practicar y practicar. Esa sensibilidad y sutileza para ver m\u00e1s all\u00e1 de lo evidente, para captar qu\u00e9 hay detr\u00e1s de un silencio, una mirada o un gesto; eso que a veces llamamos \u201cgesti\u00f3n por intuici\u00f3n\u201d puede que no sea m\u00e1s que la destreza que se adquiere con muchas horas de vuelo que van dejando un poso en lo inconsciente y nos ayuda a tener referencias para el futuro.<\/p>\n","protected":false},"excerpt":{"rendered":"<p>Por Pilar Pato, coach y\u00a0profesora de Evaluaci\u00f3n Competencial en el executive MBA y del M\u00f3dulo de Habilidades Directivas<a class=\"moretag\" href=\"https:\/\/empresas.infoempleo.com\/hrtrends\/direccion-de-personas-cuestion-de-habilidad\/\"> Leer m\u00e1s<\/a><\/p>\n","protected":false},"author":72,"featured_media":29665,"comment_status":"closed","ping_status":"open","sticky":false,"template":"","format":"standard","meta":{"footnotes":""},"categories":[3],"tags":[2006,1460,15,1289,852,120,365,2007],"class_list":["post-9969","post","type-post","status-publish","format-standard","has-post-thumbnail","hentry","category-actualidad","tag-conocimiento","tag-direccion","tag-directivo","tag-habilidades","tag-ide-cesem","tag-management","tag-opinion","tag-pilar-pato"],"yoast_head":"<!-- This site is optimized with the Yoast SEO plugin v26.1.1 - https:\/\/yoast.com\/wordpress\/plugins\/seo\/ -->\n<title>Direcci\u00f3n de personas: cuesti\u00f3n de habilidad | HRTRENDS<\/title>\n<meta name=\"robots\" content=\"index, follow, max-snippet:-1, max-image-preview:large, max-video-preview:-1\" \/>\n<link rel=\"canonical\" href=\"https:\/\/empresas.infoempleo.com\/hrtrends\/direccion-de-personas-cuestion-de-habilidad\/\" \/>\n<meta property=\"og:locale\" content=\"es_ES\" \/>\n<meta property=\"og:type\" content=\"article\" \/>\n<meta property=\"og:title\" content=\"Direcci\u00f3n de personas: cuesti\u00f3n de habilidad | HRTRENDS\" \/>\n<meta property=\"og:description\" content=\"Por Pilar Pato, coach y\u00a0profesora de Evaluaci\u00f3n Competencial en el executive MBA y del M\u00f3dulo de Habilidades Directivas Leer m\u00e1s\" \/>\n<meta property=\"og:url\" content=\"https:\/\/empresas.infoempleo.com\/hrtrends\/direccion-de-personas-cuestion-de-habilidad\/\" \/>\n<meta property=\"og:site_name\" content=\"HRTRENDS\" \/>\n<meta property=\"article:publisher\" content=\"https:\/\/www.facebook.com\/Infoempleo\" \/>\n<meta property=\"article:published_time\" content=\"2010-06-21T08:28:02+00:00\" \/>\n<meta property=\"article:modified_time\" content=\"2024-08-29T15:40:14+00:00\" \/>\n<meta property=\"og:image\" content=\"https:\/\/empresas.infoempleo.com\/hrtrends\/media\/2010\/06\/Opinion211.jpg\" \/>\n<meta name=\"author\" content=\"infoempleo\" \/>\n<meta name=\"twitter:card\" content=\"summary_large_image\" \/>\n<meta name=\"twitter:creator\" content=\"@infoempleo\" \/>\n<meta name=\"twitter:site\" content=\"@infoempleo\" \/>\n<meta name=\"twitter:label1\" content=\"Escrito por\" \/>\n\t<meta name=\"twitter:data1\" content=\"infoempleo\" \/>\n\t<meta name=\"twitter:label2\" content=\"Tiempo de lectura\" \/>\n\t<meta name=\"twitter:data2\" content=\"4 minutos\" \/>\n<script type=\"application\/ld+json\" class=\"yoast-schema-graph\">{\"@context\":\"https:\/\/schema.org\",\"@graph\":[{\"@type\":\"NewsArticle\",\"@id\":\"https:\/\/empresas.infoempleo.com\/hrtrends\/direccion-de-personas-cuestion-de-habilidad\/#article\",\"isPartOf\":{\"@id\":\"https:\/\/empresas.infoempleo.com\/hrtrends\/direccion-de-personas-cuestion-de-habilidad\/\"},\"author\":{\"name\":\"infoempleo\",\"@id\":\"https:\/\/empresas.infoempleo.com\/hrtrends\/#\/schema\/person\/67d3e276ffcc8b3ae0ebec816daf775a\"},\"headline\":\"Direcci\u00f3n de personas: cuesti\u00f3n de habilidad\",\"datePublished\":\"2010-06-21T08:28:02+00:00\",\"dateModified\":\"2024-08-29T15:40:14+00:00\",\"mainEntityOfPage\":{\"@id\":\"https:\/\/empresas.infoempleo.com\/hrtrends\/direccion-de-personas-cuestion-de-habilidad\/\"},\"wordCount\":797,\"publisher\":{\"@id\":\"https:\/\/empresas.infoempleo.com\/hrtrends\/#organization\"},\"image\":{\"@id\":\"https:\/\/empresas.infoempleo.com\/hrtrends\/direccion-de-personas-cuestion-de-habilidad\/#primaryimage\"},\"thumbnailUrl\":\"https:\/\/empresas.infoempleo.com\/hrtrends\/media\/2017\/05\/pexels-photo-205508.jpg\",\"keywords\":[\"conocimiento\",\"direcci\u00f3n\",\"directivo\",\"habilidades\",\"IDE CESEM\",\"management\",\"Opini\u00f3n\",\"Pilar Pato\"],\"articleSection\":[\"Actualidad\"],\"inLanguage\":\"es\",\"copyrightYear\":\"2010\",\"copyrightHolder\":{\"@id\":\"https:\/\/empresas.infoempleo.com\/hrtrends\/#organization\"}},{\"@type\":\"WebPage\",\"@id\":\"https:\/\/empresas.infoempleo.com\/hrtrends\/direccion-de-personas-cuestion-de-habilidad\/\",\"url\":\"https:\/\/empresas.infoempleo.com\/hrtrends\/direccion-de-personas-cuestion-de-habilidad\/\",\"name\":\"Direcci\u00f3n de personas: cuesti\u00f3n de habilidad | HRTRENDS\",\"isPartOf\":{\"@id\":\"https:\/\/empresas.infoempleo.com\/hrtrends\/#website\"},\"primaryImageOfPage\":{\"@id\":\"https:\/\/empresas.infoempleo.com\/hrtrends\/direccion-de-personas-cuestion-de-habilidad\/#primaryimage\"},\"image\":{\"@id\":\"https:\/\/empresas.infoempleo.com\/hrtrends\/direccion-de-personas-cuestion-de-habilidad\/#primaryimage\"},\"thumbnailUrl\":\"https:\/\/empresas.infoempleo.com\/hrtrends\/media\/2017\/05\/pexels-photo-205508.jpg\",\"datePublished\":\"2010-06-21T08:28:02+00:00\",\"dateModified\":\"2024-08-29T15:40:14+00:00\",\"breadcrumb\":{\"@id\":\"https:\/\/empresas.infoempleo.com\/hrtrends\/direccion-de-personas-cuestion-de-habilidad\/#breadcrumb\"},\"inLanguage\":\"es\",\"potentialAction\":[{\"@type\":\"ReadAction\",\"target\":[\"https:\/\/empresas.infoempleo.com\/hrtrends\/direccion-de-personas-cuestion-de-habilidad\/\"]}]},{\"@type\":\"ImageObject\",\"inLanguage\":\"es\",\"@id\":\"https:\/\/empresas.infoempleo.com\/hrtrends\/direccion-de-personas-cuestion-de-habilidad\/#primaryimage\",\"url\":\"https:\/\/empresas.infoempleo.com\/hrtrends\/media\/2017\/05\/pexels-photo-205508-150x150.jpg\",\"contentUrl\":\"https:\/\/empresas.infoempleo.com\/hrtrends\/media\/2017\/05\/pexels-photo-205508-150x150.jpg\",\"width\":150,\"height\":150},{\"@type\":\"BreadcrumbList\",\"@id\":\"https:\/\/empresas.infoempleo.com\/hrtrends\/direccion-de-personas-cuestion-de-habilidad\/#breadcrumb\",\"itemListElement\":[{\"@type\":\"ListItem\",\"position\":1,\"name\":\"Portada\",\"item\":\"https:\/\/empresas.infoempleo.com\/hrtrends\/\"},{\"@type\":\"ListItem\",\"position\":2,\"name\":\"Direcci\u00f3n de personas: cuesti\u00f3n de habilidad\"}]},{\"@type\":\"WebSite\",\"@id\":\"https:\/\/empresas.infoempleo.com\/hrtrends\/#website\",\"url\":\"https:\/\/empresas.infoempleo.com\/hrtrends\",\"name\":\"HRTrends by Infoempleo\",\"description\":\"\",\"publisher\":{\"@id\":\"https:\/\/empresas.infoempleo.com\/hrtrends\/#organization\"},\"potentialAction\":{\"@type\":\"SearchAction\",\"target\":\"https:\/\/empresas.infoempleo.com\/hrtrends\/?s={search_term_string}\",\"query-input\":\"required name=search_term_string\"},\"inLanguage\":\"es\"},{\"@type\":\"Organization\",\"@id\":\"https:\/\/empresas.infoempleo.com\/hrtrends\/#organization\",\"name\":\"Infoempleo\",\"url\":\"https:\/\/www.infoempleo.com\/\",\"logo\":{\"@type\":\"ImageObject\",\"@id\":\"https:\/\/empresas.infoempleo.com\/hrtrends\/#logo\",\"inLanguage\":\"es\",\"url\":\"https:\/\/cdnazure.infoempleo.com\/infoempleo\/assets\/style\/gfx\/logo.svg\",\"contentUrl\":\"https:\/\/cdnazure.infoempleo.com\/infoempleo\/assets\/style\/gfx\/logo.svg\",\"width\":150,\"height\":40,\"caption\":\"Infoempleo\"},\"image\":{\"@id\":\"https:\/\/empresas.infoempleo.com\/hrtrends\/#logo\"},\"sameAs\":[\"https:\/\/www.facebook.com\/Infoempleo\",\"https:\/\/x.com\/infoempleo\",\"http:\/\/instagram.com\/infoempleo\/\",\"http:\/\/www.linkedin.com\/groups\/Empleo-Espa\u00f1a-Infoempleocom-111276\",\"http:\/\/pinterest.com\/infoempleo\/\"],\"address\":{\"@type\":\"PostalAddress\",\"addressLocality\":\"Madrid\",\"postalCode\":\"28050\",\"streetAddress\":\"Avenida de Burgos 114\"},\"brand\":[\"Infoempleo\"]},{\"@type\":\"Person\",\"@id\":\"https:\/\/empresas.infoempleo.com\/hrtrends\/#\/schema\/person\/67d3e276ffcc8b3ae0ebec816daf775a\",\"name\":\"infoempleo\",\"image\":{\"@type\":\"ImageObject\",\"inLanguage\":\"es\",\"@id\":\"https:\/\/empresas.infoempleo.com\/hrtrends\/#\/schema\/person\/image\/\",\"url\":\"https:\/\/secure.gravatar.com\/avatar\/7b437777242fe67d2473c2a818da2344692d1ee91e91080ccffbd97bcd4a0975?s=96&d=mm&r=g\",\"contentUrl\":\"https:\/\/secure.gravatar.com\/avatar\/7b437777242fe67d2473c2a818da2344692d1ee91e91080ccffbd97bcd4a0975?s=96&d=mm&r=g\",\"caption\":\"infoempleo\"},\"url\":\"https:\/\/empresas.infoempleo.com\/hrtrends\/author\/infoempleo\/\"}]}<\/script>\n<!-- \/ Yoast SEO plugin. -->","yoast_head_json":{"title":"Direcci\u00f3n de personas: cuesti\u00f3n de habilidad | HRTRENDS","robots":{"index":"index","follow":"follow","max-snippet":"max-snippet:-1","max-image-preview":"max-image-preview:large","max-video-preview":"max-video-preview:-1"},"canonical":"https:\/\/empresas.infoempleo.com\/hrtrends\/direccion-de-personas-cuestion-de-habilidad\/","og_locale":"es_ES","og_type":"article","og_title":"Direcci\u00f3n de personas: cuesti\u00f3n de habilidad | HRTRENDS","og_description":"Por Pilar Pato, coach y\u00a0profesora de Evaluaci\u00f3n Competencial en el executive MBA y del M\u00f3dulo de Habilidades Directivas Leer m\u00e1s","og_url":"https:\/\/empresas.infoempleo.com\/hrtrends\/direccion-de-personas-cuestion-de-habilidad\/","og_site_name":"HRTRENDS","article_publisher":"https:\/\/www.facebook.com\/Infoempleo","article_published_time":"2010-06-21T08:28:02+00:00","article_modified_time":"2024-08-29T15:40:14+00:00","og_image":[{"url":"https:\/\/empresas.infoempleo.com\/hrtrends\/media\/2010\/06\/Opinion211.jpg","type":"","width":"","height":""}],"author":"infoempleo","twitter_card":"summary_large_image","twitter_creator":"@infoempleo","twitter_site":"@infoempleo","twitter_misc":{"Escrito por":"infoempleo","Tiempo de lectura":"4 minutos"},"schema":{"@context":"https:\/\/schema.org","@graph":[{"@type":"NewsArticle","@id":"https:\/\/empresas.infoempleo.com\/hrtrends\/direccion-de-personas-cuestion-de-habilidad\/#article","isPartOf":{"@id":"https:\/\/empresas.infoempleo.com\/hrtrends\/direccion-de-personas-cuestion-de-habilidad\/"},"author":{"name":"infoempleo","@id":"https:\/\/empresas.infoempleo.com\/hrtrends\/#\/schema\/person\/67d3e276ffcc8b3ae0ebec816daf775a"},"headline":"Direcci\u00f3n de personas: cuesti\u00f3n de habilidad","datePublished":"2010-06-21T08:28:02+00:00","dateModified":"2024-08-29T15:40:14+00:00","mainEntityOfPage":{"@id":"https:\/\/empresas.infoempleo.com\/hrtrends\/direccion-de-personas-cuestion-de-habilidad\/"},"wordCount":797,"publisher":{"@id":"https:\/\/empresas.infoempleo.com\/hrtrends\/#organization"},"image":{"@id":"https:\/\/empresas.infoempleo.com\/hrtrends\/direccion-de-personas-cuestion-de-habilidad\/#primaryimage"},"thumbnailUrl":"https:\/\/empresas.infoempleo.com\/hrtrends\/media\/2017\/05\/pexels-photo-205508.jpg","keywords":["conocimiento","direcci\u00f3n","directivo","habilidades","IDE CESEM","management","Opini\u00f3n","Pilar Pato"],"articleSection":["Actualidad"],"inLanguage":"es","copyrightYear":"2010","copyrightHolder":{"@id":"https:\/\/empresas.infoempleo.com\/hrtrends\/#organization"}},{"@type":"WebPage","@id":"https:\/\/empresas.infoempleo.com\/hrtrends\/direccion-de-personas-cuestion-de-habilidad\/","url":"https:\/\/empresas.infoempleo.com\/hrtrends\/direccion-de-personas-cuestion-de-habilidad\/","name":"Direcci\u00f3n de personas: cuesti\u00f3n de habilidad | HRTRENDS","isPartOf":{"@id":"https:\/\/empresas.infoempleo.com\/hrtrends\/#website"},"primaryImageOfPage":{"@id":"https:\/\/empresas.infoempleo.com\/hrtrends\/direccion-de-personas-cuestion-de-habilidad\/#primaryimage"},"image":{"@id":"https:\/\/empresas.infoempleo.com\/hrtrends\/direccion-de-personas-cuestion-de-habilidad\/#primaryimage"},"thumbnailUrl":"https:\/\/empresas.infoempleo.com\/hrtrends\/media\/2017\/05\/pexels-photo-205508.jpg","datePublished":"2010-06-21T08:28:02+00:00","dateModified":"2024-08-29T15:40:14+00:00","breadcrumb":{"@id":"https:\/\/empresas.infoempleo.com\/hrtrends\/direccion-de-personas-cuestion-de-habilidad\/#breadcrumb"},"inLanguage":"es","potentialAction":[{"@type":"ReadAction","target":["https:\/\/empresas.infoempleo.com\/hrtrends\/direccion-de-personas-cuestion-de-habilidad\/"]}]},{"@type":"ImageObject","inLanguage":"es","@id":"https:\/\/empresas.infoempleo.com\/hrtrends\/direccion-de-personas-cuestion-de-habilidad\/#primaryimage","url":"https:\/\/empresas.infoempleo.com\/hrtrends\/media\/2017\/05\/pexels-photo-205508-150x150.jpg","contentUrl":"https:\/\/empresas.infoempleo.com\/hrtrends\/media\/2017\/05\/pexels-photo-205508-150x150.jpg","width":150,"height":150},{"@type":"BreadcrumbList","@id":"https:\/\/empresas.infoempleo.com\/hrtrends\/direccion-de-personas-cuestion-de-habilidad\/#breadcrumb","itemListElement":[{"@type":"ListItem","position":1,"name":"Portada","item":"https:\/\/empresas.infoempleo.com\/hrtrends\/"},{"@type":"ListItem","position":2,"name":"Direcci\u00f3n de personas: cuesti\u00f3n de habilidad"}]},{"@type":"WebSite","@id":"https:\/\/empresas.infoempleo.com\/hrtrends\/#website","url":"https:\/\/empresas.infoempleo.com\/hrtrends","name":"HRTrends by Infoempleo","description":"","publisher":{"@id":"https:\/\/empresas.infoempleo.com\/hrtrends\/#organization"},"potentialAction":{"@type":"SearchAction","target":"https:\/\/empresas.infoempleo.com\/hrtrends\/?s={search_term_string}","query-input":"required name=search_term_string"},"inLanguage":"es"},{"@type":"Organization","@id":"https:\/\/empresas.infoempleo.com\/hrtrends\/#organization","name":"Infoempleo","url":"https:\/\/www.infoempleo.com\/","logo":{"@type":"ImageObject","@id":"https:\/\/empresas.infoempleo.com\/hrtrends\/#logo","inLanguage":"es","url":"https:\/\/cdnazure.infoempleo.com\/infoempleo\/assets\/style\/gfx\/logo.svg","contentUrl":"https:\/\/cdnazure.infoempleo.com\/infoempleo\/assets\/style\/gfx\/logo.svg","width":150,"height":40,"caption":"Infoempleo"},"image":{"@id":"https:\/\/empresas.infoempleo.com\/hrtrends\/#logo"},"sameAs":["https:\/\/www.facebook.com\/Infoempleo","https:\/\/x.com\/infoempleo","http:\/\/instagram.com\/infoempleo\/","http:\/\/www.linkedin.com\/groups\/Empleo-Espa\u00f1a-Infoempleocom-111276","http:\/\/pinterest.com\/infoempleo\/"],"address":{"@type":"PostalAddress","addressLocality":"Madrid","postalCode":"28050","streetAddress":"Avenida de Burgos 114"},"brand":["Infoempleo"]},{"@type":"Person","@id":"https:\/\/empresas.infoempleo.com\/hrtrends\/#\/schema\/person\/67d3e276ffcc8b3ae0ebec816daf775a","name":"infoempleo","image":{"@type":"ImageObject","inLanguage":"es","@id":"https:\/\/empresas.infoempleo.com\/hrtrends\/#\/schema\/person\/image\/","url":"https:\/\/secure.gravatar.com\/avatar\/7b437777242fe67d2473c2a818da2344692d1ee91e91080ccffbd97bcd4a0975?s=96&d=mm&r=g","contentUrl":"https:\/\/secure.gravatar.com\/avatar\/7b437777242fe67d2473c2a818da2344692d1ee91e91080ccffbd97bcd4a0975?s=96&d=mm&r=g","caption":"infoempleo"},"url":"https:\/\/empresas.infoempleo.com\/hrtrends\/author\/infoempleo\/"}]}},"amp_enabled":true,"_links":{"self":[{"href":"https:\/\/empresas.infoempleo.com\/hrtrends\/wp-json\/wp\/v2\/posts\/9969","targetHints":{"allow":["GET"]}}],"collection":[{"href":"https:\/\/empresas.infoempleo.com\/hrtrends\/wp-json\/wp\/v2\/posts"}],"about":[{"href":"https:\/\/empresas.infoempleo.com\/hrtrends\/wp-json\/wp\/v2\/types\/post"}],"author":[{"embeddable":true,"href":"https:\/\/empresas.infoempleo.com\/hrtrends\/wp-json\/wp\/v2\/users\/72"}],"replies":[{"embeddable":true,"href":"https:\/\/empresas.infoempleo.com\/hrtrends\/wp-json\/wp\/v2\/comments?post=9969"}],"version-history":[{"count":1,"href":"https:\/\/empresas.infoempleo.com\/hrtrends\/wp-json\/wp\/v2\/posts\/9969\/revisions"}],"predecessor-version":[{"id":44769,"href":"https:\/\/empresas.infoempleo.com\/hrtrends\/wp-json\/wp\/v2\/posts\/9969\/revisions\/44769"}],"wp:featuredmedia":[{"embeddable":true,"href":"https:\/\/empresas.infoempleo.com\/hrtrends\/wp-json\/wp\/v2\/media\/29665"}],"wp:attachment":[{"href":"https:\/\/empresas.infoempleo.com\/hrtrends\/wp-json\/wp\/v2\/media?parent=9969"}],"wp:term":[{"taxonomy":"category","embeddable":true,"href":"https:\/\/empresas.infoempleo.com\/hrtrends\/wp-json\/wp\/v2\/categories?post=9969"},{"taxonomy":"post_tag","embeddable":true,"href":"https:\/\/empresas.infoempleo.com\/hrtrends\/wp-json\/wp\/v2\/tags?post=9969"}],"curies":[{"name":"wp","href":"https:\/\/api.w.org\/{rel}","templated":true}]}}