{"id":9958,"date":"2010-06-21T09:26:06","date_gmt":"2010-06-21T07:26:06","guid":{"rendered":"http:\/\/blog.infoempleo.com\/?p=9958"},"modified":"2024-08-29T17:41:37","modified_gmt":"2024-08-29T15:41:37","slug":"liderar-o-trabajar-en-equipo","status":"publish","type":"post","link":"https:\/\/empresas.infoempleo.com\/hrtrends\/liderar-o-trabajar-en-equipo\/","title":{"rendered":"Liderar o trabajar en equipo"},"content":{"rendered":"<p><strong>\u00a0<\/strong><\/p>\n<p><strong>Por Xesco Espar, autor de<\/strong> <a class=\"wp-caption-dd\" title=\"Xesco Espar\" href=\"https:\/\/www.plataformaeditorial.com\/blog\/2010\/02\/xesco-espar-habla-sobre-jugar-con-el-corazon\/\" target=\"_blank\" rel=\"noopener\">&#8216;Jugar con el coraz\u00f3n&#8217; <\/a><strong>y conferenciante de Thinking Heads<\/strong><\/p>\n<p>A lo largo de los \u00faltimos a\u00f1os, los libros acerca del liderazgo han proliferado como nunca antes en la literatura de &#8216;management&#8217;. Se han escrito decenas de teor\u00edas sobre c\u00f3mo tratar, dirigir, motivar o recompensar a tu equipo. Sin embargo, en la mayor\u00eda de ellos, he echado en falta un tema clave: <strong>\u00bfc\u00f3mo se viven los valores dentro de ese equipo?<\/strong><\/p>\n<p>Parece que los l\u00edderes, por el mero hecho de llevar ese cartel, se pueden convertir en &#8216;supermanes&#8217; capaces de dirigir al equipo hacia cualquier meta. El resultado suele ser l\u00edderes que no s\u00f3lo no saben\u00a0trabajar en equipo sino que est\u00e1n ajenos a esos valores que precisamente construyen el tan deseado esp\u00edritu de equipo. Por mi experiencia en equipos de alto rendimiento destacar\u00eda <strong>cinco valores imprescindibles para diferenciar un grupo de un equipo<\/strong> y conseguir la sinergia que hace que el resultado del equipo sea superior a la suma de las aportaciones de sus componentes.<\/p>\n<p><strong>Generosidad<\/strong>. Los integrantes de un equipo deben ser generosos en su entrega. Esto se manifiesta especialmente cuando tienen que sustituir a otro compa\u00f1ero que no puede cumplir su tarea y, en beneficio del objetivo colectivo, hacer el trabajo por \u00e9l. Sin quejas y sin esperar m\u00e1s agradecimiento que el convencimiento de que el compa\u00f1ero lo har\u00e1 por nosotros cuando lo necesite el equipo.<\/p>\n<p><strong>Humildad<\/strong>. Para poder ser ayudados debemos permitirlo. Y eso no es siempre f\u00e1cil. En los equipos de alto rendimiento la confianza en uno mismo y el &#8216;ego&#8217; personal hacen, inconscientemente, dif\u00edcil renunciar al protagonismo de aparecer en primera l\u00ednea. Ser humilde para reconocer nuestras limitaciones y para dejar brillar a los dem\u00e1s cuando es su turno es una necesidad para que el rendimiento del equipo se mantenga en lo m\u00e1s alto.<\/p>\n<p><strong>Entusiasmo<\/strong>. El que en un equipo se respire un clima positivo depende directamente del entusiasmo de sus integrantes. El entusiasmo es contagioso, \u00a1y su ausencia tambi\u00e9n! Por ello debemos preocuparnos siempre de que el n\u00famero de entusiastas sea mayor y que \u00e9stos contagien su optimismo al resto. En ese ambiente, todos los integrantes del equipo se ven inspirados para alcanzar su m\u00e1ximo potencial.<\/p>\n<p><strong>Compromiso<\/strong>. En alg\u00fan lugar del proyecto siempre va a haber malos momentos: momentos en que vamos por detr\u00e1s de los plazos, momentos en que hay que repetir trabajos, momentos en que surgen circunstancias imprevistas\u2026 Ah\u00ed es donde aparece el compromiso: <strong>el compromiso aparece cuando la diversi\u00f3n se acaba<\/strong>.<\/p>\n<p><strong>Confianza<\/strong>. La confianza es el valor que hace perseverar ante las dificultades. La mejor forma de construir la confianza en el equipo es hacer patentes los logros que se van alcanzando y felicitar al equipo por ellos. Demasiadas veces los l\u00edderes s\u00f3lo sorprenden a sus colaboradores cuando deben corregir algo.<\/p>\n<p>La inmediatez de los resultados en los equipos deportivos hacen del trabajo en equipo una imperiosa necesidad. Si la generosidad, la humildad, el entusiasmo, el compromiso y la confianza los convierten en extraordinarios, seguro que ayudan a mejorar el rendimiento de un equipo en cualquier \u00e1mbito empresarial.<\/p>\n","protected":false},"excerpt":{"rendered":"<p>\u00a0 Por Xesco Espar, autor de &#8216;Jugar con el coraz\u00f3n&#8217; y conferenciante de Thinking Heads A lo largo<a class=\"moretag\" href=\"https:\/\/empresas.infoempleo.com\/hrtrends\/liderar-o-trabajar-en-equipo\/\"> Leer m\u00e1s<\/a><\/p>\n","protected":false},"author":72,"featured_media":29665,"comment_status":"closed","ping_status":"open","sticky":false,"template":"","format":"standard","meta":{"footnotes":""},"categories":[3],"tags":[409,21],"class_list":["post-9958","post","type-post","status-publish","format-standard","has-post-thumbnail","hentry","category-actualidad","tag-equipo","tag-liderazgo"],"yoast_head":"<!-- This site is optimized with the Yoast SEO plugin v26.1.1 - https:\/\/yoast.com\/wordpress\/plugins\/seo\/ -->\n<title>Liderar o trabajar en equipo | HRTRENDS<\/title>\n<meta name=\"robots\" content=\"index, follow, max-snippet:-1, max-image-preview:large, max-video-preview:-1\" \/>\n<link rel=\"canonical\" href=\"https:\/\/empresas.infoempleo.com\/hrtrends\/liderar-o-trabajar-en-equipo\/\" \/>\n<meta property=\"og:locale\" content=\"es_ES\" \/>\n<meta property=\"og:type\" content=\"article\" \/>\n<meta property=\"og:title\" content=\"Liderar o trabajar en equipo | HRTRENDS\" \/>\n<meta property=\"og:description\" content=\"\u00a0 Por Xesco Espar, autor de &#8216;Jugar con el coraz\u00f3n&#8217; y conferenciante de Thinking Heads A lo largo Leer m\u00e1s\" \/>\n<meta property=\"og:url\" content=\"https:\/\/empresas.infoempleo.com\/hrtrends\/liderar-o-trabajar-en-equipo\/\" \/>\n<meta property=\"og:site_name\" content=\"HRTRENDS\" \/>\n<meta property=\"article:publisher\" content=\"https:\/\/www.facebook.com\/Infoempleo\" \/>\n<meta property=\"article:published_time\" content=\"2010-06-21T07:26:06+00:00\" \/>\n<meta property=\"article:modified_time\" content=\"2024-08-29T15:41:37+00:00\" \/>\n<meta name=\"author\" content=\"infoempleo\" \/>\n<meta name=\"twitter:card\" content=\"summary_large_image\" \/>\n<meta name=\"twitter:creator\" content=\"@infoempleo\" \/>\n<meta name=\"twitter:site\" content=\"@infoempleo\" \/>\n<meta name=\"twitter:label1\" content=\"Escrito por\" \/>\n\t<meta name=\"twitter:data1\" content=\"infoempleo\" \/>\n\t<meta name=\"twitter:label2\" content=\"Tiempo de lectura\" \/>\n\t<meta name=\"twitter:data2\" content=\"3 minutos\" \/>\n<script type=\"application\/ld+json\" class=\"yoast-schema-graph\">{\"@context\":\"https:\/\/schema.org\",\"@graph\":[{\"@type\":\"NewsArticle\",\"@id\":\"https:\/\/empresas.infoempleo.com\/hrtrends\/liderar-o-trabajar-en-equipo\/#article\",\"isPartOf\":{\"@id\":\"https:\/\/empresas.infoempleo.com\/hrtrends\/liderar-o-trabajar-en-equipo\/\"},\"author\":{\"name\":\"infoempleo\",\"@id\":\"https:\/\/empresas.infoempleo.com\/hrtrends\/#\/schema\/person\/67d3e276ffcc8b3ae0ebec816daf775a\"},\"headline\":\"Liderar o trabajar en equipo\",\"datePublished\":\"2010-06-21T07:26:06+00:00\",\"dateModified\":\"2024-08-29T15:41:37+00:00\",\"mainEntityOfPage\":{\"@id\":\"https:\/\/empresas.infoempleo.com\/hrtrends\/liderar-o-trabajar-en-equipo\/\"},\"wordCount\":545,\"publisher\":{\"@id\":\"https:\/\/empresas.infoempleo.com\/hrtrends\/#organization\"},\"image\":{\"@id\":\"https:\/\/empresas.infoempleo.com\/hrtrends\/liderar-o-trabajar-en-equipo\/#primaryimage\"},\"thumbnailUrl\":\"https:\/\/empresas.infoempleo.com\/hrtrends\/media\/2017\/05\/pexels-photo-205508.jpg\",\"keywords\":[\"equipo\",\"liderazgo\"],\"articleSection\":[\"Actualidad\"],\"inLanguage\":\"es\",\"copyrightYear\":\"2010\",\"copyrightHolder\":{\"@id\":\"https:\/\/empresas.infoempleo.com\/hrtrends\/#organization\"}},{\"@type\":\"WebPage\",\"@id\":\"https:\/\/empresas.infoempleo.com\/hrtrends\/liderar-o-trabajar-en-equipo\/\",\"url\":\"https:\/\/empresas.infoempleo.com\/hrtrends\/liderar-o-trabajar-en-equipo\/\",\"name\":\"Liderar o trabajar en equipo | HRTRENDS\",\"isPartOf\":{\"@id\":\"https:\/\/empresas.infoempleo.com\/hrtrends\/#website\"},\"primaryImageOfPage\":{\"@id\":\"https:\/\/empresas.infoempleo.com\/hrtrends\/liderar-o-trabajar-en-equipo\/#primaryimage\"},\"image\":{\"@id\":\"https:\/\/empresas.infoempleo.com\/hrtrends\/liderar-o-trabajar-en-equipo\/#primaryimage\"},\"thumbnailUrl\":\"https:\/\/empresas.infoempleo.com\/hrtrends\/media\/2017\/05\/pexels-photo-205508.jpg\",\"datePublished\":\"2010-06-21T07:26:06+00:00\",\"dateModified\":\"2024-08-29T15:41:37+00:00\",\"breadcrumb\":{\"@id\":\"https:\/\/empresas.infoempleo.com\/hrtrends\/liderar-o-trabajar-en-equipo\/#breadcrumb\"},\"inLanguage\":\"es\",\"potentialAction\":[{\"@type\":\"ReadAction\",\"target\":[\"https:\/\/empresas.infoempleo.com\/hrtrends\/liderar-o-trabajar-en-equipo\/\"]}]},{\"@type\":\"ImageObject\",\"inLanguage\":\"es\",\"@id\":\"https:\/\/empresas.infoempleo.com\/hrtrends\/liderar-o-trabajar-en-equipo\/#primaryimage\",\"url\":\"https:\/\/empresas.infoempleo.com\/hrtrends\/media\/2017\/05\/pexels-photo-205508-150x150.jpg\",\"contentUrl\":\"https:\/\/empresas.infoempleo.com\/hrtrends\/media\/2017\/05\/pexels-photo-205508-150x150.jpg\",\"width\":150,\"height\":150},{\"@type\":\"BreadcrumbList\",\"@id\":\"https:\/\/empresas.infoempleo.com\/hrtrends\/liderar-o-trabajar-en-equipo\/#breadcrumb\",\"itemListElement\":[{\"@type\":\"ListItem\",\"position\":1,\"name\":\"Portada\",\"item\":\"https:\/\/empresas.infoempleo.com\/hrtrends\/\"},{\"@type\":\"ListItem\",\"position\":2,\"name\":\"Liderar o trabajar en equipo\"}]},{\"@type\":\"WebSite\",\"@id\":\"https:\/\/empresas.infoempleo.com\/hrtrends\/#website\",\"url\":\"https:\/\/empresas.infoempleo.com\/hrtrends\",\"name\":\"HRTrends by Infoempleo\",\"description\":\"\",\"publisher\":{\"@id\":\"https:\/\/empresas.infoempleo.com\/hrtrends\/#organization\"},\"potentialAction\":{\"@type\":\"SearchAction\",\"target\":\"https:\/\/empresas.infoempleo.com\/hrtrends\/?s={search_term_string}\",\"query-input\":\"required name=search_term_string\"},\"inLanguage\":\"es\"},{\"@type\":\"Organization\",\"@id\":\"https:\/\/empresas.infoempleo.com\/hrtrends\/#organization\",\"name\":\"Infoempleo\",\"url\":\"https:\/\/www.infoempleo.com\/\",\"logo\":{\"@type\":\"ImageObject\",\"@id\":\"https:\/\/empresas.infoempleo.com\/hrtrends\/#logo\",\"inLanguage\":\"es\",\"url\":\"https:\/\/cdnazure.infoempleo.com\/infoempleo\/assets\/style\/gfx\/logo.svg\",\"contentUrl\":\"https:\/\/cdnazure.infoempleo.com\/infoempleo\/assets\/style\/gfx\/logo.svg\",\"width\":150,\"height\":40,\"caption\":\"Infoempleo\"},\"image\":{\"@id\":\"https:\/\/empresas.infoempleo.com\/hrtrends\/#logo\"},\"sameAs\":[\"https:\/\/www.facebook.com\/Infoempleo\",\"https:\/\/x.com\/infoempleo\",\"http:\/\/instagram.com\/infoempleo\/\",\"http:\/\/www.linkedin.com\/groups\/Empleo-Espa\u00f1a-Infoempleocom-111276\",\"http:\/\/pinterest.com\/infoempleo\/\"],\"address\":{\"@type\":\"PostalAddress\",\"addressLocality\":\"Madrid\",\"postalCode\":\"28050\",\"streetAddress\":\"Avenida de Burgos 114\"},\"brand\":[\"Infoempleo\"]},{\"@type\":\"Person\",\"@id\":\"https:\/\/empresas.infoempleo.com\/hrtrends\/#\/schema\/person\/67d3e276ffcc8b3ae0ebec816daf775a\",\"name\":\"infoempleo\",\"image\":{\"@type\":\"ImageObject\",\"inLanguage\":\"es\",\"@id\":\"https:\/\/empresas.infoempleo.com\/hrtrends\/#\/schema\/person\/image\/\",\"url\":\"https:\/\/secure.gravatar.com\/avatar\/7b437777242fe67d2473c2a818da2344692d1ee91e91080ccffbd97bcd4a0975?s=96&d=mm&r=g\",\"contentUrl\":\"https:\/\/secure.gravatar.com\/avatar\/7b437777242fe67d2473c2a818da2344692d1ee91e91080ccffbd97bcd4a0975?s=96&d=mm&r=g\",\"caption\":\"infoempleo\"},\"url\":\"https:\/\/empresas.infoempleo.com\/hrtrends\/author\/infoempleo\/\"}]}<\/script>\n<!-- \/ Yoast SEO plugin. -->","yoast_head_json":{"title":"Liderar o trabajar en equipo | HRTRENDS","robots":{"index":"index","follow":"follow","max-snippet":"max-snippet:-1","max-image-preview":"max-image-preview:large","max-video-preview":"max-video-preview:-1"},"canonical":"https:\/\/empresas.infoempleo.com\/hrtrends\/liderar-o-trabajar-en-equipo\/","og_locale":"es_ES","og_type":"article","og_title":"Liderar o trabajar en equipo | HRTRENDS","og_description":"\u00a0 Por Xesco Espar, autor de &#8216;Jugar con el coraz\u00f3n&#8217; y conferenciante de Thinking Heads A lo largo Leer m\u00e1s","og_url":"https:\/\/empresas.infoempleo.com\/hrtrends\/liderar-o-trabajar-en-equipo\/","og_site_name":"HRTRENDS","article_publisher":"https:\/\/www.facebook.com\/Infoempleo","article_published_time":"2010-06-21T07:26:06+00:00","article_modified_time":"2024-08-29T15:41:37+00:00","author":"infoempleo","twitter_card":"summary_large_image","twitter_creator":"@infoempleo","twitter_site":"@infoempleo","twitter_misc":{"Escrito por":"infoempleo","Tiempo de lectura":"3 minutos"},"schema":{"@context":"https:\/\/schema.org","@graph":[{"@type":"NewsArticle","@id":"https:\/\/empresas.infoempleo.com\/hrtrends\/liderar-o-trabajar-en-equipo\/#article","isPartOf":{"@id":"https:\/\/empresas.infoempleo.com\/hrtrends\/liderar-o-trabajar-en-equipo\/"},"author":{"name":"infoempleo","@id":"https:\/\/empresas.infoempleo.com\/hrtrends\/#\/schema\/person\/67d3e276ffcc8b3ae0ebec816daf775a"},"headline":"Liderar o trabajar en equipo","datePublished":"2010-06-21T07:26:06+00:00","dateModified":"2024-08-29T15:41:37+00:00","mainEntityOfPage":{"@id":"https:\/\/empresas.infoempleo.com\/hrtrends\/liderar-o-trabajar-en-equipo\/"},"wordCount":545,"publisher":{"@id":"https:\/\/empresas.infoempleo.com\/hrtrends\/#organization"},"image":{"@id":"https:\/\/empresas.infoempleo.com\/hrtrends\/liderar-o-trabajar-en-equipo\/#primaryimage"},"thumbnailUrl":"https:\/\/empresas.infoempleo.com\/hrtrends\/media\/2017\/05\/pexels-photo-205508.jpg","keywords":["equipo","liderazgo"],"articleSection":["Actualidad"],"inLanguage":"es","copyrightYear":"2010","copyrightHolder":{"@id":"https:\/\/empresas.infoempleo.com\/hrtrends\/#organization"}},{"@type":"WebPage","@id":"https:\/\/empresas.infoempleo.com\/hrtrends\/liderar-o-trabajar-en-equipo\/","url":"https:\/\/empresas.infoempleo.com\/hrtrends\/liderar-o-trabajar-en-equipo\/","name":"Liderar o trabajar en equipo | HRTRENDS","isPartOf":{"@id":"https:\/\/empresas.infoempleo.com\/hrtrends\/#website"},"primaryImageOfPage":{"@id":"https:\/\/empresas.infoempleo.com\/hrtrends\/liderar-o-trabajar-en-equipo\/#primaryimage"},"image":{"@id":"https:\/\/empresas.infoempleo.com\/hrtrends\/liderar-o-trabajar-en-equipo\/#primaryimage"},"thumbnailUrl":"https:\/\/empresas.infoempleo.com\/hrtrends\/media\/2017\/05\/pexels-photo-205508.jpg","datePublished":"2010-06-21T07:26:06+00:00","dateModified":"2024-08-29T15:41:37+00:00","breadcrumb":{"@id":"https:\/\/empresas.infoempleo.com\/hrtrends\/liderar-o-trabajar-en-equipo\/#breadcrumb"},"inLanguage":"es","potentialAction":[{"@type":"ReadAction","target":["https:\/\/empresas.infoempleo.com\/hrtrends\/liderar-o-trabajar-en-equipo\/"]}]},{"@type":"ImageObject","inLanguage":"es","@id":"https:\/\/empresas.infoempleo.com\/hrtrends\/liderar-o-trabajar-en-equipo\/#primaryimage","url":"https:\/\/empresas.infoempleo.com\/hrtrends\/media\/2017\/05\/pexels-photo-205508-150x150.jpg","contentUrl":"https:\/\/empresas.infoempleo.com\/hrtrends\/media\/2017\/05\/pexels-photo-205508-150x150.jpg","width":150,"height":150},{"@type":"BreadcrumbList","@id":"https:\/\/empresas.infoempleo.com\/hrtrends\/liderar-o-trabajar-en-equipo\/#breadcrumb","itemListElement":[{"@type":"ListItem","position":1,"name":"Portada","item":"https:\/\/empresas.infoempleo.com\/hrtrends\/"},{"@type":"ListItem","position":2,"name":"Liderar o trabajar en equipo"}]},{"@type":"WebSite","@id":"https:\/\/empresas.infoempleo.com\/hrtrends\/#website","url":"https:\/\/empresas.infoempleo.com\/hrtrends","name":"HRTrends by Infoempleo","description":"","publisher":{"@id":"https:\/\/empresas.infoempleo.com\/hrtrends\/#organization"},"potentialAction":{"@type":"SearchAction","target":"https:\/\/empresas.infoempleo.com\/hrtrends\/?s={search_term_string}","query-input":"required name=search_term_string"},"inLanguage":"es"},{"@type":"Organization","@id":"https:\/\/empresas.infoempleo.com\/hrtrends\/#organization","name":"Infoempleo","url":"https:\/\/www.infoempleo.com\/","logo":{"@type":"ImageObject","@id":"https:\/\/empresas.infoempleo.com\/hrtrends\/#logo","inLanguage":"es","url":"https:\/\/cdnazure.infoempleo.com\/infoempleo\/assets\/style\/gfx\/logo.svg","contentUrl":"https:\/\/cdnazure.infoempleo.com\/infoempleo\/assets\/style\/gfx\/logo.svg","width":150,"height":40,"caption":"Infoempleo"},"image":{"@id":"https:\/\/empresas.infoempleo.com\/hrtrends\/#logo"},"sameAs":["https:\/\/www.facebook.com\/Infoempleo","https:\/\/x.com\/infoempleo","http:\/\/instagram.com\/infoempleo\/","http:\/\/www.linkedin.com\/groups\/Empleo-Espa\u00f1a-Infoempleocom-111276","http:\/\/pinterest.com\/infoempleo\/"],"address":{"@type":"PostalAddress","addressLocality":"Madrid","postalCode":"28050","streetAddress":"Avenida de Burgos 114"},"brand":["Infoempleo"]},{"@type":"Person","@id":"https:\/\/empresas.infoempleo.com\/hrtrends\/#\/schema\/person\/67d3e276ffcc8b3ae0ebec816daf775a","name":"infoempleo","image":{"@type":"ImageObject","inLanguage":"es","@id":"https:\/\/empresas.infoempleo.com\/hrtrends\/#\/schema\/person\/image\/","url":"https:\/\/secure.gravatar.com\/avatar\/7b437777242fe67d2473c2a818da2344692d1ee91e91080ccffbd97bcd4a0975?s=96&d=mm&r=g","contentUrl":"https:\/\/secure.gravatar.com\/avatar\/7b437777242fe67d2473c2a818da2344692d1ee91e91080ccffbd97bcd4a0975?s=96&d=mm&r=g","caption":"infoempleo"},"url":"https:\/\/empresas.infoempleo.com\/hrtrends\/author\/infoempleo\/"}]}},"amp_enabled":true,"_links":{"self":[{"href":"https:\/\/empresas.infoempleo.com\/hrtrends\/wp-json\/wp\/v2\/posts\/9958","targetHints":{"allow":["GET"]}}],"collection":[{"href":"https:\/\/empresas.infoempleo.com\/hrtrends\/wp-json\/wp\/v2\/posts"}],"about":[{"href":"https:\/\/empresas.infoempleo.com\/hrtrends\/wp-json\/wp\/v2\/types\/post"}],"author":[{"embeddable":true,"href":"https:\/\/empresas.infoempleo.com\/hrtrends\/wp-json\/wp\/v2\/users\/72"}],"replies":[{"embeddable":true,"href":"https:\/\/empresas.infoempleo.com\/hrtrends\/wp-json\/wp\/v2\/comments?post=9958"}],"version-history":[{"count":1,"href":"https:\/\/empresas.infoempleo.com\/hrtrends\/wp-json\/wp\/v2\/posts\/9958\/revisions"}],"predecessor-version":[{"id":44842,"href":"https:\/\/empresas.infoempleo.com\/hrtrends\/wp-json\/wp\/v2\/posts\/9958\/revisions\/44842"}],"wp:featuredmedia":[{"embeddable":true,"href":"https:\/\/empresas.infoempleo.com\/hrtrends\/wp-json\/wp\/v2\/media\/29665"}],"wp:attachment":[{"href":"https:\/\/empresas.infoempleo.com\/hrtrends\/wp-json\/wp\/v2\/media?parent=9958"}],"wp:term":[{"taxonomy":"category","embeddable":true,"href":"https:\/\/empresas.infoempleo.com\/hrtrends\/wp-json\/wp\/v2\/categories?post=9958"},{"taxonomy":"post_tag","embeddable":true,"href":"https:\/\/empresas.infoempleo.com\/hrtrends\/wp-json\/wp\/v2\/tags?post=9958"}],"curies":[{"name":"wp","href":"https:\/\/api.w.org\/{rel}","templated":true}]}}