{"id":9927,"date":"2010-06-21T08:27:40","date_gmt":"2010-06-21T07:27:40","guid":{"rendered":"http:\/\/blog.infoempleo.com\/?p=9927"},"modified":"2018-05-23T17:40:51","modified_gmt":"2018-05-23T15:40:51","slug":"y-tambien-dijeron-4","status":"publish","type":"post","link":"https:\/\/empresas.infoempleo.com\/hrtrends\/y-tambien-dijeron-4\/","title":{"rendered":"Y tambi\u00e9n dijeron&#8230;"},"content":{"rendered":"<p><strong><img loading=\"lazy\" decoding=\"async\" class=\"alignleft size-full wp-image-9931\" src=\"https:\/\/empresas.infoempleo.com\/hrtrends\/media\/2010\/06\/UOC1.jpg\" alt=\"UOC\" width=\"112\" height=\"137\" \/><\/strong><\/p>\n<p><strong>Ram\u00f3n Gonz\u00e1lez Cambray<\/strong>, director del \u00e1rea Global Executive Education de la Universitat Oberta de Catalunya<\/p>\n<p>\u00abEl 80% de nuestros estudiantes ya tiene una carrera, el 90% trabaja y el 40% tiene hijos. La formaci\u00f3n a lo largo de la vida mejora el encaje del t\u00edtulo en la empresa y ya ha llegado\u00bb.<\/p>\n<p>\u00a0<\/p>\n<p><strong>\u00a0<\/strong><strong><img loading=\"lazy\" decoding=\"async\" class=\"alignleft size-full wp-image-9936\" src=\"https:\/\/empresas.infoempleo.com\/hrtrends\/media\/2010\/06\/UEM11.jpg\" alt=\"UEM\" width=\"112\" height=\"137\" \/><\/strong><strong>\u00a0<\/strong><\/p>\n<p><strong>Marta Arroyo<\/strong>, vicerrectora de Estudiantes de la Universidad Europea de Madrid<\/p>\n<p>\u00abTenemos pendiente una labor de comunicaci\u00f3n importante, porque la sociedad no sabe qu\u00e9 es Bolonia. Se han dicho barbaridades, cuando los estudiantes son el centro mismo de Bolonia\u00bb.<\/p>\n<p>\u00a0<\/p>\n<p>\u00a0<strong><img loading=\"lazy\" decoding=\"async\" class=\"alignleft size-full wp-image-9933\" src=\"https:\/\/empresas.infoempleo.com\/hrtrends\/media\/2010\/06\/UNED1.jpg\" alt=\"UNED\" width=\"112\" height=\"137\" \/><\/strong><\/p>\n<p><strong>\u00c1lvaro Jarillo<\/strong>, vicerrector de Estudiantes y Desarrollo Profesional de la UNED<\/p>\n<p>\u00abA trav\u00e9s de colaboraciones o patrocinios, el EEES es una oportunidad para romper la barrera de cristal que, tradicionalmente, ha separado la universidad y la empresa\u00bb.<\/p>\n<p><strong>\u00a0<\/strong><\/p>\n<p><img loading=\"lazy\" decoding=\"async\" class=\"alignleft size-full wp-image-9934\" src=\"https:\/\/empresas.infoempleo.com\/hrtrends\/media\/2010\/06\/UPV1.jpg\" alt=\"UPV\" width=\"112\" height=\"137\" \/><\/p>\n<p><strong>Miguel \u00c1ngel Fern\u00e1ndez Prada<\/strong>, vicerrector de Estudios y Convergencia Europea de la Universidad Polit\u00e9cnica de Valencia<\/p>\n<p>\u00abLa base est\u00e1 formada por los grados, pocos y generalistas, a los que se a\u00f1ade una gran oferta de m\u00e1steres especializados. Y, a partir de ah\u00ed, la formaci\u00f3n continua\u00bb.<\/p>\n<p>\u00a0<\/p>\n<p><strong><img loading=\"lazy\" decoding=\"async\" class=\"alignleft size-full wp-image-9935\" src=\"https:\/\/empresas.infoempleo.com\/hrtrends\/media\/2010\/06\/IEUniversity1.jpg\" alt=\"IEUniversity\" width=\"112\" height=\"137\" \/><\/strong><\/p>\n<p><strong>Miguel Larra\u00f1aga<\/strong>, vicerrector de Relaciones Institucionales de IE University<\/p>\n<p>\u00abNo tenemos ninguna universidad entre las cien mejores del mundo. Pensemos que si lo mismo nos sucediera con el f\u00fatbol, lo tomar\u00edamos como una cat\u00e1strofe nacional\u00bb.<\/p>\n","protected":false},"excerpt":{"rendered":"<p>Ram\u00f3n Gonz\u00e1lez Cambray, director del \u00e1rea Global Executive Education de la Universitat Oberta de Catalunya \u00abEl 80% de<a class=\"moretag\" href=\"https:\/\/empresas.infoempleo.com\/hrtrends\/y-tambien-dijeron-4\/\"> Leer m\u00e1s<\/a><\/p>\n","protected":false},"author":34,"featured_media":29665,"comment_status":"closed","ping_status":"open","sticky":false,"template":"","format":"standard","meta":{"footnotes":""},"categories":[3],"tags":[1992,1996,1997,1998,1999,2000,2001,2002,2003,2004],"class_list":["post-9927","post","type-post","status-publish","format-standard","has-post-thumbnail","hentry","category-actualidad","tag-alvaro-jarillo","tag-ie-university","tag-marta-arroyo","tag-miguel-angel-fernandez-prada","tag-miguel-larranaga","tag-ramon-gonzalez-cambray","tag-uem","tag-uned","tag-uoc","tag-upv"],"yoast_head":"<!-- This site is optimized with the Yoast SEO plugin v26.1.1 - https:\/\/yoast.com\/wordpress\/plugins\/seo\/ -->\n<title>Y tambi\u00e9n dijeron... | HRTRENDS<\/title>\n<meta name=\"robots\" content=\"index, follow, max-snippet:-1, max-image-preview:large, max-video-preview:-1\" \/>\n<link rel=\"canonical\" href=\"https:\/\/empresas.infoempleo.com\/hrtrends\/y-tambien-dijeron-4\/\" \/>\n<meta property=\"og:locale\" content=\"es_ES\" \/>\n<meta property=\"og:type\" content=\"article\" \/>\n<meta property=\"og:title\" content=\"Y tambi\u00e9n dijeron... | HRTRENDS\" \/>\n<meta property=\"og:description\" content=\"Ram\u00f3n Gonz\u00e1lez Cambray, director del \u00e1rea Global Executive Education de la Universitat Oberta de Catalunya \u00abEl 80% de Leer m\u00e1s\" \/>\n<meta property=\"og:url\" content=\"https:\/\/empresas.infoempleo.com\/hrtrends\/y-tambien-dijeron-4\/\" \/>\n<meta property=\"og:site_name\" content=\"HRTRENDS\" \/>\n<meta property=\"article:publisher\" content=\"https:\/\/www.facebook.com\/Infoempleo\" \/>\n<meta property=\"article:published_time\" content=\"2010-06-21T07:27:40+00:00\" \/>\n<meta property=\"article:modified_time\" content=\"2018-05-23T15:40:51+00:00\" \/>\n<meta property=\"og:image\" content=\"https:\/\/empresas.infoempleo.com\/hrtrends\/media\/2017\/05\/pexels-photo-205508.jpg\" \/>\n\t<meta property=\"og:image:width\" content=\"1280\" \/>\n\t<meta property=\"og:image:height\" content=\"960\" \/>\n\t<meta property=\"og:image:type\" content=\"image\/jpeg\" \/>\n<meta name=\"author\" content=\"Rosario Sep\u00falveda\" \/>\n<meta name=\"twitter:card\" content=\"summary_large_image\" \/>\n<meta name=\"twitter:creator\" content=\"@infoempleo\" \/>\n<meta name=\"twitter:site\" content=\"@infoempleo\" \/>\n<meta name=\"twitter:label1\" content=\"Escrito por\" \/>\n\t<meta name=\"twitter:data1\" content=\"Rosario Sep\u00falveda\" \/>\n\t<meta name=\"twitter:label2\" content=\"Tiempo de lectura\" \/>\n\t<meta name=\"twitter:data2\" content=\"1 minuto\" \/>\n<script type=\"application\/ld+json\" class=\"yoast-schema-graph\">{\"@context\":\"https:\/\/schema.org\",\"@graph\":[{\"@type\":\"NewsArticle\",\"@id\":\"https:\/\/empresas.infoempleo.com\/hrtrends\/y-tambien-dijeron-4\/#article\",\"isPartOf\":{\"@id\":\"https:\/\/empresas.infoempleo.com\/hrtrends\/y-tambien-dijeron-4\/\"},\"author\":{\"name\":\"Rosario Sep\u00falveda\",\"@id\":\"https:\/\/empresas.infoempleo.com\/hrtrends\/#\/schema\/person\/2a45835f1492cbc7fbce11ad398707a8\"},\"headline\":\"Y tambi\u00e9n dijeron&#8230;\",\"datePublished\":\"2010-06-21T07:27:40+00:00\",\"dateModified\":\"2018-05-23T15:40:51+00:00\",\"mainEntityOfPage\":{\"@id\":\"https:\/\/empresas.infoempleo.com\/hrtrends\/y-tambien-dijeron-4\/\"},\"wordCount\":224,\"publisher\":{\"@id\":\"https:\/\/empresas.infoempleo.com\/hrtrends\/#organization\"},\"image\":{\"@id\":\"https:\/\/empresas.infoempleo.com\/hrtrends\/y-tambien-dijeron-4\/#primaryimage\"},\"thumbnailUrl\":\"https:\/\/empresas.infoempleo.com\/hrtrends\/media\/2017\/05\/pexels-photo-205508.jpg\",\"keywords\":[\"\u00c1lvaro Jarillo\",\"IE University\",\"Marta Arroyo\",\"Miguel \u00c1ngel Fern\u00e1ndez Prada\",\"Miguel Larra\u00f1aga\",\"Ram\u00f3n Gonz\u00e1lez Cambray\",\"UEM\",\"uned\",\"UOC\",\"UPV\"],\"articleSection\":[\"Actualidad\"],\"inLanguage\":\"es\",\"copyrightYear\":\"2010\",\"copyrightHolder\":{\"@id\":\"https:\/\/empresas.infoempleo.com\/hrtrends\/#organization\"}},{\"@type\":\"WebPage\",\"@id\":\"https:\/\/empresas.infoempleo.com\/hrtrends\/y-tambien-dijeron-4\/\",\"url\":\"https:\/\/empresas.infoempleo.com\/hrtrends\/y-tambien-dijeron-4\/\",\"name\":\"Y tambi\u00e9n dijeron... | HRTRENDS\",\"isPartOf\":{\"@id\":\"https:\/\/empresas.infoempleo.com\/hrtrends\/#website\"},\"primaryImageOfPage\":{\"@id\":\"https:\/\/empresas.infoempleo.com\/hrtrends\/y-tambien-dijeron-4\/#primaryimage\"},\"image\":{\"@id\":\"https:\/\/empresas.infoempleo.com\/hrtrends\/y-tambien-dijeron-4\/#primaryimage\"},\"thumbnailUrl\":\"https:\/\/empresas.infoempleo.com\/hrtrends\/media\/2017\/05\/pexels-photo-205508.jpg\",\"datePublished\":\"2010-06-21T07:27:40+00:00\",\"dateModified\":\"2018-05-23T15:40:51+00:00\",\"breadcrumb\":{\"@id\":\"https:\/\/empresas.infoempleo.com\/hrtrends\/y-tambien-dijeron-4\/#breadcrumb\"},\"inLanguage\":\"es\",\"potentialAction\":[{\"@type\":\"ReadAction\",\"target\":[\"https:\/\/empresas.infoempleo.com\/hrtrends\/y-tambien-dijeron-4\/\"]}]},{\"@type\":\"ImageObject\",\"inLanguage\":\"es\",\"@id\":\"https:\/\/empresas.infoempleo.com\/hrtrends\/y-tambien-dijeron-4\/#primaryimage\",\"url\":\"https:\/\/empresas.infoempleo.com\/hrtrends\/media\/2017\/05\/pexels-photo-205508-150x150.jpg\",\"contentUrl\":\"https:\/\/empresas.infoempleo.com\/hrtrends\/media\/2017\/05\/pexels-photo-205508-150x150.jpg\",\"width\":150,\"height\":150},{\"@type\":\"BreadcrumbList\",\"@id\":\"https:\/\/empresas.infoempleo.com\/hrtrends\/y-tambien-dijeron-4\/#breadcrumb\",\"itemListElement\":[{\"@type\":\"ListItem\",\"position\":1,\"name\":\"Portada\",\"item\":\"https:\/\/empresas.infoempleo.com\/hrtrends\/\"},{\"@type\":\"ListItem\",\"position\":2,\"name\":\"Y tambi\u00e9n dijeron&#8230;\"}]},{\"@type\":\"WebSite\",\"@id\":\"https:\/\/empresas.infoempleo.com\/hrtrends\/#website\",\"url\":\"https:\/\/empresas.infoempleo.com\/hrtrends\",\"name\":\"HRTrends by Infoempleo\",\"description\":\"\",\"publisher\":{\"@id\":\"https:\/\/empresas.infoempleo.com\/hrtrends\/#organization\"},\"potentialAction\":{\"@type\":\"SearchAction\",\"target\":\"https:\/\/empresas.infoempleo.com\/hrtrends\/?s={search_term_string}\",\"query-input\":\"required name=search_term_string\"},\"inLanguage\":\"es\"},{\"@type\":\"Organization\",\"@id\":\"https:\/\/empresas.infoempleo.com\/hrtrends\/#organization\",\"name\":\"Infoempleo\",\"url\":\"https:\/\/www.infoempleo.com\/\",\"logo\":{\"@type\":\"ImageObject\",\"@id\":\"https:\/\/empresas.infoempleo.com\/hrtrends\/#logo\",\"inLanguage\":\"es\",\"url\":\"https:\/\/cdnazure.infoempleo.com\/infoempleo\/assets\/style\/gfx\/logo.svg\",\"contentUrl\":\"https:\/\/cdnazure.infoempleo.com\/infoempleo\/assets\/style\/gfx\/logo.svg\",\"width\":150,\"height\":40,\"caption\":\"Infoempleo\"},\"image\":{\"@id\":\"https:\/\/empresas.infoempleo.com\/hrtrends\/#logo\"},\"sameAs\":[\"https:\/\/www.facebook.com\/Infoempleo\",\"https:\/\/x.com\/infoempleo\",\"http:\/\/instagram.com\/infoempleo\/\",\"http:\/\/www.linkedin.com\/groups\/Empleo-Espa\u00f1a-Infoempleocom-111276\",\"http:\/\/pinterest.com\/infoempleo\/\"],\"address\":{\"@type\":\"PostalAddress\",\"addressLocality\":\"Madrid\",\"postalCode\":\"28050\",\"streetAddress\":\"Avenida de Burgos 114\"},\"brand\":[\"Infoempleo\"]},{\"@type\":\"Person\",\"@id\":\"https:\/\/empresas.infoempleo.com\/hrtrends\/#\/schema\/person\/2a45835f1492cbc7fbce11ad398707a8\",\"name\":\"Rosario Sep\u00falveda\",\"image\":{\"@type\":\"ImageObject\",\"inLanguage\":\"es\",\"@id\":\"https:\/\/empresas.infoempleo.com\/hrtrends\/#\/schema\/person\/image\/\",\"url\":\"https:\/\/secure.gravatar.com\/avatar\/01b4f37da8fd0cca9ded94ad0ab4a694814c54945a7c84e54495a93ea3a90e3b?s=96&d=mm&r=g\",\"contentUrl\":\"https:\/\/secure.gravatar.com\/avatar\/01b4f37da8fd0cca9ded94ad0ab4a694814c54945a7c84e54495a93ea3a90e3b?s=96&d=mm&r=g\",\"caption\":\"Rosario Sep\u00falveda\"},\"url\":\"https:\/\/empresas.infoempleo.com\/hrtrends\/author\/rosario-sepulveda\/\"}]}<\/script>\n<!-- \/ Yoast SEO plugin. -->","yoast_head_json":{"title":"Y tambi\u00e9n dijeron... | HRTRENDS","robots":{"index":"index","follow":"follow","max-snippet":"max-snippet:-1","max-image-preview":"max-image-preview:large","max-video-preview":"max-video-preview:-1"},"canonical":"https:\/\/empresas.infoempleo.com\/hrtrends\/y-tambien-dijeron-4\/","og_locale":"es_ES","og_type":"article","og_title":"Y tambi\u00e9n dijeron... | HRTRENDS","og_description":"Ram\u00f3n Gonz\u00e1lez Cambray, director del \u00e1rea Global Executive Education de la Universitat Oberta de Catalunya \u00abEl 80% de Leer m\u00e1s","og_url":"https:\/\/empresas.infoempleo.com\/hrtrends\/y-tambien-dijeron-4\/","og_site_name":"HRTRENDS","article_publisher":"https:\/\/www.facebook.com\/Infoempleo","article_published_time":"2010-06-21T07:27:40+00:00","article_modified_time":"2018-05-23T15:40:51+00:00","og_image":[{"width":1280,"height":960,"url":"https:\/\/empresas.infoempleo.com\/hrtrends\/media\/2017\/05\/pexels-photo-205508.jpg","type":"image\/jpeg"}],"author":"Rosario Sep\u00falveda","twitter_card":"summary_large_image","twitter_creator":"@infoempleo","twitter_site":"@infoempleo","twitter_misc":{"Escrito por":"Rosario Sep\u00falveda","Tiempo de lectura":"1 minuto"},"schema":{"@context":"https:\/\/schema.org","@graph":[{"@type":"NewsArticle","@id":"https:\/\/empresas.infoempleo.com\/hrtrends\/y-tambien-dijeron-4\/#article","isPartOf":{"@id":"https:\/\/empresas.infoempleo.com\/hrtrends\/y-tambien-dijeron-4\/"},"author":{"name":"Rosario Sep\u00falveda","@id":"https:\/\/empresas.infoempleo.com\/hrtrends\/#\/schema\/person\/2a45835f1492cbc7fbce11ad398707a8"},"headline":"Y tambi\u00e9n dijeron&#8230;","datePublished":"2010-06-21T07:27:40+00:00","dateModified":"2018-05-23T15:40:51+00:00","mainEntityOfPage":{"@id":"https:\/\/empresas.infoempleo.com\/hrtrends\/y-tambien-dijeron-4\/"},"wordCount":224,"publisher":{"@id":"https:\/\/empresas.infoempleo.com\/hrtrends\/#organization"},"image":{"@id":"https:\/\/empresas.infoempleo.com\/hrtrends\/y-tambien-dijeron-4\/#primaryimage"},"thumbnailUrl":"https:\/\/empresas.infoempleo.com\/hrtrends\/media\/2017\/05\/pexels-photo-205508.jpg","keywords":["\u00c1lvaro Jarillo","IE University","Marta Arroyo","Miguel \u00c1ngel Fern\u00e1ndez Prada","Miguel Larra\u00f1aga","Ram\u00f3n Gonz\u00e1lez Cambray","UEM","uned","UOC","UPV"],"articleSection":["Actualidad"],"inLanguage":"es","copyrightYear":"2010","copyrightHolder":{"@id":"https:\/\/empresas.infoempleo.com\/hrtrends\/#organization"}},{"@type":"WebPage","@id":"https:\/\/empresas.infoempleo.com\/hrtrends\/y-tambien-dijeron-4\/","url":"https:\/\/empresas.infoempleo.com\/hrtrends\/y-tambien-dijeron-4\/","name":"Y tambi\u00e9n dijeron... | HRTRENDS","isPartOf":{"@id":"https:\/\/empresas.infoempleo.com\/hrtrends\/#website"},"primaryImageOfPage":{"@id":"https:\/\/empresas.infoempleo.com\/hrtrends\/y-tambien-dijeron-4\/#primaryimage"},"image":{"@id":"https:\/\/empresas.infoempleo.com\/hrtrends\/y-tambien-dijeron-4\/#primaryimage"},"thumbnailUrl":"https:\/\/empresas.infoempleo.com\/hrtrends\/media\/2017\/05\/pexels-photo-205508.jpg","datePublished":"2010-06-21T07:27:40+00:00","dateModified":"2018-05-23T15:40:51+00:00","breadcrumb":{"@id":"https:\/\/empresas.infoempleo.com\/hrtrends\/y-tambien-dijeron-4\/#breadcrumb"},"inLanguage":"es","potentialAction":[{"@type":"ReadAction","target":["https:\/\/empresas.infoempleo.com\/hrtrends\/y-tambien-dijeron-4\/"]}]},{"@type":"ImageObject","inLanguage":"es","@id":"https:\/\/empresas.infoempleo.com\/hrtrends\/y-tambien-dijeron-4\/#primaryimage","url":"https:\/\/empresas.infoempleo.com\/hrtrends\/media\/2017\/05\/pexels-photo-205508-150x150.jpg","contentUrl":"https:\/\/empresas.infoempleo.com\/hrtrends\/media\/2017\/05\/pexels-photo-205508-150x150.jpg","width":150,"height":150},{"@type":"BreadcrumbList","@id":"https:\/\/empresas.infoempleo.com\/hrtrends\/y-tambien-dijeron-4\/#breadcrumb","itemListElement":[{"@type":"ListItem","position":1,"name":"Portada","item":"https:\/\/empresas.infoempleo.com\/hrtrends\/"},{"@type":"ListItem","position":2,"name":"Y tambi\u00e9n dijeron&#8230;"}]},{"@type":"WebSite","@id":"https:\/\/empresas.infoempleo.com\/hrtrends\/#website","url":"https:\/\/empresas.infoempleo.com\/hrtrends","name":"HRTrends by Infoempleo","description":"","publisher":{"@id":"https:\/\/empresas.infoempleo.com\/hrtrends\/#organization"},"potentialAction":{"@type":"SearchAction","target":"https:\/\/empresas.infoempleo.com\/hrtrends\/?s={search_term_string}","query-input":"required name=search_term_string"},"inLanguage":"es"},{"@type":"Organization","@id":"https:\/\/empresas.infoempleo.com\/hrtrends\/#organization","name":"Infoempleo","url":"https:\/\/www.infoempleo.com\/","logo":{"@type":"ImageObject","@id":"https:\/\/empresas.infoempleo.com\/hrtrends\/#logo","inLanguage":"es","url":"https:\/\/cdnazure.infoempleo.com\/infoempleo\/assets\/style\/gfx\/logo.svg","contentUrl":"https:\/\/cdnazure.infoempleo.com\/infoempleo\/assets\/style\/gfx\/logo.svg","width":150,"height":40,"caption":"Infoempleo"},"image":{"@id":"https:\/\/empresas.infoempleo.com\/hrtrends\/#logo"},"sameAs":["https:\/\/www.facebook.com\/Infoempleo","https:\/\/x.com\/infoempleo","http:\/\/instagram.com\/infoempleo\/","http:\/\/www.linkedin.com\/groups\/Empleo-Espa\u00f1a-Infoempleocom-111276","http:\/\/pinterest.com\/infoempleo\/"],"address":{"@type":"PostalAddress","addressLocality":"Madrid","postalCode":"28050","streetAddress":"Avenida de Burgos 114"},"brand":["Infoempleo"]},{"@type":"Person","@id":"https:\/\/empresas.infoempleo.com\/hrtrends\/#\/schema\/person\/2a45835f1492cbc7fbce11ad398707a8","name":"Rosario Sep\u00falveda","image":{"@type":"ImageObject","inLanguage":"es","@id":"https:\/\/empresas.infoempleo.com\/hrtrends\/#\/schema\/person\/image\/","url":"https:\/\/secure.gravatar.com\/avatar\/01b4f37da8fd0cca9ded94ad0ab4a694814c54945a7c84e54495a93ea3a90e3b?s=96&d=mm&r=g","contentUrl":"https:\/\/secure.gravatar.com\/avatar\/01b4f37da8fd0cca9ded94ad0ab4a694814c54945a7c84e54495a93ea3a90e3b?s=96&d=mm&r=g","caption":"Rosario Sep\u00falveda"},"url":"https:\/\/empresas.infoempleo.com\/hrtrends\/author\/rosario-sepulveda\/"}]}},"amp_enabled":true,"_links":{"self":[{"href":"https:\/\/empresas.infoempleo.com\/hrtrends\/wp-json\/wp\/v2\/posts\/9927","targetHints":{"allow":["GET"]}}],"collection":[{"href":"https:\/\/empresas.infoempleo.com\/hrtrends\/wp-json\/wp\/v2\/posts"}],"about":[{"href":"https:\/\/empresas.infoempleo.com\/hrtrends\/wp-json\/wp\/v2\/types\/post"}],"author":[{"embeddable":true,"href":"https:\/\/empresas.infoempleo.com\/hrtrends\/wp-json\/wp\/v2\/users\/34"}],"replies":[{"embeddable":true,"href":"https:\/\/empresas.infoempleo.com\/hrtrends\/wp-json\/wp\/v2\/comments?post=9927"}],"version-history":[{"count":0,"href":"https:\/\/empresas.infoempleo.com\/hrtrends\/wp-json\/wp\/v2\/posts\/9927\/revisions"}],"wp:featuredmedia":[{"embeddable":true,"href":"https:\/\/empresas.infoempleo.com\/hrtrends\/wp-json\/wp\/v2\/media\/29665"}],"wp:attachment":[{"href":"https:\/\/empresas.infoempleo.com\/hrtrends\/wp-json\/wp\/v2\/media?parent=9927"}],"wp:term":[{"taxonomy":"category","embeddable":true,"href":"https:\/\/empresas.infoempleo.com\/hrtrends\/wp-json\/wp\/v2\/categories?post=9927"},{"taxonomy":"post_tag","embeddable":true,"href":"https:\/\/empresas.infoempleo.com\/hrtrends\/wp-json\/wp\/v2\/tags?post=9927"}],"curies":[{"name":"wp","href":"https:\/\/api.w.org\/{rel}","templated":true}]}}