{"id":986,"date":"2009-05-26T12:42:27","date_gmt":"2009-05-26T11:42:27","guid":{"rendered":"http:\/\/blog.infoempleo.com\/?p=986"},"modified":"2023-03-13T19:29:09","modified_gmt":"2023-03-13T17:29:09","slug":"el-nuevo-perfil-del-desempleado","status":"publish","type":"post","link":"https:\/\/empresas.infoempleo.com\/hrtrends\/el-nuevo-perfil-del-desempleado\/","title":{"rendered":"El nuevo perfil del desempleado"},"content":{"rendered":"<p style=\"text-align: center\">\u00a0<\/p>\n<p>\u00a0<\/p>\n<p>\u00abLas empresas tienen a la CEOE; los empleados, a los sindicatos, pero&#8230; \u00bfQu\u00e9 tienen los parados?\u00bb, pregunta Antonio Olivi\u00e9, redactor jefe de <a class=\"wp-caption-dd\" title=\"Enlace a Qu\u00e9!\" href=\"https:\/\/www.que.es\/\" target=\"_blank\" rel=\"noopener\">Qu\u00e9!<\/a> quien, desde hace tres meses, da la misma respuesta: \u00abA Los parados se mueven\u00bb. \u00a0Este es el nombre de la plataforma, promovida por el peri\u00f3dico de Vocento y patrocinada por <a title=\"Infoempleo.com\" href=\"https:\/\/www.infoempleo.com\/\" target=\"_blank\" rel=\"noopener\">Infoempleo.com<\/a>, que tiene como fin dar voz a los desempleados espa\u00f1oles para hacer valer sus derechos y proporcionarles toda la informaci\u00f3n y herramientas disponibles en el mercado en su camino hacia un puesto de trabajo. \u00a0<\/p>\n<p>Desde su creaci\u00f3n, muchas han sido las iniciativas que este proyecto ha puesto en marcha. La \u00faltima, \u00abEl primer encuentro emprendedores y parados\u00bb, que \u00a0reuni\u00f3 el pasado 20 de mayo a m\u00e1s de 100 personas y que dio forma a la futura Plataforma Nacional de Desempleados. Este foro defender\u00e1 los intereses de los trabajadores poniendo en contacto empresas y desempleados y esgrimiendo, sin prisa pero sin pausa, las principales conclusiones de esta reuni\u00f3n sin precedentes: la creaci\u00f3n de empresas de inserci\u00f3n laboral sin \u00e1nimo de lucro, la mejora en la accesibilidad a cr\u00e9ditos de bancos y caja de ahorros, un mayor inter\u00e9s de organismos oficiales ante los problemas individuales de este colectivo y una reforma laboral profunda que venga acompa\u00f1ada de una reducci\u00f3n de impuestos que facilite el emprendimiento.<\/p>\n<p><strong>Los parados se mueven<\/strong><\/p>\n<p>M\u00e1s de veinte asociaciones de desempleados de toda Espa\u00f1a forman parte de este proyecto de Qu\u00e9! que tiene su origen e inspiraci\u00f3n en una de ellas, la de Pinto, en Madrid. \u00abPedro Arcos, su presidente -comenta Olivi\u00e9- ha desarrollado una estrategia de inserci\u00f3n que ha permitido encontrar trabajo a m\u00e1s de 150 personas y que incluso ha sido solicitada por el INEM debido a su \u00e9xito\u00bb. Y no es nada nuevo, el redactor jefe de Qu\u00e9! destaca la labor social de este tipo de agrupaciones en toda Espa\u00f1a que, con su esfuerzo, est\u00e1n desarrollando m\u00faltiples acciones encaminadas, no s\u00f3lo a promover el contacto entre ambos actores del mercado laboral, sino, adem\u00e1s, a\u00a0facilitar la concesi\u00f3n de ayudas y, c\u00f3mo no, \u00aba acabar con la imagen del parado que se limita hacer cola en el INEM y est\u00e1 esperando que el trabajo venga a buscarle a casa\u00bb. Un perfil m\u00e1s que necesario para la empresa espa\u00f1ola y que todos los implicados en el\u00a0\u00abLos parados se mueven\u00bb\u00a0quieren hacer valer. Porque, \u00abque haya menos empleo no quiere decir que se haya dejado de demandar. Esta iniciativa es fundamental para aquellas compa\u00f1\u00edas que quieren entrar en contacto con personas activas e implicadas en proyectos tan innovadores\u00a0como \u00e9ste\u00bb, concluye el redactor jefe de Qu\u00e9!<\/p>\n","protected":false},"excerpt":{"rendered":"<p>El proyecto \u00abLos parados se mueven\u00bb promovido por el period\u00edco Qu\u00e9! y patrocionado por Infoempleo.com, organiz\u00f3, el pasado 20 de mayo, el primer \u00abEncuentro de Emprendedores y Parados\u00bb, semilla de la futura Asociaci\u00f3n Nacional de Desempleados.<\/p>\n","protected":false},"author":35,"featured_media":29665,"comment_status":"closed","ping_status":"open","sticky":false,"template":"","format":"standard","meta":{"footnotes":""},"categories":[3],"tags":[146,147,148,149,150,151,152,153,155],"class_list":["post-986","post","type-post","status-publish","format-standard","has-post-thumbnail","hentry","category-actualidad","tag-antonio-olivie","tag-asociacion","tag-ayudas","tag-desempleados","tag-inem","tag-los-parados-se-mueven","tag-parados","tag-pinto","tag-que"],"yoast_head":"<!-- This site is optimized with the Yoast SEO plugin v26.1.1 - https:\/\/yoast.com\/wordpress\/plugins\/seo\/ -->\n<title>El nuevo perfil del desempleado | HRTRENDS<\/title>\n<meta name=\"robots\" content=\"index, follow, max-snippet:-1, max-image-preview:large, max-video-preview:-1\" \/>\n<link rel=\"canonical\" href=\"https:\/\/empresas.infoempleo.com\/hrtrends\/el-nuevo-perfil-del-desempleado\/\" \/>\n<meta property=\"og:locale\" content=\"es_ES\" \/>\n<meta property=\"og:type\" content=\"article\" \/>\n<meta property=\"og:title\" content=\"El nuevo perfil del desempleado | HRTRENDS\" \/>\n<meta property=\"og:description\" content=\"El proyecto &quot;Los parados se mueven&quot; promovido por el period\u00edco Qu\u00e9! y patrocionado por Infoempleo.com, organiz\u00f3, el pasado 20 de mayo, el primer &quot;Encuentro de Emprendedores y Parados&quot;, semilla de la futura Asociaci\u00f3n Nacional de Desempleados.\" \/>\n<meta property=\"og:url\" content=\"https:\/\/empresas.infoempleo.com\/hrtrends\/el-nuevo-perfil-del-desempleado\/\" \/>\n<meta property=\"og:site_name\" content=\"HRTRENDS\" \/>\n<meta property=\"article:publisher\" content=\"https:\/\/www.facebook.com\/Infoempleo\" \/>\n<meta property=\"article:published_time\" content=\"2009-05-26T11:42:27+00:00\" \/>\n<meta property=\"article:modified_time\" content=\"2023-03-13T17:29:09+00:00\" \/>\n<meta property=\"og:image\" content=\"https:\/\/empresas.infoempleo.com\/hrtrends\/media\/2017\/05\/pexels-photo-205508.jpg\" \/>\n\t<meta property=\"og:image:width\" content=\"1280\" \/>\n\t<meta property=\"og:image:height\" content=\"960\" \/>\n\t<meta property=\"og:image:type\" content=\"image\/jpeg\" \/>\n<meta name=\"author\" content=\"Laura de Cubas\" \/>\n<meta name=\"twitter:card\" content=\"summary_large_image\" \/>\n<meta name=\"twitter:creator\" content=\"@infoempleo\" \/>\n<meta name=\"twitter:site\" content=\"@infoempleo\" \/>\n<meta name=\"twitter:label1\" content=\"Escrito por\" \/>\n\t<meta name=\"twitter:data1\" content=\"Laura de Cubas\" \/>\n\t<meta name=\"twitter:label2\" content=\"Tiempo de lectura\" \/>\n\t<meta name=\"twitter:data2\" content=\"2 minutos\" \/>\n<script type=\"application\/ld+json\" class=\"yoast-schema-graph\">{\"@context\":\"https:\/\/schema.org\",\"@graph\":[{\"@type\":\"NewsArticle\",\"@id\":\"https:\/\/empresas.infoempleo.com\/hrtrends\/el-nuevo-perfil-del-desempleado\/#article\",\"isPartOf\":{\"@id\":\"https:\/\/empresas.infoempleo.com\/hrtrends\/el-nuevo-perfil-del-desempleado\/\"},\"author\":{\"name\":\"Laura de Cubas\",\"@id\":\"https:\/\/empresas.infoempleo.com\/hrtrends\/#\/schema\/person\/eee830fc2082cd3b52302e59ea0d2c05\"},\"headline\":\"El nuevo perfil del desempleado\",\"datePublished\":\"2009-05-26T11:42:27+00:00\",\"dateModified\":\"2023-03-13T17:29:09+00:00\",\"mainEntityOfPage\":{\"@id\":\"https:\/\/empresas.infoempleo.com\/hrtrends\/el-nuevo-perfil-del-desempleado\/\"},\"wordCount\":464,\"publisher\":{\"@id\":\"https:\/\/empresas.infoempleo.com\/hrtrends\/#organization\"},\"image\":{\"@id\":\"https:\/\/empresas.infoempleo.com\/hrtrends\/el-nuevo-perfil-del-desempleado\/#primaryimage\"},\"thumbnailUrl\":\"https:\/\/empresas.infoempleo.com\/hrtrends\/media\/2017\/05\/pexels-photo-205508.jpg\",\"keywords\":[\"Antonio Olivi\u00e9\",\"asociaci\u00f3n\",\"ayudas\",\"desempleados\",\"INEM\",\"Los parados se mueven\",\"parados\",\"Pinto\",\"Qu\u00e9!\"],\"articleSection\":[\"Actualidad\"],\"inLanguage\":\"es\",\"copyrightYear\":\"2009\",\"copyrightHolder\":{\"@id\":\"https:\/\/empresas.infoempleo.com\/hrtrends\/#organization\"}},{\"@type\":\"WebPage\",\"@id\":\"https:\/\/empresas.infoempleo.com\/hrtrends\/el-nuevo-perfil-del-desempleado\/\",\"url\":\"https:\/\/empresas.infoempleo.com\/hrtrends\/el-nuevo-perfil-del-desempleado\/\",\"name\":\"El nuevo perfil del desempleado | HRTRENDS\",\"isPartOf\":{\"@id\":\"https:\/\/empresas.infoempleo.com\/hrtrends\/#website\"},\"primaryImageOfPage\":{\"@id\":\"https:\/\/empresas.infoempleo.com\/hrtrends\/el-nuevo-perfil-del-desempleado\/#primaryimage\"},\"image\":{\"@id\":\"https:\/\/empresas.infoempleo.com\/hrtrends\/el-nuevo-perfil-del-desempleado\/#primaryimage\"},\"thumbnailUrl\":\"https:\/\/empresas.infoempleo.com\/hrtrends\/media\/2017\/05\/pexels-photo-205508.jpg\",\"datePublished\":\"2009-05-26T11:42:27+00:00\",\"dateModified\":\"2023-03-13T17:29:09+00:00\",\"breadcrumb\":{\"@id\":\"https:\/\/empresas.infoempleo.com\/hrtrends\/el-nuevo-perfil-del-desempleado\/#breadcrumb\"},\"inLanguage\":\"es\",\"potentialAction\":[{\"@type\":\"ReadAction\",\"target\":[\"https:\/\/empresas.infoempleo.com\/hrtrends\/el-nuevo-perfil-del-desempleado\/\"]}]},{\"@type\":\"ImageObject\",\"inLanguage\":\"es\",\"@id\":\"https:\/\/empresas.infoempleo.com\/hrtrends\/el-nuevo-perfil-del-desempleado\/#primaryimage\",\"url\":\"https:\/\/empresas.infoempleo.com\/hrtrends\/media\/2017\/05\/pexels-photo-205508-150x150.jpg\",\"contentUrl\":\"https:\/\/empresas.infoempleo.com\/hrtrends\/media\/2017\/05\/pexels-photo-205508-150x150.jpg\",\"width\":150,\"height\":150},{\"@type\":\"BreadcrumbList\",\"@id\":\"https:\/\/empresas.infoempleo.com\/hrtrends\/el-nuevo-perfil-del-desempleado\/#breadcrumb\",\"itemListElement\":[{\"@type\":\"ListItem\",\"position\":1,\"name\":\"Portada\",\"item\":\"https:\/\/empresas.infoempleo.com\/hrtrends\/\"},{\"@type\":\"ListItem\",\"position\":2,\"name\":\"El nuevo perfil del desempleado\"}]},{\"@type\":\"WebSite\",\"@id\":\"https:\/\/empresas.infoempleo.com\/hrtrends\/#website\",\"url\":\"https:\/\/empresas.infoempleo.com\/hrtrends\",\"name\":\"HRTrends by Infoempleo\",\"description\":\"\",\"publisher\":{\"@id\":\"https:\/\/empresas.infoempleo.com\/hrtrends\/#organization\"},\"potentialAction\":{\"@type\":\"SearchAction\",\"target\":\"https:\/\/empresas.infoempleo.com\/hrtrends\/?s={search_term_string}\",\"query-input\":\"required name=search_term_string\"},\"inLanguage\":\"es\"},{\"@type\":\"Organization\",\"@id\":\"https:\/\/empresas.infoempleo.com\/hrtrends\/#organization\",\"name\":\"Infoempleo\",\"url\":\"https:\/\/www.infoempleo.com\/\",\"logo\":{\"@type\":\"ImageObject\",\"@id\":\"https:\/\/empresas.infoempleo.com\/hrtrends\/#logo\",\"inLanguage\":\"es\",\"url\":\"https:\/\/cdnazure.infoempleo.com\/infoempleo\/assets\/style\/gfx\/logo.svg\",\"contentUrl\":\"https:\/\/cdnazure.infoempleo.com\/infoempleo\/assets\/style\/gfx\/logo.svg\",\"width\":150,\"height\":40,\"caption\":\"Infoempleo\"},\"image\":{\"@id\":\"https:\/\/empresas.infoempleo.com\/hrtrends\/#logo\"},\"sameAs\":[\"https:\/\/www.facebook.com\/Infoempleo\",\"https:\/\/x.com\/infoempleo\",\"http:\/\/instagram.com\/infoempleo\/\",\"http:\/\/www.linkedin.com\/groups\/Empleo-Espa\u00f1a-Infoempleocom-111276\",\"http:\/\/pinterest.com\/infoempleo\/\"],\"address\":{\"@type\":\"PostalAddress\",\"addressLocality\":\"Madrid\",\"postalCode\":\"28050\",\"streetAddress\":\"Avenida de Burgos 114\"},\"brand\":[\"Infoempleo\"]},{\"@type\":\"Person\",\"@id\":\"https:\/\/empresas.infoempleo.com\/hrtrends\/#\/schema\/person\/eee830fc2082cd3b52302e59ea0d2c05\",\"name\":\"Laura de Cubas\",\"image\":{\"@type\":\"ImageObject\",\"inLanguage\":\"es\",\"@id\":\"https:\/\/empresas.infoempleo.com\/hrtrends\/#\/schema\/person\/image\/\",\"url\":\"https:\/\/secure.gravatar.com\/avatar\/c13d88dcd67943e13f74372e711c3ba2accf296b195ba5dd59566bd5f5df94c8?s=96&d=mm&r=g\",\"contentUrl\":\"https:\/\/secure.gravatar.com\/avatar\/c13d88dcd67943e13f74372e711c3ba2accf296b195ba5dd59566bd5f5df94c8?s=96&d=mm&r=g\",\"caption\":\"Laura de Cubas\"},\"url\":\"https:\/\/empresas.infoempleo.com\/hrtrends\/author\/laura-de-cubas\/\"}]}<\/script>\n<!-- \/ Yoast SEO plugin. -->","yoast_head_json":{"title":"El nuevo perfil del desempleado | HRTRENDS","robots":{"index":"index","follow":"follow","max-snippet":"max-snippet:-1","max-image-preview":"max-image-preview:large","max-video-preview":"max-video-preview:-1"},"canonical":"https:\/\/empresas.infoempleo.com\/hrtrends\/el-nuevo-perfil-del-desempleado\/","og_locale":"es_ES","og_type":"article","og_title":"El nuevo perfil del desempleado | HRTRENDS","og_description":"El proyecto \"Los parados se mueven\" promovido por el period\u00edco Qu\u00e9! y patrocionado por Infoempleo.com, organiz\u00f3, el pasado 20 de mayo, el primer \"Encuentro de Emprendedores y Parados\", semilla de la futura Asociaci\u00f3n Nacional de Desempleados.","og_url":"https:\/\/empresas.infoempleo.com\/hrtrends\/el-nuevo-perfil-del-desempleado\/","og_site_name":"HRTRENDS","article_publisher":"https:\/\/www.facebook.com\/Infoempleo","article_published_time":"2009-05-26T11:42:27+00:00","article_modified_time":"2023-03-13T17:29:09+00:00","og_image":[{"width":1280,"height":960,"url":"https:\/\/empresas.infoempleo.com\/hrtrends\/media\/2017\/05\/pexels-photo-205508.jpg","type":"image\/jpeg"}],"author":"Laura de Cubas","twitter_card":"summary_large_image","twitter_creator":"@infoempleo","twitter_site":"@infoempleo","twitter_misc":{"Escrito por":"Laura de Cubas","Tiempo de lectura":"2 minutos"},"schema":{"@context":"https:\/\/schema.org","@graph":[{"@type":"NewsArticle","@id":"https:\/\/empresas.infoempleo.com\/hrtrends\/el-nuevo-perfil-del-desempleado\/#article","isPartOf":{"@id":"https:\/\/empresas.infoempleo.com\/hrtrends\/el-nuevo-perfil-del-desempleado\/"},"author":{"name":"Laura de Cubas","@id":"https:\/\/empresas.infoempleo.com\/hrtrends\/#\/schema\/person\/eee830fc2082cd3b52302e59ea0d2c05"},"headline":"El nuevo perfil del desempleado","datePublished":"2009-05-26T11:42:27+00:00","dateModified":"2023-03-13T17:29:09+00:00","mainEntityOfPage":{"@id":"https:\/\/empresas.infoempleo.com\/hrtrends\/el-nuevo-perfil-del-desempleado\/"},"wordCount":464,"publisher":{"@id":"https:\/\/empresas.infoempleo.com\/hrtrends\/#organization"},"image":{"@id":"https:\/\/empresas.infoempleo.com\/hrtrends\/el-nuevo-perfil-del-desempleado\/#primaryimage"},"thumbnailUrl":"https:\/\/empresas.infoempleo.com\/hrtrends\/media\/2017\/05\/pexels-photo-205508.jpg","keywords":["Antonio Olivi\u00e9","asociaci\u00f3n","ayudas","desempleados","INEM","Los parados se mueven","parados","Pinto","Qu\u00e9!"],"articleSection":["Actualidad"],"inLanguage":"es","copyrightYear":"2009","copyrightHolder":{"@id":"https:\/\/empresas.infoempleo.com\/hrtrends\/#organization"}},{"@type":"WebPage","@id":"https:\/\/empresas.infoempleo.com\/hrtrends\/el-nuevo-perfil-del-desempleado\/","url":"https:\/\/empresas.infoempleo.com\/hrtrends\/el-nuevo-perfil-del-desempleado\/","name":"El nuevo perfil del desempleado | HRTRENDS","isPartOf":{"@id":"https:\/\/empresas.infoempleo.com\/hrtrends\/#website"},"primaryImageOfPage":{"@id":"https:\/\/empresas.infoempleo.com\/hrtrends\/el-nuevo-perfil-del-desempleado\/#primaryimage"},"image":{"@id":"https:\/\/empresas.infoempleo.com\/hrtrends\/el-nuevo-perfil-del-desempleado\/#primaryimage"},"thumbnailUrl":"https:\/\/empresas.infoempleo.com\/hrtrends\/media\/2017\/05\/pexels-photo-205508.jpg","datePublished":"2009-05-26T11:42:27+00:00","dateModified":"2023-03-13T17:29:09+00:00","breadcrumb":{"@id":"https:\/\/empresas.infoempleo.com\/hrtrends\/el-nuevo-perfil-del-desempleado\/#breadcrumb"},"inLanguage":"es","potentialAction":[{"@type":"ReadAction","target":["https:\/\/empresas.infoempleo.com\/hrtrends\/el-nuevo-perfil-del-desempleado\/"]}]},{"@type":"ImageObject","inLanguage":"es","@id":"https:\/\/empresas.infoempleo.com\/hrtrends\/el-nuevo-perfil-del-desempleado\/#primaryimage","url":"https:\/\/empresas.infoempleo.com\/hrtrends\/media\/2017\/05\/pexels-photo-205508-150x150.jpg","contentUrl":"https:\/\/empresas.infoempleo.com\/hrtrends\/media\/2017\/05\/pexels-photo-205508-150x150.jpg","width":150,"height":150},{"@type":"BreadcrumbList","@id":"https:\/\/empresas.infoempleo.com\/hrtrends\/el-nuevo-perfil-del-desempleado\/#breadcrumb","itemListElement":[{"@type":"ListItem","position":1,"name":"Portada","item":"https:\/\/empresas.infoempleo.com\/hrtrends\/"},{"@type":"ListItem","position":2,"name":"El nuevo perfil del desempleado"}]},{"@type":"WebSite","@id":"https:\/\/empresas.infoempleo.com\/hrtrends\/#website","url":"https:\/\/empresas.infoempleo.com\/hrtrends","name":"HRTrends by Infoempleo","description":"","publisher":{"@id":"https:\/\/empresas.infoempleo.com\/hrtrends\/#organization"},"potentialAction":{"@type":"SearchAction","target":"https:\/\/empresas.infoempleo.com\/hrtrends\/?s={search_term_string}","query-input":"required name=search_term_string"},"inLanguage":"es"},{"@type":"Organization","@id":"https:\/\/empresas.infoempleo.com\/hrtrends\/#organization","name":"Infoempleo","url":"https:\/\/www.infoempleo.com\/","logo":{"@type":"ImageObject","@id":"https:\/\/empresas.infoempleo.com\/hrtrends\/#logo","inLanguage":"es","url":"https:\/\/cdnazure.infoempleo.com\/infoempleo\/assets\/style\/gfx\/logo.svg","contentUrl":"https:\/\/cdnazure.infoempleo.com\/infoempleo\/assets\/style\/gfx\/logo.svg","width":150,"height":40,"caption":"Infoempleo"},"image":{"@id":"https:\/\/empresas.infoempleo.com\/hrtrends\/#logo"},"sameAs":["https:\/\/www.facebook.com\/Infoempleo","https:\/\/x.com\/infoempleo","http:\/\/instagram.com\/infoempleo\/","http:\/\/www.linkedin.com\/groups\/Empleo-Espa\u00f1a-Infoempleocom-111276","http:\/\/pinterest.com\/infoempleo\/"],"address":{"@type":"PostalAddress","addressLocality":"Madrid","postalCode":"28050","streetAddress":"Avenida de Burgos 114"},"brand":["Infoempleo"]},{"@type":"Person","@id":"https:\/\/empresas.infoempleo.com\/hrtrends\/#\/schema\/person\/eee830fc2082cd3b52302e59ea0d2c05","name":"Laura de Cubas","image":{"@type":"ImageObject","inLanguage":"es","@id":"https:\/\/empresas.infoempleo.com\/hrtrends\/#\/schema\/person\/image\/","url":"https:\/\/secure.gravatar.com\/avatar\/c13d88dcd67943e13f74372e711c3ba2accf296b195ba5dd59566bd5f5df94c8?s=96&d=mm&r=g","contentUrl":"https:\/\/secure.gravatar.com\/avatar\/c13d88dcd67943e13f74372e711c3ba2accf296b195ba5dd59566bd5f5df94c8?s=96&d=mm&r=g","caption":"Laura de Cubas"},"url":"https:\/\/empresas.infoempleo.com\/hrtrends\/author\/laura-de-cubas\/"}]}},"amp_enabled":true,"_links":{"self":[{"href":"https:\/\/empresas.infoempleo.com\/hrtrends\/wp-json\/wp\/v2\/posts\/986","targetHints":{"allow":["GET"]}}],"collection":[{"href":"https:\/\/empresas.infoempleo.com\/hrtrends\/wp-json\/wp\/v2\/posts"}],"about":[{"href":"https:\/\/empresas.infoempleo.com\/hrtrends\/wp-json\/wp\/v2\/types\/post"}],"author":[{"embeddable":true,"href":"https:\/\/empresas.infoempleo.com\/hrtrends\/wp-json\/wp\/v2\/users\/35"}],"replies":[{"embeddable":true,"href":"https:\/\/empresas.infoempleo.com\/hrtrends\/wp-json\/wp\/v2\/comments?post=986"}],"version-history":[{"count":5,"href":"https:\/\/empresas.infoempleo.com\/hrtrends\/wp-json\/wp\/v2\/posts\/986\/revisions"}],"predecessor-version":[{"id":43146,"href":"https:\/\/empresas.infoempleo.com\/hrtrends\/wp-json\/wp\/v2\/posts\/986\/revisions\/43146"}],"wp:featuredmedia":[{"embeddable":true,"href":"https:\/\/empresas.infoempleo.com\/hrtrends\/wp-json\/wp\/v2\/media\/29665"}],"wp:attachment":[{"href":"https:\/\/empresas.infoempleo.com\/hrtrends\/wp-json\/wp\/v2\/media?parent=986"}],"wp:term":[{"taxonomy":"category","embeddable":true,"href":"https:\/\/empresas.infoempleo.com\/hrtrends\/wp-json\/wp\/v2\/categories?post=986"},{"taxonomy":"post_tag","embeddable":true,"href":"https:\/\/empresas.infoempleo.com\/hrtrends\/wp-json\/wp\/v2\/tags?post=986"}],"curies":[{"name":"wp","href":"https:\/\/api.w.org\/{rel}","templated":true}]}}