{"id":9857,"date":"2010-06-16T08:11:47","date_gmt":"2010-06-16T07:11:47","guid":{"rendered":"http:\/\/blog.infoempleo.com\/?p=9857"},"modified":"2018-05-23T17:40:51","modified_gmt":"2018-05-23T15:40:51","slug":"el-sip-de-caja-madrid-prejubilara-a-unos-3-400-empleados","status":"publish","type":"post","link":"https:\/\/empresas.infoempleo.com\/hrtrends\/el-sip-de-caja-madrid-prejubilara-a-unos-3-400-empleados\/","title":{"rendered":"El SIP de Caja Madrid prejubilar\u00e1 a unos 3.400 empleados"},"content":{"rendered":"<p>La integraci\u00f3n de Caja Madrid, Bancaja, La Caja Insular de Ahorros de Canarias, Caixa Laietana, Caja Rioja, Caja Avila y Caja Segovia en un Sistema Institucional de Protecci\u00f3n (SIP) podr\u00eda <strong>reducir la plantilla total del grupo resultante en unos 3.400 trabajadores y cerrar unas 500 oficinas<\/strong>, seg\u00fan fuentes sindicales consultadas por Europa Press.<\/p>\n<p>La mayor\u00eda de los empleados y de las oficinas proceder\u00e1n de Caja Madrid y de Bancaja, salvo alg\u00fan caso puntual de alguna regi\u00f3n que requiera un ajuste m\u00e1s profundo y que pueda afectar a m\u00e1s empleados y sucursales de alguna de las entidades restantes que integran el SIP.<\/p>\n<p>Los sindicatos mayoritarios de las cajas, CC.OO y UGT, son partidarios de organizar una mesa general de di\u00e1logo y no una negociaci\u00f3n individual de cada caja con sus representantes sindicales, aunque de momento s\u00f3lo ha habido una toma de contacto con las entidades y la reorganizaci\u00f3n de la plantilla no ha comenzado.<\/p>\n<p>En este sentido, CC.OO pidi\u00f3 que el proceso comience cuanto antes y reclam\u00f3 a las entidades que ofrezcan cifras concretas antes del 15 de julio, fecha prevista para que los consejos de las entidades voten la fusi\u00f3n, y de modo que en septiembre, cuando se re\u00fanan las asambleas, pueda estar cerrado.<\/p>\n<p>Asimismo,<strong> resaltaron que es fundamental organizar no s\u00f3lo las prejubilaciones, sino tambi\u00e9n las condiciones laborales de todos los empleados porque la situaci\u00f3n genera incertidumbre e influye en el clima de trabajo<\/strong>. No obstante, los sindicatos subrayan que no contemplan ninguna otra v\u00eda que no sea la de la prejubilaci\u00f3n, seg\u00fan inform\u00f3 UGT.<\/p>\n<p>Este sindicato tambi\u00e9n resalt\u00f3 la importancia de afrontar el proceso de forma adecuada para que las cajas m\u00e1s peque\u00f1as no se sientan \u00ababsorbidas\u00bb, y resaltaron que la integraci\u00f3n debe aspirar a crear una \u00fanica entidad de verdad.<\/p>\n<h3>Firma del protocolo de integraci\u00f3n<\/h3>\n<p>Los presidentes de las siete cajas &#8211;Caja Madrid, Rodrigo Rato; Bancaja, Jos\u00e9 Luis Olivas; Caja Insular de Canarias, Juan Manuel Su\u00e1rez del Toro; Caixa Laietana, Jaume Porter; Caja \u00c1vila, Agust\u00edn Gonz\u00e1lez; Caja Segovia, Atilano Soto; y Caja Rioja, Fernando Beltr\u00e1n&#8211; firmaron este martes el Protocolo de Integraci\u00f3n para la formaci\u00f3n de un SIP.<\/p>\n<p>Los m\u00e1ximos representantes de las entidades financieras mostraron \u00absu satisfacci\u00f3n\u00bb por el inicio de esta alianza estrat\u00e9gica, que les consolida como la primera caja de ahorros de Espa\u00f1a, con unos activos de 340.000 millones de euros, y les convierte en la primera entidad de banca comercial y de empresas en el mercado nacional por volumen de negocio, inform\u00f3 Caja Madrid en un comunicado.<\/p>\n<p>Esta uni\u00f3n v\u00eda SIP permitir\u00e1 al grupo establecer sinergias y reforzar la liquidez y solvencia, as\u00ed como ampliar la cobertura geogr\u00e1fica para dar mejor servicio a familias y empresas.<\/p>\n<p>El nuevo grupo, que ha solicitado al Fondo de Reestructuraci\u00f3n Ordenada Bancaria (FROB) 4.456 millones de euros, envi\u00f3 este lunes al Banco de Espa\u00f1a la documentaci\u00f3n para su aprobaci\u00f3n. Posteriormente, ser\u00e1n las Asambleas correspondientes de cada entidad las que tendr\u00e1n que dar su aprobaci\u00f3n definitiva.<\/p>\n<p>Fuente:<a href=\"https:\/\/www.europapress.es\/economia\/noticia-presidentes-sip-caja-madrid-firman-protocolo-integracion-20100615152529.html\" target=\"_blank\"> Europa Press<\/a><\/p>\n","protected":false},"excerpt":{"rendered":"<p>La integraci\u00f3n de Caja Madrid, Bancaja, La Caja Insular de Ahorros de Canarias, Caixa Laietana, Caja Rioja, Caja<a class=\"moretag\" href=\"https:\/\/empresas.infoempleo.com\/hrtrends\/el-sip-de-caja-madrid-prejubilara-a-unos-3-400-empleados\/\"> Leer m\u00e1s<\/a><\/p>\n","protected":false},"author":72,"featured_media":29665,"comment_status":"closed","ping_status":"open","sticky":false,"template":"","format":"standard","meta":{"footnotes":""},"categories":[3],"tags":[1379,33,162],"class_list":["post-9857","post","type-post","status-publish","format-standard","has-post-thumbnail","hentry","category-actualidad","tag-cajas-de-ahorro","tag-desempleo","tag-empleo"],"yoast_head":"<!-- This site is optimized with the Yoast SEO plugin v26.1.1 - https:\/\/yoast.com\/wordpress\/plugins\/seo\/ -->\n<title>El SIP de Caja Madrid prejubilar\u00e1 a unos 3.400 empleados | HRTRENDS<\/title>\n<meta name=\"robots\" content=\"index, follow, max-snippet:-1, max-image-preview:large, max-video-preview:-1\" \/>\n<link rel=\"canonical\" href=\"https:\/\/empresas.infoempleo.com\/hrtrends\/el-sip-de-caja-madrid-prejubilara-a-unos-3-400-empleados\/\" \/>\n<meta property=\"og:locale\" content=\"es_ES\" \/>\n<meta property=\"og:type\" content=\"article\" \/>\n<meta property=\"og:title\" content=\"El SIP de Caja Madrid prejubilar\u00e1 a unos 3.400 empleados | HRTRENDS\" \/>\n<meta property=\"og:description\" content=\"La integraci\u00f3n de Caja Madrid, Bancaja, La Caja Insular de Ahorros de Canarias, Caixa Laietana, Caja Rioja, Caja Leer m\u00e1s\" \/>\n<meta property=\"og:url\" content=\"https:\/\/empresas.infoempleo.com\/hrtrends\/el-sip-de-caja-madrid-prejubilara-a-unos-3-400-empleados\/\" \/>\n<meta property=\"og:site_name\" content=\"HRTRENDS\" \/>\n<meta property=\"article:publisher\" content=\"https:\/\/www.facebook.com\/Infoempleo\" \/>\n<meta property=\"article:published_time\" content=\"2010-06-16T07:11:47+00:00\" \/>\n<meta property=\"article:modified_time\" content=\"2018-05-23T15:40:51+00:00\" \/>\n<meta property=\"og:image\" content=\"https:\/\/empresas.infoempleo.com\/hrtrends\/media\/2017\/05\/pexels-photo-205508.jpg\" \/>\n\t<meta property=\"og:image:width\" content=\"1280\" \/>\n\t<meta property=\"og:image:height\" content=\"960\" \/>\n\t<meta property=\"og:image:type\" content=\"image\/jpeg\" \/>\n<meta name=\"author\" content=\"infoempleo\" \/>\n<meta name=\"twitter:card\" content=\"summary_large_image\" \/>\n<meta name=\"twitter:creator\" content=\"@infoempleo\" \/>\n<meta name=\"twitter:site\" content=\"@infoempleo\" \/>\n<meta name=\"twitter:label1\" content=\"Escrito por\" \/>\n\t<meta name=\"twitter:data1\" content=\"infoempleo\" \/>\n\t<meta name=\"twitter:label2\" content=\"Tiempo de lectura\" \/>\n\t<meta name=\"twitter:data2\" content=\"3 minutos\" \/>\n<script type=\"application\/ld+json\" class=\"yoast-schema-graph\">{\"@context\":\"https:\/\/schema.org\",\"@graph\":[{\"@type\":\"NewsArticle\",\"@id\":\"https:\/\/empresas.infoempleo.com\/hrtrends\/el-sip-de-caja-madrid-prejubilara-a-unos-3-400-empleados\/#article\",\"isPartOf\":{\"@id\":\"https:\/\/empresas.infoempleo.com\/hrtrends\/el-sip-de-caja-madrid-prejubilara-a-unos-3-400-empleados\/\"},\"author\":{\"name\":\"infoempleo\",\"@id\":\"https:\/\/empresas.infoempleo.com\/hrtrends\/#\/schema\/person\/67d3e276ffcc8b3ae0ebec816daf775a\"},\"headline\":\"El SIP de Caja Madrid prejubilar\u00e1 a unos 3.400 empleados\",\"datePublished\":\"2010-06-16T07:11:47+00:00\",\"dateModified\":\"2018-05-23T15:40:51+00:00\",\"mainEntityOfPage\":{\"@id\":\"https:\/\/empresas.infoempleo.com\/hrtrends\/el-sip-de-caja-madrid-prejubilara-a-unos-3-400-empleados\/\"},\"wordCount\":544,\"publisher\":{\"@id\":\"https:\/\/empresas.infoempleo.com\/hrtrends\/#organization\"},\"image\":{\"@id\":\"https:\/\/empresas.infoempleo.com\/hrtrends\/el-sip-de-caja-madrid-prejubilara-a-unos-3-400-empleados\/#primaryimage\"},\"thumbnailUrl\":\"https:\/\/empresas.infoempleo.com\/hrtrends\/media\/2017\/05\/pexels-photo-205508.jpg\",\"keywords\":[\"cajas de ahorro\",\"desempleo\",\"Empleo\"],\"articleSection\":[\"Actualidad\"],\"inLanguage\":\"es\",\"copyrightYear\":\"2010\",\"copyrightHolder\":{\"@id\":\"https:\/\/empresas.infoempleo.com\/hrtrends\/#organization\"}},{\"@type\":\"WebPage\",\"@id\":\"https:\/\/empresas.infoempleo.com\/hrtrends\/el-sip-de-caja-madrid-prejubilara-a-unos-3-400-empleados\/\",\"url\":\"https:\/\/empresas.infoempleo.com\/hrtrends\/el-sip-de-caja-madrid-prejubilara-a-unos-3-400-empleados\/\",\"name\":\"El SIP de Caja Madrid prejubilar\u00e1 a unos 3.400 empleados | HRTRENDS\",\"isPartOf\":{\"@id\":\"https:\/\/empresas.infoempleo.com\/hrtrends\/#website\"},\"primaryImageOfPage\":{\"@id\":\"https:\/\/empresas.infoempleo.com\/hrtrends\/el-sip-de-caja-madrid-prejubilara-a-unos-3-400-empleados\/#primaryimage\"},\"image\":{\"@id\":\"https:\/\/empresas.infoempleo.com\/hrtrends\/el-sip-de-caja-madrid-prejubilara-a-unos-3-400-empleados\/#primaryimage\"},\"thumbnailUrl\":\"https:\/\/empresas.infoempleo.com\/hrtrends\/media\/2017\/05\/pexels-photo-205508.jpg\",\"datePublished\":\"2010-06-16T07:11:47+00:00\",\"dateModified\":\"2018-05-23T15:40:51+00:00\",\"breadcrumb\":{\"@id\":\"https:\/\/empresas.infoempleo.com\/hrtrends\/el-sip-de-caja-madrid-prejubilara-a-unos-3-400-empleados\/#breadcrumb\"},\"inLanguage\":\"es\",\"potentialAction\":[{\"@type\":\"ReadAction\",\"target\":[\"https:\/\/empresas.infoempleo.com\/hrtrends\/el-sip-de-caja-madrid-prejubilara-a-unos-3-400-empleados\/\"]}]},{\"@type\":\"ImageObject\",\"inLanguage\":\"es\",\"@id\":\"https:\/\/empresas.infoempleo.com\/hrtrends\/el-sip-de-caja-madrid-prejubilara-a-unos-3-400-empleados\/#primaryimage\",\"url\":\"https:\/\/empresas.infoempleo.com\/hrtrends\/media\/2017\/05\/pexels-photo-205508-150x150.jpg\",\"contentUrl\":\"https:\/\/empresas.infoempleo.com\/hrtrends\/media\/2017\/05\/pexels-photo-205508-150x150.jpg\",\"width\":150,\"height\":150},{\"@type\":\"BreadcrumbList\",\"@id\":\"https:\/\/empresas.infoempleo.com\/hrtrends\/el-sip-de-caja-madrid-prejubilara-a-unos-3-400-empleados\/#breadcrumb\",\"itemListElement\":[{\"@type\":\"ListItem\",\"position\":1,\"name\":\"Portada\",\"item\":\"https:\/\/empresas.infoempleo.com\/hrtrends\/\"},{\"@type\":\"ListItem\",\"position\":2,\"name\":\"El SIP de Caja Madrid prejubilar\u00e1 a unos 3.400 empleados\"}]},{\"@type\":\"WebSite\",\"@id\":\"https:\/\/empresas.infoempleo.com\/hrtrends\/#website\",\"url\":\"https:\/\/empresas.infoempleo.com\/hrtrends\",\"name\":\"HRTrends by Infoempleo\",\"description\":\"\",\"publisher\":{\"@id\":\"https:\/\/empresas.infoempleo.com\/hrtrends\/#organization\"},\"potentialAction\":{\"@type\":\"SearchAction\",\"target\":\"https:\/\/empresas.infoempleo.com\/hrtrends\/?s={search_term_string}\",\"query-input\":\"required name=search_term_string\"},\"inLanguage\":\"es\"},{\"@type\":\"Organization\",\"@id\":\"https:\/\/empresas.infoempleo.com\/hrtrends\/#organization\",\"name\":\"Infoempleo\",\"url\":\"https:\/\/www.infoempleo.com\/\",\"logo\":{\"@type\":\"ImageObject\",\"@id\":\"https:\/\/empresas.infoempleo.com\/hrtrends\/#logo\",\"inLanguage\":\"es\",\"url\":\"https:\/\/cdnazure.infoempleo.com\/infoempleo\/assets\/style\/gfx\/logo.svg\",\"contentUrl\":\"https:\/\/cdnazure.infoempleo.com\/infoempleo\/assets\/style\/gfx\/logo.svg\",\"width\":150,\"height\":40,\"caption\":\"Infoempleo\"},\"image\":{\"@id\":\"https:\/\/empresas.infoempleo.com\/hrtrends\/#logo\"},\"sameAs\":[\"https:\/\/www.facebook.com\/Infoempleo\",\"https:\/\/x.com\/infoempleo\",\"http:\/\/instagram.com\/infoempleo\/\",\"http:\/\/www.linkedin.com\/groups\/Empleo-Espa\u00f1a-Infoempleocom-111276\",\"http:\/\/pinterest.com\/infoempleo\/\"],\"address\":{\"@type\":\"PostalAddress\",\"addressLocality\":\"Madrid\",\"postalCode\":\"28050\",\"streetAddress\":\"Avenida de Burgos 114\"},\"brand\":[\"Infoempleo\"]},{\"@type\":\"Person\",\"@id\":\"https:\/\/empresas.infoempleo.com\/hrtrends\/#\/schema\/person\/67d3e276ffcc8b3ae0ebec816daf775a\",\"name\":\"infoempleo\",\"image\":{\"@type\":\"ImageObject\",\"inLanguage\":\"es\",\"@id\":\"https:\/\/empresas.infoempleo.com\/hrtrends\/#\/schema\/person\/image\/\",\"url\":\"https:\/\/secure.gravatar.com\/avatar\/7b437777242fe67d2473c2a818da2344692d1ee91e91080ccffbd97bcd4a0975?s=96&d=mm&r=g\",\"contentUrl\":\"https:\/\/secure.gravatar.com\/avatar\/7b437777242fe67d2473c2a818da2344692d1ee91e91080ccffbd97bcd4a0975?s=96&d=mm&r=g\",\"caption\":\"infoempleo\"},\"url\":\"https:\/\/empresas.infoempleo.com\/hrtrends\/author\/infoempleo\/\"}]}<\/script>\n<!-- \/ Yoast SEO plugin. -->","yoast_head_json":{"title":"El SIP de Caja Madrid prejubilar\u00e1 a unos 3.400 empleados | HRTRENDS","robots":{"index":"index","follow":"follow","max-snippet":"max-snippet:-1","max-image-preview":"max-image-preview:large","max-video-preview":"max-video-preview:-1"},"canonical":"https:\/\/empresas.infoempleo.com\/hrtrends\/el-sip-de-caja-madrid-prejubilara-a-unos-3-400-empleados\/","og_locale":"es_ES","og_type":"article","og_title":"El SIP de Caja Madrid prejubilar\u00e1 a unos 3.400 empleados | HRTRENDS","og_description":"La integraci\u00f3n de Caja Madrid, Bancaja, La Caja Insular de Ahorros de Canarias, Caixa Laietana, Caja Rioja, Caja Leer m\u00e1s","og_url":"https:\/\/empresas.infoempleo.com\/hrtrends\/el-sip-de-caja-madrid-prejubilara-a-unos-3-400-empleados\/","og_site_name":"HRTRENDS","article_publisher":"https:\/\/www.facebook.com\/Infoempleo","article_published_time":"2010-06-16T07:11:47+00:00","article_modified_time":"2018-05-23T15:40:51+00:00","og_image":[{"width":1280,"height":960,"url":"https:\/\/empresas.infoempleo.com\/hrtrends\/media\/2017\/05\/pexels-photo-205508.jpg","type":"image\/jpeg"}],"author":"infoempleo","twitter_card":"summary_large_image","twitter_creator":"@infoempleo","twitter_site":"@infoempleo","twitter_misc":{"Escrito por":"infoempleo","Tiempo de lectura":"3 minutos"},"schema":{"@context":"https:\/\/schema.org","@graph":[{"@type":"NewsArticle","@id":"https:\/\/empresas.infoempleo.com\/hrtrends\/el-sip-de-caja-madrid-prejubilara-a-unos-3-400-empleados\/#article","isPartOf":{"@id":"https:\/\/empresas.infoempleo.com\/hrtrends\/el-sip-de-caja-madrid-prejubilara-a-unos-3-400-empleados\/"},"author":{"name":"infoempleo","@id":"https:\/\/empresas.infoempleo.com\/hrtrends\/#\/schema\/person\/67d3e276ffcc8b3ae0ebec816daf775a"},"headline":"El SIP de Caja Madrid prejubilar\u00e1 a unos 3.400 empleados","datePublished":"2010-06-16T07:11:47+00:00","dateModified":"2018-05-23T15:40:51+00:00","mainEntityOfPage":{"@id":"https:\/\/empresas.infoempleo.com\/hrtrends\/el-sip-de-caja-madrid-prejubilara-a-unos-3-400-empleados\/"},"wordCount":544,"publisher":{"@id":"https:\/\/empresas.infoempleo.com\/hrtrends\/#organization"},"image":{"@id":"https:\/\/empresas.infoempleo.com\/hrtrends\/el-sip-de-caja-madrid-prejubilara-a-unos-3-400-empleados\/#primaryimage"},"thumbnailUrl":"https:\/\/empresas.infoempleo.com\/hrtrends\/media\/2017\/05\/pexels-photo-205508.jpg","keywords":["cajas de ahorro","desempleo","Empleo"],"articleSection":["Actualidad"],"inLanguage":"es","copyrightYear":"2010","copyrightHolder":{"@id":"https:\/\/empresas.infoempleo.com\/hrtrends\/#organization"}},{"@type":"WebPage","@id":"https:\/\/empresas.infoempleo.com\/hrtrends\/el-sip-de-caja-madrid-prejubilara-a-unos-3-400-empleados\/","url":"https:\/\/empresas.infoempleo.com\/hrtrends\/el-sip-de-caja-madrid-prejubilara-a-unos-3-400-empleados\/","name":"El SIP de Caja Madrid prejubilar\u00e1 a unos 3.400 empleados | HRTRENDS","isPartOf":{"@id":"https:\/\/empresas.infoempleo.com\/hrtrends\/#website"},"primaryImageOfPage":{"@id":"https:\/\/empresas.infoempleo.com\/hrtrends\/el-sip-de-caja-madrid-prejubilara-a-unos-3-400-empleados\/#primaryimage"},"image":{"@id":"https:\/\/empresas.infoempleo.com\/hrtrends\/el-sip-de-caja-madrid-prejubilara-a-unos-3-400-empleados\/#primaryimage"},"thumbnailUrl":"https:\/\/empresas.infoempleo.com\/hrtrends\/media\/2017\/05\/pexels-photo-205508.jpg","datePublished":"2010-06-16T07:11:47+00:00","dateModified":"2018-05-23T15:40:51+00:00","breadcrumb":{"@id":"https:\/\/empresas.infoempleo.com\/hrtrends\/el-sip-de-caja-madrid-prejubilara-a-unos-3-400-empleados\/#breadcrumb"},"inLanguage":"es","potentialAction":[{"@type":"ReadAction","target":["https:\/\/empresas.infoempleo.com\/hrtrends\/el-sip-de-caja-madrid-prejubilara-a-unos-3-400-empleados\/"]}]},{"@type":"ImageObject","inLanguage":"es","@id":"https:\/\/empresas.infoempleo.com\/hrtrends\/el-sip-de-caja-madrid-prejubilara-a-unos-3-400-empleados\/#primaryimage","url":"https:\/\/empresas.infoempleo.com\/hrtrends\/media\/2017\/05\/pexels-photo-205508-150x150.jpg","contentUrl":"https:\/\/empresas.infoempleo.com\/hrtrends\/media\/2017\/05\/pexels-photo-205508-150x150.jpg","width":150,"height":150},{"@type":"BreadcrumbList","@id":"https:\/\/empresas.infoempleo.com\/hrtrends\/el-sip-de-caja-madrid-prejubilara-a-unos-3-400-empleados\/#breadcrumb","itemListElement":[{"@type":"ListItem","position":1,"name":"Portada","item":"https:\/\/empresas.infoempleo.com\/hrtrends\/"},{"@type":"ListItem","position":2,"name":"El SIP de Caja Madrid prejubilar\u00e1 a unos 3.400 empleados"}]},{"@type":"WebSite","@id":"https:\/\/empresas.infoempleo.com\/hrtrends\/#website","url":"https:\/\/empresas.infoempleo.com\/hrtrends","name":"HRTrends by Infoempleo","description":"","publisher":{"@id":"https:\/\/empresas.infoempleo.com\/hrtrends\/#organization"},"potentialAction":{"@type":"SearchAction","target":"https:\/\/empresas.infoempleo.com\/hrtrends\/?s={search_term_string}","query-input":"required name=search_term_string"},"inLanguage":"es"},{"@type":"Organization","@id":"https:\/\/empresas.infoempleo.com\/hrtrends\/#organization","name":"Infoempleo","url":"https:\/\/www.infoempleo.com\/","logo":{"@type":"ImageObject","@id":"https:\/\/empresas.infoempleo.com\/hrtrends\/#logo","inLanguage":"es","url":"https:\/\/cdnazure.infoempleo.com\/infoempleo\/assets\/style\/gfx\/logo.svg","contentUrl":"https:\/\/cdnazure.infoempleo.com\/infoempleo\/assets\/style\/gfx\/logo.svg","width":150,"height":40,"caption":"Infoempleo"},"image":{"@id":"https:\/\/empresas.infoempleo.com\/hrtrends\/#logo"},"sameAs":["https:\/\/www.facebook.com\/Infoempleo","https:\/\/x.com\/infoempleo","http:\/\/instagram.com\/infoempleo\/","http:\/\/www.linkedin.com\/groups\/Empleo-Espa\u00f1a-Infoempleocom-111276","http:\/\/pinterest.com\/infoempleo\/"],"address":{"@type":"PostalAddress","addressLocality":"Madrid","postalCode":"28050","streetAddress":"Avenida de Burgos 114"},"brand":["Infoempleo"]},{"@type":"Person","@id":"https:\/\/empresas.infoempleo.com\/hrtrends\/#\/schema\/person\/67d3e276ffcc8b3ae0ebec816daf775a","name":"infoempleo","image":{"@type":"ImageObject","inLanguage":"es","@id":"https:\/\/empresas.infoempleo.com\/hrtrends\/#\/schema\/person\/image\/","url":"https:\/\/secure.gravatar.com\/avatar\/7b437777242fe67d2473c2a818da2344692d1ee91e91080ccffbd97bcd4a0975?s=96&d=mm&r=g","contentUrl":"https:\/\/secure.gravatar.com\/avatar\/7b437777242fe67d2473c2a818da2344692d1ee91e91080ccffbd97bcd4a0975?s=96&d=mm&r=g","caption":"infoempleo"},"url":"https:\/\/empresas.infoempleo.com\/hrtrends\/author\/infoempleo\/"}]}},"amp_enabled":true,"_links":{"self":[{"href":"https:\/\/empresas.infoempleo.com\/hrtrends\/wp-json\/wp\/v2\/posts\/9857","targetHints":{"allow":["GET"]}}],"collection":[{"href":"https:\/\/empresas.infoempleo.com\/hrtrends\/wp-json\/wp\/v2\/posts"}],"about":[{"href":"https:\/\/empresas.infoempleo.com\/hrtrends\/wp-json\/wp\/v2\/types\/post"}],"author":[{"embeddable":true,"href":"https:\/\/empresas.infoempleo.com\/hrtrends\/wp-json\/wp\/v2\/users\/72"}],"replies":[{"embeddable":true,"href":"https:\/\/empresas.infoempleo.com\/hrtrends\/wp-json\/wp\/v2\/comments?post=9857"}],"version-history":[{"count":0,"href":"https:\/\/empresas.infoempleo.com\/hrtrends\/wp-json\/wp\/v2\/posts\/9857\/revisions"}],"wp:featuredmedia":[{"embeddable":true,"href":"https:\/\/empresas.infoempleo.com\/hrtrends\/wp-json\/wp\/v2\/media\/29665"}],"wp:attachment":[{"href":"https:\/\/empresas.infoempleo.com\/hrtrends\/wp-json\/wp\/v2\/media?parent=9857"}],"wp:term":[{"taxonomy":"category","embeddable":true,"href":"https:\/\/empresas.infoempleo.com\/hrtrends\/wp-json\/wp\/v2\/categories?post=9857"},{"taxonomy":"post_tag","embeddable":true,"href":"https:\/\/empresas.infoempleo.com\/hrtrends\/wp-json\/wp\/v2\/tags?post=9857"}],"curies":[{"name":"wp","href":"https:\/\/api.w.org\/{rel}","templated":true}]}}