{"id":9708,"date":"2010-06-14T10:08:21","date_gmt":"2010-06-14T09:08:21","guid":{"rendered":"http:\/\/blog.infoempleo.com\/?p=9708"},"modified":"2024-08-29T17:41:29","modified_gmt":"2024-08-29T15:41:29","slug":"sap-en-la-nube","status":"publish","type":"post","link":"https:\/\/empresas.infoempleo.com\/hrtrends\/sap-en-la-nube\/","title":{"rendered":"SAP en la nube"},"content":{"rendered":"<p><strong>Por Javier Palacios, responsable del \u00e1rea Realtech Hosting Services y de Virtual SAP<\/strong><\/p>\n<p>Cada d\u00eda todos estamos m\u00e1s acostumbrados al uso de aplicaciones a trav\u00e9s de Internet. Primero empezamos en el \u00e1mbito personal con las cuentas de correo gratuitas, compartiendo nuestras fotos con familiares y amigos. Pero el hecho es que \u201cla nube\u201d, ese espacio en Internet que ninguno sabemos d\u00f3nde se aloja realmente, cada vez m\u00e1s forma parte de nuestra vida cotidiana.<\/p>\n<p>Este acercamiento de aplicaciones, a nuestras propias casas primero, y a nuestros dispositivos m\u00f3viles despu\u00e9s, <strong>est\u00e1 facilitando una revoluci\u00f3n en la forma de entender las aplicaciones profesionales<\/strong>, pasando de ser algo que tenemos que \u201cposeer\u201d y que por tanto tenemos que guardar con celo en nuestras instalaciones con todos sus costes asociados, a ser algo que podemos consumir, al igual que consumimos la luz o el agua sin necesidad de tener nuestros generadores o nuestros pozos.<\/p>\n<p><strong>Porque las organizaciones, sean del tama\u00f1o que sean, no necesitan poseer las aplicaciones para ser eficientes<\/strong>, ni necesitan mantener sus propias infraestructuras para asegurar un buen rendimiento o un entorno seguro para la informaci\u00f3n. S\u00f3lo necesitamos asegurarnos que nuestra informaci\u00f3n la podemos utilizar cuando queramos con garant\u00edas de seguridad.<\/p>\n<p>En VirtualSAP.com, por ejemplo, ofrecemos la posibilidad de utilizar sistemas SAP en \u201cla nube\u201d, de forma que cualquier empresa, aunque sea muy peque\u00f1a o se encuentre en una localidad remota, pueda consumir su aplicaci\u00f3n SAP para gestionar sus finanzas, sin tener que preocuparse de instalaciones, ni de proyectos de implantaci\u00f3n, ni de administradores inform\u00e1ticos. <strong>Simplemente accede a la red y aprovecha la experiencia de la mejor herramienta financiera del mercado<\/strong>.<\/p>\n<p>Mi abuelo, a principios del siglo XX, interes\u00e1ndose por la electricidad y la electr\u00f3nica y viendo la inminente llegada de la electricidad a todos los hogares, centr\u00f3 sus negocios en estos aspectos \u00a1Lo que habr\u00eda disfrutado con estos cambios actuales, viendo <strong>c\u00f3mo las aplicaciones llegan a todos sitios sin necesidad de complejos mecanismos distribuidos<\/strong>, ni cientos de servidores desaprovechados, al igual que la electricidad en el siglo pasado!<\/p>\n<p>Hoy en d\u00eda, las comunicaciones, sobre todo en el \u00e1mbito profesional, son extremadamente estables, con anchos de banda muy amplios y a costes muy econ\u00f3micos, por lo que uno de los mayores impedimentos para las aplicaciones profesionales en modo software como servicio, ha desaparecido. Y al igual que hoy en d\u00eda las grandes organizaciones tienen aplicaciones centralizadas para distintas localizaciones, \u00bfpor qu\u00e9 no hacer lo mismo desde las peque\u00f1as y medianas empresas? <strong>\u00bfPor qu\u00e9 no conectarse a una aplicaci\u00f3n profesional a trav\u00e9s de Internet con canales seguros para mi informaci\u00f3n?<\/strong><\/p>\n<p>Nosotros estamos convencidos de las ventajas de las aplicaciones profesionales en modo servicio, y de que las organizaciones, por peque\u00f1as que sean, que sepan aprovechar ahora la oportunidad ser\u00e1n las que saquen un mayor beneficio con el aumento de su competitividad, y las <strong>que se queden rezagadas tendr\u00e1n que realizar mayores esfuerzos para recuperar la ventaja perdida<\/strong>. Ya s\u00f3lo falta que el tiempo, que en estos d\u00edas pasa muy r\u00e1pido, nos d\u00e9 la raz\u00f3n, como se la dio a mi abuelo.<\/p>\n","protected":false},"excerpt":{"rendered":"<p>Por Javier Palacios, responsable del \u00e1rea Realtech Hosting Services y de Virtual SAP Cada d\u00eda todos estamos m\u00e1s<a class=\"moretag\" href=\"https:\/\/empresas.infoempleo.com\/hrtrends\/sap-en-la-nube\/\"> Leer m\u00e1s<\/a><\/p>\n","protected":false},"author":72,"featured_media":29665,"comment_status":"closed","ping_status":"open","sticky":false,"template":"","format":"standard","meta":{"footnotes":""},"categories":[3],"tags":[1932,1933,1497,509,1934,1935,138,1936],"class_list":["post-9708","post","type-post","status-publish","format-standard","has-post-thumbnail","hentry","category-actualidad","tag-aplicacion","tag-cloud-computing","tag-finanzas","tag-internet","tag-nube","tag-realtech","tag-red","tag-sap"],"yoast_head":"<!-- This site is optimized with the Yoast SEO plugin v26.1.1 - https:\/\/yoast.com\/wordpress\/plugins\/seo\/ -->\n<title>SAP en la nube | HRTRENDS<\/title>\n<meta name=\"robots\" content=\"index, follow, max-snippet:-1, max-image-preview:large, max-video-preview:-1\" \/>\n<link rel=\"canonical\" href=\"https:\/\/empresas.infoempleo.com\/hrtrends\/sap-en-la-nube\/\" \/>\n<meta property=\"og:locale\" content=\"es_ES\" \/>\n<meta property=\"og:type\" content=\"article\" \/>\n<meta property=\"og:title\" content=\"SAP en la nube | HRTRENDS\" \/>\n<meta property=\"og:description\" content=\"Por Javier Palacios, responsable del \u00e1rea Realtech Hosting Services y de Virtual SAP Cada d\u00eda todos estamos m\u00e1s Leer m\u00e1s\" \/>\n<meta property=\"og:url\" content=\"https:\/\/empresas.infoempleo.com\/hrtrends\/sap-en-la-nube\/\" \/>\n<meta property=\"og:site_name\" content=\"HRTRENDS\" \/>\n<meta property=\"article:publisher\" content=\"https:\/\/www.facebook.com\/Infoempleo\" \/>\n<meta property=\"article:published_time\" content=\"2010-06-14T09:08:21+00:00\" \/>\n<meta property=\"article:modified_time\" content=\"2024-08-29T15:41:29+00:00\" \/>\n<meta name=\"author\" content=\"infoempleo\" \/>\n<meta name=\"twitter:card\" content=\"summary_large_image\" \/>\n<meta name=\"twitter:creator\" content=\"@infoempleo\" \/>\n<meta name=\"twitter:site\" content=\"@infoempleo\" \/>\n<meta name=\"twitter:label1\" content=\"Escrito por\" \/>\n\t<meta name=\"twitter:data1\" content=\"infoempleo\" \/>\n\t<meta name=\"twitter:label2\" content=\"Tiempo de lectura\" \/>\n\t<meta name=\"twitter:data2\" content=\"3 minutos\" \/>\n<script type=\"application\/ld+json\" class=\"yoast-schema-graph\">{\"@context\":\"https:\/\/schema.org\",\"@graph\":[{\"@type\":\"NewsArticle\",\"@id\":\"https:\/\/empresas.infoempleo.com\/hrtrends\/sap-en-la-nube\/#article\",\"isPartOf\":{\"@id\":\"https:\/\/empresas.infoempleo.com\/hrtrends\/sap-en-la-nube\/\"},\"author\":{\"name\":\"infoempleo\",\"@id\":\"https:\/\/empresas.infoempleo.com\/hrtrends\/#\/schema\/person\/67d3e276ffcc8b3ae0ebec816daf775a\"},\"headline\":\"SAP en la nube\",\"datePublished\":\"2010-06-14T09:08:21+00:00\",\"dateModified\":\"2024-08-29T15:41:29+00:00\",\"mainEntityOfPage\":{\"@id\":\"https:\/\/empresas.infoempleo.com\/hrtrends\/sap-en-la-nube\/\"},\"wordCount\":547,\"publisher\":{\"@id\":\"https:\/\/empresas.infoempleo.com\/hrtrends\/#organization\"},\"image\":{\"@id\":\"https:\/\/empresas.infoempleo.com\/hrtrends\/sap-en-la-nube\/#primaryimage\"},\"thumbnailUrl\":\"https:\/\/empresas.infoempleo.com\/hrtrends\/media\/2017\/05\/pexels-photo-205508.jpg\",\"keywords\":[\"aplicaci\u00f3n\",\"Cloud Computing\",\"finanzas\",\"Internet\",\"nube\",\"Realtech\",\"red\",\"SAP\"],\"articleSection\":[\"Actualidad\"],\"inLanguage\":\"es\",\"copyrightYear\":\"2010\",\"copyrightHolder\":{\"@id\":\"https:\/\/empresas.infoempleo.com\/hrtrends\/#organization\"}},{\"@type\":\"WebPage\",\"@id\":\"https:\/\/empresas.infoempleo.com\/hrtrends\/sap-en-la-nube\/\",\"url\":\"https:\/\/empresas.infoempleo.com\/hrtrends\/sap-en-la-nube\/\",\"name\":\"SAP en la nube | HRTRENDS\",\"isPartOf\":{\"@id\":\"https:\/\/empresas.infoempleo.com\/hrtrends\/#website\"},\"primaryImageOfPage\":{\"@id\":\"https:\/\/empresas.infoempleo.com\/hrtrends\/sap-en-la-nube\/#primaryimage\"},\"image\":{\"@id\":\"https:\/\/empresas.infoempleo.com\/hrtrends\/sap-en-la-nube\/#primaryimage\"},\"thumbnailUrl\":\"https:\/\/empresas.infoempleo.com\/hrtrends\/media\/2017\/05\/pexels-photo-205508.jpg\",\"datePublished\":\"2010-06-14T09:08:21+00:00\",\"dateModified\":\"2024-08-29T15:41:29+00:00\",\"breadcrumb\":{\"@id\":\"https:\/\/empresas.infoempleo.com\/hrtrends\/sap-en-la-nube\/#breadcrumb\"},\"inLanguage\":\"es\",\"potentialAction\":[{\"@type\":\"ReadAction\",\"target\":[\"https:\/\/empresas.infoempleo.com\/hrtrends\/sap-en-la-nube\/\"]}]},{\"@type\":\"ImageObject\",\"inLanguage\":\"es\",\"@id\":\"https:\/\/empresas.infoempleo.com\/hrtrends\/sap-en-la-nube\/#primaryimage\",\"url\":\"https:\/\/empresas.infoempleo.com\/hrtrends\/media\/2017\/05\/pexels-photo-205508-150x150.jpg\",\"contentUrl\":\"https:\/\/empresas.infoempleo.com\/hrtrends\/media\/2017\/05\/pexels-photo-205508-150x150.jpg\",\"width\":150,\"height\":150},{\"@type\":\"BreadcrumbList\",\"@id\":\"https:\/\/empresas.infoempleo.com\/hrtrends\/sap-en-la-nube\/#breadcrumb\",\"itemListElement\":[{\"@type\":\"ListItem\",\"position\":1,\"name\":\"Portada\",\"item\":\"https:\/\/empresas.infoempleo.com\/hrtrends\/\"},{\"@type\":\"ListItem\",\"position\":2,\"name\":\"SAP en la nube\"}]},{\"@type\":\"WebSite\",\"@id\":\"https:\/\/empresas.infoempleo.com\/hrtrends\/#website\",\"url\":\"https:\/\/empresas.infoempleo.com\/hrtrends\",\"name\":\"HRTrends by Infoempleo\",\"description\":\"\",\"publisher\":{\"@id\":\"https:\/\/empresas.infoempleo.com\/hrtrends\/#organization\"},\"potentialAction\":{\"@type\":\"SearchAction\",\"target\":\"https:\/\/empresas.infoempleo.com\/hrtrends\/?s={search_term_string}\",\"query-input\":\"required name=search_term_string\"},\"inLanguage\":\"es\"},{\"@type\":\"Organization\",\"@id\":\"https:\/\/empresas.infoempleo.com\/hrtrends\/#organization\",\"name\":\"Infoempleo\",\"url\":\"https:\/\/www.infoempleo.com\/\",\"logo\":{\"@type\":\"ImageObject\",\"@id\":\"https:\/\/empresas.infoempleo.com\/hrtrends\/#logo\",\"inLanguage\":\"es\",\"url\":\"https:\/\/cdnazure.infoempleo.com\/infoempleo\/assets\/style\/gfx\/logo.svg\",\"contentUrl\":\"https:\/\/cdnazure.infoempleo.com\/infoempleo\/assets\/style\/gfx\/logo.svg\",\"width\":150,\"height\":40,\"caption\":\"Infoempleo\"},\"image\":{\"@id\":\"https:\/\/empresas.infoempleo.com\/hrtrends\/#logo\"},\"sameAs\":[\"https:\/\/www.facebook.com\/Infoempleo\",\"https:\/\/x.com\/infoempleo\",\"http:\/\/instagram.com\/infoempleo\/\",\"http:\/\/www.linkedin.com\/groups\/Empleo-Espa\u00f1a-Infoempleocom-111276\",\"http:\/\/pinterest.com\/infoempleo\/\"],\"address\":{\"@type\":\"PostalAddress\",\"addressLocality\":\"Madrid\",\"postalCode\":\"28050\",\"streetAddress\":\"Avenida de Burgos 114\"},\"brand\":[\"Infoempleo\"]},{\"@type\":\"Person\",\"@id\":\"https:\/\/empresas.infoempleo.com\/hrtrends\/#\/schema\/person\/67d3e276ffcc8b3ae0ebec816daf775a\",\"name\":\"infoempleo\",\"image\":{\"@type\":\"ImageObject\",\"inLanguage\":\"es\",\"@id\":\"https:\/\/empresas.infoempleo.com\/hrtrends\/#\/schema\/person\/image\/\",\"url\":\"https:\/\/secure.gravatar.com\/avatar\/7b437777242fe67d2473c2a818da2344692d1ee91e91080ccffbd97bcd4a0975?s=96&d=mm&r=g\",\"contentUrl\":\"https:\/\/secure.gravatar.com\/avatar\/7b437777242fe67d2473c2a818da2344692d1ee91e91080ccffbd97bcd4a0975?s=96&d=mm&r=g\",\"caption\":\"infoempleo\"},\"url\":\"https:\/\/empresas.infoempleo.com\/hrtrends\/author\/infoempleo\/\"}]}<\/script>\n<!-- \/ Yoast SEO plugin. -->","yoast_head_json":{"title":"SAP en la nube | HRTRENDS","robots":{"index":"index","follow":"follow","max-snippet":"max-snippet:-1","max-image-preview":"max-image-preview:large","max-video-preview":"max-video-preview:-1"},"canonical":"https:\/\/empresas.infoempleo.com\/hrtrends\/sap-en-la-nube\/","og_locale":"es_ES","og_type":"article","og_title":"SAP en la nube | HRTRENDS","og_description":"Por Javier Palacios, responsable del \u00e1rea Realtech Hosting Services y de Virtual SAP Cada d\u00eda todos estamos m\u00e1s Leer m\u00e1s","og_url":"https:\/\/empresas.infoempleo.com\/hrtrends\/sap-en-la-nube\/","og_site_name":"HRTRENDS","article_publisher":"https:\/\/www.facebook.com\/Infoempleo","article_published_time":"2010-06-14T09:08:21+00:00","article_modified_time":"2024-08-29T15:41:29+00:00","author":"infoempleo","twitter_card":"summary_large_image","twitter_creator":"@infoempleo","twitter_site":"@infoempleo","twitter_misc":{"Escrito por":"infoempleo","Tiempo de lectura":"3 minutos"},"schema":{"@context":"https:\/\/schema.org","@graph":[{"@type":"NewsArticle","@id":"https:\/\/empresas.infoempleo.com\/hrtrends\/sap-en-la-nube\/#article","isPartOf":{"@id":"https:\/\/empresas.infoempleo.com\/hrtrends\/sap-en-la-nube\/"},"author":{"name":"infoempleo","@id":"https:\/\/empresas.infoempleo.com\/hrtrends\/#\/schema\/person\/67d3e276ffcc8b3ae0ebec816daf775a"},"headline":"SAP en la nube","datePublished":"2010-06-14T09:08:21+00:00","dateModified":"2024-08-29T15:41:29+00:00","mainEntityOfPage":{"@id":"https:\/\/empresas.infoempleo.com\/hrtrends\/sap-en-la-nube\/"},"wordCount":547,"publisher":{"@id":"https:\/\/empresas.infoempleo.com\/hrtrends\/#organization"},"image":{"@id":"https:\/\/empresas.infoempleo.com\/hrtrends\/sap-en-la-nube\/#primaryimage"},"thumbnailUrl":"https:\/\/empresas.infoempleo.com\/hrtrends\/media\/2017\/05\/pexels-photo-205508.jpg","keywords":["aplicaci\u00f3n","Cloud Computing","finanzas","Internet","nube","Realtech","red","SAP"],"articleSection":["Actualidad"],"inLanguage":"es","copyrightYear":"2010","copyrightHolder":{"@id":"https:\/\/empresas.infoempleo.com\/hrtrends\/#organization"}},{"@type":"WebPage","@id":"https:\/\/empresas.infoempleo.com\/hrtrends\/sap-en-la-nube\/","url":"https:\/\/empresas.infoempleo.com\/hrtrends\/sap-en-la-nube\/","name":"SAP en la nube | HRTRENDS","isPartOf":{"@id":"https:\/\/empresas.infoempleo.com\/hrtrends\/#website"},"primaryImageOfPage":{"@id":"https:\/\/empresas.infoempleo.com\/hrtrends\/sap-en-la-nube\/#primaryimage"},"image":{"@id":"https:\/\/empresas.infoempleo.com\/hrtrends\/sap-en-la-nube\/#primaryimage"},"thumbnailUrl":"https:\/\/empresas.infoempleo.com\/hrtrends\/media\/2017\/05\/pexels-photo-205508.jpg","datePublished":"2010-06-14T09:08:21+00:00","dateModified":"2024-08-29T15:41:29+00:00","breadcrumb":{"@id":"https:\/\/empresas.infoempleo.com\/hrtrends\/sap-en-la-nube\/#breadcrumb"},"inLanguage":"es","potentialAction":[{"@type":"ReadAction","target":["https:\/\/empresas.infoempleo.com\/hrtrends\/sap-en-la-nube\/"]}]},{"@type":"ImageObject","inLanguage":"es","@id":"https:\/\/empresas.infoempleo.com\/hrtrends\/sap-en-la-nube\/#primaryimage","url":"https:\/\/empresas.infoempleo.com\/hrtrends\/media\/2017\/05\/pexels-photo-205508-150x150.jpg","contentUrl":"https:\/\/empresas.infoempleo.com\/hrtrends\/media\/2017\/05\/pexels-photo-205508-150x150.jpg","width":150,"height":150},{"@type":"BreadcrumbList","@id":"https:\/\/empresas.infoempleo.com\/hrtrends\/sap-en-la-nube\/#breadcrumb","itemListElement":[{"@type":"ListItem","position":1,"name":"Portada","item":"https:\/\/empresas.infoempleo.com\/hrtrends\/"},{"@type":"ListItem","position":2,"name":"SAP en la nube"}]},{"@type":"WebSite","@id":"https:\/\/empresas.infoempleo.com\/hrtrends\/#website","url":"https:\/\/empresas.infoempleo.com\/hrtrends","name":"HRTrends by Infoempleo","description":"","publisher":{"@id":"https:\/\/empresas.infoempleo.com\/hrtrends\/#organization"},"potentialAction":{"@type":"SearchAction","target":"https:\/\/empresas.infoempleo.com\/hrtrends\/?s={search_term_string}","query-input":"required name=search_term_string"},"inLanguage":"es"},{"@type":"Organization","@id":"https:\/\/empresas.infoempleo.com\/hrtrends\/#organization","name":"Infoempleo","url":"https:\/\/www.infoempleo.com\/","logo":{"@type":"ImageObject","@id":"https:\/\/empresas.infoempleo.com\/hrtrends\/#logo","inLanguage":"es","url":"https:\/\/cdnazure.infoempleo.com\/infoempleo\/assets\/style\/gfx\/logo.svg","contentUrl":"https:\/\/cdnazure.infoempleo.com\/infoempleo\/assets\/style\/gfx\/logo.svg","width":150,"height":40,"caption":"Infoempleo"},"image":{"@id":"https:\/\/empresas.infoempleo.com\/hrtrends\/#logo"},"sameAs":["https:\/\/www.facebook.com\/Infoempleo","https:\/\/x.com\/infoempleo","http:\/\/instagram.com\/infoempleo\/","http:\/\/www.linkedin.com\/groups\/Empleo-Espa\u00f1a-Infoempleocom-111276","http:\/\/pinterest.com\/infoempleo\/"],"address":{"@type":"PostalAddress","addressLocality":"Madrid","postalCode":"28050","streetAddress":"Avenida de Burgos 114"},"brand":["Infoempleo"]},{"@type":"Person","@id":"https:\/\/empresas.infoempleo.com\/hrtrends\/#\/schema\/person\/67d3e276ffcc8b3ae0ebec816daf775a","name":"infoempleo","image":{"@type":"ImageObject","inLanguage":"es","@id":"https:\/\/empresas.infoempleo.com\/hrtrends\/#\/schema\/person\/image\/","url":"https:\/\/secure.gravatar.com\/avatar\/7b437777242fe67d2473c2a818da2344692d1ee91e91080ccffbd97bcd4a0975?s=96&d=mm&r=g","contentUrl":"https:\/\/secure.gravatar.com\/avatar\/7b437777242fe67d2473c2a818da2344692d1ee91e91080ccffbd97bcd4a0975?s=96&d=mm&r=g","caption":"infoempleo"},"url":"https:\/\/empresas.infoempleo.com\/hrtrends\/author\/infoempleo\/"}]}},"amp_enabled":true,"_links":{"self":[{"href":"https:\/\/empresas.infoempleo.com\/hrtrends\/wp-json\/wp\/v2\/posts\/9708","targetHints":{"allow":["GET"]}}],"collection":[{"href":"https:\/\/empresas.infoempleo.com\/hrtrends\/wp-json\/wp\/v2\/posts"}],"about":[{"href":"https:\/\/empresas.infoempleo.com\/hrtrends\/wp-json\/wp\/v2\/types\/post"}],"author":[{"embeddable":true,"href":"https:\/\/empresas.infoempleo.com\/hrtrends\/wp-json\/wp\/v2\/users\/72"}],"replies":[{"embeddable":true,"href":"https:\/\/empresas.infoempleo.com\/hrtrends\/wp-json\/wp\/v2\/comments?post=9708"}],"version-history":[{"count":3,"href":"https:\/\/empresas.infoempleo.com\/hrtrends\/wp-json\/wp\/v2\/posts\/9708\/revisions"}],"predecessor-version":[{"id":44828,"href":"https:\/\/empresas.infoempleo.com\/hrtrends\/wp-json\/wp\/v2\/posts\/9708\/revisions\/44828"}],"wp:featuredmedia":[{"embeddable":true,"href":"https:\/\/empresas.infoempleo.com\/hrtrends\/wp-json\/wp\/v2\/media\/29665"}],"wp:attachment":[{"href":"https:\/\/empresas.infoempleo.com\/hrtrends\/wp-json\/wp\/v2\/media?parent=9708"}],"wp:term":[{"taxonomy":"category","embeddable":true,"href":"https:\/\/empresas.infoempleo.com\/hrtrends\/wp-json\/wp\/v2\/categories?post=9708"},{"taxonomy":"post_tag","embeddable":true,"href":"https:\/\/empresas.infoempleo.com\/hrtrends\/wp-json\/wp\/v2\/tags?post=9708"}],"curies":[{"name":"wp","href":"https:\/\/api.w.org\/{rel}","templated":true}]}}