{"id":9636,"date":"2010-06-07T08:56:03","date_gmt":"2010-06-07T07:56:03","guid":{"rendered":"http:\/\/blog.infoempleo.com\/?p=9636"},"modified":"2026-01-08T14:51:46","modified_gmt":"2026-01-08T12:51:46","slug":"inmigrantes-en-un-mundo-digital","status":"publish","type":"post","link":"https:\/\/empresas.infoempleo.com\/hrtrends\/inmigrantes-en-un-mundo-digital\/","title":{"rendered":"Inmigrantes en un mundo digital"},"content":{"rendered":"<p>\u00bfImprime las noticias que encuentra por la Red para leerlas m\u00e1s c\u00f3modamente e, incluso, subrayarlas? <strong>\u00bfLlama por tel\u00e9fono para comprobar que su e-mail le ha llegado correctamente al destinatario?<\/strong> \u00bfTodav\u00eda no es usuario de Spotify ni tiene \u2018followers\u2019 [seguidores] en Twitter? Si su respuesta es afirmativa, al menos para dos de las cuestiones, tenga por seguro que entra en la categor\u00eda de inmigrante digital. Pero, es m\u00e1s, si, por el contrario, pensaba que estos comportamientos son ya cosa del pasado probablemente tambi\u00e9n lo sea. Fue en el a\u00f1o 2001 cuando<a class=\"wp-caption-dd\" title=\"Marc Prensky\" href=\"https:\/\/marcprensky.com\/\" target=\"_blank\" rel=\"noopener\"> <strong>Marc Prensky<\/strong><\/a>, experto en educaci\u00f3n y TIC, acu\u00f1\u00f3 el t\u00e9rmino \u2018inmigrante digital\u2019 en contraposici\u00f3n a los nativos, es decir, a aquellos que han nacido dentro de la sociedad digital y, por tanto, no ha cumplido los veinte a\u00f1os. Ambas generaciones comparten la misma tecnolog\u00eda, pero la utilizan de manera distinta. L\u00f3gico si tenemos en cuenta que, como apreciaba Prensky en el art\u00edculo que origin\u00f3 esta divisi\u00f3n, \u00ablos nativos han crecido rodeados de ordenadores, m\u00f3viles, videojuegos&#8230; De media, <strong>antes de llegar a la universidad estos chicos han pasado 5.000 horas de sus vidas leyendo y m\u00e1s de 10.000 delante de una consola\u00bb<\/strong>.<\/p>\n<p style=\"text-align: center\">\n<p>De este modo, en ese gran grupo de inmigrantes digitales, que por ahora son mayor\u00eda, se encuentran profesionales con tal experiencia en el sector de las nuevas tecnolog\u00edas como el director general de Google en Espa\u00f1a, el consejero delegado del Instituto Superior para el Desarrollo de Internet (ISDI) o el impulsor de la Biblioteca Virtual Miguel de Cervantes. Este \u00faltimo,<strong> Andr\u00e9s Pedre\u00f1o<\/strong>, que tambi\u00e9n es consejero de Universia, acepta este calificativo y a\u00f1ade: \u00abHay un grupo de inmigrantes, entre los que aspiro a estar, que hemos puesto entusiasmo por adaptarnos lo mejor posible, pero es evidente que no lo hacemos de forma natural\u00bb. De esta misma opini\u00f3n es <strong><a class=\"wp-caption-dd\" title=\"Nacho de Pinedo\" href=\"https:\/\/www.abc.es\/20100409\/medios-redes-radio-tv\/nacho-pinedo-sogecable-201004092014.html\" target=\"_blank\" rel=\"noopener\">Nacho de Pinedo<\/a><\/strong>. El CEO del ISDI reconoce que mientras a su hijo le da un iPad y lo maneja en cinco minutos, \u00abel resto hemos aprendido en un mundo anal\u00f3gico, por eso hemos tenido que hacer un esfuerzo para aprender y entender el mundo de Internet\u00bb. De Pinedo cree que, sin embargo, dentro de los inmigrantes digitales hay un tercer grupo: los que no se mueven. \u00abNo han hecho ese esfuerzo, por lo que para ellos Internet puede ser como el hielo para los dinosaurios\u00bb.<\/p>\n<p>El miedo, el recelo y la desconfianza son las principales razones que llevan a este inmovilismo. Pedre\u00f1o, por ejemplo, con 57 a\u00f1os, tiene un \u2018blog\u2019, sabe lenguaje HTML y XML, pero admite que puede ser m\u00e1s dif\u00edcil acostumbrarse a comprar un billete de bajo coste a trav\u00e9s de la Red. Pese a todo, las nuevas tecnolog\u00edas se han colado en nuestras vidas y siguen haci\u00e9ndolo de una forma imparable. Seg\u00fan los \u00faltimos datos de Nielsen, en febrero m\u00e1s de 25 millones de espa\u00f1oles accedieron a alguna p\u00e1gina \u2018web\u2019. Otra cifra: <a class=\"wp-caption-dd\" title=\"Facebook\" href=\"https:\/\/www.abc.es\/20100524\/medios-redes-web\/facebook-usuarios-espana-201005241241.html\" target=\"_self\" rel=\"noopener\">en Espa\u00f1a diez millones de usuarios comparten fotos, comentarios y opiniones con sus \u2018amigos\u2019 de Facebook<\/a>.<\/p>\n<p>El problema surge cuando nos trasladamos de la vida privada \u2014la de las redes sociales, las descargas de m\u00fasica, la \u2018web\u2019 2.0&#8230;\u2014 a la profesional. \u00abEs la misma diferencia que existe entre conducir un coche y poder dise\u00f1arlo, fabricarlo y comercializarlo\u00bb, resuelve De Pinedo.<\/p>\n<p><strong>El primer paso para que el mundo digital cale en el de la empresa reside en la educaci\u00f3n.<\/strong> Con esta premisa por bandera, y conscientes de que existen grandes carencias formativas en este \u00e1mbito, el a\u00f1o pasado se celebr\u00f3 la primera edici\u00f3n del Master en Internet Business. Avalado e impartido por un grupo de profesionales en activo como el propio<strong> Nacho de Pinedo<\/strong> o <strong>Javier Rodr\u00edguez Zapatero<\/strong>, director general de Google, part\u00eda de una formaci\u00f3n integral en Internet, desde marketing, m\u00e9trica, dise\u00f1o y gesti\u00f3n de contenidos a modelos de negocio, redes sociales, integraci\u00f3n con el m\u00f3vil&#8230; <strong>La sorpresa para los organizadores fue que el alumnado estaba compuesto al 100% por trabajadores con experiencia<\/strong>. \u00abEs un reflejo de que las empresas quieren y deben acometer sus negocios digitales con \u00e9xito, pero no tienen expertos preparados para ello\u00bb, explica Rodr\u00edguez Zapatero, que lamenta que tan s\u00f3lo 450.000 de las m\u00e1s de 3,5 millones de pymes que hay en nuestro pa\u00eds tengan presencia en Internet. En otro aspecto que vamos por detr\u00e1s es el comercio electr\u00f3nico: \u00abMientras que en Estados Unidos supone el 7% de todas las ventas del pa\u00eds, aqu\u00ed apenas llega al 1%\u00bb.<\/p>\n<p>De Pinedo lo explica:<strong> \u00abEspa\u00f1a no se puede digitalizar m\u00e1s r\u00e1pido porque no tiene suficientes profesionales para conducir esa digitalizaci\u00f3n\u00bb<\/strong>. Oportunidades hay, la clave es c\u00f3mo aprovecharlas. As\u00ed, el director general de Google en Espa\u00f1a encuentra en el mundo \u2018online\u2019 \u00abel \u00fanico sendero verde en este momento de crisis donde ves secarral por todas partes\u00bb.<\/p>\n<p>Sin embargo, por mucha formaci\u00f3n que reciba un inmigrante digital, no pierde esta identidad que le confieren unas caracter\u00edsticas determinadas a la hora de enfrentarse a la tecnolog\u00eda. Prensky citaba, entre otros, el procesamiento secuencial, la forma lineal de pensar o la prioridad de la lengua escrita. Por su parte, Javier Rodr\u00edguez \u00a0Zapatero, que antes de Google ocup\u00f3 la presidencia en Yahoo!, confiesa que para un inmigrante el esfuerzo y el trabajo para adaptarse son continuos. \u00abNo es que el mundo de las nuevas tecnolog\u00edas sea complicado, es que cada d\u00eda salen novedades. <strong>El reto es dominar la velocidad a la que camina la tecnolog\u00eda<\/strong> y para eso, fij\u00e9monos en c\u00f3mo lo hacen los chavales, que no se agobian con los cambios sino que abrazan cada novedad incluso con emoci\u00f3n\u00bb.<\/p>\n","protected":false},"excerpt":{"rendered":"<p>\u00bfImprime las noticias que encuentra por la Red para leerlas m\u00e1s c\u00f3modamente e, incluso, subrayarlas? \u00bfLlama por tel\u00e9fono<a class=\"moretag\" href=\"https:\/\/empresas.infoempleo.com\/hrtrends\/inmigrantes-en-un-mundo-digital\/\"> Leer m\u00e1s<\/a><\/p>\n","protected":false},"author":33,"featured_media":29665,"comment_status":"closed","ping_status":"open","sticky":false,"template":"","format":"standard","meta":{"footnotes":""},"categories":[3],"tags":[1904,25,1905,509,1906,427,1907,1908,1909,1910,510,727,1911],"class_list":["post-9636","post","type-post","status-publish","format-standard","has-post-thumbnail","hentry","category-actualidad","tag-andres-pedreno","tag-google","tag-inmigrante-digital","tag-internet","tag-isdi","tag-javier-rodriguez-zapatero","tag-marc-prensky","tag-master-en-internet-business","tag-nacho-de-pinedo","tag-nativo-digital","tag-nuevas-tecnologias","tag-tic","tag-universia"],"yoast_head":"<!-- This site is optimized with the Yoast SEO plugin v26.1.1 - https:\/\/yoast.com\/wordpress\/plugins\/seo\/ -->\n<title>Inmigrantes en un mundo digital | HRTRENDS<\/title>\n<meta name=\"robots\" content=\"index, follow, max-snippet:-1, max-image-preview:large, max-video-preview:-1\" \/>\n<link rel=\"canonical\" href=\"https:\/\/empresas.infoempleo.com\/hrtrends\/inmigrantes-en-un-mundo-digital\/\" \/>\n<meta property=\"og:locale\" content=\"es_ES\" \/>\n<meta property=\"og:type\" content=\"article\" \/>\n<meta property=\"og:title\" content=\"Inmigrantes en un mundo digital | HRTRENDS\" \/>\n<meta property=\"og:description\" content=\"\u00bfImprime las noticias que encuentra por la Red para leerlas m\u00e1s c\u00f3modamente e, incluso, subrayarlas? \u00bfLlama por tel\u00e9fono Leer m\u00e1s\" \/>\n<meta property=\"og:url\" content=\"https:\/\/empresas.infoempleo.com\/hrtrends\/inmigrantes-en-un-mundo-digital\/\" \/>\n<meta property=\"og:site_name\" content=\"HRTRENDS\" \/>\n<meta property=\"article:publisher\" content=\"https:\/\/www.facebook.com\/Infoempleo\" \/>\n<meta property=\"article:published_time\" content=\"2010-06-07T07:56:03+00:00\" \/>\n<meta property=\"article:modified_time\" content=\"2026-01-08T12:51:46+00:00\" \/>\n<meta name=\"author\" content=\"Cristina Mart\u00edn\" \/>\n<meta name=\"twitter:card\" content=\"summary_large_image\" \/>\n<meta name=\"twitter:creator\" content=\"@infoempleo\" \/>\n<meta name=\"twitter:site\" content=\"@infoempleo\" \/>\n<meta name=\"twitter:label1\" content=\"Escrito por\" \/>\n\t<meta name=\"twitter:data1\" content=\"Cristina Mart\u00edn\" \/>\n\t<meta name=\"twitter:label2\" content=\"Tiempo de lectura\" \/>\n\t<meta name=\"twitter:data2\" content=\"5 minutos\" \/>\n<script type=\"application\/ld+json\" class=\"yoast-schema-graph\">{\"@context\":\"https:\/\/schema.org\",\"@graph\":[{\"@type\":\"NewsArticle\",\"@id\":\"https:\/\/empresas.infoempleo.com\/hrtrends\/inmigrantes-en-un-mundo-digital\/#article\",\"isPartOf\":{\"@id\":\"https:\/\/empresas.infoempleo.com\/hrtrends\/inmigrantes-en-un-mundo-digital\/\"},\"author\":{\"name\":\"Cristina Mart\u00edn\",\"@id\":\"https:\/\/empresas.infoempleo.com\/hrtrends\/#\/schema\/person\/f211bd3f083559daff103f670fe968b8\"},\"headline\":\"Inmigrantes en un mundo digital\",\"datePublished\":\"2010-06-07T07:56:03+00:00\",\"dateModified\":\"2026-01-08T12:51:46+00:00\",\"mainEntityOfPage\":{\"@id\":\"https:\/\/empresas.infoempleo.com\/hrtrends\/inmigrantes-en-un-mundo-digital\/\"},\"wordCount\":981,\"publisher\":{\"@id\":\"https:\/\/empresas.infoempleo.com\/hrtrends\/#organization\"},\"image\":{\"@id\":\"https:\/\/empresas.infoempleo.com\/hrtrends\/inmigrantes-en-un-mundo-digital\/#primaryimage\"},\"thumbnailUrl\":\"https:\/\/empresas.infoempleo.com\/hrtrends\/media\/2017\/05\/pexels-photo-205508.jpg\",\"keywords\":[\"Andres Pedre\u00f1o\",\"Google\",\"inmigrante digital\",\"Internet\",\"ISDI\",\"Javier Rodr\u00edguez Zapatero\",\"Marc Prensky\",\"master en Internet Business\",\"Nacho de Pinedo\",\"nativo digital\",\"nuevas tecnolog\u00edas\",\"tic\",\"Universia\"],\"articleSection\":[\"Actualidad\"],\"inLanguage\":\"es\",\"copyrightYear\":\"2010\",\"copyrightHolder\":{\"@id\":\"https:\/\/empresas.infoempleo.com\/hrtrends\/#organization\"}},{\"@type\":\"WebPage\",\"@id\":\"https:\/\/empresas.infoempleo.com\/hrtrends\/inmigrantes-en-un-mundo-digital\/\",\"url\":\"https:\/\/empresas.infoempleo.com\/hrtrends\/inmigrantes-en-un-mundo-digital\/\",\"name\":\"Inmigrantes en un mundo digital | HRTRENDS\",\"isPartOf\":{\"@id\":\"https:\/\/empresas.infoempleo.com\/hrtrends\/#website\"},\"primaryImageOfPage\":{\"@id\":\"https:\/\/empresas.infoempleo.com\/hrtrends\/inmigrantes-en-un-mundo-digital\/#primaryimage\"},\"image\":{\"@id\":\"https:\/\/empresas.infoempleo.com\/hrtrends\/inmigrantes-en-un-mundo-digital\/#primaryimage\"},\"thumbnailUrl\":\"https:\/\/empresas.infoempleo.com\/hrtrends\/media\/2017\/05\/pexels-photo-205508.jpg\",\"datePublished\":\"2010-06-07T07:56:03+00:00\",\"dateModified\":\"2026-01-08T12:51:46+00:00\",\"breadcrumb\":{\"@id\":\"https:\/\/empresas.infoempleo.com\/hrtrends\/inmigrantes-en-un-mundo-digital\/#breadcrumb\"},\"inLanguage\":\"es\",\"potentialAction\":[{\"@type\":\"ReadAction\",\"target\":[\"https:\/\/empresas.infoempleo.com\/hrtrends\/inmigrantes-en-un-mundo-digital\/\"]}]},{\"@type\":\"ImageObject\",\"inLanguage\":\"es\",\"@id\":\"https:\/\/empresas.infoempleo.com\/hrtrends\/inmigrantes-en-un-mundo-digital\/#primaryimage\",\"url\":\"https:\/\/empresas.infoempleo.com\/hrtrends\/media\/2017\/05\/pexels-photo-205508-150x150.jpg\",\"contentUrl\":\"https:\/\/empresas.infoempleo.com\/hrtrends\/media\/2017\/05\/pexels-photo-205508-150x150.jpg\",\"width\":150,\"height\":150},{\"@type\":\"BreadcrumbList\",\"@id\":\"https:\/\/empresas.infoempleo.com\/hrtrends\/inmigrantes-en-un-mundo-digital\/#breadcrumb\",\"itemListElement\":[{\"@type\":\"ListItem\",\"position\":1,\"name\":\"Portada\",\"item\":\"https:\/\/empresas.infoempleo.com\/hrtrends\/\"},{\"@type\":\"ListItem\",\"position\":2,\"name\":\"Inmigrantes en un mundo digital\"}]},{\"@type\":\"WebSite\",\"@id\":\"https:\/\/empresas.infoempleo.com\/hrtrends\/#website\",\"url\":\"https:\/\/empresas.infoempleo.com\/hrtrends\",\"name\":\"HRTrends by Infoempleo\",\"description\":\"\",\"publisher\":{\"@id\":\"https:\/\/empresas.infoempleo.com\/hrtrends\/#organization\"},\"potentialAction\":{\"@type\":\"SearchAction\",\"target\":\"https:\/\/empresas.infoempleo.com\/hrtrends\/?s={search_term_string}\",\"query-input\":\"required name=search_term_string\"},\"inLanguage\":\"es\"},{\"@type\":\"Organization\",\"@id\":\"https:\/\/empresas.infoempleo.com\/hrtrends\/#organization\",\"name\":\"Infoempleo\",\"url\":\"https:\/\/www.infoempleo.com\/\",\"logo\":{\"@type\":\"ImageObject\",\"@id\":\"https:\/\/empresas.infoempleo.com\/hrtrends\/#logo\",\"inLanguage\":\"es\",\"url\":\"https:\/\/cdnazure.infoempleo.com\/infoempleo\/assets\/style\/gfx\/logo.svg\",\"contentUrl\":\"https:\/\/cdnazure.infoempleo.com\/infoempleo\/assets\/style\/gfx\/logo.svg\",\"width\":150,\"height\":40,\"caption\":\"Infoempleo\"},\"image\":{\"@id\":\"https:\/\/empresas.infoempleo.com\/hrtrends\/#logo\"},\"sameAs\":[\"https:\/\/www.facebook.com\/Infoempleo\",\"https:\/\/x.com\/infoempleo\",\"http:\/\/instagram.com\/infoempleo\/\",\"http:\/\/www.linkedin.com\/groups\/Empleo-Espa\u00f1a-Infoempleocom-111276\",\"http:\/\/pinterest.com\/infoempleo\/\"],\"address\":{\"@type\":\"PostalAddress\",\"addressLocality\":\"Madrid\",\"postalCode\":\"28050\",\"streetAddress\":\"Avenida de Burgos 114\"},\"brand\":[\"Infoempleo\"]},{\"@type\":\"Person\",\"@id\":\"https:\/\/empresas.infoempleo.com\/hrtrends\/#\/schema\/person\/f211bd3f083559daff103f670fe968b8\",\"name\":\"Cristina Mart\u00edn\",\"image\":{\"@type\":\"ImageObject\",\"inLanguage\":\"es\",\"@id\":\"https:\/\/empresas.infoempleo.com\/hrtrends\/#\/schema\/person\/image\/\",\"url\":\"https:\/\/secure.gravatar.com\/avatar\/7a85ff01010a0d921dc9d1da42a82a70f74e2cd0329b7fc20ee2c1c08a97daed?s=96&d=mm&r=g\",\"contentUrl\":\"https:\/\/secure.gravatar.com\/avatar\/7a85ff01010a0d921dc9d1da42a82a70f74e2cd0329b7fc20ee2c1c08a97daed?s=96&d=mm&r=g\",\"caption\":\"Cristina Mart\u00edn\"},\"url\":\"https:\/\/empresas.infoempleo.com\/hrtrends\/author\/cristina-martin\/\"}]}<\/script>\n<!-- \/ Yoast SEO plugin. -->","yoast_head_json":{"title":"Inmigrantes en un mundo digital | HRTRENDS","robots":{"index":"index","follow":"follow","max-snippet":"max-snippet:-1","max-image-preview":"max-image-preview:large","max-video-preview":"max-video-preview:-1"},"canonical":"https:\/\/empresas.infoempleo.com\/hrtrends\/inmigrantes-en-un-mundo-digital\/","og_locale":"es_ES","og_type":"article","og_title":"Inmigrantes en un mundo digital | HRTRENDS","og_description":"\u00bfImprime las noticias que encuentra por la Red para leerlas m\u00e1s c\u00f3modamente e, incluso, subrayarlas? \u00bfLlama por tel\u00e9fono Leer m\u00e1s","og_url":"https:\/\/empresas.infoempleo.com\/hrtrends\/inmigrantes-en-un-mundo-digital\/","og_site_name":"HRTRENDS","article_publisher":"https:\/\/www.facebook.com\/Infoempleo","article_published_time":"2010-06-07T07:56:03+00:00","article_modified_time":"2026-01-08T12:51:46+00:00","author":"Cristina Mart\u00edn","twitter_card":"summary_large_image","twitter_creator":"@infoempleo","twitter_site":"@infoempleo","twitter_misc":{"Escrito por":"Cristina Mart\u00edn","Tiempo de lectura":"5 minutos"},"schema":{"@context":"https:\/\/schema.org","@graph":[{"@type":"NewsArticle","@id":"https:\/\/empresas.infoempleo.com\/hrtrends\/inmigrantes-en-un-mundo-digital\/#article","isPartOf":{"@id":"https:\/\/empresas.infoempleo.com\/hrtrends\/inmigrantes-en-un-mundo-digital\/"},"author":{"name":"Cristina Mart\u00edn","@id":"https:\/\/empresas.infoempleo.com\/hrtrends\/#\/schema\/person\/f211bd3f083559daff103f670fe968b8"},"headline":"Inmigrantes en un mundo digital","datePublished":"2010-06-07T07:56:03+00:00","dateModified":"2026-01-08T12:51:46+00:00","mainEntityOfPage":{"@id":"https:\/\/empresas.infoempleo.com\/hrtrends\/inmigrantes-en-un-mundo-digital\/"},"wordCount":981,"publisher":{"@id":"https:\/\/empresas.infoempleo.com\/hrtrends\/#organization"},"image":{"@id":"https:\/\/empresas.infoempleo.com\/hrtrends\/inmigrantes-en-un-mundo-digital\/#primaryimage"},"thumbnailUrl":"https:\/\/empresas.infoempleo.com\/hrtrends\/media\/2017\/05\/pexels-photo-205508.jpg","keywords":["Andres Pedre\u00f1o","Google","inmigrante digital","Internet","ISDI","Javier Rodr\u00edguez Zapatero","Marc Prensky","master en Internet Business","Nacho de Pinedo","nativo digital","nuevas tecnolog\u00edas","tic","Universia"],"articleSection":["Actualidad"],"inLanguage":"es","copyrightYear":"2010","copyrightHolder":{"@id":"https:\/\/empresas.infoempleo.com\/hrtrends\/#organization"}},{"@type":"WebPage","@id":"https:\/\/empresas.infoempleo.com\/hrtrends\/inmigrantes-en-un-mundo-digital\/","url":"https:\/\/empresas.infoempleo.com\/hrtrends\/inmigrantes-en-un-mundo-digital\/","name":"Inmigrantes en un mundo digital | HRTRENDS","isPartOf":{"@id":"https:\/\/empresas.infoempleo.com\/hrtrends\/#website"},"primaryImageOfPage":{"@id":"https:\/\/empresas.infoempleo.com\/hrtrends\/inmigrantes-en-un-mundo-digital\/#primaryimage"},"image":{"@id":"https:\/\/empresas.infoempleo.com\/hrtrends\/inmigrantes-en-un-mundo-digital\/#primaryimage"},"thumbnailUrl":"https:\/\/empresas.infoempleo.com\/hrtrends\/media\/2017\/05\/pexels-photo-205508.jpg","datePublished":"2010-06-07T07:56:03+00:00","dateModified":"2026-01-08T12:51:46+00:00","breadcrumb":{"@id":"https:\/\/empresas.infoempleo.com\/hrtrends\/inmigrantes-en-un-mundo-digital\/#breadcrumb"},"inLanguage":"es","potentialAction":[{"@type":"ReadAction","target":["https:\/\/empresas.infoempleo.com\/hrtrends\/inmigrantes-en-un-mundo-digital\/"]}]},{"@type":"ImageObject","inLanguage":"es","@id":"https:\/\/empresas.infoempleo.com\/hrtrends\/inmigrantes-en-un-mundo-digital\/#primaryimage","url":"https:\/\/empresas.infoempleo.com\/hrtrends\/media\/2017\/05\/pexels-photo-205508-150x150.jpg","contentUrl":"https:\/\/empresas.infoempleo.com\/hrtrends\/media\/2017\/05\/pexels-photo-205508-150x150.jpg","width":150,"height":150},{"@type":"BreadcrumbList","@id":"https:\/\/empresas.infoempleo.com\/hrtrends\/inmigrantes-en-un-mundo-digital\/#breadcrumb","itemListElement":[{"@type":"ListItem","position":1,"name":"Portada","item":"https:\/\/empresas.infoempleo.com\/hrtrends\/"},{"@type":"ListItem","position":2,"name":"Inmigrantes en un mundo digital"}]},{"@type":"WebSite","@id":"https:\/\/empresas.infoempleo.com\/hrtrends\/#website","url":"https:\/\/empresas.infoempleo.com\/hrtrends","name":"HRTrends by Infoempleo","description":"","publisher":{"@id":"https:\/\/empresas.infoempleo.com\/hrtrends\/#organization"},"potentialAction":{"@type":"SearchAction","target":"https:\/\/empresas.infoempleo.com\/hrtrends\/?s={search_term_string}","query-input":"required name=search_term_string"},"inLanguage":"es"},{"@type":"Organization","@id":"https:\/\/empresas.infoempleo.com\/hrtrends\/#organization","name":"Infoempleo","url":"https:\/\/www.infoempleo.com\/","logo":{"@type":"ImageObject","@id":"https:\/\/empresas.infoempleo.com\/hrtrends\/#logo","inLanguage":"es","url":"https:\/\/cdnazure.infoempleo.com\/infoempleo\/assets\/style\/gfx\/logo.svg","contentUrl":"https:\/\/cdnazure.infoempleo.com\/infoempleo\/assets\/style\/gfx\/logo.svg","width":150,"height":40,"caption":"Infoempleo"},"image":{"@id":"https:\/\/empresas.infoempleo.com\/hrtrends\/#logo"},"sameAs":["https:\/\/www.facebook.com\/Infoempleo","https:\/\/x.com\/infoempleo","http:\/\/instagram.com\/infoempleo\/","http:\/\/www.linkedin.com\/groups\/Empleo-Espa\u00f1a-Infoempleocom-111276","http:\/\/pinterest.com\/infoempleo\/"],"address":{"@type":"PostalAddress","addressLocality":"Madrid","postalCode":"28050","streetAddress":"Avenida de Burgos 114"},"brand":["Infoempleo"]},{"@type":"Person","@id":"https:\/\/empresas.infoempleo.com\/hrtrends\/#\/schema\/person\/f211bd3f083559daff103f670fe968b8","name":"Cristina Mart\u00edn","image":{"@type":"ImageObject","inLanguage":"es","@id":"https:\/\/empresas.infoempleo.com\/hrtrends\/#\/schema\/person\/image\/","url":"https:\/\/secure.gravatar.com\/avatar\/7a85ff01010a0d921dc9d1da42a82a70f74e2cd0329b7fc20ee2c1c08a97daed?s=96&d=mm&r=g","contentUrl":"https:\/\/secure.gravatar.com\/avatar\/7a85ff01010a0d921dc9d1da42a82a70f74e2cd0329b7fc20ee2c1c08a97daed?s=96&d=mm&r=g","caption":"Cristina Mart\u00edn"},"url":"https:\/\/empresas.infoempleo.com\/hrtrends\/author\/cristina-martin\/"}]}},"amp_enabled":true,"_links":{"self":[{"href":"https:\/\/empresas.infoempleo.com\/hrtrends\/wp-json\/wp\/v2\/posts\/9636","targetHints":{"allow":["GET"]}}],"collection":[{"href":"https:\/\/empresas.infoempleo.com\/hrtrends\/wp-json\/wp\/v2\/posts"}],"about":[{"href":"https:\/\/empresas.infoempleo.com\/hrtrends\/wp-json\/wp\/v2\/types\/post"}],"author":[{"embeddable":true,"href":"https:\/\/empresas.infoempleo.com\/hrtrends\/wp-json\/wp\/v2\/users\/33"}],"replies":[{"embeddable":true,"href":"https:\/\/empresas.infoempleo.com\/hrtrends\/wp-json\/wp\/v2\/comments?post=9636"}],"version-history":[{"count":7,"href":"https:\/\/empresas.infoempleo.com\/hrtrends\/wp-json\/wp\/v2\/posts\/9636\/revisions"}],"predecessor-version":[{"id":47385,"href":"https:\/\/empresas.infoempleo.com\/hrtrends\/wp-json\/wp\/v2\/posts\/9636\/revisions\/47385"}],"wp:featuredmedia":[{"embeddable":true,"href":"https:\/\/empresas.infoempleo.com\/hrtrends\/wp-json\/wp\/v2\/media\/29665"}],"wp:attachment":[{"href":"https:\/\/empresas.infoempleo.com\/hrtrends\/wp-json\/wp\/v2\/media?parent=9636"}],"wp:term":[{"taxonomy":"category","embeddable":true,"href":"https:\/\/empresas.infoempleo.com\/hrtrends\/wp-json\/wp\/v2\/categories?post=9636"},{"taxonomy":"post_tag","embeddable":true,"href":"https:\/\/empresas.infoempleo.com\/hrtrends\/wp-json\/wp\/v2\/tags?post=9636"}],"curies":[{"name":"wp","href":"https:\/\/api.w.org\/{rel}","templated":true}]}}