{"id":9631,"date":"2010-06-07T12:25:40","date_gmt":"2010-06-07T11:25:40","guid":{"rendered":"http:\/\/blog.infoempleo.com\/?p=9631"},"modified":"2024-08-29T17:41:25","modified_gmt":"2024-08-29T15:41:25","slug":"mejor-marca-mas-empleo","status":"publish","type":"post","link":"https:\/\/empresas.infoempleo.com\/hrtrends\/mejor-marca-mas-empleo\/","title":{"rendered":"Mejor marca, m\u00e1s empleo"},"content":{"rendered":"<p><strong>Por Ra\u00fal Peralba, presidente de Positioning Systems<br \/>\nConferenciante de <a class=\"wp-caption-dd\" title=\"Thinking Heads\" href=\"https:\/\/thinkingheads.com\/\" target=\"_blank\" rel=\"noopener\">Thinking Heads<\/a><\/strong><\/p>\n<p>Esto, m\u00e1s que crisis, es una cat\u00e1strofe. <strong>Pero corregir el d\u00e9ficit reduciendo no es lo inteligente, mejor pensar en como aumentar la activid<\/strong>ad. \u00bfPor qu\u00e9 los pol\u00edticos no hablan de esto? \u00bfSer\u00e1 que no saben? Adem\u00e1s de cuidar lo que se gasta hay que buscar clientes all\u00ed donde est\u00e9n. Para eso la Marca \u2018Espa\u00f1a\u2019 es clave: m\u00e1s ventas globales, m\u00e1s trabajo y m\u00e1s empleo en casa&#8230;<\/p>\n<p>Para ello, har\u00eda falta alguien con capacidad de decisi\u00f3n que se ocupase. Pero como ese \u2018guardi\u00e1n de la marca\u2019 no est\u00e1 ni se le espera, algo hay que hacer, cada cual lo que pueda, en beneficio de todos. Aqu\u00ed, algunas reflexiones que pueden ayudar*:<\/p>\n<p><strong>1. Espa\u00f1a es Europa<\/strong>. Siempre que hablemos de Espa\u00f1a record\u00e9moslo. Nos reforzar\u00e1 donde ya nos conocen y ayudar\u00e1 a presentarnos donde no lo hacen.<\/p>\n<p><strong>2. Transferir prestigio<\/strong>. Hay personas y empresas espa\u00f1olas que tienen prestigio internacional propio. Deber\u00edan transferirlo a la debilitada \u2018Marca Espa\u00f1a\u2019 diciendo que son de aqu\u00ed. Tambi\u00e9n hay que aprovechar uno de nuestros valores m\u00e1s importantes: el turismo. \u00bfPor qu\u00e9 no apalancarnos en este activo? Si a Espa\u00f1a vienen tantos turistas por algo ser\u00e1, us\u00e9moslo para promover otros sectores.<\/p>\n<p><strong>3. Informar en Espa\u00f1a<\/strong>. Muchos espa\u00f1oles no saben que somos los primeros productores de aceite de oliva, doblando a los italianos; o el pa\u00eds preferido por los europeos para sus vacaciones; o que Inditex, Freixenet, ACS, Indra\u2026 son l\u00edderes mundiales en sus sectores. Si esto lo supieran los ciudadanos de a pie mejorar\u00eda su autoestima y se transformar\u00edan en promotores.<\/p>\n<p><strong>4. Pensar en positivo<\/strong>. Deber\u00edamos hablar siempre bien de nuestro pa\u00eds. Por ejemplo, las pel\u00edculas de Almod\u00f3var o Amen\u00e1bar podr\u00edan evitar las historias truculentas y contar las positivas que nos promovieran por el mundo.<\/p>\n<p><strong>5. Aprovechar oportunidades<\/strong>. El pasado mes de abril se celebr\u00f3 el cl\u00e1sico Madrid-Bar\u00e7a, que se vio en 200 pa\u00edses. \u00bfPor qu\u00e9 no se aprovech\u00f3 la ocasi\u00f3n para pasar un \u2018avisito\u2019?<\/p>\n<p><strong>6. No internacionalizar conflictos internos<\/strong>. \u2018La ropa sucia se lava en casa\u2019 es un refr\u00e1n pr\u00e1ctico. Cuando los personajes de la pol\u00edtica, las artes o el deporte despotrican unos contra otros, sus palabras circulan por todas las agencias de noticias y desgastan nuestra imagen.<\/p>\n<p><strong>7. Sacudirnos los complejos. <\/strong>Debemos acostumbrarnos a \u2018positivizar\u2019 nuestras peculiaridades. Siesta, s\u00ed se\u00f1or, por eso aguantamos trabajando hasta tarde y luego podemos salir. \u00a1Calidad de vida! De eso se trata, de ver el lado bueno. TourEspa\u00f1a ya lo est\u00e1 intentando con su campa\u00f1a \u2018I need Spain\u2019 (los del turismo siempre van delante\u2026)<\/p>\n<p><strong>8. Integrar, no diluir.<\/strong> Espa\u00f1a es un pa\u00eds diverso, pero no deber\u00eda ser disperso. Independientemente de que mantengamos nuestra personalidad, no hay que confundir a los clientes.<\/p>\n<p><strong>9. Enviar m\u00e1s \u2018soldados de frontera\u2019.<\/strong> La gesti\u00f3n de las empresas globales necesita gestores con experiencia internacional.<\/p>\n<p><strong>10. Crear sinergias.<\/strong> Tenemos la obsesi\u00f3n del \u2018llanero solitario\u2019. Cada instituci\u00f3n, cada empresa, cada espa\u00f1ol quiere ser \u2018el descubridor\u2019. No estar\u00eda mal que compiti\u00e9ramos en casa, pero fu\u00e9semos aliados fuera.<\/p>\n<p>Seguramente hay m\u00e1s, pero si todos sigui\u00e9ramos estos diez consejos, las cosas, tal vez, se mover\u00edan m\u00e1s y mejor. Repito:<strong> a mejor \u2018Marca Espa\u00f1a\u2019, m\u00e1s negocios globales, m\u00e1s ingresos, m\u00e1s empleos.<\/strong><\/p>\n<p style=\"text-align: right\"><em>\u00a0* Ideas incluidas en el libro \u2018<a class=\"wp-caption-dd\" title=\"El posicionamiento de la marca Espa\u00f1a\" href=\"https:\/\/queue.fnacdarty.com\/?c=fnacdarty&#038;e=esprdfnaccom&#038;ver=v3-javascript-3.6.3&#038;cver=140&#038;man=ES%20PRD%20FNAC.COM&#038;cid=es-ES&#038;l=ESPRD-FNAC.COM%20Black-Friday&#038;t=http%3A%2F%2Flibros.fnac.es%2Fa382194%2FRaul-Peralba-El-posicionamiento-de-la-marca-Espana-y-su-competitividad-internacional&#038;kupver=akamai-2.1.1\" target=\"_blank\" rel=\"noopener\">El posicionamiento de la Marca Espa\u00f1a y su competitividad internacional\u2019 <\/a><br \/>\n(Ed. Pir\u00e1mide).<\/em><\/p>\n","protected":false},"excerpt":{"rendered":"<p>Por Ra\u00fal Peralba, presidente de Positioning Systems Conferenciante de Thinking Heads Esto, m\u00e1s que crisis, es una cat\u00e1strofe.<a class=\"moretag\" href=\"https:\/\/empresas.infoempleo.com\/hrtrends\/mejor-marca-mas-empleo\/\"> Leer m\u00e1s<\/a><\/p>\n","protected":false},"author":72,"featured_media":29665,"comment_status":"closed","ping_status":"open","sticky":false,"template":"","format":"standard","meta":{"footnotes":""},"categories":[3],"tags":[749,48,162,306,374,137,688,1903,316],"class_list":["post-9631","post","type-post","status-publish","format-standard","has-post-thumbnail","hentry","category-actualidad","tag-competitividad","tag-crisis","tag-empleo","tag-espana","tag-europa","tag-marca","tag-prestigio","tag-raul-peralba","tag-thinking-heads"],"yoast_head":"<!-- This site is optimized with the Yoast SEO plugin v26.1.1 - https:\/\/yoast.com\/wordpress\/plugins\/seo\/ -->\n<title>Mejor marca, m\u00e1s empleo | HRTRENDS<\/title>\n<meta name=\"robots\" content=\"index, follow, max-snippet:-1, max-image-preview:large, max-video-preview:-1\" \/>\n<link rel=\"canonical\" href=\"https:\/\/empresas.infoempleo.com\/hrtrends\/mejor-marca-mas-empleo\/\" \/>\n<meta property=\"og:locale\" content=\"es_ES\" \/>\n<meta property=\"og:type\" content=\"article\" \/>\n<meta property=\"og:title\" content=\"Mejor marca, m\u00e1s empleo | HRTRENDS\" \/>\n<meta property=\"og:description\" content=\"Por Ra\u00fal Peralba, presidente de Positioning Systems Conferenciante de Thinking Heads Esto, m\u00e1s que crisis, es una cat\u00e1strofe. Leer m\u00e1s\" \/>\n<meta property=\"og:url\" content=\"https:\/\/empresas.infoempleo.com\/hrtrends\/mejor-marca-mas-empleo\/\" \/>\n<meta property=\"og:site_name\" content=\"HRTRENDS\" \/>\n<meta property=\"article:publisher\" content=\"https:\/\/www.facebook.com\/Infoempleo\" \/>\n<meta property=\"article:published_time\" content=\"2010-06-07T11:25:40+00:00\" \/>\n<meta property=\"article:modified_time\" content=\"2024-08-29T15:41:25+00:00\" \/>\n<meta name=\"author\" content=\"infoempleo\" \/>\n<meta name=\"twitter:card\" content=\"summary_large_image\" \/>\n<meta name=\"twitter:creator\" content=\"@infoempleo\" \/>\n<meta name=\"twitter:site\" content=\"@infoempleo\" \/>\n<meta name=\"twitter:label1\" content=\"Escrito por\" \/>\n\t<meta name=\"twitter:data1\" content=\"infoempleo\" \/>\n\t<meta name=\"twitter:label2\" content=\"Tiempo de lectura\" \/>\n\t<meta name=\"twitter:data2\" content=\"3 minutos\" \/>\n<script type=\"application\/ld+json\" class=\"yoast-schema-graph\">{\"@context\":\"https:\/\/schema.org\",\"@graph\":[{\"@type\":\"NewsArticle\",\"@id\":\"https:\/\/empresas.infoempleo.com\/hrtrends\/mejor-marca-mas-empleo\/#article\",\"isPartOf\":{\"@id\":\"https:\/\/empresas.infoempleo.com\/hrtrends\/mejor-marca-mas-empleo\/\"},\"author\":{\"name\":\"infoempleo\",\"@id\":\"https:\/\/empresas.infoempleo.com\/hrtrends\/#\/schema\/person\/67d3e276ffcc8b3ae0ebec816daf775a\"},\"headline\":\"Mejor marca, m\u00e1s empleo\",\"datePublished\":\"2010-06-07T11:25:40+00:00\",\"dateModified\":\"2024-08-29T15:41:25+00:00\",\"mainEntityOfPage\":{\"@id\":\"https:\/\/empresas.infoempleo.com\/hrtrends\/mejor-marca-mas-empleo\/\"},\"wordCount\":606,\"publisher\":{\"@id\":\"https:\/\/empresas.infoempleo.com\/hrtrends\/#organization\"},\"image\":{\"@id\":\"https:\/\/empresas.infoempleo.com\/hrtrends\/mejor-marca-mas-empleo\/#primaryimage\"},\"thumbnailUrl\":\"https:\/\/empresas.infoempleo.com\/hrtrends\/media\/2017\/05\/pexels-photo-205508.jpg\",\"keywords\":[\"competitividad\",\"Crisis\",\"Empleo\",\"espa\u00f1a\",\"Europa\",\"marca\",\"prestigio\",\"Raul Peralba\",\"Thinking Heads\"],\"articleSection\":[\"Actualidad\"],\"inLanguage\":\"es\",\"copyrightYear\":\"2010\",\"copyrightHolder\":{\"@id\":\"https:\/\/empresas.infoempleo.com\/hrtrends\/#organization\"}},{\"@type\":\"WebPage\",\"@id\":\"https:\/\/empresas.infoempleo.com\/hrtrends\/mejor-marca-mas-empleo\/\",\"url\":\"https:\/\/empresas.infoempleo.com\/hrtrends\/mejor-marca-mas-empleo\/\",\"name\":\"Mejor marca, m\u00e1s empleo | HRTRENDS\",\"isPartOf\":{\"@id\":\"https:\/\/empresas.infoempleo.com\/hrtrends\/#website\"},\"primaryImageOfPage\":{\"@id\":\"https:\/\/empresas.infoempleo.com\/hrtrends\/mejor-marca-mas-empleo\/#primaryimage\"},\"image\":{\"@id\":\"https:\/\/empresas.infoempleo.com\/hrtrends\/mejor-marca-mas-empleo\/#primaryimage\"},\"thumbnailUrl\":\"https:\/\/empresas.infoempleo.com\/hrtrends\/media\/2017\/05\/pexels-photo-205508.jpg\",\"datePublished\":\"2010-06-07T11:25:40+00:00\",\"dateModified\":\"2024-08-29T15:41:25+00:00\",\"breadcrumb\":{\"@id\":\"https:\/\/empresas.infoempleo.com\/hrtrends\/mejor-marca-mas-empleo\/#breadcrumb\"},\"inLanguage\":\"es\",\"potentialAction\":[{\"@type\":\"ReadAction\",\"target\":[\"https:\/\/empresas.infoempleo.com\/hrtrends\/mejor-marca-mas-empleo\/\"]}]},{\"@type\":\"ImageObject\",\"inLanguage\":\"es\",\"@id\":\"https:\/\/empresas.infoempleo.com\/hrtrends\/mejor-marca-mas-empleo\/#primaryimage\",\"url\":\"https:\/\/empresas.infoempleo.com\/hrtrends\/media\/2017\/05\/pexels-photo-205508-150x150.jpg\",\"contentUrl\":\"https:\/\/empresas.infoempleo.com\/hrtrends\/media\/2017\/05\/pexels-photo-205508-150x150.jpg\",\"width\":150,\"height\":150},{\"@type\":\"BreadcrumbList\",\"@id\":\"https:\/\/empresas.infoempleo.com\/hrtrends\/mejor-marca-mas-empleo\/#breadcrumb\",\"itemListElement\":[{\"@type\":\"ListItem\",\"position\":1,\"name\":\"Portada\",\"item\":\"https:\/\/empresas.infoempleo.com\/hrtrends\/\"},{\"@type\":\"ListItem\",\"position\":2,\"name\":\"Mejor marca, m\u00e1s empleo\"}]},{\"@type\":\"WebSite\",\"@id\":\"https:\/\/empresas.infoempleo.com\/hrtrends\/#website\",\"url\":\"https:\/\/empresas.infoempleo.com\/hrtrends\",\"name\":\"HRTrends by Infoempleo\",\"description\":\"\",\"publisher\":{\"@id\":\"https:\/\/empresas.infoempleo.com\/hrtrends\/#organization\"},\"potentialAction\":{\"@type\":\"SearchAction\",\"target\":\"https:\/\/empresas.infoempleo.com\/hrtrends\/?s={search_term_string}\",\"query-input\":\"required name=search_term_string\"},\"inLanguage\":\"es\"},{\"@type\":\"Organization\",\"@id\":\"https:\/\/empresas.infoempleo.com\/hrtrends\/#organization\",\"name\":\"Infoempleo\",\"url\":\"https:\/\/www.infoempleo.com\/\",\"logo\":{\"@type\":\"ImageObject\",\"@id\":\"https:\/\/empresas.infoempleo.com\/hrtrends\/#logo\",\"inLanguage\":\"es\",\"url\":\"https:\/\/cdnazure.infoempleo.com\/infoempleo\/assets\/style\/gfx\/logo.svg\",\"contentUrl\":\"https:\/\/cdnazure.infoempleo.com\/infoempleo\/assets\/style\/gfx\/logo.svg\",\"width\":150,\"height\":40,\"caption\":\"Infoempleo\"},\"image\":{\"@id\":\"https:\/\/empresas.infoempleo.com\/hrtrends\/#logo\"},\"sameAs\":[\"https:\/\/www.facebook.com\/Infoempleo\",\"https:\/\/x.com\/infoempleo\",\"http:\/\/instagram.com\/infoempleo\/\",\"http:\/\/www.linkedin.com\/groups\/Empleo-Espa\u00f1a-Infoempleocom-111276\",\"http:\/\/pinterest.com\/infoempleo\/\"],\"address\":{\"@type\":\"PostalAddress\",\"addressLocality\":\"Madrid\",\"postalCode\":\"28050\",\"streetAddress\":\"Avenida de Burgos 114\"},\"brand\":[\"Infoempleo\"]},{\"@type\":\"Person\",\"@id\":\"https:\/\/empresas.infoempleo.com\/hrtrends\/#\/schema\/person\/67d3e276ffcc8b3ae0ebec816daf775a\",\"name\":\"infoempleo\",\"image\":{\"@type\":\"ImageObject\",\"inLanguage\":\"es\",\"@id\":\"https:\/\/empresas.infoempleo.com\/hrtrends\/#\/schema\/person\/image\/\",\"url\":\"https:\/\/secure.gravatar.com\/avatar\/7b437777242fe67d2473c2a818da2344692d1ee91e91080ccffbd97bcd4a0975?s=96&d=mm&r=g\",\"contentUrl\":\"https:\/\/secure.gravatar.com\/avatar\/7b437777242fe67d2473c2a818da2344692d1ee91e91080ccffbd97bcd4a0975?s=96&d=mm&r=g\",\"caption\":\"infoempleo\"},\"url\":\"https:\/\/empresas.infoempleo.com\/hrtrends\/author\/infoempleo\/\"}]}<\/script>\n<!-- \/ Yoast SEO plugin. -->","yoast_head_json":{"title":"Mejor marca, m\u00e1s empleo | HRTRENDS","robots":{"index":"index","follow":"follow","max-snippet":"max-snippet:-1","max-image-preview":"max-image-preview:large","max-video-preview":"max-video-preview:-1"},"canonical":"https:\/\/empresas.infoempleo.com\/hrtrends\/mejor-marca-mas-empleo\/","og_locale":"es_ES","og_type":"article","og_title":"Mejor marca, m\u00e1s empleo | HRTRENDS","og_description":"Por Ra\u00fal Peralba, presidente de Positioning Systems Conferenciante de Thinking Heads Esto, m\u00e1s que crisis, es una cat\u00e1strofe. Leer m\u00e1s","og_url":"https:\/\/empresas.infoempleo.com\/hrtrends\/mejor-marca-mas-empleo\/","og_site_name":"HRTRENDS","article_publisher":"https:\/\/www.facebook.com\/Infoempleo","article_published_time":"2010-06-07T11:25:40+00:00","article_modified_time":"2024-08-29T15:41:25+00:00","author":"infoempleo","twitter_card":"summary_large_image","twitter_creator":"@infoempleo","twitter_site":"@infoempleo","twitter_misc":{"Escrito por":"infoempleo","Tiempo de lectura":"3 minutos"},"schema":{"@context":"https:\/\/schema.org","@graph":[{"@type":"NewsArticle","@id":"https:\/\/empresas.infoempleo.com\/hrtrends\/mejor-marca-mas-empleo\/#article","isPartOf":{"@id":"https:\/\/empresas.infoempleo.com\/hrtrends\/mejor-marca-mas-empleo\/"},"author":{"name":"infoempleo","@id":"https:\/\/empresas.infoempleo.com\/hrtrends\/#\/schema\/person\/67d3e276ffcc8b3ae0ebec816daf775a"},"headline":"Mejor marca, m\u00e1s empleo","datePublished":"2010-06-07T11:25:40+00:00","dateModified":"2024-08-29T15:41:25+00:00","mainEntityOfPage":{"@id":"https:\/\/empresas.infoempleo.com\/hrtrends\/mejor-marca-mas-empleo\/"},"wordCount":606,"publisher":{"@id":"https:\/\/empresas.infoempleo.com\/hrtrends\/#organization"},"image":{"@id":"https:\/\/empresas.infoempleo.com\/hrtrends\/mejor-marca-mas-empleo\/#primaryimage"},"thumbnailUrl":"https:\/\/empresas.infoempleo.com\/hrtrends\/media\/2017\/05\/pexels-photo-205508.jpg","keywords":["competitividad","Crisis","Empleo","espa\u00f1a","Europa","marca","prestigio","Raul Peralba","Thinking Heads"],"articleSection":["Actualidad"],"inLanguage":"es","copyrightYear":"2010","copyrightHolder":{"@id":"https:\/\/empresas.infoempleo.com\/hrtrends\/#organization"}},{"@type":"WebPage","@id":"https:\/\/empresas.infoempleo.com\/hrtrends\/mejor-marca-mas-empleo\/","url":"https:\/\/empresas.infoempleo.com\/hrtrends\/mejor-marca-mas-empleo\/","name":"Mejor marca, m\u00e1s empleo | HRTRENDS","isPartOf":{"@id":"https:\/\/empresas.infoempleo.com\/hrtrends\/#website"},"primaryImageOfPage":{"@id":"https:\/\/empresas.infoempleo.com\/hrtrends\/mejor-marca-mas-empleo\/#primaryimage"},"image":{"@id":"https:\/\/empresas.infoempleo.com\/hrtrends\/mejor-marca-mas-empleo\/#primaryimage"},"thumbnailUrl":"https:\/\/empresas.infoempleo.com\/hrtrends\/media\/2017\/05\/pexels-photo-205508.jpg","datePublished":"2010-06-07T11:25:40+00:00","dateModified":"2024-08-29T15:41:25+00:00","breadcrumb":{"@id":"https:\/\/empresas.infoempleo.com\/hrtrends\/mejor-marca-mas-empleo\/#breadcrumb"},"inLanguage":"es","potentialAction":[{"@type":"ReadAction","target":["https:\/\/empresas.infoempleo.com\/hrtrends\/mejor-marca-mas-empleo\/"]}]},{"@type":"ImageObject","inLanguage":"es","@id":"https:\/\/empresas.infoempleo.com\/hrtrends\/mejor-marca-mas-empleo\/#primaryimage","url":"https:\/\/empresas.infoempleo.com\/hrtrends\/media\/2017\/05\/pexels-photo-205508-150x150.jpg","contentUrl":"https:\/\/empresas.infoempleo.com\/hrtrends\/media\/2017\/05\/pexels-photo-205508-150x150.jpg","width":150,"height":150},{"@type":"BreadcrumbList","@id":"https:\/\/empresas.infoempleo.com\/hrtrends\/mejor-marca-mas-empleo\/#breadcrumb","itemListElement":[{"@type":"ListItem","position":1,"name":"Portada","item":"https:\/\/empresas.infoempleo.com\/hrtrends\/"},{"@type":"ListItem","position":2,"name":"Mejor marca, m\u00e1s empleo"}]},{"@type":"WebSite","@id":"https:\/\/empresas.infoempleo.com\/hrtrends\/#website","url":"https:\/\/empresas.infoempleo.com\/hrtrends","name":"HRTrends by Infoempleo","description":"","publisher":{"@id":"https:\/\/empresas.infoempleo.com\/hrtrends\/#organization"},"potentialAction":{"@type":"SearchAction","target":"https:\/\/empresas.infoempleo.com\/hrtrends\/?s={search_term_string}","query-input":"required name=search_term_string"},"inLanguage":"es"},{"@type":"Organization","@id":"https:\/\/empresas.infoempleo.com\/hrtrends\/#organization","name":"Infoempleo","url":"https:\/\/www.infoempleo.com\/","logo":{"@type":"ImageObject","@id":"https:\/\/empresas.infoempleo.com\/hrtrends\/#logo","inLanguage":"es","url":"https:\/\/cdnazure.infoempleo.com\/infoempleo\/assets\/style\/gfx\/logo.svg","contentUrl":"https:\/\/cdnazure.infoempleo.com\/infoempleo\/assets\/style\/gfx\/logo.svg","width":150,"height":40,"caption":"Infoempleo"},"image":{"@id":"https:\/\/empresas.infoempleo.com\/hrtrends\/#logo"},"sameAs":["https:\/\/www.facebook.com\/Infoempleo","https:\/\/x.com\/infoempleo","http:\/\/instagram.com\/infoempleo\/","http:\/\/www.linkedin.com\/groups\/Empleo-Espa\u00f1a-Infoempleocom-111276","http:\/\/pinterest.com\/infoempleo\/"],"address":{"@type":"PostalAddress","addressLocality":"Madrid","postalCode":"28050","streetAddress":"Avenida de Burgos 114"},"brand":["Infoempleo"]},{"@type":"Person","@id":"https:\/\/empresas.infoempleo.com\/hrtrends\/#\/schema\/person\/67d3e276ffcc8b3ae0ebec816daf775a","name":"infoempleo","image":{"@type":"ImageObject","inLanguage":"es","@id":"https:\/\/empresas.infoempleo.com\/hrtrends\/#\/schema\/person\/image\/","url":"https:\/\/secure.gravatar.com\/avatar\/7b437777242fe67d2473c2a818da2344692d1ee91e91080ccffbd97bcd4a0975?s=96&d=mm&r=g","contentUrl":"https:\/\/secure.gravatar.com\/avatar\/7b437777242fe67d2473c2a818da2344692d1ee91e91080ccffbd97bcd4a0975?s=96&d=mm&r=g","caption":"infoempleo"},"url":"https:\/\/empresas.infoempleo.com\/hrtrends\/author\/infoempleo\/"}]}},"amp_enabled":true,"_links":{"self":[{"href":"https:\/\/empresas.infoempleo.com\/hrtrends\/wp-json\/wp\/v2\/posts\/9631","targetHints":{"allow":["GET"]}}],"collection":[{"href":"https:\/\/empresas.infoempleo.com\/hrtrends\/wp-json\/wp\/v2\/posts"}],"about":[{"href":"https:\/\/empresas.infoempleo.com\/hrtrends\/wp-json\/wp\/v2\/types\/post"}],"author":[{"embeddable":true,"href":"https:\/\/empresas.infoempleo.com\/hrtrends\/wp-json\/wp\/v2\/users\/72"}],"replies":[{"embeddable":true,"href":"https:\/\/empresas.infoempleo.com\/hrtrends\/wp-json\/wp\/v2\/comments?post=9631"}],"version-history":[{"count":2,"href":"https:\/\/empresas.infoempleo.com\/hrtrends\/wp-json\/wp\/v2\/posts\/9631\/revisions"}],"predecessor-version":[{"id":44821,"href":"https:\/\/empresas.infoempleo.com\/hrtrends\/wp-json\/wp\/v2\/posts\/9631\/revisions\/44821"}],"wp:featuredmedia":[{"embeddable":true,"href":"https:\/\/empresas.infoempleo.com\/hrtrends\/wp-json\/wp\/v2\/media\/29665"}],"wp:attachment":[{"href":"https:\/\/empresas.infoempleo.com\/hrtrends\/wp-json\/wp\/v2\/media?parent=9631"}],"wp:term":[{"taxonomy":"category","embeddable":true,"href":"https:\/\/empresas.infoempleo.com\/hrtrends\/wp-json\/wp\/v2\/categories?post=9631"},{"taxonomy":"post_tag","embeddable":true,"href":"https:\/\/empresas.infoempleo.com\/hrtrends\/wp-json\/wp\/v2\/tags?post=9631"}],"curies":[{"name":"wp","href":"https:\/\/api.w.org\/{rel}","templated":true}]}}