{"id":9606,"date":"2010-06-07T08:37:56","date_gmt":"2010-06-07T07:37:56","guid":{"rendered":"http:\/\/blog.infoempleo.com\/?p=9606"},"modified":"2018-05-23T17:41:46","modified_gmt":"2018-05-23T15:41:46","slug":"el-regreso-del-experto-en-empresa","status":"publish","type":"post","link":"https:\/\/empresas.infoempleo.com\/hrtrends\/el-regreso-del-experto-en-empresa\/","title":{"rendered":"El regreso del experto en empresa"},"content":{"rendered":"<p>Se acab\u00f3 la hegemon\u00eda de la ingenier\u00eda industrial \u2014superior y t\u00e9cnica\u2014 en los procesos de selecci\u00f3n. Despu\u00e9s de un largo peregrinar entre los puestos medios de la tabla, <strong>Administraci\u00f3n y Direcci\u00f3n de Empresas volvi\u00f3 a liderar el \u2018ranking\u2019 de los m\u00e1s buscados por los empleadores espa\u00f1oles con un 6% del volumen total de las ofertas de empleo para universitarios<\/strong> <strong>durante el mes de mayo.<\/strong> Y no lo hace sola. Tras ella escalan puestos sus carreras hermanas \u2014Econ\u00f3micas y Ciencias Empresariales\u2014\u00a0 y otras disciplinas que no estaban en la mente de los reclutadores el a\u00f1o pasado pero que, poco a poco, han ido apuntando maneras durante los \u00faltimos meses: Ingenier\u00eda de Caminos e Ingenier\u00eda T\u00e9cnica en Obras P\u00fablicas.<\/p>\n<p>Junto a ellas, tan espec\u00edficas, tambi\u00e9n remonta parad\u00f3jicamente la tendencia de solicitar perfiles generalistas, puesto que m\u00e1s de tres de cada diez ofertas publicadas en <a title=\"Web de Infoempleo\" href=\"https:\/\/www.infoempleo.com\/\" target=\"_blank\">Infoempleo.com<\/a> y en la prensa escrita espa\u00f1ola no especificaban\u00a0 titulaci\u00f3n mientras que el candidato fuera licenciado o ingeniero (11,55%), diplomado o ingeniero t\u00e9cnico (10,13%), ingeniero superior (11,8%) o ingeniero t\u00e9cnico (2,26%).<\/p>\n<p>Menos suerte corrieron en mayo los licenciados en Farmacia e Ingenier\u00eda de Telecomunicaciones (el pasado mes con una demanda del 1,89% y el 1,86%, respectivamente) cuyo paso por el \u2018top ten\u2019 de hace unos meses se ha quedado en meros espejismos. Y de las arquitecturas, ayer coqueteando en esta lista y hoy sacudidas por el paro, de nuevo no volvemos a saber.<\/p>\n<p style=\"text-align: center\"><img loading=\"lazy\" decoding=\"async\" class=\"size-full wp-image-9609 aligncenter\" src=\"https:\/\/empresas.infoempleo.com\/hrtrends\/media\/2010\/06\/Titus1.jpg\" alt=\"Titus\" width=\"410\" height=\"451\" srcset=\"https:\/\/empresas.infoempleo.com\/hrtrends\/media\/2010\/06\/Titus1.jpg 1163w, https:\/\/empresas.infoempleo.com\/hrtrends\/media\/2010\/06\/Titus1-273x300.jpg 273w, https:\/\/empresas.infoempleo.com\/hrtrends\/media\/2010\/06\/Titus1-930x1024.jpg 930w, https:\/\/empresas.infoempleo.com\/hrtrends\/media\/2010\/06\/Titus1-768x845.jpg 768w\" sizes=\"auto, (max-width: 410px) 100vw, 410px\" \/><\/p>\n<p>En el \u00e1mbito de la FP la preferencia de los seleccionadores tambi\u00e9n vari\u00f3 el mes pasado. As\u00ed y mientras que Electricidad y Electr\u00f3nica hab\u00eda reinado en los procesos de estos tres \u00faltimos meses,<strong> en mayo fue Fabricaci\u00f3n Mec\u00e1nica la protagonista de las entrevistas de empleo.<\/strong> Adem\u00e1s, no lo hizo, como parec\u00eda apuntar en un principio, gracias a un lento pero seguro ascenso, sino con un contundente 28,08% sobre el volumen de la oferta, es decir, superando cualquier peso que la anterior hubiera podido tener a lo largo de este a\u00f1o. Tambi\u00e9n cabe destacar la recuperaci\u00f3n de la familias como la de Inform\u00e1tica o la de Edificaci\u00f3n y Obra Civil. Sin embargo, y aunque el movimiento de las favoritas por los empleadores indique que algo aqu\u00ed tambi\u00e9n est\u00e1 empezando a cambiar, la proporci\u00f3n en la demanda de estos perfiles apenas supone un 30%.<\/p>\n","protected":false},"excerpt":{"rendered":"<p>ADE se convirti\u00f3 en la carrera m\u00e1s demandada en mayo por los empleadores, que tambi\u00e9n volvieron a reclamar candidatos de Econ\u00f3micas y Empresariales.<\/p>\n","protected":false},"author":35,"featured_media":29665,"comment_status":"closed","ping_status":"open","sticky":false,"template":"","format":"standard","meta":{"footnotes":""},"categories":[3],"tags":[534,1893,535,1894,1723,713,1896,144,1897,1898,1899,1509],"class_list":["post-9606","post","type-post","status-publish","format-standard","has-post-thumbnail","hentry","category-actualidad","tag-administracion-y-direccion-de-empresas","tag-arquitecura","tag-economicas","tag-edifciacion-y-obra-civil","tag-electricidad-y-electronica","tag-fabricacion-mecanica","tag-farmacia","tag-informatica","tag-ingenieria-de-cminos","tag-licenciatura","tag-obras-publicas","tag-telecomunicaciones"],"yoast_head":"<!-- This site is optimized with the Yoast SEO plugin v26.1.1 - https:\/\/yoast.com\/wordpress\/plugins\/seo\/ -->\n<title>El regreso del experto en empresa | HRTRENDS<\/title>\n<meta name=\"robots\" content=\"index, follow, max-snippet:-1, max-image-preview:large, max-video-preview:-1\" \/>\n<link rel=\"canonical\" href=\"https:\/\/empresas.infoempleo.com\/hrtrends\/el-regreso-del-experto-en-empresa\/\" \/>\n<meta property=\"og:locale\" content=\"es_ES\" \/>\n<meta property=\"og:type\" content=\"article\" \/>\n<meta property=\"og:title\" content=\"El regreso del experto en empresa | HRTRENDS\" \/>\n<meta property=\"og:description\" content=\"ADE se convirti\u00f3 en la carrera m\u00e1s demandada en mayo por los empleadores, que tambi\u00e9n volvieron a reclamar candidatos de Econ\u00f3micas y Empresariales.\" \/>\n<meta property=\"og:url\" content=\"https:\/\/empresas.infoempleo.com\/hrtrends\/el-regreso-del-experto-en-empresa\/\" \/>\n<meta property=\"og:site_name\" content=\"HRTRENDS\" \/>\n<meta property=\"article:publisher\" content=\"https:\/\/www.facebook.com\/Infoempleo\" \/>\n<meta property=\"article:published_time\" content=\"2010-06-07T07:37:56+00:00\" \/>\n<meta property=\"article:modified_time\" content=\"2018-05-23T15:41:46+00:00\" \/>\n<meta property=\"og:image\" content=\"https:\/\/empresas.infoempleo.com\/hrtrends\/media\/2017\/05\/pexels-photo-205508.jpg\" \/>\n\t<meta property=\"og:image:width\" content=\"1280\" \/>\n\t<meta property=\"og:image:height\" content=\"960\" \/>\n\t<meta property=\"og:image:type\" content=\"image\/jpeg\" \/>\n<meta name=\"author\" content=\"Laura de Cubas\" \/>\n<meta name=\"twitter:card\" content=\"summary_large_image\" \/>\n<meta name=\"twitter:creator\" content=\"@infoempleo\" \/>\n<meta name=\"twitter:site\" content=\"@infoempleo\" \/>\n<meta name=\"twitter:label1\" content=\"Escrito por\" \/>\n\t<meta name=\"twitter:data1\" content=\"Laura de Cubas\" \/>\n\t<meta name=\"twitter:label2\" content=\"Tiempo de lectura\" \/>\n\t<meta name=\"twitter:data2\" content=\"2 minutos\" \/>\n<script type=\"application\/ld+json\" class=\"yoast-schema-graph\">{\"@context\":\"https:\/\/schema.org\",\"@graph\":[{\"@type\":\"NewsArticle\",\"@id\":\"https:\/\/empresas.infoempleo.com\/hrtrends\/el-regreso-del-experto-en-empresa\/#article\",\"isPartOf\":{\"@id\":\"https:\/\/empresas.infoempleo.com\/hrtrends\/el-regreso-del-experto-en-empresa\/\"},\"author\":{\"name\":\"Laura de Cubas\",\"@id\":\"https:\/\/empresas.infoempleo.com\/hrtrends\/#\/schema\/person\/eee830fc2082cd3b52302e59ea0d2c05\"},\"headline\":\"El regreso del experto en empresa\",\"datePublished\":\"2010-06-07T07:37:56+00:00\",\"dateModified\":\"2018-05-23T15:41:46+00:00\",\"mainEntityOfPage\":{\"@id\":\"https:\/\/empresas.infoempleo.com\/hrtrends\/el-regreso-del-experto-en-empresa\/\"},\"wordCount\":413,\"publisher\":{\"@id\":\"https:\/\/empresas.infoempleo.com\/hrtrends\/#organization\"},\"image\":{\"@id\":\"https:\/\/empresas.infoempleo.com\/hrtrends\/el-regreso-del-experto-en-empresa\/#primaryimage\"},\"thumbnailUrl\":\"https:\/\/empresas.infoempleo.com\/hrtrends\/media\/2017\/05\/pexels-photo-205508.jpg\",\"keywords\":[\"administraci\u00f3n y direcci\u00f3n de empresas\",\"Arquitecura\",\"econ\u00f3micas\",\"Edifciaci\u00f3n y Obra Civil\",\"Electricidad y electr\u00f3nica\",\"Fabricaci\u00f3n Mec\u00e1nica\",\"Farmacia\",\"inform\u00e1tica\",\"Ingenier\u00eda de Cminos\",\"licenciatura\",\"Obras P\u00fablicas\",\"telecomunicaciones\"],\"articleSection\":[\"Actualidad\"],\"inLanguage\":\"es\",\"copyrightYear\":\"2010\",\"copyrightHolder\":{\"@id\":\"https:\/\/empresas.infoempleo.com\/hrtrends\/#organization\"}},{\"@type\":\"WebPage\",\"@id\":\"https:\/\/empresas.infoempleo.com\/hrtrends\/el-regreso-del-experto-en-empresa\/\",\"url\":\"https:\/\/empresas.infoempleo.com\/hrtrends\/el-regreso-del-experto-en-empresa\/\",\"name\":\"El regreso del experto en empresa | HRTRENDS\",\"isPartOf\":{\"@id\":\"https:\/\/empresas.infoempleo.com\/hrtrends\/#website\"},\"primaryImageOfPage\":{\"@id\":\"https:\/\/empresas.infoempleo.com\/hrtrends\/el-regreso-del-experto-en-empresa\/#primaryimage\"},\"image\":{\"@id\":\"https:\/\/empresas.infoempleo.com\/hrtrends\/el-regreso-del-experto-en-empresa\/#primaryimage\"},\"thumbnailUrl\":\"https:\/\/empresas.infoempleo.com\/hrtrends\/media\/2017\/05\/pexels-photo-205508.jpg\",\"datePublished\":\"2010-06-07T07:37:56+00:00\",\"dateModified\":\"2018-05-23T15:41:46+00:00\",\"breadcrumb\":{\"@id\":\"https:\/\/empresas.infoempleo.com\/hrtrends\/el-regreso-del-experto-en-empresa\/#breadcrumb\"},\"inLanguage\":\"es\",\"potentialAction\":[{\"@type\":\"ReadAction\",\"target\":[\"https:\/\/empresas.infoempleo.com\/hrtrends\/el-regreso-del-experto-en-empresa\/\"]}]},{\"@type\":\"ImageObject\",\"inLanguage\":\"es\",\"@id\":\"https:\/\/empresas.infoempleo.com\/hrtrends\/el-regreso-del-experto-en-empresa\/#primaryimage\",\"url\":\"https:\/\/empresas.infoempleo.com\/hrtrends\/media\/2017\/05\/pexels-photo-205508-150x150.jpg\",\"contentUrl\":\"https:\/\/empresas.infoempleo.com\/hrtrends\/media\/2017\/05\/pexels-photo-205508-150x150.jpg\",\"width\":150,\"height\":150},{\"@type\":\"BreadcrumbList\",\"@id\":\"https:\/\/empresas.infoempleo.com\/hrtrends\/el-regreso-del-experto-en-empresa\/#breadcrumb\",\"itemListElement\":[{\"@type\":\"ListItem\",\"position\":1,\"name\":\"Portada\",\"item\":\"https:\/\/empresas.infoempleo.com\/hrtrends\/\"},{\"@type\":\"ListItem\",\"position\":2,\"name\":\"El regreso del experto en empresa\"}]},{\"@type\":\"WebSite\",\"@id\":\"https:\/\/empresas.infoempleo.com\/hrtrends\/#website\",\"url\":\"https:\/\/empresas.infoempleo.com\/hrtrends\",\"name\":\"HRTrends by Infoempleo\",\"description\":\"\",\"publisher\":{\"@id\":\"https:\/\/empresas.infoempleo.com\/hrtrends\/#organization\"},\"potentialAction\":{\"@type\":\"SearchAction\",\"target\":\"https:\/\/empresas.infoempleo.com\/hrtrends\/?s={search_term_string}\",\"query-input\":\"required name=search_term_string\"},\"inLanguage\":\"es\"},{\"@type\":\"Organization\",\"@id\":\"https:\/\/empresas.infoempleo.com\/hrtrends\/#organization\",\"name\":\"Infoempleo\",\"url\":\"https:\/\/www.infoempleo.com\/\",\"logo\":{\"@type\":\"ImageObject\",\"@id\":\"https:\/\/empresas.infoempleo.com\/hrtrends\/#logo\",\"inLanguage\":\"es\",\"url\":\"https:\/\/cdnazure.infoempleo.com\/infoempleo\/assets\/style\/gfx\/logo.svg\",\"contentUrl\":\"https:\/\/cdnazure.infoempleo.com\/infoempleo\/assets\/style\/gfx\/logo.svg\",\"width\":150,\"height\":40,\"caption\":\"Infoempleo\"},\"image\":{\"@id\":\"https:\/\/empresas.infoempleo.com\/hrtrends\/#logo\"},\"sameAs\":[\"https:\/\/www.facebook.com\/Infoempleo\",\"https:\/\/x.com\/infoempleo\",\"http:\/\/instagram.com\/infoempleo\/\",\"http:\/\/www.linkedin.com\/groups\/Empleo-Espa\u00f1a-Infoempleocom-111276\",\"http:\/\/pinterest.com\/infoempleo\/\"],\"address\":{\"@type\":\"PostalAddress\",\"addressLocality\":\"Madrid\",\"postalCode\":\"28050\",\"streetAddress\":\"Avenida de Burgos 114\"},\"brand\":[\"Infoempleo\"]},{\"@type\":\"Person\",\"@id\":\"https:\/\/empresas.infoempleo.com\/hrtrends\/#\/schema\/person\/eee830fc2082cd3b52302e59ea0d2c05\",\"name\":\"Laura de Cubas\",\"image\":{\"@type\":\"ImageObject\",\"inLanguage\":\"es\",\"@id\":\"https:\/\/empresas.infoempleo.com\/hrtrends\/#\/schema\/person\/image\/\",\"url\":\"https:\/\/secure.gravatar.com\/avatar\/c13d88dcd67943e13f74372e711c3ba2accf296b195ba5dd59566bd5f5df94c8?s=96&d=mm&r=g\",\"contentUrl\":\"https:\/\/secure.gravatar.com\/avatar\/c13d88dcd67943e13f74372e711c3ba2accf296b195ba5dd59566bd5f5df94c8?s=96&d=mm&r=g\",\"caption\":\"Laura de Cubas\"},\"url\":\"https:\/\/empresas.infoempleo.com\/hrtrends\/author\/laura-de-cubas\/\"}]}<\/script>\n<!-- \/ Yoast SEO plugin. -->","yoast_head_json":{"title":"El regreso del experto en empresa | HRTRENDS","robots":{"index":"index","follow":"follow","max-snippet":"max-snippet:-1","max-image-preview":"max-image-preview:large","max-video-preview":"max-video-preview:-1"},"canonical":"https:\/\/empresas.infoempleo.com\/hrtrends\/el-regreso-del-experto-en-empresa\/","og_locale":"es_ES","og_type":"article","og_title":"El regreso del experto en empresa | HRTRENDS","og_description":"ADE se convirti\u00f3 en la carrera m\u00e1s demandada en mayo por los empleadores, que tambi\u00e9n volvieron a reclamar candidatos de Econ\u00f3micas y Empresariales.","og_url":"https:\/\/empresas.infoempleo.com\/hrtrends\/el-regreso-del-experto-en-empresa\/","og_site_name":"HRTRENDS","article_publisher":"https:\/\/www.facebook.com\/Infoempleo","article_published_time":"2010-06-07T07:37:56+00:00","article_modified_time":"2018-05-23T15:41:46+00:00","og_image":[{"width":1280,"height":960,"url":"https:\/\/empresas.infoempleo.com\/hrtrends\/media\/2017\/05\/pexels-photo-205508.jpg","type":"image\/jpeg"}],"author":"Laura de Cubas","twitter_card":"summary_large_image","twitter_creator":"@infoempleo","twitter_site":"@infoempleo","twitter_misc":{"Escrito por":"Laura de Cubas","Tiempo de lectura":"2 minutos"},"schema":{"@context":"https:\/\/schema.org","@graph":[{"@type":"NewsArticle","@id":"https:\/\/empresas.infoempleo.com\/hrtrends\/el-regreso-del-experto-en-empresa\/#article","isPartOf":{"@id":"https:\/\/empresas.infoempleo.com\/hrtrends\/el-regreso-del-experto-en-empresa\/"},"author":{"name":"Laura de Cubas","@id":"https:\/\/empresas.infoempleo.com\/hrtrends\/#\/schema\/person\/eee830fc2082cd3b52302e59ea0d2c05"},"headline":"El regreso del experto en empresa","datePublished":"2010-06-07T07:37:56+00:00","dateModified":"2018-05-23T15:41:46+00:00","mainEntityOfPage":{"@id":"https:\/\/empresas.infoempleo.com\/hrtrends\/el-regreso-del-experto-en-empresa\/"},"wordCount":413,"publisher":{"@id":"https:\/\/empresas.infoempleo.com\/hrtrends\/#organization"},"image":{"@id":"https:\/\/empresas.infoempleo.com\/hrtrends\/el-regreso-del-experto-en-empresa\/#primaryimage"},"thumbnailUrl":"https:\/\/empresas.infoempleo.com\/hrtrends\/media\/2017\/05\/pexels-photo-205508.jpg","keywords":["administraci\u00f3n y direcci\u00f3n de empresas","Arquitecura","econ\u00f3micas","Edifciaci\u00f3n y Obra Civil","Electricidad y electr\u00f3nica","Fabricaci\u00f3n Mec\u00e1nica","Farmacia","inform\u00e1tica","Ingenier\u00eda de Cminos","licenciatura","Obras P\u00fablicas","telecomunicaciones"],"articleSection":["Actualidad"],"inLanguage":"es","copyrightYear":"2010","copyrightHolder":{"@id":"https:\/\/empresas.infoempleo.com\/hrtrends\/#organization"}},{"@type":"WebPage","@id":"https:\/\/empresas.infoempleo.com\/hrtrends\/el-regreso-del-experto-en-empresa\/","url":"https:\/\/empresas.infoempleo.com\/hrtrends\/el-regreso-del-experto-en-empresa\/","name":"El regreso del experto en empresa | HRTRENDS","isPartOf":{"@id":"https:\/\/empresas.infoempleo.com\/hrtrends\/#website"},"primaryImageOfPage":{"@id":"https:\/\/empresas.infoempleo.com\/hrtrends\/el-regreso-del-experto-en-empresa\/#primaryimage"},"image":{"@id":"https:\/\/empresas.infoempleo.com\/hrtrends\/el-regreso-del-experto-en-empresa\/#primaryimage"},"thumbnailUrl":"https:\/\/empresas.infoempleo.com\/hrtrends\/media\/2017\/05\/pexels-photo-205508.jpg","datePublished":"2010-06-07T07:37:56+00:00","dateModified":"2018-05-23T15:41:46+00:00","breadcrumb":{"@id":"https:\/\/empresas.infoempleo.com\/hrtrends\/el-regreso-del-experto-en-empresa\/#breadcrumb"},"inLanguage":"es","potentialAction":[{"@type":"ReadAction","target":["https:\/\/empresas.infoempleo.com\/hrtrends\/el-regreso-del-experto-en-empresa\/"]}]},{"@type":"ImageObject","inLanguage":"es","@id":"https:\/\/empresas.infoempleo.com\/hrtrends\/el-regreso-del-experto-en-empresa\/#primaryimage","url":"https:\/\/empresas.infoempleo.com\/hrtrends\/media\/2017\/05\/pexels-photo-205508-150x150.jpg","contentUrl":"https:\/\/empresas.infoempleo.com\/hrtrends\/media\/2017\/05\/pexels-photo-205508-150x150.jpg","width":150,"height":150},{"@type":"BreadcrumbList","@id":"https:\/\/empresas.infoempleo.com\/hrtrends\/el-regreso-del-experto-en-empresa\/#breadcrumb","itemListElement":[{"@type":"ListItem","position":1,"name":"Portada","item":"https:\/\/empresas.infoempleo.com\/hrtrends\/"},{"@type":"ListItem","position":2,"name":"El regreso del experto en empresa"}]},{"@type":"WebSite","@id":"https:\/\/empresas.infoempleo.com\/hrtrends\/#website","url":"https:\/\/empresas.infoempleo.com\/hrtrends","name":"HRTrends by Infoempleo","description":"","publisher":{"@id":"https:\/\/empresas.infoempleo.com\/hrtrends\/#organization"},"potentialAction":{"@type":"SearchAction","target":"https:\/\/empresas.infoempleo.com\/hrtrends\/?s={search_term_string}","query-input":"required name=search_term_string"},"inLanguage":"es"},{"@type":"Organization","@id":"https:\/\/empresas.infoempleo.com\/hrtrends\/#organization","name":"Infoempleo","url":"https:\/\/www.infoempleo.com\/","logo":{"@type":"ImageObject","@id":"https:\/\/empresas.infoempleo.com\/hrtrends\/#logo","inLanguage":"es","url":"https:\/\/cdnazure.infoempleo.com\/infoempleo\/assets\/style\/gfx\/logo.svg","contentUrl":"https:\/\/cdnazure.infoempleo.com\/infoempleo\/assets\/style\/gfx\/logo.svg","width":150,"height":40,"caption":"Infoempleo"},"image":{"@id":"https:\/\/empresas.infoempleo.com\/hrtrends\/#logo"},"sameAs":["https:\/\/www.facebook.com\/Infoempleo","https:\/\/x.com\/infoempleo","http:\/\/instagram.com\/infoempleo\/","http:\/\/www.linkedin.com\/groups\/Empleo-Espa\u00f1a-Infoempleocom-111276","http:\/\/pinterest.com\/infoempleo\/"],"address":{"@type":"PostalAddress","addressLocality":"Madrid","postalCode":"28050","streetAddress":"Avenida de Burgos 114"},"brand":["Infoempleo"]},{"@type":"Person","@id":"https:\/\/empresas.infoempleo.com\/hrtrends\/#\/schema\/person\/eee830fc2082cd3b52302e59ea0d2c05","name":"Laura de Cubas","image":{"@type":"ImageObject","inLanguage":"es","@id":"https:\/\/empresas.infoempleo.com\/hrtrends\/#\/schema\/person\/image\/","url":"https:\/\/secure.gravatar.com\/avatar\/c13d88dcd67943e13f74372e711c3ba2accf296b195ba5dd59566bd5f5df94c8?s=96&d=mm&r=g","contentUrl":"https:\/\/secure.gravatar.com\/avatar\/c13d88dcd67943e13f74372e711c3ba2accf296b195ba5dd59566bd5f5df94c8?s=96&d=mm&r=g","caption":"Laura de Cubas"},"url":"https:\/\/empresas.infoempleo.com\/hrtrends\/author\/laura-de-cubas\/"}]}},"amp_enabled":true,"_links":{"self":[{"href":"https:\/\/empresas.infoempleo.com\/hrtrends\/wp-json\/wp\/v2\/posts\/9606","targetHints":{"allow":["GET"]}}],"collection":[{"href":"https:\/\/empresas.infoempleo.com\/hrtrends\/wp-json\/wp\/v2\/posts"}],"about":[{"href":"https:\/\/empresas.infoempleo.com\/hrtrends\/wp-json\/wp\/v2\/types\/post"}],"author":[{"embeddable":true,"href":"https:\/\/empresas.infoempleo.com\/hrtrends\/wp-json\/wp\/v2\/users\/35"}],"replies":[{"embeddable":true,"href":"https:\/\/empresas.infoempleo.com\/hrtrends\/wp-json\/wp\/v2\/comments?post=9606"}],"version-history":[{"count":0,"href":"https:\/\/empresas.infoempleo.com\/hrtrends\/wp-json\/wp\/v2\/posts\/9606\/revisions"}],"wp:featuredmedia":[{"embeddable":true,"href":"https:\/\/empresas.infoempleo.com\/hrtrends\/wp-json\/wp\/v2\/media\/29665"}],"wp:attachment":[{"href":"https:\/\/empresas.infoempleo.com\/hrtrends\/wp-json\/wp\/v2\/media?parent=9606"}],"wp:term":[{"taxonomy":"category","embeddable":true,"href":"https:\/\/empresas.infoempleo.com\/hrtrends\/wp-json\/wp\/v2\/categories?post=9606"},{"taxonomy":"post_tag","embeddable":true,"href":"https:\/\/empresas.infoempleo.com\/hrtrends\/wp-json\/wp\/v2\/tags?post=9606"}],"curies":[{"name":"wp","href":"https:\/\/api.w.org\/{rel}","templated":true}]}}