{"id":9496,"date":"2010-05-31T09:38:46","date_gmt":"2010-05-31T08:38:46","guid":{"rendered":"http:\/\/blog.infoempleo.com\/?p=9496"},"modified":"2023-02-03T15:06:29","modified_gmt":"2023-02-03T13:06:29","slug":"por-que-tenemos-grandes-coaches","status":"publish","type":"post","link":"https:\/\/empresas.infoempleo.com\/hrtrends\/por-que-tenemos-grandes-coaches\/","title":{"rendered":"\u00bfPor qu\u00e9 tenemos grandes &#8216;coaches&#8217;?"},"content":{"rendered":"<p><strong><img loading=\"lazy\" decoding=\"async\" class=\"alignleft size-full wp-image-9500\" src=\"https:\/\/empresas.infoempleo.com\/hrtrends\/media\/2010\/05\/Cubeiro1.jpg\" alt=\"Cubeiro\" width=\"112\" height=\"137\" \/><\/strong><\/p>\n<p><strong>Por Juan Carlos Cubeiro, presidente de Eurotalent<\/strong><\/p>\n<p>Recientemente particip\u00e9 en el Foro Anual organizado por el Club Excelencia en Gesti\u00f3n, que este a\u00f1o, bajo el lema \u2018Espa\u00f1a S.A., 2015\u2019 analizaba la situaci\u00f3n actual de Espa\u00f1a y las perspectivas para 2015, y pudimos sacar importantes e interesantes conclusiones. A m\u00ed me pareci\u00f3 oportuno analizar <strong>la gesti\u00f3n del deporte espa\u00f1ol, como un ejemplo de empresa espa\u00f1ola que obtiene resultados positivos<\/strong>.<\/p>\n<p>Cada vez m\u00e1s, en un pa\u00eds como el nuestro, en el que, si no lo remediamos, no alcanzaremos crecimientos del 2% hasta 2016, el deporte, el deporte espa\u00f1ol, se ha configurado como <strong>una brillante met\u00e1fora del \u00e9xito<\/strong> de la que podemos aprender para desarrollar nuestras organizaciones y a nosotros mismos como profesionales y como personas.<\/p>\n<p>Se ha hablado del talento de nuestros deportistas \u2013Rafael Nadal, Fernando Alonso, Pau Gasol, Alberto Contador, Gemma Mengual y tantos otros\u2013, del \u00e9xito de nuestras selecciones\u2026<\/p>\n<p>En este caso, quisiera referirme a la figura del <strong>entrenador de la liga de la primera divisi\u00f3n del f\u00fatbol<\/strong> espa\u00f1ol, porque se da la circunstancia hist\u00f3rica de que en esta pasada temporada <strong>todos los \u2018coaches\u2019, a excepci\u00f3n de dos, N\u00e9stor Gorosito y Manuel Pellegrini, eran espa\u00f1oles<\/strong>.<\/p>\n<p>\u00bfCu\u00e1l es el motivo del \u00e9xito de nuestros entrenadores? Un servidor ha tenido la fortuna de haber analizado el estilo de Pep para el libro <strong>\u2018Liderazgo Guardiola\u2019<\/strong>, coescrito con la profesora Leonor Gallardo, y de haber compartido mesas redondas con entrenadores referentes como Jos\u00e9 Miguel Gonz\u00e1lez, \u2018M\u00edchel\u2019, que tan buenos resultados ha conseguido en el Getafe; Gregorio Manzano, apodado \u2018el profesor\u2019, capaz de obtener unos logros incre\u00edbles con el Mallorca; o Jabo Irureta, uno de los hist\u00f3ricos del f\u00fatbol espa\u00f1ol, actualmente director t\u00e9cnico del Athletic de Bilbao. Podemos encontrar una pauta com\u00fan en estos \u2018coaches\u2019 que precisamente tiene que ver con la idea m\u00e1s avanzada del talento.<\/p>\n<p><strong>El talento va m\u00e1s all\u00e1 de la t\u00e9cnica y de la inteligencia<\/strong>. Es una combinaci\u00f3n de capacidad \u2013aptitud y actitud\u2013, compromiso y contexto adecuado. Nuestros entrenadores est\u00e1n muy preparados, saben de la importancia de la inteligencia emocional \u2013que predican y practican\u2013, se comprometen a tope para generar un estado de \u00e1nimo con el que se obtienen resultados, y no les duelen prendas \u2013firmes, pero no duros\u2013 en <strong>acabar con las vacas sagradas por el bien del equipo<\/strong>.<\/p>\n<p>Tenemos la mejor liga del mundo, que atrae y fideliza a los mejores jugadores, por <strong>la calidad de nuestro \u2018coaching\u2019<\/strong>. El \u00e9xito no llega nunca por casualidad.<\/p>\n","protected":false},"excerpt":{"rendered":"<p>Por Juan Carlos Cubeiro, presidente de Eurotalent Recientemente particip\u00e9 en el Foro Anual organizado por el Club Excelencia<a class=\"moretag\" href=\"https:\/\/empresas.infoempleo.com\/hrtrends\/por-que-tenemos-grandes-coaches\/\"> Leer m\u00e1s<\/a><\/p>\n","protected":false},"author":72,"featured_media":29665,"comment_status":"closed","ping_status":"open","sticky":false,"template":"","format":"standard","meta":{"footnotes":""},"categories":[3],"tags":[1879,1880,1881,1882,1715,1716,240,1883],"class_list":["post-9496","post","type-post","status-publish","format-standard","has-post-thumbnail","hentry","category-actualidad","tag-deporte-espanol","tag-empresas-espanolas","tag-entrenadores","tag-eurotalent","tag-futbol","tag-guardiola","tag-juan-carlos-cubeiro","tag-liga-espanola"],"yoast_head":"<!-- This site is optimized with the Yoast SEO plugin v26.1.1 - https:\/\/yoast.com\/wordpress\/plugins\/seo\/ -->\n<title>\u00bfPor qu\u00e9 tenemos grandes &#039;coaches&#039;? | HRTRENDS<\/title>\n<meta name=\"robots\" content=\"index, follow, max-snippet:-1, max-image-preview:large, max-video-preview:-1\" \/>\n<link rel=\"canonical\" href=\"https:\/\/empresas.infoempleo.com\/hrtrends\/por-que-tenemos-grandes-coaches\/\" \/>\n<meta property=\"og:locale\" content=\"es_ES\" \/>\n<meta property=\"og:type\" content=\"article\" \/>\n<meta property=\"og:title\" content=\"\u00bfPor qu\u00e9 tenemos grandes &#039;coaches&#039;? | HRTRENDS\" \/>\n<meta property=\"og:description\" content=\"Por Juan Carlos Cubeiro, presidente de Eurotalent Recientemente particip\u00e9 en el Foro Anual organizado por el Club Excelencia Leer m\u00e1s\" \/>\n<meta property=\"og:url\" content=\"https:\/\/empresas.infoempleo.com\/hrtrends\/por-que-tenemos-grandes-coaches\/\" \/>\n<meta property=\"og:site_name\" content=\"HRTRENDS\" \/>\n<meta property=\"article:publisher\" content=\"https:\/\/www.facebook.com\/Infoempleo\" \/>\n<meta property=\"article:published_time\" content=\"2010-05-31T08:38:46+00:00\" \/>\n<meta property=\"article:modified_time\" content=\"2023-02-03T13:06:29+00:00\" \/>\n<meta property=\"og:image\" content=\"https:\/\/empresas.infoempleo.com\/hrtrends\/media\/2017\/05\/pexels-photo-205508.jpg\" \/>\n\t<meta property=\"og:image:width\" content=\"1280\" \/>\n\t<meta property=\"og:image:height\" content=\"960\" \/>\n\t<meta property=\"og:image:type\" content=\"image\/jpeg\" \/>\n<meta name=\"author\" content=\"infoempleo\" \/>\n<meta name=\"twitter:card\" content=\"summary_large_image\" \/>\n<meta name=\"twitter:creator\" content=\"@infoempleo\" \/>\n<meta name=\"twitter:site\" content=\"@infoempleo\" \/>\n<meta name=\"twitter:label1\" content=\"Escrito por\" \/>\n\t<meta name=\"twitter:data1\" content=\"infoempleo\" \/>\n\t<meta name=\"twitter:label2\" content=\"Tiempo de lectura\" \/>\n\t<meta name=\"twitter:data2\" content=\"2 minutos\" \/>\n<script type=\"application\/ld+json\" class=\"yoast-schema-graph\">{\"@context\":\"https:\/\/schema.org\",\"@graph\":[{\"@type\":\"NewsArticle\",\"@id\":\"https:\/\/empresas.infoempleo.com\/hrtrends\/por-que-tenemos-grandes-coaches\/#article\",\"isPartOf\":{\"@id\":\"https:\/\/empresas.infoempleo.com\/hrtrends\/por-que-tenemos-grandes-coaches\/\"},\"author\":{\"name\":\"infoempleo\",\"@id\":\"https:\/\/empresas.infoempleo.com\/hrtrends\/#\/schema\/person\/67d3e276ffcc8b3ae0ebec816daf775a\"},\"headline\":\"\u00bfPor qu\u00e9 tenemos grandes &#8216;coaches&#8217;?\",\"datePublished\":\"2010-05-31T08:38:46+00:00\",\"dateModified\":\"2023-02-03T13:06:29+00:00\",\"mainEntityOfPage\":{\"@id\":\"https:\/\/empresas.infoempleo.com\/hrtrends\/por-que-tenemos-grandes-coaches\/\"},\"wordCount\":441,\"publisher\":{\"@id\":\"https:\/\/empresas.infoempleo.com\/hrtrends\/#organization\"},\"image\":{\"@id\":\"https:\/\/empresas.infoempleo.com\/hrtrends\/por-que-tenemos-grandes-coaches\/#primaryimage\"},\"thumbnailUrl\":\"https:\/\/empresas.infoempleo.com\/hrtrends\/media\/2017\/05\/pexels-photo-205508.jpg\",\"keywords\":[\"deporte espa\u00f1ol\",\"empresas espa\u00f1olas\",\"entrenadores\",\"Eurotalent\",\"f\u00fatbol\",\"Guardiola\",\"Juan Carlos Cubeiro\",\"liga espa\u00f1ola\"],\"articleSection\":[\"Actualidad\"],\"inLanguage\":\"es\",\"copyrightYear\":\"2010\",\"copyrightHolder\":{\"@id\":\"https:\/\/empresas.infoempleo.com\/hrtrends\/#organization\"}},{\"@type\":\"WebPage\",\"@id\":\"https:\/\/empresas.infoempleo.com\/hrtrends\/por-que-tenemos-grandes-coaches\/\",\"url\":\"https:\/\/empresas.infoempleo.com\/hrtrends\/por-que-tenemos-grandes-coaches\/\",\"name\":\"\u00bfPor qu\u00e9 tenemos grandes 'coaches'? | HRTRENDS\",\"isPartOf\":{\"@id\":\"https:\/\/empresas.infoempleo.com\/hrtrends\/#website\"},\"primaryImageOfPage\":{\"@id\":\"https:\/\/empresas.infoempleo.com\/hrtrends\/por-que-tenemos-grandes-coaches\/#primaryimage\"},\"image\":{\"@id\":\"https:\/\/empresas.infoempleo.com\/hrtrends\/por-que-tenemos-grandes-coaches\/#primaryimage\"},\"thumbnailUrl\":\"https:\/\/empresas.infoempleo.com\/hrtrends\/media\/2017\/05\/pexels-photo-205508.jpg\",\"datePublished\":\"2010-05-31T08:38:46+00:00\",\"dateModified\":\"2023-02-03T13:06:29+00:00\",\"breadcrumb\":{\"@id\":\"https:\/\/empresas.infoempleo.com\/hrtrends\/por-que-tenemos-grandes-coaches\/#breadcrumb\"},\"inLanguage\":\"es\",\"potentialAction\":[{\"@type\":\"ReadAction\",\"target\":[\"https:\/\/empresas.infoempleo.com\/hrtrends\/por-que-tenemos-grandes-coaches\/\"]}]},{\"@type\":\"ImageObject\",\"inLanguage\":\"es\",\"@id\":\"https:\/\/empresas.infoempleo.com\/hrtrends\/por-que-tenemos-grandes-coaches\/#primaryimage\",\"url\":\"https:\/\/empresas.infoempleo.com\/hrtrends\/media\/2017\/05\/pexels-photo-205508-150x150.jpg\",\"contentUrl\":\"https:\/\/empresas.infoempleo.com\/hrtrends\/media\/2017\/05\/pexels-photo-205508-150x150.jpg\",\"width\":150,\"height\":150},{\"@type\":\"BreadcrumbList\",\"@id\":\"https:\/\/empresas.infoempleo.com\/hrtrends\/por-que-tenemos-grandes-coaches\/#breadcrumb\",\"itemListElement\":[{\"@type\":\"ListItem\",\"position\":1,\"name\":\"Portada\",\"item\":\"https:\/\/empresas.infoempleo.com\/hrtrends\/\"},{\"@type\":\"ListItem\",\"position\":2,\"name\":\"\u00bfPor qu\u00e9 tenemos grandes &#8216;coaches&#8217;?\"}]},{\"@type\":\"WebSite\",\"@id\":\"https:\/\/empresas.infoempleo.com\/hrtrends\/#website\",\"url\":\"https:\/\/empresas.infoempleo.com\/hrtrends\",\"name\":\"HRTrends by Infoempleo\",\"description\":\"\",\"publisher\":{\"@id\":\"https:\/\/empresas.infoempleo.com\/hrtrends\/#organization\"},\"potentialAction\":{\"@type\":\"SearchAction\",\"target\":\"https:\/\/empresas.infoempleo.com\/hrtrends\/?s={search_term_string}\",\"query-input\":\"required name=search_term_string\"},\"inLanguage\":\"es\"},{\"@type\":\"Organization\",\"@id\":\"https:\/\/empresas.infoempleo.com\/hrtrends\/#organization\",\"name\":\"Infoempleo\",\"url\":\"https:\/\/www.infoempleo.com\/\",\"logo\":{\"@type\":\"ImageObject\",\"@id\":\"https:\/\/empresas.infoempleo.com\/hrtrends\/#logo\",\"inLanguage\":\"es\",\"url\":\"https:\/\/cdnazure.infoempleo.com\/infoempleo\/assets\/style\/gfx\/logo.svg\",\"contentUrl\":\"https:\/\/cdnazure.infoempleo.com\/infoempleo\/assets\/style\/gfx\/logo.svg\",\"width\":150,\"height\":40,\"caption\":\"Infoempleo\"},\"image\":{\"@id\":\"https:\/\/empresas.infoempleo.com\/hrtrends\/#logo\"},\"sameAs\":[\"https:\/\/www.facebook.com\/Infoempleo\",\"https:\/\/x.com\/infoempleo\",\"http:\/\/instagram.com\/infoempleo\/\",\"http:\/\/www.linkedin.com\/groups\/Empleo-Espa\u00f1a-Infoempleocom-111276\",\"http:\/\/pinterest.com\/infoempleo\/\"],\"address\":{\"@type\":\"PostalAddress\",\"addressLocality\":\"Madrid\",\"postalCode\":\"28050\",\"streetAddress\":\"Avenida de Burgos 114\"},\"brand\":[\"Infoempleo\"]},{\"@type\":\"Person\",\"@id\":\"https:\/\/empresas.infoempleo.com\/hrtrends\/#\/schema\/person\/67d3e276ffcc8b3ae0ebec816daf775a\",\"name\":\"infoempleo\",\"image\":{\"@type\":\"ImageObject\",\"inLanguage\":\"es\",\"@id\":\"https:\/\/empresas.infoempleo.com\/hrtrends\/#\/schema\/person\/image\/\",\"url\":\"https:\/\/secure.gravatar.com\/avatar\/7b437777242fe67d2473c2a818da2344692d1ee91e91080ccffbd97bcd4a0975?s=96&d=mm&r=g\",\"contentUrl\":\"https:\/\/secure.gravatar.com\/avatar\/7b437777242fe67d2473c2a818da2344692d1ee91e91080ccffbd97bcd4a0975?s=96&d=mm&r=g\",\"caption\":\"infoempleo\"},\"url\":\"https:\/\/empresas.infoempleo.com\/hrtrends\/author\/infoempleo\/\"}]}<\/script>\n<!-- \/ Yoast SEO plugin. -->","yoast_head_json":{"title":"\u00bfPor qu\u00e9 tenemos grandes 'coaches'? | HRTRENDS","robots":{"index":"index","follow":"follow","max-snippet":"max-snippet:-1","max-image-preview":"max-image-preview:large","max-video-preview":"max-video-preview:-1"},"canonical":"https:\/\/empresas.infoempleo.com\/hrtrends\/por-que-tenemos-grandes-coaches\/","og_locale":"es_ES","og_type":"article","og_title":"\u00bfPor qu\u00e9 tenemos grandes 'coaches'? | HRTRENDS","og_description":"Por Juan Carlos Cubeiro, presidente de Eurotalent Recientemente particip\u00e9 en el Foro Anual organizado por el Club Excelencia Leer m\u00e1s","og_url":"https:\/\/empresas.infoempleo.com\/hrtrends\/por-que-tenemos-grandes-coaches\/","og_site_name":"HRTRENDS","article_publisher":"https:\/\/www.facebook.com\/Infoempleo","article_published_time":"2010-05-31T08:38:46+00:00","article_modified_time":"2023-02-03T13:06:29+00:00","og_image":[{"width":1280,"height":960,"url":"https:\/\/empresas.infoempleo.com\/hrtrends\/media\/2017\/05\/pexels-photo-205508.jpg","type":"image\/jpeg"}],"author":"infoempleo","twitter_card":"summary_large_image","twitter_creator":"@infoempleo","twitter_site":"@infoempleo","twitter_misc":{"Escrito por":"infoempleo","Tiempo de lectura":"2 minutos"},"schema":{"@context":"https:\/\/schema.org","@graph":[{"@type":"NewsArticle","@id":"https:\/\/empresas.infoempleo.com\/hrtrends\/por-que-tenemos-grandes-coaches\/#article","isPartOf":{"@id":"https:\/\/empresas.infoempleo.com\/hrtrends\/por-que-tenemos-grandes-coaches\/"},"author":{"name":"infoempleo","@id":"https:\/\/empresas.infoempleo.com\/hrtrends\/#\/schema\/person\/67d3e276ffcc8b3ae0ebec816daf775a"},"headline":"\u00bfPor qu\u00e9 tenemos grandes &#8216;coaches&#8217;?","datePublished":"2010-05-31T08:38:46+00:00","dateModified":"2023-02-03T13:06:29+00:00","mainEntityOfPage":{"@id":"https:\/\/empresas.infoempleo.com\/hrtrends\/por-que-tenemos-grandes-coaches\/"},"wordCount":441,"publisher":{"@id":"https:\/\/empresas.infoempleo.com\/hrtrends\/#organization"},"image":{"@id":"https:\/\/empresas.infoempleo.com\/hrtrends\/por-que-tenemos-grandes-coaches\/#primaryimage"},"thumbnailUrl":"https:\/\/empresas.infoempleo.com\/hrtrends\/media\/2017\/05\/pexels-photo-205508.jpg","keywords":["deporte espa\u00f1ol","empresas espa\u00f1olas","entrenadores","Eurotalent","f\u00fatbol","Guardiola","Juan Carlos Cubeiro","liga espa\u00f1ola"],"articleSection":["Actualidad"],"inLanguage":"es","copyrightYear":"2010","copyrightHolder":{"@id":"https:\/\/empresas.infoempleo.com\/hrtrends\/#organization"}},{"@type":"WebPage","@id":"https:\/\/empresas.infoempleo.com\/hrtrends\/por-que-tenemos-grandes-coaches\/","url":"https:\/\/empresas.infoempleo.com\/hrtrends\/por-que-tenemos-grandes-coaches\/","name":"\u00bfPor qu\u00e9 tenemos grandes 'coaches'? | HRTRENDS","isPartOf":{"@id":"https:\/\/empresas.infoempleo.com\/hrtrends\/#website"},"primaryImageOfPage":{"@id":"https:\/\/empresas.infoempleo.com\/hrtrends\/por-que-tenemos-grandes-coaches\/#primaryimage"},"image":{"@id":"https:\/\/empresas.infoempleo.com\/hrtrends\/por-que-tenemos-grandes-coaches\/#primaryimage"},"thumbnailUrl":"https:\/\/empresas.infoempleo.com\/hrtrends\/media\/2017\/05\/pexels-photo-205508.jpg","datePublished":"2010-05-31T08:38:46+00:00","dateModified":"2023-02-03T13:06:29+00:00","breadcrumb":{"@id":"https:\/\/empresas.infoempleo.com\/hrtrends\/por-que-tenemos-grandes-coaches\/#breadcrumb"},"inLanguage":"es","potentialAction":[{"@type":"ReadAction","target":["https:\/\/empresas.infoempleo.com\/hrtrends\/por-que-tenemos-grandes-coaches\/"]}]},{"@type":"ImageObject","inLanguage":"es","@id":"https:\/\/empresas.infoempleo.com\/hrtrends\/por-que-tenemos-grandes-coaches\/#primaryimage","url":"https:\/\/empresas.infoempleo.com\/hrtrends\/media\/2017\/05\/pexels-photo-205508-150x150.jpg","contentUrl":"https:\/\/empresas.infoempleo.com\/hrtrends\/media\/2017\/05\/pexels-photo-205508-150x150.jpg","width":150,"height":150},{"@type":"BreadcrumbList","@id":"https:\/\/empresas.infoempleo.com\/hrtrends\/por-que-tenemos-grandes-coaches\/#breadcrumb","itemListElement":[{"@type":"ListItem","position":1,"name":"Portada","item":"https:\/\/empresas.infoempleo.com\/hrtrends\/"},{"@type":"ListItem","position":2,"name":"\u00bfPor qu\u00e9 tenemos grandes &#8216;coaches&#8217;?"}]},{"@type":"WebSite","@id":"https:\/\/empresas.infoempleo.com\/hrtrends\/#website","url":"https:\/\/empresas.infoempleo.com\/hrtrends","name":"HRTrends by Infoempleo","description":"","publisher":{"@id":"https:\/\/empresas.infoempleo.com\/hrtrends\/#organization"},"potentialAction":{"@type":"SearchAction","target":"https:\/\/empresas.infoempleo.com\/hrtrends\/?s={search_term_string}","query-input":"required name=search_term_string"},"inLanguage":"es"},{"@type":"Organization","@id":"https:\/\/empresas.infoempleo.com\/hrtrends\/#organization","name":"Infoempleo","url":"https:\/\/www.infoempleo.com\/","logo":{"@type":"ImageObject","@id":"https:\/\/empresas.infoempleo.com\/hrtrends\/#logo","inLanguage":"es","url":"https:\/\/cdnazure.infoempleo.com\/infoempleo\/assets\/style\/gfx\/logo.svg","contentUrl":"https:\/\/cdnazure.infoempleo.com\/infoempleo\/assets\/style\/gfx\/logo.svg","width":150,"height":40,"caption":"Infoempleo"},"image":{"@id":"https:\/\/empresas.infoempleo.com\/hrtrends\/#logo"},"sameAs":["https:\/\/www.facebook.com\/Infoempleo","https:\/\/x.com\/infoempleo","http:\/\/instagram.com\/infoempleo\/","http:\/\/www.linkedin.com\/groups\/Empleo-Espa\u00f1a-Infoempleocom-111276","http:\/\/pinterest.com\/infoempleo\/"],"address":{"@type":"PostalAddress","addressLocality":"Madrid","postalCode":"28050","streetAddress":"Avenida de Burgos 114"},"brand":["Infoempleo"]},{"@type":"Person","@id":"https:\/\/empresas.infoempleo.com\/hrtrends\/#\/schema\/person\/67d3e276ffcc8b3ae0ebec816daf775a","name":"infoempleo","image":{"@type":"ImageObject","inLanguage":"es","@id":"https:\/\/empresas.infoempleo.com\/hrtrends\/#\/schema\/person\/image\/","url":"https:\/\/secure.gravatar.com\/avatar\/7b437777242fe67d2473c2a818da2344692d1ee91e91080ccffbd97bcd4a0975?s=96&d=mm&r=g","contentUrl":"https:\/\/secure.gravatar.com\/avatar\/7b437777242fe67d2473c2a818da2344692d1ee91e91080ccffbd97bcd4a0975?s=96&d=mm&r=g","caption":"infoempleo"},"url":"https:\/\/empresas.infoempleo.com\/hrtrends\/author\/infoempleo\/"}]}},"amp_enabled":true,"_links":{"self":[{"href":"https:\/\/empresas.infoempleo.com\/hrtrends\/wp-json\/wp\/v2\/posts\/9496","targetHints":{"allow":["GET"]}}],"collection":[{"href":"https:\/\/empresas.infoempleo.com\/hrtrends\/wp-json\/wp\/v2\/posts"}],"about":[{"href":"https:\/\/empresas.infoempleo.com\/hrtrends\/wp-json\/wp\/v2\/types\/post"}],"author":[{"embeddable":true,"href":"https:\/\/empresas.infoempleo.com\/hrtrends\/wp-json\/wp\/v2\/users\/72"}],"replies":[{"embeddable":true,"href":"https:\/\/empresas.infoempleo.com\/hrtrends\/wp-json\/wp\/v2\/comments?post=9496"}],"version-history":[{"count":1,"href":"https:\/\/empresas.infoempleo.com\/hrtrends\/wp-json\/wp\/v2\/posts\/9496\/revisions"}],"predecessor-version":[{"id":42504,"href":"https:\/\/empresas.infoempleo.com\/hrtrends\/wp-json\/wp\/v2\/posts\/9496\/revisions\/42504"}],"wp:featuredmedia":[{"embeddable":true,"href":"https:\/\/empresas.infoempleo.com\/hrtrends\/wp-json\/wp\/v2\/media\/29665"}],"wp:attachment":[{"href":"https:\/\/empresas.infoempleo.com\/hrtrends\/wp-json\/wp\/v2\/media?parent=9496"}],"wp:term":[{"taxonomy":"category","embeddable":true,"href":"https:\/\/empresas.infoempleo.com\/hrtrends\/wp-json\/wp\/v2\/categories?post=9496"},{"taxonomy":"post_tag","embeddable":true,"href":"https:\/\/empresas.infoempleo.com\/hrtrends\/wp-json\/wp\/v2\/tags?post=9496"}],"curies":[{"name":"wp","href":"https:\/\/api.w.org\/{rel}","templated":true}]}}