{"id":9481,"date":"2010-05-31T08:26:45","date_gmt":"2010-05-31T07:26:45","guid":{"rendered":"http:\/\/blog.infoempleo.com\/?p=9481"},"modified":"2024-09-09T17:34:45","modified_gmt":"2024-09-09T15:34:45","slug":"los-profesionales-tic-mantienen-su-tiron","status":"publish","type":"post","link":"https:\/\/empresas.infoempleo.com\/hrtrends\/los-profesionales-tic-mantienen-su-tiron\/","title":{"rendered":"Los profesionales TIC mantienen su tir\u00f3n"},"content":{"rendered":"<p style=\"text-align: center\"><img loading=\"lazy\" decoding=\"async\" class=\"aligncenter size-full wp-image-9486\" src=\"https:\/\/empresas.infoempleo.com\/hrtrends\/media\/2010\/05\/Informaticos1.jpg\" alt=\"Informaticos\" width=\"403\" height=\"222\" srcset=\"https:\/\/empresas.infoempleo.com\/hrtrends\/media\/2010\/05\/Informaticos1.jpg 640w, https:\/\/empresas.infoempleo.com\/hrtrends\/media\/2010\/05\/Informaticos1-300x165.jpg 300w\" sizes=\"auto, (max-width: 403px) 100vw, 403px\" \/><\/p>\n<p>Ah\u00ed los tienen, confinados en el s\u00f3tano de Industrias Reynholm. Los chicos de la fotograf\u00eda, <strong>Roy Tenneman<\/strong> y <strong>Maurice Moss<\/strong>, los inform\u00e1ticos, van por libre y desprecian la impericia tecnol\u00f3gica de sus compa\u00f1eros. \u00ab<strong>\u00bfHas probado a apagar y volver a encender?\u00bb<\/strong>, preguntan a todo aquel que acude en su ayuda. La serie de televisi\u00f3n \u2018Los inform\u00e1ticos\u2019 explota todos los t\u00f3picos en torno a una profesi\u00f3n que parec\u00eda a punto de morir de \u00e9xito en la d\u00e9cada de los noventa, sobrevivi\u00f3 a la crisis de las \u2018puntocom\u2019 que inaugur\u00f3 el siglo XXI y que ahora, en plena debacle econ\u00f3mica, mantiene el tipo con relativa dignidad. En su estudio sobre salarios y pol\u00edtica laboral correspondiente a 2009, <a class=\"wp-caption-dd\" title=\"Aetic\" href=\"https:\/\/www.aetic.es\/\" target=\"_blank\" rel=\"noopener\">Aetic<\/a> (Asociaci\u00f3n de Empresas de Electr\u00f3nica, Tecnolog\u00edas de la Informaci\u00f3n y Telecomunicaciones de Espa\u00f1a) avanza que <strong>en 2010 el sector crear\u00e1 empleo<\/strong>. Los pron\u00f3sticos hablan de un crecimiento en las plantillas de un 4,3%, una cifra modesta, pero m\u00e1s que significativa en un contexto de crisis como el actual. \u00ab2009 fue el peor ejercicio de nuestra historia \u2014asegura <strong>Jes\u00fas Banegas<\/strong>, presidente de Aetic\u2014. Nunca desde 1970, a\u00f1o en que empezamos a recopilar informaci\u00f3n, el sector hab\u00eda decrecido. El a\u00f1o pasado, sin embargo, la actividad cay\u00f3 un 9% y el empleo, un 5%. El gasto en I+D, sin embargo, creci\u00f3 un 3%. Si los dem\u00e1s sectores amortiguaran como nosotros los malos datos, otro gallo nos cantar\u00eda\u00bb.<\/p>\n<p>El informe correspondiente a 2009 de <a class=\"wp-caption-dd\" title=\"Asimelec\" href=\"http:\/\/www.asimelec.es\/\" target=\"_blank\" rel=\"noopener\">Asimelec<\/a>, la asociaci\u00f3n de importadores de productos de electr\u00f3nica, tambi\u00e9n certifica una ca\u00edda en la actividad del macrosector TIC (Tecnolog\u00edas de la Informaci\u00f3n y la Comunicaci\u00f3n): un 7% respecto a 2008, lo que se tradujo en unas p\u00e9rdidas de 5.000 millones de euros de facturaci\u00f3n. Sin embargo, <strong>los datos del primer trimestre de 2010 muestran un cambio de tendencia<\/strong>, porque la venta de material, ya sea ordenadores, televisiones o tel\u00e9fonos m\u00f3viles, ha aumentado casi un 20% respecto al mismo per\u00edodo del a\u00f1o anterior, y la cifra de negocio, un 4,3%.<\/p>\n<p><strong>\u00abCuando se reactive la econom\u00eda, empezaremos a vivir un problema creciente de falta de personal<\/strong>, sobre todo de los profesionales m\u00e1s cualificados, como los expertos en \u2018miner\u00eda\u2019 o gesti\u00f3n de datos, seguridad inform\u00e1tica o consultor\u00eda de negocio\u00bb, afirma <strong>Luis Fern\u00e1ndez Sanz<\/strong>, profesor de Ciencias de la Computaci\u00f3n de la Universidad de Alcal\u00e1 de Henares y miembro de la junta directiva de ATI (Asociaci\u00f3n de T\u00e9cnicos de Inform\u00e1tica). \u00abSalvo en la crisis de las \u2018puntocom\u2019, cuando alcanzamos tasas de desempleo del 4% que afect\u00f3 a personas de entre 38 y 45 a\u00f1os, nuestra profesi\u00f3n nunca se ha visto afectada por el paro. Ahora, sin embargo, nos encontramos con profesionales de entre 50 y 55 a\u00f1os que deben reorientar su carrera porque han sido v\u00edctimas de ERE. Las empresas los han sacado del mercado con el objeto de incorporar savia nueva que entra con salarios m\u00e1s modestos. Muchos de ellos se hacen aut\u00f3nomos. Por su parte, <strong>los nuevos egresados tardan entre cuatro y seis meses en encontrar su primer empleo\u00bb<\/strong>, dice <strong>Adri\u00e1n Nogales<\/strong>, secretario general del <a class=\"wp-caption-dd\" title=\"COIT\" href=\"https:\/\/www.coit.es\/\" target=\"_blank\" rel=\"noopener\">Colegio de Ingenieros de Telecomunicaci\u00f3n<\/a>.<\/p>\n<h3>Productividad<\/h3>\n<p>Dados los sustanciosos aportes de las TIC a la productividad \u2014un reciente informe de la Comisi\u00f3n Europea calcula que a ellas se debe la mitad del crecimiento de la productividad que ha conseguido Europa en los \u00faltimos 15 a\u00f1os\u2014, ni la UE, que pondr\u00e1 en marcha su agenda digital en breve, ni Espa\u00f1a pueden permitirse un estancamiento en el mercado laboral de las telecomunicaciones. La carrera es imparable y, pese a la crisis, <strong>gobiernos y asociaciones empiezan a mirar al futuro y a preocuparse ante la escasez de vocaciones tecnol\u00f3gicas<\/strong>.<\/p>\n<p>Aunque el presidente de Aetic se refiera a su sector como la \u00abquintaesencia del mercado laboral\u00bb \u2014porque <strong>m\u00e1s del 85% de los contratos son indefinidos<\/strong>, la remuneraci\u00f3n supera a las de otras actividades econ\u00f3micas y sus profesionales se recolocan m\u00e1s f\u00e1cilmente\u2014, los j\u00f3venes con vocaci\u00f3n de ingenieros prefieren, muchas veces aconsejados por sus padres, la estabilidad de una ingenier\u00eda generalista como Industriales. \u00abA partir del a\u00f1o 2001 los niveles salariales cayeron bastante, y los padres de los candidatos les hicieron ver que una carrera a la que hab\u00eda que dedicar tanto esfuerzo no les recompensar\u00eda r\u00e1pidamente\u00bb, comenta Adri\u00e1n Nogales, que fue testigo de la \u00e9poca m\u00e1s gloriosa de las telecomunicaciones, cuando a principios de la d\u00e9cada de los noventa prolifer\u00f3 el n\u00famero de escuelas, hasta llegar a 31, y el n\u00famero de reci\u00e9n graduados super\u00f3 los dos mil al a\u00f1o en v\u00edsperas del efecto 2000. \u00ab<strong>En los \u00faltimos a\u00f1os la ca\u00edda de matr\u00edculas en algunas escuelas ha sido espectacular\u00bb<\/strong>, certifica Nogales, para quien el repunte de la profesi\u00f3n siempre se asocia a una nueva revoluci\u00f3n tecnol\u00f3gica. Ahora hay dos pendientes: el despliegue de la fibra \u00f3ptica y pasar de las redes m\u00f3viles 3G a la siguiente generaci\u00f3n.<\/p>\n<p>Luis Sanz, por su parte, apunta varias razones para explicar la escasez de vocaciones tecnol\u00f3gicas, entre ellas, la tendencia de las empresas a igualar a profesionales de distinto nivel cuando est\u00e1n empezando, y el excesivo <strong>castigo que se propin\u00f3 al sector tras el estallido de la \u2018burbuja\u2019 tecnol\u00f3gica<\/strong>.<\/p>\n<p>Para <strong>fomentar el inter\u00e9s de los j\u00f3venes por las profesiones relacionadas con el sector TIC<\/strong>, la Comisi\u00f3n Europea ha auspiciado la campa\u00f1a <a class=\"wp-caption-dd\" title=\"eSkills\" href=\"http:\/\/www.jcyl.es\/web\/jcyl\/pr\/fr\/Cibercentros\/Page\/PlantillaDetalleContenido\/1175259727438\/Comunicacion\/1266563738939\/_?asm=jcyl&amp;rendermode=2334\" target=\"_blank\" rel=\"noopener\">e-Skills<\/a>. En Espa\u00f1a, la encargada de su puesta en marcha es Aetic, que el pasado mes de marzo organiz\u00f3 una serie de encuentros en los que participaron empresas, centros de formaci\u00f3n y escolares de entre 13 y 14 a\u00f1os. Para su presidente, Jes\u00fas Banegas, la baja retribuci\u00f3n de los ingenieros espa\u00f1oles \u2014<strong>el primer sueldo de un ingeniero de Telecomunicaciones en una empresa TIC est\u00e1 en 25.000 euros al a\u00f1o<\/strong>\u2014 y el peque\u00f1o tama\u00f1o de la industria tecnol\u00f3gica espa\u00f1ola ejercen un efecto disuasorio en las futuras matr\u00edculas.<\/p>\n","protected":false},"excerpt":{"rendered":"<p>Faltan vocaciones tecnol\u00f3gicas en un sector que, tras remontar el peor a\u00f1o de su historia, vuelve a crear empleo.<\/p>\n","protected":false},"author":34,"featured_media":29665,"comment_status":"closed","ping_status":"open","sticky":false,"template":"","format":"standard","meta":{"footnotes":""},"categories":[3],"tags":[1868,1870,1872,1874,1875,1876,1509],"class_list":["post-9481","post","type-post","status-publish","format-standard","has-post-thumbnail","hentry","category-actualidad","tag-aetic","tag-ati","tag-jesus-banegas","tag-luis-fernandez-sanz","tag-profesionales-tic","tag-sector-tic","tag-telecomunicaciones"],"yoast_head":"<!-- This site is optimized with the Yoast SEO plugin v26.1.1 - https:\/\/yoast.com\/wordpress\/plugins\/seo\/ -->\n<title>Los profesionales TIC mantienen su tir\u00f3n | HRTRENDS<\/title>\n<meta name=\"robots\" content=\"index, follow, max-snippet:-1, max-image-preview:large, max-video-preview:-1\" \/>\n<link rel=\"canonical\" href=\"https:\/\/empresas.infoempleo.com\/hrtrends\/los-profesionales-tic-mantienen-su-tiron\/\" \/>\n<meta property=\"og:locale\" content=\"es_ES\" \/>\n<meta property=\"og:type\" content=\"article\" \/>\n<meta property=\"og:title\" content=\"Los profesionales TIC mantienen su tir\u00f3n | HRTRENDS\" \/>\n<meta property=\"og:description\" content=\"Faltan vocaciones tecnol\u00f3gicas en un sector que, tras remontar el peor a\u00f1o de su historia, vuelve a crear empleo.\" \/>\n<meta property=\"og:url\" content=\"https:\/\/empresas.infoempleo.com\/hrtrends\/los-profesionales-tic-mantienen-su-tiron\/\" \/>\n<meta property=\"og:site_name\" content=\"HRTRENDS\" \/>\n<meta property=\"article:publisher\" content=\"https:\/\/www.facebook.com\/Infoempleo\" \/>\n<meta property=\"article:published_time\" content=\"2010-05-31T07:26:45+00:00\" \/>\n<meta property=\"article:modified_time\" content=\"2024-09-09T15:34:45+00:00\" \/>\n<meta property=\"og:image\" content=\"https:\/\/empresas.infoempleo.com\/hrtrends\/media\/2017\/05\/pexels-photo-205508.jpg\" \/>\n\t<meta property=\"og:image:width\" content=\"1280\" \/>\n\t<meta property=\"og:image:height\" content=\"960\" \/>\n\t<meta property=\"og:image:type\" content=\"image\/jpeg\" \/>\n<meta name=\"author\" content=\"Rosario Sep\u00falveda\" \/>\n<meta name=\"twitter:card\" content=\"summary_large_image\" \/>\n<meta name=\"twitter:creator\" content=\"@infoempleo\" \/>\n<meta name=\"twitter:site\" content=\"@infoempleo\" \/>\n<meta name=\"twitter:label1\" content=\"Escrito por\" \/>\n\t<meta name=\"twitter:data1\" content=\"Rosario Sep\u00falveda\" \/>\n\t<meta name=\"twitter:label2\" content=\"Tiempo de lectura\" \/>\n\t<meta name=\"twitter:data2\" content=\"5 minutos\" \/>\n<script type=\"application\/ld+json\" class=\"yoast-schema-graph\">{\"@context\":\"https:\/\/schema.org\",\"@graph\":[{\"@type\":\"NewsArticle\",\"@id\":\"https:\/\/empresas.infoempleo.com\/hrtrends\/los-profesionales-tic-mantienen-su-tiron\/#article\",\"isPartOf\":{\"@id\":\"https:\/\/empresas.infoempleo.com\/hrtrends\/los-profesionales-tic-mantienen-su-tiron\/\"},\"author\":{\"name\":\"Rosario Sep\u00falveda\",\"@id\":\"https:\/\/empresas.infoempleo.com\/hrtrends\/#\/schema\/person\/2a45835f1492cbc7fbce11ad398707a8\"},\"headline\":\"Los profesionales TIC mantienen su tir\u00f3n\",\"datePublished\":\"2010-05-31T07:26:45+00:00\",\"dateModified\":\"2024-09-09T15:34:45+00:00\",\"mainEntityOfPage\":{\"@id\":\"https:\/\/empresas.infoempleo.com\/hrtrends\/los-profesionales-tic-mantienen-su-tiron\/\"},\"wordCount\":1039,\"publisher\":{\"@id\":\"https:\/\/empresas.infoempleo.com\/hrtrends\/#organization\"},\"image\":{\"@id\":\"https:\/\/empresas.infoempleo.com\/hrtrends\/los-profesionales-tic-mantienen-su-tiron\/#primaryimage\"},\"thumbnailUrl\":\"https:\/\/empresas.infoempleo.com\/hrtrends\/media\/2017\/05\/pexels-photo-205508.jpg\",\"keywords\":[\"Aetic\",\"Ati\",\"Jes\u00fas Banegas\",\"Luis Fern\u00e1ndez Sanz\",\"Profesionales TIC\",\"sector TIC\",\"telecomunicaciones\"],\"articleSection\":[\"Actualidad\"],\"inLanguage\":\"es\",\"copyrightYear\":\"2010\",\"copyrightHolder\":{\"@id\":\"https:\/\/empresas.infoempleo.com\/hrtrends\/#organization\"}},{\"@type\":\"WebPage\",\"@id\":\"https:\/\/empresas.infoempleo.com\/hrtrends\/los-profesionales-tic-mantienen-su-tiron\/\",\"url\":\"https:\/\/empresas.infoempleo.com\/hrtrends\/los-profesionales-tic-mantienen-su-tiron\/\",\"name\":\"Los profesionales TIC mantienen su tir\u00f3n | HRTRENDS\",\"isPartOf\":{\"@id\":\"https:\/\/empresas.infoempleo.com\/hrtrends\/#website\"},\"primaryImageOfPage\":{\"@id\":\"https:\/\/empresas.infoempleo.com\/hrtrends\/los-profesionales-tic-mantienen-su-tiron\/#primaryimage\"},\"image\":{\"@id\":\"https:\/\/empresas.infoempleo.com\/hrtrends\/los-profesionales-tic-mantienen-su-tiron\/#primaryimage\"},\"thumbnailUrl\":\"https:\/\/empresas.infoempleo.com\/hrtrends\/media\/2017\/05\/pexels-photo-205508.jpg\",\"datePublished\":\"2010-05-31T07:26:45+00:00\",\"dateModified\":\"2024-09-09T15:34:45+00:00\",\"breadcrumb\":{\"@id\":\"https:\/\/empresas.infoempleo.com\/hrtrends\/los-profesionales-tic-mantienen-su-tiron\/#breadcrumb\"},\"inLanguage\":\"es\",\"potentialAction\":[{\"@type\":\"ReadAction\",\"target\":[\"https:\/\/empresas.infoempleo.com\/hrtrends\/los-profesionales-tic-mantienen-su-tiron\/\"]}]},{\"@type\":\"ImageObject\",\"inLanguage\":\"es\",\"@id\":\"https:\/\/empresas.infoempleo.com\/hrtrends\/los-profesionales-tic-mantienen-su-tiron\/#primaryimage\",\"url\":\"https:\/\/empresas.infoempleo.com\/hrtrends\/media\/2017\/05\/pexels-photo-205508-150x150.jpg\",\"contentUrl\":\"https:\/\/empresas.infoempleo.com\/hrtrends\/media\/2017\/05\/pexels-photo-205508-150x150.jpg\",\"width\":150,\"height\":150},{\"@type\":\"BreadcrumbList\",\"@id\":\"https:\/\/empresas.infoempleo.com\/hrtrends\/los-profesionales-tic-mantienen-su-tiron\/#breadcrumb\",\"itemListElement\":[{\"@type\":\"ListItem\",\"position\":1,\"name\":\"Portada\",\"item\":\"https:\/\/empresas.infoempleo.com\/hrtrends\/\"},{\"@type\":\"ListItem\",\"position\":2,\"name\":\"Los profesionales TIC mantienen su tir\u00f3n\"}]},{\"@type\":\"WebSite\",\"@id\":\"https:\/\/empresas.infoempleo.com\/hrtrends\/#website\",\"url\":\"https:\/\/empresas.infoempleo.com\/hrtrends\",\"name\":\"HRTrends by Infoempleo\",\"description\":\"\",\"publisher\":{\"@id\":\"https:\/\/empresas.infoempleo.com\/hrtrends\/#organization\"},\"potentialAction\":{\"@type\":\"SearchAction\",\"target\":\"https:\/\/empresas.infoempleo.com\/hrtrends\/?s={search_term_string}\",\"query-input\":\"required name=search_term_string\"},\"inLanguage\":\"es\"},{\"@type\":\"Organization\",\"@id\":\"https:\/\/empresas.infoempleo.com\/hrtrends\/#organization\",\"name\":\"Infoempleo\",\"url\":\"https:\/\/www.infoempleo.com\/\",\"logo\":{\"@type\":\"ImageObject\",\"@id\":\"https:\/\/empresas.infoempleo.com\/hrtrends\/#logo\",\"inLanguage\":\"es\",\"url\":\"https:\/\/cdnazure.infoempleo.com\/infoempleo\/assets\/style\/gfx\/logo.svg\",\"contentUrl\":\"https:\/\/cdnazure.infoempleo.com\/infoempleo\/assets\/style\/gfx\/logo.svg\",\"width\":150,\"height\":40,\"caption\":\"Infoempleo\"},\"image\":{\"@id\":\"https:\/\/empresas.infoempleo.com\/hrtrends\/#logo\"},\"sameAs\":[\"https:\/\/www.facebook.com\/Infoempleo\",\"https:\/\/x.com\/infoempleo\",\"http:\/\/instagram.com\/infoempleo\/\",\"http:\/\/www.linkedin.com\/groups\/Empleo-Espa\u00f1a-Infoempleocom-111276\",\"http:\/\/pinterest.com\/infoempleo\/\"],\"address\":{\"@type\":\"PostalAddress\",\"addressLocality\":\"Madrid\",\"postalCode\":\"28050\",\"streetAddress\":\"Avenida de Burgos 114\"},\"brand\":[\"Infoempleo\"]},{\"@type\":\"Person\",\"@id\":\"https:\/\/empresas.infoempleo.com\/hrtrends\/#\/schema\/person\/2a45835f1492cbc7fbce11ad398707a8\",\"name\":\"Rosario Sep\u00falveda\",\"image\":{\"@type\":\"ImageObject\",\"inLanguage\":\"es\",\"@id\":\"https:\/\/empresas.infoempleo.com\/hrtrends\/#\/schema\/person\/image\/\",\"url\":\"https:\/\/secure.gravatar.com\/avatar\/01b4f37da8fd0cca9ded94ad0ab4a694814c54945a7c84e54495a93ea3a90e3b?s=96&d=mm&r=g\",\"contentUrl\":\"https:\/\/secure.gravatar.com\/avatar\/01b4f37da8fd0cca9ded94ad0ab4a694814c54945a7c84e54495a93ea3a90e3b?s=96&d=mm&r=g\",\"caption\":\"Rosario Sep\u00falveda\"},\"url\":\"https:\/\/empresas.infoempleo.com\/hrtrends\/author\/rosario-sepulveda\/\"}]}<\/script>\n<!-- \/ Yoast SEO plugin. -->","yoast_head_json":{"title":"Los profesionales TIC mantienen su tir\u00f3n | HRTRENDS","robots":{"index":"index","follow":"follow","max-snippet":"max-snippet:-1","max-image-preview":"max-image-preview:large","max-video-preview":"max-video-preview:-1"},"canonical":"https:\/\/empresas.infoempleo.com\/hrtrends\/los-profesionales-tic-mantienen-su-tiron\/","og_locale":"es_ES","og_type":"article","og_title":"Los profesionales TIC mantienen su tir\u00f3n | HRTRENDS","og_description":"Faltan vocaciones tecnol\u00f3gicas en un sector que, tras remontar el peor a\u00f1o de su historia, vuelve a crear empleo.","og_url":"https:\/\/empresas.infoempleo.com\/hrtrends\/los-profesionales-tic-mantienen-su-tiron\/","og_site_name":"HRTRENDS","article_publisher":"https:\/\/www.facebook.com\/Infoempleo","article_published_time":"2010-05-31T07:26:45+00:00","article_modified_time":"2024-09-09T15:34:45+00:00","og_image":[{"width":1280,"height":960,"url":"https:\/\/empresas.infoempleo.com\/hrtrends\/media\/2017\/05\/pexels-photo-205508.jpg","type":"image\/jpeg"}],"author":"Rosario Sep\u00falveda","twitter_card":"summary_large_image","twitter_creator":"@infoempleo","twitter_site":"@infoempleo","twitter_misc":{"Escrito por":"Rosario Sep\u00falveda","Tiempo de lectura":"5 minutos"},"schema":{"@context":"https:\/\/schema.org","@graph":[{"@type":"NewsArticle","@id":"https:\/\/empresas.infoempleo.com\/hrtrends\/los-profesionales-tic-mantienen-su-tiron\/#article","isPartOf":{"@id":"https:\/\/empresas.infoempleo.com\/hrtrends\/los-profesionales-tic-mantienen-su-tiron\/"},"author":{"name":"Rosario Sep\u00falveda","@id":"https:\/\/empresas.infoempleo.com\/hrtrends\/#\/schema\/person\/2a45835f1492cbc7fbce11ad398707a8"},"headline":"Los profesionales TIC mantienen su tir\u00f3n","datePublished":"2010-05-31T07:26:45+00:00","dateModified":"2024-09-09T15:34:45+00:00","mainEntityOfPage":{"@id":"https:\/\/empresas.infoempleo.com\/hrtrends\/los-profesionales-tic-mantienen-su-tiron\/"},"wordCount":1039,"publisher":{"@id":"https:\/\/empresas.infoempleo.com\/hrtrends\/#organization"},"image":{"@id":"https:\/\/empresas.infoempleo.com\/hrtrends\/los-profesionales-tic-mantienen-su-tiron\/#primaryimage"},"thumbnailUrl":"https:\/\/empresas.infoempleo.com\/hrtrends\/media\/2017\/05\/pexels-photo-205508.jpg","keywords":["Aetic","Ati","Jes\u00fas Banegas","Luis Fern\u00e1ndez Sanz","Profesionales TIC","sector TIC","telecomunicaciones"],"articleSection":["Actualidad"],"inLanguage":"es","copyrightYear":"2010","copyrightHolder":{"@id":"https:\/\/empresas.infoempleo.com\/hrtrends\/#organization"}},{"@type":"WebPage","@id":"https:\/\/empresas.infoempleo.com\/hrtrends\/los-profesionales-tic-mantienen-su-tiron\/","url":"https:\/\/empresas.infoempleo.com\/hrtrends\/los-profesionales-tic-mantienen-su-tiron\/","name":"Los profesionales TIC mantienen su tir\u00f3n | HRTRENDS","isPartOf":{"@id":"https:\/\/empresas.infoempleo.com\/hrtrends\/#website"},"primaryImageOfPage":{"@id":"https:\/\/empresas.infoempleo.com\/hrtrends\/los-profesionales-tic-mantienen-su-tiron\/#primaryimage"},"image":{"@id":"https:\/\/empresas.infoempleo.com\/hrtrends\/los-profesionales-tic-mantienen-su-tiron\/#primaryimage"},"thumbnailUrl":"https:\/\/empresas.infoempleo.com\/hrtrends\/media\/2017\/05\/pexels-photo-205508.jpg","datePublished":"2010-05-31T07:26:45+00:00","dateModified":"2024-09-09T15:34:45+00:00","breadcrumb":{"@id":"https:\/\/empresas.infoempleo.com\/hrtrends\/los-profesionales-tic-mantienen-su-tiron\/#breadcrumb"},"inLanguage":"es","potentialAction":[{"@type":"ReadAction","target":["https:\/\/empresas.infoempleo.com\/hrtrends\/los-profesionales-tic-mantienen-su-tiron\/"]}]},{"@type":"ImageObject","inLanguage":"es","@id":"https:\/\/empresas.infoempleo.com\/hrtrends\/los-profesionales-tic-mantienen-su-tiron\/#primaryimage","url":"https:\/\/empresas.infoempleo.com\/hrtrends\/media\/2017\/05\/pexels-photo-205508-150x150.jpg","contentUrl":"https:\/\/empresas.infoempleo.com\/hrtrends\/media\/2017\/05\/pexels-photo-205508-150x150.jpg","width":150,"height":150},{"@type":"BreadcrumbList","@id":"https:\/\/empresas.infoempleo.com\/hrtrends\/los-profesionales-tic-mantienen-su-tiron\/#breadcrumb","itemListElement":[{"@type":"ListItem","position":1,"name":"Portada","item":"https:\/\/empresas.infoempleo.com\/hrtrends\/"},{"@type":"ListItem","position":2,"name":"Los profesionales TIC mantienen su tir\u00f3n"}]},{"@type":"WebSite","@id":"https:\/\/empresas.infoempleo.com\/hrtrends\/#website","url":"https:\/\/empresas.infoempleo.com\/hrtrends","name":"HRTrends by Infoempleo","description":"","publisher":{"@id":"https:\/\/empresas.infoempleo.com\/hrtrends\/#organization"},"potentialAction":{"@type":"SearchAction","target":"https:\/\/empresas.infoempleo.com\/hrtrends\/?s={search_term_string}","query-input":"required name=search_term_string"},"inLanguage":"es"},{"@type":"Organization","@id":"https:\/\/empresas.infoempleo.com\/hrtrends\/#organization","name":"Infoempleo","url":"https:\/\/www.infoempleo.com\/","logo":{"@type":"ImageObject","@id":"https:\/\/empresas.infoempleo.com\/hrtrends\/#logo","inLanguage":"es","url":"https:\/\/cdnazure.infoempleo.com\/infoempleo\/assets\/style\/gfx\/logo.svg","contentUrl":"https:\/\/cdnazure.infoempleo.com\/infoempleo\/assets\/style\/gfx\/logo.svg","width":150,"height":40,"caption":"Infoempleo"},"image":{"@id":"https:\/\/empresas.infoempleo.com\/hrtrends\/#logo"},"sameAs":["https:\/\/www.facebook.com\/Infoempleo","https:\/\/x.com\/infoempleo","http:\/\/instagram.com\/infoempleo\/","http:\/\/www.linkedin.com\/groups\/Empleo-Espa\u00f1a-Infoempleocom-111276","http:\/\/pinterest.com\/infoempleo\/"],"address":{"@type":"PostalAddress","addressLocality":"Madrid","postalCode":"28050","streetAddress":"Avenida de Burgos 114"},"brand":["Infoempleo"]},{"@type":"Person","@id":"https:\/\/empresas.infoempleo.com\/hrtrends\/#\/schema\/person\/2a45835f1492cbc7fbce11ad398707a8","name":"Rosario Sep\u00falveda","image":{"@type":"ImageObject","inLanguage":"es","@id":"https:\/\/empresas.infoempleo.com\/hrtrends\/#\/schema\/person\/image\/","url":"https:\/\/secure.gravatar.com\/avatar\/01b4f37da8fd0cca9ded94ad0ab4a694814c54945a7c84e54495a93ea3a90e3b?s=96&d=mm&r=g","contentUrl":"https:\/\/secure.gravatar.com\/avatar\/01b4f37da8fd0cca9ded94ad0ab4a694814c54945a7c84e54495a93ea3a90e3b?s=96&d=mm&r=g","caption":"Rosario Sep\u00falveda"},"url":"https:\/\/empresas.infoempleo.com\/hrtrends\/author\/rosario-sepulveda\/"}]}},"amp_enabled":true,"_links":{"self":[{"href":"https:\/\/empresas.infoempleo.com\/hrtrends\/wp-json\/wp\/v2\/posts\/9481","targetHints":{"allow":["GET"]}}],"collection":[{"href":"https:\/\/empresas.infoempleo.com\/hrtrends\/wp-json\/wp\/v2\/posts"}],"about":[{"href":"https:\/\/empresas.infoempleo.com\/hrtrends\/wp-json\/wp\/v2\/types\/post"}],"author":[{"embeddable":true,"href":"https:\/\/empresas.infoempleo.com\/hrtrends\/wp-json\/wp\/v2\/users\/34"}],"replies":[{"embeddable":true,"href":"https:\/\/empresas.infoempleo.com\/hrtrends\/wp-json\/wp\/v2\/comments?post=9481"}],"version-history":[{"count":3,"href":"https:\/\/empresas.infoempleo.com\/hrtrends\/wp-json\/wp\/v2\/posts\/9481\/revisions"}],"predecessor-version":[{"id":45641,"href":"https:\/\/empresas.infoempleo.com\/hrtrends\/wp-json\/wp\/v2\/posts\/9481\/revisions\/45641"}],"wp:featuredmedia":[{"embeddable":true,"href":"https:\/\/empresas.infoempleo.com\/hrtrends\/wp-json\/wp\/v2\/media\/29665"}],"wp:attachment":[{"href":"https:\/\/empresas.infoempleo.com\/hrtrends\/wp-json\/wp\/v2\/media?parent=9481"}],"wp:term":[{"taxonomy":"category","embeddable":true,"href":"https:\/\/empresas.infoempleo.com\/hrtrends\/wp-json\/wp\/v2\/categories?post=9481"},{"taxonomy":"post_tag","embeddable":true,"href":"https:\/\/empresas.infoempleo.com\/hrtrends\/wp-json\/wp\/v2\/tags?post=9481"}],"curies":[{"name":"wp","href":"https:\/\/api.w.org\/{rel}","templated":true}]}}