{"id":9400,"date":"2010-05-25T08:20:17","date_gmt":"2010-05-25T07:20:17","guid":{"rendered":"http:\/\/blog.infoempleo.com\/?p=9400"},"modified":"2018-05-23T17:44:20","modified_gmt":"2018-05-23T15:44:20","slug":"la-cam-cajastur-caja-extremadura-y-caja-cantabria-se-fusionan","status":"publish","type":"post","link":"https:\/\/empresas.infoempleo.com\/hrtrends\/la-cam-cajastur-caja-extremadura-y-caja-cantabria-se-fusionan\/","title":{"rendered":"La CAM, Cajastur, Caja Extremadura y Caja Cantabria se fusionan"},"content":{"rendered":"<p>Caja de Ahorros del Mediterr\u00e1neo (CAM), Cajastur, Caja Extremadura y Caja Cantabria se integrar\u00e1n en una &#8216;fusi\u00f3n fr\u00eda&#8217; para reforzar la solvencia y patrimonio de cada una de ellas, informaron este lunes las entidades a la Comisi\u00f3n Nacional del Mercado de Valores (CNMV).<\/p>\n<p>Estas cajas han firmado un protocolo de intenciones para integrarse en un Sistema Institucional de Protecci\u00f3n (SIP) que se articula como un banco con sede en Madrid, encargado de las pol\u00edticas de riesgos, tesorer\u00eda, calificaci\u00f3n crediticia, control interno y requerimientos regulatorios de todas ellas.<\/p>\n<p>No obstante, <strong>cada caja de ahorros mantiene su personalidad jur\u00eddica, implantaci\u00f3n regional de negocio minorista, y \u00f3rganos de gobierno y obra social independientes, por lo que la red comercial seguir\u00e1 operando en cada territorio con la marca actual de cada entidad en su territorio natural.<\/strong><\/p>\n<p>As\u00ed, Caja Cantabria, Caja Mediterr\u00e1neo, Caja Extremadura, Cajastur, y Caja Castilla-La Mancha (CCM) -en proceso de integraci\u00f3n en la asturiana- mantendr\u00e1n sus insignias.<\/p>\n<p>Esta fusi\u00f3n &#8216;fr\u00eda o virtual&#8217; dar\u00e1 lugar al tercer grupo financiero de cajas de Espa\u00f1a y el quinto grupo del sector financiero espa\u00f1ol, con un volumen de activos superior a 135.000 millones de euros, un volumen de negocio de unos 177.000 millones de euros, y un ratio de solvencia del 12,1%.<\/p>\n<p>El nuevo grupo contar\u00e1 con una red comercial de 2.300 oficinas y una plantilla conjunta que ronda los 14.000 empleados, mientras que su cartera de participadas tiene un valor de 4.000 millones de euros en el balance agregado.<\/p>\n<p>La nueva entidad tendr\u00e1 un consejo de administraci\u00f3n de doce miembros, presidida por Modesto Crespo, actual presidente de Caja Mediterr\u00e1neo, y con Manuel Men\u00e9ndez (presidente de Cajastur) de consejero delegado. Por su parte, V\u00edctor Bravo (presidente de Caja Extremadura) ser\u00e1 vicepresidente primero y Enrique Ambrosio (presidente de Caja Cantabria) ser\u00e1 vicepresidente segundo.<\/p>\n<p><strong>Las entidades integrantes del grupo asumen un compromiso rec\u00edproco de solvencia de la totalidad de los recursos propios de cada entidad participante y de liquidez, mediante la creaci\u00f3n de un sistema de tesorer\u00eda global.<\/strong><\/p>\n<h3>CAM y Cajastur controlan el 40% cada una<\/h3>\n<p>El SIP, que nace con vocaci\u00f3n de duraci\u00f3n indefinida y en el que las cajas pondr\u00e1n en com\u00fan el cien por cien de los beneficios, estar\u00e1 participado por Caja Mediterr\u00e1neo en un 40%, al igual que por Cajastur (40%), mientras que Caja Extremadura y Caja Cantabria contar\u00e1n con una participaci\u00f3n del 11% y del 9%, respectivamente.<\/p>\n<p>Los presidentes y directores generales de las entidades suscribieron hoy un protocolo de intenciones que ha sido presentado al Banco de Espa\u00f1a y que ser\u00e1 sometido a aprobaci\u00f3n por los respectivos consejos de administraci\u00f3n, con el fin de aprovechar las oportunidades que ofrece el Fondo de Reestructuraci\u00f3n Ordenada Bancaria (FROB).<\/p>\n<p>Una vez aprobado por los respectivos consejos de administraci\u00f3n y tras la obtenci\u00f3n de todas las autorizaciones administrativas pertinentes, se iniciar\u00e1n las actividades para formalizar el grupo y el desarrollo del proyecto conjunto.<\/p>\n<p>El SIP permitir\u00e1 reforzar la oferta de servicios a los clientes de las entidades en todo el territorio nacional y la inversi\u00f3n crediticia en sus territorios tradicionales, indicaron las cajas.<\/p>\n<p>La agrupaci\u00f3n de estas entidades presenta una diversificaci\u00f3n de riesgos, tanto geogr\u00e1fica como sectorial, y una ausencia de solapamiento de clientes, lo que permitir\u00e1 mayores oportunidades para empresas y familias en sus territorios de origen.<\/p>\n<p>La complementariedad de redes comerciales y oficinas supone un reforzamiento de la actividad en mercados relevantes como Madrid, Catalu\u00f1a, Andaluc\u00eda y Galicia, y uno de los factores positivos del acuerdo es que cada entidad participante mantiene su personalidad y niveles de empleo en sus redes naturales.<\/p>\n<p>Fuente: <a href=\"https:\/\/www.europapress.es\/economia\/noticia-cam-cajastur-caja-extremadura-caja-cantabria-fusionan-20100524191157.html\" target=\"_blank\">Europa Press<\/a><\/p>\n","protected":false},"excerpt":{"rendered":"<p>Caja de Ahorros del Mediterr\u00e1neo (CAM), Cajastur, Caja Extremadura y Caja Cantabria se integrar\u00e1n en una &#8216;fusi\u00f3n fr\u00eda&#8217;<a class=\"moretag\" href=\"https:\/\/empresas.infoempleo.com\/hrtrends\/la-cam-cajastur-caja-extremadura-y-caja-cantabria-se-fusionan\/\"> Leer m\u00e1s<\/a><\/p>\n","protected":false},"author":72,"featured_media":29665,"comment_status":"closed","ping_status":"open","sticky":false,"template":"","format":"standard","meta":{"footnotes":""},"categories":[3],"tags":[424,1497],"class_list":["post-9400","post","type-post","status-publish","format-standard","has-post-thumbnail","hentry","category-actualidad","tag-economia","tag-finanzas"],"yoast_head":"<!-- This site is optimized with the Yoast SEO plugin v26.1.1 - https:\/\/yoast.com\/wordpress\/plugins\/seo\/ -->\n<title>La CAM, Cajastur, Caja Extremadura y Caja Cantabria se fusionan | HRTRENDS<\/title>\n<meta name=\"robots\" content=\"index, follow, max-snippet:-1, max-image-preview:large, max-video-preview:-1\" \/>\n<link rel=\"canonical\" href=\"https:\/\/empresas.infoempleo.com\/hrtrends\/la-cam-cajastur-caja-extremadura-y-caja-cantabria-se-fusionan\/\" \/>\n<meta property=\"og:locale\" content=\"es_ES\" \/>\n<meta property=\"og:type\" content=\"article\" \/>\n<meta property=\"og:title\" content=\"La CAM, Cajastur, Caja Extremadura y Caja Cantabria se fusionan | HRTRENDS\" \/>\n<meta property=\"og:description\" content=\"Caja de Ahorros del Mediterr\u00e1neo (CAM), Cajastur, Caja Extremadura y Caja Cantabria se integrar\u00e1n en una &#8216;fusi\u00f3n fr\u00eda&#8217; Leer m\u00e1s\" \/>\n<meta property=\"og:url\" content=\"https:\/\/empresas.infoempleo.com\/hrtrends\/la-cam-cajastur-caja-extremadura-y-caja-cantabria-se-fusionan\/\" \/>\n<meta property=\"og:site_name\" content=\"HRTRENDS\" \/>\n<meta property=\"article:publisher\" content=\"https:\/\/www.facebook.com\/Infoempleo\" \/>\n<meta property=\"article:published_time\" content=\"2010-05-25T07:20:17+00:00\" \/>\n<meta property=\"article:modified_time\" content=\"2018-05-23T15:44:20+00:00\" \/>\n<meta property=\"og:image\" content=\"https:\/\/empresas.infoempleo.com\/hrtrends\/media\/2017\/05\/pexels-photo-205508.jpg\" \/>\n\t<meta property=\"og:image:width\" content=\"1280\" \/>\n\t<meta property=\"og:image:height\" content=\"960\" \/>\n\t<meta property=\"og:image:type\" content=\"image\/jpeg\" \/>\n<meta name=\"author\" content=\"infoempleo\" \/>\n<meta name=\"twitter:card\" content=\"summary_large_image\" \/>\n<meta name=\"twitter:creator\" content=\"@infoempleo\" \/>\n<meta name=\"twitter:site\" content=\"@infoempleo\" \/>\n<meta name=\"twitter:label1\" content=\"Escrito por\" \/>\n\t<meta name=\"twitter:data1\" content=\"infoempleo\" \/>\n\t<meta name=\"twitter:label2\" content=\"Tiempo de lectura\" \/>\n\t<meta name=\"twitter:data2\" content=\"3 minutos\" \/>\n<script type=\"application\/ld+json\" class=\"yoast-schema-graph\">{\"@context\":\"https:\/\/schema.org\",\"@graph\":[{\"@type\":\"NewsArticle\",\"@id\":\"https:\/\/empresas.infoempleo.com\/hrtrends\/la-cam-cajastur-caja-extremadura-y-caja-cantabria-se-fusionan\/#article\",\"isPartOf\":{\"@id\":\"https:\/\/empresas.infoempleo.com\/hrtrends\/la-cam-cajastur-caja-extremadura-y-caja-cantabria-se-fusionan\/\"},\"author\":{\"name\":\"infoempleo\",\"@id\":\"https:\/\/empresas.infoempleo.com\/hrtrends\/#\/schema\/person\/67d3e276ffcc8b3ae0ebec816daf775a\"},\"headline\":\"La CAM, Cajastur, Caja Extremadura y Caja Cantabria se fusionan\",\"datePublished\":\"2010-05-25T07:20:17+00:00\",\"dateModified\":\"2018-05-23T15:44:20+00:00\",\"mainEntityOfPage\":{\"@id\":\"https:\/\/empresas.infoempleo.com\/hrtrends\/la-cam-cajastur-caja-extremadura-y-caja-cantabria-se-fusionan\/\"},\"wordCount\":635,\"publisher\":{\"@id\":\"https:\/\/empresas.infoempleo.com\/hrtrends\/#organization\"},\"image\":{\"@id\":\"https:\/\/empresas.infoempleo.com\/hrtrends\/la-cam-cajastur-caja-extremadura-y-caja-cantabria-se-fusionan\/#primaryimage\"},\"thumbnailUrl\":\"https:\/\/empresas.infoempleo.com\/hrtrends\/media\/2017\/05\/pexels-photo-205508.jpg\",\"keywords\":[\"econom\u00eda\",\"finanzas\"],\"articleSection\":[\"Actualidad\"],\"inLanguage\":\"es\",\"copyrightYear\":\"2010\",\"copyrightHolder\":{\"@id\":\"https:\/\/empresas.infoempleo.com\/hrtrends\/#organization\"}},{\"@type\":\"WebPage\",\"@id\":\"https:\/\/empresas.infoempleo.com\/hrtrends\/la-cam-cajastur-caja-extremadura-y-caja-cantabria-se-fusionan\/\",\"url\":\"https:\/\/empresas.infoempleo.com\/hrtrends\/la-cam-cajastur-caja-extremadura-y-caja-cantabria-se-fusionan\/\",\"name\":\"La CAM, Cajastur, Caja Extremadura y Caja Cantabria se fusionan | HRTRENDS\",\"isPartOf\":{\"@id\":\"https:\/\/empresas.infoempleo.com\/hrtrends\/#website\"},\"primaryImageOfPage\":{\"@id\":\"https:\/\/empresas.infoempleo.com\/hrtrends\/la-cam-cajastur-caja-extremadura-y-caja-cantabria-se-fusionan\/#primaryimage\"},\"image\":{\"@id\":\"https:\/\/empresas.infoempleo.com\/hrtrends\/la-cam-cajastur-caja-extremadura-y-caja-cantabria-se-fusionan\/#primaryimage\"},\"thumbnailUrl\":\"https:\/\/empresas.infoempleo.com\/hrtrends\/media\/2017\/05\/pexels-photo-205508.jpg\",\"datePublished\":\"2010-05-25T07:20:17+00:00\",\"dateModified\":\"2018-05-23T15:44:20+00:00\",\"breadcrumb\":{\"@id\":\"https:\/\/empresas.infoempleo.com\/hrtrends\/la-cam-cajastur-caja-extremadura-y-caja-cantabria-se-fusionan\/#breadcrumb\"},\"inLanguage\":\"es\",\"potentialAction\":[{\"@type\":\"ReadAction\",\"target\":[\"https:\/\/empresas.infoempleo.com\/hrtrends\/la-cam-cajastur-caja-extremadura-y-caja-cantabria-se-fusionan\/\"]}]},{\"@type\":\"ImageObject\",\"inLanguage\":\"es\",\"@id\":\"https:\/\/empresas.infoempleo.com\/hrtrends\/la-cam-cajastur-caja-extremadura-y-caja-cantabria-se-fusionan\/#primaryimage\",\"url\":\"https:\/\/empresas.infoempleo.com\/hrtrends\/media\/2017\/05\/pexels-photo-205508-150x150.jpg\",\"contentUrl\":\"https:\/\/empresas.infoempleo.com\/hrtrends\/media\/2017\/05\/pexels-photo-205508-150x150.jpg\",\"width\":150,\"height\":150},{\"@type\":\"BreadcrumbList\",\"@id\":\"https:\/\/empresas.infoempleo.com\/hrtrends\/la-cam-cajastur-caja-extremadura-y-caja-cantabria-se-fusionan\/#breadcrumb\",\"itemListElement\":[{\"@type\":\"ListItem\",\"position\":1,\"name\":\"Portada\",\"item\":\"https:\/\/empresas.infoempleo.com\/hrtrends\/\"},{\"@type\":\"ListItem\",\"position\":2,\"name\":\"La CAM, Cajastur, Caja Extremadura y Caja Cantabria se fusionan\"}]},{\"@type\":\"WebSite\",\"@id\":\"https:\/\/empresas.infoempleo.com\/hrtrends\/#website\",\"url\":\"https:\/\/empresas.infoempleo.com\/hrtrends\",\"name\":\"HRTrends by Infoempleo\",\"description\":\"\",\"publisher\":{\"@id\":\"https:\/\/empresas.infoempleo.com\/hrtrends\/#organization\"},\"potentialAction\":{\"@type\":\"SearchAction\",\"target\":\"https:\/\/empresas.infoempleo.com\/hrtrends\/?s={search_term_string}\",\"query-input\":\"required name=search_term_string\"},\"inLanguage\":\"es\"},{\"@type\":\"Organization\",\"@id\":\"https:\/\/empresas.infoempleo.com\/hrtrends\/#organization\",\"name\":\"Infoempleo\",\"url\":\"https:\/\/www.infoempleo.com\/\",\"logo\":{\"@type\":\"ImageObject\",\"@id\":\"https:\/\/empresas.infoempleo.com\/hrtrends\/#logo\",\"inLanguage\":\"es\",\"url\":\"https:\/\/cdnazure.infoempleo.com\/infoempleo\/assets\/style\/gfx\/logo.svg\",\"contentUrl\":\"https:\/\/cdnazure.infoempleo.com\/infoempleo\/assets\/style\/gfx\/logo.svg\",\"width\":150,\"height\":40,\"caption\":\"Infoempleo\"},\"image\":{\"@id\":\"https:\/\/empresas.infoempleo.com\/hrtrends\/#logo\"},\"sameAs\":[\"https:\/\/www.facebook.com\/Infoempleo\",\"https:\/\/x.com\/infoempleo\",\"http:\/\/instagram.com\/infoempleo\/\",\"http:\/\/www.linkedin.com\/groups\/Empleo-Espa\u00f1a-Infoempleocom-111276\",\"http:\/\/pinterest.com\/infoempleo\/\"],\"address\":{\"@type\":\"PostalAddress\",\"addressLocality\":\"Madrid\",\"postalCode\":\"28050\",\"streetAddress\":\"Avenida de Burgos 114\"},\"brand\":[\"Infoempleo\"]},{\"@type\":\"Person\",\"@id\":\"https:\/\/empresas.infoempleo.com\/hrtrends\/#\/schema\/person\/67d3e276ffcc8b3ae0ebec816daf775a\",\"name\":\"infoempleo\",\"image\":{\"@type\":\"ImageObject\",\"inLanguage\":\"es\",\"@id\":\"https:\/\/empresas.infoempleo.com\/hrtrends\/#\/schema\/person\/image\/\",\"url\":\"https:\/\/secure.gravatar.com\/avatar\/7b437777242fe67d2473c2a818da2344692d1ee91e91080ccffbd97bcd4a0975?s=96&d=mm&r=g\",\"contentUrl\":\"https:\/\/secure.gravatar.com\/avatar\/7b437777242fe67d2473c2a818da2344692d1ee91e91080ccffbd97bcd4a0975?s=96&d=mm&r=g\",\"caption\":\"infoempleo\"},\"url\":\"https:\/\/empresas.infoempleo.com\/hrtrends\/author\/infoempleo\/\"}]}<\/script>\n<!-- \/ Yoast SEO plugin. -->","yoast_head_json":{"title":"La CAM, Cajastur, Caja Extremadura y Caja Cantabria se fusionan | HRTRENDS","robots":{"index":"index","follow":"follow","max-snippet":"max-snippet:-1","max-image-preview":"max-image-preview:large","max-video-preview":"max-video-preview:-1"},"canonical":"https:\/\/empresas.infoempleo.com\/hrtrends\/la-cam-cajastur-caja-extremadura-y-caja-cantabria-se-fusionan\/","og_locale":"es_ES","og_type":"article","og_title":"La CAM, Cajastur, Caja Extremadura y Caja Cantabria se fusionan | HRTRENDS","og_description":"Caja de Ahorros del Mediterr\u00e1neo (CAM), Cajastur, Caja Extremadura y Caja Cantabria se integrar\u00e1n en una &#8216;fusi\u00f3n fr\u00eda&#8217; Leer m\u00e1s","og_url":"https:\/\/empresas.infoempleo.com\/hrtrends\/la-cam-cajastur-caja-extremadura-y-caja-cantabria-se-fusionan\/","og_site_name":"HRTRENDS","article_publisher":"https:\/\/www.facebook.com\/Infoempleo","article_published_time":"2010-05-25T07:20:17+00:00","article_modified_time":"2018-05-23T15:44:20+00:00","og_image":[{"width":1280,"height":960,"url":"https:\/\/empresas.infoempleo.com\/hrtrends\/media\/2017\/05\/pexels-photo-205508.jpg","type":"image\/jpeg"}],"author":"infoempleo","twitter_card":"summary_large_image","twitter_creator":"@infoempleo","twitter_site":"@infoempleo","twitter_misc":{"Escrito por":"infoempleo","Tiempo de lectura":"3 minutos"},"schema":{"@context":"https:\/\/schema.org","@graph":[{"@type":"NewsArticle","@id":"https:\/\/empresas.infoempleo.com\/hrtrends\/la-cam-cajastur-caja-extremadura-y-caja-cantabria-se-fusionan\/#article","isPartOf":{"@id":"https:\/\/empresas.infoempleo.com\/hrtrends\/la-cam-cajastur-caja-extremadura-y-caja-cantabria-se-fusionan\/"},"author":{"name":"infoempleo","@id":"https:\/\/empresas.infoempleo.com\/hrtrends\/#\/schema\/person\/67d3e276ffcc8b3ae0ebec816daf775a"},"headline":"La CAM, Cajastur, Caja Extremadura y Caja Cantabria se fusionan","datePublished":"2010-05-25T07:20:17+00:00","dateModified":"2018-05-23T15:44:20+00:00","mainEntityOfPage":{"@id":"https:\/\/empresas.infoempleo.com\/hrtrends\/la-cam-cajastur-caja-extremadura-y-caja-cantabria-se-fusionan\/"},"wordCount":635,"publisher":{"@id":"https:\/\/empresas.infoempleo.com\/hrtrends\/#organization"},"image":{"@id":"https:\/\/empresas.infoempleo.com\/hrtrends\/la-cam-cajastur-caja-extremadura-y-caja-cantabria-se-fusionan\/#primaryimage"},"thumbnailUrl":"https:\/\/empresas.infoempleo.com\/hrtrends\/media\/2017\/05\/pexels-photo-205508.jpg","keywords":["econom\u00eda","finanzas"],"articleSection":["Actualidad"],"inLanguage":"es","copyrightYear":"2010","copyrightHolder":{"@id":"https:\/\/empresas.infoempleo.com\/hrtrends\/#organization"}},{"@type":"WebPage","@id":"https:\/\/empresas.infoempleo.com\/hrtrends\/la-cam-cajastur-caja-extremadura-y-caja-cantabria-se-fusionan\/","url":"https:\/\/empresas.infoempleo.com\/hrtrends\/la-cam-cajastur-caja-extremadura-y-caja-cantabria-se-fusionan\/","name":"La CAM, Cajastur, Caja Extremadura y Caja Cantabria se fusionan | HRTRENDS","isPartOf":{"@id":"https:\/\/empresas.infoempleo.com\/hrtrends\/#website"},"primaryImageOfPage":{"@id":"https:\/\/empresas.infoempleo.com\/hrtrends\/la-cam-cajastur-caja-extremadura-y-caja-cantabria-se-fusionan\/#primaryimage"},"image":{"@id":"https:\/\/empresas.infoempleo.com\/hrtrends\/la-cam-cajastur-caja-extremadura-y-caja-cantabria-se-fusionan\/#primaryimage"},"thumbnailUrl":"https:\/\/empresas.infoempleo.com\/hrtrends\/media\/2017\/05\/pexels-photo-205508.jpg","datePublished":"2010-05-25T07:20:17+00:00","dateModified":"2018-05-23T15:44:20+00:00","breadcrumb":{"@id":"https:\/\/empresas.infoempleo.com\/hrtrends\/la-cam-cajastur-caja-extremadura-y-caja-cantabria-se-fusionan\/#breadcrumb"},"inLanguage":"es","potentialAction":[{"@type":"ReadAction","target":["https:\/\/empresas.infoempleo.com\/hrtrends\/la-cam-cajastur-caja-extremadura-y-caja-cantabria-se-fusionan\/"]}]},{"@type":"ImageObject","inLanguage":"es","@id":"https:\/\/empresas.infoempleo.com\/hrtrends\/la-cam-cajastur-caja-extremadura-y-caja-cantabria-se-fusionan\/#primaryimage","url":"https:\/\/empresas.infoempleo.com\/hrtrends\/media\/2017\/05\/pexels-photo-205508-150x150.jpg","contentUrl":"https:\/\/empresas.infoempleo.com\/hrtrends\/media\/2017\/05\/pexels-photo-205508-150x150.jpg","width":150,"height":150},{"@type":"BreadcrumbList","@id":"https:\/\/empresas.infoempleo.com\/hrtrends\/la-cam-cajastur-caja-extremadura-y-caja-cantabria-se-fusionan\/#breadcrumb","itemListElement":[{"@type":"ListItem","position":1,"name":"Portada","item":"https:\/\/empresas.infoempleo.com\/hrtrends\/"},{"@type":"ListItem","position":2,"name":"La CAM, Cajastur, Caja Extremadura y Caja Cantabria se fusionan"}]},{"@type":"WebSite","@id":"https:\/\/empresas.infoempleo.com\/hrtrends\/#website","url":"https:\/\/empresas.infoempleo.com\/hrtrends","name":"HRTrends by Infoempleo","description":"","publisher":{"@id":"https:\/\/empresas.infoempleo.com\/hrtrends\/#organization"},"potentialAction":{"@type":"SearchAction","target":"https:\/\/empresas.infoempleo.com\/hrtrends\/?s={search_term_string}","query-input":"required name=search_term_string"},"inLanguage":"es"},{"@type":"Organization","@id":"https:\/\/empresas.infoempleo.com\/hrtrends\/#organization","name":"Infoempleo","url":"https:\/\/www.infoempleo.com\/","logo":{"@type":"ImageObject","@id":"https:\/\/empresas.infoempleo.com\/hrtrends\/#logo","inLanguage":"es","url":"https:\/\/cdnazure.infoempleo.com\/infoempleo\/assets\/style\/gfx\/logo.svg","contentUrl":"https:\/\/cdnazure.infoempleo.com\/infoempleo\/assets\/style\/gfx\/logo.svg","width":150,"height":40,"caption":"Infoempleo"},"image":{"@id":"https:\/\/empresas.infoempleo.com\/hrtrends\/#logo"},"sameAs":["https:\/\/www.facebook.com\/Infoempleo","https:\/\/x.com\/infoempleo","http:\/\/instagram.com\/infoempleo\/","http:\/\/www.linkedin.com\/groups\/Empleo-Espa\u00f1a-Infoempleocom-111276","http:\/\/pinterest.com\/infoempleo\/"],"address":{"@type":"PostalAddress","addressLocality":"Madrid","postalCode":"28050","streetAddress":"Avenida de Burgos 114"},"brand":["Infoempleo"]},{"@type":"Person","@id":"https:\/\/empresas.infoempleo.com\/hrtrends\/#\/schema\/person\/67d3e276ffcc8b3ae0ebec816daf775a","name":"infoempleo","image":{"@type":"ImageObject","inLanguage":"es","@id":"https:\/\/empresas.infoempleo.com\/hrtrends\/#\/schema\/person\/image\/","url":"https:\/\/secure.gravatar.com\/avatar\/7b437777242fe67d2473c2a818da2344692d1ee91e91080ccffbd97bcd4a0975?s=96&d=mm&r=g","contentUrl":"https:\/\/secure.gravatar.com\/avatar\/7b437777242fe67d2473c2a818da2344692d1ee91e91080ccffbd97bcd4a0975?s=96&d=mm&r=g","caption":"infoempleo"},"url":"https:\/\/empresas.infoempleo.com\/hrtrends\/author\/infoempleo\/"}]}},"amp_enabled":true,"_links":{"self":[{"href":"https:\/\/empresas.infoempleo.com\/hrtrends\/wp-json\/wp\/v2\/posts\/9400","targetHints":{"allow":["GET"]}}],"collection":[{"href":"https:\/\/empresas.infoempleo.com\/hrtrends\/wp-json\/wp\/v2\/posts"}],"about":[{"href":"https:\/\/empresas.infoempleo.com\/hrtrends\/wp-json\/wp\/v2\/types\/post"}],"author":[{"embeddable":true,"href":"https:\/\/empresas.infoempleo.com\/hrtrends\/wp-json\/wp\/v2\/users\/72"}],"replies":[{"embeddable":true,"href":"https:\/\/empresas.infoempleo.com\/hrtrends\/wp-json\/wp\/v2\/comments?post=9400"}],"version-history":[{"count":0,"href":"https:\/\/empresas.infoempleo.com\/hrtrends\/wp-json\/wp\/v2\/posts\/9400\/revisions"}],"wp:featuredmedia":[{"embeddable":true,"href":"https:\/\/empresas.infoempleo.com\/hrtrends\/wp-json\/wp\/v2\/media\/29665"}],"wp:attachment":[{"href":"https:\/\/empresas.infoempleo.com\/hrtrends\/wp-json\/wp\/v2\/media?parent=9400"}],"wp:term":[{"taxonomy":"category","embeddable":true,"href":"https:\/\/empresas.infoempleo.com\/hrtrends\/wp-json\/wp\/v2\/categories?post=9400"},{"taxonomy":"post_tag","embeddable":true,"href":"https:\/\/empresas.infoempleo.com\/hrtrends\/wp-json\/wp\/v2\/tags?post=9400"}],"curies":[{"name":"wp","href":"https:\/\/api.w.org\/{rel}","templated":true}]}}