{"id":9328,"date":"2010-05-24T08:15:11","date_gmt":"2010-05-24T07:15:11","guid":{"rendered":"http:\/\/blog.infoempleo.com\/?p=9328"},"modified":"2024-08-29T17:41:17","modified_gmt":"2024-08-29T15:41:17","slug":"tambien-dijeron","status":"publish","type":"post","link":"https:\/\/empresas.infoempleo.com\/hrtrends\/tambien-dijeron\/","title":{"rendered":"Tambi\u00e9n dijeron&#8230;"},"content":{"rendered":"<p><img loading=\"lazy\" decoding=\"async\" class=\"alignnone size-full wp-image-9333\" src=\"https:\/\/empresas.infoempleo.com\/hrtrends\/media\/2010\/05\/111.jpg\" alt=\"Santander\" width=\"112\" height=\"137\" \/><\/p>\n<p><strong>Carlos Gonz\u00e1lez, director de Gesti\u00f3n de Recursos Humanos de Banca Comercial de <a class=\"wp-caption-dd\" title=\"Santander\" href=\"https:\/\/www.santander.com\/es\/home\" target=\"_blank\" rel=\"noopener\">Santander<\/a><\/strong><\/p>\n<p>\u00abLa gesti\u00f3n de las personas no se puede hacer s\u00f3lo desde el departamento de Recursos Humanos; hay que introducir a los responsables de cada unidad como gestores de RR.HH. de sus propios equipos. Tanto esto como otras pol\u00edticas de personas lo venimos haciendo desde hace tiempo, al margen de los resultados econ\u00f3micos, y por eso nos coge en una situaci\u00f3n relativamente tranquila\u00bb.<\/p>\n<p>\u00a0<\/p>\n<p><img loading=\"lazy\" decoding=\"async\" class=\"alignnone size-full wp-image-9329\" src=\"https:\/\/empresas.infoempleo.com\/hrtrends\/media\/2010\/05\/021.jpg\" alt=\"BBVA\" width=\"112\" height=\"137\" \/><\/p>\n<p><span lang=\"ES-TRAD\">\u00a0<\/span><strong>Luis S\u00e1nchez Navarrete, director de Desarrollo y Pol\u00edticas Corporativas de BBVA<\/strong><\/p>\n<p>\u00abEn recursos humanos no puedes pasar del blanco al negro. A nosotros nos sigue preocupando much\u00edsimo la atracci\u00f3n de talento. Pese a las cifras de paro, sabemos y somos muy conscientes de que el talento que necesitamos escasea. Ah\u00ed no queremos bajar la guardia y por eso somos muy proactivos en nuestra p\u00e1gina \u2018web\u2019, en la relaci\u00f3n con las escuelas de negocios&#8230;\u00bb.<\/p>\n<p>\u00a0<\/p>\n<p><img loading=\"lazy\" decoding=\"async\" class=\"alignnone size-full wp-image-9330\" src=\"https:\/\/empresas.infoempleo.com\/hrtrends\/media\/2010\/05\/051.jpg\" alt=\"Caja Madrid\" width=\"112\" height=\"137\" \/><\/p>\n<p><strong>Jos\u00e9 Andr\u00e9s Fern\u00e1ndez Mar\u00edn, director de Gesti\u00f3n y Desarrollo de Caja Madrid<\/strong><\/p>\n<p>\u00abSomos la segunda entidad financiera en eficiencia; es marca de la casa. Y as\u00ed lo estamos haciendo tambi\u00e9n en Recursos Humanos, aunque he de decir que en temas de desarrollo ha sido incluso al contrario; me han subido el presupuseto para centrarnos en los aspectos cualitativos, frente a a\u00f1os anteriores, cuando lo cuantitativo se llevaba muchos recursos y mucho tiempo\u00bb.<\/p>\n<p>\u00a0<\/p>\n<p><img loading=\"lazy\" decoding=\"async\" class=\"alignnone size-full wp-image-9331\" src=\"https:\/\/empresas.infoempleo.com\/hrtrends\/media\/2010\/05\/061.jpg\" alt=\"La Caixa\" width=\"112\" height=\"137\" \/><\/p>\n<p><strong>Louis Bolz, responsable de Recursos Humanos Territorial de Madrid <a class=\"wp-caption-dd\" title=\"la Caixa\" href=\"https:\/\/www.caixabank.es\/particular\/home\/particulares_es.html\" target=\"_blank\" rel=\"noopener\">la Caixa<\/a><\/strong><\/p>\n<p>\u00abEn realidad no estamos haciendo grandes cambios en pol\u00edticas de personal, aunque s\u00ed hay una mayor contenci\u00f3n o racionalizaci\u00f3n del gasto. Se trata de trabajar de una forma m\u00e1s eficiente. En t\u00e9rminos generales, podr\u00edamos decir que se reduce la formaci\u00f3n de car\u00e1cter generalista as\u00ed como la contrataci\u00f3n a trav\u00e9s de empresas de trabajo temporal\u00bb.<\/p>\n<p>\u00a0<\/p>\n<p><strong>Josep Raimon Morant Barber, director de Gesti\u00f3n de Recursos Humanos de Bancaja<\/strong><\/p>\n<p>\u00abLa estructura que ten\u00edamos estaba pensada para seguir creciendo y eso ha cambiado radicalmente. Por tanto, lo que estamos haciendo es optimizar la plantilla. Por la v\u00eda de la selecci\u00f3n no estamos creciendo, pero s\u00ed seguimos haciendo jubilaciones parciales, que generan contratos de relevo para sustituci\u00f3n. La incertidumbre ante posibles fusiones no te deja actuar m\u00e1s\u00bb.<\/p>\n","protected":false},"excerpt":{"rendered":"<p>Carlos Gonz\u00e1lez, director de Gesti\u00f3n de Recursos Humanos de Banca Comercial de Santander \u00abLa gesti\u00f3n de las personas<a class=\"moretag\" href=\"https:\/\/empresas.infoempleo.com\/hrtrends\/tambien-dijeron\/\"> Leer m\u00e1s<\/a><\/p>\n","protected":false},"author":33,"featured_media":29665,"comment_status":"closed","ping_status":"open","sticky":false,"template":"","format":"standard","meta":{"footnotes":""},"categories":[3],"tags":[888,1820,698,933,1379,499,1497,299,169,321,1540],"class_list":["post-9328","post","type-post","status-publish","format-standard","has-post-thumbnail","hentry","category-actualidad","tag-banca","tag-bancaja","tag-bbva","tag-caja-madrid","tag-cajas-de-ahorro","tag-desayunos-infoempleo","tag-finanzas","tag-la-caixa","tag-mercado-laboral","tag-randstad","tag-santander"],"yoast_head":"<!-- This site is optimized with the Yoast SEO plugin v26.1.1 - https:\/\/yoast.com\/wordpress\/plugins\/seo\/ -->\n<title>Tambi\u00e9n dijeron... | HRTRENDS<\/title>\n<meta name=\"robots\" content=\"index, follow, max-snippet:-1, max-image-preview:large, max-video-preview:-1\" \/>\n<link rel=\"canonical\" href=\"https:\/\/empresas.infoempleo.com\/hrtrends\/tambien-dijeron\/\" \/>\n<meta property=\"og:locale\" content=\"es_ES\" \/>\n<meta property=\"og:type\" content=\"article\" \/>\n<meta property=\"og:title\" content=\"Tambi\u00e9n dijeron... | HRTRENDS\" \/>\n<meta property=\"og:description\" content=\"Carlos Gonz\u00e1lez, director de Gesti\u00f3n de Recursos Humanos de Banca Comercial de Santander \u00abLa gesti\u00f3n de las personas Leer m\u00e1s\" \/>\n<meta property=\"og:url\" content=\"https:\/\/empresas.infoempleo.com\/hrtrends\/tambien-dijeron\/\" \/>\n<meta property=\"og:site_name\" content=\"HRTRENDS\" \/>\n<meta property=\"article:publisher\" content=\"https:\/\/www.facebook.com\/Infoempleo\" \/>\n<meta property=\"article:published_time\" content=\"2010-05-24T07:15:11+00:00\" \/>\n<meta property=\"article:modified_time\" content=\"2024-08-29T15:41:17+00:00\" \/>\n<meta property=\"og:image\" content=\"https:\/\/empresas.infoempleo.com\/hrtrends\/media\/2010\/05\/111.jpg\" \/>\n<meta name=\"author\" content=\"Cristina Mart\u00edn\" \/>\n<meta name=\"twitter:card\" content=\"summary_large_image\" \/>\n<meta name=\"twitter:creator\" content=\"@infoempleo\" \/>\n<meta name=\"twitter:site\" content=\"@infoempleo\" \/>\n<meta name=\"twitter:label1\" content=\"Escrito por\" \/>\n\t<meta name=\"twitter:data1\" content=\"Cristina Mart\u00edn\" \/>\n\t<meta name=\"twitter:label2\" content=\"Tiempo de lectura\" \/>\n\t<meta name=\"twitter:data2\" content=\"2 minutos\" \/>\n<script type=\"application\/ld+json\" class=\"yoast-schema-graph\">{\"@context\":\"https:\/\/schema.org\",\"@graph\":[{\"@type\":\"NewsArticle\",\"@id\":\"https:\/\/empresas.infoempleo.com\/hrtrends\/tambien-dijeron\/#article\",\"isPartOf\":{\"@id\":\"https:\/\/empresas.infoempleo.com\/hrtrends\/tambien-dijeron\/\"},\"author\":{\"name\":\"Cristina Mart\u00edn\",\"@id\":\"https:\/\/empresas.infoempleo.com\/hrtrends\/#\/schema\/person\/f211bd3f083559daff103f670fe968b8\"},\"headline\":\"Tambi\u00e9n dijeron&#8230;\",\"datePublished\":\"2010-05-24T07:15:11+00:00\",\"dateModified\":\"2024-08-29T15:41:17+00:00\",\"mainEntityOfPage\":{\"@id\":\"https:\/\/empresas.infoempleo.com\/hrtrends\/tambien-dijeron\/\"},\"wordCount\":392,\"publisher\":{\"@id\":\"https:\/\/empresas.infoempleo.com\/hrtrends\/#organization\"},\"image\":{\"@id\":\"https:\/\/empresas.infoempleo.com\/hrtrends\/tambien-dijeron\/#primaryimage\"},\"thumbnailUrl\":\"https:\/\/empresas.infoempleo.com\/hrtrends\/media\/2017\/05\/pexels-photo-205508.jpg\",\"keywords\":[\"banca\",\"Bancaja\",\"BBVA\",\"caja madrid\",\"cajas de ahorro\",\"Desayunos Infoempleo\",\"finanzas\",\"La Caixa\",\"mercado laboral\",\"Randstad\",\"Santander\"],\"articleSection\":[\"Actualidad\"],\"inLanguage\":\"es\",\"copyrightYear\":\"2010\",\"copyrightHolder\":{\"@id\":\"https:\/\/empresas.infoempleo.com\/hrtrends\/#organization\"}},{\"@type\":\"WebPage\",\"@id\":\"https:\/\/empresas.infoempleo.com\/hrtrends\/tambien-dijeron\/\",\"url\":\"https:\/\/empresas.infoempleo.com\/hrtrends\/tambien-dijeron\/\",\"name\":\"Tambi\u00e9n dijeron... | HRTRENDS\",\"isPartOf\":{\"@id\":\"https:\/\/empresas.infoempleo.com\/hrtrends\/#website\"},\"primaryImageOfPage\":{\"@id\":\"https:\/\/empresas.infoempleo.com\/hrtrends\/tambien-dijeron\/#primaryimage\"},\"image\":{\"@id\":\"https:\/\/empresas.infoempleo.com\/hrtrends\/tambien-dijeron\/#primaryimage\"},\"thumbnailUrl\":\"https:\/\/empresas.infoempleo.com\/hrtrends\/media\/2017\/05\/pexels-photo-205508.jpg\",\"datePublished\":\"2010-05-24T07:15:11+00:00\",\"dateModified\":\"2024-08-29T15:41:17+00:00\",\"breadcrumb\":{\"@id\":\"https:\/\/empresas.infoempleo.com\/hrtrends\/tambien-dijeron\/#breadcrumb\"},\"inLanguage\":\"es\",\"potentialAction\":[{\"@type\":\"ReadAction\",\"target\":[\"https:\/\/empresas.infoempleo.com\/hrtrends\/tambien-dijeron\/\"]}]},{\"@type\":\"ImageObject\",\"inLanguage\":\"es\",\"@id\":\"https:\/\/empresas.infoempleo.com\/hrtrends\/tambien-dijeron\/#primaryimage\",\"url\":\"https:\/\/empresas.infoempleo.com\/hrtrends\/media\/2017\/05\/pexels-photo-205508-150x150.jpg\",\"contentUrl\":\"https:\/\/empresas.infoempleo.com\/hrtrends\/media\/2017\/05\/pexels-photo-205508-150x150.jpg\",\"width\":150,\"height\":150},{\"@type\":\"BreadcrumbList\",\"@id\":\"https:\/\/empresas.infoempleo.com\/hrtrends\/tambien-dijeron\/#breadcrumb\",\"itemListElement\":[{\"@type\":\"ListItem\",\"position\":1,\"name\":\"Portada\",\"item\":\"https:\/\/empresas.infoempleo.com\/hrtrends\/\"},{\"@type\":\"ListItem\",\"position\":2,\"name\":\"Tambi\u00e9n dijeron&#8230;\"}]},{\"@type\":\"WebSite\",\"@id\":\"https:\/\/empresas.infoempleo.com\/hrtrends\/#website\",\"url\":\"https:\/\/empresas.infoempleo.com\/hrtrends\",\"name\":\"HRTrends by Infoempleo\",\"description\":\"\",\"publisher\":{\"@id\":\"https:\/\/empresas.infoempleo.com\/hrtrends\/#organization\"},\"potentialAction\":{\"@type\":\"SearchAction\",\"target\":\"https:\/\/empresas.infoempleo.com\/hrtrends\/?s={search_term_string}\",\"query-input\":\"required name=search_term_string\"},\"inLanguage\":\"es\"},{\"@type\":\"Organization\",\"@id\":\"https:\/\/empresas.infoempleo.com\/hrtrends\/#organization\",\"name\":\"Infoempleo\",\"url\":\"https:\/\/www.infoempleo.com\/\",\"logo\":{\"@type\":\"ImageObject\",\"@id\":\"https:\/\/empresas.infoempleo.com\/hrtrends\/#logo\",\"inLanguage\":\"es\",\"url\":\"https:\/\/cdnazure.infoempleo.com\/infoempleo\/assets\/style\/gfx\/logo.svg\",\"contentUrl\":\"https:\/\/cdnazure.infoempleo.com\/infoempleo\/assets\/style\/gfx\/logo.svg\",\"width\":150,\"height\":40,\"caption\":\"Infoempleo\"},\"image\":{\"@id\":\"https:\/\/empresas.infoempleo.com\/hrtrends\/#logo\"},\"sameAs\":[\"https:\/\/www.facebook.com\/Infoempleo\",\"https:\/\/x.com\/infoempleo\",\"http:\/\/instagram.com\/infoempleo\/\",\"http:\/\/www.linkedin.com\/groups\/Empleo-Espa\u00f1a-Infoempleocom-111276\",\"http:\/\/pinterest.com\/infoempleo\/\"],\"address\":{\"@type\":\"PostalAddress\",\"addressLocality\":\"Madrid\",\"postalCode\":\"28050\",\"streetAddress\":\"Avenida de Burgos 114\"},\"brand\":[\"Infoempleo\"]},{\"@type\":\"Person\",\"@id\":\"https:\/\/empresas.infoempleo.com\/hrtrends\/#\/schema\/person\/f211bd3f083559daff103f670fe968b8\",\"name\":\"Cristina Mart\u00edn\",\"image\":{\"@type\":\"ImageObject\",\"inLanguage\":\"es\",\"@id\":\"https:\/\/empresas.infoempleo.com\/hrtrends\/#\/schema\/person\/image\/\",\"url\":\"https:\/\/secure.gravatar.com\/avatar\/7a85ff01010a0d921dc9d1da42a82a70f74e2cd0329b7fc20ee2c1c08a97daed?s=96&d=mm&r=g\",\"contentUrl\":\"https:\/\/secure.gravatar.com\/avatar\/7a85ff01010a0d921dc9d1da42a82a70f74e2cd0329b7fc20ee2c1c08a97daed?s=96&d=mm&r=g\",\"caption\":\"Cristina Mart\u00edn\"},\"url\":\"https:\/\/empresas.infoempleo.com\/hrtrends\/author\/cristina-martin\/\"}]}<\/script>\n<!-- \/ Yoast SEO plugin. -->","yoast_head_json":{"title":"Tambi\u00e9n dijeron... | HRTRENDS","robots":{"index":"index","follow":"follow","max-snippet":"max-snippet:-1","max-image-preview":"max-image-preview:large","max-video-preview":"max-video-preview:-1"},"canonical":"https:\/\/empresas.infoempleo.com\/hrtrends\/tambien-dijeron\/","og_locale":"es_ES","og_type":"article","og_title":"Tambi\u00e9n dijeron... | HRTRENDS","og_description":"Carlos Gonz\u00e1lez, director de Gesti\u00f3n de Recursos Humanos de Banca Comercial de Santander \u00abLa gesti\u00f3n de las personas Leer m\u00e1s","og_url":"https:\/\/empresas.infoempleo.com\/hrtrends\/tambien-dijeron\/","og_site_name":"HRTRENDS","article_publisher":"https:\/\/www.facebook.com\/Infoempleo","article_published_time":"2010-05-24T07:15:11+00:00","article_modified_time":"2024-08-29T15:41:17+00:00","og_image":[{"url":"https:\/\/empresas.infoempleo.com\/hrtrends\/media\/2010\/05\/111.jpg","type":"","width":"","height":""}],"author":"Cristina Mart\u00edn","twitter_card":"summary_large_image","twitter_creator":"@infoempleo","twitter_site":"@infoempleo","twitter_misc":{"Escrito por":"Cristina Mart\u00edn","Tiempo de lectura":"2 minutos"},"schema":{"@context":"https:\/\/schema.org","@graph":[{"@type":"NewsArticle","@id":"https:\/\/empresas.infoempleo.com\/hrtrends\/tambien-dijeron\/#article","isPartOf":{"@id":"https:\/\/empresas.infoempleo.com\/hrtrends\/tambien-dijeron\/"},"author":{"name":"Cristina Mart\u00edn","@id":"https:\/\/empresas.infoempleo.com\/hrtrends\/#\/schema\/person\/f211bd3f083559daff103f670fe968b8"},"headline":"Tambi\u00e9n dijeron&#8230;","datePublished":"2010-05-24T07:15:11+00:00","dateModified":"2024-08-29T15:41:17+00:00","mainEntityOfPage":{"@id":"https:\/\/empresas.infoempleo.com\/hrtrends\/tambien-dijeron\/"},"wordCount":392,"publisher":{"@id":"https:\/\/empresas.infoempleo.com\/hrtrends\/#organization"},"image":{"@id":"https:\/\/empresas.infoempleo.com\/hrtrends\/tambien-dijeron\/#primaryimage"},"thumbnailUrl":"https:\/\/empresas.infoempleo.com\/hrtrends\/media\/2017\/05\/pexels-photo-205508.jpg","keywords":["banca","Bancaja","BBVA","caja madrid","cajas de ahorro","Desayunos Infoempleo","finanzas","La Caixa","mercado laboral","Randstad","Santander"],"articleSection":["Actualidad"],"inLanguage":"es","copyrightYear":"2010","copyrightHolder":{"@id":"https:\/\/empresas.infoempleo.com\/hrtrends\/#organization"}},{"@type":"WebPage","@id":"https:\/\/empresas.infoempleo.com\/hrtrends\/tambien-dijeron\/","url":"https:\/\/empresas.infoempleo.com\/hrtrends\/tambien-dijeron\/","name":"Tambi\u00e9n dijeron... | HRTRENDS","isPartOf":{"@id":"https:\/\/empresas.infoempleo.com\/hrtrends\/#website"},"primaryImageOfPage":{"@id":"https:\/\/empresas.infoempleo.com\/hrtrends\/tambien-dijeron\/#primaryimage"},"image":{"@id":"https:\/\/empresas.infoempleo.com\/hrtrends\/tambien-dijeron\/#primaryimage"},"thumbnailUrl":"https:\/\/empresas.infoempleo.com\/hrtrends\/media\/2017\/05\/pexels-photo-205508.jpg","datePublished":"2010-05-24T07:15:11+00:00","dateModified":"2024-08-29T15:41:17+00:00","breadcrumb":{"@id":"https:\/\/empresas.infoempleo.com\/hrtrends\/tambien-dijeron\/#breadcrumb"},"inLanguage":"es","potentialAction":[{"@type":"ReadAction","target":["https:\/\/empresas.infoempleo.com\/hrtrends\/tambien-dijeron\/"]}]},{"@type":"ImageObject","inLanguage":"es","@id":"https:\/\/empresas.infoempleo.com\/hrtrends\/tambien-dijeron\/#primaryimage","url":"https:\/\/empresas.infoempleo.com\/hrtrends\/media\/2017\/05\/pexels-photo-205508-150x150.jpg","contentUrl":"https:\/\/empresas.infoempleo.com\/hrtrends\/media\/2017\/05\/pexels-photo-205508-150x150.jpg","width":150,"height":150},{"@type":"BreadcrumbList","@id":"https:\/\/empresas.infoempleo.com\/hrtrends\/tambien-dijeron\/#breadcrumb","itemListElement":[{"@type":"ListItem","position":1,"name":"Portada","item":"https:\/\/empresas.infoempleo.com\/hrtrends\/"},{"@type":"ListItem","position":2,"name":"Tambi\u00e9n dijeron&#8230;"}]},{"@type":"WebSite","@id":"https:\/\/empresas.infoempleo.com\/hrtrends\/#website","url":"https:\/\/empresas.infoempleo.com\/hrtrends","name":"HRTrends by Infoempleo","description":"","publisher":{"@id":"https:\/\/empresas.infoempleo.com\/hrtrends\/#organization"},"potentialAction":{"@type":"SearchAction","target":"https:\/\/empresas.infoempleo.com\/hrtrends\/?s={search_term_string}","query-input":"required name=search_term_string"},"inLanguage":"es"},{"@type":"Organization","@id":"https:\/\/empresas.infoempleo.com\/hrtrends\/#organization","name":"Infoempleo","url":"https:\/\/www.infoempleo.com\/","logo":{"@type":"ImageObject","@id":"https:\/\/empresas.infoempleo.com\/hrtrends\/#logo","inLanguage":"es","url":"https:\/\/cdnazure.infoempleo.com\/infoempleo\/assets\/style\/gfx\/logo.svg","contentUrl":"https:\/\/cdnazure.infoempleo.com\/infoempleo\/assets\/style\/gfx\/logo.svg","width":150,"height":40,"caption":"Infoempleo"},"image":{"@id":"https:\/\/empresas.infoempleo.com\/hrtrends\/#logo"},"sameAs":["https:\/\/www.facebook.com\/Infoempleo","https:\/\/x.com\/infoempleo","http:\/\/instagram.com\/infoempleo\/","http:\/\/www.linkedin.com\/groups\/Empleo-Espa\u00f1a-Infoempleocom-111276","http:\/\/pinterest.com\/infoempleo\/"],"address":{"@type":"PostalAddress","addressLocality":"Madrid","postalCode":"28050","streetAddress":"Avenida de Burgos 114"},"brand":["Infoempleo"]},{"@type":"Person","@id":"https:\/\/empresas.infoempleo.com\/hrtrends\/#\/schema\/person\/f211bd3f083559daff103f670fe968b8","name":"Cristina Mart\u00edn","image":{"@type":"ImageObject","inLanguage":"es","@id":"https:\/\/empresas.infoempleo.com\/hrtrends\/#\/schema\/person\/image\/","url":"https:\/\/secure.gravatar.com\/avatar\/7a85ff01010a0d921dc9d1da42a82a70f74e2cd0329b7fc20ee2c1c08a97daed?s=96&d=mm&r=g","contentUrl":"https:\/\/secure.gravatar.com\/avatar\/7a85ff01010a0d921dc9d1da42a82a70f74e2cd0329b7fc20ee2c1c08a97daed?s=96&d=mm&r=g","caption":"Cristina Mart\u00edn"},"url":"https:\/\/empresas.infoempleo.com\/hrtrends\/author\/cristina-martin\/"}]}},"amp_enabled":true,"_links":{"self":[{"href":"https:\/\/empresas.infoempleo.com\/hrtrends\/wp-json\/wp\/v2\/posts\/9328","targetHints":{"allow":["GET"]}}],"collection":[{"href":"https:\/\/empresas.infoempleo.com\/hrtrends\/wp-json\/wp\/v2\/posts"}],"about":[{"href":"https:\/\/empresas.infoempleo.com\/hrtrends\/wp-json\/wp\/v2\/types\/post"}],"author":[{"embeddable":true,"href":"https:\/\/empresas.infoempleo.com\/hrtrends\/wp-json\/wp\/v2\/users\/33"}],"replies":[{"embeddable":true,"href":"https:\/\/empresas.infoempleo.com\/hrtrends\/wp-json\/wp\/v2\/comments?post=9328"}],"version-history":[{"count":4,"href":"https:\/\/empresas.infoempleo.com\/hrtrends\/wp-json\/wp\/v2\/posts\/9328\/revisions"}],"predecessor-version":[{"id":44808,"href":"https:\/\/empresas.infoempleo.com\/hrtrends\/wp-json\/wp\/v2\/posts\/9328\/revisions\/44808"}],"wp:featuredmedia":[{"embeddable":true,"href":"https:\/\/empresas.infoempleo.com\/hrtrends\/wp-json\/wp\/v2\/media\/29665"}],"wp:attachment":[{"href":"https:\/\/empresas.infoempleo.com\/hrtrends\/wp-json\/wp\/v2\/media?parent=9328"}],"wp:term":[{"taxonomy":"category","embeddable":true,"href":"https:\/\/empresas.infoempleo.com\/hrtrends\/wp-json\/wp\/v2\/categories?post=9328"},{"taxonomy":"post_tag","embeddable":true,"href":"https:\/\/empresas.infoempleo.com\/hrtrends\/wp-json\/wp\/v2\/tags?post=9328"}],"curies":[{"name":"wp","href":"https:\/\/api.w.org\/{rel}","templated":true}]}}