{"id":9324,"date":"2010-05-24T08:11:57","date_gmt":"2010-05-24T07:11:57","guid":{"rendered":"http:\/\/blog.infoempleo.com\/?p=9324"},"modified":"2018-05-23T17:45:52","modified_gmt":"2018-05-23T15:45:52","slug":"mismo-candidato-plan-de-carrera-distinto","status":"publish","type":"post","link":"https:\/\/empresas.infoempleo.com\/hrtrends\/mismo-candidato-plan-de-carrera-distinto\/","title":{"rendered":"Mismo candidato, plan de carrera distinto"},"content":{"rendered":"<p>Igual que hace diez o quince a\u00f1os, <strong>el candidato que buscan bancos y cajas ha estudiado ADE, Econ\u00f3micas, Empresariales o Derecho<\/strong> (para ellos fueron el 63% de las ofertas publicadas por empresas del sector durante el \u00faltimo a\u00f1o) y cuenta con un par de a\u00f1os de experiencia comercial, no necesariamente en el sector. Los participantes en el desayuno de trabajo organizado por Infoempleo en colaboraci\u00f3n con Randstad terminaron de perfilar las caracter\u00edsticas del aspirante m\u00e1s buscado: \u00abOrientaci\u00f3n a resultados, a cliente y capacidad para gestionar equipos\u00bb, a\u00f1adi\u00f3 <strong>Carlos Gonz\u00e1lez, de Santander<\/strong>. Por su parte, tanto <strong>Luis S\u00e1nchez Navarrete, de BBVA<\/strong>, como el representante de <strong>Caja Madrid, Jos\u00e9 Andr\u00e9s Fern\u00e1ndez Mar\u00edn<\/strong> aludieron al compromiso. \u00abQue se implique, se ilusione con el proyecto y busque formar parte de nuestro grupo\u00bb, apunt\u00f3 este \u00faltimo.<\/p>\n<p style=\"text-align: center\"><img loading=\"lazy\" decoding=\"async\" class=\"aligncenter size-full wp-image-9326\" src=\"https:\/\/empresas.infoempleo.com\/hrtrends\/media\/2010\/05\/bancosOK1.jpg\" alt=\"bancosOK\" width=\"433\" height=\"231\" \/><\/p>\n<p>Para conseguir esta implicaci\u00f3n, los responsables de Recursos Humanos han de hacer ver a los empleados que los planes de carrera en banca comercial han cambiado bastante.<strong> \u00abAntes era lineal \u2014comercial, subdirector, director de oficina y de zona\u2014, pero ahora hay muchas opciones transversales\u00bb<\/strong>, sostiene Fern\u00e1ndez Mar\u00edn, que se refiere a las nuevas posiciones que han surgido en los \u00faltimos a\u00f1os como gestor de pymes o de banca personal. Sin lugar a dudas, el reto para todos los invitados al desayuno de trabajo es transmitir a sus equipos que la carrera se hace ahora de esta forma. Por ejemplo, en el Santander, a ra\u00edz de la crisis, se impuls\u00f3 un \u00e1rea de recuperaci\u00f3n, que han capitaneado directores de zona: \u00abEsto ha provocado que muchas personas accedan a puestos de responsabilidad\u00bb, explic\u00f3 Carlos Gonz\u00e1lez, su representante en el encuentro.<\/p>\n<p>Pese al cambio, la promoci\u00f3n sigue siendo una parte esencial de las pol\u00edticas de gesti\u00f3n de personas, confirmaron <strong>Louis Bolz, de la Caixa<\/strong>, y <strong>Josep Raimon Morant, de Bancaja<\/strong>, a lo que Gonz\u00e1lez replic\u00f3: \u00abPero no s\u00f3lo se asciende por la v\u00eda del hueco libre, tambi\u00e9n hay que generar oportunidades para el talento\u00bb.<\/p>\n","protected":false},"excerpt":{"rendered":"<p>Igual que hace diez o quince a\u00f1os, el candidato que buscan bancos y cajas ha estudiado ADE, Econ\u00f3micas,<a class=\"moretag\" href=\"https:\/\/empresas.infoempleo.com\/hrtrends\/mismo-candidato-plan-de-carrera-distinto\/\"> Leer m\u00e1s<\/a><\/p>\n","protected":false},"author":33,"featured_media":29665,"comment_status":"closed","ping_status":"open","sticky":false,"template":"","format":"standard","meta":{"footnotes":""},"categories":[3],"tags":[888,1820,698,933,889,293,619,515,499,299,891,1540],"class_list":["post-9324","post","type-post","status-publish","format-standard","has-post-thumbnail","hentry","category-actualidad","tag-banca","tag-bancaja","tag-bbva","tag-caja-madrid","tag-candidato","tag-carrera","tag-contratacion","tag-desarrollo","tag-desayunos-infoempleo","tag-la-caixa","tag-perfil","tag-santander"],"yoast_head":"<!-- This site is optimized with the Yoast SEO plugin v26.1.1 - https:\/\/yoast.com\/wordpress\/plugins\/seo\/ -->\n<title>Mismo candidato, plan de carrera distinto | HRTRENDS<\/title>\n<meta name=\"robots\" content=\"index, follow, max-snippet:-1, max-image-preview:large, max-video-preview:-1\" \/>\n<link rel=\"canonical\" href=\"https:\/\/empresas.infoempleo.com\/hrtrends\/mismo-candidato-plan-de-carrera-distinto\/\" \/>\n<meta property=\"og:locale\" content=\"es_ES\" \/>\n<meta property=\"og:type\" content=\"article\" \/>\n<meta property=\"og:title\" content=\"Mismo candidato, plan de carrera distinto | HRTRENDS\" \/>\n<meta property=\"og:description\" content=\"Igual que hace diez o quince a\u00f1os, el candidato que buscan bancos y cajas ha estudiado ADE, Econ\u00f3micas, Leer m\u00e1s\" \/>\n<meta property=\"og:url\" content=\"https:\/\/empresas.infoempleo.com\/hrtrends\/mismo-candidato-plan-de-carrera-distinto\/\" \/>\n<meta property=\"og:site_name\" content=\"HRTRENDS\" \/>\n<meta property=\"article:publisher\" content=\"https:\/\/www.facebook.com\/Infoempleo\" \/>\n<meta property=\"article:published_time\" content=\"2010-05-24T07:11:57+00:00\" \/>\n<meta property=\"article:modified_time\" content=\"2018-05-23T15:45:52+00:00\" \/>\n<meta property=\"og:image\" content=\"https:\/\/empresas.infoempleo.com\/hrtrends\/media\/2017\/05\/pexels-photo-205508.jpg\" \/>\n\t<meta property=\"og:image:width\" content=\"1280\" \/>\n\t<meta property=\"og:image:height\" content=\"960\" \/>\n\t<meta property=\"og:image:type\" content=\"image\/jpeg\" \/>\n<meta name=\"author\" content=\"Cristina Mart\u00edn\" \/>\n<meta name=\"twitter:card\" content=\"summary_large_image\" \/>\n<meta name=\"twitter:creator\" content=\"@infoempleo\" \/>\n<meta name=\"twitter:site\" content=\"@infoempleo\" \/>\n<meta name=\"twitter:label1\" content=\"Escrito por\" \/>\n\t<meta name=\"twitter:data1\" content=\"Cristina Mart\u00edn\" \/>\n\t<meta name=\"twitter:label2\" content=\"Tiempo de lectura\" \/>\n\t<meta name=\"twitter:data2\" content=\"2 minutos\" \/>\n<script type=\"application\/ld+json\" class=\"yoast-schema-graph\">{\"@context\":\"https:\/\/schema.org\",\"@graph\":[{\"@type\":\"NewsArticle\",\"@id\":\"https:\/\/empresas.infoempleo.com\/hrtrends\/mismo-candidato-plan-de-carrera-distinto\/#article\",\"isPartOf\":{\"@id\":\"https:\/\/empresas.infoempleo.com\/hrtrends\/mismo-candidato-plan-de-carrera-distinto\/\"},\"author\":{\"name\":\"Cristina Mart\u00edn\",\"@id\":\"https:\/\/empresas.infoempleo.com\/hrtrends\/#\/schema\/person\/f211bd3f083559daff103f670fe968b8\"},\"headline\":\"Mismo candidato, plan de carrera distinto\",\"datePublished\":\"2010-05-24T07:11:57+00:00\",\"dateModified\":\"2018-05-23T15:45:52+00:00\",\"mainEntityOfPage\":{\"@id\":\"https:\/\/empresas.infoempleo.com\/hrtrends\/mismo-candidato-plan-de-carrera-distinto\/\"},\"wordCount\":355,\"publisher\":{\"@id\":\"https:\/\/empresas.infoempleo.com\/hrtrends\/#organization\"},\"image\":{\"@id\":\"https:\/\/empresas.infoempleo.com\/hrtrends\/mismo-candidato-plan-de-carrera-distinto\/#primaryimage\"},\"thumbnailUrl\":\"https:\/\/empresas.infoempleo.com\/hrtrends\/media\/2017\/05\/pexels-photo-205508.jpg\",\"keywords\":[\"banca\",\"Bancaja\",\"BBVA\",\"caja madrid\",\"Candidato\",\"carrera\",\"contrataci\u00f3n\",\"Desarrollo\",\"Desayunos Infoempleo\",\"La Caixa\",\"perfil\",\"Santander\"],\"articleSection\":[\"Actualidad\"],\"inLanguage\":\"es\",\"copyrightYear\":\"2010\",\"copyrightHolder\":{\"@id\":\"https:\/\/empresas.infoempleo.com\/hrtrends\/#organization\"}},{\"@type\":\"WebPage\",\"@id\":\"https:\/\/empresas.infoempleo.com\/hrtrends\/mismo-candidato-plan-de-carrera-distinto\/\",\"url\":\"https:\/\/empresas.infoempleo.com\/hrtrends\/mismo-candidato-plan-de-carrera-distinto\/\",\"name\":\"Mismo candidato, plan de carrera distinto | HRTRENDS\",\"isPartOf\":{\"@id\":\"https:\/\/empresas.infoempleo.com\/hrtrends\/#website\"},\"primaryImageOfPage\":{\"@id\":\"https:\/\/empresas.infoempleo.com\/hrtrends\/mismo-candidato-plan-de-carrera-distinto\/#primaryimage\"},\"image\":{\"@id\":\"https:\/\/empresas.infoempleo.com\/hrtrends\/mismo-candidato-plan-de-carrera-distinto\/#primaryimage\"},\"thumbnailUrl\":\"https:\/\/empresas.infoempleo.com\/hrtrends\/media\/2017\/05\/pexels-photo-205508.jpg\",\"datePublished\":\"2010-05-24T07:11:57+00:00\",\"dateModified\":\"2018-05-23T15:45:52+00:00\",\"breadcrumb\":{\"@id\":\"https:\/\/empresas.infoempleo.com\/hrtrends\/mismo-candidato-plan-de-carrera-distinto\/#breadcrumb\"},\"inLanguage\":\"es\",\"potentialAction\":[{\"@type\":\"ReadAction\",\"target\":[\"https:\/\/empresas.infoempleo.com\/hrtrends\/mismo-candidato-plan-de-carrera-distinto\/\"]}]},{\"@type\":\"ImageObject\",\"inLanguage\":\"es\",\"@id\":\"https:\/\/empresas.infoempleo.com\/hrtrends\/mismo-candidato-plan-de-carrera-distinto\/#primaryimage\",\"url\":\"https:\/\/empresas.infoempleo.com\/hrtrends\/media\/2017\/05\/pexels-photo-205508-150x150.jpg\",\"contentUrl\":\"https:\/\/empresas.infoempleo.com\/hrtrends\/media\/2017\/05\/pexels-photo-205508-150x150.jpg\",\"width\":150,\"height\":150},{\"@type\":\"BreadcrumbList\",\"@id\":\"https:\/\/empresas.infoempleo.com\/hrtrends\/mismo-candidato-plan-de-carrera-distinto\/#breadcrumb\",\"itemListElement\":[{\"@type\":\"ListItem\",\"position\":1,\"name\":\"Portada\",\"item\":\"https:\/\/empresas.infoempleo.com\/hrtrends\/\"},{\"@type\":\"ListItem\",\"position\":2,\"name\":\"Mismo candidato, plan de carrera distinto\"}]},{\"@type\":\"WebSite\",\"@id\":\"https:\/\/empresas.infoempleo.com\/hrtrends\/#website\",\"url\":\"https:\/\/empresas.infoempleo.com\/hrtrends\",\"name\":\"HRTrends by Infoempleo\",\"description\":\"\",\"publisher\":{\"@id\":\"https:\/\/empresas.infoempleo.com\/hrtrends\/#organization\"},\"potentialAction\":{\"@type\":\"SearchAction\",\"target\":\"https:\/\/empresas.infoempleo.com\/hrtrends\/?s={search_term_string}\",\"query-input\":\"required name=search_term_string\"},\"inLanguage\":\"es\"},{\"@type\":\"Organization\",\"@id\":\"https:\/\/empresas.infoempleo.com\/hrtrends\/#organization\",\"name\":\"Infoempleo\",\"url\":\"https:\/\/www.infoempleo.com\/\",\"logo\":{\"@type\":\"ImageObject\",\"@id\":\"https:\/\/empresas.infoempleo.com\/hrtrends\/#logo\",\"inLanguage\":\"es\",\"url\":\"https:\/\/cdnazure.infoempleo.com\/infoempleo\/assets\/style\/gfx\/logo.svg\",\"contentUrl\":\"https:\/\/cdnazure.infoempleo.com\/infoempleo\/assets\/style\/gfx\/logo.svg\",\"width\":150,\"height\":40,\"caption\":\"Infoempleo\"},\"image\":{\"@id\":\"https:\/\/empresas.infoempleo.com\/hrtrends\/#logo\"},\"sameAs\":[\"https:\/\/www.facebook.com\/Infoempleo\",\"https:\/\/x.com\/infoempleo\",\"http:\/\/instagram.com\/infoempleo\/\",\"http:\/\/www.linkedin.com\/groups\/Empleo-Espa\u00f1a-Infoempleocom-111276\",\"http:\/\/pinterest.com\/infoempleo\/\"],\"address\":{\"@type\":\"PostalAddress\",\"addressLocality\":\"Madrid\",\"postalCode\":\"28050\",\"streetAddress\":\"Avenida de Burgos 114\"},\"brand\":[\"Infoempleo\"]},{\"@type\":\"Person\",\"@id\":\"https:\/\/empresas.infoempleo.com\/hrtrends\/#\/schema\/person\/f211bd3f083559daff103f670fe968b8\",\"name\":\"Cristina Mart\u00edn\",\"image\":{\"@type\":\"ImageObject\",\"inLanguage\":\"es\",\"@id\":\"https:\/\/empresas.infoempleo.com\/hrtrends\/#\/schema\/person\/image\/\",\"url\":\"https:\/\/secure.gravatar.com\/avatar\/7a85ff01010a0d921dc9d1da42a82a70f74e2cd0329b7fc20ee2c1c08a97daed?s=96&d=mm&r=g\",\"contentUrl\":\"https:\/\/secure.gravatar.com\/avatar\/7a85ff01010a0d921dc9d1da42a82a70f74e2cd0329b7fc20ee2c1c08a97daed?s=96&d=mm&r=g\",\"caption\":\"Cristina Mart\u00edn\"},\"url\":\"https:\/\/empresas.infoempleo.com\/hrtrends\/author\/cristina-martin\/\"}]}<\/script>\n<!-- \/ Yoast SEO plugin. -->","yoast_head_json":{"title":"Mismo candidato, plan de carrera distinto | HRTRENDS","robots":{"index":"index","follow":"follow","max-snippet":"max-snippet:-1","max-image-preview":"max-image-preview:large","max-video-preview":"max-video-preview:-1"},"canonical":"https:\/\/empresas.infoempleo.com\/hrtrends\/mismo-candidato-plan-de-carrera-distinto\/","og_locale":"es_ES","og_type":"article","og_title":"Mismo candidato, plan de carrera distinto | HRTRENDS","og_description":"Igual que hace diez o quince a\u00f1os, el candidato que buscan bancos y cajas ha estudiado ADE, Econ\u00f3micas, Leer m\u00e1s","og_url":"https:\/\/empresas.infoempleo.com\/hrtrends\/mismo-candidato-plan-de-carrera-distinto\/","og_site_name":"HRTRENDS","article_publisher":"https:\/\/www.facebook.com\/Infoempleo","article_published_time":"2010-05-24T07:11:57+00:00","article_modified_time":"2018-05-23T15:45:52+00:00","og_image":[{"width":1280,"height":960,"url":"https:\/\/empresas.infoempleo.com\/hrtrends\/media\/2017\/05\/pexels-photo-205508.jpg","type":"image\/jpeg"}],"author":"Cristina Mart\u00edn","twitter_card":"summary_large_image","twitter_creator":"@infoempleo","twitter_site":"@infoempleo","twitter_misc":{"Escrito por":"Cristina Mart\u00edn","Tiempo de lectura":"2 minutos"},"schema":{"@context":"https:\/\/schema.org","@graph":[{"@type":"NewsArticle","@id":"https:\/\/empresas.infoempleo.com\/hrtrends\/mismo-candidato-plan-de-carrera-distinto\/#article","isPartOf":{"@id":"https:\/\/empresas.infoempleo.com\/hrtrends\/mismo-candidato-plan-de-carrera-distinto\/"},"author":{"name":"Cristina Mart\u00edn","@id":"https:\/\/empresas.infoempleo.com\/hrtrends\/#\/schema\/person\/f211bd3f083559daff103f670fe968b8"},"headline":"Mismo candidato, plan de carrera distinto","datePublished":"2010-05-24T07:11:57+00:00","dateModified":"2018-05-23T15:45:52+00:00","mainEntityOfPage":{"@id":"https:\/\/empresas.infoempleo.com\/hrtrends\/mismo-candidato-plan-de-carrera-distinto\/"},"wordCount":355,"publisher":{"@id":"https:\/\/empresas.infoempleo.com\/hrtrends\/#organization"},"image":{"@id":"https:\/\/empresas.infoempleo.com\/hrtrends\/mismo-candidato-plan-de-carrera-distinto\/#primaryimage"},"thumbnailUrl":"https:\/\/empresas.infoempleo.com\/hrtrends\/media\/2017\/05\/pexels-photo-205508.jpg","keywords":["banca","Bancaja","BBVA","caja madrid","Candidato","carrera","contrataci\u00f3n","Desarrollo","Desayunos Infoempleo","La Caixa","perfil","Santander"],"articleSection":["Actualidad"],"inLanguage":"es","copyrightYear":"2010","copyrightHolder":{"@id":"https:\/\/empresas.infoempleo.com\/hrtrends\/#organization"}},{"@type":"WebPage","@id":"https:\/\/empresas.infoempleo.com\/hrtrends\/mismo-candidato-plan-de-carrera-distinto\/","url":"https:\/\/empresas.infoempleo.com\/hrtrends\/mismo-candidato-plan-de-carrera-distinto\/","name":"Mismo candidato, plan de carrera distinto | HRTRENDS","isPartOf":{"@id":"https:\/\/empresas.infoempleo.com\/hrtrends\/#website"},"primaryImageOfPage":{"@id":"https:\/\/empresas.infoempleo.com\/hrtrends\/mismo-candidato-plan-de-carrera-distinto\/#primaryimage"},"image":{"@id":"https:\/\/empresas.infoempleo.com\/hrtrends\/mismo-candidato-plan-de-carrera-distinto\/#primaryimage"},"thumbnailUrl":"https:\/\/empresas.infoempleo.com\/hrtrends\/media\/2017\/05\/pexels-photo-205508.jpg","datePublished":"2010-05-24T07:11:57+00:00","dateModified":"2018-05-23T15:45:52+00:00","breadcrumb":{"@id":"https:\/\/empresas.infoempleo.com\/hrtrends\/mismo-candidato-plan-de-carrera-distinto\/#breadcrumb"},"inLanguage":"es","potentialAction":[{"@type":"ReadAction","target":["https:\/\/empresas.infoempleo.com\/hrtrends\/mismo-candidato-plan-de-carrera-distinto\/"]}]},{"@type":"ImageObject","inLanguage":"es","@id":"https:\/\/empresas.infoempleo.com\/hrtrends\/mismo-candidato-plan-de-carrera-distinto\/#primaryimage","url":"https:\/\/empresas.infoempleo.com\/hrtrends\/media\/2017\/05\/pexels-photo-205508-150x150.jpg","contentUrl":"https:\/\/empresas.infoempleo.com\/hrtrends\/media\/2017\/05\/pexels-photo-205508-150x150.jpg","width":150,"height":150},{"@type":"BreadcrumbList","@id":"https:\/\/empresas.infoempleo.com\/hrtrends\/mismo-candidato-plan-de-carrera-distinto\/#breadcrumb","itemListElement":[{"@type":"ListItem","position":1,"name":"Portada","item":"https:\/\/empresas.infoempleo.com\/hrtrends\/"},{"@type":"ListItem","position":2,"name":"Mismo candidato, plan de carrera distinto"}]},{"@type":"WebSite","@id":"https:\/\/empresas.infoempleo.com\/hrtrends\/#website","url":"https:\/\/empresas.infoempleo.com\/hrtrends","name":"HRTrends by Infoempleo","description":"","publisher":{"@id":"https:\/\/empresas.infoempleo.com\/hrtrends\/#organization"},"potentialAction":{"@type":"SearchAction","target":"https:\/\/empresas.infoempleo.com\/hrtrends\/?s={search_term_string}","query-input":"required name=search_term_string"},"inLanguage":"es"},{"@type":"Organization","@id":"https:\/\/empresas.infoempleo.com\/hrtrends\/#organization","name":"Infoempleo","url":"https:\/\/www.infoempleo.com\/","logo":{"@type":"ImageObject","@id":"https:\/\/empresas.infoempleo.com\/hrtrends\/#logo","inLanguage":"es","url":"https:\/\/cdnazure.infoempleo.com\/infoempleo\/assets\/style\/gfx\/logo.svg","contentUrl":"https:\/\/cdnazure.infoempleo.com\/infoempleo\/assets\/style\/gfx\/logo.svg","width":150,"height":40,"caption":"Infoempleo"},"image":{"@id":"https:\/\/empresas.infoempleo.com\/hrtrends\/#logo"},"sameAs":["https:\/\/www.facebook.com\/Infoempleo","https:\/\/x.com\/infoempleo","http:\/\/instagram.com\/infoempleo\/","http:\/\/www.linkedin.com\/groups\/Empleo-Espa\u00f1a-Infoempleocom-111276","http:\/\/pinterest.com\/infoempleo\/"],"address":{"@type":"PostalAddress","addressLocality":"Madrid","postalCode":"28050","streetAddress":"Avenida de Burgos 114"},"brand":["Infoempleo"]},{"@type":"Person","@id":"https:\/\/empresas.infoempleo.com\/hrtrends\/#\/schema\/person\/f211bd3f083559daff103f670fe968b8","name":"Cristina Mart\u00edn","image":{"@type":"ImageObject","inLanguage":"es","@id":"https:\/\/empresas.infoempleo.com\/hrtrends\/#\/schema\/person\/image\/","url":"https:\/\/secure.gravatar.com\/avatar\/7a85ff01010a0d921dc9d1da42a82a70f74e2cd0329b7fc20ee2c1c08a97daed?s=96&d=mm&r=g","contentUrl":"https:\/\/secure.gravatar.com\/avatar\/7a85ff01010a0d921dc9d1da42a82a70f74e2cd0329b7fc20ee2c1c08a97daed?s=96&d=mm&r=g","caption":"Cristina Mart\u00edn"},"url":"https:\/\/empresas.infoempleo.com\/hrtrends\/author\/cristina-martin\/"}]}},"amp_enabled":true,"_links":{"self":[{"href":"https:\/\/empresas.infoempleo.com\/hrtrends\/wp-json\/wp\/v2\/posts\/9324","targetHints":{"allow":["GET"]}}],"collection":[{"href":"https:\/\/empresas.infoempleo.com\/hrtrends\/wp-json\/wp\/v2\/posts"}],"about":[{"href":"https:\/\/empresas.infoempleo.com\/hrtrends\/wp-json\/wp\/v2\/types\/post"}],"author":[{"embeddable":true,"href":"https:\/\/empresas.infoempleo.com\/hrtrends\/wp-json\/wp\/v2\/users\/33"}],"replies":[{"embeddable":true,"href":"https:\/\/empresas.infoempleo.com\/hrtrends\/wp-json\/wp\/v2\/comments?post=9324"}],"version-history":[{"count":0,"href":"https:\/\/empresas.infoempleo.com\/hrtrends\/wp-json\/wp\/v2\/posts\/9324\/revisions"}],"wp:featuredmedia":[{"embeddable":true,"href":"https:\/\/empresas.infoempleo.com\/hrtrends\/wp-json\/wp\/v2\/media\/29665"}],"wp:attachment":[{"href":"https:\/\/empresas.infoempleo.com\/hrtrends\/wp-json\/wp\/v2\/media?parent=9324"}],"wp:term":[{"taxonomy":"category","embeddable":true,"href":"https:\/\/empresas.infoempleo.com\/hrtrends\/wp-json\/wp\/v2\/categories?post=9324"},{"taxonomy":"post_tag","embeddable":true,"href":"https:\/\/empresas.infoempleo.com\/hrtrends\/wp-json\/wp\/v2\/tags?post=9324"}],"curies":[{"name":"wp","href":"https:\/\/api.w.org\/{rel}","templated":true}]}}