{"id":9321,"date":"2010-05-24T08:20:33","date_gmt":"2010-05-24T06:20:33","guid":{"rendered":"http:\/\/blog.infoempleo.com\/?p=9321"},"modified":"2024-08-29T17:40:08","modified_gmt":"2024-08-29T15:40:08","slug":"el-mundo-financiero-se-vuelca-en-la-retencion-de-sus-empleados","status":"publish","type":"post","link":"https:\/\/empresas.infoempleo.com\/hrtrends\/el-mundo-financiero-se-vuelca-en-la-retencion-de-sus-empleados\/","title":{"rendered":"El mundo financiero se vuelca en la retenci\u00f3n de sus empleados"},"content":{"rendered":"<p>Llevan m\u00e1s de dos a\u00f1os en el ojo del hurac\u00e1n. Los actores del sector financiero saben que, en este tiempo, la crisis ha puesto de relieve sus debilidades y les ha colocado entre los responsables de la inestabilidad econ\u00f3mica. El crecimiento de la morosidad, la restricci\u00f3n de los cr\u00e9ditos y la falta de liquidez no dejan de amenazar a los bancos y, sobre todo, a las cajas de ahorros, que tras un rapid\u00edsimo crecimiento est\u00e1n viendo c\u00f3mo la curva cambia de rumbo con la misma celeridad.<\/p>\n<p>Las entidades son plenamente conscientes de esta realidad y por ello,<strong> los asistentes al octavo encuentro sectorial organizado por <a title=\"Web de Infoempleo.com\" href=\"https:\/\/www.infoempleo.com\/\" target=\"_blank\" rel=\"noopener\">Infoempleo<\/a> en colaboraci\u00f3n con <a title=\"Web de Randstad\" href=\"https:\/\/www.randstad.es\/\" target=\"_blank\" rel=\"noopener\">Randstad<\/a><\/strong>, coincidieron en se\u00f1alar que la reestructuraci\u00f3n del sector es tan inminente como necesaria. \u00abEn general, vamos a tener crecimientos menores con lo que habr\u00e1 mayor presi\u00f3n por la rentabilidad; eso est\u00e1 cambiando la forma de abordar los temas en el negocio, y por supuesto, en la parte de recursos humanos\u00bb, explic\u00f3 <strong>Luis S\u00e1nchez Navarrete, de BBVA<\/strong>, quien particip\u00f3 en este encuentro, celebrado en la sede de Infoempleo el pasado mes de abril, junto con <strong>Carlos Gonz\u00e1lez (<a class=\"wp-caption-dd\" title=\"Santander\" href=\"https:\/\/www.santander.com\/es\/home\" target=\"_blank\" rel=\"noopener\">Santander<\/a>), Jos\u00e9 Andr\u00e9s Fern\u00e1ndez Mar\u00edn (Caja Madrid), Louis Bolz (<a class=\"wp-caption-dd\" title=\"La Caixa\" href=\"https:\/\/www.caixabank.es\/particular\/home\/particulares_es.html\" target=\"_blank\" rel=\"noopener\">la Caixa<\/a>) y Josep Raimon Morant (Bancaja)<\/strong>.<\/p>\n<p style=\"text-align: center\"><img loading=\"lazy\" decoding=\"async\" class=\"size-full wp-image-9320 aligncenter\" src=\"https:\/\/empresas.infoempleo.com\/hrtrends\/media\/2010\/05\/131.jpg\" alt=\"desayuno\" width=\"420\" height=\"280\" srcset=\"https:\/\/empresas.infoempleo.com\/hrtrends\/media\/2010\/05\/131.jpg 1000w, https:\/\/empresas.infoempleo.com\/hrtrends\/media\/2010\/05\/131-300x200.jpg 300w, https:\/\/empresas.infoempleo.com\/hrtrends\/media\/2010\/05\/131-768x512.jpg 768w\" sizes=\"auto, (max-width: 420px) 100vw, 420px\" \/><\/p>\n<p>Marcadas las diferencias entre la situaci\u00f3n de los bancos y las cajas, estas \u00faltimas m\u00e1s pendientes de fusiones y ajustes, unos y otros comentaron la cercan\u00eda de una m\u00e1s que probable redefinici\u00f3n del sector. Pese a que los bancos han capeado mejor el temporal, en opini\u00f3n de Carlos Gonz\u00e1lez, del Santander, \u00abcreo que <strong>se dar\u00e1n algunas reestructuraciones que tendr\u00e1n que ver con la optimizaci\u00f3n de la tecnolog\u00eda, la racionalizaci\u00f3n de las oficinas<\/strong> y la solvencia en las cuentas de resultados\u00bb. Un cambio l\u00f3gico y en el que tienen que colaborar todos, dado que, como se\u00f1al\u00f3 S\u00e1nchez Navarrete, \u00abhay una sobrecapacidad espectacular\u00bb. No en vano, seg\u00fan datos de la CECA, Espa\u00f1a es el pa\u00eds m\u00e1s bancarizado del mundo: el n\u00famero de sucursales por cada mil habitantes es de 1,2, frente a las 0,6 de Alemania.<\/p>\n<p>El escenario dibujado por los invitados al desayuno de trabajo tiene un reflejo directo en la gesti\u00f3n de personas. En primera instancia,<strong> la incertidumbre financiera ha desembocado en un par\u00f3n generalizado en las contrataciones<\/strong>. Aunque los grandes grupos, dadas sus dimensiones, no han paralizado del todo estos procesos, s\u00ed que es cierto que poco tienen que ver con las incorporaciones masivas de \u00e9pocas pasadas. La consecuencia natural de esta reducci\u00f3n la expuso Louis Bolz, de la Caixa: \u00abAhora se necesita una mirada distinta, m\u00e1s centrada en el crecimiento cualitativo; m\u00e1s enfocada en el desarrollo interno de los empleados que en la contrataci\u00f3n externa\u00bb.<\/p>\n<p>Como si se tratara de un efecto domin\u00f3, esto, a su vez, \u00abha provocado que <strong>las entidades redefinan las pol\u00edticas de atracci\u00f3n y retenci\u00f3n de profesionales\u00bb<\/strong>, afirm\u00f3 Fern\u00e1ndez Mar\u00edn, de Caja Madrid. Y \u00bfqui\u00e9n ha salido ganando la partida? De acuerdo con las acciones que comentaron los asistentes, son las nuevas incorporaciones, los directores de oficina y los de zona los que se han llevado la atenci\u00f3n del departamento de recursos humanos, que est\u00e1 centrando en ellos, en este \u2018pool de talento\u2019 [altos potenciales], sus esfuerzos y las mayores partidas presupuestarias.<\/p>\n<p>En el Santander, Carlos Gonz\u00e1lez cont\u00f3 que han apostado por un modelo de tutela de colectivos cr\u00edticos, \u00abya que no estamos en disposici\u00f3n de ingresar a miles de personas, nuestro objetivo se parece m\u00e1s a mantener la plantilla\u00bb. Junto con la formaci\u00f3n de los nuevos ingresos y el apoyo a los directores de zona, <strong>desarrollan planes de capacitaci\u00f3n y de habilidades para los directores de oficina.<\/strong> Este enfoque cualitativo tambi\u00e9n es el objetivo de Caja Madrid, que \u00abcuenta con planes para nuevos directivos y otros para empleados de base centrados en habilidades comerciales\u00bb, se\u00f1al\u00f3 Fern\u00e1ndez Mar\u00edn.<\/p>\n<p>En esta nueva gesti\u00f3n del talento, bancas y cajas han revisado sus pol\u00edticas de formaci\u00f3n. En la Caixa lo han hecho impulsando la formaci\u00f3n virtual, gracias a \u2018Virtaula\u2019, mientras que en Bancaja \u00abhacemos incidencia en programas que potencien a la gente que creemos que tiene recorrido\u00bb, apunt\u00f3 su director de Gesti\u00f3n de RR.HH., Josep Raimon Morant.<\/p>\n<p>No se puede hablar de retenci\u00f3n y atracci\u00f3n sin tratar el tema de los sueldos, m\u00e1s a\u00fan cuando se trata de este sector, conocido por sus retribuciones m\u00e1s que generosas. Sin embargo, <a class=\"wp-caption-dd\" title=\"Banco de Espa\u00f1a y moderaci\u00f3n salarial\" href=\"https:\/\/www.diariovasco.com\/\/agencias\/20100507\/economia\/banco-espana-valora-salarios-moderen_201005071159.html\" target=\"_blank\" rel=\"noopener\">la crisis ha matizado su importancia<\/a>, y adem\u00e1s de controlarse mucho m\u00e1s, sobre todo en el tema de los variables, ha pasado a un segundo plano. <strong>\u00abCuando el plan de carrera, la formaci\u00f3n y la retribuci\u00f3n est\u00e1n razonablemente ordenados, el profesional entiende que la contenci\u00f3n de gastos no da para m\u00e1s\u00bb<\/strong>, sentenci\u00f3 Carlos Gonz\u00e1lez, de Santander.<\/p>\n","protected":false},"excerpt":{"rendered":"<p>Llevan m\u00e1s de dos a\u00f1os en el ojo del hurac\u00e1n. Los actores del sector financiero saben que, en<a class=\"moretag\" href=\"https:\/\/empresas.infoempleo.com\/hrtrends\/el-mundo-financiero-se-vuelca-en-la-retencion-de-sus-empleados\/\"> Leer m\u00e1s<\/a><\/p>\n","protected":false},"author":33,"featured_media":29665,"comment_status":"closed","ping_status":"open","sticky":false,"template":"","format":"standard","meta":{"footnotes":""},"categories":[3],"tags":[783,1497,283],"class_list":["post-9321","post","type-post","status-publish","format-standard","has-post-thumbnail","hentry","category-actualidad","tag-contratos","tag-finanzas","tag-retencion-del-talento"],"yoast_head":"<!-- This site is optimized with the Yoast SEO plugin v26.1.1 - https:\/\/yoast.com\/wordpress\/plugins\/seo\/ -->\n<title>El mundo financiero se vuelca en la retenci\u00f3n de sus empleados | HRTRENDS<\/title>\n<meta name=\"robots\" content=\"index, follow, max-snippet:-1, max-image-preview:large, max-video-preview:-1\" \/>\n<link rel=\"canonical\" href=\"https:\/\/empresas.infoempleo.com\/hrtrends\/el-mundo-financiero-se-vuelca-en-la-retencion-de-sus-empleados\/\" \/>\n<meta property=\"og:locale\" content=\"es_ES\" \/>\n<meta property=\"og:type\" content=\"article\" \/>\n<meta property=\"og:title\" content=\"El mundo financiero se vuelca en la retenci\u00f3n de sus empleados | HRTRENDS\" \/>\n<meta property=\"og:description\" content=\"Llevan m\u00e1s de dos a\u00f1os en el ojo del hurac\u00e1n. Los actores del sector financiero saben que, en Leer m\u00e1s\" \/>\n<meta property=\"og:url\" content=\"https:\/\/empresas.infoempleo.com\/hrtrends\/el-mundo-financiero-se-vuelca-en-la-retencion-de-sus-empleados\/\" \/>\n<meta property=\"og:site_name\" content=\"HRTRENDS\" \/>\n<meta property=\"article:publisher\" content=\"https:\/\/www.facebook.com\/Infoempleo\" \/>\n<meta property=\"article:published_time\" content=\"2010-05-24T06:20:33+00:00\" \/>\n<meta property=\"article:modified_time\" content=\"2024-08-29T15:40:08+00:00\" \/>\n<meta property=\"og:image\" content=\"https:\/\/empresas.infoempleo.com\/hrtrends\/media\/2010\/05\/131.jpg\" \/>\n<meta name=\"author\" content=\"Cristina Mart\u00edn\" \/>\n<meta name=\"twitter:card\" content=\"summary_large_image\" \/>\n<meta name=\"twitter:creator\" content=\"@infoempleo\" \/>\n<meta name=\"twitter:site\" content=\"@infoempleo\" \/>\n<meta name=\"twitter:label1\" content=\"Escrito por\" \/>\n\t<meta name=\"twitter:data1\" content=\"Cristina Mart\u00edn\" \/>\n\t<meta name=\"twitter:label2\" content=\"Tiempo de lectura\" \/>\n\t<meta name=\"twitter:data2\" content=\"4 minutos\" \/>\n<script type=\"application\/ld+json\" class=\"yoast-schema-graph\">{\"@context\":\"https:\/\/schema.org\",\"@graph\":[{\"@type\":\"NewsArticle\",\"@id\":\"https:\/\/empresas.infoempleo.com\/hrtrends\/el-mundo-financiero-se-vuelca-en-la-retencion-de-sus-empleados\/#article\",\"isPartOf\":{\"@id\":\"https:\/\/empresas.infoempleo.com\/hrtrends\/el-mundo-financiero-se-vuelca-en-la-retencion-de-sus-empleados\/\"},\"author\":{\"name\":\"Cristina Mart\u00edn\",\"@id\":\"https:\/\/empresas.infoempleo.com\/hrtrends\/#\/schema\/person\/f211bd3f083559daff103f670fe968b8\"},\"headline\":\"El mundo financiero se vuelca en la retenci\u00f3n de sus empleados\",\"datePublished\":\"2010-05-24T06:20:33+00:00\",\"dateModified\":\"2024-08-29T15:40:08+00:00\",\"mainEntityOfPage\":{\"@id\":\"https:\/\/empresas.infoempleo.com\/hrtrends\/el-mundo-financiero-se-vuelca-en-la-retencion-de-sus-empleados\/\"},\"wordCount\":860,\"publisher\":{\"@id\":\"https:\/\/empresas.infoempleo.com\/hrtrends\/#organization\"},\"image\":{\"@id\":\"https:\/\/empresas.infoempleo.com\/hrtrends\/el-mundo-financiero-se-vuelca-en-la-retencion-de-sus-empleados\/#primaryimage\"},\"thumbnailUrl\":\"https:\/\/empresas.infoempleo.com\/hrtrends\/media\/2017\/05\/pexels-photo-205508.jpg\",\"keywords\":[\"contratos\",\"finanzas\",\"retenci\u00f3n del talento\"],\"articleSection\":[\"Actualidad\"],\"inLanguage\":\"es\",\"copyrightYear\":\"2010\",\"copyrightHolder\":{\"@id\":\"https:\/\/empresas.infoempleo.com\/hrtrends\/#organization\"}},{\"@type\":\"WebPage\",\"@id\":\"https:\/\/empresas.infoempleo.com\/hrtrends\/el-mundo-financiero-se-vuelca-en-la-retencion-de-sus-empleados\/\",\"url\":\"https:\/\/empresas.infoempleo.com\/hrtrends\/el-mundo-financiero-se-vuelca-en-la-retencion-de-sus-empleados\/\",\"name\":\"El mundo financiero se vuelca en la retenci\u00f3n de sus empleados | HRTRENDS\",\"isPartOf\":{\"@id\":\"https:\/\/empresas.infoempleo.com\/hrtrends\/#website\"},\"primaryImageOfPage\":{\"@id\":\"https:\/\/empresas.infoempleo.com\/hrtrends\/el-mundo-financiero-se-vuelca-en-la-retencion-de-sus-empleados\/#primaryimage\"},\"image\":{\"@id\":\"https:\/\/empresas.infoempleo.com\/hrtrends\/el-mundo-financiero-se-vuelca-en-la-retencion-de-sus-empleados\/#primaryimage\"},\"thumbnailUrl\":\"https:\/\/empresas.infoempleo.com\/hrtrends\/media\/2017\/05\/pexels-photo-205508.jpg\",\"datePublished\":\"2010-05-24T06:20:33+00:00\",\"dateModified\":\"2024-08-29T15:40:08+00:00\",\"breadcrumb\":{\"@id\":\"https:\/\/empresas.infoempleo.com\/hrtrends\/el-mundo-financiero-se-vuelca-en-la-retencion-de-sus-empleados\/#breadcrumb\"},\"inLanguage\":\"es\",\"potentialAction\":[{\"@type\":\"ReadAction\",\"target\":[\"https:\/\/empresas.infoempleo.com\/hrtrends\/el-mundo-financiero-se-vuelca-en-la-retencion-de-sus-empleados\/\"]}]},{\"@type\":\"ImageObject\",\"inLanguage\":\"es\",\"@id\":\"https:\/\/empresas.infoempleo.com\/hrtrends\/el-mundo-financiero-se-vuelca-en-la-retencion-de-sus-empleados\/#primaryimage\",\"url\":\"https:\/\/empresas.infoempleo.com\/hrtrends\/media\/2017\/05\/pexels-photo-205508-150x150.jpg\",\"contentUrl\":\"https:\/\/empresas.infoempleo.com\/hrtrends\/media\/2017\/05\/pexels-photo-205508-150x150.jpg\",\"width\":150,\"height\":150},{\"@type\":\"BreadcrumbList\",\"@id\":\"https:\/\/empresas.infoempleo.com\/hrtrends\/el-mundo-financiero-se-vuelca-en-la-retencion-de-sus-empleados\/#breadcrumb\",\"itemListElement\":[{\"@type\":\"ListItem\",\"position\":1,\"name\":\"Portada\",\"item\":\"https:\/\/empresas.infoempleo.com\/hrtrends\/\"},{\"@type\":\"ListItem\",\"position\":2,\"name\":\"El mundo financiero se vuelca en la retenci\u00f3n de sus empleados\"}]},{\"@type\":\"WebSite\",\"@id\":\"https:\/\/empresas.infoempleo.com\/hrtrends\/#website\",\"url\":\"https:\/\/empresas.infoempleo.com\/hrtrends\",\"name\":\"HRTrends by Infoempleo\",\"description\":\"\",\"publisher\":{\"@id\":\"https:\/\/empresas.infoempleo.com\/hrtrends\/#organization\"},\"potentialAction\":{\"@type\":\"SearchAction\",\"target\":\"https:\/\/empresas.infoempleo.com\/hrtrends\/?s={search_term_string}\",\"query-input\":\"required name=search_term_string\"},\"inLanguage\":\"es\"},{\"@type\":\"Organization\",\"@id\":\"https:\/\/empresas.infoempleo.com\/hrtrends\/#organization\",\"name\":\"Infoempleo\",\"url\":\"https:\/\/www.infoempleo.com\/\",\"logo\":{\"@type\":\"ImageObject\",\"@id\":\"https:\/\/empresas.infoempleo.com\/hrtrends\/#logo\",\"inLanguage\":\"es\",\"url\":\"https:\/\/cdnazure.infoempleo.com\/infoempleo\/assets\/style\/gfx\/logo.svg\",\"contentUrl\":\"https:\/\/cdnazure.infoempleo.com\/infoempleo\/assets\/style\/gfx\/logo.svg\",\"width\":150,\"height\":40,\"caption\":\"Infoempleo\"},\"image\":{\"@id\":\"https:\/\/empresas.infoempleo.com\/hrtrends\/#logo\"},\"sameAs\":[\"https:\/\/www.facebook.com\/Infoempleo\",\"https:\/\/x.com\/infoempleo\",\"http:\/\/instagram.com\/infoempleo\/\",\"http:\/\/www.linkedin.com\/groups\/Empleo-Espa\u00f1a-Infoempleocom-111276\",\"http:\/\/pinterest.com\/infoempleo\/\"],\"address\":{\"@type\":\"PostalAddress\",\"addressLocality\":\"Madrid\",\"postalCode\":\"28050\",\"streetAddress\":\"Avenida de Burgos 114\"},\"brand\":[\"Infoempleo\"]},{\"@type\":\"Person\",\"@id\":\"https:\/\/empresas.infoempleo.com\/hrtrends\/#\/schema\/person\/f211bd3f083559daff103f670fe968b8\",\"name\":\"Cristina Mart\u00edn\",\"image\":{\"@type\":\"ImageObject\",\"inLanguage\":\"es\",\"@id\":\"https:\/\/empresas.infoempleo.com\/hrtrends\/#\/schema\/person\/image\/\",\"url\":\"https:\/\/secure.gravatar.com\/avatar\/7a85ff01010a0d921dc9d1da42a82a70f74e2cd0329b7fc20ee2c1c08a97daed?s=96&d=mm&r=g\",\"contentUrl\":\"https:\/\/secure.gravatar.com\/avatar\/7a85ff01010a0d921dc9d1da42a82a70f74e2cd0329b7fc20ee2c1c08a97daed?s=96&d=mm&r=g\",\"caption\":\"Cristina Mart\u00edn\"},\"url\":\"https:\/\/empresas.infoempleo.com\/hrtrends\/author\/cristina-martin\/\"}]}<\/script>\n<!-- \/ Yoast SEO plugin. -->","yoast_head_json":{"title":"El mundo financiero se vuelca en la retenci\u00f3n de sus empleados | HRTRENDS","robots":{"index":"index","follow":"follow","max-snippet":"max-snippet:-1","max-image-preview":"max-image-preview:large","max-video-preview":"max-video-preview:-1"},"canonical":"https:\/\/empresas.infoempleo.com\/hrtrends\/el-mundo-financiero-se-vuelca-en-la-retencion-de-sus-empleados\/","og_locale":"es_ES","og_type":"article","og_title":"El mundo financiero se vuelca en la retenci\u00f3n de sus empleados | HRTRENDS","og_description":"Llevan m\u00e1s de dos a\u00f1os en el ojo del hurac\u00e1n. Los actores del sector financiero saben que, en Leer m\u00e1s","og_url":"https:\/\/empresas.infoempleo.com\/hrtrends\/el-mundo-financiero-se-vuelca-en-la-retencion-de-sus-empleados\/","og_site_name":"HRTRENDS","article_publisher":"https:\/\/www.facebook.com\/Infoempleo","article_published_time":"2010-05-24T06:20:33+00:00","article_modified_time":"2024-08-29T15:40:08+00:00","og_image":[{"url":"https:\/\/empresas.infoempleo.com\/hrtrends\/media\/2010\/05\/131.jpg","type":"","width":"","height":""}],"author":"Cristina Mart\u00edn","twitter_card":"summary_large_image","twitter_creator":"@infoempleo","twitter_site":"@infoempleo","twitter_misc":{"Escrito por":"Cristina Mart\u00edn","Tiempo de lectura":"4 minutos"},"schema":{"@context":"https:\/\/schema.org","@graph":[{"@type":"NewsArticle","@id":"https:\/\/empresas.infoempleo.com\/hrtrends\/el-mundo-financiero-se-vuelca-en-la-retencion-de-sus-empleados\/#article","isPartOf":{"@id":"https:\/\/empresas.infoempleo.com\/hrtrends\/el-mundo-financiero-se-vuelca-en-la-retencion-de-sus-empleados\/"},"author":{"name":"Cristina Mart\u00edn","@id":"https:\/\/empresas.infoempleo.com\/hrtrends\/#\/schema\/person\/f211bd3f083559daff103f670fe968b8"},"headline":"El mundo financiero se vuelca en la retenci\u00f3n de sus empleados","datePublished":"2010-05-24T06:20:33+00:00","dateModified":"2024-08-29T15:40:08+00:00","mainEntityOfPage":{"@id":"https:\/\/empresas.infoempleo.com\/hrtrends\/el-mundo-financiero-se-vuelca-en-la-retencion-de-sus-empleados\/"},"wordCount":860,"publisher":{"@id":"https:\/\/empresas.infoempleo.com\/hrtrends\/#organization"},"image":{"@id":"https:\/\/empresas.infoempleo.com\/hrtrends\/el-mundo-financiero-se-vuelca-en-la-retencion-de-sus-empleados\/#primaryimage"},"thumbnailUrl":"https:\/\/empresas.infoempleo.com\/hrtrends\/media\/2017\/05\/pexels-photo-205508.jpg","keywords":["contratos","finanzas","retenci\u00f3n del talento"],"articleSection":["Actualidad"],"inLanguage":"es","copyrightYear":"2010","copyrightHolder":{"@id":"https:\/\/empresas.infoempleo.com\/hrtrends\/#organization"}},{"@type":"WebPage","@id":"https:\/\/empresas.infoempleo.com\/hrtrends\/el-mundo-financiero-se-vuelca-en-la-retencion-de-sus-empleados\/","url":"https:\/\/empresas.infoempleo.com\/hrtrends\/el-mundo-financiero-se-vuelca-en-la-retencion-de-sus-empleados\/","name":"El mundo financiero se vuelca en la retenci\u00f3n de sus empleados | HRTRENDS","isPartOf":{"@id":"https:\/\/empresas.infoempleo.com\/hrtrends\/#website"},"primaryImageOfPage":{"@id":"https:\/\/empresas.infoempleo.com\/hrtrends\/el-mundo-financiero-se-vuelca-en-la-retencion-de-sus-empleados\/#primaryimage"},"image":{"@id":"https:\/\/empresas.infoempleo.com\/hrtrends\/el-mundo-financiero-se-vuelca-en-la-retencion-de-sus-empleados\/#primaryimage"},"thumbnailUrl":"https:\/\/empresas.infoempleo.com\/hrtrends\/media\/2017\/05\/pexels-photo-205508.jpg","datePublished":"2010-05-24T06:20:33+00:00","dateModified":"2024-08-29T15:40:08+00:00","breadcrumb":{"@id":"https:\/\/empresas.infoempleo.com\/hrtrends\/el-mundo-financiero-se-vuelca-en-la-retencion-de-sus-empleados\/#breadcrumb"},"inLanguage":"es","potentialAction":[{"@type":"ReadAction","target":["https:\/\/empresas.infoempleo.com\/hrtrends\/el-mundo-financiero-se-vuelca-en-la-retencion-de-sus-empleados\/"]}]},{"@type":"ImageObject","inLanguage":"es","@id":"https:\/\/empresas.infoempleo.com\/hrtrends\/el-mundo-financiero-se-vuelca-en-la-retencion-de-sus-empleados\/#primaryimage","url":"https:\/\/empresas.infoempleo.com\/hrtrends\/media\/2017\/05\/pexels-photo-205508-150x150.jpg","contentUrl":"https:\/\/empresas.infoempleo.com\/hrtrends\/media\/2017\/05\/pexels-photo-205508-150x150.jpg","width":150,"height":150},{"@type":"BreadcrumbList","@id":"https:\/\/empresas.infoempleo.com\/hrtrends\/el-mundo-financiero-se-vuelca-en-la-retencion-de-sus-empleados\/#breadcrumb","itemListElement":[{"@type":"ListItem","position":1,"name":"Portada","item":"https:\/\/empresas.infoempleo.com\/hrtrends\/"},{"@type":"ListItem","position":2,"name":"El mundo financiero se vuelca en la retenci\u00f3n de sus empleados"}]},{"@type":"WebSite","@id":"https:\/\/empresas.infoempleo.com\/hrtrends\/#website","url":"https:\/\/empresas.infoempleo.com\/hrtrends","name":"HRTrends by Infoempleo","description":"","publisher":{"@id":"https:\/\/empresas.infoempleo.com\/hrtrends\/#organization"},"potentialAction":{"@type":"SearchAction","target":"https:\/\/empresas.infoempleo.com\/hrtrends\/?s={search_term_string}","query-input":"required name=search_term_string"},"inLanguage":"es"},{"@type":"Organization","@id":"https:\/\/empresas.infoempleo.com\/hrtrends\/#organization","name":"Infoempleo","url":"https:\/\/www.infoempleo.com\/","logo":{"@type":"ImageObject","@id":"https:\/\/empresas.infoempleo.com\/hrtrends\/#logo","inLanguage":"es","url":"https:\/\/cdnazure.infoempleo.com\/infoempleo\/assets\/style\/gfx\/logo.svg","contentUrl":"https:\/\/cdnazure.infoempleo.com\/infoempleo\/assets\/style\/gfx\/logo.svg","width":150,"height":40,"caption":"Infoempleo"},"image":{"@id":"https:\/\/empresas.infoempleo.com\/hrtrends\/#logo"},"sameAs":["https:\/\/www.facebook.com\/Infoempleo","https:\/\/x.com\/infoempleo","http:\/\/instagram.com\/infoempleo\/","http:\/\/www.linkedin.com\/groups\/Empleo-Espa\u00f1a-Infoempleocom-111276","http:\/\/pinterest.com\/infoempleo\/"],"address":{"@type":"PostalAddress","addressLocality":"Madrid","postalCode":"28050","streetAddress":"Avenida de Burgos 114"},"brand":["Infoempleo"]},{"@type":"Person","@id":"https:\/\/empresas.infoempleo.com\/hrtrends\/#\/schema\/person\/f211bd3f083559daff103f670fe968b8","name":"Cristina Mart\u00edn","image":{"@type":"ImageObject","inLanguage":"es","@id":"https:\/\/empresas.infoempleo.com\/hrtrends\/#\/schema\/person\/image\/","url":"https:\/\/secure.gravatar.com\/avatar\/7a85ff01010a0d921dc9d1da42a82a70f74e2cd0329b7fc20ee2c1c08a97daed?s=96&d=mm&r=g","contentUrl":"https:\/\/secure.gravatar.com\/avatar\/7a85ff01010a0d921dc9d1da42a82a70f74e2cd0329b7fc20ee2c1c08a97daed?s=96&d=mm&r=g","caption":"Cristina Mart\u00edn"},"url":"https:\/\/empresas.infoempleo.com\/hrtrends\/author\/cristina-martin\/"}]}},"amp_enabled":true,"_links":{"self":[{"href":"https:\/\/empresas.infoempleo.com\/hrtrends\/wp-json\/wp\/v2\/posts\/9321","targetHints":{"allow":["GET"]}}],"collection":[{"href":"https:\/\/empresas.infoempleo.com\/hrtrends\/wp-json\/wp\/v2\/posts"}],"about":[{"href":"https:\/\/empresas.infoempleo.com\/hrtrends\/wp-json\/wp\/v2\/types\/post"}],"author":[{"embeddable":true,"href":"https:\/\/empresas.infoempleo.com\/hrtrends\/wp-json\/wp\/v2\/users\/33"}],"replies":[{"embeddable":true,"href":"https:\/\/empresas.infoempleo.com\/hrtrends\/wp-json\/wp\/v2\/comments?post=9321"}],"version-history":[{"count":7,"href":"https:\/\/empresas.infoempleo.com\/hrtrends\/wp-json\/wp\/v2\/posts\/9321\/revisions"}],"predecessor-version":[{"id":44750,"href":"https:\/\/empresas.infoempleo.com\/hrtrends\/wp-json\/wp\/v2\/posts\/9321\/revisions\/44750"}],"wp:featuredmedia":[{"embeddable":true,"href":"https:\/\/empresas.infoempleo.com\/hrtrends\/wp-json\/wp\/v2\/media\/29665"}],"wp:attachment":[{"href":"https:\/\/empresas.infoempleo.com\/hrtrends\/wp-json\/wp\/v2\/media?parent=9321"}],"wp:term":[{"taxonomy":"category","embeddable":true,"href":"https:\/\/empresas.infoempleo.com\/hrtrends\/wp-json\/wp\/v2\/categories?post=9321"},{"taxonomy":"post_tag","embeddable":true,"href":"https:\/\/empresas.infoempleo.com\/hrtrends\/wp-json\/wp\/v2\/tags?post=9321"}],"curies":[{"name":"wp","href":"https:\/\/api.w.org\/{rel}","templated":true}]}}