{"id":9286,"date":"2010-05-24T10:08:22","date_gmt":"2010-05-24T09:08:22","guid":{"rendered":"http:\/\/blog.infoempleo.com\/?p=9286"},"modified":"2024-08-29T17:41:15","modified_gmt":"2024-08-29T15:41:15","slug":"no-creo-en-la-reencarnacion-elogio-al-talento","status":"publish","type":"post","link":"https:\/\/empresas.infoempleo.com\/hrtrends\/no-creo-en-la-reencarnacion-elogio-al-talento\/","title":{"rendered":"No creo en la reencarnaci\u00f3n (elogio al talento)"},"content":{"rendered":"<p><strong><br \/>\n<\/strong><\/p>\n<p><strong>Por Antonio Flores, CEO de la consultora estrat\u00e9gica en innovaci\u00f3n\u00a0 Loop Business Innovation<\/strong><\/p>\n<p>No creo en la reencarnaci\u00f3n, nunca he encontrado a nadie que creyese en ella y que en una vida anterior haya sido maltratado por la vida. En general siempre han sido c\u00f3nsules romanos, Napole\u00f3n (conozco varios), gente famosa, etc\u00e9tera. No conozco ning\u00fan ex esclavo, perteneciente a una casta paria, soldado raso muerto en batalla, pobres de miseria, etc.<\/p>\n<p>Tampoco conozco a nadie que haya cursado un MBA e invertido en \u00e9l una suma de dinero considerable, que haya tenido una mala experiencia o insatisfechas sus expectativas. En general todos hablan maravillas, pertenecen a organizaciones de ex alumnos \u00a0satisfechos por la experiencia y organizados para difundirla. No s\u00e9 de a nadie que me haya comentado que ha invertido mal su dinero y perdido su precioso tiempo. Quiz\u00e1s es m\u00e9rito de las escuelas donde han cursado, pero me cuesta creer tal grado de satisfacci\u00f3n cumplida.<\/p>\n<p>De entrada, desconf\u00edo de algunos profesionales formados en entornos lejanos, en escuelas m\u00edticas y con profesores m\u00edticos \u201cde libro\u201d. Me aburren los esfuerzos por demostrarme el nivel de teor\u00eda que llevan dentro y los constantes &#8216;links&#8217; de ella con libros o art\u00edculos de referencia. Muchos de ellos han estado en un momento dado de su carrera \u201ccerca\u201d de un gran evento de los negocios o la innovaci\u00f3n\u2026 pero s\u00f3lo eso, cerca. No les eximo de demostrar lo realmente buenos y competitivos que son y quiero escuchar sus propias opiniones sobre los negocios y las cosas que hacen. Quiero entender lo mucho que trabajan.<\/p>\n<p>No quiero decir que no pueda ser cierto que al morir nos reencarnemos, que cursar un MBA sea una gran herramienta de ampliar nuestro conocimiento y posicionamiento profesional y que tener el privilegio de formarse en escuelas de \u00e9lite y culturas distintas a la nuestra desmerezca los esfuerzos que hay que hacer para lograr los objetivos, m\u00e1s bien al contrario. Quiero aliviar con ello el derecho de la ansiedad frente a lo desconocido, reivindicar nuestro derecho a equivocarnos sin que nos sentencien, el valor del criterio propio para construir y contar nuestra historia real. Este art\u00edculo es un alegato al talento, bien en extinci\u00f3n que por la dificultad de encontrarlo, en algunos casos lo damos por hecho a trav\u00e9s de mostrar y perseguir unos CV\u00a0 \u201cde libro\u201d; una cosa no quita a la otra y si coinciden es excelente.<\/p>\n<p>Siempre he pensado que somos due\u00f1os de nuestros actos, que debemos agradecer a nuestros antecesores el punto de salida en el que iniciamos nuestra vida. Somos receptores de una herencia gen\u00e9tica, material, filos\u00f3fica y de conocimiento; salir con ella en un entorno confortable y con una preparaci\u00f3n envidiable no nos exime de esforzarnos y mejorar. Por ello, me gustan especialmente las personas con criterio propio, ganas de superaci\u00f3n y esfuerzo; busco su compa\u00f1\u00eda y relaci\u00f3n. Siempre aprendo de ellas y me ayudan a mejorar; valoro m\u00e1s su criterio y punto de vista que el conocimiento que tienen almacenado (del que casi nunca hacen alarde). Por muy asentadas y reconocidas que sean, no han perdido su capacidad de riesgo y elasticidad al cambio; est\u00e1n m\u00e1s preocupadas por el futuro que por lo que han hecho en el pasado. Tienen una actitud especial en vivir el presente, con conciencia del mismo.<\/p>\n<p>Algunas personas quiz\u00e1s han sido Napole\u00f3n en una anterior vida y lo mejor que han hecho en la actual ha sido cursar un MBA en una prestigiosa escuela del extranjero, pero\u2026cr\u00e9anme; si se cruzan con un re encarnado de esclavo, que perdi\u00f3 el tiempo en su MBA y que les cuenta cosas nuevas de cosecha propia y que les suena a nuevo, no lo dejen escapar, seguro que les dar\u00e1 grandes satisfacciones.<\/p>\n","protected":false},"excerpt":{"rendered":"<p>En otra vida no has tenido por qu\u00e9 ser famoso&#8230; ni en tu curso de MBA tampoco es &#8216;normal&#8217; que a todos les haya ido bien.<\/p>\n","protected":false},"author":72,"featured_media":29665,"comment_status":"closed","ping_status":"open","sticky":false,"template":"","format":"standard","meta":{"footnotes":""},"categories":[3],"tags":[59,101,1798,53,1799,119,120,1012],"class_list":["post-9286","post","type-post","status-publish","format-standard","has-post-thumbnail","hentry","category-actualidad","tag-directivos","tag-ejecutivos","tag-error","tag-escuelas-de-negocio","tag-estudio","tag-libros","tag-management","tag-mba"],"yoast_head":"<!-- This site is optimized with the Yoast SEO plugin v26.1.1 - https:\/\/yoast.com\/wordpress\/plugins\/seo\/ -->\n<title>No creo en la reencarnaci\u00f3n (elogio al talento) | HRTRENDS<\/title>\n<meta name=\"robots\" content=\"index, follow, max-snippet:-1, max-image-preview:large, max-video-preview:-1\" \/>\n<link rel=\"canonical\" href=\"https:\/\/empresas.infoempleo.com\/hrtrends\/no-creo-en-la-reencarnacion-elogio-al-talento\/\" \/>\n<meta property=\"og:locale\" content=\"es_ES\" \/>\n<meta property=\"og:type\" content=\"article\" \/>\n<meta property=\"og:title\" content=\"No creo en la reencarnaci\u00f3n (elogio al talento) | HRTRENDS\" \/>\n<meta property=\"og:description\" content=\"En otra vida no has tenido por qu\u00e9 ser famoso... ni en tu curso de MBA tampoco es &#039;normal&#039; que a todos les haya ido bien.\" \/>\n<meta property=\"og:url\" content=\"https:\/\/empresas.infoempleo.com\/hrtrends\/no-creo-en-la-reencarnacion-elogio-al-talento\/\" \/>\n<meta property=\"og:site_name\" content=\"HRTRENDS\" \/>\n<meta property=\"article:publisher\" content=\"https:\/\/www.facebook.com\/Infoempleo\" \/>\n<meta property=\"article:published_time\" content=\"2010-05-24T09:08:22+00:00\" \/>\n<meta property=\"article:modified_time\" content=\"2024-08-29T15:41:15+00:00\" \/>\n<meta name=\"author\" content=\"infoempleo\" \/>\n<meta name=\"twitter:card\" content=\"summary_large_image\" \/>\n<meta name=\"twitter:creator\" content=\"@infoempleo\" \/>\n<meta name=\"twitter:site\" content=\"@infoempleo\" \/>\n<meta name=\"twitter:label1\" content=\"Escrito por\" \/>\n\t<meta name=\"twitter:data1\" content=\"infoempleo\" \/>\n\t<meta name=\"twitter:label2\" content=\"Tiempo de lectura\" \/>\n\t<meta name=\"twitter:data2\" content=\"3 minutos\" \/>\n<script type=\"application\/ld+json\" class=\"yoast-schema-graph\">{\"@context\":\"https:\/\/schema.org\",\"@graph\":[{\"@type\":\"NewsArticle\",\"@id\":\"https:\/\/empresas.infoempleo.com\/hrtrends\/no-creo-en-la-reencarnacion-elogio-al-talento\/#article\",\"isPartOf\":{\"@id\":\"https:\/\/empresas.infoempleo.com\/hrtrends\/no-creo-en-la-reencarnacion-elogio-al-talento\/\"},\"author\":{\"name\":\"infoempleo\",\"@id\":\"https:\/\/empresas.infoempleo.com\/hrtrends\/#\/schema\/person\/67d3e276ffcc8b3ae0ebec816daf775a\"},\"headline\":\"No creo en la reencarnaci\u00f3n (elogio al talento)\",\"datePublished\":\"2010-05-24T09:08:22+00:00\",\"dateModified\":\"2024-08-29T15:41:15+00:00\",\"mainEntityOfPage\":{\"@id\":\"https:\/\/empresas.infoempleo.com\/hrtrends\/no-creo-en-la-reencarnacion-elogio-al-talento\/\"},\"wordCount\":663,\"publisher\":{\"@id\":\"https:\/\/empresas.infoempleo.com\/hrtrends\/#organization\"},\"image\":{\"@id\":\"https:\/\/empresas.infoempleo.com\/hrtrends\/no-creo-en-la-reencarnacion-elogio-al-talento\/#primaryimage\"},\"thumbnailUrl\":\"https:\/\/empresas.infoempleo.com\/hrtrends\/media\/2017\/05\/pexels-photo-205508.jpg\",\"keywords\":[\"directivos\",\"ejecutivos\",\"error\",\"escuelas de negocio\",\"estudio\",\"libros\",\"management\",\"MBA\"],\"articleSection\":[\"Actualidad\"],\"inLanguage\":\"es\",\"copyrightYear\":\"2010\",\"copyrightHolder\":{\"@id\":\"https:\/\/empresas.infoempleo.com\/hrtrends\/#organization\"}},{\"@type\":\"WebPage\",\"@id\":\"https:\/\/empresas.infoempleo.com\/hrtrends\/no-creo-en-la-reencarnacion-elogio-al-talento\/\",\"url\":\"https:\/\/empresas.infoempleo.com\/hrtrends\/no-creo-en-la-reencarnacion-elogio-al-talento\/\",\"name\":\"No creo en la reencarnaci\u00f3n (elogio al talento) | HRTRENDS\",\"isPartOf\":{\"@id\":\"https:\/\/empresas.infoempleo.com\/hrtrends\/#website\"},\"primaryImageOfPage\":{\"@id\":\"https:\/\/empresas.infoempleo.com\/hrtrends\/no-creo-en-la-reencarnacion-elogio-al-talento\/#primaryimage\"},\"image\":{\"@id\":\"https:\/\/empresas.infoempleo.com\/hrtrends\/no-creo-en-la-reencarnacion-elogio-al-talento\/#primaryimage\"},\"thumbnailUrl\":\"https:\/\/empresas.infoempleo.com\/hrtrends\/media\/2017\/05\/pexels-photo-205508.jpg\",\"datePublished\":\"2010-05-24T09:08:22+00:00\",\"dateModified\":\"2024-08-29T15:41:15+00:00\",\"breadcrumb\":{\"@id\":\"https:\/\/empresas.infoempleo.com\/hrtrends\/no-creo-en-la-reencarnacion-elogio-al-talento\/#breadcrumb\"},\"inLanguage\":\"es\",\"potentialAction\":[{\"@type\":\"ReadAction\",\"target\":[\"https:\/\/empresas.infoempleo.com\/hrtrends\/no-creo-en-la-reencarnacion-elogio-al-talento\/\"]}]},{\"@type\":\"ImageObject\",\"inLanguage\":\"es\",\"@id\":\"https:\/\/empresas.infoempleo.com\/hrtrends\/no-creo-en-la-reencarnacion-elogio-al-talento\/#primaryimage\",\"url\":\"https:\/\/empresas.infoempleo.com\/hrtrends\/media\/2017\/05\/pexels-photo-205508-150x150.jpg\",\"contentUrl\":\"https:\/\/empresas.infoempleo.com\/hrtrends\/media\/2017\/05\/pexels-photo-205508-150x150.jpg\",\"width\":150,\"height\":150},{\"@type\":\"BreadcrumbList\",\"@id\":\"https:\/\/empresas.infoempleo.com\/hrtrends\/no-creo-en-la-reencarnacion-elogio-al-talento\/#breadcrumb\",\"itemListElement\":[{\"@type\":\"ListItem\",\"position\":1,\"name\":\"Portada\",\"item\":\"https:\/\/empresas.infoempleo.com\/hrtrends\/\"},{\"@type\":\"ListItem\",\"position\":2,\"name\":\"No creo en la reencarnaci\u00f3n (elogio al talento)\"}]},{\"@type\":\"WebSite\",\"@id\":\"https:\/\/empresas.infoempleo.com\/hrtrends\/#website\",\"url\":\"https:\/\/empresas.infoempleo.com\/hrtrends\",\"name\":\"HRTrends by Infoempleo\",\"description\":\"\",\"publisher\":{\"@id\":\"https:\/\/empresas.infoempleo.com\/hrtrends\/#organization\"},\"potentialAction\":{\"@type\":\"SearchAction\",\"target\":\"https:\/\/empresas.infoempleo.com\/hrtrends\/?s={search_term_string}\",\"query-input\":\"required name=search_term_string\"},\"inLanguage\":\"es\"},{\"@type\":\"Organization\",\"@id\":\"https:\/\/empresas.infoempleo.com\/hrtrends\/#organization\",\"name\":\"Infoempleo\",\"url\":\"https:\/\/www.infoempleo.com\/\",\"logo\":{\"@type\":\"ImageObject\",\"@id\":\"https:\/\/empresas.infoempleo.com\/hrtrends\/#logo\",\"inLanguage\":\"es\",\"url\":\"https:\/\/cdnazure.infoempleo.com\/infoempleo\/assets\/style\/gfx\/logo.svg\",\"contentUrl\":\"https:\/\/cdnazure.infoempleo.com\/infoempleo\/assets\/style\/gfx\/logo.svg\",\"width\":150,\"height\":40,\"caption\":\"Infoempleo\"},\"image\":{\"@id\":\"https:\/\/empresas.infoempleo.com\/hrtrends\/#logo\"},\"sameAs\":[\"https:\/\/www.facebook.com\/Infoempleo\",\"https:\/\/x.com\/infoempleo\",\"http:\/\/instagram.com\/infoempleo\/\",\"http:\/\/www.linkedin.com\/groups\/Empleo-Espa\u00f1a-Infoempleocom-111276\",\"http:\/\/pinterest.com\/infoempleo\/\"],\"address\":{\"@type\":\"PostalAddress\",\"addressLocality\":\"Madrid\",\"postalCode\":\"28050\",\"streetAddress\":\"Avenida de Burgos 114\"},\"brand\":[\"Infoempleo\"]},{\"@type\":\"Person\",\"@id\":\"https:\/\/empresas.infoempleo.com\/hrtrends\/#\/schema\/person\/67d3e276ffcc8b3ae0ebec816daf775a\",\"name\":\"infoempleo\",\"image\":{\"@type\":\"ImageObject\",\"inLanguage\":\"es\",\"@id\":\"https:\/\/empresas.infoempleo.com\/hrtrends\/#\/schema\/person\/image\/\",\"url\":\"https:\/\/secure.gravatar.com\/avatar\/7b437777242fe67d2473c2a818da2344692d1ee91e91080ccffbd97bcd4a0975?s=96&d=mm&r=g\",\"contentUrl\":\"https:\/\/secure.gravatar.com\/avatar\/7b437777242fe67d2473c2a818da2344692d1ee91e91080ccffbd97bcd4a0975?s=96&d=mm&r=g\",\"caption\":\"infoempleo\"},\"url\":\"https:\/\/empresas.infoempleo.com\/hrtrends\/author\/infoempleo\/\"}]}<\/script>\n<!-- \/ Yoast SEO plugin. -->","yoast_head_json":{"title":"No creo en la reencarnaci\u00f3n (elogio al talento) | HRTRENDS","robots":{"index":"index","follow":"follow","max-snippet":"max-snippet:-1","max-image-preview":"max-image-preview:large","max-video-preview":"max-video-preview:-1"},"canonical":"https:\/\/empresas.infoempleo.com\/hrtrends\/no-creo-en-la-reencarnacion-elogio-al-talento\/","og_locale":"es_ES","og_type":"article","og_title":"No creo en la reencarnaci\u00f3n (elogio al talento) | HRTRENDS","og_description":"En otra vida no has tenido por qu\u00e9 ser famoso... ni en tu curso de MBA tampoco es 'normal' que a todos les haya ido bien.","og_url":"https:\/\/empresas.infoempleo.com\/hrtrends\/no-creo-en-la-reencarnacion-elogio-al-talento\/","og_site_name":"HRTRENDS","article_publisher":"https:\/\/www.facebook.com\/Infoempleo","article_published_time":"2010-05-24T09:08:22+00:00","article_modified_time":"2024-08-29T15:41:15+00:00","author":"infoempleo","twitter_card":"summary_large_image","twitter_creator":"@infoempleo","twitter_site":"@infoempleo","twitter_misc":{"Escrito por":"infoempleo","Tiempo de lectura":"3 minutos"},"schema":{"@context":"https:\/\/schema.org","@graph":[{"@type":"NewsArticle","@id":"https:\/\/empresas.infoempleo.com\/hrtrends\/no-creo-en-la-reencarnacion-elogio-al-talento\/#article","isPartOf":{"@id":"https:\/\/empresas.infoempleo.com\/hrtrends\/no-creo-en-la-reencarnacion-elogio-al-talento\/"},"author":{"name":"infoempleo","@id":"https:\/\/empresas.infoempleo.com\/hrtrends\/#\/schema\/person\/67d3e276ffcc8b3ae0ebec816daf775a"},"headline":"No creo en la reencarnaci\u00f3n (elogio al talento)","datePublished":"2010-05-24T09:08:22+00:00","dateModified":"2024-08-29T15:41:15+00:00","mainEntityOfPage":{"@id":"https:\/\/empresas.infoempleo.com\/hrtrends\/no-creo-en-la-reencarnacion-elogio-al-talento\/"},"wordCount":663,"publisher":{"@id":"https:\/\/empresas.infoempleo.com\/hrtrends\/#organization"},"image":{"@id":"https:\/\/empresas.infoempleo.com\/hrtrends\/no-creo-en-la-reencarnacion-elogio-al-talento\/#primaryimage"},"thumbnailUrl":"https:\/\/empresas.infoempleo.com\/hrtrends\/media\/2017\/05\/pexels-photo-205508.jpg","keywords":["directivos","ejecutivos","error","escuelas de negocio","estudio","libros","management","MBA"],"articleSection":["Actualidad"],"inLanguage":"es","copyrightYear":"2010","copyrightHolder":{"@id":"https:\/\/empresas.infoempleo.com\/hrtrends\/#organization"}},{"@type":"WebPage","@id":"https:\/\/empresas.infoempleo.com\/hrtrends\/no-creo-en-la-reencarnacion-elogio-al-talento\/","url":"https:\/\/empresas.infoempleo.com\/hrtrends\/no-creo-en-la-reencarnacion-elogio-al-talento\/","name":"No creo en la reencarnaci\u00f3n (elogio al talento) | HRTRENDS","isPartOf":{"@id":"https:\/\/empresas.infoempleo.com\/hrtrends\/#website"},"primaryImageOfPage":{"@id":"https:\/\/empresas.infoempleo.com\/hrtrends\/no-creo-en-la-reencarnacion-elogio-al-talento\/#primaryimage"},"image":{"@id":"https:\/\/empresas.infoempleo.com\/hrtrends\/no-creo-en-la-reencarnacion-elogio-al-talento\/#primaryimage"},"thumbnailUrl":"https:\/\/empresas.infoempleo.com\/hrtrends\/media\/2017\/05\/pexels-photo-205508.jpg","datePublished":"2010-05-24T09:08:22+00:00","dateModified":"2024-08-29T15:41:15+00:00","breadcrumb":{"@id":"https:\/\/empresas.infoempleo.com\/hrtrends\/no-creo-en-la-reencarnacion-elogio-al-talento\/#breadcrumb"},"inLanguage":"es","potentialAction":[{"@type":"ReadAction","target":["https:\/\/empresas.infoempleo.com\/hrtrends\/no-creo-en-la-reencarnacion-elogio-al-talento\/"]}]},{"@type":"ImageObject","inLanguage":"es","@id":"https:\/\/empresas.infoempleo.com\/hrtrends\/no-creo-en-la-reencarnacion-elogio-al-talento\/#primaryimage","url":"https:\/\/empresas.infoempleo.com\/hrtrends\/media\/2017\/05\/pexels-photo-205508-150x150.jpg","contentUrl":"https:\/\/empresas.infoempleo.com\/hrtrends\/media\/2017\/05\/pexels-photo-205508-150x150.jpg","width":150,"height":150},{"@type":"BreadcrumbList","@id":"https:\/\/empresas.infoempleo.com\/hrtrends\/no-creo-en-la-reencarnacion-elogio-al-talento\/#breadcrumb","itemListElement":[{"@type":"ListItem","position":1,"name":"Portada","item":"https:\/\/empresas.infoempleo.com\/hrtrends\/"},{"@type":"ListItem","position":2,"name":"No creo en la reencarnaci\u00f3n (elogio al talento)"}]},{"@type":"WebSite","@id":"https:\/\/empresas.infoempleo.com\/hrtrends\/#website","url":"https:\/\/empresas.infoempleo.com\/hrtrends","name":"HRTrends by Infoempleo","description":"","publisher":{"@id":"https:\/\/empresas.infoempleo.com\/hrtrends\/#organization"},"potentialAction":{"@type":"SearchAction","target":"https:\/\/empresas.infoempleo.com\/hrtrends\/?s={search_term_string}","query-input":"required name=search_term_string"},"inLanguage":"es"},{"@type":"Organization","@id":"https:\/\/empresas.infoempleo.com\/hrtrends\/#organization","name":"Infoempleo","url":"https:\/\/www.infoempleo.com\/","logo":{"@type":"ImageObject","@id":"https:\/\/empresas.infoempleo.com\/hrtrends\/#logo","inLanguage":"es","url":"https:\/\/cdnazure.infoempleo.com\/infoempleo\/assets\/style\/gfx\/logo.svg","contentUrl":"https:\/\/cdnazure.infoempleo.com\/infoempleo\/assets\/style\/gfx\/logo.svg","width":150,"height":40,"caption":"Infoempleo"},"image":{"@id":"https:\/\/empresas.infoempleo.com\/hrtrends\/#logo"},"sameAs":["https:\/\/www.facebook.com\/Infoempleo","https:\/\/x.com\/infoempleo","http:\/\/instagram.com\/infoempleo\/","http:\/\/www.linkedin.com\/groups\/Empleo-Espa\u00f1a-Infoempleocom-111276","http:\/\/pinterest.com\/infoempleo\/"],"address":{"@type":"PostalAddress","addressLocality":"Madrid","postalCode":"28050","streetAddress":"Avenida de Burgos 114"},"brand":["Infoempleo"]},{"@type":"Person","@id":"https:\/\/empresas.infoempleo.com\/hrtrends\/#\/schema\/person\/67d3e276ffcc8b3ae0ebec816daf775a","name":"infoempleo","image":{"@type":"ImageObject","inLanguage":"es","@id":"https:\/\/empresas.infoempleo.com\/hrtrends\/#\/schema\/person\/image\/","url":"https:\/\/secure.gravatar.com\/avatar\/7b437777242fe67d2473c2a818da2344692d1ee91e91080ccffbd97bcd4a0975?s=96&d=mm&r=g","contentUrl":"https:\/\/secure.gravatar.com\/avatar\/7b437777242fe67d2473c2a818da2344692d1ee91e91080ccffbd97bcd4a0975?s=96&d=mm&r=g","caption":"infoempleo"},"url":"https:\/\/empresas.infoempleo.com\/hrtrends\/author\/infoempleo\/"}]}},"amp_enabled":true,"_links":{"self":[{"href":"https:\/\/empresas.infoempleo.com\/hrtrends\/wp-json\/wp\/v2\/posts\/9286","targetHints":{"allow":["GET"]}}],"collection":[{"href":"https:\/\/empresas.infoempleo.com\/hrtrends\/wp-json\/wp\/v2\/posts"}],"about":[{"href":"https:\/\/empresas.infoempleo.com\/hrtrends\/wp-json\/wp\/v2\/types\/post"}],"author":[{"embeddable":true,"href":"https:\/\/empresas.infoempleo.com\/hrtrends\/wp-json\/wp\/v2\/users\/72"}],"replies":[{"embeddable":true,"href":"https:\/\/empresas.infoempleo.com\/hrtrends\/wp-json\/wp\/v2\/comments?post=9286"}],"version-history":[{"count":3,"href":"https:\/\/empresas.infoempleo.com\/hrtrends\/wp-json\/wp\/v2\/posts\/9286\/revisions"}],"predecessor-version":[{"id":44804,"href":"https:\/\/empresas.infoempleo.com\/hrtrends\/wp-json\/wp\/v2\/posts\/9286\/revisions\/44804"}],"wp:featuredmedia":[{"embeddable":true,"href":"https:\/\/empresas.infoempleo.com\/hrtrends\/wp-json\/wp\/v2\/media\/29665"}],"wp:attachment":[{"href":"https:\/\/empresas.infoempleo.com\/hrtrends\/wp-json\/wp\/v2\/media?parent=9286"}],"wp:term":[{"taxonomy":"category","embeddable":true,"href":"https:\/\/empresas.infoempleo.com\/hrtrends\/wp-json\/wp\/v2\/categories?post=9286"},{"taxonomy":"post_tag","embeddable":true,"href":"https:\/\/empresas.infoempleo.com\/hrtrends\/wp-json\/wp\/v2\/tags?post=9286"}],"curies":[{"name":"wp","href":"https:\/\/api.w.org\/{rel}","templated":true}]}}