{"id":9160,"date":"2010-05-17T08:18:09","date_gmt":"2010-05-17T07:18:09","guid":{"rendered":"http:\/\/blog.infoempleo.com\/?p=9160"},"modified":"2024-08-29T17:40:25","modified_gmt":"2024-08-29T15:40:25","slug":"un-dia-entre-maestros","status":"publish","type":"post","link":"https:\/\/empresas.infoempleo.com\/hrtrends\/un-dia-entre-maestros\/","title":{"rendered":"Un d\u00eda entre maestros"},"content":{"rendered":"<p>Lunes, 10 de mayo.\u00a0 Son las nueve de la ma\u00f1ana y el <a href=\"http:\/\/blog.infoempleo.com\/wp-admin\/post.php?action=edit&amp;post=9160&amp;message=1\" target=\"_blank\" rel=\"nofollow noopener\">Mutua Madrile\u00f1a Madrid Open 2010 <\/a>comienza una nueva jornada. A\u00fan no han llegado los espectadores pero en los diferentes departamentos de la inmensa Caja M\u00e1gica, a las afueras de la capital, la actividad ya ha empezado. Adem\u00e1s, hoy no es un d\u00eda cualquiera. <a href=\"https:\/\/www.adecco.es\/error.html\" target=\"_blank\" rel=\"noopener\">Adecco<\/a>, patrocinador y proveedor oficial de recursos humanos del torneo, celebra su \u2018Adecco Experience Day\u2019, una iniciativa gracias a la que cuatro j\u00f3venes profesionales podr\u00e1n formarse junto a los jefes de cada una de las grandes \u00e1reas y departamentos de organizaci\u00f3n del evento: comunicaci\u00f3n, hosteler\u00eda, fisioterapia y direcci\u00f3n. Todos se re\u00fanen en la nave central, comienza un intenso d\u00eda.<\/p>\n<div id=\"attachment_9165\" style=\"width: 955px\" class=\"wp-caption aligncenter\"><img loading=\"lazy\" decoding=\"async\" aria-describedby=\"caption-attachment-9165\" class=\"wp-image-9165 size-full\" src=\"https:\/\/empresas.infoempleo.com\/hrtrends\/media\/2010\/05\/Todos21.jpg\" alt=\"Adecco experiencia day\" width=\"945\" height=\"567\" srcset=\"https:\/\/empresas.infoempleo.com\/hrtrends\/media\/2010\/05\/Todos21.jpg 945w, https:\/\/empresas.infoempleo.com\/hrtrends\/media\/2010\/05\/Todos21-300x180.jpg 300w, https:\/\/empresas.infoempleo.com\/hrtrends\/media\/2010\/05\/Todos21-768x461.jpg 768w\" sizes=\"auto, (max-width: 945px) 100vw, 945px\" \/><p id=\"caption-attachment-9165\" class=\"wp-caption-text\">Juan Carlos Moreno, Guillermo Montiel, Benito P\u00e9rez y Tom\u00e1s P\u00e9rez. Abajo: Carolina Compadre, Gorica Vukojicic y Lorena Pacheco<\/p><\/div>\n<h2>Periodismo<\/h2>\n<p>La tarea empez\u00f3 pronto para Gorica Vukojicic, licenciada en Periodismo. De hecho, fue el d\u00eda anterior el que marc\u00f3 un antes y un despu\u00e9s en su carrera. Se inscribi\u00f3 en el proceso de selecci\u00f3n del proyecto para conocer de primera mano el trabajo de Benito P\u00e9rez, jefe de prensa de <a href=\"https:\/\/wallpapers.com\/novak-djokovic\" target=\"_blank\" rel=\"nofollow noopener\">Novak Djokovic<\/a>. El tenista serbio no jugaba el torneo, pero P\u00e9rez ten\u00eda mucho que ense\u00f1arla. Su bautismo fue en la sala de prensa del Open, donde comprob\u00f3 el trabajo de los profesionales de los medios, en un ir y venir de c\u00e1maras y micr\u00f3fonos. Despu\u00e9s, \u00abnos pusimos a hacer el \u2018clipping\u2019 [seguimiento de las noticias aparecidas en la prensa] del d\u00eda anterior\u00bb, narra Gorica mientras llegan sus compa\u00f1eros. Despu\u00e9s del seguimiento de medios lleg\u00f3 la rueda de prensa con Rafael Nadal: \u00abNos reunimos con \u00e9l para organizarlo y ver c\u00f3mo se iba enfocar. Para m\u00ed fue muy interesante ya que no es lo mismo estar a uno que a otro lado de la comunicaci\u00f3n. Tienes que planificarlo todo al detalle, a\u00fan cuando la persona que llevas sea alguien tan natural como Nadal\u00bb. Pero la prueba de fuego vendr\u00eda despu\u00e9s, cuando acabada la jornada, y con mucho ya aprendido \u2014\u00bbsobre todo a tomar decisiones r\u00e1pidas\u00bb\u2014, Benito la llama de nuevo para proponerle una nueva clase: un directo. Nadal aparec\u00eda en el telediario de La Primera e iban a gestionarlo ambos, ser\u00edan los \u00fanicos en el \u2018set\u2019 junto a \u00e9l. \u00ab\u00bfRecuerdas lo m\u00e1s importante?\u00bb, le comenta a Gorica al d\u00eda siguiente, cuando pasa por el punto de encuentro de Adecco. \u00abNunca lo olvides: organizaci\u00f3n y sentido com\u00fan\u00bb.<\/p>\n<h2>Hosteler\u00eda<\/h2>\n<p>El binomio formado por Guillermo Montiel, seleccionado para el \u2018Adecco Experience Day\u2019 en la categor\u00eda de hosteler\u00eda\u00a0 y su mentor, Juan Carlos Moreno, director de Food Intelligence de <a href=\"https:\/\/www.adecco.es\/error.html\" target=\"_blank\" rel=\"nofollow noopener\">Sodexo<\/a> y responsable del comedor de jugadores del torneo, funciona desde el principio. Ambos adoran estar entre fogones, aunque como inicia su clase Juan Carlos, la tarea empieza mucho antes de llegar a la cocina: \u00abEs como una pel\u00edcula \u2014le comenta mientras comienzan a caminar hacia el muelle de carga\u2014; lo m\u00e1s importante es la preproducci\u00f3n y, luego, estar pendiente de que no falle nada del \u2018script\u2019\u00bb. Moreno se refiere al dif\u00edcil trabajo que supone dar cada d\u00eda de comer a empleados, prensa, jugadores y visitantes con sus diferentes necesidades y horas (a lo largo del torneo se consumir\u00e1n m\u00e1s de 150.000 kilogramos de producto terminado). Por eso, y mientras camina junto a Guillermo hacia el comedor del \u2018staff\u2019, no deja de interesarse por la situaci\u00f3n de los diferentes \u2018centros neur\u00e1lgicos\u2019 de su labor en el Open a trav\u00e9s del tel\u00e9fono o en persona. A\u00fan son las 10.30 pero todo empieza a estar listo. Entre escenario y \u2018backstage\u2019 de uno y otro comedor, Juan Carlos relata a Guillermo c\u00f3mo la experiencia le ha dado un bagaje fundamental en su trabajo y lo importante que es la formaci\u00f3n de base para tener un punto desde donde empezar. Guillermo la tiene, es titulado en Cocina y Pasteler\u00eda y Panader\u00eda y, por eso, entiende muy bien las fases que le explica el responsable de comedores del torneo y los detalles de la confecci\u00f3n del men\u00fa, \u00abdesde la edad, en el caso de los empleados, hasta la actividad f\u00edsica, en el de los deportistas\u00bb. El tr\u00e1fico de bandejas en el limpio pasillo que conecta el comedor de prensa y el de jugadores denota que ya hay deportistas que est\u00e1n empezando a comer. Mentor y aprendiz se dirigen a comprobar c\u00f3mo es la puesta en escena porque, seg\u00fan comenta Moreno, \u00abes muy importante tener un concepto que transmitir\u00bb. \u00abPor regla general, cuando se habla de cocina espa\u00f1ola, se piensa en un Arzak o en un Adri\u00e1, pero la gran mayor\u00eda son personas de perfiles bajos que trabajan muy duro. Mi idea con este planteamiento [dice mirando a una de las deportistas que se sirve una deliciosa salsa de tomate en su pasta] es que todos los que coman aqu\u00ed piensen que la cocina no es magia\u00bb.<\/p>\n<h2>Fisioterapia<\/h2>\n<p>Las instalaciones del centro m\u00e9dico del Mutua Madrile\u00f1a Madrid Open son las m\u00e1s restringidas. Por eso Lorena Pacheco, titulada en Enfermer\u00eda y Fisioterapia, permanece un buen rato en silencio mientras escucha las primeras indicaciones de su mentor, Tomas P\u00e9rez, director del Servicio M\u00e9dico del Open. Enganchado constantemente a unos cascos y un \u2018walkie talkie\u2019 \u2014para poder estar pendiente de cualquier posible entrada de jugadores en su \u00e1rea\u2014 recorre con ella las diferentes salas donde los tenistas \u00abtienen ese momento de descanso que no encuentran en otro lugar\u00bb. Camillas, sillones de masaje y muchos especialistas intercambian opiniones acerca de tratamientos. \u00abEn nuestro torneo, como en todos los de alto nivel, los jugadores reciben una asistencia de fisioterapia muy completa, que cubre con creces sus necesidades\u00bb, dice entrando con Lorena en el \u2018box\u2019 de fisioterapia. All\u00ed, le presenta a los que ser\u00e1n sus compa\u00f1eros durante todo el d\u00eda \u2014\u00bbsomos 19, contigo, 20&#8243;, dice P\u00e9rez\u2014 y con los que atender\u00e1 a entre 90 y 100 pacientes: \u00abA lo largo del torneo pasar\u00e1n por aqu\u00ed cerca de 400 personas, 800 si hablamos de todo el servicio m\u00e9dico\u00bb. Les dejamos con la clase pero por la tarde nos volveremos a encontrar con Lorena, quien nos comentar\u00e1: \u00abEstoy aprendiendo much\u00edsimo, hay gran compa\u00f1erismo y lo que me han transmitido es una sensaci\u00f3n de trabajo en equipo y profesionalidad enorme\u00bb. \u00bfA qui\u00e9n ha visto en consulta? La discreci\u00f3n es muy importante, y con eso volver\u00e1 esta fisioterpeuta a sus cursos en la Cruz Roja en Barcelona.<\/p>\n<h2>Secretariado<\/h2>\n<p>La ma\u00f1ana se va agotando y llegamos al departamento de Direcci\u00f3n. La Caja M\u00e1gica, hasta ahora trastienda de camillas, micr\u00f3fonos y hornos, se convierte en una oficina de dimensiones, nunca mejor dicho, deportivas. Los pasillos se llenan y vac\u00edan a una velocidad de v\u00e9rtigo de personas de diferente nacionalidad e idioma. S\u00f3lo un denominador com\u00fan, la sonrisa. En uno de ellos nos encontramos a Carolina Compadre, la madrile\u00f1a ganadora del apartado de secretariado. La acompa\u00f1amos al despacho de Marisa Pisaca, asistente del presidente del torneo, pendiente de un ordenador y dos tel\u00e9fonos. Carolina contin\u00faa con su clase magistral. Debe estar atenta al m\u00f3vil\u00a0 para gestionar una cena con personalidades. \u00abRecuerda \u2014dice Pisaca a su nueva alumna\u2014: Confirmaciones, acompa\u00f1antes y transporte. Ya hemos hablado antes del \u2018t\u00fa y el \u2018usted\u2019\u00bb. Carolina le consulta si los pasos son como los de otra gesti\u00f3n anterior. \u00abVeo que aprendes r\u00e1pido\u00bb, comenta Pisaca mientras se dirige a la \u2018caja B\u2019 donde tienen todo el material de papeler\u00eda. En ese momento esta profesional de larga experiencia internacional en secretariado le recuerda la importancia de la imagen de marca del material de papeler\u00eda y de que hasta esos peque\u00f1os detalles hay que saber gestionarlos. \u00abNext!\u00bb, grita amablemente en ingl\u00e9s antes de sentarse a ver la siguiente tarea que se multiplica por tres en un abrir y cerrar de ojos a la vista del correo abierto en el ordenador y dos llamadas a los diferentes tel\u00e9fonos. \u00abSomos un buen equipo\u00bb, vuelve a decir mientras atiende todas los requerimientos con diligencia y explicando al detalle todas sus acciones a Lorena: \u00abY despu\u00e9s, pase lo que pase, a comunic\u00e1rselo al jefe; es lo m\u00e1s importante\u00bb.<\/p>\n","protected":false},"excerpt":{"rendered":"<p>Cuatro j\u00f3venes profesionales compartieron una jornada de formaci\u00f3n con los responsables de las grandes \u00e1reas del Mutua Madrile\u00f1a Madrid Open. Infoempleo estuvo con ellos en todo momento para dar testimonio de esta clase tan especial.<\/p>\n","protected":false},"author":35,"featured_media":31814,"comment_status":"closed","ping_status":"open","sticky":false,"template":"","format":"standard","meta":{"footnotes":""},"categories":[3051],"tags":[1482,445],"class_list":["post-9160","post","type-post","status-publish","format-standard","has-post-thumbnail","hentry","category-eventos","tag-adecco-experience-day","tag-deporte"],"yoast_head":"<!-- This site is optimized with the Yoast SEO plugin v26.1.1 - https:\/\/yoast.com\/wordpress\/plugins\/seo\/ -->\n<title>Un d\u00eda entre maestros | HRTRENDS<\/title>\n<meta name=\"robots\" content=\"index, follow, max-snippet:-1, max-image-preview:large, max-video-preview:-1\" \/>\n<link rel=\"canonical\" href=\"https:\/\/empresas.infoempleo.com\/hrtrends\/un-dia-entre-maestros\/\" \/>\n<meta property=\"og:locale\" content=\"es_ES\" \/>\n<meta property=\"og:type\" content=\"article\" \/>\n<meta property=\"og:title\" content=\"Un d\u00eda entre maestros | HRTRENDS\" \/>\n<meta property=\"og:description\" content=\"Cuatro j\u00f3venes profesionales compartieron una jornada de formaci\u00f3n con los responsables de las grandes \u00e1reas del Mutua Madrile\u00f1a Madrid Open. Infoempleo estuvo con ellos en todo momento para dar testimonio de esta clase tan especial.\" \/>\n<meta property=\"og:url\" content=\"https:\/\/empresas.infoempleo.com\/hrtrends\/un-dia-entre-maestros\/\" \/>\n<meta property=\"og:site_name\" content=\"HRTRENDS\" \/>\n<meta property=\"article:publisher\" content=\"https:\/\/www.facebook.com\/Infoempleo\" \/>\n<meta property=\"article:published_time\" content=\"2010-05-17T07:18:09+00:00\" \/>\n<meta property=\"article:modified_time\" content=\"2024-08-29T15:40:25+00:00\" \/>\n<meta property=\"og:image\" content=\"https:\/\/empresas.infoempleo.com\/hrtrends\/media\/2010\/05\/sun-ball-tennis-court.jpg\" \/>\n\t<meta property=\"og:image:width\" content=\"1140\" \/>\n\t<meta property=\"og:image:height\" content=\"855\" \/>\n\t<meta property=\"og:image:type\" content=\"image\/jpeg\" \/>\n<meta name=\"author\" content=\"Laura de Cubas\" \/>\n<meta name=\"twitter:card\" content=\"summary_large_image\" \/>\n<meta name=\"twitter:creator\" content=\"@infoempleo\" \/>\n<meta name=\"twitter:site\" content=\"@infoempleo\" \/>\n<meta name=\"twitter:label1\" content=\"Escrito por\" \/>\n\t<meta name=\"twitter:data1\" content=\"Laura de Cubas\" \/>\n\t<meta name=\"twitter:label2\" content=\"Tiempo de lectura\" \/>\n\t<meta name=\"twitter:data2\" content=\"7 minutos\" \/>\n<script type=\"application\/ld+json\" class=\"yoast-schema-graph\">{\"@context\":\"https:\/\/schema.org\",\"@graph\":[{\"@type\":\"NewsArticle\",\"@id\":\"https:\/\/empresas.infoempleo.com\/hrtrends\/un-dia-entre-maestros\/#article\",\"isPartOf\":{\"@id\":\"https:\/\/empresas.infoempleo.com\/hrtrends\/un-dia-entre-maestros\/\"},\"author\":{\"name\":\"Laura de Cubas\",\"@id\":\"https:\/\/empresas.infoempleo.com\/hrtrends\/#\/schema\/person\/eee830fc2082cd3b52302e59ea0d2c05\"},\"headline\":\"Un d\u00eda entre maestros\",\"datePublished\":\"2010-05-17T07:18:09+00:00\",\"dateModified\":\"2024-08-29T15:40:25+00:00\",\"mainEntityOfPage\":{\"@id\":\"https:\/\/empresas.infoempleo.com\/hrtrends\/un-dia-entre-maestros\/\"},\"wordCount\":1436,\"publisher\":{\"@id\":\"https:\/\/empresas.infoempleo.com\/hrtrends\/#organization\"},\"image\":{\"@id\":\"https:\/\/empresas.infoempleo.com\/hrtrends\/un-dia-entre-maestros\/#primaryimage\"},\"thumbnailUrl\":\"https:\/\/empresas.infoempleo.com\/hrtrends\/media\/2010\/05\/sun-ball-tennis-court.jpg\",\"keywords\":[\"Adecco Experience Day\",\"deporte\"],\"articleSection\":[\"Eventos\"],\"inLanguage\":\"es\",\"copyrightYear\":\"2010\",\"copyrightHolder\":{\"@id\":\"https:\/\/empresas.infoempleo.com\/hrtrends\/#organization\"}},{\"@type\":\"WebPage\",\"@id\":\"https:\/\/empresas.infoempleo.com\/hrtrends\/un-dia-entre-maestros\/\",\"url\":\"https:\/\/empresas.infoempleo.com\/hrtrends\/un-dia-entre-maestros\/\",\"name\":\"Un d\u00eda entre maestros | HRTRENDS\",\"isPartOf\":{\"@id\":\"https:\/\/empresas.infoempleo.com\/hrtrends\/#website\"},\"primaryImageOfPage\":{\"@id\":\"https:\/\/empresas.infoempleo.com\/hrtrends\/un-dia-entre-maestros\/#primaryimage\"},\"image\":{\"@id\":\"https:\/\/empresas.infoempleo.com\/hrtrends\/un-dia-entre-maestros\/#primaryimage\"},\"thumbnailUrl\":\"https:\/\/empresas.infoempleo.com\/hrtrends\/media\/2010\/05\/sun-ball-tennis-court.jpg\",\"datePublished\":\"2010-05-17T07:18:09+00:00\",\"dateModified\":\"2024-08-29T15:40:25+00:00\",\"breadcrumb\":{\"@id\":\"https:\/\/empresas.infoempleo.com\/hrtrends\/un-dia-entre-maestros\/#breadcrumb\"},\"inLanguage\":\"es\",\"potentialAction\":[{\"@type\":\"ReadAction\",\"target\":[\"https:\/\/empresas.infoempleo.com\/hrtrends\/un-dia-entre-maestros\/\"]}]},{\"@type\":\"ImageObject\",\"inLanguage\":\"es\",\"@id\":\"https:\/\/empresas.infoempleo.com\/hrtrends\/un-dia-entre-maestros\/#primaryimage\",\"url\":\"https:\/\/empresas.infoempleo.com\/hrtrends\/media\/2010\/05\/sun-ball-tennis-court-150x150.jpg\",\"contentUrl\":\"https:\/\/empresas.infoempleo.com\/hrtrends\/media\/2010\/05\/sun-ball-tennis-court-150x150.jpg\",\"width\":150,\"height\":150},{\"@type\":\"BreadcrumbList\",\"@id\":\"https:\/\/empresas.infoempleo.com\/hrtrends\/un-dia-entre-maestros\/#breadcrumb\",\"itemListElement\":[{\"@type\":\"ListItem\",\"position\":1,\"name\":\"Portada\",\"item\":\"https:\/\/empresas.infoempleo.com\/hrtrends\/\"},{\"@type\":\"ListItem\",\"position\":2,\"name\":\"Un d\u00eda entre maestros\"}]},{\"@type\":\"WebSite\",\"@id\":\"https:\/\/empresas.infoempleo.com\/hrtrends\/#website\",\"url\":\"https:\/\/empresas.infoempleo.com\/hrtrends\",\"name\":\"HRTrends by Infoempleo\",\"description\":\"\",\"publisher\":{\"@id\":\"https:\/\/empresas.infoempleo.com\/hrtrends\/#organization\"},\"potentialAction\":{\"@type\":\"SearchAction\",\"target\":\"https:\/\/empresas.infoempleo.com\/hrtrends\/?s={search_term_string}\",\"query-input\":\"required name=search_term_string\"},\"inLanguage\":\"es\"},{\"@type\":\"Organization\",\"@id\":\"https:\/\/empresas.infoempleo.com\/hrtrends\/#organization\",\"name\":\"Infoempleo\",\"url\":\"https:\/\/www.infoempleo.com\/\",\"logo\":{\"@type\":\"ImageObject\",\"@id\":\"https:\/\/empresas.infoempleo.com\/hrtrends\/#logo\",\"inLanguage\":\"es\",\"url\":\"https:\/\/cdnazure.infoempleo.com\/infoempleo\/assets\/style\/gfx\/logo.svg\",\"contentUrl\":\"https:\/\/cdnazure.infoempleo.com\/infoempleo\/assets\/style\/gfx\/logo.svg\",\"width\":150,\"height\":40,\"caption\":\"Infoempleo\"},\"image\":{\"@id\":\"https:\/\/empresas.infoempleo.com\/hrtrends\/#logo\"},\"sameAs\":[\"https:\/\/www.facebook.com\/Infoempleo\",\"https:\/\/x.com\/infoempleo\",\"http:\/\/instagram.com\/infoempleo\/\",\"http:\/\/www.linkedin.com\/groups\/Empleo-Espa\u00f1a-Infoempleocom-111276\",\"http:\/\/pinterest.com\/infoempleo\/\"],\"address\":{\"@type\":\"PostalAddress\",\"addressLocality\":\"Madrid\",\"postalCode\":\"28050\",\"streetAddress\":\"Avenida de Burgos 114\"},\"brand\":[\"Infoempleo\"]},{\"@type\":\"Person\",\"@id\":\"https:\/\/empresas.infoempleo.com\/hrtrends\/#\/schema\/person\/eee830fc2082cd3b52302e59ea0d2c05\",\"name\":\"Laura de Cubas\",\"image\":{\"@type\":\"ImageObject\",\"inLanguage\":\"es\",\"@id\":\"https:\/\/empresas.infoempleo.com\/hrtrends\/#\/schema\/person\/image\/\",\"url\":\"https:\/\/secure.gravatar.com\/avatar\/c13d88dcd67943e13f74372e711c3ba2accf296b195ba5dd59566bd5f5df94c8?s=96&d=mm&r=g\",\"contentUrl\":\"https:\/\/secure.gravatar.com\/avatar\/c13d88dcd67943e13f74372e711c3ba2accf296b195ba5dd59566bd5f5df94c8?s=96&d=mm&r=g\",\"caption\":\"Laura de Cubas\"},\"url\":\"https:\/\/empresas.infoempleo.com\/hrtrends\/author\/laura-de-cubas\/\"}]}<\/script>\n<!-- \/ Yoast SEO plugin. -->","yoast_head_json":{"title":"Un d\u00eda entre maestros | HRTRENDS","robots":{"index":"index","follow":"follow","max-snippet":"max-snippet:-1","max-image-preview":"max-image-preview:large","max-video-preview":"max-video-preview:-1"},"canonical":"https:\/\/empresas.infoempleo.com\/hrtrends\/un-dia-entre-maestros\/","og_locale":"es_ES","og_type":"article","og_title":"Un d\u00eda entre maestros | HRTRENDS","og_description":"Cuatro j\u00f3venes profesionales compartieron una jornada de formaci\u00f3n con los responsables de las grandes \u00e1reas del Mutua Madrile\u00f1a Madrid Open. Infoempleo estuvo con ellos en todo momento para dar testimonio de esta clase tan especial.","og_url":"https:\/\/empresas.infoempleo.com\/hrtrends\/un-dia-entre-maestros\/","og_site_name":"HRTRENDS","article_publisher":"https:\/\/www.facebook.com\/Infoempleo","article_published_time":"2010-05-17T07:18:09+00:00","article_modified_time":"2024-08-29T15:40:25+00:00","og_image":[{"width":1140,"height":855,"url":"https:\/\/empresas.infoempleo.com\/hrtrends\/media\/2010\/05\/sun-ball-tennis-court.jpg","type":"image\/jpeg"}],"author":"Laura de Cubas","twitter_card":"summary_large_image","twitter_creator":"@infoempleo","twitter_site":"@infoempleo","twitter_misc":{"Escrito por":"Laura de Cubas","Tiempo de lectura":"7 minutos"},"schema":{"@context":"https:\/\/schema.org","@graph":[{"@type":"NewsArticle","@id":"https:\/\/empresas.infoempleo.com\/hrtrends\/un-dia-entre-maestros\/#article","isPartOf":{"@id":"https:\/\/empresas.infoempleo.com\/hrtrends\/un-dia-entre-maestros\/"},"author":{"name":"Laura de Cubas","@id":"https:\/\/empresas.infoempleo.com\/hrtrends\/#\/schema\/person\/eee830fc2082cd3b52302e59ea0d2c05"},"headline":"Un d\u00eda entre maestros","datePublished":"2010-05-17T07:18:09+00:00","dateModified":"2024-08-29T15:40:25+00:00","mainEntityOfPage":{"@id":"https:\/\/empresas.infoempleo.com\/hrtrends\/un-dia-entre-maestros\/"},"wordCount":1436,"publisher":{"@id":"https:\/\/empresas.infoempleo.com\/hrtrends\/#organization"},"image":{"@id":"https:\/\/empresas.infoempleo.com\/hrtrends\/un-dia-entre-maestros\/#primaryimage"},"thumbnailUrl":"https:\/\/empresas.infoempleo.com\/hrtrends\/media\/2010\/05\/sun-ball-tennis-court.jpg","keywords":["Adecco Experience Day","deporte"],"articleSection":["Eventos"],"inLanguage":"es","copyrightYear":"2010","copyrightHolder":{"@id":"https:\/\/empresas.infoempleo.com\/hrtrends\/#organization"}},{"@type":"WebPage","@id":"https:\/\/empresas.infoempleo.com\/hrtrends\/un-dia-entre-maestros\/","url":"https:\/\/empresas.infoempleo.com\/hrtrends\/un-dia-entre-maestros\/","name":"Un d\u00eda entre maestros | HRTRENDS","isPartOf":{"@id":"https:\/\/empresas.infoempleo.com\/hrtrends\/#website"},"primaryImageOfPage":{"@id":"https:\/\/empresas.infoempleo.com\/hrtrends\/un-dia-entre-maestros\/#primaryimage"},"image":{"@id":"https:\/\/empresas.infoempleo.com\/hrtrends\/un-dia-entre-maestros\/#primaryimage"},"thumbnailUrl":"https:\/\/empresas.infoempleo.com\/hrtrends\/media\/2010\/05\/sun-ball-tennis-court.jpg","datePublished":"2010-05-17T07:18:09+00:00","dateModified":"2024-08-29T15:40:25+00:00","breadcrumb":{"@id":"https:\/\/empresas.infoempleo.com\/hrtrends\/un-dia-entre-maestros\/#breadcrumb"},"inLanguage":"es","potentialAction":[{"@type":"ReadAction","target":["https:\/\/empresas.infoempleo.com\/hrtrends\/un-dia-entre-maestros\/"]}]},{"@type":"ImageObject","inLanguage":"es","@id":"https:\/\/empresas.infoempleo.com\/hrtrends\/un-dia-entre-maestros\/#primaryimage","url":"https:\/\/empresas.infoempleo.com\/hrtrends\/media\/2010\/05\/sun-ball-tennis-court-150x150.jpg","contentUrl":"https:\/\/empresas.infoempleo.com\/hrtrends\/media\/2010\/05\/sun-ball-tennis-court-150x150.jpg","width":150,"height":150},{"@type":"BreadcrumbList","@id":"https:\/\/empresas.infoempleo.com\/hrtrends\/un-dia-entre-maestros\/#breadcrumb","itemListElement":[{"@type":"ListItem","position":1,"name":"Portada","item":"https:\/\/empresas.infoempleo.com\/hrtrends\/"},{"@type":"ListItem","position":2,"name":"Un d\u00eda entre maestros"}]},{"@type":"WebSite","@id":"https:\/\/empresas.infoempleo.com\/hrtrends\/#website","url":"https:\/\/empresas.infoempleo.com\/hrtrends","name":"HRTrends by Infoempleo","description":"","publisher":{"@id":"https:\/\/empresas.infoempleo.com\/hrtrends\/#organization"},"potentialAction":{"@type":"SearchAction","target":"https:\/\/empresas.infoempleo.com\/hrtrends\/?s={search_term_string}","query-input":"required name=search_term_string"},"inLanguage":"es"},{"@type":"Organization","@id":"https:\/\/empresas.infoempleo.com\/hrtrends\/#organization","name":"Infoempleo","url":"https:\/\/www.infoempleo.com\/","logo":{"@type":"ImageObject","@id":"https:\/\/empresas.infoempleo.com\/hrtrends\/#logo","inLanguage":"es","url":"https:\/\/cdnazure.infoempleo.com\/infoempleo\/assets\/style\/gfx\/logo.svg","contentUrl":"https:\/\/cdnazure.infoempleo.com\/infoempleo\/assets\/style\/gfx\/logo.svg","width":150,"height":40,"caption":"Infoempleo"},"image":{"@id":"https:\/\/empresas.infoempleo.com\/hrtrends\/#logo"},"sameAs":["https:\/\/www.facebook.com\/Infoempleo","https:\/\/x.com\/infoempleo","http:\/\/instagram.com\/infoempleo\/","http:\/\/www.linkedin.com\/groups\/Empleo-Espa\u00f1a-Infoempleocom-111276","http:\/\/pinterest.com\/infoempleo\/"],"address":{"@type":"PostalAddress","addressLocality":"Madrid","postalCode":"28050","streetAddress":"Avenida de Burgos 114"},"brand":["Infoempleo"]},{"@type":"Person","@id":"https:\/\/empresas.infoempleo.com\/hrtrends\/#\/schema\/person\/eee830fc2082cd3b52302e59ea0d2c05","name":"Laura de Cubas","image":{"@type":"ImageObject","inLanguage":"es","@id":"https:\/\/empresas.infoempleo.com\/hrtrends\/#\/schema\/person\/image\/","url":"https:\/\/secure.gravatar.com\/avatar\/c13d88dcd67943e13f74372e711c3ba2accf296b195ba5dd59566bd5f5df94c8?s=96&d=mm&r=g","contentUrl":"https:\/\/secure.gravatar.com\/avatar\/c13d88dcd67943e13f74372e711c3ba2accf296b195ba5dd59566bd5f5df94c8?s=96&d=mm&r=g","caption":"Laura de Cubas"},"url":"https:\/\/empresas.infoempleo.com\/hrtrends\/author\/laura-de-cubas\/"}]}},"amp_enabled":true,"_links":{"self":[{"href":"https:\/\/empresas.infoempleo.com\/hrtrends\/wp-json\/wp\/v2\/posts\/9160","targetHints":{"allow":["GET"]}}],"collection":[{"href":"https:\/\/empresas.infoempleo.com\/hrtrends\/wp-json\/wp\/v2\/posts"}],"about":[{"href":"https:\/\/empresas.infoempleo.com\/hrtrends\/wp-json\/wp\/v2\/types\/post"}],"author":[{"embeddable":true,"href":"https:\/\/empresas.infoempleo.com\/hrtrends\/wp-json\/wp\/v2\/users\/35"}],"replies":[{"embeddable":true,"href":"https:\/\/empresas.infoempleo.com\/hrtrends\/wp-json\/wp\/v2\/comments?post=9160"}],"version-history":[{"count":6,"href":"https:\/\/empresas.infoempleo.com\/hrtrends\/wp-json\/wp\/v2\/posts\/9160\/revisions"}],"predecessor-version":[{"id":44797,"href":"https:\/\/empresas.infoempleo.com\/hrtrends\/wp-json\/wp\/v2\/posts\/9160\/revisions\/44797"}],"wp:featuredmedia":[{"embeddable":true,"href":"https:\/\/empresas.infoempleo.com\/hrtrends\/wp-json\/wp\/v2\/media\/31814"}],"wp:attachment":[{"href":"https:\/\/empresas.infoempleo.com\/hrtrends\/wp-json\/wp\/v2\/media?parent=9160"}],"wp:term":[{"taxonomy":"category","embeddable":true,"href":"https:\/\/empresas.infoempleo.com\/hrtrends\/wp-json\/wp\/v2\/categories?post=9160"},{"taxonomy":"post_tag","embeddable":true,"href":"https:\/\/empresas.infoempleo.com\/hrtrends\/wp-json\/wp\/v2\/tags?post=9160"}],"curies":[{"name":"wp","href":"https:\/\/api.w.org\/{rel}","templated":true}]}}