{"id":9122,"date":"2010-05-17T08:51:34","date_gmt":"2010-05-17T07:51:34","guid":{"rendered":"http:\/\/blog.infoempleo.com\/?p=9122"},"modified":"2025-10-28T17:58:09","modified_gmt":"2025-10-28T15:58:09","slug":"nuevos-profesionales-en-sus-puestos-42","status":"publish","type":"post","link":"https:\/\/empresas.infoempleo.com\/hrtrends\/nuevos-profesionales-en-sus-puestos-42\/","title":{"rendered":"Nuevos profesionales en sus puestos"},"content":{"rendered":"<p><img loading=\"lazy\" decoding=\"async\" class=\"alignnone size-full wp-image-9123\" src=\"https:\/\/empresas.infoempleo.com\/hrtrends\/media\/2010\/05\/nom111.jpg\" alt=\"Carlos Abad\" width=\"112\" height=\"137\" \/><\/p>\n<p><strong>Carlos Abad, consejero delegado de Arthur D. Little<\/strong><\/p>\n<p>Con anterioridad, Carlos Abad, que es miembro de la Junta Directiva del C\u00edrculo de Empresarios,\u00a0ocup\u00f3 el cargo de director general de Canal + y posteriormente el de director general de Sogecable. Anteriormente, trabaj\u00f3 durante 11 a\u00f1os en la firma de consultor\u00eda McKinsey&amp;Co, donde fue nombrado socio en 1988.<\/p>\n<p>Es licenciado en Ciencias Empresariales por la Universidad Complutense de Madrid y MBA por la Universidad de Columbia (Nueva York). Fue becario Fulbright\/Banco de Bilbao y en 1983 obtuvo el \u201cWall Street Journal Award\u201d al mejor alumno de finanzas de su promoci\u00f3n en la Universidad de Columbia.<\/p>\n<p>\u00a0<\/p>\n<p><img loading=\"lazy\" decoding=\"async\" class=\"alignnone size-full wp-image-9124\" src=\"https:\/\/empresas.infoempleo.com\/hrtrends\/media\/2010\/05\/nom211.jpg\" alt=\"Belinda Hutchinson\" width=\"112\" height=\"137\" \/><\/p>\n<p><strong>Belinda Hutchinson, presidente de QBE<\/strong><\/p>\n<p>QBE, la mayor aseguradora australiana y una de las mayores del mundo, ha hecho p\u00fablico el nombramiento de Belinda Hutchinson, como Presidente de su Consejo de Administraci\u00f3n.<\/p>\n<p>Belinda Hutchinson fue nombrada Consejera de QBE en 1997 y es Presidente del Comit\u00e9 de Inversiones.<\/p>\n<p>\u00a0<\/p>\n<p><strong>Juan Antonio Zufiria, presidente del <a class=\"wp-caption-dd\" title=\"Club excelencia gestion\" href=\"https:\/\/clubexcelencia.org\/\" target=\"_blank\" rel=\"noopener\">Club Excelencia en Gesti\u00f3n<\/a><\/strong><\/p>\n<p>Zufiria, presidente de IBM para Espa\u00f1a, Portugal, Grecia e Israel, es doctor en Ingenier\u00eda Aeron\u00e1utica por la Universidad Polit\u00e9cnica de Madrid, Ph.D en Matem\u00e1ticas Aplicadas por el Instituto de Tecnolog\u00eda de California, y MBA por la London School of Economics.<\/p>\n<p>Su carrera profesional se ha desarrollado en IBM, donde se incorpor\u00f3 en 1987 como investigador en el departamento de Ciencias Matem\u00e1ticas del Centro de Investigaci\u00f3n Thomas Watson de IBM, en Nueva York. Desde entonces, ha ocupado varios puestos profesionales y directivos en IBM tanto en Espa\u00f1a como a nivel internacional.<\/p>\n<p>\u00a0<\/p>\n<p><img loading=\"lazy\" decoding=\"async\" class=\"alignnone size-full wp-image-9129\" src=\"https:\/\/empresas.infoempleo.com\/hrtrends\/media\/2010\/05\/nom411.jpg\" alt=\"Sergio Arenas\" width=\"112\" height=\"137\" \/><\/p>\n<p><strong>Sergio Arenas Corujo, consultor de Operaciones de <a class=\"wp-caption-dd\" title=\"Alfa Consulting\" href=\"https:\/\/alfaconsulting.com\/\" target=\"_blank\" rel=\"noopener\">Alfa Consulting<\/a><\/strong><\/p>\n<p>Hasta su promoci\u00f3n, ocupaba el puesto de ingeniero de Producci\u00f3n de Redback Mining INC.. Como consultor de Alfa Consulting, ser\u00e1 responsable de liderar proyectos de mejora para la gesti\u00f3n de las operaciones, implementando cambios y asesorando a los clientes en la toma de decisiones.<\/p>\n<p>Arenas\u00a0es ingeniero de Minas y T\u00e9cnico Superior en Prevenci\u00f3n y Seguridad de Riesgos Laborales, por la Escuela T\u00e9cnica Superior de Ingenieros de Minas de Oviedo. Tambi\u00e9n cuenta con un International MBA por IE Business School.<\/p>\n","protected":false},"excerpt":{"rendered":"<p>Carlos Abad, consejero delegado de Arthur D. Little Con anterioridad, Carlos Abad, que es miembro de la Junta<a class=\"moretag\" href=\"https:\/\/empresas.infoempleo.com\/hrtrends\/nuevos-profesionales-en-sus-puestos-42\/\"> Leer m\u00e1s<\/a><\/p>\n","protected":false},"author":72,"featured_media":29665,"comment_status":"closed","ping_status":"open","sticky":false,"template":"","format":"standard","meta":{"footnotes":""},"categories":[3],"tags":[1257,1744,15,177,231,1171,178,46],"class_list":["post-9122","post","type-post","status-publish","format-standard","has-post-thumbnail","hentry","category-actualidad","tag-alfa-consulting","tag-arthur-d-little","tag-directivo","tag-director","tag-ibm","tag-ie-business-school","tag-nombramientos","tag-trayectoria"],"yoast_head":"<!-- This site is optimized with the Yoast SEO plugin v26.1.1 - https:\/\/yoast.com\/wordpress\/plugins\/seo\/ -->\n<title>Nuevos profesionales en sus puestos | HRTRENDS<\/title>\n<meta name=\"robots\" content=\"index, follow, max-snippet:-1, max-image-preview:large, max-video-preview:-1\" \/>\n<link rel=\"canonical\" href=\"https:\/\/empresas.infoempleo.com\/hrtrends\/nuevos-profesionales-en-sus-puestos-42\/\" \/>\n<meta property=\"og:locale\" content=\"es_ES\" \/>\n<meta property=\"og:type\" content=\"article\" \/>\n<meta property=\"og:title\" content=\"Nuevos profesionales en sus puestos | HRTRENDS\" \/>\n<meta property=\"og:description\" content=\"Carlos Abad, consejero delegado de Arthur D. Little Con anterioridad, Carlos Abad, que es miembro de la Junta Leer m\u00e1s\" \/>\n<meta property=\"og:url\" content=\"https:\/\/empresas.infoempleo.com\/hrtrends\/nuevos-profesionales-en-sus-puestos-42\/\" \/>\n<meta property=\"og:site_name\" content=\"HRTRENDS\" \/>\n<meta property=\"article:publisher\" content=\"https:\/\/www.facebook.com\/Infoempleo\" \/>\n<meta property=\"article:published_time\" content=\"2010-05-17T07:51:34+00:00\" \/>\n<meta property=\"article:modified_time\" content=\"2025-10-28T15:58:09+00:00\" \/>\n<meta property=\"og:image\" content=\"https:\/\/empresas.infoempleo.com\/hrtrends\/media\/2017\/05\/pexels-photo-205508.jpg\" \/>\n\t<meta property=\"og:image:width\" content=\"1280\" \/>\n\t<meta property=\"og:image:height\" content=\"960\" \/>\n\t<meta property=\"og:image:type\" content=\"image\/jpeg\" \/>\n<meta name=\"author\" content=\"infoempleo\" \/>\n<meta name=\"twitter:card\" content=\"summary_large_image\" \/>\n<meta name=\"twitter:creator\" content=\"@infoempleo\" \/>\n<meta name=\"twitter:site\" content=\"@infoempleo\" \/>\n<meta name=\"twitter:label1\" content=\"Escrito por\" \/>\n\t<meta name=\"twitter:data1\" content=\"infoempleo\" \/>\n\t<meta name=\"twitter:label2\" content=\"Tiempo de lectura\" \/>\n\t<meta name=\"twitter:data2\" content=\"2 minutos\" \/>\n<script type=\"application\/ld+json\" class=\"yoast-schema-graph\">{\"@context\":\"https:\/\/schema.org\",\"@graph\":[{\"@type\":\"NewsArticle\",\"@id\":\"https:\/\/empresas.infoempleo.com\/hrtrends\/nuevos-profesionales-en-sus-puestos-42\/#article\",\"isPartOf\":{\"@id\":\"https:\/\/empresas.infoempleo.com\/hrtrends\/nuevos-profesionales-en-sus-puestos-42\/\"},\"author\":{\"name\":\"infoempleo\",\"@id\":\"https:\/\/empresas.infoempleo.com\/hrtrends\/#\/schema\/person\/67d3e276ffcc8b3ae0ebec816daf775a\"},\"headline\":\"Nuevos profesionales en sus puestos\",\"datePublished\":\"2010-05-17T07:51:34+00:00\",\"dateModified\":\"2025-10-28T15:58:09+00:00\",\"mainEntityOfPage\":{\"@id\":\"https:\/\/empresas.infoempleo.com\/hrtrends\/nuevos-profesionales-en-sus-puestos-42\/\"},\"wordCount\":366,\"publisher\":{\"@id\":\"https:\/\/empresas.infoempleo.com\/hrtrends\/#organization\"},\"image\":{\"@id\":\"https:\/\/empresas.infoempleo.com\/hrtrends\/nuevos-profesionales-en-sus-puestos-42\/#primaryimage\"},\"thumbnailUrl\":\"https:\/\/empresas.infoempleo.com\/hrtrends\/media\/2017\/05\/pexels-photo-205508.jpg\",\"keywords\":[\"Alfa Consulting\",\"Arthur D. Little\",\"directivo\",\"director\",\"IBM\",\"IE Business School\",\"Nombramientos\",\"trayectoria\"],\"articleSection\":[\"Actualidad\"],\"inLanguage\":\"es\",\"copyrightYear\":\"2010\",\"copyrightHolder\":{\"@id\":\"https:\/\/empresas.infoempleo.com\/hrtrends\/#organization\"}},{\"@type\":\"WebPage\",\"@id\":\"https:\/\/empresas.infoempleo.com\/hrtrends\/nuevos-profesionales-en-sus-puestos-42\/\",\"url\":\"https:\/\/empresas.infoempleo.com\/hrtrends\/nuevos-profesionales-en-sus-puestos-42\/\",\"name\":\"Nuevos profesionales en sus puestos | HRTRENDS\",\"isPartOf\":{\"@id\":\"https:\/\/empresas.infoempleo.com\/hrtrends\/#website\"},\"primaryImageOfPage\":{\"@id\":\"https:\/\/empresas.infoempleo.com\/hrtrends\/nuevos-profesionales-en-sus-puestos-42\/#primaryimage\"},\"image\":{\"@id\":\"https:\/\/empresas.infoempleo.com\/hrtrends\/nuevos-profesionales-en-sus-puestos-42\/#primaryimage\"},\"thumbnailUrl\":\"https:\/\/empresas.infoempleo.com\/hrtrends\/media\/2017\/05\/pexels-photo-205508.jpg\",\"datePublished\":\"2010-05-17T07:51:34+00:00\",\"dateModified\":\"2025-10-28T15:58:09+00:00\",\"breadcrumb\":{\"@id\":\"https:\/\/empresas.infoempleo.com\/hrtrends\/nuevos-profesionales-en-sus-puestos-42\/#breadcrumb\"},\"inLanguage\":\"es\",\"potentialAction\":[{\"@type\":\"ReadAction\",\"target\":[\"https:\/\/empresas.infoempleo.com\/hrtrends\/nuevos-profesionales-en-sus-puestos-42\/\"]}]},{\"@type\":\"ImageObject\",\"inLanguage\":\"es\",\"@id\":\"https:\/\/empresas.infoempleo.com\/hrtrends\/nuevos-profesionales-en-sus-puestos-42\/#primaryimage\",\"url\":\"https:\/\/empresas.infoempleo.com\/hrtrends\/media\/2017\/05\/pexels-photo-205508-150x150.jpg\",\"contentUrl\":\"https:\/\/empresas.infoempleo.com\/hrtrends\/media\/2017\/05\/pexels-photo-205508-150x150.jpg\",\"width\":150,\"height\":150},{\"@type\":\"BreadcrumbList\",\"@id\":\"https:\/\/empresas.infoempleo.com\/hrtrends\/nuevos-profesionales-en-sus-puestos-42\/#breadcrumb\",\"itemListElement\":[{\"@type\":\"ListItem\",\"position\":1,\"name\":\"Portada\",\"item\":\"https:\/\/empresas.infoempleo.com\/hrtrends\/\"},{\"@type\":\"ListItem\",\"position\":2,\"name\":\"Nuevos profesionales en sus puestos\"}]},{\"@type\":\"WebSite\",\"@id\":\"https:\/\/empresas.infoempleo.com\/hrtrends\/#website\",\"url\":\"https:\/\/empresas.infoempleo.com\/hrtrends\",\"name\":\"HRTrends by Infoempleo\",\"description\":\"\",\"publisher\":{\"@id\":\"https:\/\/empresas.infoempleo.com\/hrtrends\/#organization\"},\"potentialAction\":{\"@type\":\"SearchAction\",\"target\":\"https:\/\/empresas.infoempleo.com\/hrtrends\/?s={search_term_string}\",\"query-input\":\"required name=search_term_string\"},\"inLanguage\":\"es\"},{\"@type\":\"Organization\",\"@id\":\"https:\/\/empresas.infoempleo.com\/hrtrends\/#organization\",\"name\":\"Infoempleo\",\"url\":\"https:\/\/www.infoempleo.com\/\",\"logo\":{\"@type\":\"ImageObject\",\"@id\":\"https:\/\/empresas.infoempleo.com\/hrtrends\/#logo\",\"inLanguage\":\"es\",\"url\":\"https:\/\/cdnazure.infoempleo.com\/infoempleo\/assets\/style\/gfx\/logo.svg\",\"contentUrl\":\"https:\/\/cdnazure.infoempleo.com\/infoempleo\/assets\/style\/gfx\/logo.svg\",\"width\":150,\"height\":40,\"caption\":\"Infoempleo\"},\"image\":{\"@id\":\"https:\/\/empresas.infoempleo.com\/hrtrends\/#logo\"},\"sameAs\":[\"https:\/\/www.facebook.com\/Infoempleo\",\"https:\/\/x.com\/infoempleo\",\"http:\/\/instagram.com\/infoempleo\/\",\"http:\/\/www.linkedin.com\/groups\/Empleo-Espa\u00f1a-Infoempleocom-111276\",\"http:\/\/pinterest.com\/infoempleo\/\"],\"address\":{\"@type\":\"PostalAddress\",\"addressLocality\":\"Madrid\",\"postalCode\":\"28050\",\"streetAddress\":\"Avenida de Burgos 114\"},\"brand\":[\"Infoempleo\"]},{\"@type\":\"Person\",\"@id\":\"https:\/\/empresas.infoempleo.com\/hrtrends\/#\/schema\/person\/67d3e276ffcc8b3ae0ebec816daf775a\",\"name\":\"infoempleo\",\"image\":{\"@type\":\"ImageObject\",\"inLanguage\":\"es\",\"@id\":\"https:\/\/empresas.infoempleo.com\/hrtrends\/#\/schema\/person\/image\/\",\"url\":\"https:\/\/secure.gravatar.com\/avatar\/7b437777242fe67d2473c2a818da2344692d1ee91e91080ccffbd97bcd4a0975?s=96&d=mm&r=g\",\"contentUrl\":\"https:\/\/secure.gravatar.com\/avatar\/7b437777242fe67d2473c2a818da2344692d1ee91e91080ccffbd97bcd4a0975?s=96&d=mm&r=g\",\"caption\":\"infoempleo\"},\"url\":\"https:\/\/empresas.infoempleo.com\/hrtrends\/author\/infoempleo\/\"}]}<\/script>\n<!-- \/ Yoast SEO plugin. -->","yoast_head_json":{"title":"Nuevos profesionales en sus puestos | HRTRENDS","robots":{"index":"index","follow":"follow","max-snippet":"max-snippet:-1","max-image-preview":"max-image-preview:large","max-video-preview":"max-video-preview:-1"},"canonical":"https:\/\/empresas.infoempleo.com\/hrtrends\/nuevos-profesionales-en-sus-puestos-42\/","og_locale":"es_ES","og_type":"article","og_title":"Nuevos profesionales en sus puestos | HRTRENDS","og_description":"Carlos Abad, consejero delegado de Arthur D. Little Con anterioridad, Carlos Abad, que es miembro de la Junta Leer m\u00e1s","og_url":"https:\/\/empresas.infoempleo.com\/hrtrends\/nuevos-profesionales-en-sus-puestos-42\/","og_site_name":"HRTRENDS","article_publisher":"https:\/\/www.facebook.com\/Infoempleo","article_published_time":"2010-05-17T07:51:34+00:00","article_modified_time":"2025-10-28T15:58:09+00:00","og_image":[{"width":1280,"height":960,"url":"https:\/\/empresas.infoempleo.com\/hrtrends\/media\/2017\/05\/pexels-photo-205508.jpg","type":"image\/jpeg"}],"author":"infoempleo","twitter_card":"summary_large_image","twitter_creator":"@infoempleo","twitter_site":"@infoempleo","twitter_misc":{"Escrito por":"infoempleo","Tiempo de lectura":"2 minutos"},"schema":{"@context":"https:\/\/schema.org","@graph":[{"@type":"NewsArticle","@id":"https:\/\/empresas.infoempleo.com\/hrtrends\/nuevos-profesionales-en-sus-puestos-42\/#article","isPartOf":{"@id":"https:\/\/empresas.infoempleo.com\/hrtrends\/nuevos-profesionales-en-sus-puestos-42\/"},"author":{"name":"infoempleo","@id":"https:\/\/empresas.infoempleo.com\/hrtrends\/#\/schema\/person\/67d3e276ffcc8b3ae0ebec816daf775a"},"headline":"Nuevos profesionales en sus puestos","datePublished":"2010-05-17T07:51:34+00:00","dateModified":"2025-10-28T15:58:09+00:00","mainEntityOfPage":{"@id":"https:\/\/empresas.infoempleo.com\/hrtrends\/nuevos-profesionales-en-sus-puestos-42\/"},"wordCount":366,"publisher":{"@id":"https:\/\/empresas.infoempleo.com\/hrtrends\/#organization"},"image":{"@id":"https:\/\/empresas.infoempleo.com\/hrtrends\/nuevos-profesionales-en-sus-puestos-42\/#primaryimage"},"thumbnailUrl":"https:\/\/empresas.infoempleo.com\/hrtrends\/media\/2017\/05\/pexels-photo-205508.jpg","keywords":["Alfa Consulting","Arthur D. Little","directivo","director","IBM","IE Business School","Nombramientos","trayectoria"],"articleSection":["Actualidad"],"inLanguage":"es","copyrightYear":"2010","copyrightHolder":{"@id":"https:\/\/empresas.infoempleo.com\/hrtrends\/#organization"}},{"@type":"WebPage","@id":"https:\/\/empresas.infoempleo.com\/hrtrends\/nuevos-profesionales-en-sus-puestos-42\/","url":"https:\/\/empresas.infoempleo.com\/hrtrends\/nuevos-profesionales-en-sus-puestos-42\/","name":"Nuevos profesionales en sus puestos | HRTRENDS","isPartOf":{"@id":"https:\/\/empresas.infoempleo.com\/hrtrends\/#website"},"primaryImageOfPage":{"@id":"https:\/\/empresas.infoempleo.com\/hrtrends\/nuevos-profesionales-en-sus-puestos-42\/#primaryimage"},"image":{"@id":"https:\/\/empresas.infoempleo.com\/hrtrends\/nuevos-profesionales-en-sus-puestos-42\/#primaryimage"},"thumbnailUrl":"https:\/\/empresas.infoempleo.com\/hrtrends\/media\/2017\/05\/pexels-photo-205508.jpg","datePublished":"2010-05-17T07:51:34+00:00","dateModified":"2025-10-28T15:58:09+00:00","breadcrumb":{"@id":"https:\/\/empresas.infoempleo.com\/hrtrends\/nuevos-profesionales-en-sus-puestos-42\/#breadcrumb"},"inLanguage":"es","potentialAction":[{"@type":"ReadAction","target":["https:\/\/empresas.infoempleo.com\/hrtrends\/nuevos-profesionales-en-sus-puestos-42\/"]}]},{"@type":"ImageObject","inLanguage":"es","@id":"https:\/\/empresas.infoempleo.com\/hrtrends\/nuevos-profesionales-en-sus-puestos-42\/#primaryimage","url":"https:\/\/empresas.infoempleo.com\/hrtrends\/media\/2017\/05\/pexels-photo-205508-150x150.jpg","contentUrl":"https:\/\/empresas.infoempleo.com\/hrtrends\/media\/2017\/05\/pexels-photo-205508-150x150.jpg","width":150,"height":150},{"@type":"BreadcrumbList","@id":"https:\/\/empresas.infoempleo.com\/hrtrends\/nuevos-profesionales-en-sus-puestos-42\/#breadcrumb","itemListElement":[{"@type":"ListItem","position":1,"name":"Portada","item":"https:\/\/empresas.infoempleo.com\/hrtrends\/"},{"@type":"ListItem","position":2,"name":"Nuevos profesionales en sus puestos"}]},{"@type":"WebSite","@id":"https:\/\/empresas.infoempleo.com\/hrtrends\/#website","url":"https:\/\/empresas.infoempleo.com\/hrtrends","name":"HRTrends by Infoempleo","description":"","publisher":{"@id":"https:\/\/empresas.infoempleo.com\/hrtrends\/#organization"},"potentialAction":{"@type":"SearchAction","target":"https:\/\/empresas.infoempleo.com\/hrtrends\/?s={search_term_string}","query-input":"required name=search_term_string"},"inLanguage":"es"},{"@type":"Organization","@id":"https:\/\/empresas.infoempleo.com\/hrtrends\/#organization","name":"Infoempleo","url":"https:\/\/www.infoempleo.com\/","logo":{"@type":"ImageObject","@id":"https:\/\/empresas.infoempleo.com\/hrtrends\/#logo","inLanguage":"es","url":"https:\/\/cdnazure.infoempleo.com\/infoempleo\/assets\/style\/gfx\/logo.svg","contentUrl":"https:\/\/cdnazure.infoempleo.com\/infoempleo\/assets\/style\/gfx\/logo.svg","width":150,"height":40,"caption":"Infoempleo"},"image":{"@id":"https:\/\/empresas.infoempleo.com\/hrtrends\/#logo"},"sameAs":["https:\/\/www.facebook.com\/Infoempleo","https:\/\/x.com\/infoempleo","http:\/\/instagram.com\/infoempleo\/","http:\/\/www.linkedin.com\/groups\/Empleo-Espa\u00f1a-Infoempleocom-111276","http:\/\/pinterest.com\/infoempleo\/"],"address":{"@type":"PostalAddress","addressLocality":"Madrid","postalCode":"28050","streetAddress":"Avenida de Burgos 114"},"brand":["Infoempleo"]},{"@type":"Person","@id":"https:\/\/empresas.infoempleo.com\/hrtrends\/#\/schema\/person\/67d3e276ffcc8b3ae0ebec816daf775a","name":"infoempleo","image":{"@type":"ImageObject","inLanguage":"es","@id":"https:\/\/empresas.infoempleo.com\/hrtrends\/#\/schema\/person\/image\/","url":"https:\/\/secure.gravatar.com\/avatar\/7b437777242fe67d2473c2a818da2344692d1ee91e91080ccffbd97bcd4a0975?s=96&d=mm&r=g","contentUrl":"https:\/\/secure.gravatar.com\/avatar\/7b437777242fe67d2473c2a818da2344692d1ee91e91080ccffbd97bcd4a0975?s=96&d=mm&r=g","caption":"infoempleo"},"url":"https:\/\/empresas.infoempleo.com\/hrtrends\/author\/infoempleo\/"}]}},"amp_enabled":true,"_links":{"self":[{"href":"https:\/\/empresas.infoempleo.com\/hrtrends\/wp-json\/wp\/v2\/posts\/9122","targetHints":{"allow":["GET"]}}],"collection":[{"href":"https:\/\/empresas.infoempleo.com\/hrtrends\/wp-json\/wp\/v2\/posts"}],"about":[{"href":"https:\/\/empresas.infoempleo.com\/hrtrends\/wp-json\/wp\/v2\/types\/post"}],"author":[{"embeddable":true,"href":"https:\/\/empresas.infoempleo.com\/hrtrends\/wp-json\/wp\/v2\/users\/72"}],"replies":[{"embeddable":true,"href":"https:\/\/empresas.infoempleo.com\/hrtrends\/wp-json\/wp\/v2\/comments?post=9122"}],"version-history":[{"count":3,"href":"https:\/\/empresas.infoempleo.com\/hrtrends\/wp-json\/wp\/v2\/posts\/9122\/revisions"}],"predecessor-version":[{"id":47198,"href":"https:\/\/empresas.infoempleo.com\/hrtrends\/wp-json\/wp\/v2\/posts\/9122\/revisions\/47198"}],"wp:featuredmedia":[{"embeddable":true,"href":"https:\/\/empresas.infoempleo.com\/hrtrends\/wp-json\/wp\/v2\/media\/29665"}],"wp:attachment":[{"href":"https:\/\/empresas.infoempleo.com\/hrtrends\/wp-json\/wp\/v2\/media?parent=9122"}],"wp:term":[{"taxonomy":"category","embeddable":true,"href":"https:\/\/empresas.infoempleo.com\/hrtrends\/wp-json\/wp\/v2\/categories?post=9122"},{"taxonomy":"post_tag","embeddable":true,"href":"https:\/\/empresas.infoempleo.com\/hrtrends\/wp-json\/wp\/v2\/tags?post=9122"}],"curies":[{"name":"wp","href":"https:\/\/api.w.org\/{rel}","templated":true}]}}