{"id":9054,"date":"2010-05-10T09:47:27","date_gmt":"2010-05-10T08:47:27","guid":{"rendered":"http:\/\/blog.infoempleo.com\/?p=9054"},"modified":"2024-11-28T18:14:54","modified_gmt":"2024-11-28T16:14:54","slug":"las-grandes-empresas-tambien-caen-en-las-redes","status":"publish","type":"post","link":"https:\/\/empresas.infoempleo.com\/hrtrends\/las-grandes-empresas-tambien-caen-en-las-redes\/","title":{"rendered":"Las grandes empresas tambi\u00e9n caen en las \u00abredes\u00bb"},"content":{"rendered":"<p>El uso de las redes sociales por parte de las empresas no est\u00e1 a\u00fan muy extendido, pero cada d\u00eda son m\u00e1s las compa\u00f1\u00edas que ven en estas aplicaciones <strong>una manera eficaz, r\u00e1pida y directa de llegar a millones de\u00a0usuarios y potenciales usuarios.<\/strong><\/p>\n<p>Seg\u00fan un estudio mundial realizado por <a title=\"Web del IESE\" href=\"https:\/\/www.iese.edu\/es\" target=\"_blank\" rel=\"noopener\">IESE<\/a> para <a title=\"Web de CISCO\" href=\"https:\/\/www.cisco.com\/\" target=\"_blank\" rel=\"noopener\">Cisco<\/a> sobre c\u00f3mo utilizan las empresas las redes sociales, estas herramientas est\u00e1n llegando de manera imparabel a las \u00e1reas fundamentales de la cadena de valor, como los departamentos de marketing, comunicaci\u00f3n, relaciones humanas y servicio al cliente.<\/p>\n<p>Las peque\u00f1as y medianas empresas usan activamente los canales de las redes sociales para generar clientes potenciales, pero a\u00fan sigue siendo una posibilidad de crecimiento m\u00e1s utilizada por las grandes empresas.<\/p>\n<p><a title=\"Web de PwC\" href=\"https:\/\/www.pwc.es\/\" target=\"_blank\" rel=\"noopener\">PricewaterhouseCoopers<\/a> fue una de las primeras grandes empresas que se embarc\u00f3 en la aventura 2.0. Ahora adem\u00e1s incorpora a su actividad el uso de las redes sociales: Twitter, Facebook y YouTube, adem\u00e1s de cinco blogs impulsados por algunos de sus profesionales.<\/p>\n<p>Con la cuenta corporativa de <a href=\"https:\/\/twitter.com\/PwC_Spain\" target=\"_blank\" rel=\"noopener\">Twitter<\/a>, con alrededor de 800 seguidores, la firma establece un di\u00e1logo directo y a tiempo real tanto con clientes como con todos los stakeholders: medios de comunicaci\u00f3n, profesionales de la firma, asociaciones empresariales, grupos de inter\u00e9s, futuros empleados etc. Twitter tambi\u00e9n ha servido como canal de retransmisi\u00f3n de varios eventos de la firma como la presentaci\u00f3n de los informes <em>Global Entertainment and Media Outlook<\/em> y <em>Tendencias en el mercado inmobiliario en Europa 2010<\/em>. A trav\u00e9s de Facebook, con 200 fans aproximadamente, PwC quiere potenciar el di\u00e1logo con y entre los empleados y, al mismo tiempo, captar el talento y la atenci\u00f3n de los universitarios de \u00faltimo a\u00f1o de carrera, es decir, de potenciales empleados; asimismo, quiere aprovecharse esa red social para promocionar eventos y noticias de la firma. Finalmente, con el canal de <a href=\"https:\/\/www.youtube.com\/\" target=\"_blank\" rel=\"noopener\">YouTube<\/a>, PricewaterhouseCoopers pretende compartir toda la producci\u00f3n audiovisual que se realiza sobre eventos, informes, nuevas soluciones o noticias que ya estaban alojados en la web.<\/p>\n<p>Adem\u00e1s del uso de las redes sociales, PwC <strong>gestiona tambi\u00e9n cinco blogs en los que profesionales de la firma tratan diferentes temas<\/strong>. Estas herramientas permiten entablar un <strong>di\u00e1logo eficaz con los clientes<\/strong>, ya que se analizan conjuntamente con ellos tendencias y aspectos clave para sus\u00a0respectivos sectores. Los blogs actualmente activos son:<\/p>\n<p>\u2022 El blog de Assumpta Zorraquino sobre las nuevas tecnolog\u00edas<\/p>\n<p>\u2022 El blog de Javier Ribas\u00a0que analiza las \u00faltimas tendencias sobre las \u00faltimas novedades en aspectos jur\u00eddicos sobre las tecnolog\u00edas de la informaci\u00f3n.<\/p>\n<p>\u2022 Solo o con leche (externo), el blog de RSC de PwC<\/p>\n<p>\u2022 Cumplimiento Normativo sobre entidades financieras, blog de Antonio Carrascosa, director de cumplimiento Normativos de PwC<\/p>\n<p>\u2022 Blog CoachMe (interno), blog para que los tutores de PwC compartan experiencias e intercambien impresiones.<\/p>\n","protected":false},"excerpt":{"rendered":"<p>El uso de las redes sociales por parte de las empresas no est\u00e1 a\u00fan muy extendido, pero cada<a class=\"moretag\" href=\"https:\/\/empresas.infoempleo.com\/hrtrends\/las-grandes-empresas-tambien-caen-en-las-redes\/\"> Leer m\u00e1s<\/a><\/p>\n","protected":false},"author":47,"featured_media":29665,"comment_status":"closed","ping_status":"open","sticky":false,"template":"","format":"standard","meta":{"footnotes":""},"categories":[3],"tags":[24,281,26,27,28],"class_list":["post-9054","post","type-post","status-publish","format-standard","has-post-thumbnail","hentry","category-actualidad","tag-facebook","tag-pricewaterhousecoopers","tag-redes-sociales","tag-tuenti","tag-youtube"],"yoast_head":"<!-- This site is optimized with the Yoast SEO plugin v26.1.1 - https:\/\/yoast.com\/wordpress\/plugins\/seo\/ -->\n<title>Las grandes empresas tambi\u00e9n caen en las &quot;redes&quot; | HRTRENDS<\/title>\n<meta name=\"robots\" content=\"index, follow, max-snippet:-1, max-image-preview:large, max-video-preview:-1\" \/>\n<link rel=\"canonical\" href=\"https:\/\/empresas.infoempleo.com\/hrtrends\/las-grandes-empresas-tambien-caen-en-las-redes\/\" \/>\n<meta property=\"og:locale\" content=\"es_ES\" \/>\n<meta property=\"og:type\" content=\"article\" \/>\n<meta property=\"og:title\" content=\"Las grandes empresas tambi\u00e9n caen en las &quot;redes&quot; | HRTRENDS\" \/>\n<meta property=\"og:description\" content=\"El uso de las redes sociales por parte de las empresas no est\u00e1 a\u00fan muy extendido, pero cada Leer m\u00e1s\" \/>\n<meta property=\"og:url\" content=\"https:\/\/empresas.infoempleo.com\/hrtrends\/las-grandes-empresas-tambien-caen-en-las-redes\/\" \/>\n<meta property=\"og:site_name\" content=\"HRTRENDS\" \/>\n<meta property=\"article:publisher\" content=\"https:\/\/www.facebook.com\/Infoempleo\" \/>\n<meta property=\"article:published_time\" content=\"2010-05-10T08:47:27+00:00\" \/>\n<meta property=\"article:modified_time\" content=\"2024-11-28T16:14:54+00:00\" \/>\n<meta property=\"og:image\" content=\"https:\/\/empresas.infoempleo.com\/hrtrends\/media\/2017\/05\/pexels-photo-205508.jpg\" \/>\n\t<meta property=\"og:image:width\" content=\"1280\" \/>\n\t<meta property=\"og:image:height\" content=\"960\" \/>\n\t<meta property=\"og:image:type\" content=\"image\/jpeg\" \/>\n<meta name=\"author\" content=\"Marta Toledano\" \/>\n<meta name=\"twitter:card\" content=\"summary_large_image\" \/>\n<meta name=\"twitter:creator\" content=\"@infoempleo\" \/>\n<meta name=\"twitter:site\" content=\"@infoempleo\" \/>\n<meta name=\"twitter:label1\" content=\"Escrito por\" \/>\n\t<meta name=\"twitter:data1\" content=\"Marta Toledano\" \/>\n\t<meta name=\"twitter:label2\" content=\"Tiempo de lectura\" \/>\n\t<meta name=\"twitter:data2\" content=\"2 minutos\" \/>\n<script type=\"application\/ld+json\" class=\"yoast-schema-graph\">{\"@context\":\"https:\/\/schema.org\",\"@graph\":[{\"@type\":\"NewsArticle\",\"@id\":\"https:\/\/empresas.infoempleo.com\/hrtrends\/las-grandes-empresas-tambien-caen-en-las-redes\/#article\",\"isPartOf\":{\"@id\":\"https:\/\/empresas.infoempleo.com\/hrtrends\/las-grandes-empresas-tambien-caen-en-las-redes\/\"},\"author\":{\"name\":\"Marta Toledano\",\"@id\":\"https:\/\/empresas.infoempleo.com\/hrtrends\/#\/schema\/person\/148d627e345a4676aeecce408bfd7761\"},\"headline\":\"Las grandes empresas tambi\u00e9n caen en las \u00abredes\u00bb\",\"datePublished\":\"2010-05-10T08:47:27+00:00\",\"dateModified\":\"2024-11-28T16:14:54+00:00\",\"mainEntityOfPage\":{\"@id\":\"https:\/\/empresas.infoempleo.com\/hrtrends\/las-grandes-empresas-tambien-caen-en-las-redes\/\"},\"wordCount\":485,\"publisher\":{\"@id\":\"https:\/\/empresas.infoempleo.com\/hrtrends\/#organization\"},\"image\":{\"@id\":\"https:\/\/empresas.infoempleo.com\/hrtrends\/las-grandes-empresas-tambien-caen-en-las-redes\/#primaryimage\"},\"thumbnailUrl\":\"https:\/\/empresas.infoempleo.com\/hrtrends\/media\/2017\/05\/pexels-photo-205508.jpg\",\"keywords\":[\"Facebook\",\"PricewaterhouseCoopers\",\"redes sociales\",\"Tuenti\",\"youtube\"],\"articleSection\":[\"Actualidad\"],\"inLanguage\":\"es\",\"copyrightYear\":\"2010\",\"copyrightHolder\":{\"@id\":\"https:\/\/empresas.infoempleo.com\/hrtrends\/#organization\"}},{\"@type\":\"WebPage\",\"@id\":\"https:\/\/empresas.infoempleo.com\/hrtrends\/las-grandes-empresas-tambien-caen-en-las-redes\/\",\"url\":\"https:\/\/empresas.infoempleo.com\/hrtrends\/las-grandes-empresas-tambien-caen-en-las-redes\/\",\"name\":\"Las grandes empresas tambi\u00e9n caen en las \\\"redes\\\" | HRTRENDS\",\"isPartOf\":{\"@id\":\"https:\/\/empresas.infoempleo.com\/hrtrends\/#website\"},\"primaryImageOfPage\":{\"@id\":\"https:\/\/empresas.infoempleo.com\/hrtrends\/las-grandes-empresas-tambien-caen-en-las-redes\/#primaryimage\"},\"image\":{\"@id\":\"https:\/\/empresas.infoempleo.com\/hrtrends\/las-grandes-empresas-tambien-caen-en-las-redes\/#primaryimage\"},\"thumbnailUrl\":\"https:\/\/empresas.infoempleo.com\/hrtrends\/media\/2017\/05\/pexels-photo-205508.jpg\",\"datePublished\":\"2010-05-10T08:47:27+00:00\",\"dateModified\":\"2024-11-28T16:14:54+00:00\",\"breadcrumb\":{\"@id\":\"https:\/\/empresas.infoempleo.com\/hrtrends\/las-grandes-empresas-tambien-caen-en-las-redes\/#breadcrumb\"},\"inLanguage\":\"es\",\"potentialAction\":[{\"@type\":\"ReadAction\",\"target\":[\"https:\/\/empresas.infoempleo.com\/hrtrends\/las-grandes-empresas-tambien-caen-en-las-redes\/\"]}]},{\"@type\":\"ImageObject\",\"inLanguage\":\"es\",\"@id\":\"https:\/\/empresas.infoempleo.com\/hrtrends\/las-grandes-empresas-tambien-caen-en-las-redes\/#primaryimage\",\"url\":\"https:\/\/empresas.infoempleo.com\/hrtrends\/media\/2017\/05\/pexels-photo-205508-150x150.jpg\",\"contentUrl\":\"https:\/\/empresas.infoempleo.com\/hrtrends\/media\/2017\/05\/pexels-photo-205508-150x150.jpg\",\"width\":150,\"height\":150},{\"@type\":\"BreadcrumbList\",\"@id\":\"https:\/\/empresas.infoempleo.com\/hrtrends\/las-grandes-empresas-tambien-caen-en-las-redes\/#breadcrumb\",\"itemListElement\":[{\"@type\":\"ListItem\",\"position\":1,\"name\":\"Portada\",\"item\":\"https:\/\/empresas.infoempleo.com\/hrtrends\/\"},{\"@type\":\"ListItem\",\"position\":2,\"name\":\"Las grandes empresas tambi\u00e9n caen en las \u00abredes\u00bb\"}]},{\"@type\":\"WebSite\",\"@id\":\"https:\/\/empresas.infoempleo.com\/hrtrends\/#website\",\"url\":\"https:\/\/empresas.infoempleo.com\/hrtrends\",\"name\":\"HRTrends by Infoempleo\",\"description\":\"\",\"publisher\":{\"@id\":\"https:\/\/empresas.infoempleo.com\/hrtrends\/#organization\"},\"potentialAction\":{\"@type\":\"SearchAction\",\"target\":\"https:\/\/empresas.infoempleo.com\/hrtrends\/?s={search_term_string}\",\"query-input\":\"required name=search_term_string\"},\"inLanguage\":\"es\"},{\"@type\":\"Organization\",\"@id\":\"https:\/\/empresas.infoempleo.com\/hrtrends\/#organization\",\"name\":\"Infoempleo\",\"url\":\"https:\/\/www.infoempleo.com\/\",\"logo\":{\"@type\":\"ImageObject\",\"@id\":\"https:\/\/empresas.infoempleo.com\/hrtrends\/#logo\",\"inLanguage\":\"es\",\"url\":\"https:\/\/cdnazure.infoempleo.com\/infoempleo\/assets\/style\/gfx\/logo.svg\",\"contentUrl\":\"https:\/\/cdnazure.infoempleo.com\/infoempleo\/assets\/style\/gfx\/logo.svg\",\"width\":150,\"height\":40,\"caption\":\"Infoempleo\"},\"image\":{\"@id\":\"https:\/\/empresas.infoempleo.com\/hrtrends\/#logo\"},\"sameAs\":[\"https:\/\/www.facebook.com\/Infoempleo\",\"https:\/\/x.com\/infoempleo\",\"http:\/\/instagram.com\/infoempleo\/\",\"http:\/\/www.linkedin.com\/groups\/Empleo-Espa\u00f1a-Infoempleocom-111276\",\"http:\/\/pinterest.com\/infoempleo\/\"],\"address\":{\"@type\":\"PostalAddress\",\"addressLocality\":\"Madrid\",\"postalCode\":\"28050\",\"streetAddress\":\"Avenida de Burgos 114\"},\"brand\":[\"Infoempleo\"]},{\"@type\":\"Person\",\"@id\":\"https:\/\/empresas.infoempleo.com\/hrtrends\/#\/schema\/person\/148d627e345a4676aeecce408bfd7761\",\"name\":\"Marta Toledano\",\"image\":{\"@type\":\"ImageObject\",\"inLanguage\":\"es\",\"@id\":\"https:\/\/empresas.infoempleo.com\/hrtrends\/#\/schema\/person\/image\/\",\"url\":\"https:\/\/secure.gravatar.com\/avatar\/93363d5d792ee4fc55b75a71007430155fadc7be42b4e09eee0b8f4c536dc729?s=96&d=mm&r=g\",\"contentUrl\":\"https:\/\/secure.gravatar.com\/avatar\/93363d5d792ee4fc55b75a71007430155fadc7be42b4e09eee0b8f4c536dc729?s=96&d=mm&r=g\",\"caption\":\"Marta Toledano\"},\"url\":\"https:\/\/empresas.infoempleo.com\/hrtrends\/author\/marta-toledano\/\"}]}<\/script>\n<!-- \/ Yoast SEO plugin. -->","yoast_head_json":{"title":"Las grandes empresas tambi\u00e9n caen en las \"redes\" | HRTRENDS","robots":{"index":"index","follow":"follow","max-snippet":"max-snippet:-1","max-image-preview":"max-image-preview:large","max-video-preview":"max-video-preview:-1"},"canonical":"https:\/\/empresas.infoempleo.com\/hrtrends\/las-grandes-empresas-tambien-caen-en-las-redes\/","og_locale":"es_ES","og_type":"article","og_title":"Las grandes empresas tambi\u00e9n caen en las \"redes\" | HRTRENDS","og_description":"El uso de las redes sociales por parte de las empresas no est\u00e1 a\u00fan muy extendido, pero cada Leer m\u00e1s","og_url":"https:\/\/empresas.infoempleo.com\/hrtrends\/las-grandes-empresas-tambien-caen-en-las-redes\/","og_site_name":"HRTRENDS","article_publisher":"https:\/\/www.facebook.com\/Infoempleo","article_published_time":"2010-05-10T08:47:27+00:00","article_modified_time":"2024-11-28T16:14:54+00:00","og_image":[{"width":1280,"height":960,"url":"https:\/\/empresas.infoempleo.com\/hrtrends\/media\/2017\/05\/pexels-photo-205508.jpg","type":"image\/jpeg"}],"author":"Marta Toledano","twitter_card":"summary_large_image","twitter_creator":"@infoempleo","twitter_site":"@infoempleo","twitter_misc":{"Escrito por":"Marta Toledano","Tiempo de lectura":"2 minutos"},"schema":{"@context":"https:\/\/schema.org","@graph":[{"@type":"NewsArticle","@id":"https:\/\/empresas.infoempleo.com\/hrtrends\/las-grandes-empresas-tambien-caen-en-las-redes\/#article","isPartOf":{"@id":"https:\/\/empresas.infoempleo.com\/hrtrends\/las-grandes-empresas-tambien-caen-en-las-redes\/"},"author":{"name":"Marta Toledano","@id":"https:\/\/empresas.infoempleo.com\/hrtrends\/#\/schema\/person\/148d627e345a4676aeecce408bfd7761"},"headline":"Las grandes empresas tambi\u00e9n caen en las \u00abredes\u00bb","datePublished":"2010-05-10T08:47:27+00:00","dateModified":"2024-11-28T16:14:54+00:00","mainEntityOfPage":{"@id":"https:\/\/empresas.infoempleo.com\/hrtrends\/las-grandes-empresas-tambien-caen-en-las-redes\/"},"wordCount":485,"publisher":{"@id":"https:\/\/empresas.infoempleo.com\/hrtrends\/#organization"},"image":{"@id":"https:\/\/empresas.infoempleo.com\/hrtrends\/las-grandes-empresas-tambien-caen-en-las-redes\/#primaryimage"},"thumbnailUrl":"https:\/\/empresas.infoempleo.com\/hrtrends\/media\/2017\/05\/pexels-photo-205508.jpg","keywords":["Facebook","PricewaterhouseCoopers","redes sociales","Tuenti","youtube"],"articleSection":["Actualidad"],"inLanguage":"es","copyrightYear":"2010","copyrightHolder":{"@id":"https:\/\/empresas.infoempleo.com\/hrtrends\/#organization"}},{"@type":"WebPage","@id":"https:\/\/empresas.infoempleo.com\/hrtrends\/las-grandes-empresas-tambien-caen-en-las-redes\/","url":"https:\/\/empresas.infoempleo.com\/hrtrends\/las-grandes-empresas-tambien-caen-en-las-redes\/","name":"Las grandes empresas tambi\u00e9n caen en las \"redes\" | HRTRENDS","isPartOf":{"@id":"https:\/\/empresas.infoempleo.com\/hrtrends\/#website"},"primaryImageOfPage":{"@id":"https:\/\/empresas.infoempleo.com\/hrtrends\/las-grandes-empresas-tambien-caen-en-las-redes\/#primaryimage"},"image":{"@id":"https:\/\/empresas.infoempleo.com\/hrtrends\/las-grandes-empresas-tambien-caen-en-las-redes\/#primaryimage"},"thumbnailUrl":"https:\/\/empresas.infoempleo.com\/hrtrends\/media\/2017\/05\/pexels-photo-205508.jpg","datePublished":"2010-05-10T08:47:27+00:00","dateModified":"2024-11-28T16:14:54+00:00","breadcrumb":{"@id":"https:\/\/empresas.infoempleo.com\/hrtrends\/las-grandes-empresas-tambien-caen-en-las-redes\/#breadcrumb"},"inLanguage":"es","potentialAction":[{"@type":"ReadAction","target":["https:\/\/empresas.infoempleo.com\/hrtrends\/las-grandes-empresas-tambien-caen-en-las-redes\/"]}]},{"@type":"ImageObject","inLanguage":"es","@id":"https:\/\/empresas.infoempleo.com\/hrtrends\/las-grandes-empresas-tambien-caen-en-las-redes\/#primaryimage","url":"https:\/\/empresas.infoempleo.com\/hrtrends\/media\/2017\/05\/pexels-photo-205508-150x150.jpg","contentUrl":"https:\/\/empresas.infoempleo.com\/hrtrends\/media\/2017\/05\/pexels-photo-205508-150x150.jpg","width":150,"height":150},{"@type":"BreadcrumbList","@id":"https:\/\/empresas.infoempleo.com\/hrtrends\/las-grandes-empresas-tambien-caen-en-las-redes\/#breadcrumb","itemListElement":[{"@type":"ListItem","position":1,"name":"Portada","item":"https:\/\/empresas.infoempleo.com\/hrtrends\/"},{"@type":"ListItem","position":2,"name":"Las grandes empresas tambi\u00e9n caen en las \u00abredes\u00bb"}]},{"@type":"WebSite","@id":"https:\/\/empresas.infoempleo.com\/hrtrends\/#website","url":"https:\/\/empresas.infoempleo.com\/hrtrends","name":"HRTrends by Infoempleo","description":"","publisher":{"@id":"https:\/\/empresas.infoempleo.com\/hrtrends\/#organization"},"potentialAction":{"@type":"SearchAction","target":"https:\/\/empresas.infoempleo.com\/hrtrends\/?s={search_term_string}","query-input":"required name=search_term_string"},"inLanguage":"es"},{"@type":"Organization","@id":"https:\/\/empresas.infoempleo.com\/hrtrends\/#organization","name":"Infoempleo","url":"https:\/\/www.infoempleo.com\/","logo":{"@type":"ImageObject","@id":"https:\/\/empresas.infoempleo.com\/hrtrends\/#logo","inLanguage":"es","url":"https:\/\/cdnazure.infoempleo.com\/infoempleo\/assets\/style\/gfx\/logo.svg","contentUrl":"https:\/\/cdnazure.infoempleo.com\/infoempleo\/assets\/style\/gfx\/logo.svg","width":150,"height":40,"caption":"Infoempleo"},"image":{"@id":"https:\/\/empresas.infoempleo.com\/hrtrends\/#logo"},"sameAs":["https:\/\/www.facebook.com\/Infoempleo","https:\/\/x.com\/infoempleo","http:\/\/instagram.com\/infoempleo\/","http:\/\/www.linkedin.com\/groups\/Empleo-Espa\u00f1a-Infoempleocom-111276","http:\/\/pinterest.com\/infoempleo\/"],"address":{"@type":"PostalAddress","addressLocality":"Madrid","postalCode":"28050","streetAddress":"Avenida de Burgos 114"},"brand":["Infoempleo"]},{"@type":"Person","@id":"https:\/\/empresas.infoempleo.com\/hrtrends\/#\/schema\/person\/148d627e345a4676aeecce408bfd7761","name":"Marta Toledano","image":{"@type":"ImageObject","inLanguage":"es","@id":"https:\/\/empresas.infoempleo.com\/hrtrends\/#\/schema\/person\/image\/","url":"https:\/\/secure.gravatar.com\/avatar\/93363d5d792ee4fc55b75a71007430155fadc7be42b4e09eee0b8f4c536dc729?s=96&d=mm&r=g","contentUrl":"https:\/\/secure.gravatar.com\/avatar\/93363d5d792ee4fc55b75a71007430155fadc7be42b4e09eee0b8f4c536dc729?s=96&d=mm&r=g","caption":"Marta Toledano"},"url":"https:\/\/empresas.infoempleo.com\/hrtrends\/author\/marta-toledano\/"}]}},"amp_enabled":true,"_links":{"self":[{"href":"https:\/\/empresas.infoempleo.com\/hrtrends\/wp-json\/wp\/v2\/posts\/9054","targetHints":{"allow":["GET"]}}],"collection":[{"href":"https:\/\/empresas.infoempleo.com\/hrtrends\/wp-json\/wp\/v2\/posts"}],"about":[{"href":"https:\/\/empresas.infoempleo.com\/hrtrends\/wp-json\/wp\/v2\/types\/post"}],"author":[{"embeddable":true,"href":"https:\/\/empresas.infoempleo.com\/hrtrends\/wp-json\/wp\/v2\/users\/47"}],"replies":[{"embeddable":true,"href":"https:\/\/empresas.infoempleo.com\/hrtrends\/wp-json\/wp\/v2\/comments?post=9054"}],"version-history":[{"count":3,"href":"https:\/\/empresas.infoempleo.com\/hrtrends\/wp-json\/wp\/v2\/posts\/9054\/revisions"}],"predecessor-version":[{"id":46033,"href":"https:\/\/empresas.infoempleo.com\/hrtrends\/wp-json\/wp\/v2\/posts\/9054\/revisions\/46033"}],"wp:featuredmedia":[{"embeddable":true,"href":"https:\/\/empresas.infoempleo.com\/hrtrends\/wp-json\/wp\/v2\/media\/29665"}],"wp:attachment":[{"href":"https:\/\/empresas.infoempleo.com\/hrtrends\/wp-json\/wp\/v2\/media?parent=9054"}],"wp:term":[{"taxonomy":"category","embeddable":true,"href":"https:\/\/empresas.infoempleo.com\/hrtrends\/wp-json\/wp\/v2\/categories?post=9054"},{"taxonomy":"post_tag","embeddable":true,"href":"https:\/\/empresas.infoempleo.com\/hrtrends\/wp-json\/wp\/v2\/tags?post=9054"}],"curies":[{"name":"wp","href":"https:\/\/api.w.org\/{rel}","templated":true}]}}