{"id":9005,"date":"2010-05-10T08:27:00","date_gmt":"2010-05-10T06:27:00","guid":{"rendered":"http:\/\/blog.infoempleo.com\/?p=9005"},"modified":"2024-08-01T16:12:16","modified_gmt":"2024-08-01T14:12:16","slug":"la-oferta-de-empleo-volvio-a-caer-un-88-en-abril","status":"publish","type":"post","link":"https:\/\/empresas.infoempleo.com\/hrtrends\/la-oferta-de-empleo-volvio-a-caer-un-88-en-abril\/","title":{"rendered":"La oferta de empleo volvi\u00f3 a caer un 8,8% en abril"},"content":{"rendered":"<p>M\u00e1s que filtraci\u00f3n, los \u00faltimos resultados del Term\u00f3metro Laboral de Infoempleo parecen un ligero anticipo de lo que podr\u00eda estar por venir. <strong>El 5,04% de las b\u00fasquedas de candidatos cualificados realizadas a trav\u00e9s de este portal de empleo y de los medios impresos espa\u00f1oles corresponde al sector del autom\u00f3vil<\/strong>, un porcentaje no excesivamente significativo pero que, al colocarle como el cuarto que m\u00e1s movimiento ha registrado en abril, despu\u00e9s de meses desaparecido, indica un cambio en el rumbo de la oferta de empleo en nuestro pa\u00eds. Y es que, si a este dato le sumamos que el pasado martes \u2014o, mejor dicho, el domingo\u2014 amanec\u00edamos con un descenso de <a href=\"https:\/\/www.abc.es\/20100501\/economia-economia\/paro-bajo-personas-abril-201005011924.html\" target=\"_blank\" rel=\"noopener\">24.188 personas<\/a> en las listas del antiguo INEM, mucho apunta a que podr\u00edamos empezar ya a vislumbrar c\u00f3mo ser\u00eda el mercado laboral a unos dos o tres meses vista.<\/p>\n<p>Sin caer en el optimismo precipitado \u2014porque sin ir m\u00e1s lejos, la cifra anterior disimula que el paro aument\u00f3 entre el g\u00e9nero femenino con 1.332 nuevas desempleadas en abril\u2014, pero s\u00ed apostando por una predicci\u00f3n menos a ciegas de la que se pod\u00eda aventurar hace unos meses, el an\u00e1lisis de la oferta de empleo cualificado revela varias tendencias. A la anterior, que viene determinada por el aire cogido en el sector del autom\u00f3vil gracias el Plan 2000E y que ha permitido un incremento de facturaci\u00f3n del 43% hasta abril, se le suma tambi\u00e9n la llegada a los primeros lugares de la b\u00fasqueda de candidatos en los sectores del comercio y la sanidad. \u00c9stas tambi\u00e9n podr\u00edan ser las \u00e1reas que m\u00e1s precisaran nuevas incorporaciones durante los pr\u00f3ximos meses \u2014uniendo la temporalidad generada entre Semana Santa y verano\u2014.<\/p>\n<p>El regreso de ambos sectores a los primeros puestos devuelve a la consultor\u00eda, hasta hace poco entre los tres mejores empleadores, a un segundo plano despu\u00e9s de largo tiempo. Una posici\u00f3n m\u00e1s natural que no ocupaba desde aquellos lejanos meses en los que la construcci\u00f3n \u2014que sigui\u00f3 su lenta recuperaci\u00f3n en abril\u2014 y la industria \u2014hoy la quinta m\u00e1s fuerte tras el del autom\u00f3vil\u2014 eran los reyes de los procesos de selecci\u00f3n.<\/p>\n<p>La prueba del algod\u00f3n de esta \u00faltima tendencia la encontramos dando un ligero vistazo a la <strong>distribuci\u00f3n de la oferta por \u00e1reas funcionales<\/strong> registrada el pasado mes. La de recursos humanos, siempre muy ligada al sector de la consultor\u00eda, cay\u00f3 hasta el duod\u00e9cimo puesto pasando de suponer el 1,90% de las b\u00fasquedas de candidatos a otro m\u00e1s discreto 1,03%. Frente a ella, las funciones de comercial, producci\u00f3n y servicios generales se mantuvieron en la l\u00ednea que ya viene siendo habitual durante los \u00faltimos meses y s\u00f3lo una irrumpi\u00f3 en el \u2018top ten\u2019 habitual, la de asesor\u00eda jur\u00eddica, que tambi\u00e9n comienza a apuntar maneras para los pr\u00f3ximos meses a juzgar por la progresi\u00f3n mantenida por este perfil en los \u00faltimos balances que ha realizado Infoempleo en los que tambi\u00e9n se analiza la <span style=\"color: #000000\">oferta de empleo por titulaciones.<\/span><\/p>\n<p>Donde, sin embargo, es dif\u00edcil atreverse a realizar un pron\u00f3stico decidido en vistas a la oferta de empleo cualificado reciente es en el apartado de las categor\u00edas profesionales y el de los requisitos relativos a la experiencia del candidato. En el primero de ellos, el \u00edndice de ofertas para unos y otros puestos var\u00eda muy r\u00e1pidamente seg\u00fan el mes \u2014en abril, por ejemplo, la necesidad de empleados se mantuvo, mientras que en el caso de los t\u00e9cnicos y los directivos descendi\u00f3 y, en el de los mandos, aument\u00f3\u2014 y, en el segundo, sigue sin haber un cambio significativo. Una vez m\u00e1s el 35,15% de la oferta publicada en Infoempleo y medios impresos no indic\u00f3 experiencia y, el resto, que s\u00ed lo hizo, ped\u00eda un m\u00ednimo de dos a\u00f1os, en un 8,36% de los casos; entre dos y tres, en un 13,29%; entre 3 y 5, en un 24,47%, y entre 5 y 10, en un menguante 14,50%.<\/p>\n<p>La \u00fanica variaci\u00f3n importante en este sentido es el aumento en la<strong> necesidad de expertos que hayan pasado m\u00e1s de una crisis en el puesto que se necesita cubrir.<\/strong> Hoy por hoy, y seg\u00fan se deduce del balance mensual de Infoempleo, cuatro de cada diez entrevistas de trabajo se hacen a profesionales que cuentan con una experiencia s\u00e9nior de m\u00e1s de diez a\u00f1os de antig\u00fcedad.<\/p>\n<p><strong><br \/>\n<\/strong><\/p>\n<p>Pero si hay un apartado en el que no se han registrado cambios entre marzo y abril, ni parece que los vaya a haber durante los pr\u00f3ximos meses, \u00e9se es el de la b\u00fasqueda de candidatos por comunidades aut\u00f3nomas. <strong>Madrid vuelve a liderar una clasificaci\u00f3n sin novedad en relaci\u00f3n a los \u00faltimos meses<\/strong> \u2014seguida de Catalu\u00f1a, Pa\u00eds Vasco y Castilla y Le\u00f3n, en similares puestos\u2014 y donde s\u00f3lo llama la atenci\u00f3n el aumento en el volumen relativo de las ofertas emitidas para Galicia, regi\u00f3n que pasa de suponer el 6,48% de la oferta total de empleo cualificado a un nada desde\u00f1able 8,32%.<\/p>\n<p>No tan buenas, o al menos estables, noticias son las correspondientes a regiones como Cantabria o Castilla-La Mancha, que abandonan la mitad de la tabla para ocupar sus \u00faltimos puestos acompa\u00f1ando a Extremadura \u2014que, pese a que ha registrado un descenso del 2,89% de paro seg\u00fan el Servicio P\u00fablico de Empleo, sigue en \u00faltimo lugar de este balance mensual\u2014 y a Baleares que poco a poco se empieza a preparar para la temporada estival que no termina de arrancar\u2014de hecho desciende una posici\u00f3n con respecto al mes de marzo\u2014.<\/p>\n","protected":false},"excerpt":{"rendered":"<p>El Term\u00f3metro Laboral de Infoempleo.com correspondiente a Abril de 2010 pone de relieve que el sector del autom\u00f3vil vuelve a moverse en un mercado en el que la consultor\u00eda pierde su liderazgo en favor del comercio y la sanidad.<\/p>\n","protected":false},"author":35,"featured_media":29665,"comment_status":"closed","ping_status":"open","sticky":false,"template":"","format":"standard","meta":{"footnotes":""},"categories":[3],"tags":[618,462,41,1049,220,188],"class_list":["post-9005","post","type-post","status-publish","format-standard","has-post-thumbnail","hentry","category-actualidad","tag-comercio","tag-construccion","tag-consultoria","tag-empleados","tag-industria","tag-termometro-laboral"],"yoast_head":"<!-- This site is optimized with the Yoast SEO plugin v26.1.1 - https:\/\/yoast.com\/wordpress\/plugins\/seo\/ -->\n<title>La oferta de empleo volvi\u00f3 a caer un 8,8% en abril | HRTRENDS<\/title>\n<meta name=\"robots\" content=\"index, follow, max-snippet:-1, max-image-preview:large, max-video-preview:-1\" \/>\n<link rel=\"canonical\" href=\"https:\/\/empresas.infoempleo.com\/hrtrends\/la-oferta-de-empleo-volvio-a-caer-un-88-en-abril\/\" \/>\n<meta property=\"og:locale\" content=\"es_ES\" \/>\n<meta property=\"og:type\" content=\"article\" \/>\n<meta property=\"og:title\" content=\"La oferta de empleo volvi\u00f3 a caer un 8,8% en abril | HRTRENDS\" \/>\n<meta property=\"og:description\" content=\"El Term\u00f3metro Laboral de Infoempleo.com correspondiente a Abril de 2010 pone de relieve que el sector del autom\u00f3vil vuelve a moverse en un mercado en el que la consultor\u00eda pierde su liderazgo en favor del comercio y la sanidad.\" \/>\n<meta property=\"og:url\" content=\"https:\/\/empresas.infoempleo.com\/hrtrends\/la-oferta-de-empleo-volvio-a-caer-un-88-en-abril\/\" \/>\n<meta property=\"og:site_name\" content=\"HRTRENDS\" \/>\n<meta property=\"article:publisher\" content=\"https:\/\/www.facebook.com\/Infoempleo\" \/>\n<meta property=\"article:published_time\" content=\"2010-05-10T06:27:00+00:00\" \/>\n<meta property=\"article:modified_time\" content=\"2024-08-01T14:12:16+00:00\" \/>\n<meta name=\"author\" content=\"Laura de Cubas\" \/>\n<meta name=\"twitter:card\" content=\"summary_large_image\" \/>\n<meta name=\"twitter:creator\" content=\"@infoempleo\" \/>\n<meta name=\"twitter:site\" content=\"@infoempleo\" \/>\n<meta name=\"twitter:label1\" content=\"Escrito por\" \/>\n\t<meta name=\"twitter:data1\" content=\"Laura de Cubas\" \/>\n\t<meta name=\"twitter:label2\" content=\"Tiempo de lectura\" \/>\n\t<meta name=\"twitter:data2\" content=\"5 minutos\" \/>\n<script type=\"application\/ld+json\" class=\"yoast-schema-graph\">{\"@context\":\"https:\/\/schema.org\",\"@graph\":[{\"@type\":\"NewsArticle\",\"@id\":\"https:\/\/empresas.infoempleo.com\/hrtrends\/la-oferta-de-empleo-volvio-a-caer-un-88-en-abril\/#article\",\"isPartOf\":{\"@id\":\"https:\/\/empresas.infoempleo.com\/hrtrends\/la-oferta-de-empleo-volvio-a-caer-un-88-en-abril\/\"},\"author\":{\"name\":\"Laura de Cubas\",\"@id\":\"https:\/\/empresas.infoempleo.com\/hrtrends\/#\/schema\/person\/eee830fc2082cd3b52302e59ea0d2c05\"},\"headline\":\"La oferta de empleo volvi\u00f3 a caer un 8,8% en abril\",\"datePublished\":\"2010-05-10T06:27:00+00:00\",\"dateModified\":\"2024-08-01T14:12:16+00:00\",\"mainEntityOfPage\":{\"@id\":\"https:\/\/empresas.infoempleo.com\/hrtrends\/la-oferta-de-empleo-volvio-a-caer-un-88-en-abril\/\"},\"wordCount\":974,\"publisher\":{\"@id\":\"https:\/\/empresas.infoempleo.com\/hrtrends\/#organization\"},\"image\":{\"@id\":\"https:\/\/empresas.infoempleo.com\/hrtrends\/la-oferta-de-empleo-volvio-a-caer-un-88-en-abril\/#primaryimage\"},\"thumbnailUrl\":\"https:\/\/empresas.infoempleo.com\/hrtrends\/media\/2017\/05\/pexels-photo-205508.jpg\",\"keywords\":[\"comercio\",\"construcci\u00f3n\",\"consultor\u00eda\",\"empleados\",\"industria\",\"term\u00f3metro laboral\"],\"articleSection\":[\"Actualidad\"],\"inLanguage\":\"es\",\"copyrightYear\":\"2010\",\"copyrightHolder\":{\"@id\":\"https:\/\/empresas.infoempleo.com\/hrtrends\/#organization\"}},{\"@type\":\"WebPage\",\"@id\":\"https:\/\/empresas.infoempleo.com\/hrtrends\/la-oferta-de-empleo-volvio-a-caer-un-88-en-abril\/\",\"url\":\"https:\/\/empresas.infoempleo.com\/hrtrends\/la-oferta-de-empleo-volvio-a-caer-un-88-en-abril\/\",\"name\":\"La oferta de empleo volvi\u00f3 a caer un 8,8% en abril | HRTRENDS\",\"isPartOf\":{\"@id\":\"https:\/\/empresas.infoempleo.com\/hrtrends\/#website\"},\"primaryImageOfPage\":{\"@id\":\"https:\/\/empresas.infoempleo.com\/hrtrends\/la-oferta-de-empleo-volvio-a-caer-un-88-en-abril\/#primaryimage\"},\"image\":{\"@id\":\"https:\/\/empresas.infoempleo.com\/hrtrends\/la-oferta-de-empleo-volvio-a-caer-un-88-en-abril\/#primaryimage\"},\"thumbnailUrl\":\"https:\/\/empresas.infoempleo.com\/hrtrends\/media\/2017\/05\/pexels-photo-205508.jpg\",\"datePublished\":\"2010-05-10T06:27:00+00:00\",\"dateModified\":\"2024-08-01T14:12:16+00:00\",\"breadcrumb\":{\"@id\":\"https:\/\/empresas.infoempleo.com\/hrtrends\/la-oferta-de-empleo-volvio-a-caer-un-88-en-abril\/#breadcrumb\"},\"inLanguage\":\"es\",\"potentialAction\":[{\"@type\":\"ReadAction\",\"target\":[\"https:\/\/empresas.infoempleo.com\/hrtrends\/la-oferta-de-empleo-volvio-a-caer-un-88-en-abril\/\"]}]},{\"@type\":\"ImageObject\",\"inLanguage\":\"es\",\"@id\":\"https:\/\/empresas.infoempleo.com\/hrtrends\/la-oferta-de-empleo-volvio-a-caer-un-88-en-abril\/#primaryimage\",\"url\":\"https:\/\/empresas.infoempleo.com\/hrtrends\/media\/2017\/05\/pexels-photo-205508-150x150.jpg\",\"contentUrl\":\"https:\/\/empresas.infoempleo.com\/hrtrends\/media\/2017\/05\/pexels-photo-205508-150x150.jpg\",\"width\":150,\"height\":150},{\"@type\":\"BreadcrumbList\",\"@id\":\"https:\/\/empresas.infoempleo.com\/hrtrends\/la-oferta-de-empleo-volvio-a-caer-un-88-en-abril\/#breadcrumb\",\"itemListElement\":[{\"@type\":\"ListItem\",\"position\":1,\"name\":\"Portada\",\"item\":\"https:\/\/empresas.infoempleo.com\/hrtrends\/\"},{\"@type\":\"ListItem\",\"position\":2,\"name\":\"La oferta de empleo volvi\u00f3 a caer un 8,8% en abril\"}]},{\"@type\":\"WebSite\",\"@id\":\"https:\/\/empresas.infoempleo.com\/hrtrends\/#website\",\"url\":\"https:\/\/empresas.infoempleo.com\/hrtrends\",\"name\":\"HRTrends by Infoempleo\",\"description\":\"\",\"publisher\":{\"@id\":\"https:\/\/empresas.infoempleo.com\/hrtrends\/#organization\"},\"potentialAction\":{\"@type\":\"SearchAction\",\"target\":\"https:\/\/empresas.infoempleo.com\/hrtrends\/?s={search_term_string}\",\"query-input\":\"required name=search_term_string\"},\"inLanguage\":\"es\"},{\"@type\":\"Organization\",\"@id\":\"https:\/\/empresas.infoempleo.com\/hrtrends\/#organization\",\"name\":\"Infoempleo\",\"url\":\"https:\/\/www.infoempleo.com\/\",\"logo\":{\"@type\":\"ImageObject\",\"@id\":\"https:\/\/empresas.infoempleo.com\/hrtrends\/#logo\",\"inLanguage\":\"es\",\"url\":\"https:\/\/cdnazure.infoempleo.com\/infoempleo\/assets\/style\/gfx\/logo.svg\",\"contentUrl\":\"https:\/\/cdnazure.infoempleo.com\/infoempleo\/assets\/style\/gfx\/logo.svg\",\"width\":150,\"height\":40,\"caption\":\"Infoempleo\"},\"image\":{\"@id\":\"https:\/\/empresas.infoempleo.com\/hrtrends\/#logo\"},\"sameAs\":[\"https:\/\/www.facebook.com\/Infoempleo\",\"https:\/\/x.com\/infoempleo\",\"http:\/\/instagram.com\/infoempleo\/\",\"http:\/\/www.linkedin.com\/groups\/Empleo-Espa\u00f1a-Infoempleocom-111276\",\"http:\/\/pinterest.com\/infoempleo\/\"],\"address\":{\"@type\":\"PostalAddress\",\"addressLocality\":\"Madrid\",\"postalCode\":\"28050\",\"streetAddress\":\"Avenida de Burgos 114\"},\"brand\":[\"Infoempleo\"]},{\"@type\":\"Person\",\"@id\":\"https:\/\/empresas.infoempleo.com\/hrtrends\/#\/schema\/person\/eee830fc2082cd3b52302e59ea0d2c05\",\"name\":\"Laura de Cubas\",\"image\":{\"@type\":\"ImageObject\",\"inLanguage\":\"es\",\"@id\":\"https:\/\/empresas.infoempleo.com\/hrtrends\/#\/schema\/person\/image\/\",\"url\":\"https:\/\/secure.gravatar.com\/avatar\/c13d88dcd67943e13f74372e711c3ba2accf296b195ba5dd59566bd5f5df94c8?s=96&d=mm&r=g\",\"contentUrl\":\"https:\/\/secure.gravatar.com\/avatar\/c13d88dcd67943e13f74372e711c3ba2accf296b195ba5dd59566bd5f5df94c8?s=96&d=mm&r=g\",\"caption\":\"Laura de Cubas\"},\"url\":\"https:\/\/empresas.infoempleo.com\/hrtrends\/author\/laura-de-cubas\/\"}]}<\/script>\n<!-- \/ Yoast SEO plugin. -->","yoast_head_json":{"title":"La oferta de empleo volvi\u00f3 a caer un 8,8% en abril | HRTRENDS","robots":{"index":"index","follow":"follow","max-snippet":"max-snippet:-1","max-image-preview":"max-image-preview:large","max-video-preview":"max-video-preview:-1"},"canonical":"https:\/\/empresas.infoempleo.com\/hrtrends\/la-oferta-de-empleo-volvio-a-caer-un-88-en-abril\/","og_locale":"es_ES","og_type":"article","og_title":"La oferta de empleo volvi\u00f3 a caer un 8,8% en abril | HRTRENDS","og_description":"El Term\u00f3metro Laboral de Infoempleo.com correspondiente a Abril de 2010 pone de relieve que el sector del autom\u00f3vil vuelve a moverse en un mercado en el que la consultor\u00eda pierde su liderazgo en favor del comercio y la sanidad.","og_url":"https:\/\/empresas.infoempleo.com\/hrtrends\/la-oferta-de-empleo-volvio-a-caer-un-88-en-abril\/","og_site_name":"HRTRENDS","article_publisher":"https:\/\/www.facebook.com\/Infoempleo","article_published_time":"2010-05-10T06:27:00+00:00","article_modified_time":"2024-08-01T14:12:16+00:00","author":"Laura de Cubas","twitter_card":"summary_large_image","twitter_creator":"@infoempleo","twitter_site":"@infoempleo","twitter_misc":{"Escrito por":"Laura de Cubas","Tiempo de lectura":"5 minutos"},"schema":{"@context":"https:\/\/schema.org","@graph":[{"@type":"NewsArticle","@id":"https:\/\/empresas.infoempleo.com\/hrtrends\/la-oferta-de-empleo-volvio-a-caer-un-88-en-abril\/#article","isPartOf":{"@id":"https:\/\/empresas.infoempleo.com\/hrtrends\/la-oferta-de-empleo-volvio-a-caer-un-88-en-abril\/"},"author":{"name":"Laura de Cubas","@id":"https:\/\/empresas.infoempleo.com\/hrtrends\/#\/schema\/person\/eee830fc2082cd3b52302e59ea0d2c05"},"headline":"La oferta de empleo volvi\u00f3 a caer un 8,8% en abril","datePublished":"2010-05-10T06:27:00+00:00","dateModified":"2024-08-01T14:12:16+00:00","mainEntityOfPage":{"@id":"https:\/\/empresas.infoempleo.com\/hrtrends\/la-oferta-de-empleo-volvio-a-caer-un-88-en-abril\/"},"wordCount":974,"publisher":{"@id":"https:\/\/empresas.infoempleo.com\/hrtrends\/#organization"},"image":{"@id":"https:\/\/empresas.infoempleo.com\/hrtrends\/la-oferta-de-empleo-volvio-a-caer-un-88-en-abril\/#primaryimage"},"thumbnailUrl":"https:\/\/empresas.infoempleo.com\/hrtrends\/media\/2017\/05\/pexels-photo-205508.jpg","keywords":["comercio","construcci\u00f3n","consultor\u00eda","empleados","industria","term\u00f3metro laboral"],"articleSection":["Actualidad"],"inLanguage":"es","copyrightYear":"2010","copyrightHolder":{"@id":"https:\/\/empresas.infoempleo.com\/hrtrends\/#organization"}},{"@type":"WebPage","@id":"https:\/\/empresas.infoempleo.com\/hrtrends\/la-oferta-de-empleo-volvio-a-caer-un-88-en-abril\/","url":"https:\/\/empresas.infoempleo.com\/hrtrends\/la-oferta-de-empleo-volvio-a-caer-un-88-en-abril\/","name":"La oferta de empleo volvi\u00f3 a caer un 8,8% en abril | HRTRENDS","isPartOf":{"@id":"https:\/\/empresas.infoempleo.com\/hrtrends\/#website"},"primaryImageOfPage":{"@id":"https:\/\/empresas.infoempleo.com\/hrtrends\/la-oferta-de-empleo-volvio-a-caer-un-88-en-abril\/#primaryimage"},"image":{"@id":"https:\/\/empresas.infoempleo.com\/hrtrends\/la-oferta-de-empleo-volvio-a-caer-un-88-en-abril\/#primaryimage"},"thumbnailUrl":"https:\/\/empresas.infoempleo.com\/hrtrends\/media\/2017\/05\/pexels-photo-205508.jpg","datePublished":"2010-05-10T06:27:00+00:00","dateModified":"2024-08-01T14:12:16+00:00","breadcrumb":{"@id":"https:\/\/empresas.infoempleo.com\/hrtrends\/la-oferta-de-empleo-volvio-a-caer-un-88-en-abril\/#breadcrumb"},"inLanguage":"es","potentialAction":[{"@type":"ReadAction","target":["https:\/\/empresas.infoempleo.com\/hrtrends\/la-oferta-de-empleo-volvio-a-caer-un-88-en-abril\/"]}]},{"@type":"ImageObject","inLanguage":"es","@id":"https:\/\/empresas.infoempleo.com\/hrtrends\/la-oferta-de-empleo-volvio-a-caer-un-88-en-abril\/#primaryimage","url":"https:\/\/empresas.infoempleo.com\/hrtrends\/media\/2017\/05\/pexels-photo-205508-150x150.jpg","contentUrl":"https:\/\/empresas.infoempleo.com\/hrtrends\/media\/2017\/05\/pexels-photo-205508-150x150.jpg","width":150,"height":150},{"@type":"BreadcrumbList","@id":"https:\/\/empresas.infoempleo.com\/hrtrends\/la-oferta-de-empleo-volvio-a-caer-un-88-en-abril\/#breadcrumb","itemListElement":[{"@type":"ListItem","position":1,"name":"Portada","item":"https:\/\/empresas.infoempleo.com\/hrtrends\/"},{"@type":"ListItem","position":2,"name":"La oferta de empleo volvi\u00f3 a caer un 8,8% en abril"}]},{"@type":"WebSite","@id":"https:\/\/empresas.infoempleo.com\/hrtrends\/#website","url":"https:\/\/empresas.infoempleo.com\/hrtrends","name":"HRTrends by Infoempleo","description":"","publisher":{"@id":"https:\/\/empresas.infoempleo.com\/hrtrends\/#organization"},"potentialAction":{"@type":"SearchAction","target":"https:\/\/empresas.infoempleo.com\/hrtrends\/?s={search_term_string}","query-input":"required name=search_term_string"},"inLanguage":"es"},{"@type":"Organization","@id":"https:\/\/empresas.infoempleo.com\/hrtrends\/#organization","name":"Infoempleo","url":"https:\/\/www.infoempleo.com\/","logo":{"@type":"ImageObject","@id":"https:\/\/empresas.infoempleo.com\/hrtrends\/#logo","inLanguage":"es","url":"https:\/\/cdnazure.infoempleo.com\/infoempleo\/assets\/style\/gfx\/logo.svg","contentUrl":"https:\/\/cdnazure.infoempleo.com\/infoempleo\/assets\/style\/gfx\/logo.svg","width":150,"height":40,"caption":"Infoempleo"},"image":{"@id":"https:\/\/empresas.infoempleo.com\/hrtrends\/#logo"},"sameAs":["https:\/\/www.facebook.com\/Infoempleo","https:\/\/x.com\/infoempleo","http:\/\/instagram.com\/infoempleo\/","http:\/\/www.linkedin.com\/groups\/Empleo-Espa\u00f1a-Infoempleocom-111276","http:\/\/pinterest.com\/infoempleo\/"],"address":{"@type":"PostalAddress","addressLocality":"Madrid","postalCode":"28050","streetAddress":"Avenida de Burgos 114"},"brand":["Infoempleo"]},{"@type":"Person","@id":"https:\/\/empresas.infoempleo.com\/hrtrends\/#\/schema\/person\/eee830fc2082cd3b52302e59ea0d2c05","name":"Laura de Cubas","image":{"@type":"ImageObject","inLanguage":"es","@id":"https:\/\/empresas.infoempleo.com\/hrtrends\/#\/schema\/person\/image\/","url":"https:\/\/secure.gravatar.com\/avatar\/c13d88dcd67943e13f74372e711c3ba2accf296b195ba5dd59566bd5f5df94c8?s=96&d=mm&r=g","contentUrl":"https:\/\/secure.gravatar.com\/avatar\/c13d88dcd67943e13f74372e711c3ba2accf296b195ba5dd59566bd5f5df94c8?s=96&d=mm&r=g","caption":"Laura de Cubas"},"url":"https:\/\/empresas.infoempleo.com\/hrtrends\/author\/laura-de-cubas\/"}]}},"amp_enabled":true,"_links":{"self":[{"href":"https:\/\/empresas.infoempleo.com\/hrtrends\/wp-json\/wp\/v2\/posts\/9005","targetHints":{"allow":["GET"]}}],"collection":[{"href":"https:\/\/empresas.infoempleo.com\/hrtrends\/wp-json\/wp\/v2\/posts"}],"about":[{"href":"https:\/\/empresas.infoempleo.com\/hrtrends\/wp-json\/wp\/v2\/types\/post"}],"author":[{"embeddable":true,"href":"https:\/\/empresas.infoempleo.com\/hrtrends\/wp-json\/wp\/v2\/users\/35"}],"replies":[{"embeddable":true,"href":"https:\/\/empresas.infoempleo.com\/hrtrends\/wp-json\/wp\/v2\/comments?post=9005"}],"version-history":[{"count":4,"href":"https:\/\/empresas.infoempleo.com\/hrtrends\/wp-json\/wp\/v2\/posts\/9005\/revisions"}],"predecessor-version":[{"id":44554,"href":"https:\/\/empresas.infoempleo.com\/hrtrends\/wp-json\/wp\/v2\/posts\/9005\/revisions\/44554"}],"wp:featuredmedia":[{"embeddable":true,"href":"https:\/\/empresas.infoempleo.com\/hrtrends\/wp-json\/wp\/v2\/media\/29665"}],"wp:attachment":[{"href":"https:\/\/empresas.infoempleo.com\/hrtrends\/wp-json\/wp\/v2\/media?parent=9005"}],"wp:term":[{"taxonomy":"category","embeddable":true,"href":"https:\/\/empresas.infoempleo.com\/hrtrends\/wp-json\/wp\/v2\/categories?post=9005"},{"taxonomy":"post_tag","embeddable":true,"href":"https:\/\/empresas.infoempleo.com\/hrtrends\/wp-json\/wp\/v2\/tags?post=9005"}],"curies":[{"name":"wp","href":"https:\/\/api.w.org\/{rel}","templated":true}]}}