{"id":8958,"date":"2010-05-04T09:20:38","date_gmt":"2010-05-04T08:20:38","guid":{"rendered":"http:\/\/blog.infoempleo.com\/?p=8958"},"modified":"2018-05-23T17:48:02","modified_gmt":"2018-05-23T15:48:02","slug":"cuando-acabe-fp-avise-de-que-queria-actuar","status":"publish","type":"post","link":"https:\/\/empresas.infoempleo.com\/hrtrends\/cuando-acabe-fp-avise-de-que-queria-actuar\/","title":{"rendered":"\u00abCuando acab\u00e9 FP, avis\u00e9 de que quer\u00eda actuar\u00bb"},"content":{"rendered":"<p style=\"text-align: center\"><img loading=\"lazy\" decoding=\"async\" class=\"alignnone size-full wp-image-8959\" src=\"https:\/\/empresas.infoempleo.com\/hrtrends\/media\/2010\/05\/RobertoAlamo1.jpg\" alt=\"Roberto \u00c1lamo\" width=\"360\" height=\"240\" srcset=\"https:\/\/empresas.infoempleo.com\/hrtrends\/media\/2010\/05\/RobertoAlamo1.jpg 400w, https:\/\/empresas.infoempleo.com\/hrtrends\/media\/2010\/05\/RobertoAlamo1-300x200.jpg 300w\" sizes=\"auto, (max-width: 360px) 100vw, 360px\" \/><\/p>\n<h3>Roberto \u00c1lamo, actor<\/h3>\n<p>Todav\u00eda repite con veneraci\u00f3n adolescente los di\u00e1logos de la pel\u00edcula \u00abD\u00edas de vino y rosas\u00bb (1962) que llenaban sus horas de estudiante. Roberto \u00c1lamo (Madrid, 1970), aclamado por su papel de Urtain en el teatro, vive su oficio de actor con el pudor y el respeto propios de un reci\u00e9n llegado. Y ha sido gracias a esta obra por la que su nombre queda ligado al premio al que s\u00f3lo acceden los grandes: el Max de teatro. La obra ha obtenido 9 galardones, entre ellos el de mejor actor protagonista para \u00c1lamo.<\/p>\n<p><strong>\u00bfCu\u00e1l fue su primer empleo remunerado?<\/strong><\/p>\n<p>Un puesto de reponedor de juguetes en unos grandes almacenes cuando ten\u00eda 17 o 18 a\u00f1os. Estuve unos dos meses haciendo la campa\u00f1a de Navidad, y a mi compa\u00f1era y a m\u00ed nos dijeron que hab\u00edamos batido r\u00e9cord de ventas.<\/p>\n<p><strong>Tambi\u00e9n es delineante de formaci\u00f3n, \u00bfpor qu\u00e9 este t\u00edtulo de FP? \u00bfLe gustaba mucho el dibujo?<\/strong><\/p>\n<p>S\u00ed, me gustaba mucho el dibujo y la arquitectura. Pero,sobre todo, hab\u00eda una raz\u00f3n poderosa para hacerlo, y es que yo no aprob\u00e9 la EGB, era un terrible estudiante. As\u00ed que el \u00fanico camino que encontraron mis padres para que siguiera estudiando fue \u00e9se, porque en FP no te ped\u00edan el Graduado Escolar para entrar. Despu\u00e9s, escog\u00ed esa especialidad porque me gustaba mucho el dibujo.<\/p>\n<p><strong>\u00bfLleg\u00f3 a ejercer?<\/strong><\/p>\n<p>Entr\u00e9 en un estudio de arquitectura y el primer d\u00eda me fui. Me d\u00ed cuenta de que no era lo m\u00edo.<\/p>\n<p><strong>\u00bfC\u00f3mo se tomaron en casa su determinaci\u00f3n a probar suerte como actor?<\/strong><\/p>\n<p>En cuanto acab\u00e9 FP lo avis\u00e9 en casa, dije que iba a hacer teatro porque quer\u00eda ser actor. A mi padre le cost\u00f3 entenderlo; todo aquello le sonaba a chino. Mi madre, en cambio, me dijo que \u00abadelante\u00bb, pero que la formaci\u00f3n me la pagara yo. Al final, ellos me ayudaron, aunque yo tambi\u00e9n estuve mucho tiempo trabajando de camarero.<\/p>\n<p><strong>En &#8216;Urtain&#8217; ha llegado al moldear su cuerpo para encarnar al personaje. \u00bfCu\u00e1ntos sacrificios est\u00e1 dispuesto a hacer por\u00a0un papel?<\/strong><\/p>\n<p>Depende del personaje. Pero si quieres hacer un trabajo comprometido, serio, digno y profundo debes curr\u00e1rtelo. Actuar no es poner una cara y -como dicen algunos- \u00abtener salero\u00bb. Por lo menos, \u00e9sa no es mi concepci\u00f3n del oficio. Actuar implica un conocimiento, una t\u00e9cnica\u00a0y un aprendizaje de por vida; no es un peque\u00f1o juego.<\/p>\n<p><strong>En concreto, \u00bfc\u00f3mo se acerc\u00f3 al personaje de Urtain\u00a0y\u00a0cu\u00e1nto tiempo le llev\u00f3 su preparaci\u00f3n?<\/strong><\/p>\n<p>Yo comenc\u00e9 a estudiar a Urtain, al ser humano, ocho meses antes de que empezaran los ensayos, porque quer\u00eda llegar estando relativamente seguro de lo que hac\u00eda y de qui\u00e9n era. As\u00ed que ocho meses antes empec\u00e9 a ir al gimnasio todos los d\u00edas, de lunes a viernes, cuatro horas diarias. De eso modo consigues un cuerpo similar a un levantador de piedras que, luego, se hace boxeador, un peso pesado. Y\u00a0a Jos\u00e9 Manuel Ibar Azpiazu, al ser humano que es Urtain, me acerqu\u00e9 a trav\u00e9s de todas las entrevistas que he podido localizar, de todas las noticias que se publicaron sobre \u00e9l\u00a0y sobre la gente que lo conoci\u00f3. As\u00ed te haces una idea y vas creando\u00a0un personaje. Y cada d\u00eda que salgo de la funci\u00f3n, y no es un t\u00f3pico, siento que he crecido como ser humano.<\/p>\n","protected":false},"excerpt":{"rendered":"<p>Roberto \u00c1lamo, actor Todav\u00eda repite con veneraci\u00f3n adolescente los di\u00e1logos de la pel\u00edcula \u00abD\u00edas de vino y rosas\u00bb<a class=\"moretag\" href=\"https:\/\/empresas.infoempleo.com\/hrtrends\/cuando-acabe-fp-avise-de-que-queria-actuar\/\"> Leer m\u00e1s<\/a><\/p>\n","protected":false},"author":34,"featured_media":29665,"comment_status":"closed","ping_status":"open","sticky":false,"template":"","format":"standard","meta":{"footnotes":""},"categories":[3],"tags":[1678,491,1679],"class_list":["post-8958","post","type-post","status-publish","format-standard","has-post-thumbnail","hentry","category-actualidad","tag-premios-max","tag-primer-empleo","tag-roberto-alamo"],"yoast_head":"<!-- This site is optimized with the Yoast SEO plugin v26.1.1 - https:\/\/yoast.com\/wordpress\/plugins\/seo\/ -->\n<title>&quot;Cuando acab\u00e9 FP, avis\u00e9 de que quer\u00eda actuar&quot; | HRTRENDS<\/title>\n<meta name=\"robots\" content=\"index, follow, max-snippet:-1, max-image-preview:large, max-video-preview:-1\" \/>\n<link rel=\"canonical\" href=\"https:\/\/empresas.infoempleo.com\/hrtrends\/cuando-acabe-fp-avise-de-que-queria-actuar\/\" \/>\n<meta property=\"og:locale\" content=\"es_ES\" \/>\n<meta property=\"og:type\" content=\"article\" \/>\n<meta property=\"og:title\" content=\"&quot;Cuando acab\u00e9 FP, avis\u00e9 de que quer\u00eda actuar&quot; | HRTRENDS\" \/>\n<meta property=\"og:description\" content=\"Roberto \u00c1lamo, actor Todav\u00eda repite con veneraci\u00f3n adolescente los di\u00e1logos de la pel\u00edcula \u00abD\u00edas de vino y rosas\u00bb Leer m\u00e1s\" \/>\n<meta property=\"og:url\" content=\"https:\/\/empresas.infoempleo.com\/hrtrends\/cuando-acabe-fp-avise-de-que-queria-actuar\/\" \/>\n<meta property=\"og:site_name\" content=\"HRTRENDS\" \/>\n<meta property=\"article:publisher\" content=\"https:\/\/www.facebook.com\/Infoempleo\" \/>\n<meta property=\"article:published_time\" content=\"2010-05-04T08:20:38+00:00\" \/>\n<meta property=\"article:modified_time\" content=\"2018-05-23T15:48:02+00:00\" \/>\n<meta property=\"og:image\" content=\"https:\/\/empresas.infoempleo.com\/hrtrends\/media\/2017\/05\/pexels-photo-205508.jpg\" \/>\n\t<meta property=\"og:image:width\" content=\"1280\" \/>\n\t<meta property=\"og:image:height\" content=\"960\" \/>\n\t<meta property=\"og:image:type\" content=\"image\/jpeg\" \/>\n<meta name=\"author\" content=\"Rosario Sep\u00falveda\" \/>\n<meta name=\"twitter:card\" content=\"summary_large_image\" \/>\n<meta name=\"twitter:creator\" content=\"@infoempleo\" \/>\n<meta name=\"twitter:site\" content=\"@infoempleo\" \/>\n<meta name=\"twitter:label1\" content=\"Escrito por\" \/>\n\t<meta name=\"twitter:data1\" content=\"Rosario Sep\u00falveda\" \/>\n\t<meta name=\"twitter:label2\" content=\"Tiempo de lectura\" \/>\n\t<meta name=\"twitter:data2\" content=\"3 minutos\" \/>\n<script type=\"application\/ld+json\" class=\"yoast-schema-graph\">{\"@context\":\"https:\/\/schema.org\",\"@graph\":[{\"@type\":\"NewsArticle\",\"@id\":\"https:\/\/empresas.infoempleo.com\/hrtrends\/cuando-acabe-fp-avise-de-que-queria-actuar\/#article\",\"isPartOf\":{\"@id\":\"https:\/\/empresas.infoempleo.com\/hrtrends\/cuando-acabe-fp-avise-de-que-queria-actuar\/\"},\"author\":{\"name\":\"Rosario Sep\u00falveda\",\"@id\":\"https:\/\/empresas.infoempleo.com\/hrtrends\/#\/schema\/person\/2a45835f1492cbc7fbce11ad398707a8\"},\"headline\":\"\u00abCuando acab\u00e9 FP, avis\u00e9 de que quer\u00eda actuar\u00bb\",\"datePublished\":\"2010-05-04T08:20:38+00:00\",\"dateModified\":\"2018-05-23T15:48:02+00:00\",\"mainEntityOfPage\":{\"@id\":\"https:\/\/empresas.infoempleo.com\/hrtrends\/cuando-acabe-fp-avise-de-que-queria-actuar\/\"},\"wordCount\":600,\"publisher\":{\"@id\":\"https:\/\/empresas.infoempleo.com\/hrtrends\/#organization\"},\"image\":{\"@id\":\"https:\/\/empresas.infoempleo.com\/hrtrends\/cuando-acabe-fp-avise-de-que-queria-actuar\/#primaryimage\"},\"thumbnailUrl\":\"https:\/\/empresas.infoempleo.com\/hrtrends\/media\/2017\/05\/pexels-photo-205508.jpg\",\"keywords\":[\"premios max\",\"primer empleo\",\"Roberto \u00c1lamo\"],\"articleSection\":[\"Actualidad\"],\"inLanguage\":\"es\",\"copyrightYear\":\"2010\",\"copyrightHolder\":{\"@id\":\"https:\/\/empresas.infoempleo.com\/hrtrends\/#organization\"}},{\"@type\":\"WebPage\",\"@id\":\"https:\/\/empresas.infoempleo.com\/hrtrends\/cuando-acabe-fp-avise-de-que-queria-actuar\/\",\"url\":\"https:\/\/empresas.infoempleo.com\/hrtrends\/cuando-acabe-fp-avise-de-que-queria-actuar\/\",\"name\":\"\\\"Cuando acab\u00e9 FP, avis\u00e9 de que quer\u00eda actuar\\\" | HRTRENDS\",\"isPartOf\":{\"@id\":\"https:\/\/empresas.infoempleo.com\/hrtrends\/#website\"},\"primaryImageOfPage\":{\"@id\":\"https:\/\/empresas.infoempleo.com\/hrtrends\/cuando-acabe-fp-avise-de-que-queria-actuar\/#primaryimage\"},\"image\":{\"@id\":\"https:\/\/empresas.infoempleo.com\/hrtrends\/cuando-acabe-fp-avise-de-que-queria-actuar\/#primaryimage\"},\"thumbnailUrl\":\"https:\/\/empresas.infoempleo.com\/hrtrends\/media\/2017\/05\/pexels-photo-205508.jpg\",\"datePublished\":\"2010-05-04T08:20:38+00:00\",\"dateModified\":\"2018-05-23T15:48:02+00:00\",\"breadcrumb\":{\"@id\":\"https:\/\/empresas.infoempleo.com\/hrtrends\/cuando-acabe-fp-avise-de-que-queria-actuar\/#breadcrumb\"},\"inLanguage\":\"es\",\"potentialAction\":[{\"@type\":\"ReadAction\",\"target\":[\"https:\/\/empresas.infoempleo.com\/hrtrends\/cuando-acabe-fp-avise-de-que-queria-actuar\/\"]}]},{\"@type\":\"ImageObject\",\"inLanguage\":\"es\",\"@id\":\"https:\/\/empresas.infoempleo.com\/hrtrends\/cuando-acabe-fp-avise-de-que-queria-actuar\/#primaryimage\",\"url\":\"https:\/\/empresas.infoempleo.com\/hrtrends\/media\/2017\/05\/pexels-photo-205508-150x150.jpg\",\"contentUrl\":\"https:\/\/empresas.infoempleo.com\/hrtrends\/media\/2017\/05\/pexels-photo-205508-150x150.jpg\",\"width\":150,\"height\":150},{\"@type\":\"BreadcrumbList\",\"@id\":\"https:\/\/empresas.infoempleo.com\/hrtrends\/cuando-acabe-fp-avise-de-que-queria-actuar\/#breadcrumb\",\"itemListElement\":[{\"@type\":\"ListItem\",\"position\":1,\"name\":\"Portada\",\"item\":\"https:\/\/empresas.infoempleo.com\/hrtrends\/\"},{\"@type\":\"ListItem\",\"position\":2,\"name\":\"\u00abCuando acab\u00e9 FP, avis\u00e9 de que quer\u00eda actuar\u00bb\"}]},{\"@type\":\"WebSite\",\"@id\":\"https:\/\/empresas.infoempleo.com\/hrtrends\/#website\",\"url\":\"https:\/\/empresas.infoempleo.com\/hrtrends\",\"name\":\"HRTrends by Infoempleo\",\"description\":\"\",\"publisher\":{\"@id\":\"https:\/\/empresas.infoempleo.com\/hrtrends\/#organization\"},\"potentialAction\":{\"@type\":\"SearchAction\",\"target\":\"https:\/\/empresas.infoempleo.com\/hrtrends\/?s={search_term_string}\",\"query-input\":\"required name=search_term_string\"},\"inLanguage\":\"es\"},{\"@type\":\"Organization\",\"@id\":\"https:\/\/empresas.infoempleo.com\/hrtrends\/#organization\",\"name\":\"Infoempleo\",\"url\":\"https:\/\/www.infoempleo.com\/\",\"logo\":{\"@type\":\"ImageObject\",\"@id\":\"https:\/\/empresas.infoempleo.com\/hrtrends\/#logo\",\"inLanguage\":\"es\",\"url\":\"https:\/\/cdnazure.infoempleo.com\/infoempleo\/assets\/style\/gfx\/logo.svg\",\"contentUrl\":\"https:\/\/cdnazure.infoempleo.com\/infoempleo\/assets\/style\/gfx\/logo.svg\",\"width\":150,\"height\":40,\"caption\":\"Infoempleo\"},\"image\":{\"@id\":\"https:\/\/empresas.infoempleo.com\/hrtrends\/#logo\"},\"sameAs\":[\"https:\/\/www.facebook.com\/Infoempleo\",\"https:\/\/x.com\/infoempleo\",\"http:\/\/instagram.com\/infoempleo\/\",\"http:\/\/www.linkedin.com\/groups\/Empleo-Espa\u00f1a-Infoempleocom-111276\",\"http:\/\/pinterest.com\/infoempleo\/\"],\"address\":{\"@type\":\"PostalAddress\",\"addressLocality\":\"Madrid\",\"postalCode\":\"28050\",\"streetAddress\":\"Avenida de Burgos 114\"},\"brand\":[\"Infoempleo\"]},{\"@type\":\"Person\",\"@id\":\"https:\/\/empresas.infoempleo.com\/hrtrends\/#\/schema\/person\/2a45835f1492cbc7fbce11ad398707a8\",\"name\":\"Rosario Sep\u00falveda\",\"image\":{\"@type\":\"ImageObject\",\"inLanguage\":\"es\",\"@id\":\"https:\/\/empresas.infoempleo.com\/hrtrends\/#\/schema\/person\/image\/\",\"url\":\"https:\/\/secure.gravatar.com\/avatar\/01b4f37da8fd0cca9ded94ad0ab4a694814c54945a7c84e54495a93ea3a90e3b?s=96&d=mm&r=g\",\"contentUrl\":\"https:\/\/secure.gravatar.com\/avatar\/01b4f37da8fd0cca9ded94ad0ab4a694814c54945a7c84e54495a93ea3a90e3b?s=96&d=mm&r=g\",\"caption\":\"Rosario Sep\u00falveda\"},\"url\":\"https:\/\/empresas.infoempleo.com\/hrtrends\/author\/rosario-sepulveda\/\"}]}<\/script>\n<!-- \/ Yoast SEO plugin. -->","yoast_head_json":{"title":"\"Cuando acab\u00e9 FP, avis\u00e9 de que quer\u00eda actuar\" | HRTRENDS","robots":{"index":"index","follow":"follow","max-snippet":"max-snippet:-1","max-image-preview":"max-image-preview:large","max-video-preview":"max-video-preview:-1"},"canonical":"https:\/\/empresas.infoempleo.com\/hrtrends\/cuando-acabe-fp-avise-de-que-queria-actuar\/","og_locale":"es_ES","og_type":"article","og_title":"\"Cuando acab\u00e9 FP, avis\u00e9 de que quer\u00eda actuar\" | HRTRENDS","og_description":"Roberto \u00c1lamo, actor Todav\u00eda repite con veneraci\u00f3n adolescente los di\u00e1logos de la pel\u00edcula \u00abD\u00edas de vino y rosas\u00bb Leer m\u00e1s","og_url":"https:\/\/empresas.infoempleo.com\/hrtrends\/cuando-acabe-fp-avise-de-que-queria-actuar\/","og_site_name":"HRTRENDS","article_publisher":"https:\/\/www.facebook.com\/Infoempleo","article_published_time":"2010-05-04T08:20:38+00:00","article_modified_time":"2018-05-23T15:48:02+00:00","og_image":[{"width":1280,"height":960,"url":"https:\/\/empresas.infoempleo.com\/hrtrends\/media\/2017\/05\/pexels-photo-205508.jpg","type":"image\/jpeg"}],"author":"Rosario Sep\u00falveda","twitter_card":"summary_large_image","twitter_creator":"@infoempleo","twitter_site":"@infoempleo","twitter_misc":{"Escrito por":"Rosario Sep\u00falveda","Tiempo de lectura":"3 minutos"},"schema":{"@context":"https:\/\/schema.org","@graph":[{"@type":"NewsArticle","@id":"https:\/\/empresas.infoempleo.com\/hrtrends\/cuando-acabe-fp-avise-de-que-queria-actuar\/#article","isPartOf":{"@id":"https:\/\/empresas.infoempleo.com\/hrtrends\/cuando-acabe-fp-avise-de-que-queria-actuar\/"},"author":{"name":"Rosario Sep\u00falveda","@id":"https:\/\/empresas.infoempleo.com\/hrtrends\/#\/schema\/person\/2a45835f1492cbc7fbce11ad398707a8"},"headline":"\u00abCuando acab\u00e9 FP, avis\u00e9 de que quer\u00eda actuar\u00bb","datePublished":"2010-05-04T08:20:38+00:00","dateModified":"2018-05-23T15:48:02+00:00","mainEntityOfPage":{"@id":"https:\/\/empresas.infoempleo.com\/hrtrends\/cuando-acabe-fp-avise-de-que-queria-actuar\/"},"wordCount":600,"publisher":{"@id":"https:\/\/empresas.infoempleo.com\/hrtrends\/#organization"},"image":{"@id":"https:\/\/empresas.infoempleo.com\/hrtrends\/cuando-acabe-fp-avise-de-que-queria-actuar\/#primaryimage"},"thumbnailUrl":"https:\/\/empresas.infoempleo.com\/hrtrends\/media\/2017\/05\/pexels-photo-205508.jpg","keywords":["premios max","primer empleo","Roberto \u00c1lamo"],"articleSection":["Actualidad"],"inLanguage":"es","copyrightYear":"2010","copyrightHolder":{"@id":"https:\/\/empresas.infoempleo.com\/hrtrends\/#organization"}},{"@type":"WebPage","@id":"https:\/\/empresas.infoempleo.com\/hrtrends\/cuando-acabe-fp-avise-de-que-queria-actuar\/","url":"https:\/\/empresas.infoempleo.com\/hrtrends\/cuando-acabe-fp-avise-de-que-queria-actuar\/","name":"\"Cuando acab\u00e9 FP, avis\u00e9 de que quer\u00eda actuar\" | HRTRENDS","isPartOf":{"@id":"https:\/\/empresas.infoempleo.com\/hrtrends\/#website"},"primaryImageOfPage":{"@id":"https:\/\/empresas.infoempleo.com\/hrtrends\/cuando-acabe-fp-avise-de-que-queria-actuar\/#primaryimage"},"image":{"@id":"https:\/\/empresas.infoempleo.com\/hrtrends\/cuando-acabe-fp-avise-de-que-queria-actuar\/#primaryimage"},"thumbnailUrl":"https:\/\/empresas.infoempleo.com\/hrtrends\/media\/2017\/05\/pexels-photo-205508.jpg","datePublished":"2010-05-04T08:20:38+00:00","dateModified":"2018-05-23T15:48:02+00:00","breadcrumb":{"@id":"https:\/\/empresas.infoempleo.com\/hrtrends\/cuando-acabe-fp-avise-de-que-queria-actuar\/#breadcrumb"},"inLanguage":"es","potentialAction":[{"@type":"ReadAction","target":["https:\/\/empresas.infoempleo.com\/hrtrends\/cuando-acabe-fp-avise-de-que-queria-actuar\/"]}]},{"@type":"ImageObject","inLanguage":"es","@id":"https:\/\/empresas.infoempleo.com\/hrtrends\/cuando-acabe-fp-avise-de-que-queria-actuar\/#primaryimage","url":"https:\/\/empresas.infoempleo.com\/hrtrends\/media\/2017\/05\/pexels-photo-205508-150x150.jpg","contentUrl":"https:\/\/empresas.infoempleo.com\/hrtrends\/media\/2017\/05\/pexels-photo-205508-150x150.jpg","width":150,"height":150},{"@type":"BreadcrumbList","@id":"https:\/\/empresas.infoempleo.com\/hrtrends\/cuando-acabe-fp-avise-de-que-queria-actuar\/#breadcrumb","itemListElement":[{"@type":"ListItem","position":1,"name":"Portada","item":"https:\/\/empresas.infoempleo.com\/hrtrends\/"},{"@type":"ListItem","position":2,"name":"\u00abCuando acab\u00e9 FP, avis\u00e9 de que quer\u00eda actuar\u00bb"}]},{"@type":"WebSite","@id":"https:\/\/empresas.infoempleo.com\/hrtrends\/#website","url":"https:\/\/empresas.infoempleo.com\/hrtrends","name":"HRTrends by Infoempleo","description":"","publisher":{"@id":"https:\/\/empresas.infoempleo.com\/hrtrends\/#organization"},"potentialAction":{"@type":"SearchAction","target":"https:\/\/empresas.infoempleo.com\/hrtrends\/?s={search_term_string}","query-input":"required name=search_term_string"},"inLanguage":"es"},{"@type":"Organization","@id":"https:\/\/empresas.infoempleo.com\/hrtrends\/#organization","name":"Infoempleo","url":"https:\/\/www.infoempleo.com\/","logo":{"@type":"ImageObject","@id":"https:\/\/empresas.infoempleo.com\/hrtrends\/#logo","inLanguage":"es","url":"https:\/\/cdnazure.infoempleo.com\/infoempleo\/assets\/style\/gfx\/logo.svg","contentUrl":"https:\/\/cdnazure.infoempleo.com\/infoempleo\/assets\/style\/gfx\/logo.svg","width":150,"height":40,"caption":"Infoempleo"},"image":{"@id":"https:\/\/empresas.infoempleo.com\/hrtrends\/#logo"},"sameAs":["https:\/\/www.facebook.com\/Infoempleo","https:\/\/x.com\/infoempleo","http:\/\/instagram.com\/infoempleo\/","http:\/\/www.linkedin.com\/groups\/Empleo-Espa\u00f1a-Infoempleocom-111276","http:\/\/pinterest.com\/infoempleo\/"],"address":{"@type":"PostalAddress","addressLocality":"Madrid","postalCode":"28050","streetAddress":"Avenida de Burgos 114"},"brand":["Infoempleo"]},{"@type":"Person","@id":"https:\/\/empresas.infoempleo.com\/hrtrends\/#\/schema\/person\/2a45835f1492cbc7fbce11ad398707a8","name":"Rosario Sep\u00falveda","image":{"@type":"ImageObject","inLanguage":"es","@id":"https:\/\/empresas.infoempleo.com\/hrtrends\/#\/schema\/person\/image\/","url":"https:\/\/secure.gravatar.com\/avatar\/01b4f37da8fd0cca9ded94ad0ab4a694814c54945a7c84e54495a93ea3a90e3b?s=96&d=mm&r=g","contentUrl":"https:\/\/secure.gravatar.com\/avatar\/01b4f37da8fd0cca9ded94ad0ab4a694814c54945a7c84e54495a93ea3a90e3b?s=96&d=mm&r=g","caption":"Rosario Sep\u00falveda"},"url":"https:\/\/empresas.infoempleo.com\/hrtrends\/author\/rosario-sepulveda\/"}]}},"amp_enabled":true,"_links":{"self":[{"href":"https:\/\/empresas.infoempleo.com\/hrtrends\/wp-json\/wp\/v2\/posts\/8958","targetHints":{"allow":["GET"]}}],"collection":[{"href":"https:\/\/empresas.infoempleo.com\/hrtrends\/wp-json\/wp\/v2\/posts"}],"about":[{"href":"https:\/\/empresas.infoempleo.com\/hrtrends\/wp-json\/wp\/v2\/types\/post"}],"author":[{"embeddable":true,"href":"https:\/\/empresas.infoempleo.com\/hrtrends\/wp-json\/wp\/v2\/users\/34"}],"replies":[{"embeddable":true,"href":"https:\/\/empresas.infoempleo.com\/hrtrends\/wp-json\/wp\/v2\/comments?post=8958"}],"version-history":[{"count":0,"href":"https:\/\/empresas.infoempleo.com\/hrtrends\/wp-json\/wp\/v2\/posts\/8958\/revisions"}],"wp:featuredmedia":[{"embeddable":true,"href":"https:\/\/empresas.infoempleo.com\/hrtrends\/wp-json\/wp\/v2\/media\/29665"}],"wp:attachment":[{"href":"https:\/\/empresas.infoempleo.com\/hrtrends\/wp-json\/wp\/v2\/media?parent=8958"}],"wp:term":[{"taxonomy":"category","embeddable":true,"href":"https:\/\/empresas.infoempleo.com\/hrtrends\/wp-json\/wp\/v2\/categories?post=8958"},{"taxonomy":"post_tag","embeddable":true,"href":"https:\/\/empresas.infoempleo.com\/hrtrends\/wp-json\/wp\/v2\/tags?post=8958"}],"curies":[{"name":"wp","href":"https:\/\/api.w.org\/{rel}","templated":true}]}}