{"id":8888,"date":"2010-05-03T10:39:31","date_gmt":"2010-05-03T09:39:31","guid":{"rendered":"http:\/\/blog.infoempleo.com\/?p=8888"},"modified":"2023-02-03T14:45:52","modified_gmt":"2023-02-03T12:45:52","slug":"infoempleo-permite-acceder-a-sus-ofertas-desde-el-telefono-movil","status":"publish","type":"post","link":"https:\/\/empresas.infoempleo.com\/hrtrends\/infoempleo-permite-acceder-a-sus-ofertas-desde-el-telefono-movil\/","title":{"rendered":"Infoempleo permite acceder a sus ofertas desde el tel\u00e9fono m\u00f3vil"},"content":{"rendered":"<p style=\"text-align: center\">\u00a0<img loading=\"lazy\" decoding=\"async\" class=\"aligncenter size-full wp-image-8895\" src=\"https:\/\/empresas.infoempleo.com\/hrtrends\/media\/2010\/05\/shutterstock_135248561.jpg\" alt=\"Las ofertas de Infoempleo, en el tel\u00e9fono m\u00f3vil\" width=\"355\" height=\"236\" srcset=\"https:\/\/empresas.infoempleo.com\/hrtrends\/media\/2010\/05\/shutterstock_135248561.jpg 591w, https:\/\/empresas.infoempleo.com\/hrtrends\/media\/2010\/05\/shutterstock_135248561-300x200.jpg 300w\" sizes=\"auto, (max-width: 355px) 100vw, 355px\" \/><\/p>\n<p>Infoempleo ha lanzado Infoempleo M\u00f3vil, un portal ideado para <strong>facilitar el acceso y utilizaci\u00f3n de <a class=\"wp-caption-dd\" href=\"https:\/\/www.infoempleo.com\/\" target=\"_blank\" rel=\"noopener\">Infoempleo.com<\/a> a los usuarios<\/strong> que buscan empleo en la web, est\u00e9n donde est\u00e9n, <strong>a trav\u00e9s de sus tel\u00e9fonos m\u00f3viles<\/strong>.<\/p>\n<p>Este portal m\u00f3vil, que aporta a los candidatos toda la flexibilidad al servicio de sus b\u00fasquedas de trabajo, <strong>permite a las empresas cliente del portal<\/strong> de empleo cualificado m\u00e1s importante de Espa\u00f1a <strong>disfrutar de una visibilidad extra para sus ofertas de trabajo,<\/strong> sin tener que pagar ni un euro m\u00e1s.<\/p>\n<p><strong>Aunque esta nueva herramienta todav\u00eda no permite a las empresas acceder<\/strong> a <a class=\"wp-caption-dd\" href=\"https:\/\/www.infoempleo.com\/empresa\/contenidos\/asp\/portada.asp\" target=\"_blank\" rel=\"noopener\">su \u00e1rea correspondiente en Infoempleo<\/a>, y por lo tanto, <strong>no pueden gestionar los servicios que tengan contratados en el portal a trav\u00e9s de la plataforma m\u00f3vil<\/strong>, las compa\u00f1\u00edas pueden aprovecharse de forma indirecta de la facilidad de gesti\u00f3n que Infoempleo M\u00f3vil aporta a sus potenciales candidatos en sus b\u00fasquedas de trabajo.<\/p>\n<h3>Todo el empleo, m\u00e1s cerca<\/h3>\n<p>El uso de Infoempleo M\u00f3vil, al que se accede a trav\u00e9s de la url <strong>m.infoempleo.com<\/strong>, permite a los candidatos <strong>darse de alta, realizar b\u00fasquedas de empleo e inscribirse en las ofertas<\/strong> que consideren en <a class=\"wp-caption-dd\" href=\"https:\/\/www.infoempleo.com\/\" target=\"_blank\" rel=\"noopener\">Infoempleo.com<\/a>.<strong>\u00a0<\/strong><\/p>\n<p>El portal Infoempleo M\u00f3vil se ajusta a las funcionalidades de los dispositivos m\u00f3viles, lo que facilita la accesibilidad del portal all\u00ed donde se encuentre el candidato.<\/p>\n<p>Actualmente, <strong><a class=\"wp-caption-dd\" href=\"https:\/\/www.infoempleo.com\/\" target=\"_blank\" rel=\"noopener\">Infoempleo.com<\/a> cuenta con una base de datos formada por m\u00e1s de 3.450.000 usuarios<\/strong> que, desde ahora, cuentan con la opci\u00f3n de acceder, est\u00e9n\u00a0 donde est\u00e9n, a las ofertas alojadas en el portal de empleo cualificado m\u00e1s importante de nuestro pa\u00eds.<\/p>\n","protected":false},"excerpt":{"rendered":"<p>\u00a0 Infoempleo ha lanzado Infoempleo M\u00f3vil, un portal ideado para facilitar el acceso y utilizaci\u00f3n de Infoempleo.com a<a class=\"moretag\" href=\"https:\/\/empresas.infoempleo.com\/hrtrends\/infoempleo-permite-acceder-a-sus-ofertas-desde-el-telefono-movil\/\"> Leer m\u00e1s<\/a><\/p>\n","protected":false},"author":72,"featured_media":29665,"comment_status":"closed","ping_status":"open","sticky":false,"template":"","format":"standard","meta":{"footnotes":""},"categories":[3],"tags":[482,574,475,1673],"class_list":["post-8888","post","type-post","status-publish","format-standard","has-post-thumbnail","hentry","category-actualidad","tag-infoempleo","tag-movil","tag-ofertas","tag-usuarios"],"yoast_head":"<!-- This site is optimized with the Yoast SEO plugin v26.1.1 - https:\/\/yoast.com\/wordpress\/plugins\/seo\/ -->\n<title>Infoempleo permite acceder a sus ofertas desde el tel\u00e9fono m\u00f3vil | HRTRENDS<\/title>\n<meta name=\"robots\" content=\"index, follow, max-snippet:-1, max-image-preview:large, max-video-preview:-1\" \/>\n<link rel=\"canonical\" href=\"https:\/\/empresas.infoempleo.com\/hrtrends\/infoempleo-permite-acceder-a-sus-ofertas-desde-el-telefono-movil\/\" \/>\n<meta property=\"og:locale\" content=\"es_ES\" \/>\n<meta property=\"og:type\" content=\"article\" \/>\n<meta property=\"og:title\" content=\"Infoempleo permite acceder a sus ofertas desde el tel\u00e9fono m\u00f3vil | HRTRENDS\" \/>\n<meta property=\"og:description\" content=\"\u00a0 Infoempleo ha lanzado Infoempleo M\u00f3vil, un portal ideado para facilitar el acceso y utilizaci\u00f3n de Infoempleo.com a Leer m\u00e1s\" \/>\n<meta property=\"og:url\" content=\"https:\/\/empresas.infoempleo.com\/hrtrends\/infoempleo-permite-acceder-a-sus-ofertas-desde-el-telefono-movil\/\" \/>\n<meta property=\"og:site_name\" content=\"HRTRENDS\" \/>\n<meta property=\"article:publisher\" content=\"https:\/\/www.facebook.com\/Infoempleo\" \/>\n<meta property=\"article:published_time\" content=\"2010-05-03T09:39:31+00:00\" \/>\n<meta property=\"article:modified_time\" content=\"2023-02-03T12:45:52+00:00\" \/>\n<meta property=\"og:image\" content=\"https:\/\/empresas.infoempleo.com\/hrtrends\/media\/2017\/05\/pexels-photo-205508.jpg\" \/>\n\t<meta property=\"og:image:width\" content=\"1280\" \/>\n\t<meta property=\"og:image:height\" content=\"960\" \/>\n\t<meta property=\"og:image:type\" content=\"image\/jpeg\" \/>\n<meta name=\"author\" content=\"infoempleo\" \/>\n<meta name=\"twitter:card\" content=\"summary_large_image\" \/>\n<meta name=\"twitter:creator\" content=\"@infoempleo\" \/>\n<meta name=\"twitter:site\" content=\"@infoempleo\" \/>\n<meta name=\"twitter:label1\" content=\"Escrito por\" \/>\n\t<meta name=\"twitter:data1\" content=\"infoempleo\" \/>\n\t<meta name=\"twitter:label2\" content=\"Tiempo de lectura\" \/>\n\t<meta name=\"twitter:data2\" content=\"1 minuto\" \/>\n<script type=\"application\/ld+json\" class=\"yoast-schema-graph\">{\"@context\":\"https:\/\/schema.org\",\"@graph\":[{\"@type\":\"NewsArticle\",\"@id\":\"https:\/\/empresas.infoempleo.com\/hrtrends\/infoempleo-permite-acceder-a-sus-ofertas-desde-el-telefono-movil\/#article\",\"isPartOf\":{\"@id\":\"https:\/\/empresas.infoempleo.com\/hrtrends\/infoempleo-permite-acceder-a-sus-ofertas-desde-el-telefono-movil\/\"},\"author\":{\"name\":\"infoempleo\",\"@id\":\"https:\/\/empresas.infoempleo.com\/hrtrends\/#\/schema\/person\/67d3e276ffcc8b3ae0ebec816daf775a\"},\"headline\":\"Infoempleo permite acceder a sus ofertas desde el tel\u00e9fono m\u00f3vil\",\"datePublished\":\"2010-05-03T09:39:31+00:00\",\"dateModified\":\"2023-02-03T12:45:52+00:00\",\"mainEntityOfPage\":{\"@id\":\"https:\/\/empresas.infoempleo.com\/hrtrends\/infoempleo-permite-acceder-a-sus-ofertas-desde-el-telefono-movil\/\"},\"wordCount\":301,\"publisher\":{\"@id\":\"https:\/\/empresas.infoempleo.com\/hrtrends\/#organization\"},\"image\":{\"@id\":\"https:\/\/empresas.infoempleo.com\/hrtrends\/infoempleo-permite-acceder-a-sus-ofertas-desde-el-telefono-movil\/#primaryimage\"},\"thumbnailUrl\":\"https:\/\/empresas.infoempleo.com\/hrtrends\/media\/2017\/05\/pexels-photo-205508.jpg\",\"keywords\":[\"infoempleo\",\"m\u00f3vil\",\"ofertas\",\"Usuarios\"],\"articleSection\":[\"Actualidad\"],\"inLanguage\":\"es\",\"copyrightYear\":\"2010\",\"copyrightHolder\":{\"@id\":\"https:\/\/empresas.infoempleo.com\/hrtrends\/#organization\"}},{\"@type\":\"WebPage\",\"@id\":\"https:\/\/empresas.infoempleo.com\/hrtrends\/infoempleo-permite-acceder-a-sus-ofertas-desde-el-telefono-movil\/\",\"url\":\"https:\/\/empresas.infoempleo.com\/hrtrends\/infoempleo-permite-acceder-a-sus-ofertas-desde-el-telefono-movil\/\",\"name\":\"Infoempleo permite acceder a sus ofertas desde el tel\u00e9fono m\u00f3vil | HRTRENDS\",\"isPartOf\":{\"@id\":\"https:\/\/empresas.infoempleo.com\/hrtrends\/#website\"},\"primaryImageOfPage\":{\"@id\":\"https:\/\/empresas.infoempleo.com\/hrtrends\/infoempleo-permite-acceder-a-sus-ofertas-desde-el-telefono-movil\/#primaryimage\"},\"image\":{\"@id\":\"https:\/\/empresas.infoempleo.com\/hrtrends\/infoempleo-permite-acceder-a-sus-ofertas-desde-el-telefono-movil\/#primaryimage\"},\"thumbnailUrl\":\"https:\/\/empresas.infoempleo.com\/hrtrends\/media\/2017\/05\/pexels-photo-205508.jpg\",\"datePublished\":\"2010-05-03T09:39:31+00:00\",\"dateModified\":\"2023-02-03T12:45:52+00:00\",\"breadcrumb\":{\"@id\":\"https:\/\/empresas.infoempleo.com\/hrtrends\/infoempleo-permite-acceder-a-sus-ofertas-desde-el-telefono-movil\/#breadcrumb\"},\"inLanguage\":\"es\",\"potentialAction\":[{\"@type\":\"ReadAction\",\"target\":[\"https:\/\/empresas.infoempleo.com\/hrtrends\/infoempleo-permite-acceder-a-sus-ofertas-desde-el-telefono-movil\/\"]}]},{\"@type\":\"ImageObject\",\"inLanguage\":\"es\",\"@id\":\"https:\/\/empresas.infoempleo.com\/hrtrends\/infoempleo-permite-acceder-a-sus-ofertas-desde-el-telefono-movil\/#primaryimage\",\"url\":\"https:\/\/empresas.infoempleo.com\/hrtrends\/media\/2017\/05\/pexels-photo-205508-150x150.jpg\",\"contentUrl\":\"https:\/\/empresas.infoempleo.com\/hrtrends\/media\/2017\/05\/pexels-photo-205508-150x150.jpg\",\"width\":150,\"height\":150},{\"@type\":\"BreadcrumbList\",\"@id\":\"https:\/\/empresas.infoempleo.com\/hrtrends\/infoempleo-permite-acceder-a-sus-ofertas-desde-el-telefono-movil\/#breadcrumb\",\"itemListElement\":[{\"@type\":\"ListItem\",\"position\":1,\"name\":\"Portada\",\"item\":\"https:\/\/empresas.infoempleo.com\/hrtrends\/\"},{\"@type\":\"ListItem\",\"position\":2,\"name\":\"Infoempleo permite acceder a sus ofertas desde el tel\u00e9fono m\u00f3vil\"}]},{\"@type\":\"WebSite\",\"@id\":\"https:\/\/empresas.infoempleo.com\/hrtrends\/#website\",\"url\":\"https:\/\/empresas.infoempleo.com\/hrtrends\",\"name\":\"HRTrends by Infoempleo\",\"description\":\"\",\"publisher\":{\"@id\":\"https:\/\/empresas.infoempleo.com\/hrtrends\/#organization\"},\"potentialAction\":{\"@type\":\"SearchAction\",\"target\":\"https:\/\/empresas.infoempleo.com\/hrtrends\/?s={search_term_string}\",\"query-input\":\"required name=search_term_string\"},\"inLanguage\":\"es\"},{\"@type\":\"Organization\",\"@id\":\"https:\/\/empresas.infoempleo.com\/hrtrends\/#organization\",\"name\":\"Infoempleo\",\"url\":\"https:\/\/www.infoempleo.com\/\",\"logo\":{\"@type\":\"ImageObject\",\"@id\":\"https:\/\/empresas.infoempleo.com\/hrtrends\/#logo\",\"inLanguage\":\"es\",\"url\":\"https:\/\/cdnazure.infoempleo.com\/infoempleo\/assets\/style\/gfx\/logo.svg\",\"contentUrl\":\"https:\/\/cdnazure.infoempleo.com\/infoempleo\/assets\/style\/gfx\/logo.svg\",\"width\":150,\"height\":40,\"caption\":\"Infoempleo\"},\"image\":{\"@id\":\"https:\/\/empresas.infoempleo.com\/hrtrends\/#logo\"},\"sameAs\":[\"https:\/\/www.facebook.com\/Infoempleo\",\"https:\/\/x.com\/infoempleo\",\"http:\/\/instagram.com\/infoempleo\/\",\"http:\/\/www.linkedin.com\/groups\/Empleo-Espa\u00f1a-Infoempleocom-111276\",\"http:\/\/pinterest.com\/infoempleo\/\"],\"address\":{\"@type\":\"PostalAddress\",\"addressLocality\":\"Madrid\",\"postalCode\":\"28050\",\"streetAddress\":\"Avenida de Burgos 114\"},\"brand\":[\"Infoempleo\"]},{\"@type\":\"Person\",\"@id\":\"https:\/\/empresas.infoempleo.com\/hrtrends\/#\/schema\/person\/67d3e276ffcc8b3ae0ebec816daf775a\",\"name\":\"infoempleo\",\"image\":{\"@type\":\"ImageObject\",\"inLanguage\":\"es\",\"@id\":\"https:\/\/empresas.infoempleo.com\/hrtrends\/#\/schema\/person\/image\/\",\"url\":\"https:\/\/secure.gravatar.com\/avatar\/7b437777242fe67d2473c2a818da2344692d1ee91e91080ccffbd97bcd4a0975?s=96&d=mm&r=g\",\"contentUrl\":\"https:\/\/secure.gravatar.com\/avatar\/7b437777242fe67d2473c2a818da2344692d1ee91e91080ccffbd97bcd4a0975?s=96&d=mm&r=g\",\"caption\":\"infoempleo\"},\"url\":\"https:\/\/empresas.infoempleo.com\/hrtrends\/author\/infoempleo\/\"}]}<\/script>\n<!-- \/ Yoast SEO plugin. -->","yoast_head_json":{"title":"Infoempleo permite acceder a sus ofertas desde el tel\u00e9fono m\u00f3vil | HRTRENDS","robots":{"index":"index","follow":"follow","max-snippet":"max-snippet:-1","max-image-preview":"max-image-preview:large","max-video-preview":"max-video-preview:-1"},"canonical":"https:\/\/empresas.infoempleo.com\/hrtrends\/infoempleo-permite-acceder-a-sus-ofertas-desde-el-telefono-movil\/","og_locale":"es_ES","og_type":"article","og_title":"Infoempleo permite acceder a sus ofertas desde el tel\u00e9fono m\u00f3vil | HRTRENDS","og_description":"\u00a0 Infoempleo ha lanzado Infoempleo M\u00f3vil, un portal ideado para facilitar el acceso y utilizaci\u00f3n de Infoempleo.com a Leer m\u00e1s","og_url":"https:\/\/empresas.infoempleo.com\/hrtrends\/infoempleo-permite-acceder-a-sus-ofertas-desde-el-telefono-movil\/","og_site_name":"HRTRENDS","article_publisher":"https:\/\/www.facebook.com\/Infoempleo","article_published_time":"2010-05-03T09:39:31+00:00","article_modified_time":"2023-02-03T12:45:52+00:00","og_image":[{"width":1280,"height":960,"url":"https:\/\/empresas.infoempleo.com\/hrtrends\/media\/2017\/05\/pexels-photo-205508.jpg","type":"image\/jpeg"}],"author":"infoempleo","twitter_card":"summary_large_image","twitter_creator":"@infoempleo","twitter_site":"@infoempleo","twitter_misc":{"Escrito por":"infoempleo","Tiempo de lectura":"1 minuto"},"schema":{"@context":"https:\/\/schema.org","@graph":[{"@type":"NewsArticle","@id":"https:\/\/empresas.infoempleo.com\/hrtrends\/infoempleo-permite-acceder-a-sus-ofertas-desde-el-telefono-movil\/#article","isPartOf":{"@id":"https:\/\/empresas.infoempleo.com\/hrtrends\/infoempleo-permite-acceder-a-sus-ofertas-desde-el-telefono-movil\/"},"author":{"name":"infoempleo","@id":"https:\/\/empresas.infoempleo.com\/hrtrends\/#\/schema\/person\/67d3e276ffcc8b3ae0ebec816daf775a"},"headline":"Infoempleo permite acceder a sus ofertas desde el tel\u00e9fono m\u00f3vil","datePublished":"2010-05-03T09:39:31+00:00","dateModified":"2023-02-03T12:45:52+00:00","mainEntityOfPage":{"@id":"https:\/\/empresas.infoempleo.com\/hrtrends\/infoempleo-permite-acceder-a-sus-ofertas-desde-el-telefono-movil\/"},"wordCount":301,"publisher":{"@id":"https:\/\/empresas.infoempleo.com\/hrtrends\/#organization"},"image":{"@id":"https:\/\/empresas.infoempleo.com\/hrtrends\/infoempleo-permite-acceder-a-sus-ofertas-desde-el-telefono-movil\/#primaryimage"},"thumbnailUrl":"https:\/\/empresas.infoempleo.com\/hrtrends\/media\/2017\/05\/pexels-photo-205508.jpg","keywords":["infoempleo","m\u00f3vil","ofertas","Usuarios"],"articleSection":["Actualidad"],"inLanguage":"es","copyrightYear":"2010","copyrightHolder":{"@id":"https:\/\/empresas.infoempleo.com\/hrtrends\/#organization"}},{"@type":"WebPage","@id":"https:\/\/empresas.infoempleo.com\/hrtrends\/infoempleo-permite-acceder-a-sus-ofertas-desde-el-telefono-movil\/","url":"https:\/\/empresas.infoempleo.com\/hrtrends\/infoempleo-permite-acceder-a-sus-ofertas-desde-el-telefono-movil\/","name":"Infoempleo permite acceder a sus ofertas desde el tel\u00e9fono m\u00f3vil | HRTRENDS","isPartOf":{"@id":"https:\/\/empresas.infoempleo.com\/hrtrends\/#website"},"primaryImageOfPage":{"@id":"https:\/\/empresas.infoempleo.com\/hrtrends\/infoempleo-permite-acceder-a-sus-ofertas-desde-el-telefono-movil\/#primaryimage"},"image":{"@id":"https:\/\/empresas.infoempleo.com\/hrtrends\/infoempleo-permite-acceder-a-sus-ofertas-desde-el-telefono-movil\/#primaryimage"},"thumbnailUrl":"https:\/\/empresas.infoempleo.com\/hrtrends\/media\/2017\/05\/pexels-photo-205508.jpg","datePublished":"2010-05-03T09:39:31+00:00","dateModified":"2023-02-03T12:45:52+00:00","breadcrumb":{"@id":"https:\/\/empresas.infoempleo.com\/hrtrends\/infoempleo-permite-acceder-a-sus-ofertas-desde-el-telefono-movil\/#breadcrumb"},"inLanguage":"es","potentialAction":[{"@type":"ReadAction","target":["https:\/\/empresas.infoempleo.com\/hrtrends\/infoempleo-permite-acceder-a-sus-ofertas-desde-el-telefono-movil\/"]}]},{"@type":"ImageObject","inLanguage":"es","@id":"https:\/\/empresas.infoempleo.com\/hrtrends\/infoempleo-permite-acceder-a-sus-ofertas-desde-el-telefono-movil\/#primaryimage","url":"https:\/\/empresas.infoempleo.com\/hrtrends\/media\/2017\/05\/pexels-photo-205508-150x150.jpg","contentUrl":"https:\/\/empresas.infoempleo.com\/hrtrends\/media\/2017\/05\/pexels-photo-205508-150x150.jpg","width":150,"height":150},{"@type":"BreadcrumbList","@id":"https:\/\/empresas.infoempleo.com\/hrtrends\/infoempleo-permite-acceder-a-sus-ofertas-desde-el-telefono-movil\/#breadcrumb","itemListElement":[{"@type":"ListItem","position":1,"name":"Portada","item":"https:\/\/empresas.infoempleo.com\/hrtrends\/"},{"@type":"ListItem","position":2,"name":"Infoempleo permite acceder a sus ofertas desde el tel\u00e9fono m\u00f3vil"}]},{"@type":"WebSite","@id":"https:\/\/empresas.infoempleo.com\/hrtrends\/#website","url":"https:\/\/empresas.infoempleo.com\/hrtrends","name":"HRTrends by Infoempleo","description":"","publisher":{"@id":"https:\/\/empresas.infoempleo.com\/hrtrends\/#organization"},"potentialAction":{"@type":"SearchAction","target":"https:\/\/empresas.infoempleo.com\/hrtrends\/?s={search_term_string}","query-input":"required name=search_term_string"},"inLanguage":"es"},{"@type":"Organization","@id":"https:\/\/empresas.infoempleo.com\/hrtrends\/#organization","name":"Infoempleo","url":"https:\/\/www.infoempleo.com\/","logo":{"@type":"ImageObject","@id":"https:\/\/empresas.infoempleo.com\/hrtrends\/#logo","inLanguage":"es","url":"https:\/\/cdnazure.infoempleo.com\/infoempleo\/assets\/style\/gfx\/logo.svg","contentUrl":"https:\/\/cdnazure.infoempleo.com\/infoempleo\/assets\/style\/gfx\/logo.svg","width":150,"height":40,"caption":"Infoempleo"},"image":{"@id":"https:\/\/empresas.infoempleo.com\/hrtrends\/#logo"},"sameAs":["https:\/\/www.facebook.com\/Infoempleo","https:\/\/x.com\/infoempleo","http:\/\/instagram.com\/infoempleo\/","http:\/\/www.linkedin.com\/groups\/Empleo-Espa\u00f1a-Infoempleocom-111276","http:\/\/pinterest.com\/infoempleo\/"],"address":{"@type":"PostalAddress","addressLocality":"Madrid","postalCode":"28050","streetAddress":"Avenida de Burgos 114"},"brand":["Infoempleo"]},{"@type":"Person","@id":"https:\/\/empresas.infoempleo.com\/hrtrends\/#\/schema\/person\/67d3e276ffcc8b3ae0ebec816daf775a","name":"infoempleo","image":{"@type":"ImageObject","inLanguage":"es","@id":"https:\/\/empresas.infoempleo.com\/hrtrends\/#\/schema\/person\/image\/","url":"https:\/\/secure.gravatar.com\/avatar\/7b437777242fe67d2473c2a818da2344692d1ee91e91080ccffbd97bcd4a0975?s=96&d=mm&r=g","contentUrl":"https:\/\/secure.gravatar.com\/avatar\/7b437777242fe67d2473c2a818da2344692d1ee91e91080ccffbd97bcd4a0975?s=96&d=mm&r=g","caption":"infoempleo"},"url":"https:\/\/empresas.infoempleo.com\/hrtrends\/author\/infoempleo\/"}]}},"amp_enabled":true,"_links":{"self":[{"href":"https:\/\/empresas.infoempleo.com\/hrtrends\/wp-json\/wp\/v2\/posts\/8888","targetHints":{"allow":["GET"]}}],"collection":[{"href":"https:\/\/empresas.infoempleo.com\/hrtrends\/wp-json\/wp\/v2\/posts"}],"about":[{"href":"https:\/\/empresas.infoempleo.com\/hrtrends\/wp-json\/wp\/v2\/types\/post"}],"author":[{"embeddable":true,"href":"https:\/\/empresas.infoempleo.com\/hrtrends\/wp-json\/wp\/v2\/users\/72"}],"replies":[{"embeddable":true,"href":"https:\/\/empresas.infoempleo.com\/hrtrends\/wp-json\/wp\/v2\/comments?post=8888"}],"version-history":[{"count":5,"href":"https:\/\/empresas.infoempleo.com\/hrtrends\/wp-json\/wp\/v2\/posts\/8888\/revisions"}],"predecessor-version":[{"id":42449,"href":"https:\/\/empresas.infoempleo.com\/hrtrends\/wp-json\/wp\/v2\/posts\/8888\/revisions\/42449"}],"wp:featuredmedia":[{"embeddable":true,"href":"https:\/\/empresas.infoempleo.com\/hrtrends\/wp-json\/wp\/v2\/media\/29665"}],"wp:attachment":[{"href":"https:\/\/empresas.infoempleo.com\/hrtrends\/wp-json\/wp\/v2\/media?parent=8888"}],"wp:term":[{"taxonomy":"category","embeddable":true,"href":"https:\/\/empresas.infoempleo.com\/hrtrends\/wp-json\/wp\/v2\/categories?post=8888"},{"taxonomy":"post_tag","embeddable":true,"href":"https:\/\/empresas.infoempleo.com\/hrtrends\/wp-json\/wp\/v2\/tags?post=8888"}],"curies":[{"name":"wp","href":"https:\/\/api.w.org\/{rel}","templated":true}]}}