{"id":8833,"date":"2010-05-03T08:31:30","date_gmt":"2010-05-03T07:31:30","guid":{"rendered":"http:\/\/blog.infoempleo.com\/?p=8833"},"modified":"2024-08-01T16:12:13","modified_gmt":"2024-08-01T14:12:13","slug":"tu-en-nueva-york-y-yo-en-madrid","status":"publish","type":"post","link":"https:\/\/empresas.infoempleo.com\/hrtrends\/tu-en-nueva-york-y-yo-en-madrid\/","title":{"rendered":"T\u00fa en Nueva York y yo en Madrid"},"content":{"rendered":"<p style=\"text-align: left\">En un mundo tan global como el actual, es habitual que personas que viven en pa\u00edses e incluso continentes diferentes tengan que trabajar juntas. El avance de las nuevas tecnolog\u00edas ha facilitado mucho esta tarea y gracias a soluciones como, por ejemplo, <strong>las conferencias web se pueden realizar reuniones, independientemente de d\u00f3nde se encuentren los participantes<\/strong>, al tiempo que se ahorran costes y energ\u00eda. Sin embargo, muchas empresas desconocen que en este tipo de comunicaciones hay que seguir tambi\u00e9n una serie de c\u00f3digos de conducta.<\/p>\n<p style=\"text-align: center\">\n<p>La compa\u00f1\u00eda <a title=\"Web de Digital Samba\" href=\"https:\/\/www.digitalsamba.com\/\" target=\"_blank\" rel=\"noopener\">Digital Samba<\/a>, especializada en el desarrollo de soluciones para este tipo de comunicaciones, establece una serie de pautas a tener en cuenta:<\/p>\n<p><strong>&#8211; Preparar la sala: <\/strong>El hecho de que la reuni\u00f3n sea online no significa que\u00a0debamos descuidar la sala en la que se realiza la reuni\u00f3n. Hay que tener en cuenta el plano que escogeremos para que nos vean nuestros interlocutores y, partiendo de \u00e9l, cuidar la presencia de la sala. As\u00ed, no da una buena imagen el hecho de tener chaquetas colgadas detr\u00e1s o elementos que puedan distraer en la comunicaci\u00f3n. Por otro lado, \u201ces muy importante disponer de una correcta iluminaci\u00f3n y estar seguros de que nadie nos interrumpir\u00e1 durante el transcurso de la reuni\u00f3n\u201d, comenta Robert Strobl, Socio Fundador de Digital Samba, empresa especializada en soluciones de software para conferencias web.\u00a0<\/p>\n<p><strong>&#8211; Preparar el ordenador: <\/strong>Puesto que una de las herramientas imprescindibles a la hora de mantener una reuni\u00f3n online es el ordenador, hay que preparar mucho que todo funcione correctamente y que todos los ficheros y documentos que queremos mostrar en la reuni\u00f3n est\u00e1n a mano y disponibles. Poro este motivo, es conveniente reiniciar el ordenador para evitar posibles problemas. \u201cPese a que la conferencia web no requiere de instalaci\u00f3n de ning\u00fan tipo en el ordenador, sigue siendo conveniente reiniciar nuestro ordenador para prescindir de esperar innecesarias\u201d, comenta Strobl.\u00a0\u00a0<\/p>\n<p><strong>&#8211; Conexi\u00f3n a punto: <\/strong>La conferencia web dispone de diversas ventajas,\u00a0entre ellas que es un tipo de tecnolog\u00eda que no requiere ning\u00fan tipo de descarga ni de instalaci\u00f3n. Sin embargo, s\u00ed que tenemos que tener muy en cuenta la conexi\u00f3n que tengamos. Por eso, en el momento de realizar la reuni\u00f3n online \u201ces primordial tener a punto nuestra conexi\u00f3n a la Red, asegur\u00e1ndonos que no est\u00e1 saturada, por lo que hay que evitar que exista un gran tr\u00e1fico de datos en el momento de la reuni\u00f3n\u201d, afirma Robert Strobl. La estrategia tecnol\u00f3gica de cada empresa tiene que tener muy en cuenta este medio de comunicaci\u00f3n que es Internet y, por tanto, invertir en l\u00edneas de Internet adecuadas con sus necesidades y con un ancho de banda suficiente para cada usuario de la conferencia web. Sin duda, la falta de conectividad es uno de los enemigos m\u00e1s grandes de la productividad de las reuniones.\u00a0<\/p>\n<p><strong>&#8211; Ser visto y oido: <\/strong>Tan importante como el ancho de banda son los dispositivos de v\u00eddeo y audio de buena calidad. Si se usa la conferencia web diariamente, es necesario disponer tanto de una buena webcam, como en unos cascos adecuados. Contar con los dispositivos adecuados, permite una calidad de conversaci\u00f3n mucho mayor y que sea m\u00e1s productiva.\u00a0<\/p>\n<p>Lo mismo podemos decir de los materiales de presentaci\u00f3n que se van a utilizar en la reuni\u00f3n online. Los documentos tienen que estar debidamente preparados para transmitir una imagen de profesionalidad. Como suceder\u00eda en una reuni\u00f3n presencial, errores en la gram\u00e1tica y en la ortograf\u00eda afectar\u00e1n de forma negativa al mensaje.<\/p>\n<p><strong>&#8211; Cuidado con los \u201coff the record\u201d: <\/strong>En una reuni\u00f3n online es muy importante tener en cuenta que, \u201caunque no estemos en el turno de participaci\u00f3n, es posible que nuestro micr\u00f3fono est\u00e9 abierto y que se \u201ccuelen\u201d frases que no queremos que se escuchen o incluso, ruidos como silbidos, suspiros o, simplemente, golpes con el boli en la mesa, por poner un ejemplo\u201d apunta Strobl, a lo que a\u00f1ade \u201ctodo esto, adem\u00e1s de provocar situaciones que pueden ser embarazosas, distraen e interrumpen la reuni\u00f3n. Por eso, lo mejor para evitarlo es cerrar nuestro micr\u00f3fono cuando no estemos participando\u201d. Sin embargo, hay que tener en cuenta que un buen micr\u00f3fono para v\u00eddeo conferencias tipo casco, reducir\u00eda casi completamente este tipo de ruidos. A\u00fan as\u00ed, es necesario tener presente, tal y como lo har\u00edamos en una reuni\u00f3n presencial, un nivel de protocolo. Por ejemplo, masticar chicle, toser encima del micr\u00f3fono, arruinar\u00eda cualquier presentaci\u00f3n, a\u00fan cuando estuviera perfectamente preparada.<\/p>\n","protected":false},"excerpt":{"rendered":"<p>En un mundo tan global como el actual, es habitual que personas que viven en pa\u00edses e incluso<a class=\"moretag\" href=\"https:\/\/empresas.infoempleo.com\/hrtrends\/tu-en-nueva-york-y-yo-en-madrid\/\"> Leer m\u00e1s<\/a><\/p>\n","protected":false},"author":47,"featured_media":29665,"comment_status":"closed","ping_status":"open","sticky":false,"template":"","format":"standard","meta":{"footnotes":""},"categories":[3],"tags":[1645,1263,510],"class_list":["post-8833","post","type-post","status-publish","format-standard","has-post-thumbnail","hentry","category-actualidad","tag-conferencias-web","tag-globalizacion","tag-nuevas-tecnologias"],"yoast_head":"<!-- This site is optimized with the Yoast SEO plugin v26.1.1 - https:\/\/yoast.com\/wordpress\/plugins\/seo\/ -->\n<title>T\u00fa en Nueva York y yo en Madrid | HRTRENDS<\/title>\n<meta name=\"robots\" content=\"index, follow, max-snippet:-1, max-image-preview:large, max-video-preview:-1\" \/>\n<link rel=\"canonical\" href=\"https:\/\/empresas.infoempleo.com\/hrtrends\/tu-en-nueva-york-y-yo-en-madrid\/\" \/>\n<meta property=\"og:locale\" content=\"es_ES\" \/>\n<meta property=\"og:type\" content=\"article\" \/>\n<meta property=\"og:title\" content=\"T\u00fa en Nueva York y yo en Madrid | HRTRENDS\" \/>\n<meta property=\"og:description\" content=\"En un mundo tan global como el actual, es habitual que personas que viven en pa\u00edses e incluso Leer m\u00e1s\" \/>\n<meta property=\"og:url\" content=\"https:\/\/empresas.infoempleo.com\/hrtrends\/tu-en-nueva-york-y-yo-en-madrid\/\" \/>\n<meta property=\"og:site_name\" content=\"HRTRENDS\" \/>\n<meta property=\"article:publisher\" content=\"https:\/\/www.facebook.com\/Infoempleo\" \/>\n<meta property=\"article:published_time\" content=\"2010-05-03T07:31:30+00:00\" \/>\n<meta property=\"article:modified_time\" content=\"2024-08-01T14:12:13+00:00\" \/>\n<meta name=\"author\" content=\"Marta Toledano\" \/>\n<meta name=\"twitter:card\" content=\"summary_large_image\" \/>\n<meta name=\"twitter:creator\" content=\"@infoempleo\" \/>\n<meta name=\"twitter:site\" content=\"@infoempleo\" \/>\n<meta name=\"twitter:label1\" content=\"Escrito por\" \/>\n\t<meta name=\"twitter:data1\" content=\"Marta Toledano\" \/>\n\t<meta name=\"twitter:label2\" content=\"Tiempo de lectura\" \/>\n\t<meta name=\"twitter:data2\" content=\"4 minutos\" \/>\n<script type=\"application\/ld+json\" class=\"yoast-schema-graph\">{\"@context\":\"https:\/\/schema.org\",\"@graph\":[{\"@type\":\"NewsArticle\",\"@id\":\"https:\/\/empresas.infoempleo.com\/hrtrends\/tu-en-nueva-york-y-yo-en-madrid\/#article\",\"isPartOf\":{\"@id\":\"https:\/\/empresas.infoempleo.com\/hrtrends\/tu-en-nueva-york-y-yo-en-madrid\/\"},\"author\":{\"name\":\"Marta Toledano\",\"@id\":\"https:\/\/empresas.infoempleo.com\/hrtrends\/#\/schema\/person\/148d627e345a4676aeecce408bfd7761\"},\"headline\":\"T\u00fa en Nueva York y yo en Madrid\",\"datePublished\":\"2010-05-03T07:31:30+00:00\",\"dateModified\":\"2024-08-01T14:12:13+00:00\",\"mainEntityOfPage\":{\"@id\":\"https:\/\/empresas.infoempleo.com\/hrtrends\/tu-en-nueva-york-y-yo-en-madrid\/\"},\"wordCount\":799,\"publisher\":{\"@id\":\"https:\/\/empresas.infoempleo.com\/hrtrends\/#organization\"},\"image\":{\"@id\":\"https:\/\/empresas.infoempleo.com\/hrtrends\/tu-en-nueva-york-y-yo-en-madrid\/#primaryimage\"},\"thumbnailUrl\":\"https:\/\/empresas.infoempleo.com\/hrtrends\/media\/2017\/05\/pexels-photo-205508.jpg\",\"keywords\":[\"conferencias web\",\"globalizaci\u00f3n\",\"nuevas tecnolog\u00edas\"],\"articleSection\":[\"Actualidad\"],\"inLanguage\":\"es\",\"copyrightYear\":\"2010\",\"copyrightHolder\":{\"@id\":\"https:\/\/empresas.infoempleo.com\/hrtrends\/#organization\"}},{\"@type\":\"WebPage\",\"@id\":\"https:\/\/empresas.infoempleo.com\/hrtrends\/tu-en-nueva-york-y-yo-en-madrid\/\",\"url\":\"https:\/\/empresas.infoempleo.com\/hrtrends\/tu-en-nueva-york-y-yo-en-madrid\/\",\"name\":\"T\u00fa en Nueva York y yo en Madrid | HRTRENDS\",\"isPartOf\":{\"@id\":\"https:\/\/empresas.infoempleo.com\/hrtrends\/#website\"},\"primaryImageOfPage\":{\"@id\":\"https:\/\/empresas.infoempleo.com\/hrtrends\/tu-en-nueva-york-y-yo-en-madrid\/#primaryimage\"},\"image\":{\"@id\":\"https:\/\/empresas.infoempleo.com\/hrtrends\/tu-en-nueva-york-y-yo-en-madrid\/#primaryimage\"},\"thumbnailUrl\":\"https:\/\/empresas.infoempleo.com\/hrtrends\/media\/2017\/05\/pexels-photo-205508.jpg\",\"datePublished\":\"2010-05-03T07:31:30+00:00\",\"dateModified\":\"2024-08-01T14:12:13+00:00\",\"breadcrumb\":{\"@id\":\"https:\/\/empresas.infoempleo.com\/hrtrends\/tu-en-nueva-york-y-yo-en-madrid\/#breadcrumb\"},\"inLanguage\":\"es\",\"potentialAction\":[{\"@type\":\"ReadAction\",\"target\":[\"https:\/\/empresas.infoempleo.com\/hrtrends\/tu-en-nueva-york-y-yo-en-madrid\/\"]}]},{\"@type\":\"ImageObject\",\"inLanguage\":\"es\",\"@id\":\"https:\/\/empresas.infoempleo.com\/hrtrends\/tu-en-nueva-york-y-yo-en-madrid\/#primaryimage\",\"url\":\"https:\/\/empresas.infoempleo.com\/hrtrends\/media\/2017\/05\/pexels-photo-205508-150x150.jpg\",\"contentUrl\":\"https:\/\/empresas.infoempleo.com\/hrtrends\/media\/2017\/05\/pexels-photo-205508-150x150.jpg\",\"width\":150,\"height\":150},{\"@type\":\"BreadcrumbList\",\"@id\":\"https:\/\/empresas.infoempleo.com\/hrtrends\/tu-en-nueva-york-y-yo-en-madrid\/#breadcrumb\",\"itemListElement\":[{\"@type\":\"ListItem\",\"position\":1,\"name\":\"Portada\",\"item\":\"https:\/\/empresas.infoempleo.com\/hrtrends\/\"},{\"@type\":\"ListItem\",\"position\":2,\"name\":\"T\u00fa en Nueva York y yo en Madrid\"}]},{\"@type\":\"WebSite\",\"@id\":\"https:\/\/empresas.infoempleo.com\/hrtrends\/#website\",\"url\":\"https:\/\/empresas.infoempleo.com\/hrtrends\",\"name\":\"HRTrends by Infoempleo\",\"description\":\"\",\"publisher\":{\"@id\":\"https:\/\/empresas.infoempleo.com\/hrtrends\/#organization\"},\"potentialAction\":{\"@type\":\"SearchAction\",\"target\":\"https:\/\/empresas.infoempleo.com\/hrtrends\/?s={search_term_string}\",\"query-input\":\"required name=search_term_string\"},\"inLanguage\":\"es\"},{\"@type\":\"Organization\",\"@id\":\"https:\/\/empresas.infoempleo.com\/hrtrends\/#organization\",\"name\":\"Infoempleo\",\"url\":\"https:\/\/www.infoempleo.com\/\",\"logo\":{\"@type\":\"ImageObject\",\"@id\":\"https:\/\/empresas.infoempleo.com\/hrtrends\/#logo\",\"inLanguage\":\"es\",\"url\":\"https:\/\/cdnazure.infoempleo.com\/infoempleo\/assets\/style\/gfx\/logo.svg\",\"contentUrl\":\"https:\/\/cdnazure.infoempleo.com\/infoempleo\/assets\/style\/gfx\/logo.svg\",\"width\":150,\"height\":40,\"caption\":\"Infoempleo\"},\"image\":{\"@id\":\"https:\/\/empresas.infoempleo.com\/hrtrends\/#logo\"},\"sameAs\":[\"https:\/\/www.facebook.com\/Infoempleo\",\"https:\/\/x.com\/infoempleo\",\"http:\/\/instagram.com\/infoempleo\/\",\"http:\/\/www.linkedin.com\/groups\/Empleo-Espa\u00f1a-Infoempleocom-111276\",\"http:\/\/pinterest.com\/infoempleo\/\"],\"address\":{\"@type\":\"PostalAddress\",\"addressLocality\":\"Madrid\",\"postalCode\":\"28050\",\"streetAddress\":\"Avenida de Burgos 114\"},\"brand\":[\"Infoempleo\"]},{\"@type\":\"Person\",\"@id\":\"https:\/\/empresas.infoempleo.com\/hrtrends\/#\/schema\/person\/148d627e345a4676aeecce408bfd7761\",\"name\":\"Marta Toledano\",\"image\":{\"@type\":\"ImageObject\",\"inLanguage\":\"es\",\"@id\":\"https:\/\/empresas.infoempleo.com\/hrtrends\/#\/schema\/person\/image\/\",\"url\":\"https:\/\/secure.gravatar.com\/avatar\/93363d5d792ee4fc55b75a71007430155fadc7be42b4e09eee0b8f4c536dc729?s=96&d=mm&r=g\",\"contentUrl\":\"https:\/\/secure.gravatar.com\/avatar\/93363d5d792ee4fc55b75a71007430155fadc7be42b4e09eee0b8f4c536dc729?s=96&d=mm&r=g\",\"caption\":\"Marta Toledano\"},\"url\":\"https:\/\/empresas.infoempleo.com\/hrtrends\/author\/marta-toledano\/\"}]}<\/script>\n<!-- \/ Yoast SEO plugin. -->","yoast_head_json":{"title":"T\u00fa en Nueva York y yo en Madrid | HRTRENDS","robots":{"index":"index","follow":"follow","max-snippet":"max-snippet:-1","max-image-preview":"max-image-preview:large","max-video-preview":"max-video-preview:-1"},"canonical":"https:\/\/empresas.infoempleo.com\/hrtrends\/tu-en-nueva-york-y-yo-en-madrid\/","og_locale":"es_ES","og_type":"article","og_title":"T\u00fa en Nueva York y yo en Madrid | HRTRENDS","og_description":"En un mundo tan global como el actual, es habitual que personas que viven en pa\u00edses e incluso Leer m\u00e1s","og_url":"https:\/\/empresas.infoempleo.com\/hrtrends\/tu-en-nueva-york-y-yo-en-madrid\/","og_site_name":"HRTRENDS","article_publisher":"https:\/\/www.facebook.com\/Infoempleo","article_published_time":"2010-05-03T07:31:30+00:00","article_modified_time":"2024-08-01T14:12:13+00:00","author":"Marta Toledano","twitter_card":"summary_large_image","twitter_creator":"@infoempleo","twitter_site":"@infoempleo","twitter_misc":{"Escrito por":"Marta Toledano","Tiempo de lectura":"4 minutos"},"schema":{"@context":"https:\/\/schema.org","@graph":[{"@type":"NewsArticle","@id":"https:\/\/empresas.infoempleo.com\/hrtrends\/tu-en-nueva-york-y-yo-en-madrid\/#article","isPartOf":{"@id":"https:\/\/empresas.infoempleo.com\/hrtrends\/tu-en-nueva-york-y-yo-en-madrid\/"},"author":{"name":"Marta Toledano","@id":"https:\/\/empresas.infoempleo.com\/hrtrends\/#\/schema\/person\/148d627e345a4676aeecce408bfd7761"},"headline":"T\u00fa en Nueva York y yo en Madrid","datePublished":"2010-05-03T07:31:30+00:00","dateModified":"2024-08-01T14:12:13+00:00","mainEntityOfPage":{"@id":"https:\/\/empresas.infoempleo.com\/hrtrends\/tu-en-nueva-york-y-yo-en-madrid\/"},"wordCount":799,"publisher":{"@id":"https:\/\/empresas.infoempleo.com\/hrtrends\/#organization"},"image":{"@id":"https:\/\/empresas.infoempleo.com\/hrtrends\/tu-en-nueva-york-y-yo-en-madrid\/#primaryimage"},"thumbnailUrl":"https:\/\/empresas.infoempleo.com\/hrtrends\/media\/2017\/05\/pexels-photo-205508.jpg","keywords":["conferencias web","globalizaci\u00f3n","nuevas tecnolog\u00edas"],"articleSection":["Actualidad"],"inLanguage":"es","copyrightYear":"2010","copyrightHolder":{"@id":"https:\/\/empresas.infoempleo.com\/hrtrends\/#organization"}},{"@type":"WebPage","@id":"https:\/\/empresas.infoempleo.com\/hrtrends\/tu-en-nueva-york-y-yo-en-madrid\/","url":"https:\/\/empresas.infoempleo.com\/hrtrends\/tu-en-nueva-york-y-yo-en-madrid\/","name":"T\u00fa en Nueva York y yo en Madrid | HRTRENDS","isPartOf":{"@id":"https:\/\/empresas.infoempleo.com\/hrtrends\/#website"},"primaryImageOfPage":{"@id":"https:\/\/empresas.infoempleo.com\/hrtrends\/tu-en-nueva-york-y-yo-en-madrid\/#primaryimage"},"image":{"@id":"https:\/\/empresas.infoempleo.com\/hrtrends\/tu-en-nueva-york-y-yo-en-madrid\/#primaryimage"},"thumbnailUrl":"https:\/\/empresas.infoempleo.com\/hrtrends\/media\/2017\/05\/pexels-photo-205508.jpg","datePublished":"2010-05-03T07:31:30+00:00","dateModified":"2024-08-01T14:12:13+00:00","breadcrumb":{"@id":"https:\/\/empresas.infoempleo.com\/hrtrends\/tu-en-nueva-york-y-yo-en-madrid\/#breadcrumb"},"inLanguage":"es","potentialAction":[{"@type":"ReadAction","target":["https:\/\/empresas.infoempleo.com\/hrtrends\/tu-en-nueva-york-y-yo-en-madrid\/"]}]},{"@type":"ImageObject","inLanguage":"es","@id":"https:\/\/empresas.infoempleo.com\/hrtrends\/tu-en-nueva-york-y-yo-en-madrid\/#primaryimage","url":"https:\/\/empresas.infoempleo.com\/hrtrends\/media\/2017\/05\/pexels-photo-205508-150x150.jpg","contentUrl":"https:\/\/empresas.infoempleo.com\/hrtrends\/media\/2017\/05\/pexels-photo-205508-150x150.jpg","width":150,"height":150},{"@type":"BreadcrumbList","@id":"https:\/\/empresas.infoempleo.com\/hrtrends\/tu-en-nueva-york-y-yo-en-madrid\/#breadcrumb","itemListElement":[{"@type":"ListItem","position":1,"name":"Portada","item":"https:\/\/empresas.infoempleo.com\/hrtrends\/"},{"@type":"ListItem","position":2,"name":"T\u00fa en Nueva York y yo en Madrid"}]},{"@type":"WebSite","@id":"https:\/\/empresas.infoempleo.com\/hrtrends\/#website","url":"https:\/\/empresas.infoempleo.com\/hrtrends","name":"HRTrends by Infoempleo","description":"","publisher":{"@id":"https:\/\/empresas.infoempleo.com\/hrtrends\/#organization"},"potentialAction":{"@type":"SearchAction","target":"https:\/\/empresas.infoempleo.com\/hrtrends\/?s={search_term_string}","query-input":"required name=search_term_string"},"inLanguage":"es"},{"@type":"Organization","@id":"https:\/\/empresas.infoempleo.com\/hrtrends\/#organization","name":"Infoempleo","url":"https:\/\/www.infoempleo.com\/","logo":{"@type":"ImageObject","@id":"https:\/\/empresas.infoempleo.com\/hrtrends\/#logo","inLanguage":"es","url":"https:\/\/cdnazure.infoempleo.com\/infoempleo\/assets\/style\/gfx\/logo.svg","contentUrl":"https:\/\/cdnazure.infoempleo.com\/infoempleo\/assets\/style\/gfx\/logo.svg","width":150,"height":40,"caption":"Infoempleo"},"image":{"@id":"https:\/\/empresas.infoempleo.com\/hrtrends\/#logo"},"sameAs":["https:\/\/www.facebook.com\/Infoempleo","https:\/\/x.com\/infoempleo","http:\/\/instagram.com\/infoempleo\/","http:\/\/www.linkedin.com\/groups\/Empleo-Espa\u00f1a-Infoempleocom-111276","http:\/\/pinterest.com\/infoempleo\/"],"address":{"@type":"PostalAddress","addressLocality":"Madrid","postalCode":"28050","streetAddress":"Avenida de Burgos 114"},"brand":["Infoempleo"]},{"@type":"Person","@id":"https:\/\/empresas.infoempleo.com\/hrtrends\/#\/schema\/person\/148d627e345a4676aeecce408bfd7761","name":"Marta Toledano","image":{"@type":"ImageObject","inLanguage":"es","@id":"https:\/\/empresas.infoempleo.com\/hrtrends\/#\/schema\/person\/image\/","url":"https:\/\/secure.gravatar.com\/avatar\/93363d5d792ee4fc55b75a71007430155fadc7be42b4e09eee0b8f4c536dc729?s=96&d=mm&r=g","contentUrl":"https:\/\/secure.gravatar.com\/avatar\/93363d5d792ee4fc55b75a71007430155fadc7be42b4e09eee0b8f4c536dc729?s=96&d=mm&r=g","caption":"Marta Toledano"},"url":"https:\/\/empresas.infoempleo.com\/hrtrends\/author\/marta-toledano\/"}]}},"amp_enabled":true,"_links":{"self":[{"href":"https:\/\/empresas.infoempleo.com\/hrtrends\/wp-json\/wp\/v2\/posts\/8833","targetHints":{"allow":["GET"]}}],"collection":[{"href":"https:\/\/empresas.infoempleo.com\/hrtrends\/wp-json\/wp\/v2\/posts"}],"about":[{"href":"https:\/\/empresas.infoempleo.com\/hrtrends\/wp-json\/wp\/v2\/types\/post"}],"author":[{"embeddable":true,"href":"https:\/\/empresas.infoempleo.com\/hrtrends\/wp-json\/wp\/v2\/users\/47"}],"replies":[{"embeddable":true,"href":"https:\/\/empresas.infoempleo.com\/hrtrends\/wp-json\/wp\/v2\/comments?post=8833"}],"version-history":[{"count":1,"href":"https:\/\/empresas.infoempleo.com\/hrtrends\/wp-json\/wp\/v2\/posts\/8833\/revisions"}],"predecessor-version":[{"id":44547,"href":"https:\/\/empresas.infoempleo.com\/hrtrends\/wp-json\/wp\/v2\/posts\/8833\/revisions\/44547"}],"wp:featuredmedia":[{"embeddable":true,"href":"https:\/\/empresas.infoempleo.com\/hrtrends\/wp-json\/wp\/v2\/media\/29665"}],"wp:attachment":[{"href":"https:\/\/empresas.infoempleo.com\/hrtrends\/wp-json\/wp\/v2\/media?parent=8833"}],"wp:term":[{"taxonomy":"category","embeddable":true,"href":"https:\/\/empresas.infoempleo.com\/hrtrends\/wp-json\/wp\/v2\/categories?post=8833"},{"taxonomy":"post_tag","embeddable":true,"href":"https:\/\/empresas.infoempleo.com\/hrtrends\/wp-json\/wp\/v2\/tags?post=8833"}],"curies":[{"name":"wp","href":"https:\/\/api.w.org\/{rel}","templated":true}]}}