{"id":8828,"date":"2010-05-03T08:21:02","date_gmt":"2010-05-03T07:21:02","guid":{"rendered":"http:\/\/blog.infoempleo.com\/?p=8828"},"modified":"2024-12-09T13:10:06","modified_gmt":"2024-12-09T11:10:06","slug":"el-asalto-de-los-profesionales-2-0","status":"publish","type":"post","link":"https:\/\/empresas.infoempleo.com\/hrtrends\/el-asalto-de-los-profesionales-2-0\/","title":{"rendered":"El asalto de los profesionales 2.0"},"content":{"rendered":"<p>Los expertos en internet y redes sociales son tambi\u00e9n especialistas en marketing que se ponen al servicio de empresas de cualquier naturaleza y sector. \u00abLas nuevas profesiones relacionadas con Internet son como Matrix, es imposible explicarlas&#8230; tienes que verlas\u00bb. No es que <a title=\"Enlace Enrique Dans\" href=\"https:\/\/www.enriquedans.com\/\" target=\"_blank\" rel=\"noopener\">Enrique Dans<\/a>, profesor de Sistemas de Informaci\u00f3n en IE Business School, haya sido abducido por la ciencia ficci\u00f3n cinematogr\u00e1fica de finales del siglo XX, simplemente hace una analog\u00eda que no pod\u00eda estar m\u00e1s en la l\u00ednea de los que se han convertido en los profesionales 2.0 m\u00e1s demandados de la era de la crisis.<\/p>\n<p>Se refiere a, entre otros, los \u2018community managers\u2019, los \u2018chief blogger officers\u2019 o los \u2018freelance managers\u2019. Para muchos su traducci\u00f3n literal es todav\u00eda m\u00e1s incomprensible que el t\u00e9rmino original en ingl\u00e9s, pero no por eso dejan de ser responsables de una forma de vida que hace diez a\u00f1os tampoco entend\u00edamos ni cre\u00edamos necesitar.<\/p>\n<p>Los sucesores del \u2018web master\u2019 y el \u2018postmaster\u2019\u00a0 [responsables de \u2018web\u2019 y correo electr\u00f3nico de una empresa] de la era dorada de las \u2018puntocom\u2019 ya no son \u00ablos amos del c\u00f3digo\u00bb, como los denomina Dans. Son aquellos que vienen a dar respuesta a la demanda de los m\u00e1s de 21 millones de internautas que hay en Espa\u00f1a seg\u00fan datos del <a href=\"https:\/\/www.ine.es\/\" target=\"_blank\" rel=\"noopener\">Instituto Nacional de Estad\u00edstica<\/a> (INE), y que desde hace tiempo no se conforman con \u00abrellenar formularios digitales\u00bb. \u00abAhora buscan y generan contenidos en p\u00e1ginas y redes. Internet, hoy, es un algoritmo social y todos nos relacionamos en la Red mientras \u2018manoseamos\u2019 y valoramos la informaci\u00f3n que se nos propone\u00bb, concluye el profesor de Sistemas de Informaci\u00f3n de IE Business School.<\/p>\n<p>As\u00ed las cosas \u2014y m\u00e1s desde que la recesi\u00f3n ha obligado a reducir el presupuesto en marketing y publicidad\u2014 la empresa ha dejado de volcar contenidos y gestionar peque\u00f1os servicios en su \u2018web\u2019 para aprovechar todos los recursos que la red pone a su alcance con el fin de mover su imagen de marca de una forma segmentada y por tanto, con mejor posibilidades de calar en el cliente. A saber: su \u2018site\u2019 [sito en Internet], su \u2018blog\u2019 [bit\u00e1cora] y su presencia en redes sociales como Facebook, Tuenti o <a href=\"https:\/\/twitter.com\/\" target=\"_blank\" rel=\"noopener\">Twitter<\/a>.<\/p>\n<h2>Mucha demanda y poca formaci\u00f3n<\/h2>\n<p>Pero con tantas necesidades en la organizaci\u00f3n es dif\u00edcil elaborar una clasificaci\u00f3n de profesionales 2.0 que cuadre con la relaci\u00f3n anterior. Las compa\u00f1\u00edas pueden buscar desde expertos que les ayuden a que su p\u00e1gina salga entre las primeras en una b\u00fasqueda determinada en<a href=\"http:\/\/www.google.es\" target=\"_blank\" rel=\"noopener\"> Google<\/a> (los SEM) a especialistas en\u00a0 bucear en viejas bases de datos inform\u00e1ticas. Y no es rizar el rizo. <a href=\"https:\/\/rodolfocarpintier.com\/\" target=\"_blank\" rel=\"noopener\">Rodolfo Carpitintier<\/a>, presidente de DaD, reconoce que el porcentaje de clientes activos apenas llega al 20% del total de los registrados: \u00abAhora es muy importante sacarle partido a ese 80%, la diferencia econ\u00f3mica puede ser grande\u00bb.<\/p>\n<p>Pero, \u00bfQu\u00e9 clase de profesionales est\u00e1n llamados a dar ese salto cuantitativo en la empresa? El responsable del lanzamiento, entre otras, de <a href=\"https:\/\/www.baquia.com\/\" target=\"_blank\" rel=\"noopener\" class=\"broken_link\">Baqu\u00eda<\/a> y Tuenti, no se refiere al experto en inform\u00e1tica de anta\u00f1o, pero tampoco deja de hacerlo. Se explica: \u00abvamos a asistir a una polinizaci\u00f3n cruzada entre profesiones que combinar\u00e1n, entre otras, especialidades\u00a0 t\u00e9cnicas con el dominio del marketing y el desarrollo comercial\u00bb.<\/p>\n<p>Y una constante actualizaci\u00f3n, porque si sus nombres aparecen y evolucionan a un ritmo que apenas pueden seguir los departamentos de recursos humanos \u2013de ah\u00ed que la externalizaci\u00f3n de selecci\u00f3n y servicio para estos profesionales siga siendo muy grande\u2013, los centros de formaci\u00f3n tradicional empiezan a sudar \u2018bytes\u2019. \u00abLa educaci\u00f3n no est\u00e1 a la altura. Pese al alto grado de desempleo hay una necesidad absoluta de este tipo de perfiles\u00bb, insiste Carpintier mientras trae a la memoria el informe de la<a href=\"https:\/\/www.aetic.es\/\" target=\"_blank\" rel=\"noopener\"> Asociaci\u00f3n de Empresas de Electr\u00f3nica, Tecnolog\u00edas de la Informaci\u00f3n y Telecomunicaciones<\/a> (AETIC) que en 2007 situaba en 10.000 el d\u00e9ficit de especialistas en \u00e9ste \u00e1mbito durante los pr\u00f3ximos a\u00f1os. \u00abAlgunas escuelas de negocios s\u00ed est\u00e1n apostando por estas nuevas profesiones, comenzaron en 2000 con m\u00e1steres en comercio electr\u00f3nico y poco a poco est\u00e1n consiguiendo aproximarse a la realidad, pero a\u00fan queda\u00bb, matiza el presidente de DaD.<\/p>\n<p>Laura Sim\u00f3n, directora de Proyectos y responsable del \u00e1rea de Outsourcing en Recursos Humanos de <a href=\"https:\/\/www.psicotec.com\/\" target=\"_blank\" rel=\"noopener\">Psicotec<\/a>, se\u00f1ala al IE Business School como uno de los m\u00e1s avanzados en el tema y apunta como raz\u00f3n a que \u00abcada vez son m\u00e1s y m\u00e1s variadas las empresas que demandan este tipo de perfiles. Obviamente, las tecnol\u00f3gicas siempre van a la cabeza, pero hoy cualquier compa\u00f1\u00eda, ya sea de distribuci\u00f3n, gran consumo, consultor\u00eda&#8230; los necesita\u00bb. \u00abY no es f\u00e1cil encontrarlos \u2013prosiguen desde la consultora\u2013. No puedes pedir experiencia de cinco a\u00f1os para un puesto que no exist\u00eda siquiera hace dos. Y como ya hemos dicho, tampoco hay una formaci\u00f3n espec\u00edfica, sino una fusi\u00f3n a la que hay que sumarle la actitud de quien sabe y quiere \u2018llegar\u2019\u00bb. Deber\u00e1 hacerlo, adem\u00e1s, por el bien de la compa\u00f1\u00eda, y eso lo tiene muy claro Sim\u00f3n. \u00abCon todas las herramientas de las que disponen estos profesionales, el bueno har\u00e1 mucho bien, pero el malo podr\u00e1 perjudicar mucho a la empresa\u00bb, advierte.<\/p>\n<h2>Glosario de perfiles profesionales 2.0<\/h2>\n<p><strong>Community manager:<\/strong>\u00a0 Gestiona comunidades y administra la presencia de la empresa en redes sociales. M\u00e1s all\u00e1 de la \u2018web\u2019 2.0 propone productos adaptados a internet.<\/p>\n<p><strong>Chief\u00a0 blogger officer:<\/strong> Responsable del \u2018blog\u2019 de la empresa.<\/p>\n<p><strong>Expertos en \u2018buzz marketing\u2019:<\/strong> Participan en foros como usuarios comunes\u00a0 para recomendar un producto. Tambi\u00e9n suelen ser buenos veh\u00edculos para campa\u00f1as de marketing viral.<\/p>\n<p><strong>Usability manager:<\/strong> Su misi\u00f3n es garantizar, a trav\u00e9s de an\u00e1lisis heur\u00edstico,\u00a0 que la \u2018web\u2019 de la compa\u00f1\u00eda satisfaga los objetivos para los que se dise\u00f1\u00f3 y responda a las necesidades de los clientes que acuden a ella.<\/p>\n<p><strong>SEO:<\/strong> Estas siglas responden al puesto de especialista en \u2018search engine optimization\u2019. Su misi\u00f3n es la de asesorar a la empresa para que los contenidos de su p\u00e1gina logren un buen posicionamiento en buscadores.<\/p>\n<p><strong>SEM:<\/strong>\u00a0 El experto en \u2018search engine marketing\u2019 va mucho m\u00e1s all\u00e1 del SEO. Su objetivo es destacar la presencia de la compa\u00f1\u00eda en estos mismos buscadores, pero a trav\u00e9s de otras herramientas como la publicidad o la compra de palabras.<\/p>\n<p><strong>Information architect:<\/strong>\u00a0 Es el responsable de la ordenaci\u00f3n l\u00f3gica de los contenidos de la \u2018web\u2019 de una empresa. Su misi\u00f3n consiste en aplicar el sentido com\u00fan y la visi\u00f3n global a los especialistas anteriores.<\/p>\n<p><strong>Webmetrista:<\/strong>\u00a0 Mide\u00a0 y potencia la evoluci\u00f3n de audiencia del \u2018site\u2019 de la empresa y la traduce con fines comerciales.<\/p>\n<p><strong>E-commerce consultant:<\/strong>\u00a0 La optimizaci\u00f3n de la \u2018web\u2019 y el correo electr\u00f3nico\u00a0como herramienta comercial es su principal labor.<\/p>\n","protected":false},"excerpt":{"rendered":"<p>Los expertos en internet y redes sociales son tambi\u00e9n especialistas en marketing que se ponen al servicio de empresas de cualquier naturaleza y sector.<\/p>\n","protected":false},"author":35,"featured_media":41162,"comment_status":"closed","ping_status":"open","sticky":false,"template":"","format":"standard","meta":{"footnotes":""},"categories":[3],"tags":[1630,1632,1633,1394,23,24,1634,1171,1635,1636,986,1637,207,1638,1396,1639,1640,27,1642,1643,1644],"class_list":["post-8828","post","type-post","status-publish","format-standard","has-post-thumbnail","hentry","category-actualidad","tag-baquia","tag-chief-blogger-officers","tag-community-managers","tag-dad","tag-enrique-dans","tag-facebook","tag-freelance-managers","tag-ie-business-school","tag-instituto-nacional-de-estadistica","tag-laura-simon","tag-matrix","tag-postmaster","tag-profesionales","tag-psicotec","tag-rodolfo-carpintier","tag-sem","tag-seo","tag-tuenti","tag-twitter","tag-usability-manager","tag-webmaster"],"yoast_head":"<!-- This site is optimized with the Yoast SEO plugin v26.1.1 - https:\/\/yoast.com\/wordpress\/plugins\/seo\/ -->\n<title>El asalto de los profesionales 2.0 | HRTRENDS<\/title>\n<meta name=\"description\" content=\"Te contamos qu\u00e9 perfiles profesionales 2.0 est\u00e1n demandando las empresas. En qu\u00e9 consiste el trabajo que realizan cada uno de estos puestos\" \/>\n<meta name=\"robots\" content=\"index, follow, max-snippet:-1, max-image-preview:large, max-video-preview:-1\" \/>\n<link rel=\"canonical\" href=\"https:\/\/empresas.infoempleo.com\/hrtrends\/el-asalto-de-los-profesionales-2-0\/\" \/>\n<meta property=\"og:locale\" content=\"es_ES\" \/>\n<meta property=\"og:type\" content=\"article\" \/>\n<meta property=\"og:title\" content=\"El asalto de los profesionales 2.0 | HRTRENDS\" \/>\n<meta property=\"og:description\" content=\"Te contamos qu\u00e9 perfiles profesionales 2.0 est\u00e1n demandando las empresas. En qu\u00e9 consiste el trabajo que realizan cada uno de estos puestos\" \/>\n<meta property=\"og:url\" content=\"https:\/\/empresas.infoempleo.com\/hrtrends\/el-asalto-de-los-profesionales-2-0\/\" \/>\n<meta property=\"og:site_name\" content=\"HRTRENDS\" \/>\n<meta property=\"article:publisher\" content=\"https:\/\/www.facebook.com\/Infoempleo\" \/>\n<meta property=\"article:published_time\" content=\"2010-05-03T07:21:02+00:00\" \/>\n<meta property=\"article:modified_time\" content=\"2024-12-09T11:10:06+00:00\" \/>\n<meta property=\"og:image\" content=\"https:\/\/empresas.infoempleo.com\/hrtrends\/media\/2010\/05\/Arquitecto-web-entre-los-perfiles-profesionales-2.0.jpg\" \/>\n\t<meta property=\"og:image:width\" content=\"2119\" \/>\n\t<meta property=\"og:image:height\" content=\"1414\" \/>\n\t<meta property=\"og:image:type\" content=\"image\/jpeg\" \/>\n<meta name=\"author\" content=\"Laura de Cubas\" \/>\n<meta name=\"twitter:card\" content=\"summary_large_image\" \/>\n<meta name=\"twitter:creator\" content=\"@infoempleo\" \/>\n<meta name=\"twitter:site\" content=\"@infoempleo\" \/>\n<meta name=\"twitter:label1\" content=\"Escrito por\" \/>\n\t<meta name=\"twitter:data1\" content=\"Laura de Cubas\" \/>\n\t<meta name=\"twitter:label2\" content=\"Tiempo de lectura\" \/>\n\t<meta name=\"twitter:data2\" content=\"5 minutos\" \/>\n<script type=\"application\/ld+json\" class=\"yoast-schema-graph\">{\"@context\":\"https:\/\/schema.org\",\"@graph\":[{\"@type\":\"NewsArticle\",\"@id\":\"https:\/\/empresas.infoempleo.com\/hrtrends\/el-asalto-de-los-profesionales-2-0\/#article\",\"isPartOf\":{\"@id\":\"https:\/\/empresas.infoempleo.com\/hrtrends\/el-asalto-de-los-profesionales-2-0\/\"},\"author\":{\"name\":\"Laura de Cubas\",\"@id\":\"https:\/\/empresas.infoempleo.com\/hrtrends\/#\/schema\/person\/eee830fc2082cd3b52302e59ea0d2c05\"},\"headline\":\"El asalto de los profesionales 2.0\",\"datePublished\":\"2010-05-03T07:21:02+00:00\",\"dateModified\":\"2024-12-09T11:10:06+00:00\",\"mainEntityOfPage\":{\"@id\":\"https:\/\/empresas.infoempleo.com\/hrtrends\/el-asalto-de-los-profesionales-2-0\/\"},\"wordCount\":1184,\"publisher\":{\"@id\":\"https:\/\/empresas.infoempleo.com\/hrtrends\/#organization\"},\"image\":{\"@id\":\"https:\/\/empresas.infoempleo.com\/hrtrends\/el-asalto-de-los-profesionales-2-0\/#primaryimage\"},\"thumbnailUrl\":\"https:\/\/empresas.infoempleo.com\/hrtrends\/media\/2010\/05\/Arquitecto-web-entre-los-perfiles-profesionales-2.0.jpg\",\"keywords\":[\"Baqu\u00eda\",\"chief blogger officers\",\"community managers\",\"Dad\",\"Enrique Dans\",\"Facebook\",\"freelance managers\",\"IE Business School\",\"Instituto Nacional de Estad\u00edstica\",\"Laura Sim\u00f3n\",\"Matrix\",\"postmaster\",\"profesionales\",\"Psicotec\",\"Rodolfo Carpintier\",\"SEM\",\"SEO\",\"Tuenti\",\"Twitter\",\"Usability manager\",\"webmaster\"],\"articleSection\":[\"Actualidad\"],\"inLanguage\":\"es\",\"copyrightYear\":\"2010\",\"copyrightHolder\":{\"@id\":\"https:\/\/empresas.infoempleo.com\/hrtrends\/#organization\"}},{\"@type\":\"WebPage\",\"@id\":\"https:\/\/empresas.infoempleo.com\/hrtrends\/el-asalto-de-los-profesionales-2-0\/\",\"url\":\"https:\/\/empresas.infoempleo.com\/hrtrends\/el-asalto-de-los-profesionales-2-0\/\",\"name\":\"El asalto de los profesionales 2.0 | HRTRENDS\",\"isPartOf\":{\"@id\":\"https:\/\/empresas.infoempleo.com\/hrtrends\/#website\"},\"primaryImageOfPage\":{\"@id\":\"https:\/\/empresas.infoempleo.com\/hrtrends\/el-asalto-de-los-profesionales-2-0\/#primaryimage\"},\"image\":{\"@id\":\"https:\/\/empresas.infoempleo.com\/hrtrends\/el-asalto-de-los-profesionales-2-0\/#primaryimage\"},\"thumbnailUrl\":\"https:\/\/empresas.infoempleo.com\/hrtrends\/media\/2010\/05\/Arquitecto-web-entre-los-perfiles-profesionales-2.0.jpg\",\"datePublished\":\"2010-05-03T07:21:02+00:00\",\"dateModified\":\"2024-12-09T11:10:06+00:00\",\"description\":\"Te contamos qu\u00e9 perfiles profesionales 2.0 est\u00e1n demandando las empresas. En qu\u00e9 consiste el trabajo que realizan cada uno de estos puestos\",\"breadcrumb\":{\"@id\":\"https:\/\/empresas.infoempleo.com\/hrtrends\/el-asalto-de-los-profesionales-2-0\/#breadcrumb\"},\"inLanguage\":\"es\",\"potentialAction\":[{\"@type\":\"ReadAction\",\"target\":[\"https:\/\/empresas.infoempleo.com\/hrtrends\/el-asalto-de-los-profesionales-2-0\/\"]}]},{\"@type\":\"ImageObject\",\"inLanguage\":\"es\",\"@id\":\"https:\/\/empresas.infoempleo.com\/hrtrends\/el-asalto-de-los-profesionales-2-0\/#primaryimage\",\"url\":\"https:\/\/empresas.infoempleo.com\/hrtrends\/media\/2010\/05\/Arquitecto-web-entre-los-perfiles-profesionales-2.0-150x150.jpg\",\"contentUrl\":\"https:\/\/empresas.infoempleo.com\/hrtrends\/media\/2010\/05\/Arquitecto-web-entre-los-perfiles-profesionales-2.0-150x150.jpg\",\"width\":150,\"height\":150,\"caption\":\"Arquitecto web uno de los perfiles profesionales 2.0 m\u00e1s demandados\"},{\"@type\":\"BreadcrumbList\",\"@id\":\"https:\/\/empresas.infoempleo.com\/hrtrends\/el-asalto-de-los-profesionales-2-0\/#breadcrumb\",\"itemListElement\":[{\"@type\":\"ListItem\",\"position\":1,\"name\":\"Portada\",\"item\":\"https:\/\/empresas.infoempleo.com\/hrtrends\/\"},{\"@type\":\"ListItem\",\"position\":2,\"name\":\"El asalto de los profesionales 2.0\"}]},{\"@type\":\"WebSite\",\"@id\":\"https:\/\/empresas.infoempleo.com\/hrtrends\/#website\",\"url\":\"https:\/\/empresas.infoempleo.com\/hrtrends\",\"name\":\"HRTrends by Infoempleo\",\"description\":\"\",\"publisher\":{\"@id\":\"https:\/\/empresas.infoempleo.com\/hrtrends\/#organization\"},\"potentialAction\":{\"@type\":\"SearchAction\",\"target\":\"https:\/\/empresas.infoempleo.com\/hrtrends\/?s={search_term_string}\",\"query-input\":\"required name=search_term_string\"},\"inLanguage\":\"es\"},{\"@type\":\"Organization\",\"@id\":\"https:\/\/empresas.infoempleo.com\/hrtrends\/#organization\",\"name\":\"Infoempleo\",\"url\":\"https:\/\/www.infoempleo.com\/\",\"logo\":{\"@type\":\"ImageObject\",\"@id\":\"https:\/\/empresas.infoempleo.com\/hrtrends\/#logo\",\"inLanguage\":\"es\",\"url\":\"https:\/\/cdnazure.infoempleo.com\/infoempleo\/assets\/style\/gfx\/logo.svg\",\"contentUrl\":\"https:\/\/cdnazure.infoempleo.com\/infoempleo\/assets\/style\/gfx\/logo.svg\",\"width\":150,\"height\":40,\"caption\":\"Infoempleo\"},\"image\":{\"@id\":\"https:\/\/empresas.infoempleo.com\/hrtrends\/#logo\"},\"sameAs\":[\"https:\/\/www.facebook.com\/Infoempleo\",\"https:\/\/x.com\/infoempleo\",\"http:\/\/instagram.com\/infoempleo\/\",\"http:\/\/www.linkedin.com\/groups\/Empleo-Espa\u00f1a-Infoempleocom-111276\",\"http:\/\/pinterest.com\/infoempleo\/\"],\"address\":{\"@type\":\"PostalAddress\",\"addressLocality\":\"Madrid\",\"postalCode\":\"28050\",\"streetAddress\":\"Avenida de Burgos 114\"},\"brand\":[\"Infoempleo\"]},{\"@type\":\"Person\",\"@id\":\"https:\/\/empresas.infoempleo.com\/hrtrends\/#\/schema\/person\/eee830fc2082cd3b52302e59ea0d2c05\",\"name\":\"Laura de Cubas\",\"image\":{\"@type\":\"ImageObject\",\"inLanguage\":\"es\",\"@id\":\"https:\/\/empresas.infoempleo.com\/hrtrends\/#\/schema\/person\/image\/\",\"url\":\"https:\/\/secure.gravatar.com\/avatar\/c13d88dcd67943e13f74372e711c3ba2accf296b195ba5dd59566bd5f5df94c8?s=96&d=mm&r=g\",\"contentUrl\":\"https:\/\/secure.gravatar.com\/avatar\/c13d88dcd67943e13f74372e711c3ba2accf296b195ba5dd59566bd5f5df94c8?s=96&d=mm&r=g\",\"caption\":\"Laura de Cubas\"},\"url\":\"https:\/\/empresas.infoempleo.com\/hrtrends\/author\/laura-de-cubas\/\"}]}<\/script>\n<!-- \/ Yoast SEO plugin. -->","yoast_head_json":{"title":"El asalto de los profesionales 2.0 | HRTRENDS","description":"Te contamos qu\u00e9 perfiles profesionales 2.0 est\u00e1n demandando las empresas. En qu\u00e9 consiste el trabajo que realizan cada uno de estos puestos","robots":{"index":"index","follow":"follow","max-snippet":"max-snippet:-1","max-image-preview":"max-image-preview:large","max-video-preview":"max-video-preview:-1"},"canonical":"https:\/\/empresas.infoempleo.com\/hrtrends\/el-asalto-de-los-profesionales-2-0\/","og_locale":"es_ES","og_type":"article","og_title":"El asalto de los profesionales 2.0 | HRTRENDS","og_description":"Te contamos qu\u00e9 perfiles profesionales 2.0 est\u00e1n demandando las empresas. En qu\u00e9 consiste el trabajo que realizan cada uno de estos puestos","og_url":"https:\/\/empresas.infoempleo.com\/hrtrends\/el-asalto-de-los-profesionales-2-0\/","og_site_name":"HRTRENDS","article_publisher":"https:\/\/www.facebook.com\/Infoempleo","article_published_time":"2010-05-03T07:21:02+00:00","article_modified_time":"2024-12-09T11:10:06+00:00","og_image":[{"width":2119,"height":1414,"url":"https:\/\/empresas.infoempleo.com\/hrtrends\/media\/2010\/05\/Arquitecto-web-entre-los-perfiles-profesionales-2.0.jpg","type":"image\/jpeg"}],"author":"Laura de Cubas","twitter_card":"summary_large_image","twitter_creator":"@infoempleo","twitter_site":"@infoempleo","twitter_misc":{"Escrito por":"Laura de Cubas","Tiempo de lectura":"5 minutos"},"schema":{"@context":"https:\/\/schema.org","@graph":[{"@type":"NewsArticle","@id":"https:\/\/empresas.infoempleo.com\/hrtrends\/el-asalto-de-los-profesionales-2-0\/#article","isPartOf":{"@id":"https:\/\/empresas.infoempleo.com\/hrtrends\/el-asalto-de-los-profesionales-2-0\/"},"author":{"name":"Laura de Cubas","@id":"https:\/\/empresas.infoempleo.com\/hrtrends\/#\/schema\/person\/eee830fc2082cd3b52302e59ea0d2c05"},"headline":"El asalto de los profesionales 2.0","datePublished":"2010-05-03T07:21:02+00:00","dateModified":"2024-12-09T11:10:06+00:00","mainEntityOfPage":{"@id":"https:\/\/empresas.infoempleo.com\/hrtrends\/el-asalto-de-los-profesionales-2-0\/"},"wordCount":1184,"publisher":{"@id":"https:\/\/empresas.infoempleo.com\/hrtrends\/#organization"},"image":{"@id":"https:\/\/empresas.infoempleo.com\/hrtrends\/el-asalto-de-los-profesionales-2-0\/#primaryimage"},"thumbnailUrl":"https:\/\/empresas.infoempleo.com\/hrtrends\/media\/2010\/05\/Arquitecto-web-entre-los-perfiles-profesionales-2.0.jpg","keywords":["Baqu\u00eda","chief blogger officers","community managers","Dad","Enrique Dans","Facebook","freelance managers","IE Business School","Instituto Nacional de Estad\u00edstica","Laura Sim\u00f3n","Matrix","postmaster","profesionales","Psicotec","Rodolfo Carpintier","SEM","SEO","Tuenti","Twitter","Usability manager","webmaster"],"articleSection":["Actualidad"],"inLanguage":"es","copyrightYear":"2010","copyrightHolder":{"@id":"https:\/\/empresas.infoempleo.com\/hrtrends\/#organization"}},{"@type":"WebPage","@id":"https:\/\/empresas.infoempleo.com\/hrtrends\/el-asalto-de-los-profesionales-2-0\/","url":"https:\/\/empresas.infoempleo.com\/hrtrends\/el-asalto-de-los-profesionales-2-0\/","name":"El asalto de los profesionales 2.0 | HRTRENDS","isPartOf":{"@id":"https:\/\/empresas.infoempleo.com\/hrtrends\/#website"},"primaryImageOfPage":{"@id":"https:\/\/empresas.infoempleo.com\/hrtrends\/el-asalto-de-los-profesionales-2-0\/#primaryimage"},"image":{"@id":"https:\/\/empresas.infoempleo.com\/hrtrends\/el-asalto-de-los-profesionales-2-0\/#primaryimage"},"thumbnailUrl":"https:\/\/empresas.infoempleo.com\/hrtrends\/media\/2010\/05\/Arquitecto-web-entre-los-perfiles-profesionales-2.0.jpg","datePublished":"2010-05-03T07:21:02+00:00","dateModified":"2024-12-09T11:10:06+00:00","description":"Te contamos qu\u00e9 perfiles profesionales 2.0 est\u00e1n demandando las empresas. En qu\u00e9 consiste el trabajo que realizan cada uno de estos puestos","breadcrumb":{"@id":"https:\/\/empresas.infoempleo.com\/hrtrends\/el-asalto-de-los-profesionales-2-0\/#breadcrumb"},"inLanguage":"es","potentialAction":[{"@type":"ReadAction","target":["https:\/\/empresas.infoempleo.com\/hrtrends\/el-asalto-de-los-profesionales-2-0\/"]}]},{"@type":"ImageObject","inLanguage":"es","@id":"https:\/\/empresas.infoempleo.com\/hrtrends\/el-asalto-de-los-profesionales-2-0\/#primaryimage","url":"https:\/\/empresas.infoempleo.com\/hrtrends\/media\/2010\/05\/Arquitecto-web-entre-los-perfiles-profesionales-2.0-150x150.jpg","contentUrl":"https:\/\/empresas.infoempleo.com\/hrtrends\/media\/2010\/05\/Arquitecto-web-entre-los-perfiles-profesionales-2.0-150x150.jpg","width":150,"height":150,"caption":"Arquitecto web uno de los perfiles profesionales 2.0 m\u00e1s demandados"},{"@type":"BreadcrumbList","@id":"https:\/\/empresas.infoempleo.com\/hrtrends\/el-asalto-de-los-profesionales-2-0\/#breadcrumb","itemListElement":[{"@type":"ListItem","position":1,"name":"Portada","item":"https:\/\/empresas.infoempleo.com\/hrtrends\/"},{"@type":"ListItem","position":2,"name":"El asalto de los profesionales 2.0"}]},{"@type":"WebSite","@id":"https:\/\/empresas.infoempleo.com\/hrtrends\/#website","url":"https:\/\/empresas.infoempleo.com\/hrtrends","name":"HRTrends by Infoempleo","description":"","publisher":{"@id":"https:\/\/empresas.infoempleo.com\/hrtrends\/#organization"},"potentialAction":{"@type":"SearchAction","target":"https:\/\/empresas.infoempleo.com\/hrtrends\/?s={search_term_string}","query-input":"required name=search_term_string"},"inLanguage":"es"},{"@type":"Organization","@id":"https:\/\/empresas.infoempleo.com\/hrtrends\/#organization","name":"Infoempleo","url":"https:\/\/www.infoempleo.com\/","logo":{"@type":"ImageObject","@id":"https:\/\/empresas.infoempleo.com\/hrtrends\/#logo","inLanguage":"es","url":"https:\/\/cdnazure.infoempleo.com\/infoempleo\/assets\/style\/gfx\/logo.svg","contentUrl":"https:\/\/cdnazure.infoempleo.com\/infoempleo\/assets\/style\/gfx\/logo.svg","width":150,"height":40,"caption":"Infoempleo"},"image":{"@id":"https:\/\/empresas.infoempleo.com\/hrtrends\/#logo"},"sameAs":["https:\/\/www.facebook.com\/Infoempleo","https:\/\/x.com\/infoempleo","http:\/\/instagram.com\/infoempleo\/","http:\/\/www.linkedin.com\/groups\/Empleo-Espa\u00f1a-Infoempleocom-111276","http:\/\/pinterest.com\/infoempleo\/"],"address":{"@type":"PostalAddress","addressLocality":"Madrid","postalCode":"28050","streetAddress":"Avenida de Burgos 114"},"brand":["Infoempleo"]},{"@type":"Person","@id":"https:\/\/empresas.infoempleo.com\/hrtrends\/#\/schema\/person\/eee830fc2082cd3b52302e59ea0d2c05","name":"Laura de Cubas","image":{"@type":"ImageObject","inLanguage":"es","@id":"https:\/\/empresas.infoempleo.com\/hrtrends\/#\/schema\/person\/image\/","url":"https:\/\/secure.gravatar.com\/avatar\/c13d88dcd67943e13f74372e711c3ba2accf296b195ba5dd59566bd5f5df94c8?s=96&d=mm&r=g","contentUrl":"https:\/\/secure.gravatar.com\/avatar\/c13d88dcd67943e13f74372e711c3ba2accf296b195ba5dd59566bd5f5df94c8?s=96&d=mm&r=g","caption":"Laura de Cubas"},"url":"https:\/\/empresas.infoempleo.com\/hrtrends\/author\/laura-de-cubas\/"}]}},"amp_enabled":true,"_links":{"self":[{"href":"https:\/\/empresas.infoempleo.com\/hrtrends\/wp-json\/wp\/v2\/posts\/8828","targetHints":{"allow":["GET"]}}],"collection":[{"href":"https:\/\/empresas.infoempleo.com\/hrtrends\/wp-json\/wp\/v2\/posts"}],"about":[{"href":"https:\/\/empresas.infoempleo.com\/hrtrends\/wp-json\/wp\/v2\/types\/post"}],"author":[{"embeddable":true,"href":"https:\/\/empresas.infoempleo.com\/hrtrends\/wp-json\/wp\/v2\/users\/35"}],"replies":[{"embeddable":true,"href":"https:\/\/empresas.infoempleo.com\/hrtrends\/wp-json\/wp\/v2\/comments?post=8828"}],"version-history":[{"count":10,"href":"https:\/\/empresas.infoempleo.com\/hrtrends\/wp-json\/wp\/v2\/posts\/8828\/revisions"}],"predecessor-version":[{"id":46100,"href":"https:\/\/empresas.infoempleo.com\/hrtrends\/wp-json\/wp\/v2\/posts\/8828\/revisions\/46100"}],"wp:featuredmedia":[{"embeddable":true,"href":"https:\/\/empresas.infoempleo.com\/hrtrends\/wp-json\/wp\/v2\/media\/41162"}],"wp:attachment":[{"href":"https:\/\/empresas.infoempleo.com\/hrtrends\/wp-json\/wp\/v2\/media?parent=8828"}],"wp:term":[{"taxonomy":"category","embeddable":true,"href":"https:\/\/empresas.infoempleo.com\/hrtrends\/wp-json\/wp\/v2\/categories?post=8828"},{"taxonomy":"post_tag","embeddable":true,"href":"https:\/\/empresas.infoempleo.com\/hrtrends\/wp-json\/wp\/v2\/tags?post=8828"}],"curies":[{"name":"wp","href":"https:\/\/api.w.org\/{rel}","templated":true}]}}