{"id":8815,"date":"2010-05-03T08:50:25","date_gmt":"2010-05-03T07:50:25","guid":{"rendered":"http:\/\/blog.infoempleo.com\/?p=8815"},"modified":"2018-05-23T17:48:45","modified_gmt":"2018-05-23T15:48:45","slug":"historia-de-pequenos-que-unidos-se-hacen-grandes","status":"publish","type":"post","link":"https:\/\/empresas.infoempleo.com\/hrtrends\/historia-de-pequenos-que-unidos-se-hacen-grandes\/","title":{"rendered":"Historia de peque\u00f1os&#8230; que unidos se hacen grandes"},"content":{"rendered":"<p><img loading=\"lazy\" decoding=\"async\" class=\"alignnone size-full wp-image-8816\" src=\"https:\/\/empresas.infoempleo.com\/hrtrends\/media\/2010\/04\/opii21.jpg\" alt=\"Alicia Jimenez\" width=\"112\" height=\"137\" \/><\/p>\n<p><strong>Por Alicia Jim\u00e9nez, socia fundadora de <a class=\"wp-caption-dd\" title=\"Evolucion 21\" href=\"http:\/\/www.evolucion21.com\/\" target=\"_blank\">Evoluci\u00f3n 21<\/a><\/strong><\/p>\n<p>Esta crisis nos est\u00e1 matando. No s\u00f3lo empresarialmente sino que <strong>est\u00e1 acabando con nuestras ilusiones.<\/strong><\/p>\n<p>Ha pasado casi un a\u00f1o desde el verano del 2009, que\u00a0fue como la traves\u00eda del desierto. <strong>Todos seguimos caminando, con las escasas reservas de agua y alimentos que nos quedaron de la anterior estaci\u00f3n<\/strong>. No ve\u00edamos el camino, el sol abrasaba y nos desanimamos.<\/p>\n<p>En la traves\u00eda nos fuimos encontrando con otros caminantes, igual o m\u00e1s afectados que nosotros. Primero uno, luego otro, hasta hacer un peque\u00f1o grupo de caminantes. De repente sentimos que el sol ya no abrasaba tanto, unos a otros <strong>nos fuimos dando \u00e1nimos para seguir<\/strong>, muchos ojos juntos fueron capaces de vislumbrar una estrella en el horizonte, que nos empez\u00f3 a guiar. Tuvimos la sensaci\u00f3n de ya no estar tan perdidos y desamparados.<\/p>\n<p>Ahora, pr\u00e1cticamente un a\u00f1o despu\u00e9s, <strong>entre todos estamos llegando al final del desierto. O al menos as\u00ed lo sentimos<\/strong>. Estamos aprovechando cada oportunidad que ve cada individuo, vamos a por ella con la ilusi\u00f3n y la fuerza de sentirnos grandes.<\/p>\n<p>No hemos querido morir, este calvario nos ha servido a los peque\u00f1os para crear alianzas potentes entre nosotros. <strong>Ahora somos capaces de ofrecer a nuestros clientes soluciones mucho m\u00e1s completas, aunando capacidades y sinti\u00e9ndonos \u201cgrandes\u201d<\/strong>.<\/p>\n<p>Esta es la estrategia que nosotros hemos seguido, hemos utilizado nuestro tiempo para investigar y crear alianzas que nos completen. As\u00ed, con la fuerza de peque\u00f1as hormigas estamos consiguiendo levantar grandes pesos. Hemos sobrepasado las barreras de la desconfianza, nos hemos apoyado unos a otros y as\u00ed, grandes en apariencia, estamos yendo al mercado. \u00bfQu\u00e9 nos hemos encontrado? Que as\u00ed podemos ofrecer a nuestros clientes mejores soluciones, m\u00e1s completas, m\u00e1s trabajadas y m\u00e1s \u201credondas\u201d. <strong>El concepto de &#8216;grupo&#8217;, que a\u00fana los esfuerzos de empresas m\u00e1s peque\u00f1as, es lo que har\u00e1 que el entramado espa\u00f1ol de pymes resurja con m\u00e1s fuerza<\/strong> y forjemos una primavera llena de ilusi\u00f3n.<\/p>\n<p>As\u00ed lo creemos desde Evoluci\u00f3n 21 e invitamos a otros peque\u00f1os a hacer lo mismo. Estamos seguros de que est\u00e9 es el camino.<\/p>\n","protected":false},"excerpt":{"rendered":"<p>Por Alicia Jim\u00e9nez, socia fundadora de Evoluci\u00f3n 21 Esta crisis nos est\u00e1 matando. No s\u00f3lo empresarialmente sino que<a class=\"moretag\" href=\"https:\/\/empresas.infoempleo.com\/hrtrends\/historia-de-pequenos-que-unidos-se-hacen-grandes\/\"> Leer m\u00e1s<\/a><\/p>\n","protected":false},"author":72,"featured_media":29665,"comment_status":"closed","ping_status":"open","sticky":false,"template":"","format":"standard","meta":{"footnotes":""},"categories":[3],"tags":[1620,48,1621,269,1622,1623,1624,726],"class_list":["post-8815","post","type-post","status-publish","format-standard","has-post-thumbnail","hentry","category-actualidad","tag-animos","tag-crisis","tag-desierto","tag-evolucion-21","tag-grupo","tag-pequenos","tag-primavera","tag-pymes"],"yoast_head":"<!-- This site is optimized with the Yoast SEO plugin v26.1.1 - https:\/\/yoast.com\/wordpress\/plugins\/seo\/ -->\n<title>Historia de peque\u00f1os... que unidos se hacen grandes | HRTRENDS<\/title>\n<meta name=\"robots\" content=\"index, follow, max-snippet:-1, max-image-preview:large, max-video-preview:-1\" \/>\n<link rel=\"canonical\" href=\"https:\/\/empresas.infoempleo.com\/hrtrends\/historia-de-pequenos-que-unidos-se-hacen-grandes\/\" \/>\n<meta property=\"og:locale\" content=\"es_ES\" \/>\n<meta property=\"og:type\" content=\"article\" \/>\n<meta property=\"og:title\" content=\"Historia de peque\u00f1os... que unidos se hacen grandes | HRTRENDS\" \/>\n<meta property=\"og:description\" content=\"Por Alicia Jim\u00e9nez, socia fundadora de Evoluci\u00f3n 21 Esta crisis nos est\u00e1 matando. No s\u00f3lo empresarialmente sino que Leer m\u00e1s\" \/>\n<meta property=\"og:url\" content=\"https:\/\/empresas.infoempleo.com\/hrtrends\/historia-de-pequenos-que-unidos-se-hacen-grandes\/\" \/>\n<meta property=\"og:site_name\" content=\"HRTRENDS\" \/>\n<meta property=\"article:publisher\" content=\"https:\/\/www.facebook.com\/Infoempleo\" \/>\n<meta property=\"article:published_time\" content=\"2010-05-03T07:50:25+00:00\" \/>\n<meta property=\"article:modified_time\" content=\"2018-05-23T15:48:45+00:00\" \/>\n<meta property=\"og:image\" content=\"https:\/\/empresas.infoempleo.com\/hrtrends\/media\/2017\/05\/pexels-photo-205508.jpg\" \/>\n\t<meta property=\"og:image:width\" content=\"1280\" \/>\n\t<meta property=\"og:image:height\" content=\"960\" \/>\n\t<meta property=\"og:image:type\" content=\"image\/jpeg\" \/>\n<meta name=\"author\" content=\"infoempleo\" \/>\n<meta name=\"twitter:card\" content=\"summary_large_image\" \/>\n<meta name=\"twitter:creator\" content=\"@infoempleo\" \/>\n<meta name=\"twitter:site\" content=\"@infoempleo\" \/>\n<meta name=\"twitter:label1\" content=\"Escrito por\" \/>\n\t<meta name=\"twitter:data1\" content=\"infoempleo\" \/>\n\t<meta name=\"twitter:label2\" content=\"Tiempo de lectura\" \/>\n\t<meta name=\"twitter:data2\" content=\"2 minutos\" \/>\n<script type=\"application\/ld+json\" class=\"yoast-schema-graph\">{\"@context\":\"https:\/\/schema.org\",\"@graph\":[{\"@type\":\"NewsArticle\",\"@id\":\"https:\/\/empresas.infoempleo.com\/hrtrends\/historia-de-pequenos-que-unidos-se-hacen-grandes\/#article\",\"isPartOf\":{\"@id\":\"https:\/\/empresas.infoempleo.com\/hrtrends\/historia-de-pequenos-que-unidos-se-hacen-grandes\/\"},\"author\":{\"name\":\"infoempleo\",\"@id\":\"https:\/\/empresas.infoempleo.com\/hrtrends\/#\/schema\/person\/67d3e276ffcc8b3ae0ebec816daf775a\"},\"headline\":\"Historia de peque\u00f1os&#8230; que unidos se hacen grandes\",\"datePublished\":\"2010-05-03T07:50:25+00:00\",\"dateModified\":\"2018-05-23T15:48:45+00:00\",\"mainEntityOfPage\":{\"@id\":\"https:\/\/empresas.infoempleo.com\/hrtrends\/historia-de-pequenos-que-unidos-se-hacen-grandes\/\"},\"wordCount\":382,\"publisher\":{\"@id\":\"https:\/\/empresas.infoempleo.com\/hrtrends\/#organization\"},\"image\":{\"@id\":\"https:\/\/empresas.infoempleo.com\/hrtrends\/historia-de-pequenos-que-unidos-se-hacen-grandes\/#primaryimage\"},\"thumbnailUrl\":\"https:\/\/empresas.infoempleo.com\/hrtrends\/media\/2017\/05\/pexels-photo-205508.jpg\",\"keywords\":[\"\u00e1nimos\",\"Crisis\",\"desierto\",\"Evoluci\u00f3n 21\",\"grupo\",\"peque\u00f1os\",\"primavera\",\"pymes\"],\"articleSection\":[\"Actualidad\"],\"inLanguage\":\"es\",\"copyrightYear\":\"2010\",\"copyrightHolder\":{\"@id\":\"https:\/\/empresas.infoempleo.com\/hrtrends\/#organization\"}},{\"@type\":\"WebPage\",\"@id\":\"https:\/\/empresas.infoempleo.com\/hrtrends\/historia-de-pequenos-que-unidos-se-hacen-grandes\/\",\"url\":\"https:\/\/empresas.infoempleo.com\/hrtrends\/historia-de-pequenos-que-unidos-se-hacen-grandes\/\",\"name\":\"Historia de peque\u00f1os... que unidos se hacen grandes | HRTRENDS\",\"isPartOf\":{\"@id\":\"https:\/\/empresas.infoempleo.com\/hrtrends\/#website\"},\"primaryImageOfPage\":{\"@id\":\"https:\/\/empresas.infoempleo.com\/hrtrends\/historia-de-pequenos-que-unidos-se-hacen-grandes\/#primaryimage\"},\"image\":{\"@id\":\"https:\/\/empresas.infoempleo.com\/hrtrends\/historia-de-pequenos-que-unidos-se-hacen-grandes\/#primaryimage\"},\"thumbnailUrl\":\"https:\/\/empresas.infoempleo.com\/hrtrends\/media\/2017\/05\/pexels-photo-205508.jpg\",\"datePublished\":\"2010-05-03T07:50:25+00:00\",\"dateModified\":\"2018-05-23T15:48:45+00:00\",\"breadcrumb\":{\"@id\":\"https:\/\/empresas.infoempleo.com\/hrtrends\/historia-de-pequenos-que-unidos-se-hacen-grandes\/#breadcrumb\"},\"inLanguage\":\"es\",\"potentialAction\":[{\"@type\":\"ReadAction\",\"target\":[\"https:\/\/empresas.infoempleo.com\/hrtrends\/historia-de-pequenos-que-unidos-se-hacen-grandes\/\"]}]},{\"@type\":\"ImageObject\",\"inLanguage\":\"es\",\"@id\":\"https:\/\/empresas.infoempleo.com\/hrtrends\/historia-de-pequenos-que-unidos-se-hacen-grandes\/#primaryimage\",\"url\":\"https:\/\/empresas.infoempleo.com\/hrtrends\/media\/2017\/05\/pexels-photo-205508-150x150.jpg\",\"contentUrl\":\"https:\/\/empresas.infoempleo.com\/hrtrends\/media\/2017\/05\/pexels-photo-205508-150x150.jpg\",\"width\":150,\"height\":150},{\"@type\":\"BreadcrumbList\",\"@id\":\"https:\/\/empresas.infoempleo.com\/hrtrends\/historia-de-pequenos-que-unidos-se-hacen-grandes\/#breadcrumb\",\"itemListElement\":[{\"@type\":\"ListItem\",\"position\":1,\"name\":\"Portada\",\"item\":\"https:\/\/empresas.infoempleo.com\/hrtrends\/\"},{\"@type\":\"ListItem\",\"position\":2,\"name\":\"Historia de peque\u00f1os&#8230; que unidos se hacen grandes\"}]},{\"@type\":\"WebSite\",\"@id\":\"https:\/\/empresas.infoempleo.com\/hrtrends\/#website\",\"url\":\"https:\/\/empresas.infoempleo.com\/hrtrends\",\"name\":\"HRTrends by Infoempleo\",\"description\":\"\",\"publisher\":{\"@id\":\"https:\/\/empresas.infoempleo.com\/hrtrends\/#organization\"},\"potentialAction\":{\"@type\":\"SearchAction\",\"target\":\"https:\/\/empresas.infoempleo.com\/hrtrends\/?s={search_term_string}\",\"query-input\":\"required name=search_term_string\"},\"inLanguage\":\"es\"},{\"@type\":\"Organization\",\"@id\":\"https:\/\/empresas.infoempleo.com\/hrtrends\/#organization\",\"name\":\"Infoempleo\",\"url\":\"https:\/\/www.infoempleo.com\/\",\"logo\":{\"@type\":\"ImageObject\",\"@id\":\"https:\/\/empresas.infoempleo.com\/hrtrends\/#logo\",\"inLanguage\":\"es\",\"url\":\"https:\/\/cdnazure.infoempleo.com\/infoempleo\/assets\/style\/gfx\/logo.svg\",\"contentUrl\":\"https:\/\/cdnazure.infoempleo.com\/infoempleo\/assets\/style\/gfx\/logo.svg\",\"width\":150,\"height\":40,\"caption\":\"Infoempleo\"},\"image\":{\"@id\":\"https:\/\/empresas.infoempleo.com\/hrtrends\/#logo\"},\"sameAs\":[\"https:\/\/www.facebook.com\/Infoempleo\",\"https:\/\/x.com\/infoempleo\",\"http:\/\/instagram.com\/infoempleo\/\",\"http:\/\/www.linkedin.com\/groups\/Empleo-Espa\u00f1a-Infoempleocom-111276\",\"http:\/\/pinterest.com\/infoempleo\/\"],\"address\":{\"@type\":\"PostalAddress\",\"addressLocality\":\"Madrid\",\"postalCode\":\"28050\",\"streetAddress\":\"Avenida de Burgos 114\"},\"brand\":[\"Infoempleo\"]},{\"@type\":\"Person\",\"@id\":\"https:\/\/empresas.infoempleo.com\/hrtrends\/#\/schema\/person\/67d3e276ffcc8b3ae0ebec816daf775a\",\"name\":\"infoempleo\",\"image\":{\"@type\":\"ImageObject\",\"inLanguage\":\"es\",\"@id\":\"https:\/\/empresas.infoempleo.com\/hrtrends\/#\/schema\/person\/image\/\",\"url\":\"https:\/\/secure.gravatar.com\/avatar\/7b437777242fe67d2473c2a818da2344692d1ee91e91080ccffbd97bcd4a0975?s=96&d=mm&r=g\",\"contentUrl\":\"https:\/\/secure.gravatar.com\/avatar\/7b437777242fe67d2473c2a818da2344692d1ee91e91080ccffbd97bcd4a0975?s=96&d=mm&r=g\",\"caption\":\"infoempleo\"},\"url\":\"https:\/\/empresas.infoempleo.com\/hrtrends\/author\/infoempleo\/\"}]}<\/script>\n<!-- \/ Yoast SEO plugin. -->","yoast_head_json":{"title":"Historia de peque\u00f1os... que unidos se hacen grandes | HRTRENDS","robots":{"index":"index","follow":"follow","max-snippet":"max-snippet:-1","max-image-preview":"max-image-preview:large","max-video-preview":"max-video-preview:-1"},"canonical":"https:\/\/empresas.infoempleo.com\/hrtrends\/historia-de-pequenos-que-unidos-se-hacen-grandes\/","og_locale":"es_ES","og_type":"article","og_title":"Historia de peque\u00f1os... que unidos se hacen grandes | HRTRENDS","og_description":"Por Alicia Jim\u00e9nez, socia fundadora de Evoluci\u00f3n 21 Esta crisis nos est\u00e1 matando. No s\u00f3lo empresarialmente sino que Leer m\u00e1s","og_url":"https:\/\/empresas.infoempleo.com\/hrtrends\/historia-de-pequenos-que-unidos-se-hacen-grandes\/","og_site_name":"HRTRENDS","article_publisher":"https:\/\/www.facebook.com\/Infoempleo","article_published_time":"2010-05-03T07:50:25+00:00","article_modified_time":"2018-05-23T15:48:45+00:00","og_image":[{"width":1280,"height":960,"url":"https:\/\/empresas.infoempleo.com\/hrtrends\/media\/2017\/05\/pexels-photo-205508.jpg","type":"image\/jpeg"}],"author":"infoempleo","twitter_card":"summary_large_image","twitter_creator":"@infoempleo","twitter_site":"@infoempleo","twitter_misc":{"Escrito por":"infoempleo","Tiempo de lectura":"2 minutos"},"schema":{"@context":"https:\/\/schema.org","@graph":[{"@type":"NewsArticle","@id":"https:\/\/empresas.infoempleo.com\/hrtrends\/historia-de-pequenos-que-unidos-se-hacen-grandes\/#article","isPartOf":{"@id":"https:\/\/empresas.infoempleo.com\/hrtrends\/historia-de-pequenos-que-unidos-se-hacen-grandes\/"},"author":{"name":"infoempleo","@id":"https:\/\/empresas.infoempleo.com\/hrtrends\/#\/schema\/person\/67d3e276ffcc8b3ae0ebec816daf775a"},"headline":"Historia de peque\u00f1os&#8230; que unidos se hacen grandes","datePublished":"2010-05-03T07:50:25+00:00","dateModified":"2018-05-23T15:48:45+00:00","mainEntityOfPage":{"@id":"https:\/\/empresas.infoempleo.com\/hrtrends\/historia-de-pequenos-que-unidos-se-hacen-grandes\/"},"wordCount":382,"publisher":{"@id":"https:\/\/empresas.infoempleo.com\/hrtrends\/#organization"},"image":{"@id":"https:\/\/empresas.infoempleo.com\/hrtrends\/historia-de-pequenos-que-unidos-se-hacen-grandes\/#primaryimage"},"thumbnailUrl":"https:\/\/empresas.infoempleo.com\/hrtrends\/media\/2017\/05\/pexels-photo-205508.jpg","keywords":["\u00e1nimos","Crisis","desierto","Evoluci\u00f3n 21","grupo","peque\u00f1os","primavera","pymes"],"articleSection":["Actualidad"],"inLanguage":"es","copyrightYear":"2010","copyrightHolder":{"@id":"https:\/\/empresas.infoempleo.com\/hrtrends\/#organization"}},{"@type":"WebPage","@id":"https:\/\/empresas.infoempleo.com\/hrtrends\/historia-de-pequenos-que-unidos-se-hacen-grandes\/","url":"https:\/\/empresas.infoempleo.com\/hrtrends\/historia-de-pequenos-que-unidos-se-hacen-grandes\/","name":"Historia de peque\u00f1os... que unidos se hacen grandes | HRTRENDS","isPartOf":{"@id":"https:\/\/empresas.infoempleo.com\/hrtrends\/#website"},"primaryImageOfPage":{"@id":"https:\/\/empresas.infoempleo.com\/hrtrends\/historia-de-pequenos-que-unidos-se-hacen-grandes\/#primaryimage"},"image":{"@id":"https:\/\/empresas.infoempleo.com\/hrtrends\/historia-de-pequenos-que-unidos-se-hacen-grandes\/#primaryimage"},"thumbnailUrl":"https:\/\/empresas.infoempleo.com\/hrtrends\/media\/2017\/05\/pexels-photo-205508.jpg","datePublished":"2010-05-03T07:50:25+00:00","dateModified":"2018-05-23T15:48:45+00:00","breadcrumb":{"@id":"https:\/\/empresas.infoempleo.com\/hrtrends\/historia-de-pequenos-que-unidos-se-hacen-grandes\/#breadcrumb"},"inLanguage":"es","potentialAction":[{"@type":"ReadAction","target":["https:\/\/empresas.infoempleo.com\/hrtrends\/historia-de-pequenos-que-unidos-se-hacen-grandes\/"]}]},{"@type":"ImageObject","inLanguage":"es","@id":"https:\/\/empresas.infoempleo.com\/hrtrends\/historia-de-pequenos-que-unidos-se-hacen-grandes\/#primaryimage","url":"https:\/\/empresas.infoempleo.com\/hrtrends\/media\/2017\/05\/pexels-photo-205508-150x150.jpg","contentUrl":"https:\/\/empresas.infoempleo.com\/hrtrends\/media\/2017\/05\/pexels-photo-205508-150x150.jpg","width":150,"height":150},{"@type":"BreadcrumbList","@id":"https:\/\/empresas.infoempleo.com\/hrtrends\/historia-de-pequenos-que-unidos-se-hacen-grandes\/#breadcrumb","itemListElement":[{"@type":"ListItem","position":1,"name":"Portada","item":"https:\/\/empresas.infoempleo.com\/hrtrends\/"},{"@type":"ListItem","position":2,"name":"Historia de peque\u00f1os&#8230; que unidos se hacen grandes"}]},{"@type":"WebSite","@id":"https:\/\/empresas.infoempleo.com\/hrtrends\/#website","url":"https:\/\/empresas.infoempleo.com\/hrtrends","name":"HRTrends by Infoempleo","description":"","publisher":{"@id":"https:\/\/empresas.infoempleo.com\/hrtrends\/#organization"},"potentialAction":{"@type":"SearchAction","target":"https:\/\/empresas.infoempleo.com\/hrtrends\/?s={search_term_string}","query-input":"required name=search_term_string"},"inLanguage":"es"},{"@type":"Organization","@id":"https:\/\/empresas.infoempleo.com\/hrtrends\/#organization","name":"Infoempleo","url":"https:\/\/www.infoempleo.com\/","logo":{"@type":"ImageObject","@id":"https:\/\/empresas.infoempleo.com\/hrtrends\/#logo","inLanguage":"es","url":"https:\/\/cdnazure.infoempleo.com\/infoempleo\/assets\/style\/gfx\/logo.svg","contentUrl":"https:\/\/cdnazure.infoempleo.com\/infoempleo\/assets\/style\/gfx\/logo.svg","width":150,"height":40,"caption":"Infoempleo"},"image":{"@id":"https:\/\/empresas.infoempleo.com\/hrtrends\/#logo"},"sameAs":["https:\/\/www.facebook.com\/Infoempleo","https:\/\/x.com\/infoempleo","http:\/\/instagram.com\/infoempleo\/","http:\/\/www.linkedin.com\/groups\/Empleo-Espa\u00f1a-Infoempleocom-111276","http:\/\/pinterest.com\/infoempleo\/"],"address":{"@type":"PostalAddress","addressLocality":"Madrid","postalCode":"28050","streetAddress":"Avenida de Burgos 114"},"brand":["Infoempleo"]},{"@type":"Person","@id":"https:\/\/empresas.infoempleo.com\/hrtrends\/#\/schema\/person\/67d3e276ffcc8b3ae0ebec816daf775a","name":"infoempleo","image":{"@type":"ImageObject","inLanguage":"es","@id":"https:\/\/empresas.infoempleo.com\/hrtrends\/#\/schema\/person\/image\/","url":"https:\/\/secure.gravatar.com\/avatar\/7b437777242fe67d2473c2a818da2344692d1ee91e91080ccffbd97bcd4a0975?s=96&d=mm&r=g","contentUrl":"https:\/\/secure.gravatar.com\/avatar\/7b437777242fe67d2473c2a818da2344692d1ee91e91080ccffbd97bcd4a0975?s=96&d=mm&r=g","caption":"infoempleo"},"url":"https:\/\/empresas.infoempleo.com\/hrtrends\/author\/infoempleo\/"}]}},"amp_enabled":true,"_links":{"self":[{"href":"https:\/\/empresas.infoempleo.com\/hrtrends\/wp-json\/wp\/v2\/posts\/8815","targetHints":{"allow":["GET"]}}],"collection":[{"href":"https:\/\/empresas.infoempleo.com\/hrtrends\/wp-json\/wp\/v2\/posts"}],"about":[{"href":"https:\/\/empresas.infoempleo.com\/hrtrends\/wp-json\/wp\/v2\/types\/post"}],"author":[{"embeddable":true,"href":"https:\/\/empresas.infoempleo.com\/hrtrends\/wp-json\/wp\/v2\/users\/72"}],"replies":[{"embeddable":true,"href":"https:\/\/empresas.infoempleo.com\/hrtrends\/wp-json\/wp\/v2\/comments?post=8815"}],"version-history":[{"count":0,"href":"https:\/\/empresas.infoempleo.com\/hrtrends\/wp-json\/wp\/v2\/posts\/8815\/revisions"}],"wp:featuredmedia":[{"embeddable":true,"href":"https:\/\/empresas.infoempleo.com\/hrtrends\/wp-json\/wp\/v2\/media\/29665"}],"wp:attachment":[{"href":"https:\/\/empresas.infoempleo.com\/hrtrends\/wp-json\/wp\/v2\/media?parent=8815"}],"wp:term":[{"taxonomy":"category","embeddable":true,"href":"https:\/\/empresas.infoempleo.com\/hrtrends\/wp-json\/wp\/v2\/categories?post=8815"},{"taxonomy":"post_tag","embeddable":true,"href":"https:\/\/empresas.infoempleo.com\/hrtrends\/wp-json\/wp\/v2\/tags?post=8815"}],"curies":[{"name":"wp","href":"https:\/\/api.w.org\/{rel}","templated":true}]}}