{"id":881,"date":"2009-05-26T09:02:54","date_gmt":"2009-05-26T08:02:54","guid":{"rendered":"http:\/\/blog.infoempleo.com\/?p=881"},"modified":"2024-09-09T17:36:04","modified_gmt":"2024-09-09T15:36:04","slug":"duermo-tranquilo-y-eso-es-lo-mas-importante","status":"publish","type":"post","link":"https:\/\/empresas.infoempleo.com\/hrtrends\/duermo-tranquilo-y-eso-es-lo-mas-importante\/","title":{"rendered":"\u00abDuermo tranquilo y eso es lo m\u00e1s importante\u00bb"},"content":{"rendered":"<p style=\"text-align: center;\"><strong>Este ingeniero de Caminos ha dedicado toda su trayectoria a acercar la tecnolog\u00eda a las personas<\/strong><\/p>\n<p style=\"text-align: center;\"><strong>Estados Unidos e Inglaterra marcaron su aprendizaje y sus primeros pasos laborales, en una \u00e9poca en la que todo estaba por inventar\u00a0<\/strong><\/p>\n<p style=\"text-align: center;\"><strong>En 1987 crea <a class=\"wp-caption-dd\" title=\"Satec\" href=\"https:\/\/www.satec.es\/\" target=\"_blank\" rel=\"nofollow noopener\">SATEC<\/a>, que hoy cuenta con m\u00e1s de 1.000 empleados y presencia en siete pa\u00edses<\/strong><\/p>\n<p>\u00ab\u00bfQue qu\u00e9 quer\u00eda ser cuando era ni\u00f1o? No s\u00e9 muy bien. Yo soy asturiano -ya sabes que los asturianos somos los \u00fanicos se\u00f1ores en el mundo que primero decimos de d\u00f3nde somos- y cuando era peque\u00f1o \u00edbamos a secarnos en verano a Le\u00f3n. All\u00ed, en el pueblo de mi padre, estaban construyendo una gran presa, una de esas obras que duraba casi una vida, y a m\u00ed me parec\u00eda fascinante\u00bb. Aquella fascinaci\u00f3n llev\u00f3 a Luis Rodr\u00edguez Ovejero (Oviedo, 1951) a cursar Ingenier\u00eda de Caminos, tras estudiar en un colegio de los Jesuitas y pasar varios veranos en Inglaterra. \u00abYo quer\u00eda construir presas, aunque despu\u00e9s no hice ninguna&#8230;\u00bb, comenta riendo.<\/p>\n<p>Su padre, \u00abun funcionario inquieto\u00bb, les hab\u00eda inculcado su esp\u00edritu. \u00abFue director del matadero, hizo un laboratorio municipal, fue uno de los promotores de la Central Lechera Asturiana&#8230; De peque\u00f1os nos tra\u00eda pel\u00edculas de Estados Unidos y mi hermano y yo, con los ojos como platos. \u00c9l nos contagi\u00f3 esa vocaci\u00f3n por viajar y ambos estudiamos el doctorado fuera\u00bb. Pero muy fuera, porque al acabar la carrera, una beca Fulbright le lleva \u00aba Salt Lake City, Utah, un sitio rar\u00edsimo. All\u00ed hab\u00eda un profesor que era un experto mundial en Mec\u00e1nica de las Fracturas, unos estudios muy sofisticados, con mucho c\u00e1lculo matem\u00e1tico\u00bb. \u00abDe Am\u00e9rica me impresion\u00f3 su apertura: viv\u00edas una situaci\u00f3n de oportunidad. Aqu\u00ed, en las clases, jam\u00e1s levant\u00e9 la mano. All\u00ed jam\u00e1s dej\u00e9 de levantarla\u00bb. El sistema le descubri\u00f3 asignaturas que cambiaron su vocaci\u00f3n. \u00abFui con la intenci\u00f3n de trabajar en la parte m\u00e1s experimental de las matem\u00e1ticas, pero acab\u00e9 en la parte computacional. Saturado, dej\u00e9 el doctorado a la mitad y regres\u00e9\u00bb.<\/p>\n<p><strong>Un trabajo \u00abmuy ex\u00f3tico\u00bb<\/strong><\/p>\n<p>\u00abCuando acab\u00e9 la \u00abmili\u00bb, encontr\u00e9 un trabajo en Londres, en una empresa de I+D que cambi\u00f3 mi perspectiva\u00bb. Era el a\u00f1o 77 \u00aby aquello resultaba muy ex\u00f3tico. All\u00ed encontr\u00e9 mi camino\u00bb. \u00abAdem\u00e1s, trabaj\u00e1bamos con much\u00edsimo dinero, con los fondos de las Fuerzas A\u00e9reas Americanas\u00bb.<\/p>\n<p>Cinco a\u00f1os despu\u00e9s, vuelve a casa, \u00abno s\u00e9 muy bien por qu\u00e9\u00bb. En un primer momento intentar\u00e1 trabajar en la universidad, \u00abpero aquello era imposible\u00bb. Espa\u00f1a atravesaba uno de sus momentos m\u00e1s cr\u00edticos. \u00abAhora se habla de crisis, pero en el 81 este pa\u00eds estaba muy mal\u00bb. Pese a todo, \u00e9l consigui\u00f3 trabajo en <a class=\"wp-caption-dd\" title=\"Control Data\" href=\"https:\/\/es.wikipedia.org\/wiki\/Control_Data_Corporation\" target=\"_blank\" rel=\"noopener\">Control Data<\/a>, un coloso de la \u00e9poca, \u00abpara m\u00ed, un aut\u00e9ntico privilegio\u00bb. \u00abYo hab\u00eda trabajado en Estados Unidos con los s\u00fapercomputadores de Control Data, que eran la \u00abrepera\u00bb. Sab\u00eda de computaci\u00f3n, de ordenadores, de los lenguajes de programaci\u00f3n de entonces&#8230; Trabajaba como t\u00e9cnico de sistemas, encantado de la vida. A los dos meses mi jefe me pas\u00f3 al departamento comercial. Aquello me pareci\u00f3 estupendo, me pagaban mejor y era el trabajo de mi vida\u00bb. Ah\u00ed comenz\u00f3 a escalar puestos: \u00abMe hicieron jefecillo y luego m\u00e1s jefe: director de divisi\u00f3n, luego de departamento&#8230; All\u00ed estuve hasta el a\u00f1o 87, que fue cuando fundamos Satec\u00bb.<\/p>\n<p><strong>Los primeros pasos de un emprendedor<\/strong><\/p>\n<p>Control Data viv\u00eda un gran declive y la situaci\u00f3n ya era insostenible. \u00abYo siempre he sido muy disciplinado y hac\u00eda lo que mandaban. Hacer lo que te mandan cuando no est\u00e1s de acuerdo es muy duro, pero hay que pasar por eso porque si no, no aprendes. Cuando se aprende de verdad es cuando tu jefe te pide que hagas algo, no est\u00e1s de acuerdo, pero te pones el sombrero y tiras para adelante\u00bb. \u00abYo ve\u00eda cosas que no entend\u00eda, pero aquello fue un gran aprendizaje porque uno tiene que ser capaz de capitalizar los errores\u00bb. \u00c9l lo fue, como tambi\u00e9n fue capaz de cursar dos programas de alta direcci\u00f3n en el <a class=\"wp-caption-dd\" title=\"IE Business School\" href=\"https:\/\/www.ie.edu\/\" target=\"_blank\" rel=\"noopener\">Instituto de Empresa <\/a>y en el <a class=\"wp-caption-dd\" title=\"IESE Business School\" href=\"https:\/\/www.iese.edu\/es\" target=\"_blank\" rel=\"noopener\">IESE<\/a>, \u00abpara aprender lo que no sab\u00eda del mundo de los negocios\u00bb.<\/p>\n<p>\u00bfY no tuvo miedo en aquel salto al vac\u00edo? \u00abNo, nunca. Tener miedo es un error garrafal, pero lo que s\u00ed es importante es ser prudente\u00bb.<\/p>\n<p>Han pasado m\u00e1s de dos d\u00e9cadas y su balance es muy positivo. \u00abDuermo tranquilo, y eso es lo m\u00e1s importante\u00bb, explica. \u00bfY qu\u00e9 hace falta para lograrlo? \u00abUno tiene que ser abierto y honesto y saber defender sus ideas\u00bb. \u00abHabiendo ilusi\u00f3n, foco y perseverancia, las cosas salen y salen bien\u00bb. Sus m\u00e1s de 1.000 empleados en siete pa\u00edses dan fe de ello.<\/p>\n<p><strong>SATEC: De \u00abcuatro gatos\u00bb a 1.000 empleados<\/strong><\/p>\n<p>Una multinacional en declive, unos amigos como socios, \u00abuna idea sobre la que construir una oportunidad, un cliente y un desarrollo de negocio\u00bb. Con estas armas, Luis Rodr\u00edguez Ovejero se lanz\u00f3 a crear su empresa hace 22 a\u00f1os. \u00abLa inquietud emprendedora naci\u00f3 de mi relaci\u00f3n con la familia de mi mujer, que es de Alcoy. Cuando yo llegu\u00e9 all\u00ed, preguntaba a los amigos de mi mujer: \u00ab\u00bfD\u00f3nde os vais a colocar?\u00bb, y ellos me respond\u00edan: \u00ab\u00bfQu\u00e9 es eso de colocarse? Nosotros vamos a montar una compa\u00f1\u00eda\u00bb.<\/p>\n<p>Su primer cliente, el entonces Ministerio de Obras P\u00fablicas, necesitaba apoyo inform\u00e1tico para resolver ciertos problemas t\u00e9cnicos a la hora de dise\u00f1ar puertos. \u00abNosotros les d\u00e1bamos los servicios y ellos los utilizaban para sus fines\u00bb. En aquellos a\u00f1os, esta f\u00f3rmula hoy convencional era absolutamente novedosa. \u00abConoc\u00edamos los sistemas, las telecomunicaciones, el\u00a0 software y los procesos, y sobre estos pilares construimos la compa\u00f1\u00eda\u00bb.<\/p>\n<p>\u00abAl principio \u00e9ramos cuatro gatos y tardamos dos a\u00f1os en conseguir nuestro segundo cliente\u00bb. Lo lograron en un concurso internacional, \u00abque significaba el triple de nuestra facturaci\u00f3n\u00bb. \u00abUno al final acaba vendiendo por tres razones: porque tu producto es mucho mejor, porque tienes el mejor precio o porque conectas con el cliente. Normalmente ganas si cumples dos, pero en ese caso nosotros cumpl\u00edamos las tres condicionantes\u00bb. Aquella fue su lanzadera a un mercado internacional que siempre han mimado.<\/p>\n<p>\u00bfCu\u00e1nto tardaron en llegar al punto de equilibrio? \u00abNosotros ganamos dinero desde el primer d\u00eda. Personalmente no creo en los modelos de negocio \u00abvoy a perder hoy, pero voy a ganar much\u00edsimo ma\u00f1ana\u00bb. Con esta filosof\u00eda dieron peque\u00f1os grandes pasos -\u00abestuve en el <a class=\"wp-caption-dd\" title=\"Cisco\" href=\"https:\/\/www.cisco.com\/\" target=\"_blank\" rel=\"noopener\">Cisco<\/a> de <a class=\"wp-caption-dd\" title=\"Silicon Valley\" href=\"https:\/\/es.wikipedia.org\/wiki\/Silicon_Valley\" target=\"_blank\" rel=\"noopener\">Silicon Valley<\/a>, en 1987&#8243;-, hicieron sus deberes, y hoy est\u00e1n preparados. \u00bfSu objetivo? \u00abDuplicarnos en cinco a\u00f1os\u00bb.<\/p>\n<p><strong>As\u00ed soy: \u00abTengo unas dependencias enormes\u00bb<\/strong><\/p>\n<p>Empresario, gestor y hombre de negocios, aprovecha al m\u00e1ximo el poco tiempo libre que disfruta. \u00abLo que m\u00e1s me gusta es estar en casa con mi familia. Tambi\u00e9n me gusta el f\u00fatbol: soy del Atl\u00e9tico de Madrid\u00bb. \u00abSiempre me ha gustado la m\u00fasica, la \u00f3pera. Tambi\u00e9n pesco con mosca y me gusta una barbaridad andar\u00bb.<\/p>\n<p>\u00abLa vida me ha ense\u00f1ado que ser joven o no depende de ti, no de los a\u00f1os que cumplas\u00bb. Es precisamente su \u00aboptimismo\u00bb el que considera rasgo fundamental de su car\u00e1cter. \u00bfY algo que no haya aprendido a\u00fan? \u00abMe gustar\u00eda ser m\u00e1s pr\u00e1ctico y h\u00e1bil delegando responsabilidades. Tambi\u00e9n tener m\u00e1s sosiego, ser menos impulsivo\u00bb.<\/p>\n<p>\u00bfDe qu\u00e9 no podr\u00eda prescindir hoy? \u00abUf, de much\u00edsimas cosas. Tengo unas dependencias enormes\u00bb, explica con la mejor de sus sonrisas. \u00abPor ejemplo, de andar. Cuando me prohibieron correr me entr\u00f3 un miedo espantoso, pero he descubierto que andar es mucho mejor que correr\u00bb\u00bb.<\/p>\n<p>Y para acabar, un libro: \u00abUno no, dos que le\u00edamos cuando \u00e9ramos \u00abprogres\u00bb: \u00abEl arte de amar\u00bb y \u00abEl miedo a la libertad\u00bb, de Erich Fromm\u00bb.<\/p>\n","protected":false},"excerpt":{"rendered":"<p>La suya es una carrera consistente, llena de retos y de oportunidades. Desde su beca en Salt Lake City, pasando por sus primeros pasos en un incipiente sector inform\u00e1tico, sin olvidar su salto al ruedo empresarial con SATEC, una compa\u00f1\u00eda que ha cumplido dos d\u00e9cadas y cuenta con 1.000 empleados.<\/p>\n","protected":false},"author":31,"featured_media":32061,"comment_status":"closed","ping_status":"open","sticky":false,"template":"","format":"standard","meta":{"footnotes":""},"categories":[3],"tags":[41,117,143,144],"class_list":["post-881","post","type-post","status-publish","format-standard","has-post-thumbnail","hentry","category-actualidad","tag-consultoria","tag-emprender","tag-entrevista-2","tag-informatica"],"yoast_head":"<!-- This site is optimized with the Yoast SEO plugin v26.1.1 - https:\/\/yoast.com\/wordpress\/plugins\/seo\/ -->\n<title>\u00abDuermo tranquilo y eso es lo m\u00e1s importante\u00bb | HRTRENDS<\/title>\n<meta name=\"robots\" content=\"index, follow, max-snippet:-1, max-image-preview:large, max-video-preview:-1\" \/>\n<link rel=\"canonical\" href=\"https:\/\/empresas.infoempleo.com\/hrtrends\/duermo-tranquilo-y-eso-es-lo-mas-importante\/\" \/>\n<meta property=\"og:locale\" content=\"es_ES\" \/>\n<meta property=\"og:type\" content=\"article\" \/>\n<meta property=\"og:title\" content=\"\u00abDuermo tranquilo y eso es lo m\u00e1s importante\u00bb | HRTRENDS\" \/>\n<meta property=\"og:description\" content=\"La suya es una carrera consistente, llena de retos y de oportunidades. Desde su beca en Salt Lake City, pasando por sus primeros pasos en un incipiente sector inform\u00e1tico, sin olvidar su salto al ruedo empresarial con SATEC, una compa\u00f1\u00eda que ha cumplido dos d\u00e9cadas y cuenta con 1.000 empleados.\" \/>\n<meta property=\"og:url\" content=\"https:\/\/empresas.infoempleo.com\/hrtrends\/duermo-tranquilo-y-eso-es-lo-mas-importante\/\" \/>\n<meta property=\"og:site_name\" content=\"HRTRENDS\" \/>\n<meta property=\"article:publisher\" content=\"https:\/\/www.facebook.com\/Infoempleo\" \/>\n<meta property=\"article:published_time\" content=\"2009-05-26T08:02:54+00:00\" \/>\n<meta property=\"article:modified_time\" content=\"2024-09-09T15:36:04+00:00\" \/>\n<meta property=\"og:image\" content=\"https:\/\/empresas.infoempleo.com\/hrtrends\/media\/2009\/05\/ingeniero-caminos.jpg\" \/>\n\t<meta property=\"og:image:width\" content=\"456\" \/>\n\t<meta property=\"og:image:height\" content=\"285\" \/>\n\t<meta property=\"og:image:type\" content=\"image\/jpeg\" \/>\n<meta name=\"author\" content=\"In\u00e9s Molina\" \/>\n<meta name=\"twitter:card\" content=\"summary_large_image\" \/>\n<meta name=\"twitter:creator\" content=\"@infoempleo\" \/>\n<meta name=\"twitter:site\" content=\"@infoempleo\" \/>\n<meta name=\"twitter:label1\" content=\"Escrito por\" \/>\n\t<meta name=\"twitter:data1\" content=\"In\u00e9s Molina\" \/>\n\t<meta name=\"twitter:label2\" content=\"Tiempo de lectura\" \/>\n\t<meta name=\"twitter:data2\" content=\"6 minutos\" \/>\n<script type=\"application\/ld+json\" class=\"yoast-schema-graph\">{\"@context\":\"https:\/\/schema.org\",\"@graph\":[{\"@type\":\"NewsArticle\",\"@id\":\"https:\/\/empresas.infoempleo.com\/hrtrends\/duermo-tranquilo-y-eso-es-lo-mas-importante\/#article\",\"isPartOf\":{\"@id\":\"https:\/\/empresas.infoempleo.com\/hrtrends\/duermo-tranquilo-y-eso-es-lo-mas-importante\/\"},\"author\":{\"name\":\"In\u00e9s Molina\",\"@id\":\"https:\/\/empresas.infoempleo.com\/hrtrends\/#\/schema\/person\/b7a6badf8a824bd871816199d4073051\"},\"headline\":\"\u00abDuermo tranquilo y eso es lo m\u00e1s importante\u00bb\",\"datePublished\":\"2009-05-26T08:02:54+00:00\",\"dateModified\":\"2024-09-09T15:36:04+00:00\",\"mainEntityOfPage\":{\"@id\":\"https:\/\/empresas.infoempleo.com\/hrtrends\/duermo-tranquilo-y-eso-es-lo-mas-importante\/\"},\"wordCount\":1360,\"publisher\":{\"@id\":\"https:\/\/empresas.infoempleo.com\/hrtrends\/#organization\"},\"image\":{\"@id\":\"https:\/\/empresas.infoempleo.com\/hrtrends\/duermo-tranquilo-y-eso-es-lo-mas-importante\/#primaryimage\"},\"thumbnailUrl\":\"https:\/\/empresas.infoempleo.com\/hrtrends\/media\/2009\/05\/ingeniero-caminos.jpg\",\"keywords\":[\"consultor\u00eda\",\"emprender\",\"entrevista\",\"inform\u00e1tica\"],\"articleSection\":[\"Actualidad\"],\"inLanguage\":\"es\",\"copyrightYear\":\"2009\",\"copyrightHolder\":{\"@id\":\"https:\/\/empresas.infoempleo.com\/hrtrends\/#organization\"}},{\"@type\":\"WebPage\",\"@id\":\"https:\/\/empresas.infoempleo.com\/hrtrends\/duermo-tranquilo-y-eso-es-lo-mas-importante\/\",\"url\":\"https:\/\/empresas.infoempleo.com\/hrtrends\/duermo-tranquilo-y-eso-es-lo-mas-importante\/\",\"name\":\"\u00abDuermo tranquilo y eso es lo m\u00e1s importante\u00bb | HRTRENDS\",\"isPartOf\":{\"@id\":\"https:\/\/empresas.infoempleo.com\/hrtrends\/#website\"},\"primaryImageOfPage\":{\"@id\":\"https:\/\/empresas.infoempleo.com\/hrtrends\/duermo-tranquilo-y-eso-es-lo-mas-importante\/#primaryimage\"},\"image\":{\"@id\":\"https:\/\/empresas.infoempleo.com\/hrtrends\/duermo-tranquilo-y-eso-es-lo-mas-importante\/#primaryimage\"},\"thumbnailUrl\":\"https:\/\/empresas.infoempleo.com\/hrtrends\/media\/2009\/05\/ingeniero-caminos.jpg\",\"datePublished\":\"2009-05-26T08:02:54+00:00\",\"dateModified\":\"2024-09-09T15:36:04+00:00\",\"breadcrumb\":{\"@id\":\"https:\/\/empresas.infoempleo.com\/hrtrends\/duermo-tranquilo-y-eso-es-lo-mas-importante\/#breadcrumb\"},\"inLanguage\":\"es\",\"potentialAction\":[{\"@type\":\"ReadAction\",\"target\":[\"https:\/\/empresas.infoempleo.com\/hrtrends\/duermo-tranquilo-y-eso-es-lo-mas-importante\/\"]}]},{\"@type\":\"ImageObject\",\"inLanguage\":\"es\",\"@id\":\"https:\/\/empresas.infoempleo.com\/hrtrends\/duermo-tranquilo-y-eso-es-lo-mas-importante\/#primaryimage\",\"url\":\"https:\/\/empresas.infoempleo.com\/hrtrends\/media\/2009\/05\/ingeniero-caminos-150x150.jpg\",\"contentUrl\":\"https:\/\/empresas.infoempleo.com\/hrtrends\/media\/2009\/05\/ingeniero-caminos-150x150.jpg\",\"width\":150,\"height\":150},{\"@type\":\"BreadcrumbList\",\"@id\":\"https:\/\/empresas.infoempleo.com\/hrtrends\/duermo-tranquilo-y-eso-es-lo-mas-importante\/#breadcrumb\",\"itemListElement\":[{\"@type\":\"ListItem\",\"position\":1,\"name\":\"Portada\",\"item\":\"https:\/\/empresas.infoempleo.com\/hrtrends\/\"},{\"@type\":\"ListItem\",\"position\":2,\"name\":\"\u00abDuermo tranquilo y eso es lo m\u00e1s importante\u00bb\"}]},{\"@type\":\"WebSite\",\"@id\":\"https:\/\/empresas.infoempleo.com\/hrtrends\/#website\",\"url\":\"https:\/\/empresas.infoempleo.com\/hrtrends\",\"name\":\"HRTrends by Infoempleo\",\"description\":\"\",\"publisher\":{\"@id\":\"https:\/\/empresas.infoempleo.com\/hrtrends\/#organization\"},\"potentialAction\":{\"@type\":\"SearchAction\",\"target\":\"https:\/\/empresas.infoempleo.com\/hrtrends\/?s={search_term_string}\",\"query-input\":\"required name=search_term_string\"},\"inLanguage\":\"es\"},{\"@type\":\"Organization\",\"@id\":\"https:\/\/empresas.infoempleo.com\/hrtrends\/#organization\",\"name\":\"Infoempleo\",\"url\":\"https:\/\/www.infoempleo.com\/\",\"logo\":{\"@type\":\"ImageObject\",\"@id\":\"https:\/\/empresas.infoempleo.com\/hrtrends\/#logo\",\"inLanguage\":\"es\",\"url\":\"https:\/\/cdnazure.infoempleo.com\/infoempleo\/assets\/style\/gfx\/logo.svg\",\"contentUrl\":\"https:\/\/cdnazure.infoempleo.com\/infoempleo\/assets\/style\/gfx\/logo.svg\",\"width\":150,\"height\":40,\"caption\":\"Infoempleo\"},\"image\":{\"@id\":\"https:\/\/empresas.infoempleo.com\/hrtrends\/#logo\"},\"sameAs\":[\"https:\/\/www.facebook.com\/Infoempleo\",\"https:\/\/x.com\/infoempleo\",\"http:\/\/instagram.com\/infoempleo\/\",\"http:\/\/www.linkedin.com\/groups\/Empleo-Espa\u00f1a-Infoempleocom-111276\",\"http:\/\/pinterest.com\/infoempleo\/\"],\"address\":{\"@type\":\"PostalAddress\",\"addressLocality\":\"Madrid\",\"postalCode\":\"28050\",\"streetAddress\":\"Avenida de Burgos 114\"},\"brand\":[\"Infoempleo\"]},{\"@type\":\"Person\",\"@id\":\"https:\/\/empresas.infoempleo.com\/hrtrends\/#\/schema\/person\/b7a6badf8a824bd871816199d4073051\",\"name\":\"In\u00e9s Molina\",\"image\":{\"@type\":\"ImageObject\",\"inLanguage\":\"es\",\"@id\":\"https:\/\/empresas.infoempleo.com\/hrtrends\/#\/schema\/person\/image\/\",\"url\":\"https:\/\/secure.gravatar.com\/avatar\/91ea6cf86c6b79f9f6f4d22793ffcbb45c9376d3b1a923126559ea4a8544b7b3?s=96&d=mm&r=g\",\"contentUrl\":\"https:\/\/secure.gravatar.com\/avatar\/91ea6cf86c6b79f9f6f4d22793ffcbb45c9376d3b1a923126559ea4a8544b7b3?s=96&d=mm&r=g\",\"caption\":\"In\u00e9s Molina\"},\"url\":\"https:\/\/empresas.infoempleo.com\/hrtrends\/author\/ines-molina\/\"}]}<\/script>\n<!-- \/ Yoast SEO plugin. -->","yoast_head_json":{"title":"\u00abDuermo tranquilo y eso es lo m\u00e1s importante\u00bb | HRTRENDS","robots":{"index":"index","follow":"follow","max-snippet":"max-snippet:-1","max-image-preview":"max-image-preview:large","max-video-preview":"max-video-preview:-1"},"canonical":"https:\/\/empresas.infoempleo.com\/hrtrends\/duermo-tranquilo-y-eso-es-lo-mas-importante\/","og_locale":"es_ES","og_type":"article","og_title":"\u00abDuermo tranquilo y eso es lo m\u00e1s importante\u00bb | HRTRENDS","og_description":"La suya es una carrera consistente, llena de retos y de oportunidades. Desde su beca en Salt Lake City, pasando por sus primeros pasos en un incipiente sector inform\u00e1tico, sin olvidar su salto al ruedo empresarial con SATEC, una compa\u00f1\u00eda que ha cumplido dos d\u00e9cadas y cuenta con 1.000 empleados.","og_url":"https:\/\/empresas.infoempleo.com\/hrtrends\/duermo-tranquilo-y-eso-es-lo-mas-importante\/","og_site_name":"HRTRENDS","article_publisher":"https:\/\/www.facebook.com\/Infoempleo","article_published_time":"2009-05-26T08:02:54+00:00","article_modified_time":"2024-09-09T15:36:04+00:00","og_image":[{"width":456,"height":285,"url":"https:\/\/empresas.infoempleo.com\/hrtrends\/media\/2009\/05\/ingeniero-caminos.jpg","type":"image\/jpeg"}],"author":"In\u00e9s Molina","twitter_card":"summary_large_image","twitter_creator":"@infoempleo","twitter_site":"@infoempleo","twitter_misc":{"Escrito por":"In\u00e9s Molina","Tiempo de lectura":"6 minutos"},"schema":{"@context":"https:\/\/schema.org","@graph":[{"@type":"NewsArticle","@id":"https:\/\/empresas.infoempleo.com\/hrtrends\/duermo-tranquilo-y-eso-es-lo-mas-importante\/#article","isPartOf":{"@id":"https:\/\/empresas.infoempleo.com\/hrtrends\/duermo-tranquilo-y-eso-es-lo-mas-importante\/"},"author":{"name":"In\u00e9s Molina","@id":"https:\/\/empresas.infoempleo.com\/hrtrends\/#\/schema\/person\/b7a6badf8a824bd871816199d4073051"},"headline":"\u00abDuermo tranquilo y eso es lo m\u00e1s importante\u00bb","datePublished":"2009-05-26T08:02:54+00:00","dateModified":"2024-09-09T15:36:04+00:00","mainEntityOfPage":{"@id":"https:\/\/empresas.infoempleo.com\/hrtrends\/duermo-tranquilo-y-eso-es-lo-mas-importante\/"},"wordCount":1360,"publisher":{"@id":"https:\/\/empresas.infoempleo.com\/hrtrends\/#organization"},"image":{"@id":"https:\/\/empresas.infoempleo.com\/hrtrends\/duermo-tranquilo-y-eso-es-lo-mas-importante\/#primaryimage"},"thumbnailUrl":"https:\/\/empresas.infoempleo.com\/hrtrends\/media\/2009\/05\/ingeniero-caminos.jpg","keywords":["consultor\u00eda","emprender","entrevista","inform\u00e1tica"],"articleSection":["Actualidad"],"inLanguage":"es","copyrightYear":"2009","copyrightHolder":{"@id":"https:\/\/empresas.infoempleo.com\/hrtrends\/#organization"}},{"@type":"WebPage","@id":"https:\/\/empresas.infoempleo.com\/hrtrends\/duermo-tranquilo-y-eso-es-lo-mas-importante\/","url":"https:\/\/empresas.infoempleo.com\/hrtrends\/duermo-tranquilo-y-eso-es-lo-mas-importante\/","name":"\u00abDuermo tranquilo y eso es lo m\u00e1s importante\u00bb | HRTRENDS","isPartOf":{"@id":"https:\/\/empresas.infoempleo.com\/hrtrends\/#website"},"primaryImageOfPage":{"@id":"https:\/\/empresas.infoempleo.com\/hrtrends\/duermo-tranquilo-y-eso-es-lo-mas-importante\/#primaryimage"},"image":{"@id":"https:\/\/empresas.infoempleo.com\/hrtrends\/duermo-tranquilo-y-eso-es-lo-mas-importante\/#primaryimage"},"thumbnailUrl":"https:\/\/empresas.infoempleo.com\/hrtrends\/media\/2009\/05\/ingeniero-caminos.jpg","datePublished":"2009-05-26T08:02:54+00:00","dateModified":"2024-09-09T15:36:04+00:00","breadcrumb":{"@id":"https:\/\/empresas.infoempleo.com\/hrtrends\/duermo-tranquilo-y-eso-es-lo-mas-importante\/#breadcrumb"},"inLanguage":"es","potentialAction":[{"@type":"ReadAction","target":["https:\/\/empresas.infoempleo.com\/hrtrends\/duermo-tranquilo-y-eso-es-lo-mas-importante\/"]}]},{"@type":"ImageObject","inLanguage":"es","@id":"https:\/\/empresas.infoempleo.com\/hrtrends\/duermo-tranquilo-y-eso-es-lo-mas-importante\/#primaryimage","url":"https:\/\/empresas.infoempleo.com\/hrtrends\/media\/2009\/05\/ingeniero-caminos-150x150.jpg","contentUrl":"https:\/\/empresas.infoempleo.com\/hrtrends\/media\/2009\/05\/ingeniero-caminos-150x150.jpg","width":150,"height":150},{"@type":"BreadcrumbList","@id":"https:\/\/empresas.infoempleo.com\/hrtrends\/duermo-tranquilo-y-eso-es-lo-mas-importante\/#breadcrumb","itemListElement":[{"@type":"ListItem","position":1,"name":"Portada","item":"https:\/\/empresas.infoempleo.com\/hrtrends\/"},{"@type":"ListItem","position":2,"name":"\u00abDuermo tranquilo y eso es lo m\u00e1s importante\u00bb"}]},{"@type":"WebSite","@id":"https:\/\/empresas.infoempleo.com\/hrtrends\/#website","url":"https:\/\/empresas.infoempleo.com\/hrtrends","name":"HRTrends by Infoempleo","description":"","publisher":{"@id":"https:\/\/empresas.infoempleo.com\/hrtrends\/#organization"},"potentialAction":{"@type":"SearchAction","target":"https:\/\/empresas.infoempleo.com\/hrtrends\/?s={search_term_string}","query-input":"required name=search_term_string"},"inLanguage":"es"},{"@type":"Organization","@id":"https:\/\/empresas.infoempleo.com\/hrtrends\/#organization","name":"Infoempleo","url":"https:\/\/www.infoempleo.com\/","logo":{"@type":"ImageObject","@id":"https:\/\/empresas.infoempleo.com\/hrtrends\/#logo","inLanguage":"es","url":"https:\/\/cdnazure.infoempleo.com\/infoempleo\/assets\/style\/gfx\/logo.svg","contentUrl":"https:\/\/cdnazure.infoempleo.com\/infoempleo\/assets\/style\/gfx\/logo.svg","width":150,"height":40,"caption":"Infoempleo"},"image":{"@id":"https:\/\/empresas.infoempleo.com\/hrtrends\/#logo"},"sameAs":["https:\/\/www.facebook.com\/Infoempleo","https:\/\/x.com\/infoempleo","http:\/\/instagram.com\/infoempleo\/","http:\/\/www.linkedin.com\/groups\/Empleo-Espa\u00f1a-Infoempleocom-111276","http:\/\/pinterest.com\/infoempleo\/"],"address":{"@type":"PostalAddress","addressLocality":"Madrid","postalCode":"28050","streetAddress":"Avenida de Burgos 114"},"brand":["Infoempleo"]},{"@type":"Person","@id":"https:\/\/empresas.infoempleo.com\/hrtrends\/#\/schema\/person\/b7a6badf8a824bd871816199d4073051","name":"In\u00e9s Molina","image":{"@type":"ImageObject","inLanguage":"es","@id":"https:\/\/empresas.infoempleo.com\/hrtrends\/#\/schema\/person\/image\/","url":"https:\/\/secure.gravatar.com\/avatar\/91ea6cf86c6b79f9f6f4d22793ffcbb45c9376d3b1a923126559ea4a8544b7b3?s=96&d=mm&r=g","contentUrl":"https:\/\/secure.gravatar.com\/avatar\/91ea6cf86c6b79f9f6f4d22793ffcbb45c9376d3b1a923126559ea4a8544b7b3?s=96&d=mm&r=g","caption":"In\u00e9s Molina"},"url":"https:\/\/empresas.infoempleo.com\/hrtrends\/author\/ines-molina\/"}]}},"amp_enabled":true,"_links":{"self":[{"href":"https:\/\/empresas.infoempleo.com\/hrtrends\/wp-json\/wp\/v2\/posts\/881","targetHints":{"allow":["GET"]}}],"collection":[{"href":"https:\/\/empresas.infoempleo.com\/hrtrends\/wp-json\/wp\/v2\/posts"}],"about":[{"href":"https:\/\/empresas.infoempleo.com\/hrtrends\/wp-json\/wp\/v2\/types\/post"}],"author":[{"embeddable":true,"href":"https:\/\/empresas.infoempleo.com\/hrtrends\/wp-json\/wp\/v2\/users\/31"}],"replies":[{"embeddable":true,"href":"https:\/\/empresas.infoempleo.com\/hrtrends\/wp-json\/wp\/v2\/comments?post=881"}],"version-history":[{"count":2,"href":"https:\/\/empresas.infoempleo.com\/hrtrends\/wp-json\/wp\/v2\/posts\/881\/revisions"}],"predecessor-version":[{"id":45644,"href":"https:\/\/empresas.infoempleo.com\/hrtrends\/wp-json\/wp\/v2\/posts\/881\/revisions\/45644"}],"wp:featuredmedia":[{"embeddable":true,"href":"https:\/\/empresas.infoempleo.com\/hrtrends\/wp-json\/wp\/v2\/media\/32061"}],"wp:attachment":[{"href":"https:\/\/empresas.infoempleo.com\/hrtrends\/wp-json\/wp\/v2\/media?parent=881"}],"wp:term":[{"taxonomy":"category","embeddable":true,"href":"https:\/\/empresas.infoempleo.com\/hrtrends\/wp-json\/wp\/v2\/categories?post=881"},{"taxonomy":"post_tag","embeddable":true,"href":"https:\/\/empresas.infoempleo.com\/hrtrends\/wp-json\/wp\/v2\/tags?post=881"}],"curies":[{"name":"wp","href":"https:\/\/api.w.org\/{rel}","templated":true}]}}