{"id":878,"date":"2009-05-26T09:02:34","date_gmt":"2009-05-26T08:02:34","guid":{"rendered":"http:\/\/blog.infoempleo.com\/?p=878"},"modified":"2023-01-17T17:32:02","modified_gmt":"2023-01-17T15:32:02","slug":"paulina-rascon-nueva-directora-de-recursos-humanos-de-intrum-justitia","status":"publish","type":"post","link":"https:\/\/empresas.infoempleo.com\/hrtrends\/paulina-rascon-nueva-directora-de-recursos-humanos-de-intrum-justitia\/","title":{"rendered":"RR.HH.: Nuevos profesionales en sus puestos"},"content":{"rendered":"<p style=\"text-align: left;\"><strong>P<\/strong><strong>aulina Rasc\u00f3n, directora de recursos humanos de Intrum Justitia<\/strong><\/p>\n<p>Esta licenciada en Ciencias Pol\u00edticas curs\u00f3 el m\u00e1ster de Recursos Humanos por el Instituto de Estudios Superiores San Pablo CEU y se convirti\u00f3 en especialista en Compensaci\u00f3n y Beneficios en la Escuela de Negocios Garrigues.<\/p>\n<p>Paulina Rasc\u00f3n ha dedicado la mayor parte de su trayectoria profesional al sector de recursos humanos. Entre sus experiencias destaca Caja Rural de Ciudad Real, donde trabaj\u00f3 durante seis a\u00f1os como responsable de gesti\u00f3n del departamento de recursos humanos. Posteriormente fue nombrada directora de comunicaci\u00f3n corporativa.<\/p>\n<p>Antes de su incorporaci\u00f3n a <a class=\"wp-caption-dd\" title=\"Intrum Justicia\" href=\"https:\/\/www.intrum.es\/particulares\/\" target=\"_blank\" rel=\"noopener noreferrer\">Intrum Justitia<\/a> fue responsable de la creaci\u00f3n e implantaci\u00f3n del departamento de recursos humanos en el Grupo Juban. En su nuevo puesto al frente de los recursos humanos de la multinacional sueca deber\u00e1 contribuir al desarrollo de los profesionales de la compa\u00f1\u00eda, as\u00ed como continuar mejorando su pol\u00edtica de recursos humanos.<\/p>\n<p>&nbsp;<\/p>\n<p style=\"text-align: left;\"><strong>Fernanda Tom\u00e1s, directora de Business Suport de Ericsson para Espa\u00f1a y Portugal<\/strong><\/p>\n<p>Directora de Recursos Humanos de Ericsson Portugal desde 1997 y Directora General de la filial lusa desde 2002, Fernanda Tom\u00e1s ha asumido la responsabilidad del \u00e1rea Business Support, una nueva divisi\u00f3n que incluye las competencias de Recursos Humanos, Instalaciones, Seguridad, Tecnolog\u00edas de la Informaci\u00f3n y la Comunicaci\u00f3n, Internet, Excelencia Operacional, y Responsabilidad Corporativa y Sostenibilidad.<\/p>\n<p>Anteriormente a su llegada a Ericsson, esta licenciada en Derecho por la Universidad de Lisboa, hab\u00eda trabajado en Allied Signal Automotive y Barclays Bank, siempre vinculada a las funciones de Recursos Humanos y Excelencia Operativa.<\/p>\n<p>&nbsp;<\/p>\n<p style=\"text-align: left;\"><strong>Juan Miguel P\u00e9rez Climent, director de RR.HH. de Docout<\/strong><\/p>\n<p>Desde este nuevo cargo, P\u00e9rez Climent, licenciado en Ciencias Econ\u00f3micas y Empresariales y M\u00e1ster en Direcci\u00f3n de Recursos Humanos y Organizaci\u00f3n, se responsabilizar\u00e1 tanto de la selecci\u00f3n y motivaci\u00f3n de la plantilla, como de la optimizaci\u00f3n del crecimiento que viene desarrollando la compa\u00f1\u00eda.<\/p>\n<p>El nuevo director de RRHH del Grupo Docout, comenz\u00f3 su carrera profesional en Dragados y Construcciones y posteriormente se incorpor\u00f3 a Leroy Merl\u00edn,\u00a0 donde form\u00f3 parte del equipo que elabor\u00f3 la definici\u00f3n y gesti\u00f3n de pol\u00edticas de RRHH.<\/p>\n<p>Asimismo, lleva m\u00e1s de 15 a\u00f1os dedicado al desarrollo del sector de RRHH y de la educaci\u00f3n impartiendo clases en la Universidad EUATM y en diversas escuelas de negocio.<\/p>\n<p>&nbsp;<\/p>\n<p><strong>Baldiri Pons, gerente de\u00a0la oficina de\u00a0People Excellence de Barcelona<\/strong><\/p>\n<p><em><a class=\"wp-caption-dd\" title=\"Web de People Excellence\" href=\"https:\/\/peoplexcellence.com\/\" target=\"_blank\" rel=\"noopener noreferrer\">People Excellence<\/a><\/em>, consultora de recursos humanos especializada en evaluaci\u00f3n, formaci\u00f3n y desarrollo, contin\u00faa su expansi\u00f3n e incorpora a Baldiri Pons como gerente y responsable de la oficina que ha abierto en Barcelona. Pons cuenta con una larga trayectoria en el \u00e1rea comercial y en consultor\u00eda de recursos humanos. Diplomado en Arquitectura T\u00e9cnica, estudi\u00f3 adem\u00e1s Direcci\u00f3n de Marketing en ESADE y Psicolog\u00eda. Asimismo, est\u00e1 certificado a nivel internacional en Liderazgo por <em>Zenger Miller<\/em>, as\u00ed como en Ventas y Coaching por <em>Achieve Global<\/em>.<\/p>\n<p>Asumir\u00e1 la direcci\u00f3n de la oficina catalana, que constituir\u00e1 la segunda de la compa\u00f1\u00eda, tras la que abrieron en Madrid hace dos a\u00f1os, cuando se cre\u00f3 la consultora. Esta apertura responde a una necesidad creciente por parte de las compa\u00f1\u00edas ubicadas en Catalu\u00f1a por focalizar su negocio en los recursos humanos, y en especial en el desarrollo y liderazgo de personas dentro de las organizaciones.<\/p>\n","protected":false},"excerpt":{"rendered":"<p>Paulina Rasc\u00f3n, directora de recursos humanos de Intrum Justitia Esta licenciada en Ciencias Pol\u00edticas curs\u00f3 el m\u00e1ster de<a class=\"moretag\" href=\"https:\/\/empresas.infoempleo.com\/hrtrends\/paulina-rascon-nueva-directora-de-recursos-humanos-de-intrum-justitia\/\"> Leer m\u00e1s<\/a><\/p>\n","protected":false},"author":31,"featured_media":29840,"comment_status":"closed","ping_status":"open","sticky":false,"template":"","format":"standard","meta":{"footnotes":""},"categories":[2978],"tags":[2979,178],"class_list":["post-878","post","type-post","status-publish","format-standard","has-post-thumbnail","hentry","category-directores-rrhh","tag-director-rrhh","tag-nombramientos"],"yoast_head":"<!-- This site is optimized with the Yoast SEO plugin v26.1.1 - https:\/\/yoast.com\/wordpress\/plugins\/seo\/ -->\n<title>RR.HH.: Nuevos profesionales en sus puestos | HRTRENDS<\/title>\n<meta name=\"description\" content=\"Nombramientos de nuevos profesionales de RR.HH. que dirigen este departamento en diversas empresas que operan en Espa\u00f1a.\" \/>\n<meta name=\"robots\" content=\"index, follow, max-snippet:-1, max-image-preview:large, max-video-preview:-1\" \/>\n<link rel=\"canonical\" href=\"https:\/\/empresas.infoempleo.com\/hrtrends\/paulina-rascon-nueva-directora-de-recursos-humanos-de-intrum-justitia\/\" \/>\n<meta property=\"og:locale\" content=\"es_ES\" \/>\n<meta property=\"og:type\" content=\"article\" \/>\n<meta property=\"og:title\" content=\"RR.HH.: Nuevos profesionales en sus puestos | HRTRENDS\" \/>\n<meta property=\"og:description\" content=\"Nombramientos de nuevos profesionales de RR.HH. que dirigen este departamento en diversas empresas que operan en Espa\u00f1a.\" \/>\n<meta property=\"og:url\" content=\"https:\/\/empresas.infoempleo.com\/hrtrends\/paulina-rascon-nueva-directora-de-recursos-humanos-de-intrum-justitia\/\" \/>\n<meta property=\"og:site_name\" content=\"HRTRENDS\" \/>\n<meta property=\"article:publisher\" content=\"https:\/\/www.facebook.com\/Infoempleo\" \/>\n<meta property=\"article:published_time\" content=\"2009-05-26T08:02:34+00:00\" \/>\n<meta property=\"article:modified_time\" content=\"2023-01-17T15:32:02+00:00\" \/>\n<meta property=\"og:image\" content=\"https:\/\/empresas.infoempleo.com\/hrtrends\/media\/2009\/05\/ThinkstockPhotos-612396272.jpg\" \/>\n\t<meta property=\"og:image:width\" content=\"1280\" \/>\n\t<meta property=\"og:image:height\" content=\"550\" \/>\n\t<meta property=\"og:image:type\" content=\"image\/jpeg\" \/>\n<meta name=\"author\" content=\"In\u00e9s Molina\" \/>\n<meta name=\"twitter:card\" content=\"summary_large_image\" \/>\n<meta name=\"twitter:creator\" content=\"@infoempleo\" \/>\n<meta name=\"twitter:site\" content=\"@infoempleo\" \/>\n<meta name=\"twitter:label1\" content=\"Escrito por\" \/>\n\t<meta name=\"twitter:data1\" content=\"In\u00e9s Molina\" \/>\n\t<meta name=\"twitter:label2\" content=\"Tiempo de lectura\" \/>\n\t<meta name=\"twitter:data2\" content=\"3 minutos\" \/>\n<script type=\"application\/ld+json\" class=\"yoast-schema-graph\">{\"@context\":\"https:\/\/schema.org\",\"@graph\":[{\"@type\":\"NewsArticle\",\"@id\":\"https:\/\/empresas.infoempleo.com\/hrtrends\/paulina-rascon-nueva-directora-de-recursos-humanos-de-intrum-justitia\/#article\",\"isPartOf\":{\"@id\":\"https:\/\/empresas.infoempleo.com\/hrtrends\/paulina-rascon-nueva-directora-de-recursos-humanos-de-intrum-justitia\/\"},\"author\":{\"name\":\"In\u00e9s Molina\",\"@id\":\"https:\/\/empresas.infoempleo.com\/hrtrends\/#\/schema\/person\/b7a6badf8a824bd871816199d4073051\"},\"headline\":\"RR.HH.: Nuevos profesionales en sus puestos\",\"datePublished\":\"2009-05-26T08:02:34+00:00\",\"dateModified\":\"2023-01-17T15:32:02+00:00\",\"mainEntityOfPage\":{\"@id\":\"https:\/\/empresas.infoempleo.com\/hrtrends\/paulina-rascon-nueva-directora-de-recursos-humanos-de-intrum-justitia\/\"},\"wordCount\":585,\"publisher\":{\"@id\":\"https:\/\/empresas.infoempleo.com\/hrtrends\/#organization\"},\"image\":{\"@id\":\"https:\/\/empresas.infoempleo.com\/hrtrends\/paulina-rascon-nueva-directora-de-recursos-humanos-de-intrum-justitia\/#primaryimage\"},\"thumbnailUrl\":\"https:\/\/empresas.infoempleo.com\/hrtrends\/media\/2009\/05\/ThinkstockPhotos-612396272.jpg\",\"keywords\":[\"director RRHH\",\"Nombramientos\"],\"articleSection\":[\"Directores de RRHH\"],\"inLanguage\":\"es\",\"copyrightYear\":\"2009\",\"copyrightHolder\":{\"@id\":\"https:\/\/empresas.infoempleo.com\/hrtrends\/#organization\"}},{\"@type\":\"WebPage\",\"@id\":\"https:\/\/empresas.infoempleo.com\/hrtrends\/paulina-rascon-nueva-directora-de-recursos-humanos-de-intrum-justitia\/\",\"url\":\"https:\/\/empresas.infoempleo.com\/hrtrends\/paulina-rascon-nueva-directora-de-recursos-humanos-de-intrum-justitia\/\",\"name\":\"RR.HH.: Nuevos profesionales en sus puestos | HRTRENDS\",\"isPartOf\":{\"@id\":\"https:\/\/empresas.infoempleo.com\/hrtrends\/#website\"},\"primaryImageOfPage\":{\"@id\":\"https:\/\/empresas.infoempleo.com\/hrtrends\/paulina-rascon-nueva-directora-de-recursos-humanos-de-intrum-justitia\/#primaryimage\"},\"image\":{\"@id\":\"https:\/\/empresas.infoempleo.com\/hrtrends\/paulina-rascon-nueva-directora-de-recursos-humanos-de-intrum-justitia\/#primaryimage\"},\"thumbnailUrl\":\"https:\/\/empresas.infoempleo.com\/hrtrends\/media\/2009\/05\/ThinkstockPhotos-612396272.jpg\",\"datePublished\":\"2009-05-26T08:02:34+00:00\",\"dateModified\":\"2023-01-17T15:32:02+00:00\",\"description\":\"Nombramientos de nuevos profesionales de RR.HH. que dirigen este departamento en diversas empresas que operan en Espa\u00f1a.\",\"breadcrumb\":{\"@id\":\"https:\/\/empresas.infoempleo.com\/hrtrends\/paulina-rascon-nueva-directora-de-recursos-humanos-de-intrum-justitia\/#breadcrumb\"},\"inLanguage\":\"es\",\"potentialAction\":[{\"@type\":\"ReadAction\",\"target\":[\"https:\/\/empresas.infoempleo.com\/hrtrends\/paulina-rascon-nueva-directora-de-recursos-humanos-de-intrum-justitia\/\"]}]},{\"@type\":\"ImageObject\",\"inLanguage\":\"es\",\"@id\":\"https:\/\/empresas.infoempleo.com\/hrtrends\/paulina-rascon-nueva-directora-de-recursos-humanos-de-intrum-justitia\/#primaryimage\",\"url\":\"https:\/\/empresas.infoempleo.com\/hrtrends\/media\/2009\/05\/ThinkstockPhotos-612396272-150x150.jpg\",\"contentUrl\":\"https:\/\/empresas.infoempleo.com\/hrtrends\/media\/2009\/05\/ThinkstockPhotos-612396272-150x150.jpg\",\"width\":150,\"height\":150,\"caption\":\"Recursos humanos\"},{\"@type\":\"BreadcrumbList\",\"@id\":\"https:\/\/empresas.infoempleo.com\/hrtrends\/paulina-rascon-nueva-directora-de-recursos-humanos-de-intrum-justitia\/#breadcrumb\",\"itemListElement\":[{\"@type\":\"ListItem\",\"position\":1,\"name\":\"Portada\",\"item\":\"https:\/\/empresas.infoempleo.com\/hrtrends\/\"},{\"@type\":\"ListItem\",\"position\":2,\"name\":\"RR.HH.: Nuevos profesionales en sus puestos\"}]},{\"@type\":\"WebSite\",\"@id\":\"https:\/\/empresas.infoempleo.com\/hrtrends\/#website\",\"url\":\"https:\/\/empresas.infoempleo.com\/hrtrends\",\"name\":\"HRTrends by Infoempleo\",\"description\":\"\",\"publisher\":{\"@id\":\"https:\/\/empresas.infoempleo.com\/hrtrends\/#organization\"},\"potentialAction\":{\"@type\":\"SearchAction\",\"target\":\"https:\/\/empresas.infoempleo.com\/hrtrends\/?s={search_term_string}\",\"query-input\":\"required name=search_term_string\"},\"inLanguage\":\"es\"},{\"@type\":\"Organization\",\"@id\":\"https:\/\/empresas.infoempleo.com\/hrtrends\/#organization\",\"name\":\"Infoempleo\",\"url\":\"https:\/\/www.infoempleo.com\/\",\"logo\":{\"@type\":\"ImageObject\",\"@id\":\"https:\/\/empresas.infoempleo.com\/hrtrends\/#logo\",\"inLanguage\":\"es\",\"url\":\"https:\/\/cdnazure.infoempleo.com\/infoempleo\/assets\/style\/gfx\/logo.svg\",\"contentUrl\":\"https:\/\/cdnazure.infoempleo.com\/infoempleo\/assets\/style\/gfx\/logo.svg\",\"width\":150,\"height\":40,\"caption\":\"Infoempleo\"},\"image\":{\"@id\":\"https:\/\/empresas.infoempleo.com\/hrtrends\/#logo\"},\"sameAs\":[\"https:\/\/www.facebook.com\/Infoempleo\",\"https:\/\/x.com\/infoempleo\",\"http:\/\/instagram.com\/infoempleo\/\",\"http:\/\/www.linkedin.com\/groups\/Empleo-Espa\u00f1a-Infoempleocom-111276\",\"http:\/\/pinterest.com\/infoempleo\/\"],\"address\":{\"@type\":\"PostalAddress\",\"addressLocality\":\"Madrid\",\"postalCode\":\"28050\",\"streetAddress\":\"Avenida de Burgos 114\"},\"brand\":[\"Infoempleo\"]},{\"@type\":\"Person\",\"@id\":\"https:\/\/empresas.infoempleo.com\/hrtrends\/#\/schema\/person\/b7a6badf8a824bd871816199d4073051\",\"name\":\"In\u00e9s Molina\",\"image\":{\"@type\":\"ImageObject\",\"inLanguage\":\"es\",\"@id\":\"https:\/\/empresas.infoempleo.com\/hrtrends\/#\/schema\/person\/image\/\",\"url\":\"https:\/\/secure.gravatar.com\/avatar\/91ea6cf86c6b79f9f6f4d22793ffcbb45c9376d3b1a923126559ea4a8544b7b3?s=96&d=mm&r=g\",\"contentUrl\":\"https:\/\/secure.gravatar.com\/avatar\/91ea6cf86c6b79f9f6f4d22793ffcbb45c9376d3b1a923126559ea4a8544b7b3?s=96&d=mm&r=g\",\"caption\":\"In\u00e9s Molina\"},\"url\":\"https:\/\/empresas.infoempleo.com\/hrtrends\/author\/ines-molina\/\"}]}<\/script>\n<!-- \/ Yoast SEO plugin. -->","yoast_head_json":{"title":"RR.HH.: Nuevos profesionales en sus puestos | HRTRENDS","description":"Nombramientos de nuevos profesionales de RR.HH. que dirigen este departamento en diversas empresas que operan en Espa\u00f1a.","robots":{"index":"index","follow":"follow","max-snippet":"max-snippet:-1","max-image-preview":"max-image-preview:large","max-video-preview":"max-video-preview:-1"},"canonical":"https:\/\/empresas.infoempleo.com\/hrtrends\/paulina-rascon-nueva-directora-de-recursos-humanos-de-intrum-justitia\/","og_locale":"es_ES","og_type":"article","og_title":"RR.HH.: Nuevos profesionales en sus puestos | HRTRENDS","og_description":"Nombramientos de nuevos profesionales de RR.HH. que dirigen este departamento en diversas empresas que operan en Espa\u00f1a.","og_url":"https:\/\/empresas.infoempleo.com\/hrtrends\/paulina-rascon-nueva-directora-de-recursos-humanos-de-intrum-justitia\/","og_site_name":"HRTRENDS","article_publisher":"https:\/\/www.facebook.com\/Infoempleo","article_published_time":"2009-05-26T08:02:34+00:00","article_modified_time":"2023-01-17T15:32:02+00:00","og_image":[{"width":1280,"height":550,"url":"https:\/\/empresas.infoempleo.com\/hrtrends\/media\/2009\/05\/ThinkstockPhotos-612396272.jpg","type":"image\/jpeg"}],"author":"In\u00e9s Molina","twitter_card":"summary_large_image","twitter_creator":"@infoempleo","twitter_site":"@infoempleo","twitter_misc":{"Escrito por":"In\u00e9s Molina","Tiempo de lectura":"3 minutos"},"schema":{"@context":"https:\/\/schema.org","@graph":[{"@type":"NewsArticle","@id":"https:\/\/empresas.infoempleo.com\/hrtrends\/paulina-rascon-nueva-directora-de-recursos-humanos-de-intrum-justitia\/#article","isPartOf":{"@id":"https:\/\/empresas.infoempleo.com\/hrtrends\/paulina-rascon-nueva-directora-de-recursos-humanos-de-intrum-justitia\/"},"author":{"name":"In\u00e9s Molina","@id":"https:\/\/empresas.infoempleo.com\/hrtrends\/#\/schema\/person\/b7a6badf8a824bd871816199d4073051"},"headline":"RR.HH.: Nuevos profesionales en sus puestos","datePublished":"2009-05-26T08:02:34+00:00","dateModified":"2023-01-17T15:32:02+00:00","mainEntityOfPage":{"@id":"https:\/\/empresas.infoempleo.com\/hrtrends\/paulina-rascon-nueva-directora-de-recursos-humanos-de-intrum-justitia\/"},"wordCount":585,"publisher":{"@id":"https:\/\/empresas.infoempleo.com\/hrtrends\/#organization"},"image":{"@id":"https:\/\/empresas.infoempleo.com\/hrtrends\/paulina-rascon-nueva-directora-de-recursos-humanos-de-intrum-justitia\/#primaryimage"},"thumbnailUrl":"https:\/\/empresas.infoempleo.com\/hrtrends\/media\/2009\/05\/ThinkstockPhotos-612396272.jpg","keywords":["director RRHH","Nombramientos"],"articleSection":["Directores de RRHH"],"inLanguage":"es","copyrightYear":"2009","copyrightHolder":{"@id":"https:\/\/empresas.infoempleo.com\/hrtrends\/#organization"}},{"@type":"WebPage","@id":"https:\/\/empresas.infoempleo.com\/hrtrends\/paulina-rascon-nueva-directora-de-recursos-humanos-de-intrum-justitia\/","url":"https:\/\/empresas.infoempleo.com\/hrtrends\/paulina-rascon-nueva-directora-de-recursos-humanos-de-intrum-justitia\/","name":"RR.HH.: Nuevos profesionales en sus puestos | HRTRENDS","isPartOf":{"@id":"https:\/\/empresas.infoempleo.com\/hrtrends\/#website"},"primaryImageOfPage":{"@id":"https:\/\/empresas.infoempleo.com\/hrtrends\/paulina-rascon-nueva-directora-de-recursos-humanos-de-intrum-justitia\/#primaryimage"},"image":{"@id":"https:\/\/empresas.infoempleo.com\/hrtrends\/paulina-rascon-nueva-directora-de-recursos-humanos-de-intrum-justitia\/#primaryimage"},"thumbnailUrl":"https:\/\/empresas.infoempleo.com\/hrtrends\/media\/2009\/05\/ThinkstockPhotos-612396272.jpg","datePublished":"2009-05-26T08:02:34+00:00","dateModified":"2023-01-17T15:32:02+00:00","description":"Nombramientos de nuevos profesionales de RR.HH. que dirigen este departamento en diversas empresas que operan en Espa\u00f1a.","breadcrumb":{"@id":"https:\/\/empresas.infoempleo.com\/hrtrends\/paulina-rascon-nueva-directora-de-recursos-humanos-de-intrum-justitia\/#breadcrumb"},"inLanguage":"es","potentialAction":[{"@type":"ReadAction","target":["https:\/\/empresas.infoempleo.com\/hrtrends\/paulina-rascon-nueva-directora-de-recursos-humanos-de-intrum-justitia\/"]}]},{"@type":"ImageObject","inLanguage":"es","@id":"https:\/\/empresas.infoempleo.com\/hrtrends\/paulina-rascon-nueva-directora-de-recursos-humanos-de-intrum-justitia\/#primaryimage","url":"https:\/\/empresas.infoempleo.com\/hrtrends\/media\/2009\/05\/ThinkstockPhotos-612396272-150x150.jpg","contentUrl":"https:\/\/empresas.infoempleo.com\/hrtrends\/media\/2009\/05\/ThinkstockPhotos-612396272-150x150.jpg","width":150,"height":150,"caption":"Recursos humanos"},{"@type":"BreadcrumbList","@id":"https:\/\/empresas.infoempleo.com\/hrtrends\/paulina-rascon-nueva-directora-de-recursos-humanos-de-intrum-justitia\/#breadcrumb","itemListElement":[{"@type":"ListItem","position":1,"name":"Portada","item":"https:\/\/empresas.infoempleo.com\/hrtrends\/"},{"@type":"ListItem","position":2,"name":"RR.HH.: Nuevos profesionales en sus puestos"}]},{"@type":"WebSite","@id":"https:\/\/empresas.infoempleo.com\/hrtrends\/#website","url":"https:\/\/empresas.infoempleo.com\/hrtrends","name":"HRTrends by Infoempleo","description":"","publisher":{"@id":"https:\/\/empresas.infoempleo.com\/hrtrends\/#organization"},"potentialAction":{"@type":"SearchAction","target":"https:\/\/empresas.infoempleo.com\/hrtrends\/?s={search_term_string}","query-input":"required name=search_term_string"},"inLanguage":"es"},{"@type":"Organization","@id":"https:\/\/empresas.infoempleo.com\/hrtrends\/#organization","name":"Infoempleo","url":"https:\/\/www.infoempleo.com\/","logo":{"@type":"ImageObject","@id":"https:\/\/empresas.infoempleo.com\/hrtrends\/#logo","inLanguage":"es","url":"https:\/\/cdnazure.infoempleo.com\/infoempleo\/assets\/style\/gfx\/logo.svg","contentUrl":"https:\/\/cdnazure.infoempleo.com\/infoempleo\/assets\/style\/gfx\/logo.svg","width":150,"height":40,"caption":"Infoempleo"},"image":{"@id":"https:\/\/empresas.infoempleo.com\/hrtrends\/#logo"},"sameAs":["https:\/\/www.facebook.com\/Infoempleo","https:\/\/x.com\/infoempleo","http:\/\/instagram.com\/infoempleo\/","http:\/\/www.linkedin.com\/groups\/Empleo-Espa\u00f1a-Infoempleocom-111276","http:\/\/pinterest.com\/infoempleo\/"],"address":{"@type":"PostalAddress","addressLocality":"Madrid","postalCode":"28050","streetAddress":"Avenida de Burgos 114"},"brand":["Infoempleo"]},{"@type":"Person","@id":"https:\/\/empresas.infoempleo.com\/hrtrends\/#\/schema\/person\/b7a6badf8a824bd871816199d4073051","name":"In\u00e9s Molina","image":{"@type":"ImageObject","inLanguage":"es","@id":"https:\/\/empresas.infoempleo.com\/hrtrends\/#\/schema\/person\/image\/","url":"https:\/\/secure.gravatar.com\/avatar\/91ea6cf86c6b79f9f6f4d22793ffcbb45c9376d3b1a923126559ea4a8544b7b3?s=96&d=mm&r=g","contentUrl":"https:\/\/secure.gravatar.com\/avatar\/91ea6cf86c6b79f9f6f4d22793ffcbb45c9376d3b1a923126559ea4a8544b7b3?s=96&d=mm&r=g","caption":"In\u00e9s Molina"},"url":"https:\/\/empresas.infoempleo.com\/hrtrends\/author\/ines-molina\/"}]}},"amp_enabled":true,"_links":{"self":[{"href":"https:\/\/empresas.infoempleo.com\/hrtrends\/wp-json\/wp\/v2\/posts\/878","targetHints":{"allow":["GET"]}}],"collection":[{"href":"https:\/\/empresas.infoempleo.com\/hrtrends\/wp-json\/wp\/v2\/posts"}],"about":[{"href":"https:\/\/empresas.infoempleo.com\/hrtrends\/wp-json\/wp\/v2\/types\/post"}],"author":[{"embeddable":true,"href":"https:\/\/empresas.infoempleo.com\/hrtrends\/wp-json\/wp\/v2\/users\/31"}],"replies":[{"embeddable":true,"href":"https:\/\/empresas.infoempleo.com\/hrtrends\/wp-json\/wp\/v2\/comments?post=878"}],"version-history":[{"count":4,"href":"https:\/\/empresas.infoempleo.com\/hrtrends\/wp-json\/wp\/v2\/posts\/878\/revisions"}],"predecessor-version":[{"id":41973,"href":"https:\/\/empresas.infoempleo.com\/hrtrends\/wp-json\/wp\/v2\/posts\/878\/revisions\/41973"}],"wp:featuredmedia":[{"embeddable":true,"href":"https:\/\/empresas.infoempleo.com\/hrtrends\/wp-json\/wp\/v2\/media\/29840"}],"wp:attachment":[{"href":"https:\/\/empresas.infoempleo.com\/hrtrends\/wp-json\/wp\/v2\/media?parent=878"}],"wp:term":[{"taxonomy":"category","embeddable":true,"href":"https:\/\/empresas.infoempleo.com\/hrtrends\/wp-json\/wp\/v2\/categories?post=878"},{"taxonomy":"post_tag","embeddable":true,"href":"https:\/\/empresas.infoempleo.com\/hrtrends\/wp-json\/wp\/v2\/tags?post=878"}],"curies":[{"name":"wp","href":"https:\/\/api.w.org\/{rel}","templated":true}]}}