{"id":8682,"date":"2010-04-20T08:25:18","date_gmt":"2010-04-20T07:25:18","guid":{"rendered":"http:\/\/blog.infoempleo.com\/?p=8682"},"modified":"2018-05-23T17:49:57","modified_gmt":"2018-05-23T15:49:57","slug":"el-sector-tic-europeo-recuerda-que-la-seguridad-online-es-un-prerrequisito-para-el-mercado-unico-digital","status":"publish","type":"post","link":"https:\/\/empresas.infoempleo.com\/hrtrends\/el-sector-tic-europeo-recuerda-que-la-seguridad-online-es-un-prerrequisito-para-el-mercado-unico-digital\/","title":{"rendered":"El sector TIC europeo recuerda que la seguridad online es un &#8216;prerrequisito&#8217; para el mercado \u00fanico digital"},"content":{"rendered":"<p>El sector europeo de las Tecnolog\u00edas de la Informaci\u00f3n y la Comunicaci\u00f3n (TIC) record\u00f3 este lunes con motivo del <strong>encuentro informal de ministros de telecomunicaciones en Granada<\/strong> que un ambiente &#8216;online&#8217; seguro y confiable es un \u00abprerrequisito\u00bb para el futuro desarrollo de la Europa digital y del mercado \u00fanico digital.<\/p>\n<p>El presidente de la junta directiva de Digitaleurope, Erkki Ormala, afirm\u00f3 que para convertir las fortalezas digitales europeas en competitividad global, riqueza econ\u00f3mica y puestos de trabajos sostenibles se requiere \u00abprimordialmente\u00bb la creaci\u00f3n de un mercado \u00fanico digital europeo donde los negocios se puedan llevar a cabo &#8216;online&#8217; tan \u00abf\u00e1cilmente\u00bb como por los canales tradicionales.<\/p>\n<p>Por su parte, el presidente de Aetic, Jes\u00fas Banegas, indic\u00f3 que s\u00f3lo a trav\u00e9s de las tecnolog\u00edas digitales y la innovaci\u00f3n ser\u00e1 posible la recuperaci\u00f3n y sostenibilidad del crecimiento econ\u00f3mico europeo.<\/p>\n<p>Por esta raz\u00f3n, las patronales del sector instaron tanto a la comisaria para la Agenda Digital, Neeli Kroes, como a otros ministros clave en el encuentro de ministros en Granada a que tenga en cuenta las recomendaciones de la industria resumidas en el documento &#8216;Spanish Presidency Digital Europe Strategy\u00bbpresentado por Digitaleurope&#8217;.<\/p>\n<p>En este sentido, el libro Blanco &#8216;A transformational Agenda for the Digital Age&#8217; de Digitaleurope, que ser\u00e1 publicado el pr\u00f3ximo 4 de Mayo, viene a reforzar las prioridades de la Agenda Digital as\u00ed como subrayar el \u00abpapel cr\u00edtico\u00bb que juega la industria de la tecnolog\u00eda digital como \u00absector horizontal\u00bb a todas las industrias.<\/p>\n<p>La directora general de Digitaleurope, Brisget Cosgrave, indic\u00f3 que el sector TIC es \u00abfundamental\u00bb en la sociedad global digital y juega un papel estrat\u00e9gico como un posibilitador horizontal que act\u00faa como \u00abpivote\u00bb para el futuro econ\u00f3mico de Europa y prosperidad social.<\/p>\n<p>Asimismo, y en respuesta a la Declaraci\u00f3n, que identifica la necesidad de generar un ambiente favorable al despliegue y uso de infraestructuras y servicios avanzados, el libro Blanco revela que el objetivo de la Europa Digital es establecer un liderazgo global en la infraestructura TIC para el 2015 suministrando cerca del 100% de la banda ancha.<\/p>\n<p>Fuente: <a href=\"https:\/\/www.europapress.es\/portaltic\/empresas\/noticia-sector-tic-europeo-recuerda-seguridad-online-prerrequisito-mercado-unico-digital-20100419190933.html\" target=\"_blank\">Europa Press<\/a><\/p>\n","protected":false},"excerpt":{"rendered":"<p>El sector europeo de las Tecnolog\u00edas de la Informaci\u00f3n y la Comunicaci\u00f3n (TIC) record\u00f3 este lunes con motivo<a class=\"moretag\" href=\"https:\/\/empresas.infoempleo.com\/hrtrends\/el-sector-tic-europeo-recuerda-que-la-seguridad-online-es-un-prerrequisito-para-el-mercado-unico-digital\/\"> Leer m\u00e1s<\/a><\/p>\n","protected":false},"author":72,"featured_media":29665,"comment_status":"closed","ping_status":"open","sticky":false,"template":"","format":"standard","meta":{"footnotes":""},"categories":[3],"tags":[510],"class_list":["post-8682","post","type-post","status-publish","format-standard","has-post-thumbnail","hentry","category-actualidad","tag-nuevas-tecnologias"],"yoast_head":"<!-- This site is optimized with the Yoast SEO plugin v26.1.1 - https:\/\/yoast.com\/wordpress\/plugins\/seo\/ -->\n<title>El sector TIC europeo recuerda que la seguridad online es un &#039;prerrequisito&#039; para el mercado \u00fanico digital | HRTRENDS<\/title>\n<meta name=\"robots\" content=\"index, follow, max-snippet:-1, max-image-preview:large, max-video-preview:-1\" \/>\n<link rel=\"canonical\" href=\"https:\/\/empresas.infoempleo.com\/hrtrends\/el-sector-tic-europeo-recuerda-que-la-seguridad-online-es-un-prerrequisito-para-el-mercado-unico-digital\/\" \/>\n<meta property=\"og:locale\" content=\"es_ES\" \/>\n<meta property=\"og:type\" content=\"article\" \/>\n<meta property=\"og:title\" content=\"El sector TIC europeo recuerda que la seguridad online es un &#039;prerrequisito&#039; para el mercado \u00fanico digital | HRTRENDS\" \/>\n<meta property=\"og:description\" content=\"El sector europeo de las Tecnolog\u00edas de la Informaci\u00f3n y la Comunicaci\u00f3n (TIC) record\u00f3 este lunes con motivo Leer m\u00e1s\" \/>\n<meta property=\"og:url\" content=\"https:\/\/empresas.infoempleo.com\/hrtrends\/el-sector-tic-europeo-recuerda-que-la-seguridad-online-es-un-prerrequisito-para-el-mercado-unico-digital\/\" \/>\n<meta property=\"og:site_name\" content=\"HRTRENDS\" \/>\n<meta property=\"article:publisher\" content=\"https:\/\/www.facebook.com\/Infoempleo\" \/>\n<meta property=\"article:published_time\" content=\"2010-04-20T07:25:18+00:00\" \/>\n<meta property=\"article:modified_time\" content=\"2018-05-23T15:49:57+00:00\" \/>\n<meta property=\"og:image\" content=\"https:\/\/empresas.infoempleo.com\/hrtrends\/media\/2017\/05\/pexels-photo-205508.jpg\" \/>\n\t<meta property=\"og:image:width\" content=\"1280\" \/>\n\t<meta property=\"og:image:height\" content=\"960\" \/>\n\t<meta property=\"og:image:type\" content=\"image\/jpeg\" \/>\n<meta name=\"author\" content=\"infoempleo\" \/>\n<meta name=\"twitter:card\" content=\"summary_large_image\" \/>\n<meta name=\"twitter:creator\" content=\"@infoempleo\" \/>\n<meta name=\"twitter:site\" content=\"@infoempleo\" \/>\n<meta name=\"twitter:label1\" content=\"Escrito por\" \/>\n\t<meta name=\"twitter:data1\" content=\"infoempleo\" \/>\n\t<meta name=\"twitter:label2\" content=\"Tiempo de lectura\" \/>\n\t<meta name=\"twitter:data2\" content=\"2 minutos\" \/>\n<script type=\"application\/ld+json\" class=\"yoast-schema-graph\">{\"@context\":\"https:\/\/schema.org\",\"@graph\":[{\"@type\":\"NewsArticle\",\"@id\":\"https:\/\/empresas.infoempleo.com\/hrtrends\/el-sector-tic-europeo-recuerda-que-la-seguridad-online-es-un-prerrequisito-para-el-mercado-unico-digital\/#article\",\"isPartOf\":{\"@id\":\"https:\/\/empresas.infoempleo.com\/hrtrends\/el-sector-tic-europeo-recuerda-que-la-seguridad-online-es-un-prerrequisito-para-el-mercado-unico-digital\/\"},\"author\":{\"name\":\"infoempleo\",\"@id\":\"https:\/\/empresas.infoempleo.com\/hrtrends\/#\/schema\/person\/67d3e276ffcc8b3ae0ebec816daf775a\"},\"headline\":\"El sector TIC europeo recuerda que la seguridad online es un &#8216;prerrequisito&#8217; para el mercado \u00fanico digital\",\"datePublished\":\"2010-04-20T07:25:18+00:00\",\"dateModified\":\"2018-05-23T15:49:57+00:00\",\"mainEntityOfPage\":{\"@id\":\"https:\/\/empresas.infoempleo.com\/hrtrends\/el-sector-tic-europeo-recuerda-que-la-seguridad-online-es-un-prerrequisito-para-el-mercado-unico-digital\/\"},\"wordCount\":376,\"publisher\":{\"@id\":\"https:\/\/empresas.infoempleo.com\/hrtrends\/#organization\"},\"image\":{\"@id\":\"https:\/\/empresas.infoempleo.com\/hrtrends\/el-sector-tic-europeo-recuerda-que-la-seguridad-online-es-un-prerrequisito-para-el-mercado-unico-digital\/#primaryimage\"},\"thumbnailUrl\":\"https:\/\/empresas.infoempleo.com\/hrtrends\/media\/2017\/05\/pexels-photo-205508.jpg\",\"keywords\":[\"nuevas tecnolog\u00edas\"],\"articleSection\":[\"Actualidad\"],\"inLanguage\":\"es\",\"copyrightYear\":\"2010\",\"copyrightHolder\":{\"@id\":\"https:\/\/empresas.infoempleo.com\/hrtrends\/#organization\"}},{\"@type\":\"WebPage\",\"@id\":\"https:\/\/empresas.infoempleo.com\/hrtrends\/el-sector-tic-europeo-recuerda-que-la-seguridad-online-es-un-prerrequisito-para-el-mercado-unico-digital\/\",\"url\":\"https:\/\/empresas.infoempleo.com\/hrtrends\/el-sector-tic-europeo-recuerda-que-la-seguridad-online-es-un-prerrequisito-para-el-mercado-unico-digital\/\",\"name\":\"El sector TIC europeo recuerda que la seguridad online es un 'prerrequisito' para el mercado \u00fanico digital | HRTRENDS\",\"isPartOf\":{\"@id\":\"https:\/\/empresas.infoempleo.com\/hrtrends\/#website\"},\"primaryImageOfPage\":{\"@id\":\"https:\/\/empresas.infoempleo.com\/hrtrends\/el-sector-tic-europeo-recuerda-que-la-seguridad-online-es-un-prerrequisito-para-el-mercado-unico-digital\/#primaryimage\"},\"image\":{\"@id\":\"https:\/\/empresas.infoempleo.com\/hrtrends\/el-sector-tic-europeo-recuerda-que-la-seguridad-online-es-un-prerrequisito-para-el-mercado-unico-digital\/#primaryimage\"},\"thumbnailUrl\":\"https:\/\/empresas.infoempleo.com\/hrtrends\/media\/2017\/05\/pexels-photo-205508.jpg\",\"datePublished\":\"2010-04-20T07:25:18+00:00\",\"dateModified\":\"2018-05-23T15:49:57+00:00\",\"breadcrumb\":{\"@id\":\"https:\/\/empresas.infoempleo.com\/hrtrends\/el-sector-tic-europeo-recuerda-que-la-seguridad-online-es-un-prerrequisito-para-el-mercado-unico-digital\/#breadcrumb\"},\"inLanguage\":\"es\",\"potentialAction\":[{\"@type\":\"ReadAction\",\"target\":[\"https:\/\/empresas.infoempleo.com\/hrtrends\/el-sector-tic-europeo-recuerda-que-la-seguridad-online-es-un-prerrequisito-para-el-mercado-unico-digital\/\"]}]},{\"@type\":\"ImageObject\",\"inLanguage\":\"es\",\"@id\":\"https:\/\/empresas.infoempleo.com\/hrtrends\/el-sector-tic-europeo-recuerda-que-la-seguridad-online-es-un-prerrequisito-para-el-mercado-unico-digital\/#primaryimage\",\"url\":\"https:\/\/empresas.infoempleo.com\/hrtrends\/media\/2017\/05\/pexels-photo-205508-150x150.jpg\",\"contentUrl\":\"https:\/\/empresas.infoempleo.com\/hrtrends\/media\/2017\/05\/pexels-photo-205508-150x150.jpg\",\"width\":150,\"height\":150},{\"@type\":\"BreadcrumbList\",\"@id\":\"https:\/\/empresas.infoempleo.com\/hrtrends\/el-sector-tic-europeo-recuerda-que-la-seguridad-online-es-un-prerrequisito-para-el-mercado-unico-digital\/#breadcrumb\",\"itemListElement\":[{\"@type\":\"ListItem\",\"position\":1,\"name\":\"Portada\",\"item\":\"https:\/\/empresas.infoempleo.com\/hrtrends\/\"},{\"@type\":\"ListItem\",\"position\":2,\"name\":\"El sector TIC europeo recuerda que la seguridad online es un &#8216;prerrequisito&#8217; para el mercado \u00fanico digital\"}]},{\"@type\":\"WebSite\",\"@id\":\"https:\/\/empresas.infoempleo.com\/hrtrends\/#website\",\"url\":\"https:\/\/empresas.infoempleo.com\/hrtrends\",\"name\":\"HRTrends by Infoempleo\",\"description\":\"\",\"publisher\":{\"@id\":\"https:\/\/empresas.infoempleo.com\/hrtrends\/#organization\"},\"potentialAction\":{\"@type\":\"SearchAction\",\"target\":\"https:\/\/empresas.infoempleo.com\/hrtrends\/?s={search_term_string}\",\"query-input\":\"required name=search_term_string\"},\"inLanguage\":\"es\"},{\"@type\":\"Organization\",\"@id\":\"https:\/\/empresas.infoempleo.com\/hrtrends\/#organization\",\"name\":\"Infoempleo\",\"url\":\"https:\/\/www.infoempleo.com\/\",\"logo\":{\"@type\":\"ImageObject\",\"@id\":\"https:\/\/empresas.infoempleo.com\/hrtrends\/#logo\",\"inLanguage\":\"es\",\"url\":\"https:\/\/cdnazure.infoempleo.com\/infoempleo\/assets\/style\/gfx\/logo.svg\",\"contentUrl\":\"https:\/\/cdnazure.infoempleo.com\/infoempleo\/assets\/style\/gfx\/logo.svg\",\"width\":150,\"height\":40,\"caption\":\"Infoempleo\"},\"image\":{\"@id\":\"https:\/\/empresas.infoempleo.com\/hrtrends\/#logo\"},\"sameAs\":[\"https:\/\/www.facebook.com\/Infoempleo\",\"https:\/\/x.com\/infoempleo\",\"http:\/\/instagram.com\/infoempleo\/\",\"http:\/\/www.linkedin.com\/groups\/Empleo-Espa\u00f1a-Infoempleocom-111276\",\"http:\/\/pinterest.com\/infoempleo\/\"],\"address\":{\"@type\":\"PostalAddress\",\"addressLocality\":\"Madrid\",\"postalCode\":\"28050\",\"streetAddress\":\"Avenida de Burgos 114\"},\"brand\":[\"Infoempleo\"]},{\"@type\":\"Person\",\"@id\":\"https:\/\/empresas.infoempleo.com\/hrtrends\/#\/schema\/person\/67d3e276ffcc8b3ae0ebec816daf775a\",\"name\":\"infoempleo\",\"image\":{\"@type\":\"ImageObject\",\"inLanguage\":\"es\",\"@id\":\"https:\/\/empresas.infoempleo.com\/hrtrends\/#\/schema\/person\/image\/\",\"url\":\"https:\/\/secure.gravatar.com\/avatar\/7b437777242fe67d2473c2a818da2344692d1ee91e91080ccffbd97bcd4a0975?s=96&d=mm&r=g\",\"contentUrl\":\"https:\/\/secure.gravatar.com\/avatar\/7b437777242fe67d2473c2a818da2344692d1ee91e91080ccffbd97bcd4a0975?s=96&d=mm&r=g\",\"caption\":\"infoempleo\"},\"url\":\"https:\/\/empresas.infoempleo.com\/hrtrends\/author\/infoempleo\/\"}]}<\/script>\n<!-- \/ Yoast SEO plugin. -->","yoast_head_json":{"title":"El sector TIC europeo recuerda que la seguridad online es un 'prerrequisito' para el mercado \u00fanico digital | HRTRENDS","robots":{"index":"index","follow":"follow","max-snippet":"max-snippet:-1","max-image-preview":"max-image-preview:large","max-video-preview":"max-video-preview:-1"},"canonical":"https:\/\/empresas.infoempleo.com\/hrtrends\/el-sector-tic-europeo-recuerda-que-la-seguridad-online-es-un-prerrequisito-para-el-mercado-unico-digital\/","og_locale":"es_ES","og_type":"article","og_title":"El sector TIC europeo recuerda que la seguridad online es un 'prerrequisito' para el mercado \u00fanico digital | HRTRENDS","og_description":"El sector europeo de las Tecnolog\u00edas de la Informaci\u00f3n y la Comunicaci\u00f3n (TIC) record\u00f3 este lunes con motivo Leer m\u00e1s","og_url":"https:\/\/empresas.infoempleo.com\/hrtrends\/el-sector-tic-europeo-recuerda-que-la-seguridad-online-es-un-prerrequisito-para-el-mercado-unico-digital\/","og_site_name":"HRTRENDS","article_publisher":"https:\/\/www.facebook.com\/Infoempleo","article_published_time":"2010-04-20T07:25:18+00:00","article_modified_time":"2018-05-23T15:49:57+00:00","og_image":[{"width":1280,"height":960,"url":"https:\/\/empresas.infoempleo.com\/hrtrends\/media\/2017\/05\/pexels-photo-205508.jpg","type":"image\/jpeg"}],"author":"infoempleo","twitter_card":"summary_large_image","twitter_creator":"@infoempleo","twitter_site":"@infoempleo","twitter_misc":{"Escrito por":"infoempleo","Tiempo de lectura":"2 minutos"},"schema":{"@context":"https:\/\/schema.org","@graph":[{"@type":"NewsArticle","@id":"https:\/\/empresas.infoempleo.com\/hrtrends\/el-sector-tic-europeo-recuerda-que-la-seguridad-online-es-un-prerrequisito-para-el-mercado-unico-digital\/#article","isPartOf":{"@id":"https:\/\/empresas.infoempleo.com\/hrtrends\/el-sector-tic-europeo-recuerda-que-la-seguridad-online-es-un-prerrequisito-para-el-mercado-unico-digital\/"},"author":{"name":"infoempleo","@id":"https:\/\/empresas.infoempleo.com\/hrtrends\/#\/schema\/person\/67d3e276ffcc8b3ae0ebec816daf775a"},"headline":"El sector TIC europeo recuerda que la seguridad online es un &#8216;prerrequisito&#8217; para el mercado \u00fanico digital","datePublished":"2010-04-20T07:25:18+00:00","dateModified":"2018-05-23T15:49:57+00:00","mainEntityOfPage":{"@id":"https:\/\/empresas.infoempleo.com\/hrtrends\/el-sector-tic-europeo-recuerda-que-la-seguridad-online-es-un-prerrequisito-para-el-mercado-unico-digital\/"},"wordCount":376,"publisher":{"@id":"https:\/\/empresas.infoempleo.com\/hrtrends\/#organization"},"image":{"@id":"https:\/\/empresas.infoempleo.com\/hrtrends\/el-sector-tic-europeo-recuerda-que-la-seguridad-online-es-un-prerrequisito-para-el-mercado-unico-digital\/#primaryimage"},"thumbnailUrl":"https:\/\/empresas.infoempleo.com\/hrtrends\/media\/2017\/05\/pexels-photo-205508.jpg","keywords":["nuevas tecnolog\u00edas"],"articleSection":["Actualidad"],"inLanguage":"es","copyrightYear":"2010","copyrightHolder":{"@id":"https:\/\/empresas.infoempleo.com\/hrtrends\/#organization"}},{"@type":"WebPage","@id":"https:\/\/empresas.infoempleo.com\/hrtrends\/el-sector-tic-europeo-recuerda-que-la-seguridad-online-es-un-prerrequisito-para-el-mercado-unico-digital\/","url":"https:\/\/empresas.infoempleo.com\/hrtrends\/el-sector-tic-europeo-recuerda-que-la-seguridad-online-es-un-prerrequisito-para-el-mercado-unico-digital\/","name":"El sector TIC europeo recuerda que la seguridad online es un 'prerrequisito' para el mercado \u00fanico digital | HRTRENDS","isPartOf":{"@id":"https:\/\/empresas.infoempleo.com\/hrtrends\/#website"},"primaryImageOfPage":{"@id":"https:\/\/empresas.infoempleo.com\/hrtrends\/el-sector-tic-europeo-recuerda-que-la-seguridad-online-es-un-prerrequisito-para-el-mercado-unico-digital\/#primaryimage"},"image":{"@id":"https:\/\/empresas.infoempleo.com\/hrtrends\/el-sector-tic-europeo-recuerda-que-la-seguridad-online-es-un-prerrequisito-para-el-mercado-unico-digital\/#primaryimage"},"thumbnailUrl":"https:\/\/empresas.infoempleo.com\/hrtrends\/media\/2017\/05\/pexels-photo-205508.jpg","datePublished":"2010-04-20T07:25:18+00:00","dateModified":"2018-05-23T15:49:57+00:00","breadcrumb":{"@id":"https:\/\/empresas.infoempleo.com\/hrtrends\/el-sector-tic-europeo-recuerda-que-la-seguridad-online-es-un-prerrequisito-para-el-mercado-unico-digital\/#breadcrumb"},"inLanguage":"es","potentialAction":[{"@type":"ReadAction","target":["https:\/\/empresas.infoempleo.com\/hrtrends\/el-sector-tic-europeo-recuerda-que-la-seguridad-online-es-un-prerrequisito-para-el-mercado-unico-digital\/"]}]},{"@type":"ImageObject","inLanguage":"es","@id":"https:\/\/empresas.infoempleo.com\/hrtrends\/el-sector-tic-europeo-recuerda-que-la-seguridad-online-es-un-prerrequisito-para-el-mercado-unico-digital\/#primaryimage","url":"https:\/\/empresas.infoempleo.com\/hrtrends\/media\/2017\/05\/pexels-photo-205508-150x150.jpg","contentUrl":"https:\/\/empresas.infoempleo.com\/hrtrends\/media\/2017\/05\/pexels-photo-205508-150x150.jpg","width":150,"height":150},{"@type":"BreadcrumbList","@id":"https:\/\/empresas.infoempleo.com\/hrtrends\/el-sector-tic-europeo-recuerda-que-la-seguridad-online-es-un-prerrequisito-para-el-mercado-unico-digital\/#breadcrumb","itemListElement":[{"@type":"ListItem","position":1,"name":"Portada","item":"https:\/\/empresas.infoempleo.com\/hrtrends\/"},{"@type":"ListItem","position":2,"name":"El sector TIC europeo recuerda que la seguridad online es un &#8216;prerrequisito&#8217; para el mercado \u00fanico digital"}]},{"@type":"WebSite","@id":"https:\/\/empresas.infoempleo.com\/hrtrends\/#website","url":"https:\/\/empresas.infoempleo.com\/hrtrends","name":"HRTrends by Infoempleo","description":"","publisher":{"@id":"https:\/\/empresas.infoempleo.com\/hrtrends\/#organization"},"potentialAction":{"@type":"SearchAction","target":"https:\/\/empresas.infoempleo.com\/hrtrends\/?s={search_term_string}","query-input":"required name=search_term_string"},"inLanguage":"es"},{"@type":"Organization","@id":"https:\/\/empresas.infoempleo.com\/hrtrends\/#organization","name":"Infoempleo","url":"https:\/\/www.infoempleo.com\/","logo":{"@type":"ImageObject","@id":"https:\/\/empresas.infoempleo.com\/hrtrends\/#logo","inLanguage":"es","url":"https:\/\/cdnazure.infoempleo.com\/infoempleo\/assets\/style\/gfx\/logo.svg","contentUrl":"https:\/\/cdnazure.infoempleo.com\/infoempleo\/assets\/style\/gfx\/logo.svg","width":150,"height":40,"caption":"Infoempleo"},"image":{"@id":"https:\/\/empresas.infoempleo.com\/hrtrends\/#logo"},"sameAs":["https:\/\/www.facebook.com\/Infoempleo","https:\/\/x.com\/infoempleo","http:\/\/instagram.com\/infoempleo\/","http:\/\/www.linkedin.com\/groups\/Empleo-Espa\u00f1a-Infoempleocom-111276","http:\/\/pinterest.com\/infoempleo\/"],"address":{"@type":"PostalAddress","addressLocality":"Madrid","postalCode":"28050","streetAddress":"Avenida de Burgos 114"},"brand":["Infoempleo"]},{"@type":"Person","@id":"https:\/\/empresas.infoempleo.com\/hrtrends\/#\/schema\/person\/67d3e276ffcc8b3ae0ebec816daf775a","name":"infoempleo","image":{"@type":"ImageObject","inLanguage":"es","@id":"https:\/\/empresas.infoempleo.com\/hrtrends\/#\/schema\/person\/image\/","url":"https:\/\/secure.gravatar.com\/avatar\/7b437777242fe67d2473c2a818da2344692d1ee91e91080ccffbd97bcd4a0975?s=96&d=mm&r=g","contentUrl":"https:\/\/secure.gravatar.com\/avatar\/7b437777242fe67d2473c2a818da2344692d1ee91e91080ccffbd97bcd4a0975?s=96&d=mm&r=g","caption":"infoempleo"},"url":"https:\/\/empresas.infoempleo.com\/hrtrends\/author\/infoempleo\/"}]}},"amp_enabled":true,"_links":{"self":[{"href":"https:\/\/empresas.infoempleo.com\/hrtrends\/wp-json\/wp\/v2\/posts\/8682","targetHints":{"allow":["GET"]}}],"collection":[{"href":"https:\/\/empresas.infoempleo.com\/hrtrends\/wp-json\/wp\/v2\/posts"}],"about":[{"href":"https:\/\/empresas.infoempleo.com\/hrtrends\/wp-json\/wp\/v2\/types\/post"}],"author":[{"embeddable":true,"href":"https:\/\/empresas.infoempleo.com\/hrtrends\/wp-json\/wp\/v2\/users\/72"}],"replies":[{"embeddable":true,"href":"https:\/\/empresas.infoempleo.com\/hrtrends\/wp-json\/wp\/v2\/comments?post=8682"}],"version-history":[{"count":0,"href":"https:\/\/empresas.infoempleo.com\/hrtrends\/wp-json\/wp\/v2\/posts\/8682\/revisions"}],"wp:featuredmedia":[{"embeddable":true,"href":"https:\/\/empresas.infoempleo.com\/hrtrends\/wp-json\/wp\/v2\/media\/29665"}],"wp:attachment":[{"href":"https:\/\/empresas.infoempleo.com\/hrtrends\/wp-json\/wp\/v2\/media?parent=8682"}],"wp:term":[{"taxonomy":"category","embeddable":true,"href":"https:\/\/empresas.infoempleo.com\/hrtrends\/wp-json\/wp\/v2\/categories?post=8682"},{"taxonomy":"post_tag","embeddable":true,"href":"https:\/\/empresas.infoempleo.com\/hrtrends\/wp-json\/wp\/v2\/tags?post=8682"}],"curies":[{"name":"wp","href":"https:\/\/api.w.org\/{rel}","templated":true}]}}