{"id":8677,"date":"2010-04-20T08:18:30","date_gmt":"2010-04-20T07:18:30","guid":{"rendered":"http:\/\/blog.infoempleo.com\/?p=8677"},"modified":"2018-05-23T17:49:57","modified_gmt":"2018-05-23T15:49:57","slug":"la-industria-eleva-su-facturacion-un-74-en-febrero","status":"publish","type":"post","link":"https:\/\/empresas.infoempleo.com\/hrtrends\/la-industria-eleva-su-facturacion-un-74-en-febrero\/","title":{"rendered":"La industria eleva su facturaci\u00f3n un 7,4% en febrero"},"content":{"rendered":"<p>La cifra de negocios de la industria subi\u00f3 un 7,4% en febrero en comparaci\u00f3n con igual mes de 2009, m\u00e1s de seis puntos y medio m\u00e1s que en enero, cuando se anot\u00f3 su primer incremento desde julio, seg\u00fan lo datos difundidos por el Instituto Nacional de Estad\u00edstica (INE).<\/p>\n<p>La tasa media del \u00cdndice ha alcanzado el 4,1% entre enero y febrero. En los \u00faltimos meses de 2009 la industria ya hab\u00eda empezado a dar s\u00edntomas de recuperaci\u00f3n. As\u00ed, frente a las ca\u00eddas interanuales r\u00e9cord de m\u00e1s del 30% experimentadas en los primeros meses del a\u00f1o pasado, la facturaci\u00f3n del sector moder\u00f3 su contracci\u00f3n en la \u00faltima parte del a\u00f1o, hasta situarse por debajo de los dos d\u00edgitos.<\/p>\n<p>En diciembre pasado, la cifra de negocios de la industria se contrajo un 2,9%, cifra que, pese a representar su d\u00e9cimoquinta ca\u00edda interanual consecutiva, supuso su menor descenso en m\u00e1s de un a\u00f1o. Ahora, la industria ha recuperado el tono positivo, no s\u00f3lo en la facturaci\u00f3n, tambi\u00e9n en lo concerniente a los pedidos.<\/p>\n<p><strong>La cifra de negocios de la industria se vio impulsada en febrero por los bienes de equipo<\/strong>, que situaron su tasa anual en el 19,6%, gracias al incremento en la facturaci\u00f3n del sector de fabricaci\u00f3n de veh\u00edculos de motor, que registr\u00f3 una variaci\u00f3n anual del 55,9%.<\/p>\n<p>Por el contrario, los bienes de consumo no duraderos registraron un descenso del 2,2%, que se debi\u00f3 al retroceso experimentado en la mitad de las actividades que conforman este sector, especialmente la confecci\u00f3n de prendas de vestir (-19%).<\/p>\n<h3>Los pedidos siguen creciendo<\/h3>\n<p>Por su parte, las entradas de pedidos del sector subieron un 7,9% en febrero, cifra cerca de seis puntos superior a la de enero. El dato interanual del \u00faltimo mes de 2009 fue muy favorable, pues creci\u00f3 un 6,2%, poniendo fin a una racha de ca\u00eddas que se arrastraba desde hac\u00eda 16 meses.<\/p>\n<p>Los bienes de equipo y los bienes intermedios fueron los que m\u00e1s contribuyeron al crecimiento positivo de los pedidos en febrero. Los primeros experimentaron una tasa anual del 12,1%, motivada por el aumento de nuevos pedidos en la fabricaci\u00f3n de veh\u00edculos de motor (+33,9%). Por el contrario, se observaron bajadas en la fabricaci\u00f3n de elementos met\u00e1licos para la construcci\u00f3n (-15,1%).<\/p>\n<p>En el caso de los bienes intermedios, los pedidos repuntaron un 7,9% por el incremento experimentado en las actividades de la metalurgia, fabricaci\u00f3n de productos de hierro, acero y ferroaleaciones (+39,2%).<\/p>\n<p>Fuente: <a href=\"https:\/\/www.europapress.es\/economia\/noticia-industria-eleva-facturacion-74-febrero-20100419091659.html\" target=\"_blank\">Europa Press<\/a><\/p>\n","protected":false},"excerpt":{"rendered":"<p>La cifra de negocios de la industria subi\u00f3 un 7,4% en febrero en comparaci\u00f3n con igual mes de<a class=\"moretag\" href=\"https:\/\/empresas.infoempleo.com\/hrtrends\/la-industria-eleva-su-facturacion-un-74-en-febrero\/\"> Leer m\u00e1s<\/a><\/p>\n","protected":false},"author":72,"featured_media":29665,"comment_status":"closed","ping_status":"open","sticky":false,"template":"","format":"standard","meta":{"footnotes":""},"categories":[3],"tags":[220],"class_list":["post-8677","post","type-post","status-publish","format-standard","has-post-thumbnail","hentry","category-actualidad","tag-industria"],"yoast_head":"<!-- This site is optimized with the Yoast SEO plugin v26.1.1 - https:\/\/yoast.com\/wordpress\/plugins\/seo\/ -->\n<title>La industria eleva su facturaci\u00f3n un 7,4% en febrero | HRTRENDS<\/title>\n<meta name=\"robots\" content=\"index, follow, max-snippet:-1, max-image-preview:large, max-video-preview:-1\" \/>\n<link rel=\"canonical\" href=\"https:\/\/empresas.infoempleo.com\/hrtrends\/la-industria-eleva-su-facturacion-un-74-en-febrero\/\" \/>\n<meta property=\"og:locale\" content=\"es_ES\" \/>\n<meta property=\"og:type\" content=\"article\" \/>\n<meta property=\"og:title\" content=\"La industria eleva su facturaci\u00f3n un 7,4% en febrero | HRTRENDS\" \/>\n<meta property=\"og:description\" content=\"La cifra de negocios de la industria subi\u00f3 un 7,4% en febrero en comparaci\u00f3n con igual mes de Leer m\u00e1s\" \/>\n<meta property=\"og:url\" content=\"https:\/\/empresas.infoempleo.com\/hrtrends\/la-industria-eleva-su-facturacion-un-74-en-febrero\/\" \/>\n<meta property=\"og:site_name\" content=\"HRTRENDS\" \/>\n<meta property=\"article:publisher\" content=\"https:\/\/www.facebook.com\/Infoempleo\" \/>\n<meta property=\"article:published_time\" content=\"2010-04-20T07:18:30+00:00\" \/>\n<meta property=\"article:modified_time\" content=\"2018-05-23T15:49:57+00:00\" \/>\n<meta property=\"og:image\" content=\"https:\/\/empresas.infoempleo.com\/hrtrends\/media\/2017\/05\/pexels-photo-205508.jpg\" \/>\n\t<meta property=\"og:image:width\" content=\"1280\" \/>\n\t<meta property=\"og:image:height\" content=\"960\" \/>\n\t<meta property=\"og:image:type\" content=\"image\/jpeg\" \/>\n<meta name=\"author\" content=\"infoempleo\" \/>\n<meta name=\"twitter:card\" content=\"summary_large_image\" \/>\n<meta name=\"twitter:creator\" content=\"@infoempleo\" \/>\n<meta name=\"twitter:site\" content=\"@infoempleo\" \/>\n<meta name=\"twitter:label1\" content=\"Escrito por\" \/>\n\t<meta name=\"twitter:data1\" content=\"infoempleo\" \/>\n\t<meta name=\"twitter:label2\" content=\"Tiempo de lectura\" \/>\n\t<meta name=\"twitter:data2\" content=\"2 minutos\" \/>\n<script type=\"application\/ld+json\" class=\"yoast-schema-graph\">{\"@context\":\"https:\/\/schema.org\",\"@graph\":[{\"@type\":\"NewsArticle\",\"@id\":\"https:\/\/empresas.infoempleo.com\/hrtrends\/la-industria-eleva-su-facturacion-un-74-en-febrero\/#article\",\"isPartOf\":{\"@id\":\"https:\/\/empresas.infoempleo.com\/hrtrends\/la-industria-eleva-su-facturacion-un-74-en-febrero\/\"},\"author\":{\"name\":\"infoempleo\",\"@id\":\"https:\/\/empresas.infoempleo.com\/hrtrends\/#\/schema\/person\/67d3e276ffcc8b3ae0ebec816daf775a\"},\"headline\":\"La industria eleva su facturaci\u00f3n un 7,4% en febrero\",\"datePublished\":\"2010-04-20T07:18:30+00:00\",\"dateModified\":\"2018-05-23T15:49:57+00:00\",\"mainEntityOfPage\":{\"@id\":\"https:\/\/empresas.infoempleo.com\/hrtrends\/la-industria-eleva-su-facturacion-un-74-en-febrero\/\"},\"wordCount\":434,\"publisher\":{\"@id\":\"https:\/\/empresas.infoempleo.com\/hrtrends\/#organization\"},\"image\":{\"@id\":\"https:\/\/empresas.infoempleo.com\/hrtrends\/la-industria-eleva-su-facturacion-un-74-en-febrero\/#primaryimage\"},\"thumbnailUrl\":\"https:\/\/empresas.infoempleo.com\/hrtrends\/media\/2017\/05\/pexels-photo-205508.jpg\",\"keywords\":[\"industria\"],\"articleSection\":[\"Actualidad\"],\"inLanguage\":\"es\",\"copyrightYear\":\"2010\",\"copyrightHolder\":{\"@id\":\"https:\/\/empresas.infoempleo.com\/hrtrends\/#organization\"}},{\"@type\":\"WebPage\",\"@id\":\"https:\/\/empresas.infoempleo.com\/hrtrends\/la-industria-eleva-su-facturacion-un-74-en-febrero\/\",\"url\":\"https:\/\/empresas.infoempleo.com\/hrtrends\/la-industria-eleva-su-facturacion-un-74-en-febrero\/\",\"name\":\"La industria eleva su facturaci\u00f3n un 7,4% en febrero | HRTRENDS\",\"isPartOf\":{\"@id\":\"https:\/\/empresas.infoempleo.com\/hrtrends\/#website\"},\"primaryImageOfPage\":{\"@id\":\"https:\/\/empresas.infoempleo.com\/hrtrends\/la-industria-eleva-su-facturacion-un-74-en-febrero\/#primaryimage\"},\"image\":{\"@id\":\"https:\/\/empresas.infoempleo.com\/hrtrends\/la-industria-eleva-su-facturacion-un-74-en-febrero\/#primaryimage\"},\"thumbnailUrl\":\"https:\/\/empresas.infoempleo.com\/hrtrends\/media\/2017\/05\/pexels-photo-205508.jpg\",\"datePublished\":\"2010-04-20T07:18:30+00:00\",\"dateModified\":\"2018-05-23T15:49:57+00:00\",\"breadcrumb\":{\"@id\":\"https:\/\/empresas.infoempleo.com\/hrtrends\/la-industria-eleva-su-facturacion-un-74-en-febrero\/#breadcrumb\"},\"inLanguage\":\"es\",\"potentialAction\":[{\"@type\":\"ReadAction\",\"target\":[\"https:\/\/empresas.infoempleo.com\/hrtrends\/la-industria-eleva-su-facturacion-un-74-en-febrero\/\"]}]},{\"@type\":\"ImageObject\",\"inLanguage\":\"es\",\"@id\":\"https:\/\/empresas.infoempleo.com\/hrtrends\/la-industria-eleva-su-facturacion-un-74-en-febrero\/#primaryimage\",\"url\":\"https:\/\/empresas.infoempleo.com\/hrtrends\/media\/2017\/05\/pexels-photo-205508-150x150.jpg\",\"contentUrl\":\"https:\/\/empresas.infoempleo.com\/hrtrends\/media\/2017\/05\/pexels-photo-205508-150x150.jpg\",\"width\":150,\"height\":150},{\"@type\":\"BreadcrumbList\",\"@id\":\"https:\/\/empresas.infoempleo.com\/hrtrends\/la-industria-eleva-su-facturacion-un-74-en-febrero\/#breadcrumb\",\"itemListElement\":[{\"@type\":\"ListItem\",\"position\":1,\"name\":\"Portada\",\"item\":\"https:\/\/empresas.infoempleo.com\/hrtrends\/\"},{\"@type\":\"ListItem\",\"position\":2,\"name\":\"La industria eleva su facturaci\u00f3n un 7,4% en febrero\"}]},{\"@type\":\"WebSite\",\"@id\":\"https:\/\/empresas.infoempleo.com\/hrtrends\/#website\",\"url\":\"https:\/\/empresas.infoempleo.com\/hrtrends\",\"name\":\"HRTrends by Infoempleo\",\"description\":\"\",\"publisher\":{\"@id\":\"https:\/\/empresas.infoempleo.com\/hrtrends\/#organization\"},\"potentialAction\":{\"@type\":\"SearchAction\",\"target\":\"https:\/\/empresas.infoempleo.com\/hrtrends\/?s={search_term_string}\",\"query-input\":\"required name=search_term_string\"},\"inLanguage\":\"es\"},{\"@type\":\"Organization\",\"@id\":\"https:\/\/empresas.infoempleo.com\/hrtrends\/#organization\",\"name\":\"Infoempleo\",\"url\":\"https:\/\/www.infoempleo.com\/\",\"logo\":{\"@type\":\"ImageObject\",\"@id\":\"https:\/\/empresas.infoempleo.com\/hrtrends\/#logo\",\"inLanguage\":\"es\",\"url\":\"https:\/\/cdnazure.infoempleo.com\/infoempleo\/assets\/style\/gfx\/logo.svg\",\"contentUrl\":\"https:\/\/cdnazure.infoempleo.com\/infoempleo\/assets\/style\/gfx\/logo.svg\",\"width\":150,\"height\":40,\"caption\":\"Infoempleo\"},\"image\":{\"@id\":\"https:\/\/empresas.infoempleo.com\/hrtrends\/#logo\"},\"sameAs\":[\"https:\/\/www.facebook.com\/Infoempleo\",\"https:\/\/x.com\/infoempleo\",\"http:\/\/instagram.com\/infoempleo\/\",\"http:\/\/www.linkedin.com\/groups\/Empleo-Espa\u00f1a-Infoempleocom-111276\",\"http:\/\/pinterest.com\/infoempleo\/\"],\"address\":{\"@type\":\"PostalAddress\",\"addressLocality\":\"Madrid\",\"postalCode\":\"28050\",\"streetAddress\":\"Avenida de Burgos 114\"},\"brand\":[\"Infoempleo\"]},{\"@type\":\"Person\",\"@id\":\"https:\/\/empresas.infoempleo.com\/hrtrends\/#\/schema\/person\/67d3e276ffcc8b3ae0ebec816daf775a\",\"name\":\"infoempleo\",\"image\":{\"@type\":\"ImageObject\",\"inLanguage\":\"es\",\"@id\":\"https:\/\/empresas.infoempleo.com\/hrtrends\/#\/schema\/person\/image\/\",\"url\":\"https:\/\/secure.gravatar.com\/avatar\/7b437777242fe67d2473c2a818da2344692d1ee91e91080ccffbd97bcd4a0975?s=96&d=mm&r=g\",\"contentUrl\":\"https:\/\/secure.gravatar.com\/avatar\/7b437777242fe67d2473c2a818da2344692d1ee91e91080ccffbd97bcd4a0975?s=96&d=mm&r=g\",\"caption\":\"infoempleo\"},\"url\":\"https:\/\/empresas.infoempleo.com\/hrtrends\/author\/infoempleo\/\"}]}<\/script>\n<!-- \/ Yoast SEO plugin. -->","yoast_head_json":{"title":"La industria eleva su facturaci\u00f3n un 7,4% en febrero | HRTRENDS","robots":{"index":"index","follow":"follow","max-snippet":"max-snippet:-1","max-image-preview":"max-image-preview:large","max-video-preview":"max-video-preview:-1"},"canonical":"https:\/\/empresas.infoempleo.com\/hrtrends\/la-industria-eleva-su-facturacion-un-74-en-febrero\/","og_locale":"es_ES","og_type":"article","og_title":"La industria eleva su facturaci\u00f3n un 7,4% en febrero | HRTRENDS","og_description":"La cifra de negocios de la industria subi\u00f3 un 7,4% en febrero en comparaci\u00f3n con igual mes de Leer m\u00e1s","og_url":"https:\/\/empresas.infoempleo.com\/hrtrends\/la-industria-eleva-su-facturacion-un-74-en-febrero\/","og_site_name":"HRTRENDS","article_publisher":"https:\/\/www.facebook.com\/Infoempleo","article_published_time":"2010-04-20T07:18:30+00:00","article_modified_time":"2018-05-23T15:49:57+00:00","og_image":[{"width":1280,"height":960,"url":"https:\/\/empresas.infoempleo.com\/hrtrends\/media\/2017\/05\/pexels-photo-205508.jpg","type":"image\/jpeg"}],"author":"infoempleo","twitter_card":"summary_large_image","twitter_creator":"@infoempleo","twitter_site":"@infoempleo","twitter_misc":{"Escrito por":"infoempleo","Tiempo de lectura":"2 minutos"},"schema":{"@context":"https:\/\/schema.org","@graph":[{"@type":"NewsArticle","@id":"https:\/\/empresas.infoempleo.com\/hrtrends\/la-industria-eleva-su-facturacion-un-74-en-febrero\/#article","isPartOf":{"@id":"https:\/\/empresas.infoempleo.com\/hrtrends\/la-industria-eleva-su-facturacion-un-74-en-febrero\/"},"author":{"name":"infoempleo","@id":"https:\/\/empresas.infoempleo.com\/hrtrends\/#\/schema\/person\/67d3e276ffcc8b3ae0ebec816daf775a"},"headline":"La industria eleva su facturaci\u00f3n un 7,4% en febrero","datePublished":"2010-04-20T07:18:30+00:00","dateModified":"2018-05-23T15:49:57+00:00","mainEntityOfPage":{"@id":"https:\/\/empresas.infoempleo.com\/hrtrends\/la-industria-eleva-su-facturacion-un-74-en-febrero\/"},"wordCount":434,"publisher":{"@id":"https:\/\/empresas.infoempleo.com\/hrtrends\/#organization"},"image":{"@id":"https:\/\/empresas.infoempleo.com\/hrtrends\/la-industria-eleva-su-facturacion-un-74-en-febrero\/#primaryimage"},"thumbnailUrl":"https:\/\/empresas.infoempleo.com\/hrtrends\/media\/2017\/05\/pexels-photo-205508.jpg","keywords":["industria"],"articleSection":["Actualidad"],"inLanguage":"es","copyrightYear":"2010","copyrightHolder":{"@id":"https:\/\/empresas.infoempleo.com\/hrtrends\/#organization"}},{"@type":"WebPage","@id":"https:\/\/empresas.infoempleo.com\/hrtrends\/la-industria-eleva-su-facturacion-un-74-en-febrero\/","url":"https:\/\/empresas.infoempleo.com\/hrtrends\/la-industria-eleva-su-facturacion-un-74-en-febrero\/","name":"La industria eleva su facturaci\u00f3n un 7,4% en febrero | HRTRENDS","isPartOf":{"@id":"https:\/\/empresas.infoempleo.com\/hrtrends\/#website"},"primaryImageOfPage":{"@id":"https:\/\/empresas.infoempleo.com\/hrtrends\/la-industria-eleva-su-facturacion-un-74-en-febrero\/#primaryimage"},"image":{"@id":"https:\/\/empresas.infoempleo.com\/hrtrends\/la-industria-eleva-su-facturacion-un-74-en-febrero\/#primaryimage"},"thumbnailUrl":"https:\/\/empresas.infoempleo.com\/hrtrends\/media\/2017\/05\/pexels-photo-205508.jpg","datePublished":"2010-04-20T07:18:30+00:00","dateModified":"2018-05-23T15:49:57+00:00","breadcrumb":{"@id":"https:\/\/empresas.infoempleo.com\/hrtrends\/la-industria-eleva-su-facturacion-un-74-en-febrero\/#breadcrumb"},"inLanguage":"es","potentialAction":[{"@type":"ReadAction","target":["https:\/\/empresas.infoempleo.com\/hrtrends\/la-industria-eleva-su-facturacion-un-74-en-febrero\/"]}]},{"@type":"ImageObject","inLanguage":"es","@id":"https:\/\/empresas.infoempleo.com\/hrtrends\/la-industria-eleva-su-facturacion-un-74-en-febrero\/#primaryimage","url":"https:\/\/empresas.infoempleo.com\/hrtrends\/media\/2017\/05\/pexels-photo-205508-150x150.jpg","contentUrl":"https:\/\/empresas.infoempleo.com\/hrtrends\/media\/2017\/05\/pexels-photo-205508-150x150.jpg","width":150,"height":150},{"@type":"BreadcrumbList","@id":"https:\/\/empresas.infoempleo.com\/hrtrends\/la-industria-eleva-su-facturacion-un-74-en-febrero\/#breadcrumb","itemListElement":[{"@type":"ListItem","position":1,"name":"Portada","item":"https:\/\/empresas.infoempleo.com\/hrtrends\/"},{"@type":"ListItem","position":2,"name":"La industria eleva su facturaci\u00f3n un 7,4% en febrero"}]},{"@type":"WebSite","@id":"https:\/\/empresas.infoempleo.com\/hrtrends\/#website","url":"https:\/\/empresas.infoempleo.com\/hrtrends","name":"HRTrends by Infoempleo","description":"","publisher":{"@id":"https:\/\/empresas.infoempleo.com\/hrtrends\/#organization"},"potentialAction":{"@type":"SearchAction","target":"https:\/\/empresas.infoempleo.com\/hrtrends\/?s={search_term_string}","query-input":"required name=search_term_string"},"inLanguage":"es"},{"@type":"Organization","@id":"https:\/\/empresas.infoempleo.com\/hrtrends\/#organization","name":"Infoempleo","url":"https:\/\/www.infoempleo.com\/","logo":{"@type":"ImageObject","@id":"https:\/\/empresas.infoempleo.com\/hrtrends\/#logo","inLanguage":"es","url":"https:\/\/cdnazure.infoempleo.com\/infoempleo\/assets\/style\/gfx\/logo.svg","contentUrl":"https:\/\/cdnazure.infoempleo.com\/infoempleo\/assets\/style\/gfx\/logo.svg","width":150,"height":40,"caption":"Infoempleo"},"image":{"@id":"https:\/\/empresas.infoempleo.com\/hrtrends\/#logo"},"sameAs":["https:\/\/www.facebook.com\/Infoempleo","https:\/\/x.com\/infoempleo","http:\/\/instagram.com\/infoempleo\/","http:\/\/www.linkedin.com\/groups\/Empleo-Espa\u00f1a-Infoempleocom-111276","http:\/\/pinterest.com\/infoempleo\/"],"address":{"@type":"PostalAddress","addressLocality":"Madrid","postalCode":"28050","streetAddress":"Avenida de Burgos 114"},"brand":["Infoempleo"]},{"@type":"Person","@id":"https:\/\/empresas.infoempleo.com\/hrtrends\/#\/schema\/person\/67d3e276ffcc8b3ae0ebec816daf775a","name":"infoempleo","image":{"@type":"ImageObject","inLanguage":"es","@id":"https:\/\/empresas.infoempleo.com\/hrtrends\/#\/schema\/person\/image\/","url":"https:\/\/secure.gravatar.com\/avatar\/7b437777242fe67d2473c2a818da2344692d1ee91e91080ccffbd97bcd4a0975?s=96&d=mm&r=g","contentUrl":"https:\/\/secure.gravatar.com\/avatar\/7b437777242fe67d2473c2a818da2344692d1ee91e91080ccffbd97bcd4a0975?s=96&d=mm&r=g","caption":"infoempleo"},"url":"https:\/\/empresas.infoempleo.com\/hrtrends\/author\/infoempleo\/"}]}},"amp_enabled":true,"_links":{"self":[{"href":"https:\/\/empresas.infoempleo.com\/hrtrends\/wp-json\/wp\/v2\/posts\/8677","targetHints":{"allow":["GET"]}}],"collection":[{"href":"https:\/\/empresas.infoempleo.com\/hrtrends\/wp-json\/wp\/v2\/posts"}],"about":[{"href":"https:\/\/empresas.infoempleo.com\/hrtrends\/wp-json\/wp\/v2\/types\/post"}],"author":[{"embeddable":true,"href":"https:\/\/empresas.infoempleo.com\/hrtrends\/wp-json\/wp\/v2\/users\/72"}],"replies":[{"embeddable":true,"href":"https:\/\/empresas.infoempleo.com\/hrtrends\/wp-json\/wp\/v2\/comments?post=8677"}],"version-history":[{"count":0,"href":"https:\/\/empresas.infoempleo.com\/hrtrends\/wp-json\/wp\/v2\/posts\/8677\/revisions"}],"wp:featuredmedia":[{"embeddable":true,"href":"https:\/\/empresas.infoempleo.com\/hrtrends\/wp-json\/wp\/v2\/media\/29665"}],"wp:attachment":[{"href":"https:\/\/empresas.infoempleo.com\/hrtrends\/wp-json\/wp\/v2\/media?parent=8677"}],"wp:term":[{"taxonomy":"category","embeddable":true,"href":"https:\/\/empresas.infoempleo.com\/hrtrends\/wp-json\/wp\/v2\/categories?post=8677"},{"taxonomy":"post_tag","embeddable":true,"href":"https:\/\/empresas.infoempleo.com\/hrtrends\/wp-json\/wp\/v2\/tags?post=8677"}],"curies":[{"name":"wp","href":"https:\/\/api.w.org\/{rel}","templated":true}]}}