{"id":8591,"date":"2010-04-19T09:51:11","date_gmt":"2010-04-19T08:51:11","guid":{"rendered":"http:\/\/blog.infoempleo.com\/?p=8591"},"modified":"2023-03-13T19:16:52","modified_gmt":"2023-03-13T17:16:52","slug":"un-recorrido-por-los-mejores-centros-escolares-de-nuestro-pais","status":"publish","type":"post","link":"https:\/\/empresas.infoempleo.com\/hrtrends\/un-recorrido-por-los-mejores-centros-escolares-de-nuestro-pais\/","title":{"rendered":"Un recorrido por los mejores centros escolares de nuestro pa\u00eds"},"content":{"rendered":"<p style=\"text-align: center\"><img loading=\"lazy\" decoding=\"async\" class=\"aligncenter size-full wp-image-8592\" src=\"https:\/\/empresas.infoempleo.com\/hrtrends\/media\/2010\/04\/COLES10-11b-11.jpg\" alt=\"COLES10-11b (1)\" width=\"129\" height=\"185\" \/><\/p>\n<p>\u00a0<\/p>\n<p>Un a\u00f1o m\u00e1s, <a class=\"wp-caption-dd\" href=\"https:\/\/www.infoempleo.com\/\" target=\"_blank\" rel=\"noopener\">Infoempleo.com <\/a>presenta la <strong>Gu\u00eda DICES<\/strong><strong> de los Mejores Colegios de Espa\u00f1a<\/strong>, que en su<strong> edici\u00f3n <em>2010-2011<\/em><\/strong>, vuelve a realizar un <strong>exhaustivo an\u00e1lisis de los 300 colegios <\/strong>concertados y privados <strong>de mayor prestigio<\/strong> y calidad de Espa\u00f1a, <strong>clasificados por provincias<\/strong>, y describiendo a fondo sus instalaciones, servicios y recursos educativos.<\/p>\n<p>En esta ocasi\u00f3n, <strong>las comunidades aut\u00f3nomas con un mayor n\u00famero de centros destacados son Madrid<\/strong> (56), <strong>Andaluc\u00eda<\/strong> (36), <strong>Comunidad Valenciana<\/strong> (31), <strong>Catalu\u00f1a<\/strong> (20), <strong>Pa\u00eds Vasco<\/strong> (19) y <strong>Canarias<\/strong> (18).<\/p>\n<p>La elecci\u00f3n de los colegios que aparecen en la Gu\u00eda DICES se basa en las <strong>respuestas dadas por los padres a la pregunta \u201c\u00bfcu\u00e1les son los mejores colegios de su provincia?\u201d<\/strong>, adem\u00e1s de haber tenido en cuenta otros par\u00e1metros objetivos, tales como resultados acad\u00e9micos, instalaciones docentes y deportivas, servicios, idiomas, inform\u00e1tica, laboratorios, aulas especiales, gabinete pedag\u00f3gico y de orientaci\u00f3n, becas, comedor y actividades extraescolares.<\/p>\n<p>La <strong>minuciosa comparaci\u00f3n entre los centros y el detalle hecho de los mismos<\/strong> hacen que la<strong> Gu\u00eda <\/strong><a><strong>DICES de los Mejores Colegios de Espa\u00f1a <\/strong><\/a>sea <strong>especialmente recomendable para padres<\/strong> que afronten por primera vez la escolarizaci\u00f3n de sus hijos, cambien de residencia o busquen un nuevo centro escolar, explicando adem\u00e1s los criterios que deben tener en cuenta para una correcta elecci\u00f3n.\u00a0<\/p>\n<h3>Edici\u00f3n digital interactiva y edici\u00f3n en papel<\/h3>\n<p>La <strong><em>Gu\u00eda DICES<\/em><\/strong><strong><em> de los Mejores Colegios de Espa\u00f1a 2010-2011<\/em><\/strong> es una <strong>publicaci\u00f3n digital interactiva<\/strong> que se puede descargar de forma gratuita a trav\u00e9s de las direcciones <a href=\"https:\/\/www.infoempleo.com\/\">www.infoempleo.com<\/a> y www.dices.com.<\/p>\n<p>Actualmente, las Gu\u00edas Digitales Interactivas DICES est\u00e1n alojadas en m\u00e1s de 200 p\u00e1ginas web de empresas, centros de orientaci\u00f3n y centros de formaci\u00f3n.<\/p>\n<p>La <strong>versi\u00f3n digital de esta gu\u00eda<\/strong> permite realizar consultas online, acceder a la informaci\u00f3n a trav\u00e9s de \u00edndices interactivos, realizar b\u00fasquedas por palabras clave, enviar copias a otras personas, imprimir los colegios, a\u00f1adir notas personalizadas, contactar directamente con los centros o entrar en sus p\u00e1ginas web.<\/p>\n<p>La <strong>edici\u00f3n impresa<\/strong> de esta gu\u00eda puede encontrarse en bibliotecas, centros de informaci\u00f3n y orientaci\u00f3n, centros de formaci\u00f3n, departamentos de recursos humanos de grandes empresas, ferias de estudiantes, embajadas y consulados de Espa\u00f1a, adem\u00e1s de <strong>en las mejores librer\u00edas<\/strong> y en el <strong>tel\u00e9fono 902 200 233<\/strong>.<\/p>\n","protected":false},"excerpt":{"rendered":"<p>\u00a0 Un a\u00f1o m\u00e1s, Infoempleo.com presenta la Gu\u00eda DICES de los Mejores Colegios de Espa\u00f1a, que en su<a class=\"moretag\" href=\"https:\/\/empresas.infoempleo.com\/hrtrends\/un-recorrido-por-los-mejores-centros-escolares-de-nuestro-pais\/\"> Leer m\u00e1s<\/a><\/p>\n","protected":false},"author":32,"featured_media":29665,"comment_status":"closed","ping_status":"open","sticky":false,"template":"","format":"standard","meta":{"footnotes":""},"categories":[3],"tags":[455],"class_list":["post-8591","post","type-post","status-publish","format-standard","has-post-thumbnail","hentry","category-actualidad","tag-dices"],"yoast_head":"<!-- This site is optimized with the Yoast SEO plugin v26.1.1 - https:\/\/yoast.com\/wordpress\/plugins\/seo\/ -->\n<title>Un recorrido por los mejores centros escolares de nuestro pa\u00eds | HRTRENDS<\/title>\n<meta name=\"robots\" content=\"index, follow, max-snippet:-1, max-image-preview:large, max-video-preview:-1\" \/>\n<link rel=\"canonical\" href=\"https:\/\/empresas.infoempleo.com\/hrtrends\/un-recorrido-por-los-mejores-centros-escolares-de-nuestro-pais\/\" \/>\n<meta property=\"og:locale\" content=\"es_ES\" \/>\n<meta property=\"og:type\" content=\"article\" \/>\n<meta property=\"og:title\" content=\"Un recorrido por los mejores centros escolares de nuestro pa\u00eds | HRTRENDS\" \/>\n<meta property=\"og:description\" content=\"\u00a0 Un a\u00f1o m\u00e1s, Infoempleo.com presenta la Gu\u00eda DICES de los Mejores Colegios de Espa\u00f1a, que en su Leer m\u00e1s\" \/>\n<meta property=\"og:url\" content=\"https:\/\/empresas.infoempleo.com\/hrtrends\/un-recorrido-por-los-mejores-centros-escolares-de-nuestro-pais\/\" \/>\n<meta property=\"og:site_name\" content=\"HRTRENDS\" \/>\n<meta property=\"article:publisher\" content=\"https:\/\/www.facebook.com\/Infoempleo\" \/>\n<meta property=\"article:published_time\" content=\"2010-04-19T08:51:11+00:00\" \/>\n<meta property=\"article:modified_time\" content=\"2023-03-13T17:16:52+00:00\" \/>\n<meta property=\"og:image\" content=\"https:\/\/empresas.infoempleo.com\/hrtrends\/media\/2017\/05\/pexels-photo-205508.jpg\" \/>\n\t<meta property=\"og:image:width\" content=\"1280\" \/>\n\t<meta property=\"og:image:height\" content=\"960\" \/>\n\t<meta property=\"og:image:type\" content=\"image\/jpeg\" \/>\n<meta name=\"author\" content=\"Laura Sevilla\" \/>\n<meta name=\"twitter:card\" content=\"summary_large_image\" \/>\n<meta name=\"twitter:creator\" content=\"@infoempleo\" \/>\n<meta name=\"twitter:site\" content=\"@infoempleo\" \/>\n<meta name=\"twitter:label1\" content=\"Escrito por\" \/>\n\t<meta name=\"twitter:data1\" content=\"Laura Sevilla\" \/>\n\t<meta name=\"twitter:label2\" content=\"Tiempo de lectura\" \/>\n\t<meta name=\"twitter:data2\" content=\"2 minutos\" \/>\n<script type=\"application\/ld+json\" class=\"yoast-schema-graph\">{\"@context\":\"https:\/\/schema.org\",\"@graph\":[{\"@type\":\"NewsArticle\",\"@id\":\"https:\/\/empresas.infoempleo.com\/hrtrends\/un-recorrido-por-los-mejores-centros-escolares-de-nuestro-pais\/#article\",\"isPartOf\":{\"@id\":\"https:\/\/empresas.infoempleo.com\/hrtrends\/un-recorrido-por-los-mejores-centros-escolares-de-nuestro-pais\/\"},\"author\":{\"name\":\"Laura Sevilla\",\"@id\":\"https:\/\/empresas.infoempleo.com\/hrtrends\/#\/schema\/person\/9bf5f465fff77577823d72d0ff0011cd\"},\"headline\":\"Un recorrido por los mejores centros escolares de nuestro pa\u00eds\",\"datePublished\":\"2010-04-19T08:51:11+00:00\",\"dateModified\":\"2023-03-13T17:16:52+00:00\",\"mainEntityOfPage\":{\"@id\":\"https:\/\/empresas.infoempleo.com\/hrtrends\/un-recorrido-por-los-mejores-centros-escolares-de-nuestro-pais\/\"},\"wordCount\":419,\"publisher\":{\"@id\":\"https:\/\/empresas.infoempleo.com\/hrtrends\/#organization\"},\"image\":{\"@id\":\"https:\/\/empresas.infoempleo.com\/hrtrends\/un-recorrido-por-los-mejores-centros-escolares-de-nuestro-pais\/#primaryimage\"},\"thumbnailUrl\":\"https:\/\/empresas.infoempleo.com\/hrtrends\/media\/2017\/05\/pexels-photo-205508.jpg\",\"keywords\":[\"dices\"],\"articleSection\":[\"Actualidad\"],\"inLanguage\":\"es\",\"copyrightYear\":\"2010\",\"copyrightHolder\":{\"@id\":\"https:\/\/empresas.infoempleo.com\/hrtrends\/#organization\"}},{\"@type\":\"WebPage\",\"@id\":\"https:\/\/empresas.infoempleo.com\/hrtrends\/un-recorrido-por-los-mejores-centros-escolares-de-nuestro-pais\/\",\"url\":\"https:\/\/empresas.infoempleo.com\/hrtrends\/un-recorrido-por-los-mejores-centros-escolares-de-nuestro-pais\/\",\"name\":\"Un recorrido por los mejores centros escolares de nuestro pa\u00eds | HRTRENDS\",\"isPartOf\":{\"@id\":\"https:\/\/empresas.infoempleo.com\/hrtrends\/#website\"},\"primaryImageOfPage\":{\"@id\":\"https:\/\/empresas.infoempleo.com\/hrtrends\/un-recorrido-por-los-mejores-centros-escolares-de-nuestro-pais\/#primaryimage\"},\"image\":{\"@id\":\"https:\/\/empresas.infoempleo.com\/hrtrends\/un-recorrido-por-los-mejores-centros-escolares-de-nuestro-pais\/#primaryimage\"},\"thumbnailUrl\":\"https:\/\/empresas.infoempleo.com\/hrtrends\/media\/2017\/05\/pexels-photo-205508.jpg\",\"datePublished\":\"2010-04-19T08:51:11+00:00\",\"dateModified\":\"2023-03-13T17:16:52+00:00\",\"breadcrumb\":{\"@id\":\"https:\/\/empresas.infoempleo.com\/hrtrends\/un-recorrido-por-los-mejores-centros-escolares-de-nuestro-pais\/#breadcrumb\"},\"inLanguage\":\"es\",\"potentialAction\":[{\"@type\":\"ReadAction\",\"target\":[\"https:\/\/empresas.infoempleo.com\/hrtrends\/un-recorrido-por-los-mejores-centros-escolares-de-nuestro-pais\/\"]}]},{\"@type\":\"ImageObject\",\"inLanguage\":\"es\",\"@id\":\"https:\/\/empresas.infoempleo.com\/hrtrends\/un-recorrido-por-los-mejores-centros-escolares-de-nuestro-pais\/#primaryimage\",\"url\":\"https:\/\/empresas.infoempleo.com\/hrtrends\/media\/2017\/05\/pexels-photo-205508-150x150.jpg\",\"contentUrl\":\"https:\/\/empresas.infoempleo.com\/hrtrends\/media\/2017\/05\/pexels-photo-205508-150x150.jpg\",\"width\":150,\"height\":150},{\"@type\":\"BreadcrumbList\",\"@id\":\"https:\/\/empresas.infoempleo.com\/hrtrends\/un-recorrido-por-los-mejores-centros-escolares-de-nuestro-pais\/#breadcrumb\",\"itemListElement\":[{\"@type\":\"ListItem\",\"position\":1,\"name\":\"Portada\",\"item\":\"https:\/\/empresas.infoempleo.com\/hrtrends\/\"},{\"@type\":\"ListItem\",\"position\":2,\"name\":\"Un recorrido por los mejores centros escolares de nuestro pa\u00eds\"}]},{\"@type\":\"WebSite\",\"@id\":\"https:\/\/empresas.infoempleo.com\/hrtrends\/#website\",\"url\":\"https:\/\/empresas.infoempleo.com\/hrtrends\",\"name\":\"HRTrends by Infoempleo\",\"description\":\"\",\"publisher\":{\"@id\":\"https:\/\/empresas.infoempleo.com\/hrtrends\/#organization\"},\"potentialAction\":{\"@type\":\"SearchAction\",\"target\":\"https:\/\/empresas.infoempleo.com\/hrtrends\/?s={search_term_string}\",\"query-input\":\"required name=search_term_string\"},\"inLanguage\":\"es\"},{\"@type\":\"Organization\",\"@id\":\"https:\/\/empresas.infoempleo.com\/hrtrends\/#organization\",\"name\":\"Infoempleo\",\"url\":\"https:\/\/www.infoempleo.com\/\",\"logo\":{\"@type\":\"ImageObject\",\"@id\":\"https:\/\/empresas.infoempleo.com\/hrtrends\/#logo\",\"inLanguage\":\"es\",\"url\":\"https:\/\/cdnazure.infoempleo.com\/infoempleo\/assets\/style\/gfx\/logo.svg\",\"contentUrl\":\"https:\/\/cdnazure.infoempleo.com\/infoempleo\/assets\/style\/gfx\/logo.svg\",\"width\":150,\"height\":40,\"caption\":\"Infoempleo\"},\"image\":{\"@id\":\"https:\/\/empresas.infoempleo.com\/hrtrends\/#logo\"},\"sameAs\":[\"https:\/\/www.facebook.com\/Infoempleo\",\"https:\/\/x.com\/infoempleo\",\"http:\/\/instagram.com\/infoempleo\/\",\"http:\/\/www.linkedin.com\/groups\/Empleo-Espa\u00f1a-Infoempleocom-111276\",\"http:\/\/pinterest.com\/infoempleo\/\"],\"address\":{\"@type\":\"PostalAddress\",\"addressLocality\":\"Madrid\",\"postalCode\":\"28050\",\"streetAddress\":\"Avenida de Burgos 114\"},\"brand\":[\"Infoempleo\"]},{\"@type\":\"Person\",\"@id\":\"https:\/\/empresas.infoempleo.com\/hrtrends\/#\/schema\/person\/9bf5f465fff77577823d72d0ff0011cd\",\"name\":\"Laura Sevilla\",\"image\":{\"@type\":\"ImageObject\",\"inLanguage\":\"es\",\"@id\":\"https:\/\/empresas.infoempleo.com\/hrtrends\/#\/schema\/person\/image\/\",\"url\":\"https:\/\/secure.gravatar.com\/avatar\/21de0edb9783cc73abf63ac5099da7247abbf9521d91f77f632980d6f20cca07?s=96&d=mm&r=g\",\"contentUrl\":\"https:\/\/secure.gravatar.com\/avatar\/21de0edb9783cc73abf63ac5099da7247abbf9521d91f77f632980d6f20cca07?s=96&d=mm&r=g\",\"caption\":\"Laura Sevilla\"},\"url\":\"https:\/\/empresas.infoempleo.com\/hrtrends\/author\/laura-sevilla\/\"}]}<\/script>\n<!-- \/ Yoast SEO plugin. -->","yoast_head_json":{"title":"Un recorrido por los mejores centros escolares de nuestro pa\u00eds | HRTRENDS","robots":{"index":"index","follow":"follow","max-snippet":"max-snippet:-1","max-image-preview":"max-image-preview:large","max-video-preview":"max-video-preview:-1"},"canonical":"https:\/\/empresas.infoempleo.com\/hrtrends\/un-recorrido-por-los-mejores-centros-escolares-de-nuestro-pais\/","og_locale":"es_ES","og_type":"article","og_title":"Un recorrido por los mejores centros escolares de nuestro pa\u00eds | HRTRENDS","og_description":"\u00a0 Un a\u00f1o m\u00e1s, Infoempleo.com presenta la Gu\u00eda DICES de los Mejores Colegios de Espa\u00f1a, que en su Leer m\u00e1s","og_url":"https:\/\/empresas.infoempleo.com\/hrtrends\/un-recorrido-por-los-mejores-centros-escolares-de-nuestro-pais\/","og_site_name":"HRTRENDS","article_publisher":"https:\/\/www.facebook.com\/Infoempleo","article_published_time":"2010-04-19T08:51:11+00:00","article_modified_time":"2023-03-13T17:16:52+00:00","og_image":[{"width":1280,"height":960,"url":"https:\/\/empresas.infoempleo.com\/hrtrends\/media\/2017\/05\/pexels-photo-205508.jpg","type":"image\/jpeg"}],"author":"Laura Sevilla","twitter_card":"summary_large_image","twitter_creator":"@infoempleo","twitter_site":"@infoempleo","twitter_misc":{"Escrito por":"Laura Sevilla","Tiempo de lectura":"2 minutos"},"schema":{"@context":"https:\/\/schema.org","@graph":[{"@type":"NewsArticle","@id":"https:\/\/empresas.infoempleo.com\/hrtrends\/un-recorrido-por-los-mejores-centros-escolares-de-nuestro-pais\/#article","isPartOf":{"@id":"https:\/\/empresas.infoempleo.com\/hrtrends\/un-recorrido-por-los-mejores-centros-escolares-de-nuestro-pais\/"},"author":{"name":"Laura Sevilla","@id":"https:\/\/empresas.infoempleo.com\/hrtrends\/#\/schema\/person\/9bf5f465fff77577823d72d0ff0011cd"},"headline":"Un recorrido por los mejores centros escolares de nuestro pa\u00eds","datePublished":"2010-04-19T08:51:11+00:00","dateModified":"2023-03-13T17:16:52+00:00","mainEntityOfPage":{"@id":"https:\/\/empresas.infoempleo.com\/hrtrends\/un-recorrido-por-los-mejores-centros-escolares-de-nuestro-pais\/"},"wordCount":419,"publisher":{"@id":"https:\/\/empresas.infoempleo.com\/hrtrends\/#organization"},"image":{"@id":"https:\/\/empresas.infoempleo.com\/hrtrends\/un-recorrido-por-los-mejores-centros-escolares-de-nuestro-pais\/#primaryimage"},"thumbnailUrl":"https:\/\/empresas.infoempleo.com\/hrtrends\/media\/2017\/05\/pexels-photo-205508.jpg","keywords":["dices"],"articleSection":["Actualidad"],"inLanguage":"es","copyrightYear":"2010","copyrightHolder":{"@id":"https:\/\/empresas.infoempleo.com\/hrtrends\/#organization"}},{"@type":"WebPage","@id":"https:\/\/empresas.infoempleo.com\/hrtrends\/un-recorrido-por-los-mejores-centros-escolares-de-nuestro-pais\/","url":"https:\/\/empresas.infoempleo.com\/hrtrends\/un-recorrido-por-los-mejores-centros-escolares-de-nuestro-pais\/","name":"Un recorrido por los mejores centros escolares de nuestro pa\u00eds | HRTRENDS","isPartOf":{"@id":"https:\/\/empresas.infoempleo.com\/hrtrends\/#website"},"primaryImageOfPage":{"@id":"https:\/\/empresas.infoempleo.com\/hrtrends\/un-recorrido-por-los-mejores-centros-escolares-de-nuestro-pais\/#primaryimage"},"image":{"@id":"https:\/\/empresas.infoempleo.com\/hrtrends\/un-recorrido-por-los-mejores-centros-escolares-de-nuestro-pais\/#primaryimage"},"thumbnailUrl":"https:\/\/empresas.infoempleo.com\/hrtrends\/media\/2017\/05\/pexels-photo-205508.jpg","datePublished":"2010-04-19T08:51:11+00:00","dateModified":"2023-03-13T17:16:52+00:00","breadcrumb":{"@id":"https:\/\/empresas.infoempleo.com\/hrtrends\/un-recorrido-por-los-mejores-centros-escolares-de-nuestro-pais\/#breadcrumb"},"inLanguage":"es","potentialAction":[{"@type":"ReadAction","target":["https:\/\/empresas.infoempleo.com\/hrtrends\/un-recorrido-por-los-mejores-centros-escolares-de-nuestro-pais\/"]}]},{"@type":"ImageObject","inLanguage":"es","@id":"https:\/\/empresas.infoempleo.com\/hrtrends\/un-recorrido-por-los-mejores-centros-escolares-de-nuestro-pais\/#primaryimage","url":"https:\/\/empresas.infoempleo.com\/hrtrends\/media\/2017\/05\/pexels-photo-205508-150x150.jpg","contentUrl":"https:\/\/empresas.infoempleo.com\/hrtrends\/media\/2017\/05\/pexels-photo-205508-150x150.jpg","width":150,"height":150},{"@type":"BreadcrumbList","@id":"https:\/\/empresas.infoempleo.com\/hrtrends\/un-recorrido-por-los-mejores-centros-escolares-de-nuestro-pais\/#breadcrumb","itemListElement":[{"@type":"ListItem","position":1,"name":"Portada","item":"https:\/\/empresas.infoempleo.com\/hrtrends\/"},{"@type":"ListItem","position":2,"name":"Un recorrido por los mejores centros escolares de nuestro pa\u00eds"}]},{"@type":"WebSite","@id":"https:\/\/empresas.infoempleo.com\/hrtrends\/#website","url":"https:\/\/empresas.infoempleo.com\/hrtrends","name":"HRTrends by Infoempleo","description":"","publisher":{"@id":"https:\/\/empresas.infoempleo.com\/hrtrends\/#organization"},"potentialAction":{"@type":"SearchAction","target":"https:\/\/empresas.infoempleo.com\/hrtrends\/?s={search_term_string}","query-input":"required name=search_term_string"},"inLanguage":"es"},{"@type":"Organization","@id":"https:\/\/empresas.infoempleo.com\/hrtrends\/#organization","name":"Infoempleo","url":"https:\/\/www.infoempleo.com\/","logo":{"@type":"ImageObject","@id":"https:\/\/empresas.infoempleo.com\/hrtrends\/#logo","inLanguage":"es","url":"https:\/\/cdnazure.infoempleo.com\/infoempleo\/assets\/style\/gfx\/logo.svg","contentUrl":"https:\/\/cdnazure.infoempleo.com\/infoempleo\/assets\/style\/gfx\/logo.svg","width":150,"height":40,"caption":"Infoempleo"},"image":{"@id":"https:\/\/empresas.infoempleo.com\/hrtrends\/#logo"},"sameAs":["https:\/\/www.facebook.com\/Infoempleo","https:\/\/x.com\/infoempleo","http:\/\/instagram.com\/infoempleo\/","http:\/\/www.linkedin.com\/groups\/Empleo-Espa\u00f1a-Infoempleocom-111276","http:\/\/pinterest.com\/infoempleo\/"],"address":{"@type":"PostalAddress","addressLocality":"Madrid","postalCode":"28050","streetAddress":"Avenida de Burgos 114"},"brand":["Infoempleo"]},{"@type":"Person","@id":"https:\/\/empresas.infoempleo.com\/hrtrends\/#\/schema\/person\/9bf5f465fff77577823d72d0ff0011cd","name":"Laura Sevilla","image":{"@type":"ImageObject","inLanguage":"es","@id":"https:\/\/empresas.infoempleo.com\/hrtrends\/#\/schema\/person\/image\/","url":"https:\/\/secure.gravatar.com\/avatar\/21de0edb9783cc73abf63ac5099da7247abbf9521d91f77f632980d6f20cca07?s=96&d=mm&r=g","contentUrl":"https:\/\/secure.gravatar.com\/avatar\/21de0edb9783cc73abf63ac5099da7247abbf9521d91f77f632980d6f20cca07?s=96&d=mm&r=g","caption":"Laura Sevilla"},"url":"https:\/\/empresas.infoempleo.com\/hrtrends\/author\/laura-sevilla\/"}]}},"amp_enabled":true,"_links":{"self":[{"href":"https:\/\/empresas.infoempleo.com\/hrtrends\/wp-json\/wp\/v2\/posts\/8591","targetHints":{"allow":["GET"]}}],"collection":[{"href":"https:\/\/empresas.infoempleo.com\/hrtrends\/wp-json\/wp\/v2\/posts"}],"about":[{"href":"https:\/\/empresas.infoempleo.com\/hrtrends\/wp-json\/wp\/v2\/types\/post"}],"author":[{"embeddable":true,"href":"https:\/\/empresas.infoempleo.com\/hrtrends\/wp-json\/wp\/v2\/users\/32"}],"replies":[{"embeddable":true,"href":"https:\/\/empresas.infoempleo.com\/hrtrends\/wp-json\/wp\/v2\/comments?post=8591"}],"version-history":[{"count":6,"href":"https:\/\/empresas.infoempleo.com\/hrtrends\/wp-json\/wp\/v2\/posts\/8591\/revisions"}],"predecessor-version":[{"id":43014,"href":"https:\/\/empresas.infoempleo.com\/hrtrends\/wp-json\/wp\/v2\/posts\/8591\/revisions\/43014"}],"wp:featuredmedia":[{"embeddable":true,"href":"https:\/\/empresas.infoempleo.com\/hrtrends\/wp-json\/wp\/v2\/media\/29665"}],"wp:attachment":[{"href":"https:\/\/empresas.infoempleo.com\/hrtrends\/wp-json\/wp\/v2\/media?parent=8591"}],"wp:term":[{"taxonomy":"category","embeddable":true,"href":"https:\/\/empresas.infoempleo.com\/hrtrends\/wp-json\/wp\/v2\/categories?post=8591"},{"taxonomy":"post_tag","embeddable":true,"href":"https:\/\/empresas.infoempleo.com\/hrtrends\/wp-json\/wp\/v2\/tags?post=8591"}],"curies":[{"name":"wp","href":"https:\/\/api.w.org\/{rel}","templated":true}]}}