{"id":857,"date":"2009-05-26T09:01:45","date_gmt":"2009-05-26T08:01:45","guid":{"rendered":"http:\/\/blog.infoempleo.com\/?p=857"},"modified":"2022-10-13T17:24:35","modified_gmt":"2022-10-13T15:24:35","slug":"expomanagement-extrae-las-recetas-del-11-s-para-cocinar-la-crisis","status":"publish","type":"post","link":"https:\/\/empresas.infoempleo.com\/hrtrends\/expomanagement-extrae-las-recetas-del-11-s-para-cocinar-la-crisis\/","title":{"rendered":"Expomanagement extrae las recetas del 11-S para cocinar la crisis"},"content":{"rendered":"<p class=\"MsoNormal\">M\u00e1s de 1.200 personas tuvieron la oportunidad de asistir\u00a0la semana pasada\u00a0a uno de los principales eventos del mundo de la empresa en Espa\u00f1a: ExpoManagement. Tras este nombre, y en esta ocasi\u00f3n los de Felipe Gonz\u00e1lez y Jos\u00e9 Mar\u00eda Aznar\u2014que extrapolaron a la organizaci\u00f3n su experiencia en la administraci\u00f3n de un pa\u00eds\u2014, se dieron cita los principales representantes de las \u00faltimas tendencias en direcci\u00f3n que hoy, m\u00e1s que nunca, guardan relaci\u00f3n con todos los campos del saber y la experiencia, m\u00e1s all\u00e1 de las paredes de la compa\u00f1\u00eda.<\/p>\n<p class=\"MsoNormal\">Con esta percepci\u00f3n humanista de la gesti\u00f3n, el Palacio Municipal de Congresos de Madrid asisti\u00f3 a las clases magistrales de expertos en liderazgo y estrategia, pero tambi\u00e9n de pol\u00edticos, acad\u00e9micos y m\u00e9dicos que utilizaron sus conocimientos para abordar \u2014y sacar el m\u00e1ximo provecho\u2014 a este cambio mundial.<\/p>\n<p class=\"MsoNormal\" style=\"text-align: center;\">\n<p class=\"MsoNormal\">Pocos momentos de crisis de nuestra historia reciente pueden ser comparables al que vivi\u00f3 Rudolph Giuliani, ex alcalde de Nueva York, aquel 11 de septiembre de 2001 y cuya gesti\u00f3n de emergencia es hoy un ejemplo a seguir. Giuliani, uno de los principales invitados a este foro de HSM Global, destac\u00f3 que la principal postura que el ser humano debe tomar ante cualquier cat\u00e1strofe es la calma: \u00abNo dejes que la intensidad del dolor abrume tus decisiones\u00bb. Y lejos de que los suyos lo hicieran, el republicano record\u00f3 que, como buen abogado defendiendo un caso [fue fiscal del distrito durante seis a\u00f1os], hizo lo que todo gestor de equipos debiera hacer antes de actuar, conocer el estado de la situaci\u00f3n. \u00abReun\u00ed a los jefes de todos los departamentos en las oficinas de Merril Lynch, cerca de la zona cero \u2014detall\u00f3\u2014. Lo que para muchos fue una imprudencia, para m\u00ed era necesario\u00bb. Giuliani reconoci\u00f3 que si bien nunca existi\u00f3 un plan para hacer frente a una crisis igual, como ha ocurrido en muchas empresas del mundo, s\u00ed que dispon\u00eda de aquellas partes de otros que s\u00ed hab\u00edan funcionado y, sobre todo, \u00aba la gente que las hab\u00edan hecho posibles\u00bb.<\/p>\n<p class=\"MsoNormal\">Con calma, un plan y personas, Giuliani insisti\u00f3 durante su ponencia en la importancia de motivar al equipo.\u00a0\u00abUtilizamos un hangar de grandes dimensiones donde nos ve\u00edamos ma\u00f1ana, tarde y noche, y no importaba el puesto o la ideolog\u00eda [reuni\u00f3 gobierno local y estatal, entonces enfrentados]\u00bb, explic\u00f3 mientras destacaba la importancia de aquellos debates: \u00abToda decisi\u00f3n se deriva de un juicio, y como tal, antes de dar tu veredicto tienes que o\u00edr a las partes enfrentadas\u00bb.<\/p>\n<p class=\"MsoNormal\">De aquello sac\u00f3 grandes amigos y una ense\u00f1anza que comparti\u00f3 la pr\u00e1ctica mayor\u00eda de los ponentes de ExpoManagement, que toda persona es importante y hay que hac\u00e9rselo saber: \u00abAprend\u00ed de todos, y cuando algunos de ellos faltaron, me qued\u00e9 con esa sensaci\u00f3n de cuando desaparecen los padres, de cuando ves que por fin has crecido pero te has quedado solo\u00bb. \u00abNo puedes esperar a que alguien se marche para decirle lo importante que es en el funcionamiento de una empresa\u00bb, concluy\u00f3.<\/p>\n","protected":false},"excerpt":{"rendered":"<p>ExpoManagement 2009 reuni\u00f3 a los mejores expertos del mundo de la empresa que, en esta ocasi\u00f3n, aportaron su experiencia en forma de consejos para superar la crisis. Entre ellos, el ex alcalde de Nueva York que se enfrent\u00f3 con ejemplar enfectividad durante el 11-S, Rudolph Giuliani.<\/p>\n","protected":false},"author":35,"featured_media":41221,"comment_status":"closed","ping_status":"open","sticky":false,"template":"","format":"standard","meta":{"footnotes":""},"categories":[3],"tags":[122,123,124,125,126,127,128,129],"class_list":["post-857","post","type-post","status-publish","format-standard","has-post-thumbnail","hentry","category-actualidad","tag-expomanagement","tag-felipe-gonzalez","tag-hsm-global","tag-jose-maria-aznar","tag-madrid","tag-nueva-york","tag-palacio-municipal-de-congresos","tag-rudolph-giuliani"],"yoast_head":"<!-- This site is optimized with the Yoast SEO plugin v26.1.1 - https:\/\/yoast.com\/wordpress\/plugins\/seo\/ -->\n<title>Expomanagement extrae las recetas del 11-S para cocinar la crisis | HRTRENDS<\/title>\n<meta name=\"robots\" content=\"index, follow, max-snippet:-1, max-image-preview:large, max-video-preview:-1\" \/>\n<link rel=\"canonical\" href=\"https:\/\/empresas.infoempleo.com\/hrtrends\/expomanagement-extrae-las-recetas-del-11-s-para-cocinar-la-crisis\/\" \/>\n<meta property=\"og:locale\" content=\"es_ES\" \/>\n<meta property=\"og:type\" content=\"article\" \/>\n<meta property=\"og:title\" content=\"Expomanagement extrae las recetas del 11-S para cocinar la crisis | HRTRENDS\" \/>\n<meta property=\"og:description\" content=\"ExpoManagement 2009 reuni\u00f3 a los mejores expertos del mundo de la empresa que, en esta ocasi\u00f3n, aportaron su experiencia en forma de consejos para superar la crisis. Entre ellos, el ex alcalde de Nueva York que se enfrent\u00f3 con ejemplar enfectividad durante el 11-S, Rudolph Giuliani.\" \/>\n<meta property=\"og:url\" content=\"https:\/\/empresas.infoempleo.com\/hrtrends\/expomanagement-extrae-las-recetas-del-11-s-para-cocinar-la-crisis\/\" \/>\n<meta property=\"og:site_name\" content=\"HRTRENDS\" \/>\n<meta property=\"article:publisher\" content=\"https:\/\/www.facebook.com\/Infoempleo\" \/>\n<meta property=\"article:published_time\" content=\"2009-05-26T08:01:45+00:00\" \/>\n<meta property=\"article:modified_time\" content=\"2022-10-13T15:24:35+00:00\" \/>\n<meta property=\"og:image\" content=\"https:\/\/empresas.infoempleo.com\/hrtrends\/media\/2009\/05\/Rudolph-Giuliani-interviene-en-Expomanagement-2009.webp\" \/>\n\t<meta property=\"og:image:width\" content=\"1280\" \/>\n\t<meta property=\"og:image:height\" content=\"853\" \/>\n\t<meta property=\"og:image:type\" content=\"image\/webp\" \/>\n<meta name=\"author\" content=\"Laura de Cubas\" \/>\n<meta name=\"twitter:card\" content=\"summary_large_image\" \/>\n<meta name=\"twitter:creator\" content=\"@infoempleo\" \/>\n<meta name=\"twitter:site\" content=\"@infoempleo\" \/>\n<meta name=\"twitter:label1\" content=\"Escrito por\" \/>\n\t<meta name=\"twitter:data1\" content=\"Laura de Cubas\" \/>\n\t<meta name=\"twitter:label2\" content=\"Tiempo de lectura\" \/>\n\t<meta name=\"twitter:data2\" content=\"3 minutos\" \/>\n<script type=\"application\/ld+json\" class=\"yoast-schema-graph\">{\"@context\":\"https:\/\/schema.org\",\"@graph\":[{\"@type\":\"NewsArticle\",\"@id\":\"https:\/\/empresas.infoempleo.com\/hrtrends\/expomanagement-extrae-las-recetas-del-11-s-para-cocinar-la-crisis\/#article\",\"isPartOf\":{\"@id\":\"https:\/\/empresas.infoempleo.com\/hrtrends\/expomanagement-extrae-las-recetas-del-11-s-para-cocinar-la-crisis\/\"},\"author\":{\"name\":\"Laura de Cubas\",\"@id\":\"https:\/\/empresas.infoempleo.com\/hrtrends\/#\/schema\/person\/eee830fc2082cd3b52302e59ea0d2c05\"},\"headline\":\"Expomanagement extrae las recetas del 11-S para cocinar la crisis\",\"datePublished\":\"2009-05-26T08:01:45+00:00\",\"dateModified\":\"2022-10-13T15:24:35+00:00\",\"mainEntityOfPage\":{\"@id\":\"https:\/\/empresas.infoempleo.com\/hrtrends\/expomanagement-extrae-las-recetas-del-11-s-para-cocinar-la-crisis\/\"},\"wordCount\":536,\"publisher\":{\"@id\":\"https:\/\/empresas.infoempleo.com\/hrtrends\/#organization\"},\"image\":{\"@id\":\"https:\/\/empresas.infoempleo.com\/hrtrends\/expomanagement-extrae-las-recetas-del-11-s-para-cocinar-la-crisis\/#primaryimage\"},\"thumbnailUrl\":\"https:\/\/empresas.infoempleo.com\/hrtrends\/media\/2009\/05\/Rudolph-Giuliani-interviene-en-Expomanagement-2009.webp\",\"keywords\":[\"Expomanagement\",\"Felipe Gonz\u00e1lez\",\"HSM Global\",\"Jos\u00e9 Mar\u00eda Aznar\",\"Madrid\",\"Nueva York\",\"Palacio Municipal de Congresos\",\"Rudolph Giuliani\"],\"articleSection\":[\"Actualidad\"],\"inLanguage\":\"es\",\"copyrightYear\":\"2009\",\"copyrightHolder\":{\"@id\":\"https:\/\/empresas.infoempleo.com\/hrtrends\/#organization\"}},{\"@type\":\"WebPage\",\"@id\":\"https:\/\/empresas.infoempleo.com\/hrtrends\/expomanagement-extrae-las-recetas-del-11-s-para-cocinar-la-crisis\/\",\"url\":\"https:\/\/empresas.infoempleo.com\/hrtrends\/expomanagement-extrae-las-recetas-del-11-s-para-cocinar-la-crisis\/\",\"name\":\"Expomanagement extrae las recetas del 11-S para cocinar la crisis | HRTRENDS\",\"isPartOf\":{\"@id\":\"https:\/\/empresas.infoempleo.com\/hrtrends\/#website\"},\"primaryImageOfPage\":{\"@id\":\"https:\/\/empresas.infoempleo.com\/hrtrends\/expomanagement-extrae-las-recetas-del-11-s-para-cocinar-la-crisis\/#primaryimage\"},\"image\":{\"@id\":\"https:\/\/empresas.infoempleo.com\/hrtrends\/expomanagement-extrae-las-recetas-del-11-s-para-cocinar-la-crisis\/#primaryimage\"},\"thumbnailUrl\":\"https:\/\/empresas.infoempleo.com\/hrtrends\/media\/2009\/05\/Rudolph-Giuliani-interviene-en-Expomanagement-2009.webp\",\"datePublished\":\"2009-05-26T08:01:45+00:00\",\"dateModified\":\"2022-10-13T15:24:35+00:00\",\"breadcrumb\":{\"@id\":\"https:\/\/empresas.infoempleo.com\/hrtrends\/expomanagement-extrae-las-recetas-del-11-s-para-cocinar-la-crisis\/#breadcrumb\"},\"inLanguage\":\"es\",\"potentialAction\":[{\"@type\":\"ReadAction\",\"target\":[\"https:\/\/empresas.infoempleo.com\/hrtrends\/expomanagement-extrae-las-recetas-del-11-s-para-cocinar-la-crisis\/\"]}]},{\"@type\":\"ImageObject\",\"inLanguage\":\"es\",\"@id\":\"https:\/\/empresas.infoempleo.com\/hrtrends\/expomanagement-extrae-las-recetas-del-11-s-para-cocinar-la-crisis\/#primaryimage\",\"url\":\"https:\/\/empresas.infoempleo.com\/hrtrends\/media\/2009\/05\/Rudolph-Giuliani-interviene-en-Expomanagement-2009-150x150.webp\",\"contentUrl\":\"https:\/\/empresas.infoempleo.com\/hrtrends\/media\/2009\/05\/Rudolph-Giuliani-interviene-en-Expomanagement-2009-150x150.webp\",\"width\":150,\"height\":150,\"caption\":\"Rudolph Giuliani interviene en Expomanagement 2009\"},{\"@type\":\"BreadcrumbList\",\"@id\":\"https:\/\/empresas.infoempleo.com\/hrtrends\/expomanagement-extrae-las-recetas-del-11-s-para-cocinar-la-crisis\/#breadcrumb\",\"itemListElement\":[{\"@type\":\"ListItem\",\"position\":1,\"name\":\"Portada\",\"item\":\"https:\/\/empresas.infoempleo.com\/hrtrends\/\"},{\"@type\":\"ListItem\",\"position\":2,\"name\":\"Expomanagement extrae las recetas del 11-S para cocinar la crisis\"}]},{\"@type\":\"WebSite\",\"@id\":\"https:\/\/empresas.infoempleo.com\/hrtrends\/#website\",\"url\":\"https:\/\/empresas.infoempleo.com\/hrtrends\",\"name\":\"HRTrends by Infoempleo\",\"description\":\"\",\"publisher\":{\"@id\":\"https:\/\/empresas.infoempleo.com\/hrtrends\/#organization\"},\"potentialAction\":{\"@type\":\"SearchAction\",\"target\":\"https:\/\/empresas.infoempleo.com\/hrtrends\/?s={search_term_string}\",\"query-input\":\"required name=search_term_string\"},\"inLanguage\":\"es\"},{\"@type\":\"Organization\",\"@id\":\"https:\/\/empresas.infoempleo.com\/hrtrends\/#organization\",\"name\":\"Infoempleo\",\"url\":\"https:\/\/www.infoempleo.com\/\",\"logo\":{\"@type\":\"ImageObject\",\"@id\":\"https:\/\/empresas.infoempleo.com\/hrtrends\/#logo\",\"inLanguage\":\"es\",\"url\":\"https:\/\/cdnazure.infoempleo.com\/infoempleo\/assets\/style\/gfx\/logo.svg\",\"contentUrl\":\"https:\/\/cdnazure.infoempleo.com\/infoempleo\/assets\/style\/gfx\/logo.svg\",\"width\":150,\"height\":40,\"caption\":\"Infoempleo\"},\"image\":{\"@id\":\"https:\/\/empresas.infoempleo.com\/hrtrends\/#logo\"},\"sameAs\":[\"https:\/\/www.facebook.com\/Infoempleo\",\"https:\/\/x.com\/infoempleo\",\"http:\/\/instagram.com\/infoempleo\/\",\"http:\/\/www.linkedin.com\/groups\/Empleo-Espa\u00f1a-Infoempleocom-111276\",\"http:\/\/pinterest.com\/infoempleo\/\"],\"address\":{\"@type\":\"PostalAddress\",\"addressLocality\":\"Madrid\",\"postalCode\":\"28050\",\"streetAddress\":\"Avenida de Burgos 114\"},\"brand\":[\"Infoempleo\"]},{\"@type\":\"Person\",\"@id\":\"https:\/\/empresas.infoempleo.com\/hrtrends\/#\/schema\/person\/eee830fc2082cd3b52302e59ea0d2c05\",\"name\":\"Laura de Cubas\",\"image\":{\"@type\":\"ImageObject\",\"inLanguage\":\"es\",\"@id\":\"https:\/\/empresas.infoempleo.com\/hrtrends\/#\/schema\/person\/image\/\",\"url\":\"https:\/\/secure.gravatar.com\/avatar\/c13d88dcd67943e13f74372e711c3ba2accf296b195ba5dd59566bd5f5df94c8?s=96&d=mm&r=g\",\"contentUrl\":\"https:\/\/secure.gravatar.com\/avatar\/c13d88dcd67943e13f74372e711c3ba2accf296b195ba5dd59566bd5f5df94c8?s=96&d=mm&r=g\",\"caption\":\"Laura de Cubas\"},\"url\":\"https:\/\/empresas.infoempleo.com\/hrtrends\/author\/laura-de-cubas\/\"}]}<\/script>\n<!-- \/ Yoast SEO plugin. -->","yoast_head_json":{"title":"Expomanagement extrae las recetas del 11-S para cocinar la crisis | HRTRENDS","robots":{"index":"index","follow":"follow","max-snippet":"max-snippet:-1","max-image-preview":"max-image-preview:large","max-video-preview":"max-video-preview:-1"},"canonical":"https:\/\/empresas.infoempleo.com\/hrtrends\/expomanagement-extrae-las-recetas-del-11-s-para-cocinar-la-crisis\/","og_locale":"es_ES","og_type":"article","og_title":"Expomanagement extrae las recetas del 11-S para cocinar la crisis | HRTRENDS","og_description":"ExpoManagement 2009 reuni\u00f3 a los mejores expertos del mundo de la empresa que, en esta ocasi\u00f3n, aportaron su experiencia en forma de consejos para superar la crisis. Entre ellos, el ex alcalde de Nueva York que se enfrent\u00f3 con ejemplar enfectividad durante el 11-S, Rudolph Giuliani.","og_url":"https:\/\/empresas.infoempleo.com\/hrtrends\/expomanagement-extrae-las-recetas-del-11-s-para-cocinar-la-crisis\/","og_site_name":"HRTRENDS","article_publisher":"https:\/\/www.facebook.com\/Infoempleo","article_published_time":"2009-05-26T08:01:45+00:00","article_modified_time":"2022-10-13T15:24:35+00:00","og_image":[{"width":1280,"height":853,"url":"https:\/\/empresas.infoempleo.com\/hrtrends\/media\/2009\/05\/Rudolph-Giuliani-interviene-en-Expomanagement-2009.webp","type":"image\/webp"}],"author":"Laura de Cubas","twitter_card":"summary_large_image","twitter_creator":"@infoempleo","twitter_site":"@infoempleo","twitter_misc":{"Escrito por":"Laura de Cubas","Tiempo de lectura":"3 minutos"},"schema":{"@context":"https:\/\/schema.org","@graph":[{"@type":"NewsArticle","@id":"https:\/\/empresas.infoempleo.com\/hrtrends\/expomanagement-extrae-las-recetas-del-11-s-para-cocinar-la-crisis\/#article","isPartOf":{"@id":"https:\/\/empresas.infoempleo.com\/hrtrends\/expomanagement-extrae-las-recetas-del-11-s-para-cocinar-la-crisis\/"},"author":{"name":"Laura de Cubas","@id":"https:\/\/empresas.infoempleo.com\/hrtrends\/#\/schema\/person\/eee830fc2082cd3b52302e59ea0d2c05"},"headline":"Expomanagement extrae las recetas del 11-S para cocinar la crisis","datePublished":"2009-05-26T08:01:45+00:00","dateModified":"2022-10-13T15:24:35+00:00","mainEntityOfPage":{"@id":"https:\/\/empresas.infoempleo.com\/hrtrends\/expomanagement-extrae-las-recetas-del-11-s-para-cocinar-la-crisis\/"},"wordCount":536,"publisher":{"@id":"https:\/\/empresas.infoempleo.com\/hrtrends\/#organization"},"image":{"@id":"https:\/\/empresas.infoempleo.com\/hrtrends\/expomanagement-extrae-las-recetas-del-11-s-para-cocinar-la-crisis\/#primaryimage"},"thumbnailUrl":"https:\/\/empresas.infoempleo.com\/hrtrends\/media\/2009\/05\/Rudolph-Giuliani-interviene-en-Expomanagement-2009.webp","keywords":["Expomanagement","Felipe Gonz\u00e1lez","HSM Global","Jos\u00e9 Mar\u00eda Aznar","Madrid","Nueva York","Palacio Municipal de Congresos","Rudolph Giuliani"],"articleSection":["Actualidad"],"inLanguage":"es","copyrightYear":"2009","copyrightHolder":{"@id":"https:\/\/empresas.infoempleo.com\/hrtrends\/#organization"}},{"@type":"WebPage","@id":"https:\/\/empresas.infoempleo.com\/hrtrends\/expomanagement-extrae-las-recetas-del-11-s-para-cocinar-la-crisis\/","url":"https:\/\/empresas.infoempleo.com\/hrtrends\/expomanagement-extrae-las-recetas-del-11-s-para-cocinar-la-crisis\/","name":"Expomanagement extrae las recetas del 11-S para cocinar la crisis | HRTRENDS","isPartOf":{"@id":"https:\/\/empresas.infoempleo.com\/hrtrends\/#website"},"primaryImageOfPage":{"@id":"https:\/\/empresas.infoempleo.com\/hrtrends\/expomanagement-extrae-las-recetas-del-11-s-para-cocinar-la-crisis\/#primaryimage"},"image":{"@id":"https:\/\/empresas.infoempleo.com\/hrtrends\/expomanagement-extrae-las-recetas-del-11-s-para-cocinar-la-crisis\/#primaryimage"},"thumbnailUrl":"https:\/\/empresas.infoempleo.com\/hrtrends\/media\/2009\/05\/Rudolph-Giuliani-interviene-en-Expomanagement-2009.webp","datePublished":"2009-05-26T08:01:45+00:00","dateModified":"2022-10-13T15:24:35+00:00","breadcrumb":{"@id":"https:\/\/empresas.infoempleo.com\/hrtrends\/expomanagement-extrae-las-recetas-del-11-s-para-cocinar-la-crisis\/#breadcrumb"},"inLanguage":"es","potentialAction":[{"@type":"ReadAction","target":["https:\/\/empresas.infoempleo.com\/hrtrends\/expomanagement-extrae-las-recetas-del-11-s-para-cocinar-la-crisis\/"]}]},{"@type":"ImageObject","inLanguage":"es","@id":"https:\/\/empresas.infoempleo.com\/hrtrends\/expomanagement-extrae-las-recetas-del-11-s-para-cocinar-la-crisis\/#primaryimage","url":"https:\/\/empresas.infoempleo.com\/hrtrends\/media\/2009\/05\/Rudolph-Giuliani-interviene-en-Expomanagement-2009-150x150.webp","contentUrl":"https:\/\/empresas.infoempleo.com\/hrtrends\/media\/2009\/05\/Rudolph-Giuliani-interviene-en-Expomanagement-2009-150x150.webp","width":150,"height":150,"caption":"Rudolph Giuliani interviene en Expomanagement 2009"},{"@type":"BreadcrumbList","@id":"https:\/\/empresas.infoempleo.com\/hrtrends\/expomanagement-extrae-las-recetas-del-11-s-para-cocinar-la-crisis\/#breadcrumb","itemListElement":[{"@type":"ListItem","position":1,"name":"Portada","item":"https:\/\/empresas.infoempleo.com\/hrtrends\/"},{"@type":"ListItem","position":2,"name":"Expomanagement extrae las recetas del 11-S para cocinar la crisis"}]},{"@type":"WebSite","@id":"https:\/\/empresas.infoempleo.com\/hrtrends\/#website","url":"https:\/\/empresas.infoempleo.com\/hrtrends","name":"HRTrends by Infoempleo","description":"","publisher":{"@id":"https:\/\/empresas.infoempleo.com\/hrtrends\/#organization"},"potentialAction":{"@type":"SearchAction","target":"https:\/\/empresas.infoempleo.com\/hrtrends\/?s={search_term_string}","query-input":"required name=search_term_string"},"inLanguage":"es"},{"@type":"Organization","@id":"https:\/\/empresas.infoempleo.com\/hrtrends\/#organization","name":"Infoempleo","url":"https:\/\/www.infoempleo.com\/","logo":{"@type":"ImageObject","@id":"https:\/\/empresas.infoempleo.com\/hrtrends\/#logo","inLanguage":"es","url":"https:\/\/cdnazure.infoempleo.com\/infoempleo\/assets\/style\/gfx\/logo.svg","contentUrl":"https:\/\/cdnazure.infoempleo.com\/infoempleo\/assets\/style\/gfx\/logo.svg","width":150,"height":40,"caption":"Infoempleo"},"image":{"@id":"https:\/\/empresas.infoempleo.com\/hrtrends\/#logo"},"sameAs":["https:\/\/www.facebook.com\/Infoempleo","https:\/\/x.com\/infoempleo","http:\/\/instagram.com\/infoempleo\/","http:\/\/www.linkedin.com\/groups\/Empleo-Espa\u00f1a-Infoempleocom-111276","http:\/\/pinterest.com\/infoempleo\/"],"address":{"@type":"PostalAddress","addressLocality":"Madrid","postalCode":"28050","streetAddress":"Avenida de Burgos 114"},"brand":["Infoempleo"]},{"@type":"Person","@id":"https:\/\/empresas.infoempleo.com\/hrtrends\/#\/schema\/person\/eee830fc2082cd3b52302e59ea0d2c05","name":"Laura de Cubas","image":{"@type":"ImageObject","inLanguage":"es","@id":"https:\/\/empresas.infoempleo.com\/hrtrends\/#\/schema\/person\/image\/","url":"https:\/\/secure.gravatar.com\/avatar\/c13d88dcd67943e13f74372e711c3ba2accf296b195ba5dd59566bd5f5df94c8?s=96&d=mm&r=g","contentUrl":"https:\/\/secure.gravatar.com\/avatar\/c13d88dcd67943e13f74372e711c3ba2accf296b195ba5dd59566bd5f5df94c8?s=96&d=mm&r=g","caption":"Laura de Cubas"},"url":"https:\/\/empresas.infoempleo.com\/hrtrends\/author\/laura-de-cubas\/"}]}},"amp_enabled":true,"_links":{"self":[{"href":"https:\/\/empresas.infoempleo.com\/hrtrends\/wp-json\/wp\/v2\/posts\/857","targetHints":{"allow":["GET"]}}],"collection":[{"href":"https:\/\/empresas.infoempleo.com\/hrtrends\/wp-json\/wp\/v2\/posts"}],"about":[{"href":"https:\/\/empresas.infoempleo.com\/hrtrends\/wp-json\/wp\/v2\/types\/post"}],"author":[{"embeddable":true,"href":"https:\/\/empresas.infoempleo.com\/hrtrends\/wp-json\/wp\/v2\/users\/35"}],"replies":[{"embeddable":true,"href":"https:\/\/empresas.infoempleo.com\/hrtrends\/wp-json\/wp\/v2\/comments?post=857"}],"version-history":[{"count":3,"href":"https:\/\/empresas.infoempleo.com\/hrtrends\/wp-json\/wp\/v2\/posts\/857\/revisions"}],"predecessor-version":[{"id":41223,"href":"https:\/\/empresas.infoempleo.com\/hrtrends\/wp-json\/wp\/v2\/posts\/857\/revisions\/41223"}],"wp:featuredmedia":[{"embeddable":true,"href":"https:\/\/empresas.infoempleo.com\/hrtrends\/wp-json\/wp\/v2\/media\/41221"}],"wp:attachment":[{"href":"https:\/\/empresas.infoempleo.com\/hrtrends\/wp-json\/wp\/v2\/media?parent=857"}],"wp:term":[{"taxonomy":"category","embeddable":true,"href":"https:\/\/empresas.infoempleo.com\/hrtrends\/wp-json\/wp\/v2\/categories?post=857"},{"taxonomy":"post_tag","embeddable":true,"href":"https:\/\/empresas.infoempleo.com\/hrtrends\/wp-json\/wp\/v2\/tags?post=857"}],"curies":[{"name":"wp","href":"https:\/\/api.w.org\/{rel}","templated":true}]}}