{"id":8561,"date":"2010-04-19T09:11:47","date_gmt":"2010-04-19T08:11:47","guid":{"rendered":"http:\/\/blog.infoempleo.com\/?p=8561"},"modified":"2024-08-01T16:12:08","modified_gmt":"2024-08-01T14:12:08","slug":"no-te-lo-pierdas","status":"publish","type":"post","link":"https:\/\/empresas.infoempleo.com\/hrtrends\/no-te-lo-pierdas\/","title":{"rendered":"No te lo pierdas"},"content":{"rendered":"<p>Te presentamos algunas de las convocatorias m\u00e1s interesantes que se celebrar\u00e1n pr\u00f3ximamente:<\/p>\n<h3>Curso de Community Manager para escuelas de negocio<\/h3>\n<p>Las redes sociales se est\u00e1n convirtiendo en uno de los principales canales de comunicaci\u00f3n y promoci\u00f3n. Por lo tanto, las escuelas de negocio deben estar preparadas para aprovechar todas las posibilidades que ofrece este nuevo canal. Uno de los elementos claves para el \u00e9xito de la estrategia de las escuelas en las redes sociales es la selecci\u00f3n y formaci\u00f3n de la persona que va a actuar en las redes en nombre propio pero en representaci\u00f3n de la escuela. Esta figura se conoce como el \u00abCommunity Manager\u00bb. El objetivo de este curso es formar al Community Manager de cada organizaci\u00f3n para que sea la voz de la escuela en las comunidades y la voz de las comunidades dentro de la escuela.<\/p>\n<p><strong>Datos del curso<\/strong><\/p>\n<p><strong>Organiza: <\/strong>Asociaci\u00f3n Espa\u00f1ola de Escuelas de Negocio (AEEN)<strong>Metodolog\u00eda:<\/strong> Presencial<br \/>\n<strong>Duraci\u00f3n:<\/strong> 20 horas<br \/>\n<strong>Lugar de celeraci\u00f3n:<\/strong> Madrid (por determinar)<br \/>\n<strong>Fechas de realizaci\u00f3n:<br \/>\n<\/strong>7-8 de mayo (viernes de 16 a 21 y s\u00e1bado de 9 a 14)<br \/>\n21-22 de mayo (viernes de 16 a 21 y s\u00e1bado de 9 a 14)<br \/>\n<strong>Destinatarios:<\/strong> Personas que trabajan o colaboran con escuelas de negocio y que ocupan puestos de responsabilidad en la organizaci\u00f3n, tienen conocimientos b\u00e1sicos sobre nuevas tecnlog\u00edas y son profesionales con claras habilidades sociales y directivas<br \/>\n<strong>Precio del curso:<br \/>\n<\/strong>No asociados a AEEN: 630\u20ac<br \/>\nAsociados a AEEN: 315\u20ac<\/p>\n<p><strong>Para m\u00e1s informaci\u00f3n: <\/strong><a href=\"https:\/\/www.aeen.org\/\"><strong>www.aeen.org<\/strong><\/a><\/p>\n<h3>Hoy es Marketing 2010<\/h3>\n<p>Un a\u00f1o m\u00e1s, ESIC Business &amp; Marketing School presenta el VII encuentro Hoy es Marketing, el mayor encuentro para profesionales y directivos del mundo empresarial, el marketing y la comunicaci\u00f3n. Un evento exclusivo que se celebrar\u00e1 en siete ciudades espa\u00f1olas donde se dar\u00e1n cita m\u00e1s de 9.000 profesionales y directivos de las empresas m\u00e1s importantes de nuestro pa\u00eds, y en el que los mejores expertos descubrir\u00e1n las claves para afrontar el futuro con \u00e9xito.<\/p>\n<p>En esta VII edici\u00f3n, y con el lema \u00abNuevos tiempos. Nuevos retos. Nuevas oportunidades. Ideas claves para afrontar el futuro con \u00e9xito\u00bb, el encuentro contar\u00e1 con la presencia de destacados profesores de ESIC, as\u00ed como de los m\u00e1ximos responsables de ABM Rexel, Banco Santander, BuyVip, Campofr\u00edo Espa\u00f1a, CCC, Coca-Cola Iberia, Daemon Quest, FECEMD, ICEMD, Incipy, Kanvas Media, LG Electronics Spain, Muchoviaje.com, PricewaterhouseCoopers, Telef\u00f3nica Espa\u00f1a, Yahoo! Espa\u00f1a y Zinkia Entertainment, entre otros, que desvelar\u00e1n los secretos de sus marcas y analizar\u00e1n el presente y el futuro de sus compa\u00f1\u00edas y mostrar\u00e1n, a trav\u00e9s de sus experiencias, las claves m\u00e1s innovadoras para dirigir tu empresa hacia el \u00e9xito.<\/p>\n<p><strong>Cu\u00e1ndo y D\u00f3nde<\/strong><\/p>\n<p><strong>&#8211; Madrid:<\/strong> 22 de abril \/ Centro de Convenciones Norte de IFEMA<br \/>\n<strong>&#8211; Valencia:<\/strong> 29 de abril \/ Palacio de Congresos<br \/>\n<strong>&#8211; Zaragoza:<\/strong> 6 de mayo \/ Auditorio<br \/>\n<strong>&#8211; Pamplona:<\/strong> 11 de mayo \/ Palacio de Congresos y Auditorio<br \/>\n<strong>&#8211; Bilbao:<\/strong> 13 de mayo \/ Palacio Euskalduna Jauregia<br \/>\n<strong>&#8211; Sevilla:<\/strong> 18 de mayo \/ Hotel NH Central Convenciones<br \/>\n<strong>&#8211; Barcelona:<\/strong> 26 de mayo \/ Auditorio Centro de Convenciones Internacional<\/p>\n<p><strong>M\u00e1s informaci\u00f3n en <a href=\"https:\/\/www.hoyesmarketing.com\/\">www.hoyesmarketing.com<\/a><\/strong><\/p>\n<h3>IX Congreso Mujer, Familia y Trabajo. Miradas Cruzadas. Punto de Encuentro para la Igualdad y la Conciliaci\u00f3n<\/h3>\n<p>Con ocho ediciones celebradas, el Congreso anual organizado por la Fundaci\u00f3n Mujer Familia y Trabajo es el mayor evento de Espa\u00f1a que re\u00fane a pol\u00edticos, empresarios, directivos, profesionales, asociaciones y fundaciones afines, responsables de medios de comunicaci\u00f3n, escuelas de negocios, estudiantes y escritores, siendo una cita indispensable para todas las entidades y organizaciones que disponen o est\u00e1n interesadas en aplicar pol\u00edticas de recursos humanos que favorezcan a la conciliaci\u00f3n. La b\u00fasqueda del equilibrio entre vida personal y profesional es una necesidad y un derecho para mujeres y hombres; fomentar la conciliaci\u00f3n de empleados que tengan personas dependientes o mayores a su cargo o para aplicar pol\u00edticas de retenci\u00f3n del talento para trabajadores m\u00e1s maduros; conseguir igualdad de oportunidades a trabajadores discapacitados; as\u00ed como conseguir que las mujeres puedan alcanzar las mismas cotas de satisfacci\u00f3n personal, familiar y profesional que los hombres, sin que se vea resentida la familia.<\/p>\n<p><strong>Cu\u00e1ndo: 20 y 21 de abril<br \/>\nD\u00f3nde: Auditorio Fundaci\u00f3n Rafael del Pino<br \/>\nPara m\u00e1s informaci\u00f3n e inscripciones: Fundaci\u00f3n Mujer, Familia y Trabajo. C\/ San Bernardo, 115, 5\u00ba. 28015 Madrid. <a href=\"mailto:info@mujerfyt.org\">info@mujerfyt.org<\/a> \/ www.mujerfyt.org<\/strong><strong>\u00a0<\/strong><\/p>\n","protected":false},"excerpt":{"rendered":"<p>Te presentamos algunas de las convocatorias m\u00e1s interesantes que se celebrar\u00e1n pr\u00f3ximamente: Curso de Community Manager para escuelas<a class=\"moretag\" href=\"https:\/\/empresas.infoempleo.com\/hrtrends\/no-te-lo-pierdas\/\"> Leer m\u00e1s<\/a><\/p>\n","protected":false},"author":47,"featured_media":29665,"comment_status":"closed","ping_status":"open","sticky":false,"template":"","format":"standard","meta":{"footnotes":""},"categories":[3],"tags":[304,76,1553,53,1554,227],"class_list":["post-8561","post","type-post","status-publish","format-standard","has-post-thumbnail","hentry","category-actualidad","tag-community-manager","tag-conciliacion","tag-cursos","tag-escuelas-de-negocio","tag-igualdad","tag-marketing"],"yoast_head":"<!-- This site is optimized with the Yoast SEO plugin v26.1.1 - https:\/\/yoast.com\/wordpress\/plugins\/seo\/ -->\n<title>No te lo pierdas | HRTRENDS<\/title>\n<meta name=\"robots\" content=\"index, follow, max-snippet:-1, max-image-preview:large, max-video-preview:-1\" \/>\n<link rel=\"canonical\" href=\"https:\/\/empresas.infoempleo.com\/hrtrends\/no-te-lo-pierdas\/\" \/>\n<meta property=\"og:locale\" content=\"es_ES\" \/>\n<meta property=\"og:type\" content=\"article\" \/>\n<meta property=\"og:title\" content=\"No te lo pierdas | HRTRENDS\" \/>\n<meta property=\"og:description\" content=\"Te presentamos algunas de las convocatorias m\u00e1s interesantes que se celebrar\u00e1n pr\u00f3ximamente: Curso de Community Manager para escuelas Leer m\u00e1s\" \/>\n<meta property=\"og:url\" content=\"https:\/\/empresas.infoempleo.com\/hrtrends\/no-te-lo-pierdas\/\" \/>\n<meta property=\"og:site_name\" content=\"HRTRENDS\" \/>\n<meta property=\"article:publisher\" content=\"https:\/\/www.facebook.com\/Infoempleo\" \/>\n<meta property=\"article:published_time\" content=\"2010-04-19T08:11:47+00:00\" \/>\n<meta property=\"article:modified_time\" content=\"2024-08-01T14:12:08+00:00\" \/>\n<meta name=\"author\" content=\"Marta Toledano\" \/>\n<meta name=\"twitter:card\" content=\"summary_large_image\" \/>\n<meta name=\"twitter:creator\" content=\"@infoempleo\" \/>\n<meta name=\"twitter:site\" content=\"@infoempleo\" \/>\n<meta name=\"twitter:label1\" content=\"Escrito por\" \/>\n\t<meta name=\"twitter:data1\" content=\"Marta Toledano\" \/>\n\t<meta name=\"twitter:label2\" content=\"Tiempo de lectura\" \/>\n\t<meta name=\"twitter:data2\" content=\"4 minutos\" \/>\n<script type=\"application\/ld+json\" class=\"yoast-schema-graph\">{\"@context\":\"https:\/\/schema.org\",\"@graph\":[{\"@type\":\"NewsArticle\",\"@id\":\"https:\/\/empresas.infoempleo.com\/hrtrends\/no-te-lo-pierdas\/#article\",\"isPartOf\":{\"@id\":\"https:\/\/empresas.infoempleo.com\/hrtrends\/no-te-lo-pierdas\/\"},\"author\":{\"name\":\"Marta Toledano\",\"@id\":\"https:\/\/empresas.infoempleo.com\/hrtrends\/#\/schema\/person\/148d627e345a4676aeecce408bfd7761\"},\"headline\":\"No te lo pierdas\",\"datePublished\":\"2010-04-19T08:11:47+00:00\",\"dateModified\":\"2024-08-01T14:12:08+00:00\",\"mainEntityOfPage\":{\"@id\":\"https:\/\/empresas.infoempleo.com\/hrtrends\/no-te-lo-pierdas\/\"},\"wordCount\":750,\"publisher\":{\"@id\":\"https:\/\/empresas.infoempleo.com\/hrtrends\/#organization\"},\"image\":{\"@id\":\"https:\/\/empresas.infoempleo.com\/hrtrends\/no-te-lo-pierdas\/#primaryimage\"},\"thumbnailUrl\":\"https:\/\/empresas.infoempleo.com\/hrtrends\/media\/2017\/05\/pexels-photo-205508.jpg\",\"keywords\":[\"community manager\",\"conciliaci\u00f3n\",\"cursos\",\"escuelas de negocio\",\"Igualdad\",\"marketing\"],\"articleSection\":[\"Actualidad\"],\"inLanguage\":\"es\",\"copyrightYear\":\"2010\",\"copyrightHolder\":{\"@id\":\"https:\/\/empresas.infoempleo.com\/hrtrends\/#organization\"}},{\"@type\":\"WebPage\",\"@id\":\"https:\/\/empresas.infoempleo.com\/hrtrends\/no-te-lo-pierdas\/\",\"url\":\"https:\/\/empresas.infoempleo.com\/hrtrends\/no-te-lo-pierdas\/\",\"name\":\"No te lo pierdas | HRTRENDS\",\"isPartOf\":{\"@id\":\"https:\/\/empresas.infoempleo.com\/hrtrends\/#website\"},\"primaryImageOfPage\":{\"@id\":\"https:\/\/empresas.infoempleo.com\/hrtrends\/no-te-lo-pierdas\/#primaryimage\"},\"image\":{\"@id\":\"https:\/\/empresas.infoempleo.com\/hrtrends\/no-te-lo-pierdas\/#primaryimage\"},\"thumbnailUrl\":\"https:\/\/empresas.infoempleo.com\/hrtrends\/media\/2017\/05\/pexels-photo-205508.jpg\",\"datePublished\":\"2010-04-19T08:11:47+00:00\",\"dateModified\":\"2024-08-01T14:12:08+00:00\",\"breadcrumb\":{\"@id\":\"https:\/\/empresas.infoempleo.com\/hrtrends\/no-te-lo-pierdas\/#breadcrumb\"},\"inLanguage\":\"es\",\"potentialAction\":[{\"@type\":\"ReadAction\",\"target\":[\"https:\/\/empresas.infoempleo.com\/hrtrends\/no-te-lo-pierdas\/\"]}]},{\"@type\":\"ImageObject\",\"inLanguage\":\"es\",\"@id\":\"https:\/\/empresas.infoempleo.com\/hrtrends\/no-te-lo-pierdas\/#primaryimage\",\"url\":\"https:\/\/empresas.infoempleo.com\/hrtrends\/media\/2017\/05\/pexels-photo-205508-150x150.jpg\",\"contentUrl\":\"https:\/\/empresas.infoempleo.com\/hrtrends\/media\/2017\/05\/pexels-photo-205508-150x150.jpg\",\"width\":150,\"height\":150},{\"@type\":\"BreadcrumbList\",\"@id\":\"https:\/\/empresas.infoempleo.com\/hrtrends\/no-te-lo-pierdas\/#breadcrumb\",\"itemListElement\":[{\"@type\":\"ListItem\",\"position\":1,\"name\":\"Portada\",\"item\":\"https:\/\/empresas.infoempleo.com\/hrtrends\/\"},{\"@type\":\"ListItem\",\"position\":2,\"name\":\"No te lo pierdas\"}]},{\"@type\":\"WebSite\",\"@id\":\"https:\/\/empresas.infoempleo.com\/hrtrends\/#website\",\"url\":\"https:\/\/empresas.infoempleo.com\/hrtrends\",\"name\":\"HRTrends by Infoempleo\",\"description\":\"\",\"publisher\":{\"@id\":\"https:\/\/empresas.infoempleo.com\/hrtrends\/#organization\"},\"potentialAction\":{\"@type\":\"SearchAction\",\"target\":\"https:\/\/empresas.infoempleo.com\/hrtrends\/?s={search_term_string}\",\"query-input\":\"required name=search_term_string\"},\"inLanguage\":\"es\"},{\"@type\":\"Organization\",\"@id\":\"https:\/\/empresas.infoempleo.com\/hrtrends\/#organization\",\"name\":\"Infoempleo\",\"url\":\"https:\/\/www.infoempleo.com\/\",\"logo\":{\"@type\":\"ImageObject\",\"@id\":\"https:\/\/empresas.infoempleo.com\/hrtrends\/#logo\",\"inLanguage\":\"es\",\"url\":\"https:\/\/cdnazure.infoempleo.com\/infoempleo\/assets\/style\/gfx\/logo.svg\",\"contentUrl\":\"https:\/\/cdnazure.infoempleo.com\/infoempleo\/assets\/style\/gfx\/logo.svg\",\"width\":150,\"height\":40,\"caption\":\"Infoempleo\"},\"image\":{\"@id\":\"https:\/\/empresas.infoempleo.com\/hrtrends\/#logo\"},\"sameAs\":[\"https:\/\/www.facebook.com\/Infoempleo\",\"https:\/\/x.com\/infoempleo\",\"http:\/\/instagram.com\/infoempleo\/\",\"http:\/\/www.linkedin.com\/groups\/Empleo-Espa\u00f1a-Infoempleocom-111276\",\"http:\/\/pinterest.com\/infoempleo\/\"],\"address\":{\"@type\":\"PostalAddress\",\"addressLocality\":\"Madrid\",\"postalCode\":\"28050\",\"streetAddress\":\"Avenida de Burgos 114\"},\"brand\":[\"Infoempleo\"]},{\"@type\":\"Person\",\"@id\":\"https:\/\/empresas.infoempleo.com\/hrtrends\/#\/schema\/person\/148d627e345a4676aeecce408bfd7761\",\"name\":\"Marta Toledano\",\"image\":{\"@type\":\"ImageObject\",\"inLanguage\":\"es\",\"@id\":\"https:\/\/empresas.infoempleo.com\/hrtrends\/#\/schema\/person\/image\/\",\"url\":\"https:\/\/secure.gravatar.com\/avatar\/93363d5d792ee4fc55b75a71007430155fadc7be42b4e09eee0b8f4c536dc729?s=96&d=mm&r=g\",\"contentUrl\":\"https:\/\/secure.gravatar.com\/avatar\/93363d5d792ee4fc55b75a71007430155fadc7be42b4e09eee0b8f4c536dc729?s=96&d=mm&r=g\",\"caption\":\"Marta Toledano\"},\"url\":\"https:\/\/empresas.infoempleo.com\/hrtrends\/author\/marta-toledano\/\"}]}<\/script>\n<!-- \/ Yoast SEO plugin. -->","yoast_head_json":{"title":"No te lo pierdas | HRTRENDS","robots":{"index":"index","follow":"follow","max-snippet":"max-snippet:-1","max-image-preview":"max-image-preview:large","max-video-preview":"max-video-preview:-1"},"canonical":"https:\/\/empresas.infoempleo.com\/hrtrends\/no-te-lo-pierdas\/","og_locale":"es_ES","og_type":"article","og_title":"No te lo pierdas | HRTRENDS","og_description":"Te presentamos algunas de las convocatorias m\u00e1s interesantes que se celebrar\u00e1n pr\u00f3ximamente: Curso de Community Manager para escuelas Leer m\u00e1s","og_url":"https:\/\/empresas.infoempleo.com\/hrtrends\/no-te-lo-pierdas\/","og_site_name":"HRTRENDS","article_publisher":"https:\/\/www.facebook.com\/Infoempleo","article_published_time":"2010-04-19T08:11:47+00:00","article_modified_time":"2024-08-01T14:12:08+00:00","author":"Marta Toledano","twitter_card":"summary_large_image","twitter_creator":"@infoempleo","twitter_site":"@infoempleo","twitter_misc":{"Escrito por":"Marta Toledano","Tiempo de lectura":"4 minutos"},"schema":{"@context":"https:\/\/schema.org","@graph":[{"@type":"NewsArticle","@id":"https:\/\/empresas.infoempleo.com\/hrtrends\/no-te-lo-pierdas\/#article","isPartOf":{"@id":"https:\/\/empresas.infoempleo.com\/hrtrends\/no-te-lo-pierdas\/"},"author":{"name":"Marta Toledano","@id":"https:\/\/empresas.infoempleo.com\/hrtrends\/#\/schema\/person\/148d627e345a4676aeecce408bfd7761"},"headline":"No te lo pierdas","datePublished":"2010-04-19T08:11:47+00:00","dateModified":"2024-08-01T14:12:08+00:00","mainEntityOfPage":{"@id":"https:\/\/empresas.infoempleo.com\/hrtrends\/no-te-lo-pierdas\/"},"wordCount":750,"publisher":{"@id":"https:\/\/empresas.infoempleo.com\/hrtrends\/#organization"},"image":{"@id":"https:\/\/empresas.infoempleo.com\/hrtrends\/no-te-lo-pierdas\/#primaryimage"},"thumbnailUrl":"https:\/\/empresas.infoempleo.com\/hrtrends\/media\/2017\/05\/pexels-photo-205508.jpg","keywords":["community manager","conciliaci\u00f3n","cursos","escuelas de negocio","Igualdad","marketing"],"articleSection":["Actualidad"],"inLanguage":"es","copyrightYear":"2010","copyrightHolder":{"@id":"https:\/\/empresas.infoempleo.com\/hrtrends\/#organization"}},{"@type":"WebPage","@id":"https:\/\/empresas.infoempleo.com\/hrtrends\/no-te-lo-pierdas\/","url":"https:\/\/empresas.infoempleo.com\/hrtrends\/no-te-lo-pierdas\/","name":"No te lo pierdas | HRTRENDS","isPartOf":{"@id":"https:\/\/empresas.infoempleo.com\/hrtrends\/#website"},"primaryImageOfPage":{"@id":"https:\/\/empresas.infoempleo.com\/hrtrends\/no-te-lo-pierdas\/#primaryimage"},"image":{"@id":"https:\/\/empresas.infoempleo.com\/hrtrends\/no-te-lo-pierdas\/#primaryimage"},"thumbnailUrl":"https:\/\/empresas.infoempleo.com\/hrtrends\/media\/2017\/05\/pexels-photo-205508.jpg","datePublished":"2010-04-19T08:11:47+00:00","dateModified":"2024-08-01T14:12:08+00:00","breadcrumb":{"@id":"https:\/\/empresas.infoempleo.com\/hrtrends\/no-te-lo-pierdas\/#breadcrumb"},"inLanguage":"es","potentialAction":[{"@type":"ReadAction","target":["https:\/\/empresas.infoempleo.com\/hrtrends\/no-te-lo-pierdas\/"]}]},{"@type":"ImageObject","inLanguage":"es","@id":"https:\/\/empresas.infoempleo.com\/hrtrends\/no-te-lo-pierdas\/#primaryimage","url":"https:\/\/empresas.infoempleo.com\/hrtrends\/media\/2017\/05\/pexels-photo-205508-150x150.jpg","contentUrl":"https:\/\/empresas.infoempleo.com\/hrtrends\/media\/2017\/05\/pexels-photo-205508-150x150.jpg","width":150,"height":150},{"@type":"BreadcrumbList","@id":"https:\/\/empresas.infoempleo.com\/hrtrends\/no-te-lo-pierdas\/#breadcrumb","itemListElement":[{"@type":"ListItem","position":1,"name":"Portada","item":"https:\/\/empresas.infoempleo.com\/hrtrends\/"},{"@type":"ListItem","position":2,"name":"No te lo pierdas"}]},{"@type":"WebSite","@id":"https:\/\/empresas.infoempleo.com\/hrtrends\/#website","url":"https:\/\/empresas.infoempleo.com\/hrtrends","name":"HRTrends by Infoempleo","description":"","publisher":{"@id":"https:\/\/empresas.infoempleo.com\/hrtrends\/#organization"},"potentialAction":{"@type":"SearchAction","target":"https:\/\/empresas.infoempleo.com\/hrtrends\/?s={search_term_string}","query-input":"required name=search_term_string"},"inLanguage":"es"},{"@type":"Organization","@id":"https:\/\/empresas.infoempleo.com\/hrtrends\/#organization","name":"Infoempleo","url":"https:\/\/www.infoempleo.com\/","logo":{"@type":"ImageObject","@id":"https:\/\/empresas.infoempleo.com\/hrtrends\/#logo","inLanguage":"es","url":"https:\/\/cdnazure.infoempleo.com\/infoempleo\/assets\/style\/gfx\/logo.svg","contentUrl":"https:\/\/cdnazure.infoempleo.com\/infoempleo\/assets\/style\/gfx\/logo.svg","width":150,"height":40,"caption":"Infoempleo"},"image":{"@id":"https:\/\/empresas.infoempleo.com\/hrtrends\/#logo"},"sameAs":["https:\/\/www.facebook.com\/Infoempleo","https:\/\/x.com\/infoempleo","http:\/\/instagram.com\/infoempleo\/","http:\/\/www.linkedin.com\/groups\/Empleo-Espa\u00f1a-Infoempleocom-111276","http:\/\/pinterest.com\/infoempleo\/"],"address":{"@type":"PostalAddress","addressLocality":"Madrid","postalCode":"28050","streetAddress":"Avenida de Burgos 114"},"brand":["Infoempleo"]},{"@type":"Person","@id":"https:\/\/empresas.infoempleo.com\/hrtrends\/#\/schema\/person\/148d627e345a4676aeecce408bfd7761","name":"Marta Toledano","image":{"@type":"ImageObject","inLanguage":"es","@id":"https:\/\/empresas.infoempleo.com\/hrtrends\/#\/schema\/person\/image\/","url":"https:\/\/secure.gravatar.com\/avatar\/93363d5d792ee4fc55b75a71007430155fadc7be42b4e09eee0b8f4c536dc729?s=96&d=mm&r=g","contentUrl":"https:\/\/secure.gravatar.com\/avatar\/93363d5d792ee4fc55b75a71007430155fadc7be42b4e09eee0b8f4c536dc729?s=96&d=mm&r=g","caption":"Marta Toledano"},"url":"https:\/\/empresas.infoempleo.com\/hrtrends\/author\/marta-toledano\/"}]}},"amp_enabled":true,"_links":{"self":[{"href":"https:\/\/empresas.infoempleo.com\/hrtrends\/wp-json\/wp\/v2\/posts\/8561","targetHints":{"allow":["GET"]}}],"collection":[{"href":"https:\/\/empresas.infoempleo.com\/hrtrends\/wp-json\/wp\/v2\/posts"}],"about":[{"href":"https:\/\/empresas.infoempleo.com\/hrtrends\/wp-json\/wp\/v2\/types\/post"}],"author":[{"embeddable":true,"href":"https:\/\/empresas.infoempleo.com\/hrtrends\/wp-json\/wp\/v2\/users\/47"}],"replies":[{"embeddable":true,"href":"https:\/\/empresas.infoempleo.com\/hrtrends\/wp-json\/wp\/v2\/comments?post=8561"}],"version-history":[{"count":1,"href":"https:\/\/empresas.infoempleo.com\/hrtrends\/wp-json\/wp\/v2\/posts\/8561\/revisions"}],"predecessor-version":[{"id":44534,"href":"https:\/\/empresas.infoempleo.com\/hrtrends\/wp-json\/wp\/v2\/posts\/8561\/revisions\/44534"}],"wp:featuredmedia":[{"embeddable":true,"href":"https:\/\/empresas.infoempleo.com\/hrtrends\/wp-json\/wp\/v2\/media\/29665"}],"wp:attachment":[{"href":"https:\/\/empresas.infoempleo.com\/hrtrends\/wp-json\/wp\/v2\/media?parent=8561"}],"wp:term":[{"taxonomy":"category","embeddable":true,"href":"https:\/\/empresas.infoempleo.com\/hrtrends\/wp-json\/wp\/v2\/categories?post=8561"},{"taxonomy":"post_tag","embeddable":true,"href":"https:\/\/empresas.infoempleo.com\/hrtrends\/wp-json\/wp\/v2\/tags?post=8561"}],"curies":[{"name":"wp","href":"https:\/\/api.w.org\/{rel}","templated":true}]}}