{"id":8524,"date":"2010-04-19T08:51:44","date_gmt":"2010-04-19T07:51:44","guid":{"rendered":"http:\/\/blog.infoempleo.com\/?p=8524"},"modified":"2025-11-11T12:49:49","modified_gmt":"2025-11-11T10:49:49","slug":"latinoamerica-demanda-empleados-espanoles","status":"publish","type":"post","link":"https:\/\/empresas.infoempleo.com\/hrtrends\/latinoamerica-demanda-empleados-espanoles\/","title":{"rendered":"Latinoam\u00e9rica demanda empleados espa\u00f1oles"},"content":{"rendered":"<p>Ni la coyuntura econ\u00f3mica ni la circunstancia pol\u00edtica es la misma, pero <strong>son muchos los espa\u00f1oles que repiten la experiencia de sus abuelos y \u2018hacen las Am\u00e9ricas\u2019<\/strong>. Y no sin expectativas. Pese a que la crisis financiera se ha cebado con nuestros hermanos latinos, cada vez son m\u00e1s las oportunidades que los pa\u00edses de LATAM \u2014como se conoce a este mercado\u2014 brindan a nuestros profesionales. No en vano, en 2015, albergar\u00e1 10 de las 60 ciudades m\u00e1s grandes del mundo\u00a0 y, lo m\u00e1s importante, \u00e9stas hablar\u00e1n el idioma de Cervantes.<\/p>\n<p>Con una poblaci\u00f3n de casi 600 millones de habitantes, Latinoam\u00e9rica re\u00fane muchos mercados laborales; unos pr\u00f3speros, otros no tanto, con perspectivas diferentes seg\u00fan el perfil del candidato. El \u00fanico punto en com\u00fan: donde haya una multinacional espa\u00f1ola, habr\u00e1 sitio para un espa\u00f1ol. Prueba de ello son los datos del<a title=\"Link FT500\" href=\"https:\/\/www.ft.com\/ft500\" target=\"_blank\" rel=\"noopener\" class=\"broken_link\"> \u2018FT 500\u2019<\/a>, \u2018Fortune Global 500\u2019 o <a href=\"https:\/\/www.forbes.com\/consent\/?toURL=https:\/\/www.forbes.com\/lists\/list-directory\/\" target=\"_blank\" rel=\"noopener\">\u2018Forbes Global 2000\u2019<\/a>, que se\u00f1alan en sus primeros puestos\u00a0 de las m\u00e1s poderosas de LATAM, a <a href=\"https:\/\/www.santander.com\/es\/home\" target=\"_blank\" rel=\"noopener\">Santander<\/a>, Telef\u00f3nica, Repsol YPF y BBVA, entre otras gigantes como Petr\u00f3leos de Venezuela (Venezuela), Pemex (M\u00e9xico) o Petrobras (Brasil), y la creciente necesidad de empleados espa\u00f1oles en \u00e9stas, y otras muchas, registrada por las consultoras a ambos lados del Atl\u00e1ntico.<\/p>\n<p>Ricardo Corominas, director ejecutivo de <a href=\"https:\/\/www.michaelpage.es\/\" target=\"_blank\" rel=\"noopener\">Michael Page<\/a>, habla por Brasil, M\u00e9xico y Chile, donde la mayor demanda la recoge de estas gigantes espa\u00f1olas, en particular, y del sector manufacturero (industria en general, automoci\u00f3n, maquinaria, alimentaci\u00f3n), financiero y comercial, en general. \u00abSe pide desde perfiles t\u00e9cnicos a directivos \u2014concreta\u2014, personas con experiencia en direcci\u00f3n de f\u00e1bricas y capaces de abrir nuevas l\u00edneas de producci\u00f3n y delegaciones\u00bb. Una tarea para la que, insiste Corominas, es obligatorio dominar las particularidades comerciales entre pa\u00edses, \u00abya que todo lo que tiene que ver con aduanas, transporte, garant\u00edas de cobros&#8230; es muy complejo\u00bb.<\/p>\n<p>Conocimientos y habilidades, porque si algo debe destacar en el candidato, junto a formaci\u00f3n y experiencia, es su perfil blando, es decir, sus competencias. La flexibilidad es la mejor carta de presentaci\u00f3n para cruzar el oc\u00e9ano: \u00abCompartimos el idioma, pero las culturas son muy diferentes. Tambi\u00e9n hay que tener en cuenta que el que vive en determinados pa\u00edses tiene que asumir ciertos riesgos y demostrar que sabe que no es lo mismo trabajar en Madrid que en M\u00e9xico DF\u00bb, concluye Corominas, quien advierte que, pese a que el 65% de estos profesionales quiere volver a Espa\u00f1a a los tres o cinco a\u00f1os, pocos pueden hacerlo por los cambios constantes que afectan a las empresas de LATAM.<\/p>\n<p>Seg\u00fan la Organizaci\u00f3n Internacional del Trabajo (OIT), aumentar\u00e1 el trasvase de trabajadores campo-industria \u2014la poblaci\u00f3n rural apenas representar\u00e1 el 20% en cinco a\u00f1os\u2014 junto a la fuerza laboral que demandar\u00e1 el sector terciario. El turismo, sobre todo el gestionado por empresas europeas, pedir\u00e1 especialistas de todas partes del mundo, reconoce Mariana Rodr\u00edguez, gerente de Humanet, consultora que acaba de desembarcar en Espa\u00f1a desde Venezuela y Panam\u00e1. \u00ab\u2018Call centers\u2019 y t\u00e9cnicos en turismo acompa\u00f1an a otros sectores como telecomunicaciones, tecnolog\u00eda y construcci\u00f3n \u2014puntualiza Rodr\u00edguez\u2014. Los puestos de trabajo con especial demanda son, sobre todo, para ingenieros y t\u00e9cnicos en telecomunicaciones, obra civil, construcci\u00f3n e industria\u00bb. Colectivos a los que tambi\u00e9n se suman, en base a su experiencia previa, \u00abdesde jefes de obra, mec\u00e1nicos, operadores de maquinaria para construcci\u00f3n y constructores navales, hasta cocineros y jefes de sala\u00bb, confirman en Humanet, en clara referencia, una vez m\u00e1s, al sector servicios.<\/p>\n<p>El informe\u00a0<a href=\"https:\/\/aico.org\/\"> \u2018El futuro del trabajo en Am\u00e9rica Latina\u2019,<\/a> de Manpower, prev\u00e9 que ocho de cada diez empleos que se creen en los pr\u00f3ximos a\u00f1os ser\u00e1n para trabajadores del conocimiento. Los especialistas en construcci\u00f3n, petr\u00f3leo y finanzas dejar\u00e1n paso a perfiles TIC en los pa\u00edses de LATAM. Desde Humanet, su gerente, Mariana Rodr\u00edguez, habla de especialistas en telecomunicaciones, inform\u00e1tica y soporte t\u00e9cnico, y Ricardo Coromina, de Michael Page, ampl\u00eda esta demanda al sector de la dom\u00f3tica, aunque, en su opini\u00f3n, este \u2018boom\u2019 \u00aba\u00fan no es claro en el tiempo\u00bb.<\/p>\n<div style=\"width: 1px;height: 1px;overflow: hidden\">&lt;!&#8211;[if gte mso 9]&gt; Normal 0 21 false false false MicrosoftInternetExplorer4 &lt;![endif]&#8211;&gt;&lt;!&#8211;[if gte mso 9]&gt; &lt;![endif]&#8211;&gt;&lt;!&#8211;[if !mso]&gt; &lt;! st1:*{behavior:url(#ieooui) } &#8211;&gt; &lt;!&#8211;[endif]&#8211;&gt;<!--  \/* Font Definitions *\/  @font-face \t{font-family:\"Palatino Linotype\"; \tpanose-1:2 4 5 2 5 5 5 3 3 4; \tmso-font-charset:0; \tmso-generic-font-family:roman; \tmso-font-pitch:variable; \tmso-font-signature:-536870009 1073741843 0 0 415 0;} @font-face \t{font-family:\"Le Monde Sans Std Demi\"; \tpanose-1:0 0 0 0 0 0 0 0 0 0; \tmso-font-charset:0; \tmso-generic-font-family:modern; \tmso-font-format:other; \tmso-font-pitch:variable; \tmso-font-signature:3 0 0 0 1 0;} @font-face \t{font-family:\"Charter ITC Pro\"; \tpanose-1:0 0 0 0 0 0 0 0 0 0; \tmso-font-charset:0; \tmso-generic-font-family:roman; \tmso-font-format:other; \tmso-font-pitch:variable; \tmso-font-signature:135 0 0 0 155 0;}  \/* Style Definitions *\/  p.MsoNormal, li.MsoNormal, div.MsoNormal \t{mso-style-parent:\"\"; \tmargin:0cm; \tmargin-bottom:.0001pt; \tmso-pagination:widow-orphan; \tfont-size:10.0pt; \tmso-bidi-font-size:12.0pt; \tfont-family:\"Palatino Linotype\"; \tmso-fareast-font-family:\"Times New Roman\"; \tmso-bidi-font-family:\"Times New Roman\";} p.E020FIRMATexto, li.E020FIRMATexto, div.E020FIRMATexto \t{mso-style-name:\"E 020 FIRMA Texto\"; \tmargin-top:0cm; \tmargin-right:0cm; \tmargin-bottom:.85pt; \tmargin-left:0cm; \tline-height:10.0pt; \tmso-pagination:widow-orphan; \tmso-hyphenate:none; \tmso-layout-grid-align:none; \ttext-autospace:none; \tfont-size:8.0pt; \tfont-family:\"Le Monde Sans Std Demi\"; \tmso-fareast-font-family:\"Times New Roman\"; \tmso-bidi-font-family:\"Le Monde Sans Std Demi\"; \tcolor:black; \tmso-ansi-language:ES-TRAD;} p.E000TEX1Parrafo, li.E000TEX1Parrafo, div.E000TEX1Parrafo \t{mso-style-name:\"E 000 TEX 1\u00ba Parrafo\"; \tmso-style-next:Normal; \tmargin:0cm; \tmargin-bottom:.0001pt; \ttext-align:justify; \tline-height:10.8pt; \tmso-pagination:widow-orphan; \tmso-layout-grid-align:none; \ttext-autospace:none; \tfont-size:9.5pt; \tfont-family:\"Charter ITC Pro\"; \tmso-fareast-font-family:\"Times New Roman\"; \tmso-bidi-font-family:\"Charter ITC Pro\"; \tcolor:black; \tmso-ansi-language:ES-TRAD;} p.E001TEXSangria, li.E001TEXSangria, div.E001TEXSangria \t{mso-style-name:\"E 001 TEX Sangria\"; \tmso-style-parent:\"E 000 TEX 1\u00ba Parrafo\"; \tmargin:0cm; \tmargin-bottom:.0001pt; \ttext-align:justify; \ttext-indent:8.5pt; \tline-height:10.8pt; \tmso-pagination:widow-orphan; \tmso-layout-grid-align:none; \ttext-autospace:none; \tfont-size:9.5pt; \tfont-family:\"Charter ITC Pro\"; \tmso-fareast-font-family:\"Times New Roman\"; \tmso-bidi-font-family:\"Charter ITC Pro\"; \tcolor:black; \tmso-ansi-language:ES-TRAD;}  \/* Page Definitions *\/  @page \t{mso-footnote-numbering-restart:each-section;} @page Section1 \t{size:612.0pt 792.0pt; \tmargin:70.85pt 3.0cm 70.85pt 3.0cm; \tmso-header-margin:36.0pt; \tmso-footer-margin:36.0pt; \tmso-paper-source:0;} div.Section1 \t{page:Section1;} --><!--[if gte mso 10]&gt; &lt;!   \/* Style Definitions *\/  table.MsoNormalTable \t{mso-style-name:&quot;Tabla normal&quot;; \tmso-tstyle-rowband-size:0; \tmso-tstyle-colband-size:0; \tmso-style-noshow:yes; \tmso-style-parent:&quot;&quot;; \tmso-padding-alt:0cm 5.4pt 0cm 5.4pt; \tmso-para-margin:0cm; \tmso-para-margin-bottom:.0001pt; \tmso-pagination:widow-orphan; \tfont-size:10.0pt; \tfont-family:&quot;Times New Roman&quot;; \tmso-ansi-language:#0400; \tmso-fareast-language:#0400; \tmso-bidi-language:#0400;} --> &lt;!&#8211;[endif]&#8211;&gt;<\/div>\n<p class=\"MsoNormal\"><span style=\"letter-spacing: -0.1pt\">\u00a0<\/span><\/p>\n","protected":false},"excerpt":{"rendered":"<p>Las grandes empresas en Latinoam\u00e9rica piden ingenieros y expertos en finanzas, comercio y turismo.<\/p>\n","protected":false},"author":35,"featured_media":29665,"comment_status":"closed","ping_status":"open","sticky":false,"template":"","format":"standard","meta":{"footnotes":""},"categories":[3],"tags":[698,1533,1534,1535,685,1513,1157,98,1540,703],"class_list":["post-8524","post","type-post","status-publish","format-standard","has-post-thumbnail","hentry","category-actualidad","tag-bbva","tag-el-futuro-del-trabajo-en-america-latina","tag-expatriado","tag-financial-times","tag-fortune","tag-humanet","tag-manpower","tag-michael-page","tag-santander","tag-telefonica"],"yoast_head":"<!-- This site is optimized with the Yoast SEO plugin v26.1.1 - https:\/\/yoast.com\/wordpress\/plugins\/seo\/ -->\n<title>Latinoam\u00e9rica demanda empleados espa\u00f1oles | HRTRENDS<\/title>\n<meta name=\"robots\" content=\"index, follow, max-snippet:-1, max-image-preview:large, max-video-preview:-1\" \/>\n<link rel=\"canonical\" href=\"https:\/\/empresas.infoempleo.com\/hrtrends\/latinoamerica-demanda-empleados-espanoles\/\" \/>\n<meta property=\"og:locale\" content=\"es_ES\" \/>\n<meta property=\"og:type\" content=\"article\" \/>\n<meta property=\"og:title\" content=\"Latinoam\u00e9rica demanda empleados espa\u00f1oles | HRTRENDS\" \/>\n<meta property=\"og:description\" content=\"Las grandes empresas en Latinoam\u00e9rica piden ingenieros y expertos en finanzas, comercio y turismo.\" \/>\n<meta property=\"og:url\" content=\"https:\/\/empresas.infoempleo.com\/hrtrends\/latinoamerica-demanda-empleados-espanoles\/\" \/>\n<meta property=\"og:site_name\" content=\"HRTRENDS\" \/>\n<meta property=\"article:publisher\" content=\"https:\/\/www.facebook.com\/Infoempleo\" \/>\n<meta property=\"article:published_time\" content=\"2010-04-19T07:51:44+00:00\" \/>\n<meta property=\"article:modified_time\" content=\"2025-11-11T10:49:49+00:00\" \/>\n<meta property=\"og:image\" content=\"https:\/\/empresas.infoempleo.com\/hrtrends\/media\/2017\/05\/pexels-photo-205508.jpg\" \/>\n\t<meta property=\"og:image:width\" content=\"1280\" \/>\n\t<meta property=\"og:image:height\" content=\"960\" \/>\n\t<meta property=\"og:image:type\" content=\"image\/jpeg\" \/>\n<meta name=\"author\" content=\"Laura de Cubas\" \/>\n<meta name=\"twitter:card\" content=\"summary_large_image\" \/>\n<meta name=\"twitter:creator\" content=\"@infoempleo\" \/>\n<meta name=\"twitter:site\" content=\"@infoempleo\" \/>\n<meta name=\"twitter:label1\" content=\"Escrito por\" \/>\n\t<meta name=\"twitter:data1\" content=\"Laura de Cubas\" \/>\n\t<meta name=\"twitter:label2\" content=\"Tiempo de lectura\" \/>\n\t<meta name=\"twitter:data2\" content=\"4 minutos\" \/>\n<script type=\"application\/ld+json\" class=\"yoast-schema-graph\">{\"@context\":\"https:\/\/schema.org\",\"@graph\":[{\"@type\":\"NewsArticle\",\"@id\":\"https:\/\/empresas.infoempleo.com\/hrtrends\/latinoamerica-demanda-empleados-espanoles\/#article\",\"isPartOf\":{\"@id\":\"https:\/\/empresas.infoempleo.com\/hrtrends\/latinoamerica-demanda-empleados-espanoles\/\"},\"author\":{\"name\":\"Laura de Cubas\",\"@id\":\"https:\/\/empresas.infoempleo.com\/hrtrends\/#\/schema\/person\/eee830fc2082cd3b52302e59ea0d2c05\"},\"headline\":\"Latinoam\u00e9rica demanda empleados espa\u00f1oles\",\"datePublished\":\"2010-04-19T07:51:44+00:00\",\"dateModified\":\"2025-11-11T10:49:49+00:00\",\"mainEntityOfPage\":{\"@id\":\"https:\/\/empresas.infoempleo.com\/hrtrends\/latinoamerica-demanda-empleados-espanoles\/\"},\"wordCount\":770,\"publisher\":{\"@id\":\"https:\/\/empresas.infoempleo.com\/hrtrends\/#organization\"},\"image\":{\"@id\":\"https:\/\/empresas.infoempleo.com\/hrtrends\/latinoamerica-demanda-empleados-espanoles\/#primaryimage\"},\"thumbnailUrl\":\"https:\/\/empresas.infoempleo.com\/hrtrends\/media\/2017\/05\/pexels-photo-205508.jpg\",\"keywords\":[\"BBVA\",\"El futuro del trabajo en Am\u00e9rica Latina\",\"expatriado\",\"Financial Times\",\"Fortune\",\"Humanet\",\"manpower\",\"Michael Page\",\"Santander\",\"Telef\u00f3nica\"],\"articleSection\":[\"Actualidad\"],\"inLanguage\":\"es\",\"copyrightYear\":\"2010\",\"copyrightHolder\":{\"@id\":\"https:\/\/empresas.infoempleo.com\/hrtrends\/#organization\"}},{\"@type\":\"WebPage\",\"@id\":\"https:\/\/empresas.infoempleo.com\/hrtrends\/latinoamerica-demanda-empleados-espanoles\/\",\"url\":\"https:\/\/empresas.infoempleo.com\/hrtrends\/latinoamerica-demanda-empleados-espanoles\/\",\"name\":\"Latinoam\u00e9rica demanda empleados espa\u00f1oles | HRTRENDS\",\"isPartOf\":{\"@id\":\"https:\/\/empresas.infoempleo.com\/hrtrends\/#website\"},\"primaryImageOfPage\":{\"@id\":\"https:\/\/empresas.infoempleo.com\/hrtrends\/latinoamerica-demanda-empleados-espanoles\/#primaryimage\"},\"image\":{\"@id\":\"https:\/\/empresas.infoempleo.com\/hrtrends\/latinoamerica-demanda-empleados-espanoles\/#primaryimage\"},\"thumbnailUrl\":\"https:\/\/empresas.infoempleo.com\/hrtrends\/media\/2017\/05\/pexels-photo-205508.jpg\",\"datePublished\":\"2010-04-19T07:51:44+00:00\",\"dateModified\":\"2025-11-11T10:49:49+00:00\",\"breadcrumb\":{\"@id\":\"https:\/\/empresas.infoempleo.com\/hrtrends\/latinoamerica-demanda-empleados-espanoles\/#breadcrumb\"},\"inLanguage\":\"es\",\"potentialAction\":[{\"@type\":\"ReadAction\",\"target\":[\"https:\/\/empresas.infoempleo.com\/hrtrends\/latinoamerica-demanda-empleados-espanoles\/\"]}]},{\"@type\":\"ImageObject\",\"inLanguage\":\"es\",\"@id\":\"https:\/\/empresas.infoempleo.com\/hrtrends\/latinoamerica-demanda-empleados-espanoles\/#primaryimage\",\"url\":\"https:\/\/empresas.infoempleo.com\/hrtrends\/media\/2017\/05\/pexels-photo-205508-150x150.jpg\",\"contentUrl\":\"https:\/\/empresas.infoempleo.com\/hrtrends\/media\/2017\/05\/pexels-photo-205508-150x150.jpg\",\"width\":150,\"height\":150},{\"@type\":\"BreadcrumbList\",\"@id\":\"https:\/\/empresas.infoempleo.com\/hrtrends\/latinoamerica-demanda-empleados-espanoles\/#breadcrumb\",\"itemListElement\":[{\"@type\":\"ListItem\",\"position\":1,\"name\":\"Portada\",\"item\":\"https:\/\/empresas.infoempleo.com\/hrtrends\/\"},{\"@type\":\"ListItem\",\"position\":2,\"name\":\"Latinoam\u00e9rica demanda empleados espa\u00f1oles\"}]},{\"@type\":\"WebSite\",\"@id\":\"https:\/\/empresas.infoempleo.com\/hrtrends\/#website\",\"url\":\"https:\/\/empresas.infoempleo.com\/hrtrends\",\"name\":\"HRTrends by Infoempleo\",\"description\":\"\",\"publisher\":{\"@id\":\"https:\/\/empresas.infoempleo.com\/hrtrends\/#organization\"},\"potentialAction\":{\"@type\":\"SearchAction\",\"target\":\"https:\/\/empresas.infoempleo.com\/hrtrends\/?s={search_term_string}\",\"query-input\":\"required name=search_term_string\"},\"inLanguage\":\"es\"},{\"@type\":\"Organization\",\"@id\":\"https:\/\/empresas.infoempleo.com\/hrtrends\/#organization\",\"name\":\"Infoempleo\",\"url\":\"https:\/\/www.infoempleo.com\/\",\"logo\":{\"@type\":\"ImageObject\",\"@id\":\"https:\/\/empresas.infoempleo.com\/hrtrends\/#logo\",\"inLanguage\":\"es\",\"url\":\"https:\/\/cdnazure.infoempleo.com\/infoempleo\/assets\/style\/gfx\/logo.svg\",\"contentUrl\":\"https:\/\/cdnazure.infoempleo.com\/infoempleo\/assets\/style\/gfx\/logo.svg\",\"width\":150,\"height\":40,\"caption\":\"Infoempleo\"},\"image\":{\"@id\":\"https:\/\/empresas.infoempleo.com\/hrtrends\/#logo\"},\"sameAs\":[\"https:\/\/www.facebook.com\/Infoempleo\",\"https:\/\/x.com\/infoempleo\",\"http:\/\/instagram.com\/infoempleo\/\",\"http:\/\/www.linkedin.com\/groups\/Empleo-Espa\u00f1a-Infoempleocom-111276\",\"http:\/\/pinterest.com\/infoempleo\/\"],\"address\":{\"@type\":\"PostalAddress\",\"addressLocality\":\"Madrid\",\"postalCode\":\"28050\",\"streetAddress\":\"Avenida de Burgos 114\"},\"brand\":[\"Infoempleo\"]},{\"@type\":\"Person\",\"@id\":\"https:\/\/empresas.infoempleo.com\/hrtrends\/#\/schema\/person\/eee830fc2082cd3b52302e59ea0d2c05\",\"name\":\"Laura de Cubas\",\"image\":{\"@type\":\"ImageObject\",\"inLanguage\":\"es\",\"@id\":\"https:\/\/empresas.infoempleo.com\/hrtrends\/#\/schema\/person\/image\/\",\"url\":\"https:\/\/secure.gravatar.com\/avatar\/c13d88dcd67943e13f74372e711c3ba2accf296b195ba5dd59566bd5f5df94c8?s=96&d=mm&r=g\",\"contentUrl\":\"https:\/\/secure.gravatar.com\/avatar\/c13d88dcd67943e13f74372e711c3ba2accf296b195ba5dd59566bd5f5df94c8?s=96&d=mm&r=g\",\"caption\":\"Laura de Cubas\"},\"url\":\"https:\/\/empresas.infoempleo.com\/hrtrends\/author\/laura-de-cubas\/\"}]}<\/script>\n<!-- \/ Yoast SEO plugin. -->","yoast_head_json":{"title":"Latinoam\u00e9rica demanda empleados espa\u00f1oles | HRTRENDS","robots":{"index":"index","follow":"follow","max-snippet":"max-snippet:-1","max-image-preview":"max-image-preview:large","max-video-preview":"max-video-preview:-1"},"canonical":"https:\/\/empresas.infoempleo.com\/hrtrends\/latinoamerica-demanda-empleados-espanoles\/","og_locale":"es_ES","og_type":"article","og_title":"Latinoam\u00e9rica demanda empleados espa\u00f1oles | HRTRENDS","og_description":"Las grandes empresas en Latinoam\u00e9rica piden ingenieros y expertos en finanzas, comercio y turismo.","og_url":"https:\/\/empresas.infoempleo.com\/hrtrends\/latinoamerica-demanda-empleados-espanoles\/","og_site_name":"HRTRENDS","article_publisher":"https:\/\/www.facebook.com\/Infoempleo","article_published_time":"2010-04-19T07:51:44+00:00","article_modified_time":"2025-11-11T10:49:49+00:00","og_image":[{"width":1280,"height":960,"url":"https:\/\/empresas.infoempleo.com\/hrtrends\/media\/2017\/05\/pexels-photo-205508.jpg","type":"image\/jpeg"}],"author":"Laura de Cubas","twitter_card":"summary_large_image","twitter_creator":"@infoempleo","twitter_site":"@infoempleo","twitter_misc":{"Escrito por":"Laura de Cubas","Tiempo de lectura":"4 minutos"},"schema":{"@context":"https:\/\/schema.org","@graph":[{"@type":"NewsArticle","@id":"https:\/\/empresas.infoempleo.com\/hrtrends\/latinoamerica-demanda-empleados-espanoles\/#article","isPartOf":{"@id":"https:\/\/empresas.infoempleo.com\/hrtrends\/latinoamerica-demanda-empleados-espanoles\/"},"author":{"name":"Laura de Cubas","@id":"https:\/\/empresas.infoempleo.com\/hrtrends\/#\/schema\/person\/eee830fc2082cd3b52302e59ea0d2c05"},"headline":"Latinoam\u00e9rica demanda empleados espa\u00f1oles","datePublished":"2010-04-19T07:51:44+00:00","dateModified":"2025-11-11T10:49:49+00:00","mainEntityOfPage":{"@id":"https:\/\/empresas.infoempleo.com\/hrtrends\/latinoamerica-demanda-empleados-espanoles\/"},"wordCount":770,"publisher":{"@id":"https:\/\/empresas.infoempleo.com\/hrtrends\/#organization"},"image":{"@id":"https:\/\/empresas.infoempleo.com\/hrtrends\/latinoamerica-demanda-empleados-espanoles\/#primaryimage"},"thumbnailUrl":"https:\/\/empresas.infoempleo.com\/hrtrends\/media\/2017\/05\/pexels-photo-205508.jpg","keywords":["BBVA","El futuro del trabajo en Am\u00e9rica Latina","expatriado","Financial Times","Fortune","Humanet","manpower","Michael Page","Santander","Telef\u00f3nica"],"articleSection":["Actualidad"],"inLanguage":"es","copyrightYear":"2010","copyrightHolder":{"@id":"https:\/\/empresas.infoempleo.com\/hrtrends\/#organization"}},{"@type":"WebPage","@id":"https:\/\/empresas.infoempleo.com\/hrtrends\/latinoamerica-demanda-empleados-espanoles\/","url":"https:\/\/empresas.infoempleo.com\/hrtrends\/latinoamerica-demanda-empleados-espanoles\/","name":"Latinoam\u00e9rica demanda empleados espa\u00f1oles | HRTRENDS","isPartOf":{"@id":"https:\/\/empresas.infoempleo.com\/hrtrends\/#website"},"primaryImageOfPage":{"@id":"https:\/\/empresas.infoempleo.com\/hrtrends\/latinoamerica-demanda-empleados-espanoles\/#primaryimage"},"image":{"@id":"https:\/\/empresas.infoempleo.com\/hrtrends\/latinoamerica-demanda-empleados-espanoles\/#primaryimage"},"thumbnailUrl":"https:\/\/empresas.infoempleo.com\/hrtrends\/media\/2017\/05\/pexels-photo-205508.jpg","datePublished":"2010-04-19T07:51:44+00:00","dateModified":"2025-11-11T10:49:49+00:00","breadcrumb":{"@id":"https:\/\/empresas.infoempleo.com\/hrtrends\/latinoamerica-demanda-empleados-espanoles\/#breadcrumb"},"inLanguage":"es","potentialAction":[{"@type":"ReadAction","target":["https:\/\/empresas.infoempleo.com\/hrtrends\/latinoamerica-demanda-empleados-espanoles\/"]}]},{"@type":"ImageObject","inLanguage":"es","@id":"https:\/\/empresas.infoempleo.com\/hrtrends\/latinoamerica-demanda-empleados-espanoles\/#primaryimage","url":"https:\/\/empresas.infoempleo.com\/hrtrends\/media\/2017\/05\/pexels-photo-205508-150x150.jpg","contentUrl":"https:\/\/empresas.infoempleo.com\/hrtrends\/media\/2017\/05\/pexels-photo-205508-150x150.jpg","width":150,"height":150},{"@type":"BreadcrumbList","@id":"https:\/\/empresas.infoempleo.com\/hrtrends\/latinoamerica-demanda-empleados-espanoles\/#breadcrumb","itemListElement":[{"@type":"ListItem","position":1,"name":"Portada","item":"https:\/\/empresas.infoempleo.com\/hrtrends\/"},{"@type":"ListItem","position":2,"name":"Latinoam\u00e9rica demanda empleados espa\u00f1oles"}]},{"@type":"WebSite","@id":"https:\/\/empresas.infoempleo.com\/hrtrends\/#website","url":"https:\/\/empresas.infoempleo.com\/hrtrends","name":"HRTrends by Infoempleo","description":"","publisher":{"@id":"https:\/\/empresas.infoempleo.com\/hrtrends\/#organization"},"potentialAction":{"@type":"SearchAction","target":"https:\/\/empresas.infoempleo.com\/hrtrends\/?s={search_term_string}","query-input":"required name=search_term_string"},"inLanguage":"es"},{"@type":"Organization","@id":"https:\/\/empresas.infoempleo.com\/hrtrends\/#organization","name":"Infoempleo","url":"https:\/\/www.infoempleo.com\/","logo":{"@type":"ImageObject","@id":"https:\/\/empresas.infoempleo.com\/hrtrends\/#logo","inLanguage":"es","url":"https:\/\/cdnazure.infoempleo.com\/infoempleo\/assets\/style\/gfx\/logo.svg","contentUrl":"https:\/\/cdnazure.infoempleo.com\/infoempleo\/assets\/style\/gfx\/logo.svg","width":150,"height":40,"caption":"Infoempleo"},"image":{"@id":"https:\/\/empresas.infoempleo.com\/hrtrends\/#logo"},"sameAs":["https:\/\/www.facebook.com\/Infoempleo","https:\/\/x.com\/infoempleo","http:\/\/instagram.com\/infoempleo\/","http:\/\/www.linkedin.com\/groups\/Empleo-Espa\u00f1a-Infoempleocom-111276","http:\/\/pinterest.com\/infoempleo\/"],"address":{"@type":"PostalAddress","addressLocality":"Madrid","postalCode":"28050","streetAddress":"Avenida de Burgos 114"},"brand":["Infoempleo"]},{"@type":"Person","@id":"https:\/\/empresas.infoempleo.com\/hrtrends\/#\/schema\/person\/eee830fc2082cd3b52302e59ea0d2c05","name":"Laura de Cubas","image":{"@type":"ImageObject","inLanguage":"es","@id":"https:\/\/empresas.infoempleo.com\/hrtrends\/#\/schema\/person\/image\/","url":"https:\/\/secure.gravatar.com\/avatar\/c13d88dcd67943e13f74372e711c3ba2accf296b195ba5dd59566bd5f5df94c8?s=96&d=mm&r=g","contentUrl":"https:\/\/secure.gravatar.com\/avatar\/c13d88dcd67943e13f74372e711c3ba2accf296b195ba5dd59566bd5f5df94c8?s=96&d=mm&r=g","caption":"Laura de Cubas"},"url":"https:\/\/empresas.infoempleo.com\/hrtrends\/author\/laura-de-cubas\/"}]}},"amp_enabled":true,"_links":{"self":[{"href":"https:\/\/empresas.infoempleo.com\/hrtrends\/wp-json\/wp\/v2\/posts\/8524","targetHints":{"allow":["GET"]}}],"collection":[{"href":"https:\/\/empresas.infoempleo.com\/hrtrends\/wp-json\/wp\/v2\/posts"}],"about":[{"href":"https:\/\/empresas.infoempleo.com\/hrtrends\/wp-json\/wp\/v2\/types\/post"}],"author":[{"embeddable":true,"href":"https:\/\/empresas.infoempleo.com\/hrtrends\/wp-json\/wp\/v2\/users\/35"}],"replies":[{"embeddable":true,"href":"https:\/\/empresas.infoempleo.com\/hrtrends\/wp-json\/wp\/v2\/comments?post=8524"}],"version-history":[{"count":10,"href":"https:\/\/empresas.infoempleo.com\/hrtrends\/wp-json\/wp\/v2\/posts\/8524\/revisions"}],"predecessor-version":[{"id":47252,"href":"https:\/\/empresas.infoempleo.com\/hrtrends\/wp-json\/wp\/v2\/posts\/8524\/revisions\/47252"}],"wp:featuredmedia":[{"embeddable":true,"href":"https:\/\/empresas.infoempleo.com\/hrtrends\/wp-json\/wp\/v2\/media\/29665"}],"wp:attachment":[{"href":"https:\/\/empresas.infoempleo.com\/hrtrends\/wp-json\/wp\/v2\/media?parent=8524"}],"wp:term":[{"taxonomy":"category","embeddable":true,"href":"https:\/\/empresas.infoempleo.com\/hrtrends\/wp-json\/wp\/v2\/categories?post=8524"},{"taxonomy":"post_tag","embeddable":true,"href":"https:\/\/empresas.infoempleo.com\/hrtrends\/wp-json\/wp\/v2\/tags?post=8524"}],"curies":[{"name":"wp","href":"https:\/\/api.w.org\/{rel}","templated":true}]}}