{"id":8484,"date":"2010-04-19T08:30:38","date_gmt":"2010-04-19T07:30:38","guid":{"rendered":"http:\/\/blog.infoempleo.com\/?p=8484"},"modified":"2018-05-23T17:49:58","modified_gmt":"2018-05-23T15:49:58","slug":"y-tambien-dijeron-3","status":"publish","type":"post","link":"https:\/\/empresas.infoempleo.com\/hrtrends\/y-tambien-dijeron-3\/","title":{"rendered":"Y tambi\u00e9n dijeron&#8230;"},"content":{"rendered":"<p style=\"text-align: left\"><strong><img loading=\"lazy\" decoding=\"async\" class=\"aligncenter size-full wp-image-8485\" src=\"https:\/\/empresas.infoempleo.com\/hrtrends\/media\/2010\/04\/MartaMachicot1.jpg\" alt=\"MartaMachicot\" width=\"112\" height=\"137\" \/><\/strong><\/p>\n<p><strong>Marta Machicot, Directora de Desarrollo y Gesti\u00f3n del Talento de Telef\u00f3nica<\/strong><\/p>\n<p>\u00abLos ejes de la retenci\u00f3n del talento son cuatro: un proyecto de futuro atractivo; un estilo de liderazgo, porque influye mucho la relaci\u00f3n con el jefe; una carrera o desarrollo profesional que vaya m\u00e1s all\u00e1 de la mera promoci\u00f3n, y flexibilidad para conciliar trabajo y necesidades individuales\u00bb.<\/p>\n<p>\u00a0<\/p>\n<p><strong><img loading=\"lazy\" decoding=\"async\" class=\"size-full wp-image-8486 alignleft\" src=\"https:\/\/empresas.infoempleo.com\/hrtrends\/media\/2010\/04\/AntoniodelaFuente1.jpg\" alt=\"AntoniodelaFuente\" width=\"112\" height=\"137\" \/><\/strong><\/p>\n<p><strong>Antonio de la Fuente, Director de Recursos Humanos de <\/strong><\/p>\n<p>\u00abDespu\u00e9s de un ERE tienes que generar confianza en el proyecto. Nosotros hemos creado unos valores muy s\u00f3lidos de compa\u00f1\u00eda, y eso es lo que tiene que marcar el trabajo de Recursos Humanos. En 2009 cerramos el primer convenio colectivo de ONO\u00bb.<\/p>\n<p>\u00a0<\/p>\n<p><strong><img loading=\"lazy\" decoding=\"async\" class=\"size-full wp-image-8487 alignleft\" src=\"https:\/\/empresas.infoempleo.com\/hrtrends\/media\/2010\/04\/JeronimoCorral1.jpg\" alt=\"JeronimoCorral\" width=\"112\" height=\"137\" \/><\/strong><\/p>\n<p><strong>Jer\u00f3nimo Corral, Director de Recursos Humanos de Jazztel<\/strong><\/p>\n<p>\u00abLos elementos de retenci\u00f3n son negocio, contexto y compensaci\u00f3n. Se trata de desarrollar un proyecto de \u00e9xito en un entorno donde poder desplegar las mejores capacidades a cambio de una compensaci\u00f3n razonable. Hay que asegurar a una persona que aqu\u00ed podr\u00e1 desarrollar el mejor trabajo de su vida\u00bb.<\/p>\n<p>\u00a0<\/p>\n<p><strong><img loading=\"lazy\" decoding=\"async\" class=\"size-full wp-image-8488 alignleft\" src=\"https:\/\/empresas.infoempleo.com\/hrtrends\/media\/2010\/04\/GregorioSillveira1.jpg\" alt=\"GregorioSillveira\" width=\"112\" height=\"137\" \/><\/strong><\/p>\n<p><strong>Gregorio Silveira, Director de Recursos Humanos de Yoigo<\/strong><\/p>\n<p>\u00abNosotros tuvimos que apostar por un modelo diferente, de \u2018low cost\u2019, con mucho control de costes, pocos empleados \u2014somos 85 personas\u2014, y unas nuevas relaciones de \u2018outsourcing\u2019 donde nuestros proveedores tambi\u00e9n corren riesgos en el negocio\u00bb.<\/p>\n<p>\u00a0<\/p>\n<p><strong><img loading=\"lazy\" decoding=\"async\" class=\"size-full wp-image-8490 alignleft\" src=\"https:\/\/empresas.infoempleo.com\/hrtrends\/media\/2010\/04\/MarioBilbao11.jpg\" alt=\"MarioBilbao\" width=\"112\" height=\"137\" \/><\/strong><\/p>\n<p><strong>Mario Bilbao, Director de\u00a0Recursos Humanos de Euskatel<\/strong><\/p>\n<p>\u00abSomos grandes en un mercado muy concreto y localizado. Aunque la situaci\u00f3n global del sector ha cambiado radicalmente, nosotros podemos presumir de que todos los a\u00f1os hemos crecido. Somos una \u2018rara avis\u2019 que, todav\u00eda, se puede permitir seguir creciendo\u00bb.<\/p>\n<p>\u00a0<\/p>\n<p><strong><img loading=\"lazy\" decoding=\"async\" class=\"size-full wp-image-8491 alignleft\" src=\"https:\/\/empresas.infoempleo.com\/hrtrends\/media\/2010\/04\/PedroDiaz1.jpg\" alt=\"PedroDiaz\" width=\"112\" height=\"137\" \/><\/strong><\/p>\n<p><strong>Pedro D\u00edaz, Director de Recursos Humanos y Organizaci\u00f3n de Vodafone<\/strong>\u00a0<\/p>\n<p>\u00abVodafone fue la primera compa\u00f1\u00eda que sali\u00f3 al mercado en respuesta a Telef\u00f3nica, y no lo tuvo f\u00e1cil. La compa\u00f1\u00eda creci\u00f3 con gente muy joven, pero el 80% sigue en la organizaci\u00f3n. Son \u2018rojos\u2019 hasta la m\u00e9dula [alusi\u00f3n al color corporativo] y se lo creen\u00bb.<\/p>\n","protected":false},"excerpt":{"rendered":"<p>Marta Machicot, Directora de Desarrollo y Gesti\u00f3n del Talento de Telef\u00f3nica \u00abLos ejes de la retenci\u00f3n del talento<a class=\"moretag\" href=\"https:\/\/empresas.infoempleo.com\/hrtrends\/y-tambien-dijeron-3\/\"> Leer m\u00e1s<\/a><\/p>\n","protected":false},"author":34,"featured_media":29665,"comment_status":"closed","ping_status":"open","sticky":false,"template":"","format":"standard","meta":{"footnotes":""},"categories":[3],"tags":[1498,1499,1500,1501,482,940,1502,1503,1504,1506,1507,1508,70,703,665,1511],"class_list":["post-8484","post","type-post","status-publish","format-standard","has-post-thumbnail","hentry","category-actualidad","tag-antonio-de-la-fuente","tag-desayuno-de-trabajo","tag-euskaltel","tag-gregorio-silveira","tag-infoempleo","tag-jazztel","tag-jeronimo-corral","tag-mario-bilbao","tag-marta-machicot","tag-ono","tag-operadores","tag-pedro-diaz","tag-rrhh","tag-telefonica","tag-vodafone","tag-yoigo"],"yoast_head":"<!-- This site is optimized with the Yoast SEO plugin v26.1.1 - https:\/\/yoast.com\/wordpress\/plugins\/seo\/ -->\n<title>Y tambi\u00e9n dijeron... | HRTRENDS<\/title>\n<meta name=\"robots\" content=\"index, follow, max-snippet:-1, max-image-preview:large, max-video-preview:-1\" \/>\n<link rel=\"canonical\" href=\"https:\/\/empresas.infoempleo.com\/hrtrends\/y-tambien-dijeron-3\/\" \/>\n<meta property=\"og:locale\" content=\"es_ES\" \/>\n<meta property=\"og:type\" content=\"article\" \/>\n<meta property=\"og:title\" content=\"Y tambi\u00e9n dijeron... | HRTRENDS\" \/>\n<meta property=\"og:description\" content=\"Marta Machicot, Directora de Desarrollo y Gesti\u00f3n del Talento de Telef\u00f3nica \u00abLos ejes de la retenci\u00f3n del talento Leer m\u00e1s\" \/>\n<meta property=\"og:url\" content=\"https:\/\/empresas.infoempleo.com\/hrtrends\/y-tambien-dijeron-3\/\" \/>\n<meta property=\"og:site_name\" content=\"HRTRENDS\" \/>\n<meta property=\"article:publisher\" content=\"https:\/\/www.facebook.com\/Infoempleo\" \/>\n<meta property=\"article:published_time\" content=\"2010-04-19T07:30:38+00:00\" \/>\n<meta property=\"article:modified_time\" content=\"2018-05-23T15:49:58+00:00\" \/>\n<meta property=\"og:image\" content=\"https:\/\/empresas.infoempleo.com\/hrtrends\/media\/2017\/05\/pexels-photo-205508.jpg\" \/>\n\t<meta property=\"og:image:width\" content=\"1280\" \/>\n\t<meta property=\"og:image:height\" content=\"960\" \/>\n\t<meta property=\"og:image:type\" content=\"image\/jpeg\" \/>\n<meta name=\"author\" content=\"Rosario Sep\u00falveda\" \/>\n<meta name=\"twitter:card\" content=\"summary_large_image\" \/>\n<meta name=\"twitter:creator\" content=\"@infoempleo\" \/>\n<meta name=\"twitter:site\" content=\"@infoempleo\" \/>\n<meta name=\"twitter:label1\" content=\"Escrito por\" \/>\n\t<meta name=\"twitter:data1\" content=\"Rosario Sep\u00falveda\" \/>\n\t<meta name=\"twitter:label2\" content=\"Tiempo de lectura\" \/>\n\t<meta name=\"twitter:data2\" content=\"2 minutos\" \/>\n<script type=\"application\/ld+json\" class=\"yoast-schema-graph\">{\"@context\":\"https:\/\/schema.org\",\"@graph\":[{\"@type\":\"NewsArticle\",\"@id\":\"https:\/\/empresas.infoempleo.com\/hrtrends\/y-tambien-dijeron-3\/#article\",\"isPartOf\":{\"@id\":\"https:\/\/empresas.infoempleo.com\/hrtrends\/y-tambien-dijeron-3\/\"},\"author\":{\"name\":\"Rosario Sep\u00falveda\",\"@id\":\"https:\/\/empresas.infoempleo.com\/hrtrends\/#\/schema\/person\/2a45835f1492cbc7fbce11ad398707a8\"},\"headline\":\"Y tambi\u00e9n dijeron&#8230;\",\"datePublished\":\"2010-04-19T07:30:38+00:00\",\"dateModified\":\"2018-05-23T15:49:58+00:00\",\"mainEntityOfPage\":{\"@id\":\"https:\/\/empresas.infoempleo.com\/hrtrends\/y-tambien-dijeron-3\/\"},\"wordCount\":338,\"publisher\":{\"@id\":\"https:\/\/empresas.infoempleo.com\/hrtrends\/#organization\"},\"image\":{\"@id\":\"https:\/\/empresas.infoempleo.com\/hrtrends\/y-tambien-dijeron-3\/#primaryimage\"},\"thumbnailUrl\":\"https:\/\/empresas.infoempleo.com\/hrtrends\/media\/2017\/05\/pexels-photo-205508.jpg\",\"keywords\":[\"Antonio de la Fuente\",\"desayuno de trabajo\",\"Euskaltel\",\"Gregorio Silveira\",\"infoempleo\",\"Jazztel\",\"Jer\u00f3nimo Corral\",\"Mario Bilbao\",\"Marta Machicot\",\"ONO\",\"operadores\",\"Pedro D\u00edaz\",\"RRHH\",\"Telef\u00f3nica\",\"Vodafone\",\"Yoigo\"],\"articleSection\":[\"Actualidad\"],\"inLanguage\":\"es\",\"copyrightYear\":\"2010\",\"copyrightHolder\":{\"@id\":\"https:\/\/empresas.infoempleo.com\/hrtrends\/#organization\"}},{\"@type\":\"WebPage\",\"@id\":\"https:\/\/empresas.infoempleo.com\/hrtrends\/y-tambien-dijeron-3\/\",\"url\":\"https:\/\/empresas.infoempleo.com\/hrtrends\/y-tambien-dijeron-3\/\",\"name\":\"Y tambi\u00e9n dijeron... | HRTRENDS\",\"isPartOf\":{\"@id\":\"https:\/\/empresas.infoempleo.com\/hrtrends\/#website\"},\"primaryImageOfPage\":{\"@id\":\"https:\/\/empresas.infoempleo.com\/hrtrends\/y-tambien-dijeron-3\/#primaryimage\"},\"image\":{\"@id\":\"https:\/\/empresas.infoempleo.com\/hrtrends\/y-tambien-dijeron-3\/#primaryimage\"},\"thumbnailUrl\":\"https:\/\/empresas.infoempleo.com\/hrtrends\/media\/2017\/05\/pexels-photo-205508.jpg\",\"datePublished\":\"2010-04-19T07:30:38+00:00\",\"dateModified\":\"2018-05-23T15:49:58+00:00\",\"breadcrumb\":{\"@id\":\"https:\/\/empresas.infoempleo.com\/hrtrends\/y-tambien-dijeron-3\/#breadcrumb\"},\"inLanguage\":\"es\",\"potentialAction\":[{\"@type\":\"ReadAction\",\"target\":[\"https:\/\/empresas.infoempleo.com\/hrtrends\/y-tambien-dijeron-3\/\"]}]},{\"@type\":\"ImageObject\",\"inLanguage\":\"es\",\"@id\":\"https:\/\/empresas.infoempleo.com\/hrtrends\/y-tambien-dijeron-3\/#primaryimage\",\"url\":\"https:\/\/empresas.infoempleo.com\/hrtrends\/media\/2017\/05\/pexels-photo-205508-150x150.jpg\",\"contentUrl\":\"https:\/\/empresas.infoempleo.com\/hrtrends\/media\/2017\/05\/pexels-photo-205508-150x150.jpg\",\"width\":150,\"height\":150},{\"@type\":\"BreadcrumbList\",\"@id\":\"https:\/\/empresas.infoempleo.com\/hrtrends\/y-tambien-dijeron-3\/#breadcrumb\",\"itemListElement\":[{\"@type\":\"ListItem\",\"position\":1,\"name\":\"Portada\",\"item\":\"https:\/\/empresas.infoempleo.com\/hrtrends\/\"},{\"@type\":\"ListItem\",\"position\":2,\"name\":\"Y tambi\u00e9n dijeron&#8230;\"}]},{\"@type\":\"WebSite\",\"@id\":\"https:\/\/empresas.infoempleo.com\/hrtrends\/#website\",\"url\":\"https:\/\/empresas.infoempleo.com\/hrtrends\",\"name\":\"HRTrends by Infoempleo\",\"description\":\"\",\"publisher\":{\"@id\":\"https:\/\/empresas.infoempleo.com\/hrtrends\/#organization\"},\"potentialAction\":{\"@type\":\"SearchAction\",\"target\":\"https:\/\/empresas.infoempleo.com\/hrtrends\/?s={search_term_string}\",\"query-input\":\"required name=search_term_string\"},\"inLanguage\":\"es\"},{\"@type\":\"Organization\",\"@id\":\"https:\/\/empresas.infoempleo.com\/hrtrends\/#organization\",\"name\":\"Infoempleo\",\"url\":\"https:\/\/www.infoempleo.com\/\",\"logo\":{\"@type\":\"ImageObject\",\"@id\":\"https:\/\/empresas.infoempleo.com\/hrtrends\/#logo\",\"inLanguage\":\"es\",\"url\":\"https:\/\/cdnazure.infoempleo.com\/infoempleo\/assets\/style\/gfx\/logo.svg\",\"contentUrl\":\"https:\/\/cdnazure.infoempleo.com\/infoempleo\/assets\/style\/gfx\/logo.svg\",\"width\":150,\"height\":40,\"caption\":\"Infoempleo\"},\"image\":{\"@id\":\"https:\/\/empresas.infoempleo.com\/hrtrends\/#logo\"},\"sameAs\":[\"https:\/\/www.facebook.com\/Infoempleo\",\"https:\/\/x.com\/infoempleo\",\"http:\/\/instagram.com\/infoempleo\/\",\"http:\/\/www.linkedin.com\/groups\/Empleo-Espa\u00f1a-Infoempleocom-111276\",\"http:\/\/pinterest.com\/infoempleo\/\"],\"address\":{\"@type\":\"PostalAddress\",\"addressLocality\":\"Madrid\",\"postalCode\":\"28050\",\"streetAddress\":\"Avenida de Burgos 114\"},\"brand\":[\"Infoempleo\"]},{\"@type\":\"Person\",\"@id\":\"https:\/\/empresas.infoempleo.com\/hrtrends\/#\/schema\/person\/2a45835f1492cbc7fbce11ad398707a8\",\"name\":\"Rosario Sep\u00falveda\",\"image\":{\"@type\":\"ImageObject\",\"inLanguage\":\"es\",\"@id\":\"https:\/\/empresas.infoempleo.com\/hrtrends\/#\/schema\/person\/image\/\",\"url\":\"https:\/\/secure.gravatar.com\/avatar\/01b4f37da8fd0cca9ded94ad0ab4a694814c54945a7c84e54495a93ea3a90e3b?s=96&d=mm&r=g\",\"contentUrl\":\"https:\/\/secure.gravatar.com\/avatar\/01b4f37da8fd0cca9ded94ad0ab4a694814c54945a7c84e54495a93ea3a90e3b?s=96&d=mm&r=g\",\"caption\":\"Rosario Sep\u00falveda\"},\"url\":\"https:\/\/empresas.infoempleo.com\/hrtrends\/author\/rosario-sepulveda\/\"}]}<\/script>\n<!-- \/ Yoast SEO plugin. -->","yoast_head_json":{"title":"Y tambi\u00e9n dijeron... | HRTRENDS","robots":{"index":"index","follow":"follow","max-snippet":"max-snippet:-1","max-image-preview":"max-image-preview:large","max-video-preview":"max-video-preview:-1"},"canonical":"https:\/\/empresas.infoempleo.com\/hrtrends\/y-tambien-dijeron-3\/","og_locale":"es_ES","og_type":"article","og_title":"Y tambi\u00e9n dijeron... | HRTRENDS","og_description":"Marta Machicot, Directora de Desarrollo y Gesti\u00f3n del Talento de Telef\u00f3nica \u00abLos ejes de la retenci\u00f3n del talento Leer m\u00e1s","og_url":"https:\/\/empresas.infoempleo.com\/hrtrends\/y-tambien-dijeron-3\/","og_site_name":"HRTRENDS","article_publisher":"https:\/\/www.facebook.com\/Infoempleo","article_published_time":"2010-04-19T07:30:38+00:00","article_modified_time":"2018-05-23T15:49:58+00:00","og_image":[{"width":1280,"height":960,"url":"https:\/\/empresas.infoempleo.com\/hrtrends\/media\/2017\/05\/pexels-photo-205508.jpg","type":"image\/jpeg"}],"author":"Rosario Sep\u00falveda","twitter_card":"summary_large_image","twitter_creator":"@infoempleo","twitter_site":"@infoempleo","twitter_misc":{"Escrito por":"Rosario Sep\u00falveda","Tiempo de lectura":"2 minutos"},"schema":{"@context":"https:\/\/schema.org","@graph":[{"@type":"NewsArticle","@id":"https:\/\/empresas.infoempleo.com\/hrtrends\/y-tambien-dijeron-3\/#article","isPartOf":{"@id":"https:\/\/empresas.infoempleo.com\/hrtrends\/y-tambien-dijeron-3\/"},"author":{"name":"Rosario Sep\u00falveda","@id":"https:\/\/empresas.infoempleo.com\/hrtrends\/#\/schema\/person\/2a45835f1492cbc7fbce11ad398707a8"},"headline":"Y tambi\u00e9n dijeron&#8230;","datePublished":"2010-04-19T07:30:38+00:00","dateModified":"2018-05-23T15:49:58+00:00","mainEntityOfPage":{"@id":"https:\/\/empresas.infoempleo.com\/hrtrends\/y-tambien-dijeron-3\/"},"wordCount":338,"publisher":{"@id":"https:\/\/empresas.infoempleo.com\/hrtrends\/#organization"},"image":{"@id":"https:\/\/empresas.infoempleo.com\/hrtrends\/y-tambien-dijeron-3\/#primaryimage"},"thumbnailUrl":"https:\/\/empresas.infoempleo.com\/hrtrends\/media\/2017\/05\/pexels-photo-205508.jpg","keywords":["Antonio de la Fuente","desayuno de trabajo","Euskaltel","Gregorio Silveira","infoempleo","Jazztel","Jer\u00f3nimo Corral","Mario Bilbao","Marta Machicot","ONO","operadores","Pedro D\u00edaz","RRHH","Telef\u00f3nica","Vodafone","Yoigo"],"articleSection":["Actualidad"],"inLanguage":"es","copyrightYear":"2010","copyrightHolder":{"@id":"https:\/\/empresas.infoempleo.com\/hrtrends\/#organization"}},{"@type":"WebPage","@id":"https:\/\/empresas.infoempleo.com\/hrtrends\/y-tambien-dijeron-3\/","url":"https:\/\/empresas.infoempleo.com\/hrtrends\/y-tambien-dijeron-3\/","name":"Y tambi\u00e9n dijeron... | HRTRENDS","isPartOf":{"@id":"https:\/\/empresas.infoempleo.com\/hrtrends\/#website"},"primaryImageOfPage":{"@id":"https:\/\/empresas.infoempleo.com\/hrtrends\/y-tambien-dijeron-3\/#primaryimage"},"image":{"@id":"https:\/\/empresas.infoempleo.com\/hrtrends\/y-tambien-dijeron-3\/#primaryimage"},"thumbnailUrl":"https:\/\/empresas.infoempleo.com\/hrtrends\/media\/2017\/05\/pexels-photo-205508.jpg","datePublished":"2010-04-19T07:30:38+00:00","dateModified":"2018-05-23T15:49:58+00:00","breadcrumb":{"@id":"https:\/\/empresas.infoempleo.com\/hrtrends\/y-tambien-dijeron-3\/#breadcrumb"},"inLanguage":"es","potentialAction":[{"@type":"ReadAction","target":["https:\/\/empresas.infoempleo.com\/hrtrends\/y-tambien-dijeron-3\/"]}]},{"@type":"ImageObject","inLanguage":"es","@id":"https:\/\/empresas.infoempleo.com\/hrtrends\/y-tambien-dijeron-3\/#primaryimage","url":"https:\/\/empresas.infoempleo.com\/hrtrends\/media\/2017\/05\/pexels-photo-205508-150x150.jpg","contentUrl":"https:\/\/empresas.infoempleo.com\/hrtrends\/media\/2017\/05\/pexels-photo-205508-150x150.jpg","width":150,"height":150},{"@type":"BreadcrumbList","@id":"https:\/\/empresas.infoempleo.com\/hrtrends\/y-tambien-dijeron-3\/#breadcrumb","itemListElement":[{"@type":"ListItem","position":1,"name":"Portada","item":"https:\/\/empresas.infoempleo.com\/hrtrends\/"},{"@type":"ListItem","position":2,"name":"Y tambi\u00e9n dijeron&#8230;"}]},{"@type":"WebSite","@id":"https:\/\/empresas.infoempleo.com\/hrtrends\/#website","url":"https:\/\/empresas.infoempleo.com\/hrtrends","name":"HRTrends by Infoempleo","description":"","publisher":{"@id":"https:\/\/empresas.infoempleo.com\/hrtrends\/#organization"},"potentialAction":{"@type":"SearchAction","target":"https:\/\/empresas.infoempleo.com\/hrtrends\/?s={search_term_string}","query-input":"required name=search_term_string"},"inLanguage":"es"},{"@type":"Organization","@id":"https:\/\/empresas.infoempleo.com\/hrtrends\/#organization","name":"Infoempleo","url":"https:\/\/www.infoempleo.com\/","logo":{"@type":"ImageObject","@id":"https:\/\/empresas.infoempleo.com\/hrtrends\/#logo","inLanguage":"es","url":"https:\/\/cdnazure.infoempleo.com\/infoempleo\/assets\/style\/gfx\/logo.svg","contentUrl":"https:\/\/cdnazure.infoempleo.com\/infoempleo\/assets\/style\/gfx\/logo.svg","width":150,"height":40,"caption":"Infoempleo"},"image":{"@id":"https:\/\/empresas.infoempleo.com\/hrtrends\/#logo"},"sameAs":["https:\/\/www.facebook.com\/Infoempleo","https:\/\/x.com\/infoempleo","http:\/\/instagram.com\/infoempleo\/","http:\/\/www.linkedin.com\/groups\/Empleo-Espa\u00f1a-Infoempleocom-111276","http:\/\/pinterest.com\/infoempleo\/"],"address":{"@type":"PostalAddress","addressLocality":"Madrid","postalCode":"28050","streetAddress":"Avenida de Burgos 114"},"brand":["Infoempleo"]},{"@type":"Person","@id":"https:\/\/empresas.infoempleo.com\/hrtrends\/#\/schema\/person\/2a45835f1492cbc7fbce11ad398707a8","name":"Rosario Sep\u00falveda","image":{"@type":"ImageObject","inLanguage":"es","@id":"https:\/\/empresas.infoempleo.com\/hrtrends\/#\/schema\/person\/image\/","url":"https:\/\/secure.gravatar.com\/avatar\/01b4f37da8fd0cca9ded94ad0ab4a694814c54945a7c84e54495a93ea3a90e3b?s=96&d=mm&r=g","contentUrl":"https:\/\/secure.gravatar.com\/avatar\/01b4f37da8fd0cca9ded94ad0ab4a694814c54945a7c84e54495a93ea3a90e3b?s=96&d=mm&r=g","caption":"Rosario Sep\u00falveda"},"url":"https:\/\/empresas.infoempleo.com\/hrtrends\/author\/rosario-sepulveda\/"}]}},"amp_enabled":true,"_links":{"self":[{"href":"https:\/\/empresas.infoempleo.com\/hrtrends\/wp-json\/wp\/v2\/posts\/8484","targetHints":{"allow":["GET"]}}],"collection":[{"href":"https:\/\/empresas.infoempleo.com\/hrtrends\/wp-json\/wp\/v2\/posts"}],"about":[{"href":"https:\/\/empresas.infoempleo.com\/hrtrends\/wp-json\/wp\/v2\/types\/post"}],"author":[{"embeddable":true,"href":"https:\/\/empresas.infoempleo.com\/hrtrends\/wp-json\/wp\/v2\/users\/34"}],"replies":[{"embeddable":true,"href":"https:\/\/empresas.infoempleo.com\/hrtrends\/wp-json\/wp\/v2\/comments?post=8484"}],"version-history":[{"count":0,"href":"https:\/\/empresas.infoempleo.com\/hrtrends\/wp-json\/wp\/v2\/posts\/8484\/revisions"}],"wp:featuredmedia":[{"embeddable":true,"href":"https:\/\/empresas.infoempleo.com\/hrtrends\/wp-json\/wp\/v2\/media\/29665"}],"wp:attachment":[{"href":"https:\/\/empresas.infoempleo.com\/hrtrends\/wp-json\/wp\/v2\/media?parent=8484"}],"wp:term":[{"taxonomy":"category","embeddable":true,"href":"https:\/\/empresas.infoempleo.com\/hrtrends\/wp-json\/wp\/v2\/categories?post=8484"},{"taxonomy":"post_tag","embeddable":true,"href":"https:\/\/empresas.infoempleo.com\/hrtrends\/wp-json\/wp\/v2\/tags?post=8484"}],"curies":[{"name":"wp","href":"https:\/\/api.w.org\/{rel}","templated":true}]}}