{"id":8377,"date":"2010-04-12T10:21:58","date_gmt":"2010-04-12T09:21:58","guid":{"rendered":"http:\/\/blog.infoempleo.com\/?p=8377"},"modified":"2023-03-13T19:16:51","modified_gmt":"2023-03-13T17:16:51","slug":"en-esta-profesion-no-hay-que-ser-egoista-con-el-conocimiento","status":"publish","type":"post","link":"https:\/\/empresas.infoempleo.com\/hrtrends\/en-esta-profesion-no-hay-que-ser-egoista-con-el-conocimiento\/","title":{"rendered":"\u00abEn esta profesi\u00f3n no hay que ser ego\u00edsta con el conocimiento\u00bb"},"content":{"rendered":"<p>Diplomado en Fisioterapia por la<a href=\"https:\/\/universidadeuropea.com\/\" target=\"_blank\" rel=\"noopener\"> Universidad Europea de Madrid<\/a> en 1998 \u2014y actualmente cursando el doctorado de su especialidad\u2014, el tambi\u00e9n jefe de Secci\u00f3n de Estancias Cl\u00ednicas de Fisioterapia de la Facultad de Medicina de la<a href=\"https:\/\/www.ceu.es\/\" target=\"_blank\" rel=\"noopener\"> Universidad San Pablo CEU<\/a>, comenz\u00f3 su carrera profesional en el <a href=\"https:\/\/www.atleticodemadrid.com\/\" target=\"_blank\" rel=\"noopener\">Atl\u00e9tico de Madrid S.A.D.<\/a>, donde descubri\u00f3 que \u00abeste trabajo es un juego profesional, con d\u00edas dif\u00edciles en los que hay que arriesgar, y d\u00edas f\u00e1ciles, donde saberse ganador\u00bb. En su opini\u00f3n, los \u2018partidos\u2019 m\u00e1s importantes del sector son los que se viven desde dentro \u2014\u00bbmi mayor hito ha sido comprender que puedo y debo hacer las cosas como creo, consciente de que siempre se puede hacer mejor\u00bb\u2014 y, con esa filosof\u00eda se presenta como el maestro de la categor\u00eda de fisioterapia del <span style=\"color: #808000\">\u2018AdeccoExperience Day\u2019, <\/span>que le reunir\u00e1 con un estudiante o reci\u00e9n licenciado durante el Mutua Madrile\u00f1a Madrid Open.<\/p>\n<p style=\"text-align: center\"><img loading=\"lazy\" decoding=\"async\" class=\"size-full  wp-image-8380 aligncenter\" src=\"https:\/\/empresas.infoempleo.com\/hrtrends\/media\/2010\/04\/060420100491.jpg\" alt=\"06042010049\" width=\"290\" height=\"218\" srcset=\"https:\/\/empresas.infoempleo.com\/hrtrends\/media\/2010\/04\/060420100491.jpg 1280w, https:\/\/empresas.infoempleo.com\/hrtrends\/media\/2010\/04\/060420100491-300x225.jpg 300w, https:\/\/empresas.infoempleo.com\/hrtrends\/media\/2010\/04\/060420100491-1024x768.jpg 1024w, https:\/\/empresas.infoempleo.com\/hrtrends\/media\/2010\/04\/060420100491-768x576.jpg 768w\" sizes=\"auto, (max-width: 290px) 100vw, 290px\" \/><\/p>\n<p><strong>\u00bfPor qu\u00e9 el<\/strong><strong>igi\u00f3 la prof<\/strong><strong>esi\u00f3n de fisioterapeuta?<\/strong><br \/>\nMe cuesta siempre contestar a esta pregunta. No creo que la elecci\u00f3n de una profesi\u00f3n, como \u00e9sta, a la que accedes con dieciocho a\u00f1os, se obtenga a trav\u00e9s de un proceso de clarividencia o inspiraci\u00f3n metaf\u00edsica. En mi caso se trat\u00f3 de un proceso razonado y calculado, aunque con un importante componente vocacional, por supuesto, ya que las profesiones de marcado car\u00e1cter asistencial siempre se han de sentir humanamente. Entre las posibilidades sanitarias, me decant\u00e9 por la fisioterapia por su elevada participaci\u00f3n activa tanto en la prevenci\u00f3n como en la recuperaci\u00f3n de las lesiones. El contacto directo con el paciente-cliente y la intervenci\u00f3n directa en sus logros es un tipo de retribuci\u00f3n no cremat\u00edstica que otros no pueden disfrutar.<\/p>\n<p><strong>\u00bfQui\u00e9nes dir\u00eda que han sido sus maestros y que m\u00e1s le han marcado en su trayectoria profesional?<\/strong><br \/>\nPor supuesto mis profesores universitarios, que acentuaron mi vocaci\u00f3n, pero tambi\u00e9n mis compa\u00f1eros y, sobre todo, muchos, muchos pacientes que han depositado su confianza en mis manos. La fisioterapia como cualquier profesi\u00f3n cient\u00edfica es un proceso de ensayo y error, y gracias a las experiencias adquiridas con cada paciente uno puede mejorar cada d\u00eda.<\/p>\n<p><strong>\u00bfQu\u00e9 consejos dar\u00eda a los que empiezan?<\/strong><br \/>\nOtra pregunta dif\u00edcil. No me gusta aconsejar pero s\u00ed que me atrevo a decir lo que no me gusta y recomiendo no hacer: mirar el reloj, hacer las cosas sin querer hacerlas o, en un momento inadecuado, no respetar a tus superiores y, por supuesto, no respetar a un paciente. Por otro lado, me gustar\u00eda recomendar algo que, a mi modo de ver, falta mucho hoy en d\u00eda; un poco de idealismo. Es decir, el hecho de trabajar a sabiendas de que te llevar\u00e1s algo m\u00e1s que un sueldo, el perseverar en la opini\u00f3n bien formada y no ser ego\u00edsta con el conocimiento.<\/p>\n<p><strong>\u00bfCu\u00e1l va a ser su labor en el \u2018Adecco Experience Day\u2019?<\/strong><br \/>\nSer\u00e9 el cicerone de un colega, aunque no pretendo ni mucho menos convertirme en eso. Simplemente espero poder mostrarle lo que es un d\u00eda de trabajo en equipo; yo solo soy un representante de un equipo de trabajo muy grande y muy profesional. Entre todos le mostraremos c\u00f3mo se disfruta una jornada en uno de los torneos de tenis m\u00e1s importantes de Espa\u00f1a y Europa.<\/p>\n<p>&#8212;&#8212;&#8212;&#8212;&#8212;&#8212;&#8212;&#8212;&#8212;&#8212;&#8212;&#8212;&#8212;&#8212;&#8212;&#8212;<\/p>\n<p><strong>EL EMPLEO EN FISIOTERAPIA<\/strong><br \/>\nLa formaci\u00f3n continua para la mejora de la capacidad asistencial, la especializaci\u00f3n a trav\u00e9s de la experiencia, y el esp\u00edritu cient\u00edfico, son los tres pilares en los que se asienta el \u00e9xito del fisioterapeuta actual, uno de los mejores exponentes de la fuerte evoluci\u00f3n que ha vivido la rama sanitaria durante los \u00faltimos diez a\u00f1os en nuestro pa\u00eds y en la que <a href=\"https:\/\/www.adecco.es\/error.html\" target=\"_blank\" rel=\"noopener\">Adecco <\/a>ha realizado una gran apuesta en la organizaci\u00f3n de los recursos humanos del <a href=\"https:\/\/www.madrid-open.com\/\" target=\"_blank\" rel=\"noopener\">Mutua Madrile\u00f1a Madrid Open<\/a>. Del profesional polivalente, cuyo valor diferencial era su trayectoria pr\u00e1ctica, se ha pasado al especialista en un campo determinado (principalmente la geriatr\u00eda, la traumatolog\u00eda y la asistencia a personas con d\u00e9ficit neurol\u00f3gicos), con conocimiento de idiomas (el franc\u00e9s, seguido del ingl\u00e9s) y, en alg\u00fan caso, con formaci\u00f3n de posgrado. \u00abNo es un aspecto determinante\u00bb,\u00a0 comenta Jorge D\u00edaz Ferrer, director comercial de <a href=\"https:\/\/www.adecco.es\/error.html\" target=\"_blank\" rel=\"noopener\">Adecco Medical &amp; Science<\/a>, quien sigue destacando el acumulo de experiencia, \u00aba ser posible en un terreno concreto de su actividad como la fisioterapia deportiva o las terapias manuales destinadas a rehabilitaci\u00f3n traumatol\u00f3gica\u00bb, como el mejor apoyo para el desarrollo de este especialista que cada vez es m\u00e1s demandado para puestos orientados a la asistencia en procesos de recuperaci\u00f3n y rehabilitaci\u00f3n.<\/p>\n","protected":false},"excerpt":{"rendered":"<p>Tom\u00e1s P\u00e9rez Fern\u00e1nde, coordinador del Servicio M\u00e9dico Madrid Open y mentor &#8216;Adecco Experience Day&#8217; habla de su trayectoria profesional y de cu\u00e1l ser\u00e1 su participaci\u00f3n en este proyecto que reunir\u00e1 a j\u00f3venes profesionales con diferentes expertos durante un d\u00eda de trabajo en el Mutua Madrile\u00f1a Madrid Open.<\/p>\n","protected":false},"author":35,"featured_media":29665,"comment_status":"closed","ping_status":"open","sticky":false,"template":"","format":"standard","meta":{"footnotes":""},"categories":[3],"tags":[1482,1483],"class_list":["post-8377","post","type-post","status-publish","format-standard","has-post-thumbnail","hentry","category-actualidad","tag-adecco-experience-day","tag-mutua-madrilena-madrid-open"],"yoast_head":"<!-- This site is optimized with the Yoast SEO plugin v26.1.1 - https:\/\/yoast.com\/wordpress\/plugins\/seo\/ -->\n<title>&quot;En esta profesi\u00f3n no hay que ser ego\u00edsta con el conocimiento&quot; | HRTRENDS<\/title>\n<meta name=\"robots\" content=\"index, follow, max-snippet:-1, max-image-preview:large, max-video-preview:-1\" \/>\n<link rel=\"canonical\" href=\"https:\/\/empresas.infoempleo.com\/hrtrends\/en-esta-profesion-no-hay-que-ser-egoista-con-el-conocimiento\/\" \/>\n<meta property=\"og:locale\" content=\"es_ES\" \/>\n<meta property=\"og:type\" content=\"article\" \/>\n<meta property=\"og:title\" content=\"&quot;En esta profesi\u00f3n no hay que ser ego\u00edsta con el conocimiento&quot; | HRTRENDS\" \/>\n<meta property=\"og:description\" content=\"Tom\u00e1s P\u00e9rez Fern\u00e1nde, coordinador del Servicio M\u00e9dico Madrid Open y mentor &#039;Adecco Experience Day&#039; habla de su trayectoria profesional y de cu\u00e1l ser\u00e1 su participaci\u00f3n en este proyecto que reunir\u00e1 a j\u00f3venes profesionales con diferentes expertos durante un d\u00eda de trabajo en el Mutua Madrile\u00f1a Madrid Open.\" \/>\n<meta property=\"og:url\" content=\"https:\/\/empresas.infoempleo.com\/hrtrends\/en-esta-profesion-no-hay-que-ser-egoista-con-el-conocimiento\/\" \/>\n<meta property=\"og:site_name\" content=\"HRTRENDS\" \/>\n<meta property=\"article:publisher\" content=\"https:\/\/www.facebook.com\/Infoempleo\" \/>\n<meta property=\"article:published_time\" content=\"2010-04-12T09:21:58+00:00\" \/>\n<meta property=\"article:modified_time\" content=\"2023-03-13T17:16:51+00:00\" \/>\n<meta property=\"og:image\" content=\"https:\/\/empresas.infoempleo.com\/hrtrends\/media\/2017\/05\/pexels-photo-205508.jpg\" \/>\n\t<meta property=\"og:image:width\" content=\"1280\" \/>\n\t<meta property=\"og:image:height\" content=\"960\" \/>\n\t<meta property=\"og:image:type\" content=\"image\/jpeg\" \/>\n<meta name=\"author\" content=\"Laura de Cubas\" \/>\n<meta name=\"twitter:card\" content=\"summary_large_image\" \/>\n<meta name=\"twitter:creator\" content=\"@infoempleo\" \/>\n<meta name=\"twitter:site\" content=\"@infoempleo\" \/>\n<meta name=\"twitter:label1\" content=\"Escrito por\" \/>\n\t<meta name=\"twitter:data1\" content=\"Laura de Cubas\" \/>\n\t<meta name=\"twitter:label2\" content=\"Tiempo de lectura\" \/>\n\t<meta name=\"twitter:data2\" content=\"4 minutos\" \/>\n<script type=\"application\/ld+json\" class=\"yoast-schema-graph\">{\"@context\":\"https:\/\/schema.org\",\"@graph\":[{\"@type\":\"NewsArticle\",\"@id\":\"https:\/\/empresas.infoempleo.com\/hrtrends\/en-esta-profesion-no-hay-que-ser-egoista-con-el-conocimiento\/#article\",\"isPartOf\":{\"@id\":\"https:\/\/empresas.infoempleo.com\/hrtrends\/en-esta-profesion-no-hay-que-ser-egoista-con-el-conocimiento\/\"},\"author\":{\"name\":\"Laura de Cubas\",\"@id\":\"https:\/\/empresas.infoempleo.com\/hrtrends\/#\/schema\/person\/eee830fc2082cd3b52302e59ea0d2c05\"},\"headline\":\"\u00abEn esta profesi\u00f3n no hay que ser ego\u00edsta con el conocimiento\u00bb\",\"datePublished\":\"2010-04-12T09:21:58+00:00\",\"dateModified\":\"2023-03-13T17:16:51+00:00\",\"mainEntityOfPage\":{\"@id\":\"https:\/\/empresas.infoempleo.com\/hrtrends\/en-esta-profesion-no-hay-que-ser-egoista-con-el-conocimiento\/\"},\"wordCount\":826,\"publisher\":{\"@id\":\"https:\/\/empresas.infoempleo.com\/hrtrends\/#organization\"},\"image\":{\"@id\":\"https:\/\/empresas.infoempleo.com\/hrtrends\/en-esta-profesion-no-hay-que-ser-egoista-con-el-conocimiento\/#primaryimage\"},\"thumbnailUrl\":\"https:\/\/empresas.infoempleo.com\/hrtrends\/media\/2017\/05\/pexels-photo-205508.jpg\",\"keywords\":[\"Adecco Experience Day\",\"Mutua Madrile\u00f1a Madrid Open\"],\"articleSection\":[\"Actualidad\"],\"inLanguage\":\"es\",\"copyrightYear\":\"2010\",\"copyrightHolder\":{\"@id\":\"https:\/\/empresas.infoempleo.com\/hrtrends\/#organization\"}},{\"@type\":\"WebPage\",\"@id\":\"https:\/\/empresas.infoempleo.com\/hrtrends\/en-esta-profesion-no-hay-que-ser-egoista-con-el-conocimiento\/\",\"url\":\"https:\/\/empresas.infoempleo.com\/hrtrends\/en-esta-profesion-no-hay-que-ser-egoista-con-el-conocimiento\/\",\"name\":\"\\\"En esta profesi\u00f3n no hay que ser ego\u00edsta con el conocimiento\\\" | HRTRENDS\",\"isPartOf\":{\"@id\":\"https:\/\/empresas.infoempleo.com\/hrtrends\/#website\"},\"primaryImageOfPage\":{\"@id\":\"https:\/\/empresas.infoempleo.com\/hrtrends\/en-esta-profesion-no-hay-que-ser-egoista-con-el-conocimiento\/#primaryimage\"},\"image\":{\"@id\":\"https:\/\/empresas.infoempleo.com\/hrtrends\/en-esta-profesion-no-hay-que-ser-egoista-con-el-conocimiento\/#primaryimage\"},\"thumbnailUrl\":\"https:\/\/empresas.infoempleo.com\/hrtrends\/media\/2017\/05\/pexels-photo-205508.jpg\",\"datePublished\":\"2010-04-12T09:21:58+00:00\",\"dateModified\":\"2023-03-13T17:16:51+00:00\",\"breadcrumb\":{\"@id\":\"https:\/\/empresas.infoempleo.com\/hrtrends\/en-esta-profesion-no-hay-que-ser-egoista-con-el-conocimiento\/#breadcrumb\"},\"inLanguage\":\"es\",\"potentialAction\":[{\"@type\":\"ReadAction\",\"target\":[\"https:\/\/empresas.infoempleo.com\/hrtrends\/en-esta-profesion-no-hay-que-ser-egoista-con-el-conocimiento\/\"]}]},{\"@type\":\"ImageObject\",\"inLanguage\":\"es\",\"@id\":\"https:\/\/empresas.infoempleo.com\/hrtrends\/en-esta-profesion-no-hay-que-ser-egoista-con-el-conocimiento\/#primaryimage\",\"url\":\"https:\/\/empresas.infoempleo.com\/hrtrends\/media\/2017\/05\/pexels-photo-205508-150x150.jpg\",\"contentUrl\":\"https:\/\/empresas.infoempleo.com\/hrtrends\/media\/2017\/05\/pexels-photo-205508-150x150.jpg\",\"width\":150,\"height\":150},{\"@type\":\"BreadcrumbList\",\"@id\":\"https:\/\/empresas.infoempleo.com\/hrtrends\/en-esta-profesion-no-hay-que-ser-egoista-con-el-conocimiento\/#breadcrumb\",\"itemListElement\":[{\"@type\":\"ListItem\",\"position\":1,\"name\":\"Portada\",\"item\":\"https:\/\/empresas.infoempleo.com\/hrtrends\/\"},{\"@type\":\"ListItem\",\"position\":2,\"name\":\"\u00abEn esta profesi\u00f3n no hay que ser ego\u00edsta con el conocimiento\u00bb\"}]},{\"@type\":\"WebSite\",\"@id\":\"https:\/\/empresas.infoempleo.com\/hrtrends\/#website\",\"url\":\"https:\/\/empresas.infoempleo.com\/hrtrends\",\"name\":\"HRTrends by Infoempleo\",\"description\":\"\",\"publisher\":{\"@id\":\"https:\/\/empresas.infoempleo.com\/hrtrends\/#organization\"},\"potentialAction\":{\"@type\":\"SearchAction\",\"target\":\"https:\/\/empresas.infoempleo.com\/hrtrends\/?s={search_term_string}\",\"query-input\":\"required name=search_term_string\"},\"inLanguage\":\"es\"},{\"@type\":\"Organization\",\"@id\":\"https:\/\/empresas.infoempleo.com\/hrtrends\/#organization\",\"name\":\"Infoempleo\",\"url\":\"https:\/\/www.infoempleo.com\/\",\"logo\":{\"@type\":\"ImageObject\",\"@id\":\"https:\/\/empresas.infoempleo.com\/hrtrends\/#logo\",\"inLanguage\":\"es\",\"url\":\"https:\/\/cdnazure.infoempleo.com\/infoempleo\/assets\/style\/gfx\/logo.svg\",\"contentUrl\":\"https:\/\/cdnazure.infoempleo.com\/infoempleo\/assets\/style\/gfx\/logo.svg\",\"width\":150,\"height\":40,\"caption\":\"Infoempleo\"},\"image\":{\"@id\":\"https:\/\/empresas.infoempleo.com\/hrtrends\/#logo\"},\"sameAs\":[\"https:\/\/www.facebook.com\/Infoempleo\",\"https:\/\/x.com\/infoempleo\",\"http:\/\/instagram.com\/infoempleo\/\",\"http:\/\/www.linkedin.com\/groups\/Empleo-Espa\u00f1a-Infoempleocom-111276\",\"http:\/\/pinterest.com\/infoempleo\/\"],\"address\":{\"@type\":\"PostalAddress\",\"addressLocality\":\"Madrid\",\"postalCode\":\"28050\",\"streetAddress\":\"Avenida de Burgos 114\"},\"brand\":[\"Infoempleo\"]},{\"@type\":\"Person\",\"@id\":\"https:\/\/empresas.infoempleo.com\/hrtrends\/#\/schema\/person\/eee830fc2082cd3b52302e59ea0d2c05\",\"name\":\"Laura de Cubas\",\"image\":{\"@type\":\"ImageObject\",\"inLanguage\":\"es\",\"@id\":\"https:\/\/empresas.infoempleo.com\/hrtrends\/#\/schema\/person\/image\/\",\"url\":\"https:\/\/secure.gravatar.com\/avatar\/c13d88dcd67943e13f74372e711c3ba2accf296b195ba5dd59566bd5f5df94c8?s=96&d=mm&r=g\",\"contentUrl\":\"https:\/\/secure.gravatar.com\/avatar\/c13d88dcd67943e13f74372e711c3ba2accf296b195ba5dd59566bd5f5df94c8?s=96&d=mm&r=g\",\"caption\":\"Laura de Cubas\"},\"url\":\"https:\/\/empresas.infoempleo.com\/hrtrends\/author\/laura-de-cubas\/\"}]}<\/script>\n<!-- \/ Yoast SEO plugin. -->","yoast_head_json":{"title":"\"En esta profesi\u00f3n no hay que ser ego\u00edsta con el conocimiento\" | HRTRENDS","robots":{"index":"index","follow":"follow","max-snippet":"max-snippet:-1","max-image-preview":"max-image-preview:large","max-video-preview":"max-video-preview:-1"},"canonical":"https:\/\/empresas.infoempleo.com\/hrtrends\/en-esta-profesion-no-hay-que-ser-egoista-con-el-conocimiento\/","og_locale":"es_ES","og_type":"article","og_title":"\"En esta profesi\u00f3n no hay que ser ego\u00edsta con el conocimiento\" | HRTRENDS","og_description":"Tom\u00e1s P\u00e9rez Fern\u00e1nde, coordinador del Servicio M\u00e9dico Madrid Open y mentor 'Adecco Experience Day' habla de su trayectoria profesional y de cu\u00e1l ser\u00e1 su participaci\u00f3n en este proyecto que reunir\u00e1 a j\u00f3venes profesionales con diferentes expertos durante un d\u00eda de trabajo en el Mutua Madrile\u00f1a Madrid Open.","og_url":"https:\/\/empresas.infoempleo.com\/hrtrends\/en-esta-profesion-no-hay-que-ser-egoista-con-el-conocimiento\/","og_site_name":"HRTRENDS","article_publisher":"https:\/\/www.facebook.com\/Infoempleo","article_published_time":"2010-04-12T09:21:58+00:00","article_modified_time":"2023-03-13T17:16:51+00:00","og_image":[{"width":1280,"height":960,"url":"https:\/\/empresas.infoempleo.com\/hrtrends\/media\/2017\/05\/pexels-photo-205508.jpg","type":"image\/jpeg"}],"author":"Laura de Cubas","twitter_card":"summary_large_image","twitter_creator":"@infoempleo","twitter_site":"@infoempleo","twitter_misc":{"Escrito por":"Laura de Cubas","Tiempo de lectura":"4 minutos"},"schema":{"@context":"https:\/\/schema.org","@graph":[{"@type":"NewsArticle","@id":"https:\/\/empresas.infoempleo.com\/hrtrends\/en-esta-profesion-no-hay-que-ser-egoista-con-el-conocimiento\/#article","isPartOf":{"@id":"https:\/\/empresas.infoempleo.com\/hrtrends\/en-esta-profesion-no-hay-que-ser-egoista-con-el-conocimiento\/"},"author":{"name":"Laura de Cubas","@id":"https:\/\/empresas.infoempleo.com\/hrtrends\/#\/schema\/person\/eee830fc2082cd3b52302e59ea0d2c05"},"headline":"\u00abEn esta profesi\u00f3n no hay que ser ego\u00edsta con el conocimiento\u00bb","datePublished":"2010-04-12T09:21:58+00:00","dateModified":"2023-03-13T17:16:51+00:00","mainEntityOfPage":{"@id":"https:\/\/empresas.infoempleo.com\/hrtrends\/en-esta-profesion-no-hay-que-ser-egoista-con-el-conocimiento\/"},"wordCount":826,"publisher":{"@id":"https:\/\/empresas.infoempleo.com\/hrtrends\/#organization"},"image":{"@id":"https:\/\/empresas.infoempleo.com\/hrtrends\/en-esta-profesion-no-hay-que-ser-egoista-con-el-conocimiento\/#primaryimage"},"thumbnailUrl":"https:\/\/empresas.infoempleo.com\/hrtrends\/media\/2017\/05\/pexels-photo-205508.jpg","keywords":["Adecco Experience Day","Mutua Madrile\u00f1a Madrid Open"],"articleSection":["Actualidad"],"inLanguage":"es","copyrightYear":"2010","copyrightHolder":{"@id":"https:\/\/empresas.infoempleo.com\/hrtrends\/#organization"}},{"@type":"WebPage","@id":"https:\/\/empresas.infoempleo.com\/hrtrends\/en-esta-profesion-no-hay-que-ser-egoista-con-el-conocimiento\/","url":"https:\/\/empresas.infoempleo.com\/hrtrends\/en-esta-profesion-no-hay-que-ser-egoista-con-el-conocimiento\/","name":"\"En esta profesi\u00f3n no hay que ser ego\u00edsta con el conocimiento\" | HRTRENDS","isPartOf":{"@id":"https:\/\/empresas.infoempleo.com\/hrtrends\/#website"},"primaryImageOfPage":{"@id":"https:\/\/empresas.infoempleo.com\/hrtrends\/en-esta-profesion-no-hay-que-ser-egoista-con-el-conocimiento\/#primaryimage"},"image":{"@id":"https:\/\/empresas.infoempleo.com\/hrtrends\/en-esta-profesion-no-hay-que-ser-egoista-con-el-conocimiento\/#primaryimage"},"thumbnailUrl":"https:\/\/empresas.infoempleo.com\/hrtrends\/media\/2017\/05\/pexels-photo-205508.jpg","datePublished":"2010-04-12T09:21:58+00:00","dateModified":"2023-03-13T17:16:51+00:00","breadcrumb":{"@id":"https:\/\/empresas.infoempleo.com\/hrtrends\/en-esta-profesion-no-hay-que-ser-egoista-con-el-conocimiento\/#breadcrumb"},"inLanguage":"es","potentialAction":[{"@type":"ReadAction","target":["https:\/\/empresas.infoempleo.com\/hrtrends\/en-esta-profesion-no-hay-que-ser-egoista-con-el-conocimiento\/"]}]},{"@type":"ImageObject","inLanguage":"es","@id":"https:\/\/empresas.infoempleo.com\/hrtrends\/en-esta-profesion-no-hay-que-ser-egoista-con-el-conocimiento\/#primaryimage","url":"https:\/\/empresas.infoempleo.com\/hrtrends\/media\/2017\/05\/pexels-photo-205508-150x150.jpg","contentUrl":"https:\/\/empresas.infoempleo.com\/hrtrends\/media\/2017\/05\/pexels-photo-205508-150x150.jpg","width":150,"height":150},{"@type":"BreadcrumbList","@id":"https:\/\/empresas.infoempleo.com\/hrtrends\/en-esta-profesion-no-hay-que-ser-egoista-con-el-conocimiento\/#breadcrumb","itemListElement":[{"@type":"ListItem","position":1,"name":"Portada","item":"https:\/\/empresas.infoempleo.com\/hrtrends\/"},{"@type":"ListItem","position":2,"name":"\u00abEn esta profesi\u00f3n no hay que ser ego\u00edsta con el conocimiento\u00bb"}]},{"@type":"WebSite","@id":"https:\/\/empresas.infoempleo.com\/hrtrends\/#website","url":"https:\/\/empresas.infoempleo.com\/hrtrends","name":"HRTrends by Infoempleo","description":"","publisher":{"@id":"https:\/\/empresas.infoempleo.com\/hrtrends\/#organization"},"potentialAction":{"@type":"SearchAction","target":"https:\/\/empresas.infoempleo.com\/hrtrends\/?s={search_term_string}","query-input":"required name=search_term_string"},"inLanguage":"es"},{"@type":"Organization","@id":"https:\/\/empresas.infoempleo.com\/hrtrends\/#organization","name":"Infoempleo","url":"https:\/\/www.infoempleo.com\/","logo":{"@type":"ImageObject","@id":"https:\/\/empresas.infoempleo.com\/hrtrends\/#logo","inLanguage":"es","url":"https:\/\/cdnazure.infoempleo.com\/infoempleo\/assets\/style\/gfx\/logo.svg","contentUrl":"https:\/\/cdnazure.infoempleo.com\/infoempleo\/assets\/style\/gfx\/logo.svg","width":150,"height":40,"caption":"Infoempleo"},"image":{"@id":"https:\/\/empresas.infoempleo.com\/hrtrends\/#logo"},"sameAs":["https:\/\/www.facebook.com\/Infoempleo","https:\/\/x.com\/infoempleo","http:\/\/instagram.com\/infoempleo\/","http:\/\/www.linkedin.com\/groups\/Empleo-Espa\u00f1a-Infoempleocom-111276","http:\/\/pinterest.com\/infoempleo\/"],"address":{"@type":"PostalAddress","addressLocality":"Madrid","postalCode":"28050","streetAddress":"Avenida de Burgos 114"},"brand":["Infoempleo"]},{"@type":"Person","@id":"https:\/\/empresas.infoempleo.com\/hrtrends\/#\/schema\/person\/eee830fc2082cd3b52302e59ea0d2c05","name":"Laura de Cubas","image":{"@type":"ImageObject","inLanguage":"es","@id":"https:\/\/empresas.infoempleo.com\/hrtrends\/#\/schema\/person\/image\/","url":"https:\/\/secure.gravatar.com\/avatar\/c13d88dcd67943e13f74372e711c3ba2accf296b195ba5dd59566bd5f5df94c8?s=96&d=mm&r=g","contentUrl":"https:\/\/secure.gravatar.com\/avatar\/c13d88dcd67943e13f74372e711c3ba2accf296b195ba5dd59566bd5f5df94c8?s=96&d=mm&r=g","caption":"Laura de Cubas"},"url":"https:\/\/empresas.infoempleo.com\/hrtrends\/author\/laura-de-cubas\/"}]}},"amp_enabled":true,"_links":{"self":[{"href":"https:\/\/empresas.infoempleo.com\/hrtrends\/wp-json\/wp\/v2\/posts\/8377","targetHints":{"allow":["GET"]}}],"collection":[{"href":"https:\/\/empresas.infoempleo.com\/hrtrends\/wp-json\/wp\/v2\/posts"}],"about":[{"href":"https:\/\/empresas.infoempleo.com\/hrtrends\/wp-json\/wp\/v2\/types\/post"}],"author":[{"embeddable":true,"href":"https:\/\/empresas.infoempleo.com\/hrtrends\/wp-json\/wp\/v2\/users\/35"}],"replies":[{"embeddable":true,"href":"https:\/\/empresas.infoempleo.com\/hrtrends\/wp-json\/wp\/v2\/comments?post=8377"}],"version-history":[{"count":1,"href":"https:\/\/empresas.infoempleo.com\/hrtrends\/wp-json\/wp\/v2\/posts\/8377\/revisions"}],"predecessor-version":[{"id":43010,"href":"https:\/\/empresas.infoempleo.com\/hrtrends\/wp-json\/wp\/v2\/posts\/8377\/revisions\/43010"}],"wp:featuredmedia":[{"embeddable":true,"href":"https:\/\/empresas.infoempleo.com\/hrtrends\/wp-json\/wp\/v2\/media\/29665"}],"wp:attachment":[{"href":"https:\/\/empresas.infoempleo.com\/hrtrends\/wp-json\/wp\/v2\/media?parent=8377"}],"wp:term":[{"taxonomy":"category","embeddable":true,"href":"https:\/\/empresas.infoempleo.com\/hrtrends\/wp-json\/wp\/v2\/categories?post=8377"},{"taxonomy":"post_tag","embeddable":true,"href":"https:\/\/empresas.infoempleo.com\/hrtrends\/wp-json\/wp\/v2\/tags?post=8377"}],"curies":[{"name":"wp","href":"https:\/\/api.w.org\/{rel}","templated":true}]}}