{"id":8370,"date":"2010-04-12T09:29:26","date_gmt":"2010-04-12T08:29:26","guid":{"rendered":"http:\/\/blog.infoempleo.com\/?p=8370"},"modified":"2025-07-01T16:39:18","modified_gmt":"2025-07-01T14:39:18","slug":"la-mano-derecha-e-izquierda-del-jefe","status":"publish","type":"post","link":"https:\/\/empresas.infoempleo.com\/hrtrends\/la-mano-derecha-e-izquierda-del-jefe\/","title":{"rendered":"La mano derecha (e izquierda) del jefe"},"content":{"rendered":"<p><img loading=\"lazy\" decoding=\"async\" class=\"alignleft size-full wp-image-8371\" src=\"https:\/\/empresas.infoempleo.com\/hrtrends\/media\/2010\/04\/RC1.jpg\" alt=\"WORKING GIRL\" width=\"551\" height=\"365\" srcset=\"https:\/\/empresas.infoempleo.com\/hrtrends\/media\/2010\/04\/RC1.jpg 1280w, https:\/\/empresas.infoempleo.com\/hrtrends\/media\/2010\/04\/RC1-300x199.jpg 300w, https:\/\/empresas.infoempleo.com\/hrtrends\/media\/2010\/04\/RC1-1024x679.jpg 1024w, https:\/\/empresas.infoempleo.com\/hrtrends\/media\/2010\/04\/RC1-768x509.jpg 768w\" sizes=\"auto, (max-width: 551px) 100vw, 551px\" \/><\/p>\n<p>Sumisa, bloc de notas en ristre y sin despegarse de un alto ejecutivo. La imagen que aparece en esta p\u00e1gina, un fotograma de la pel\u00edcula \u2018Armas de Mujer\u2019 (1988), sintetiza a la perfecci\u00f3n el estereotipo que la figura de la secretaria ha tenido hasta hace bien poco. Sin embargo, Melanie Griffith (Tess en la ficci\u00f3n) demostraba en la cinta aludida todo lo contrario; gracias a su esfuerzo y pericia consegu\u00eda no s\u00f3lo desenmascarar los fraudes cometidos por su superior (Sigourney Weaver\/Katharine Parker), sino que, adem\u00e1s, guiaba a otro directivo (Harrison Ford\/Jack Trainer) en una fusi\u00f3n que le dar\u00eda el reconocimiento que le correspond\u00eda.<\/p>\n<p>\u00c9sta es, metaf\u00f3ricamente hablando, la trayectoria que la asistente, secretaria o auxiliar ha recorrido durante las \u00faltimas d\u00e9cadas hasta ser considerada una de las piezas m\u00e1s importantes, no de un departamento, sino de toda la empresa. Yolanda \u00c1lvarez, socia fundadora de Secretariaplus.com y actual directora general de Profesionalia, recuerda que cuando cre\u00f3 esta red la secretaria \u00abparec\u00eda que s\u00f3lo se dedicaba a gestionar la agenda del jefe y redactar documentos\u00bb. \u00abNos costaba horrores que una empresa viera la necesidad de formar a una auxiliar\u00bb, prosigue \u00c1lvarez, quien fund\u00f3 su empresa en un momento en el que, al menos, hab\u00eda un m\u00f3dulo de FP\u2014regulado por el Real Decreto 1658\/1994 del 24 de julio del Ministerio de Educaci\u00f3n y Ciencia\u2014 que establec\u00eda la capacitaci\u00f3n de estas expertas en la multitarea.<\/p>\n<p>Isabel Blas, licenciada en Ciencias de la Informaci\u00f3n, recuerda en su libro \u2018Al servicio de Su Majestad&#8230; el jefe\u2019 (Ediciones Bubok) que, cuando ella empez\u00f3, hace m\u00e1s de cincuenta a\u00f1os, la formaci\u00f3n era la recibida en el Servicio Social obligatorio de la <a href=\"https:\/\/es.wikipedia.org\/wiki\/Secci%C3%B3n_Femenina\" target=\"_blank\" rel=\"noopener\">Secci\u00f3n Femenina de la Falange<\/a>, de cuyos seis meses, \u00abtres los pasabas en una oficina\u00bb. Entonces, la preparaci\u00f3n se adquir\u00eda con la pr\u00e1ctica y, en el caso de Blas, que fue ganadora del concurso \u2018Mejor Secretaria SIMO\u2019 en 1971, \u00e9sta se desarroll\u00f3 en diferentes empresas espa\u00f1olas y estadounidenses del sector privado y en el Banco de Espa\u00f1a. Su batalla diaria era con el <a title=\"Enlace Telex\" href=\"https:\/\/es.wikipedia.org\/wiki\/Teletipo\" target=\"_blank\" rel=\"noopener\">t\u00e9lex<\/a> y la Lexicon 80, dos herramientas que han quedado ya en el olvido: \u00abLa evoluci\u00f3n derivada de las nuevas tecnolog\u00edas es maravillosa. En aquella \u00e9poca hasta poner una nota a pie de p\u00e1gina era una tarea compleja y terminabas por decirle al jefe: \u2018Por favor, no a\u00f1ada usted m\u00e1s\u2019\u00bb.<\/p>\n<p>Pero no todo ha cambiado. Si hay algo invariable, independientemente de los medios \u2014\u00bbPod\u00edas encontrar hasta dos secretarias en un mismo ordenador\u00bb, reconoce Blas en su libro\u2014, \u00e9sa es la polivalencia de la secretaria: \u00abTienes que desempe\u00f1ar muchas tareas a la vez, manejar informes, elaborar \u2018briefings\u2019\u00a0 y presentaciones de productos, organizar viajes, eventos&#8230;\u00bb<\/p>\n<p>Estas \u00abdirectoras en la sombra\u00bb, como las califica Yolanda \u00c1lvarez, se cuentan hoy por cientos de miles en Espa\u00f1a, en concreto, mill\u00f3n y medio. Muchos y muy diferentes perfiles que, aunque poco a poco han visto su tarea reconocida \u2014\u00bbmejor formaci\u00f3n y retribuci\u00f3n a cargo de la empresa y reconocimiento de compa\u00f1eros y jefes&#8230;\u00bb, comenta \u00c1lvarez\u2014, se encuentran con un escollo dif\u00edcil de salvar, la imposibilidad de promoci\u00f3n: \u00abHe vivido alg\u00fan caso de \u2018sucesi\u00f3n\u2019 de directivos por\u00a0 sus secretarias, pero no es lo com\u00fan\u00bb. S\u00ed lo es, en cambio, invitarlas a participar en la g\u00e9nesis de proyectos mientras avanzan de departamentos de base a direcci\u00f3n en pro, no de su reconocimiento como tal, sino de su fidelizaci\u00f3n, ya que \u00aben sus manos est\u00e1 gran parte de la compa\u00f1\u00eda\u00bb.<\/p>\n<p>Esos son, precisamente, los sue\u00f1os de Analore Lucas, recepcionista en Profesionalia, que a sus 27 a\u00f1os reconoce su vocaci\u00f3n por \u00abllegar a un departamento en el que me pueda desarrollar\u00bb. Tanto a ella como a esta figura, en general, todav\u00eda le queda camino, pero ya est\u00e1 en la buena senda. Como dec\u00eda <a href=\"https:\/\/www.carlysimon.com\/\" target=\"_blank\" rel=\"noopener\">Carly Simon<\/a> en la canci\u00f3n de cabecera de \u2018Armas de Mujer\u2019, \u00ablet the river run\u00bb ,[deja al r\u00edo correr].<\/p>\n","protected":false},"excerpt":{"rendered":"<p>Auxiliares, asistentes&#8230; no importa el nombre, pero s\u00ed su val\u00eda. De ellas depende gran parte del funcionamiento de la empresa.<\/p>\n","protected":false},"author":35,"featured_media":29665,"comment_status":"closed","ping_status":"open","sticky":false,"template":"","format":"standard","meta":{"footnotes":""},"categories":[3],"tags":[1473,1474,1475,1476,1477,1478,1479,1480,1481],"class_list":["post-8370","post","type-post","status-publish","format-standard","has-post-thumbnail","hentry","category-actualidad","tag-armas-de-mujer","tag-carly-simon","tag-harrison-ford","tag-isabel-blas","tag-melanie-griffith","tag-profesionalia","tag-secretariaplus-com","tag-sigourney-weaver","tag-yolanda-alvarez"],"yoast_head":"<!-- This site is optimized with the Yoast SEO plugin v26.1.1 - https:\/\/yoast.com\/wordpress\/plugins\/seo\/ -->\n<title>La mano derecha (e izquierda) del jefe | HRTRENDS<\/title>\n<meta name=\"robots\" content=\"index, follow, max-snippet:-1, max-image-preview:large, max-video-preview:-1\" \/>\n<link rel=\"canonical\" href=\"https:\/\/empresas.infoempleo.com\/hrtrends\/la-mano-derecha-e-izquierda-del-jefe\/\" \/>\n<meta property=\"og:locale\" content=\"es_ES\" \/>\n<meta property=\"og:type\" content=\"article\" \/>\n<meta property=\"og:title\" content=\"La mano derecha (e izquierda) del jefe | HRTRENDS\" \/>\n<meta property=\"og:description\" content=\"Auxiliares, asistentes... no importa el nombre, pero s\u00ed su val\u00eda. De ellas depende gran parte del funcionamiento de la empresa.\" \/>\n<meta property=\"og:url\" content=\"https:\/\/empresas.infoempleo.com\/hrtrends\/la-mano-derecha-e-izquierda-del-jefe\/\" \/>\n<meta property=\"og:site_name\" content=\"HRTRENDS\" \/>\n<meta property=\"article:publisher\" content=\"https:\/\/www.facebook.com\/Infoempleo\" \/>\n<meta property=\"article:published_time\" content=\"2010-04-12T08:29:26+00:00\" \/>\n<meta property=\"article:modified_time\" content=\"2025-07-01T14:39:18+00:00\" \/>\n<meta property=\"og:image\" content=\"https:\/\/empresas.infoempleo.com\/hrtrends\/media\/2010\/04\/RC1.jpg\" \/>\n<meta name=\"author\" content=\"Laura de Cubas\" \/>\n<meta name=\"twitter:card\" content=\"summary_large_image\" \/>\n<meta name=\"twitter:creator\" content=\"@infoempleo\" \/>\n<meta name=\"twitter:site\" content=\"@infoempleo\" \/>\n<meta name=\"twitter:label1\" content=\"Escrito por\" \/>\n\t<meta name=\"twitter:data1\" content=\"Laura de Cubas\" \/>\n\t<meta name=\"twitter:label2\" content=\"Tiempo de lectura\" \/>\n\t<meta name=\"twitter:data2\" content=\"3 minutos\" \/>\n<script type=\"application\/ld+json\" class=\"yoast-schema-graph\">{\"@context\":\"https:\/\/schema.org\",\"@graph\":[{\"@type\":\"NewsArticle\",\"@id\":\"https:\/\/empresas.infoempleo.com\/hrtrends\/la-mano-derecha-e-izquierda-del-jefe\/#article\",\"isPartOf\":{\"@id\":\"https:\/\/empresas.infoempleo.com\/hrtrends\/la-mano-derecha-e-izquierda-del-jefe\/\"},\"author\":{\"name\":\"Laura de Cubas\",\"@id\":\"https:\/\/empresas.infoempleo.com\/hrtrends\/#\/schema\/person\/eee830fc2082cd3b52302e59ea0d2c05\"},\"headline\":\"La mano derecha (e izquierda) del jefe\",\"datePublished\":\"2010-04-12T08:29:26+00:00\",\"dateModified\":\"2025-07-01T14:39:18+00:00\",\"mainEntityOfPage\":{\"@id\":\"https:\/\/empresas.infoempleo.com\/hrtrends\/la-mano-derecha-e-izquierda-del-jefe\/\"},\"wordCount\":702,\"publisher\":{\"@id\":\"https:\/\/empresas.infoempleo.com\/hrtrends\/#organization\"},\"image\":{\"@id\":\"https:\/\/empresas.infoempleo.com\/hrtrends\/la-mano-derecha-e-izquierda-del-jefe\/#primaryimage\"},\"thumbnailUrl\":\"https:\/\/empresas.infoempleo.com\/hrtrends\/media\/2017\/05\/pexels-photo-205508.jpg\",\"keywords\":[\"Armas de Mujer\",\"Carly Simon\",\"Harrison Ford\",\"Isabel Blas\",\"Melanie Griffith\",\"Profesionalia\",\"Secretariaplus.com\",\"Sigourney Weaver\",\"Yolanda \u00c1lvarez\"],\"articleSection\":[\"Actualidad\"],\"inLanguage\":\"es\",\"copyrightYear\":\"2010\",\"copyrightHolder\":{\"@id\":\"https:\/\/empresas.infoempleo.com\/hrtrends\/#organization\"}},{\"@type\":\"WebPage\",\"@id\":\"https:\/\/empresas.infoempleo.com\/hrtrends\/la-mano-derecha-e-izquierda-del-jefe\/\",\"url\":\"https:\/\/empresas.infoempleo.com\/hrtrends\/la-mano-derecha-e-izquierda-del-jefe\/\",\"name\":\"La mano derecha (e izquierda) del jefe | HRTRENDS\",\"isPartOf\":{\"@id\":\"https:\/\/empresas.infoempleo.com\/hrtrends\/#website\"},\"primaryImageOfPage\":{\"@id\":\"https:\/\/empresas.infoempleo.com\/hrtrends\/la-mano-derecha-e-izquierda-del-jefe\/#primaryimage\"},\"image\":{\"@id\":\"https:\/\/empresas.infoempleo.com\/hrtrends\/la-mano-derecha-e-izquierda-del-jefe\/#primaryimage\"},\"thumbnailUrl\":\"https:\/\/empresas.infoempleo.com\/hrtrends\/media\/2017\/05\/pexels-photo-205508.jpg\",\"datePublished\":\"2010-04-12T08:29:26+00:00\",\"dateModified\":\"2025-07-01T14:39:18+00:00\",\"breadcrumb\":{\"@id\":\"https:\/\/empresas.infoempleo.com\/hrtrends\/la-mano-derecha-e-izquierda-del-jefe\/#breadcrumb\"},\"inLanguage\":\"es\",\"potentialAction\":[{\"@type\":\"ReadAction\",\"target\":[\"https:\/\/empresas.infoempleo.com\/hrtrends\/la-mano-derecha-e-izquierda-del-jefe\/\"]}]},{\"@type\":\"ImageObject\",\"inLanguage\":\"es\",\"@id\":\"https:\/\/empresas.infoempleo.com\/hrtrends\/la-mano-derecha-e-izquierda-del-jefe\/#primaryimage\",\"url\":\"https:\/\/empresas.infoempleo.com\/hrtrends\/media\/2017\/05\/pexels-photo-205508-150x150.jpg\",\"contentUrl\":\"https:\/\/empresas.infoempleo.com\/hrtrends\/media\/2017\/05\/pexels-photo-205508-150x150.jpg\",\"width\":150,\"height\":150},{\"@type\":\"BreadcrumbList\",\"@id\":\"https:\/\/empresas.infoempleo.com\/hrtrends\/la-mano-derecha-e-izquierda-del-jefe\/#breadcrumb\",\"itemListElement\":[{\"@type\":\"ListItem\",\"position\":1,\"name\":\"Portada\",\"item\":\"https:\/\/empresas.infoempleo.com\/hrtrends\/\"},{\"@type\":\"ListItem\",\"position\":2,\"name\":\"La mano derecha (e izquierda) del jefe\"}]},{\"@type\":\"WebSite\",\"@id\":\"https:\/\/empresas.infoempleo.com\/hrtrends\/#website\",\"url\":\"https:\/\/empresas.infoempleo.com\/hrtrends\",\"name\":\"HRTrends by Infoempleo\",\"description\":\"\",\"publisher\":{\"@id\":\"https:\/\/empresas.infoempleo.com\/hrtrends\/#organization\"},\"potentialAction\":{\"@type\":\"SearchAction\",\"target\":\"https:\/\/empresas.infoempleo.com\/hrtrends\/?s={search_term_string}\",\"query-input\":\"required name=search_term_string\"},\"inLanguage\":\"es\"},{\"@type\":\"Organization\",\"@id\":\"https:\/\/empresas.infoempleo.com\/hrtrends\/#organization\",\"name\":\"Infoempleo\",\"url\":\"https:\/\/www.infoempleo.com\/\",\"logo\":{\"@type\":\"ImageObject\",\"@id\":\"https:\/\/empresas.infoempleo.com\/hrtrends\/#logo\",\"inLanguage\":\"es\",\"url\":\"https:\/\/cdnazure.infoempleo.com\/infoempleo\/assets\/style\/gfx\/logo.svg\",\"contentUrl\":\"https:\/\/cdnazure.infoempleo.com\/infoempleo\/assets\/style\/gfx\/logo.svg\",\"width\":150,\"height\":40,\"caption\":\"Infoempleo\"},\"image\":{\"@id\":\"https:\/\/empresas.infoempleo.com\/hrtrends\/#logo\"},\"sameAs\":[\"https:\/\/www.facebook.com\/Infoempleo\",\"https:\/\/x.com\/infoempleo\",\"http:\/\/instagram.com\/infoempleo\/\",\"http:\/\/www.linkedin.com\/groups\/Empleo-Espa\u00f1a-Infoempleocom-111276\",\"http:\/\/pinterest.com\/infoempleo\/\"],\"address\":{\"@type\":\"PostalAddress\",\"addressLocality\":\"Madrid\",\"postalCode\":\"28050\",\"streetAddress\":\"Avenida de Burgos 114\"},\"brand\":[\"Infoempleo\"]},{\"@type\":\"Person\",\"@id\":\"https:\/\/empresas.infoempleo.com\/hrtrends\/#\/schema\/person\/eee830fc2082cd3b52302e59ea0d2c05\",\"name\":\"Laura de Cubas\",\"image\":{\"@type\":\"ImageObject\",\"inLanguage\":\"es\",\"@id\":\"https:\/\/empresas.infoempleo.com\/hrtrends\/#\/schema\/person\/image\/\",\"url\":\"https:\/\/secure.gravatar.com\/avatar\/c13d88dcd67943e13f74372e711c3ba2accf296b195ba5dd59566bd5f5df94c8?s=96&d=mm&r=g\",\"contentUrl\":\"https:\/\/secure.gravatar.com\/avatar\/c13d88dcd67943e13f74372e711c3ba2accf296b195ba5dd59566bd5f5df94c8?s=96&d=mm&r=g\",\"caption\":\"Laura de Cubas\"},\"url\":\"https:\/\/empresas.infoempleo.com\/hrtrends\/author\/laura-de-cubas\/\"}]}<\/script>\n<!-- \/ Yoast SEO plugin. -->","yoast_head_json":{"title":"La mano derecha (e izquierda) del jefe | HRTRENDS","robots":{"index":"index","follow":"follow","max-snippet":"max-snippet:-1","max-image-preview":"max-image-preview:large","max-video-preview":"max-video-preview:-1"},"canonical":"https:\/\/empresas.infoempleo.com\/hrtrends\/la-mano-derecha-e-izquierda-del-jefe\/","og_locale":"es_ES","og_type":"article","og_title":"La mano derecha (e izquierda) del jefe | HRTRENDS","og_description":"Auxiliares, asistentes... no importa el nombre, pero s\u00ed su val\u00eda. De ellas depende gran parte del funcionamiento de la empresa.","og_url":"https:\/\/empresas.infoempleo.com\/hrtrends\/la-mano-derecha-e-izquierda-del-jefe\/","og_site_name":"HRTRENDS","article_publisher":"https:\/\/www.facebook.com\/Infoempleo","article_published_time":"2010-04-12T08:29:26+00:00","article_modified_time":"2025-07-01T14:39:18+00:00","og_image":[{"url":"https:\/\/empresas.infoempleo.com\/hrtrends\/media\/2010\/04\/RC1.jpg","type":"","width":"","height":""}],"author":"Laura de Cubas","twitter_card":"summary_large_image","twitter_creator":"@infoempleo","twitter_site":"@infoempleo","twitter_misc":{"Escrito por":"Laura de Cubas","Tiempo de lectura":"3 minutos"},"schema":{"@context":"https:\/\/schema.org","@graph":[{"@type":"NewsArticle","@id":"https:\/\/empresas.infoempleo.com\/hrtrends\/la-mano-derecha-e-izquierda-del-jefe\/#article","isPartOf":{"@id":"https:\/\/empresas.infoempleo.com\/hrtrends\/la-mano-derecha-e-izquierda-del-jefe\/"},"author":{"name":"Laura de Cubas","@id":"https:\/\/empresas.infoempleo.com\/hrtrends\/#\/schema\/person\/eee830fc2082cd3b52302e59ea0d2c05"},"headline":"La mano derecha (e izquierda) del jefe","datePublished":"2010-04-12T08:29:26+00:00","dateModified":"2025-07-01T14:39:18+00:00","mainEntityOfPage":{"@id":"https:\/\/empresas.infoempleo.com\/hrtrends\/la-mano-derecha-e-izquierda-del-jefe\/"},"wordCount":702,"publisher":{"@id":"https:\/\/empresas.infoempleo.com\/hrtrends\/#organization"},"image":{"@id":"https:\/\/empresas.infoempleo.com\/hrtrends\/la-mano-derecha-e-izquierda-del-jefe\/#primaryimage"},"thumbnailUrl":"https:\/\/empresas.infoempleo.com\/hrtrends\/media\/2017\/05\/pexels-photo-205508.jpg","keywords":["Armas de Mujer","Carly Simon","Harrison Ford","Isabel Blas","Melanie Griffith","Profesionalia","Secretariaplus.com","Sigourney Weaver","Yolanda \u00c1lvarez"],"articleSection":["Actualidad"],"inLanguage":"es","copyrightYear":"2010","copyrightHolder":{"@id":"https:\/\/empresas.infoempleo.com\/hrtrends\/#organization"}},{"@type":"WebPage","@id":"https:\/\/empresas.infoempleo.com\/hrtrends\/la-mano-derecha-e-izquierda-del-jefe\/","url":"https:\/\/empresas.infoempleo.com\/hrtrends\/la-mano-derecha-e-izquierda-del-jefe\/","name":"La mano derecha (e izquierda) del jefe | HRTRENDS","isPartOf":{"@id":"https:\/\/empresas.infoempleo.com\/hrtrends\/#website"},"primaryImageOfPage":{"@id":"https:\/\/empresas.infoempleo.com\/hrtrends\/la-mano-derecha-e-izquierda-del-jefe\/#primaryimage"},"image":{"@id":"https:\/\/empresas.infoempleo.com\/hrtrends\/la-mano-derecha-e-izquierda-del-jefe\/#primaryimage"},"thumbnailUrl":"https:\/\/empresas.infoempleo.com\/hrtrends\/media\/2017\/05\/pexels-photo-205508.jpg","datePublished":"2010-04-12T08:29:26+00:00","dateModified":"2025-07-01T14:39:18+00:00","breadcrumb":{"@id":"https:\/\/empresas.infoempleo.com\/hrtrends\/la-mano-derecha-e-izquierda-del-jefe\/#breadcrumb"},"inLanguage":"es","potentialAction":[{"@type":"ReadAction","target":["https:\/\/empresas.infoempleo.com\/hrtrends\/la-mano-derecha-e-izquierda-del-jefe\/"]}]},{"@type":"ImageObject","inLanguage":"es","@id":"https:\/\/empresas.infoempleo.com\/hrtrends\/la-mano-derecha-e-izquierda-del-jefe\/#primaryimage","url":"https:\/\/empresas.infoempleo.com\/hrtrends\/media\/2017\/05\/pexels-photo-205508-150x150.jpg","contentUrl":"https:\/\/empresas.infoempleo.com\/hrtrends\/media\/2017\/05\/pexels-photo-205508-150x150.jpg","width":150,"height":150},{"@type":"BreadcrumbList","@id":"https:\/\/empresas.infoempleo.com\/hrtrends\/la-mano-derecha-e-izquierda-del-jefe\/#breadcrumb","itemListElement":[{"@type":"ListItem","position":1,"name":"Portada","item":"https:\/\/empresas.infoempleo.com\/hrtrends\/"},{"@type":"ListItem","position":2,"name":"La mano derecha (e izquierda) del jefe"}]},{"@type":"WebSite","@id":"https:\/\/empresas.infoempleo.com\/hrtrends\/#website","url":"https:\/\/empresas.infoempleo.com\/hrtrends","name":"HRTrends by Infoempleo","description":"","publisher":{"@id":"https:\/\/empresas.infoempleo.com\/hrtrends\/#organization"},"potentialAction":{"@type":"SearchAction","target":"https:\/\/empresas.infoempleo.com\/hrtrends\/?s={search_term_string}","query-input":"required name=search_term_string"},"inLanguage":"es"},{"@type":"Organization","@id":"https:\/\/empresas.infoempleo.com\/hrtrends\/#organization","name":"Infoempleo","url":"https:\/\/www.infoempleo.com\/","logo":{"@type":"ImageObject","@id":"https:\/\/empresas.infoempleo.com\/hrtrends\/#logo","inLanguage":"es","url":"https:\/\/cdnazure.infoempleo.com\/infoempleo\/assets\/style\/gfx\/logo.svg","contentUrl":"https:\/\/cdnazure.infoempleo.com\/infoempleo\/assets\/style\/gfx\/logo.svg","width":150,"height":40,"caption":"Infoempleo"},"image":{"@id":"https:\/\/empresas.infoempleo.com\/hrtrends\/#logo"},"sameAs":["https:\/\/www.facebook.com\/Infoempleo","https:\/\/x.com\/infoempleo","http:\/\/instagram.com\/infoempleo\/","http:\/\/www.linkedin.com\/groups\/Empleo-Espa\u00f1a-Infoempleocom-111276","http:\/\/pinterest.com\/infoempleo\/"],"address":{"@type":"PostalAddress","addressLocality":"Madrid","postalCode":"28050","streetAddress":"Avenida de Burgos 114"},"brand":["Infoempleo"]},{"@type":"Person","@id":"https:\/\/empresas.infoempleo.com\/hrtrends\/#\/schema\/person\/eee830fc2082cd3b52302e59ea0d2c05","name":"Laura de Cubas","image":{"@type":"ImageObject","inLanguage":"es","@id":"https:\/\/empresas.infoempleo.com\/hrtrends\/#\/schema\/person\/image\/","url":"https:\/\/secure.gravatar.com\/avatar\/c13d88dcd67943e13f74372e711c3ba2accf296b195ba5dd59566bd5f5df94c8?s=96&d=mm&r=g","contentUrl":"https:\/\/secure.gravatar.com\/avatar\/c13d88dcd67943e13f74372e711c3ba2accf296b195ba5dd59566bd5f5df94c8?s=96&d=mm&r=g","caption":"Laura de Cubas"},"url":"https:\/\/empresas.infoempleo.com\/hrtrends\/author\/laura-de-cubas\/"}]}},"amp_enabled":true,"_links":{"self":[{"href":"https:\/\/empresas.infoempleo.com\/hrtrends\/wp-json\/wp\/v2\/posts\/8370","targetHints":{"allow":["GET"]}}],"collection":[{"href":"https:\/\/empresas.infoempleo.com\/hrtrends\/wp-json\/wp\/v2\/posts"}],"about":[{"href":"https:\/\/empresas.infoempleo.com\/hrtrends\/wp-json\/wp\/v2\/types\/post"}],"author":[{"embeddable":true,"href":"https:\/\/empresas.infoempleo.com\/hrtrends\/wp-json\/wp\/v2\/users\/35"}],"replies":[{"embeddable":true,"href":"https:\/\/empresas.infoempleo.com\/hrtrends\/wp-json\/wp\/v2\/comments?post=8370"}],"version-history":[{"count":6,"href":"https:\/\/empresas.infoempleo.com\/hrtrends\/wp-json\/wp\/v2\/posts\/8370\/revisions"}],"predecessor-version":[{"id":46857,"href":"https:\/\/empresas.infoempleo.com\/hrtrends\/wp-json\/wp\/v2\/posts\/8370\/revisions\/46857"}],"wp:featuredmedia":[{"embeddable":true,"href":"https:\/\/empresas.infoempleo.com\/hrtrends\/wp-json\/wp\/v2\/media\/29665"}],"wp:attachment":[{"href":"https:\/\/empresas.infoempleo.com\/hrtrends\/wp-json\/wp\/v2\/media?parent=8370"}],"wp:term":[{"taxonomy":"category","embeddable":true,"href":"https:\/\/empresas.infoempleo.com\/hrtrends\/wp-json\/wp\/v2\/categories?post=8370"},{"taxonomy":"post_tag","embeddable":true,"href":"https:\/\/empresas.infoempleo.com\/hrtrends\/wp-json\/wp\/v2\/tags?post=8370"}],"curies":[{"name":"wp","href":"https:\/\/api.w.org\/{rel}","templated":true}]}}