{"id":8366,"date":"2010-04-12T09:17:37","date_gmt":"2010-04-12T07:17:37","guid":{"rendered":"http:\/\/blog.infoempleo.com\/?p=8366"},"modified":"2019-01-04T10:34:00","modified_gmt":"2019-01-04T08:34:00","slug":"sin-derechos-por-culpa-de-la-falta-de-informacion","status":"publish","type":"post","link":"https:\/\/empresas.infoempleo.com\/hrtrends\/sin-derechos-por-culpa-de-la-falta-de-informacion\/","title":{"rendered":"Sin derechos por culpa de la falta de informaci\u00f3n"},"content":{"rendered":"<p>Ha pasado poco m\u00e1s de un a\u00f1o desde que el Consejo de Ministros terminara de dar forma y contenido a lo que el Estatuto del Trabajador Aut\u00f3nomo hab\u00eda perfilado acerca de la figura del trabajador econ\u00f3micamente dependiente (trade) en 2007. Desde ese momento, todo aquel aut\u00f3nomo que obtuviera, como m\u00ednimo, el 75% de sus ingresos de un solo cliente ten\u00eda tres meses \u2014transportistas y el de agentes de seguros tienen hasta el pr\u00f3ximo mes de octubre\u2014 para <strong>solicitar a esa empresa que formalizara su relaci\u00f3n mediante la <a class=\"wp-caption-dd\" title=\"model contrato trade\" href=\"http:\/\/www.elautonomo.es\/mostrafitxer.asp?id=15\" target=\"_blank\">conversi\u00f3n del contrato <\/a>y la inscripci\u00f3n del mismo en un registro especial del Servicio P\u00fablico de Empleo<\/strong>. De este modo, el trade obten\u00eda una serie de derechos y de reconocimientos y, adem\u00e1s, adquir\u00eda obligaciones con su cliente. Sin embargo, <strong>tan s\u00f3lo se han registrado en este tiempo 10.000 contratos<\/strong>, un insignificante 4% de los m\u00e1s de 250.000 aut\u00f3nomos dependientes que trabajan en Espa\u00f1a.<\/p>\n<p>Las ventajas de formalizar la relaci\u00f3n mediante este contrato, que siempre es mercantil y no de car\u00e1cter laboral, son evidentes para ambas partes. El aut\u00f3nomo dependiente<strong> no s\u00f3lo regula su situaci\u00f3n sino que obtiene derecho a interrumpir su actividad durante 18 d\u00edas al a\u00f1o, es decir, el equivalente a las vacaciones del asalariado<\/strong>; a cogerse una baja por maternidad; a tener una jornada diaria m\u00e1xima; a recibir una indemnizaci\u00f3n previamente pactada por cese del contrato&#8230; El empresario, por su lado, evita sorpresas desagradables como denuncias o juicios por parte de esos trabajadores. Entonces, \u00bfpor qu\u00e9 no se est\u00e1n cumpliendo las expectativas y son pocos los que se animan a formalizar la situaci\u00f3n?<\/p>\n<p>La abogada del \u00e1rea laboral de <a class=\"wp-caption-dd\" title=\"Cuatrecasas\" href=\"https:\/\/www.cuatrecasas.com\/es\/spain\/\" target=\"_blank\">Cuatrecasas<\/a>, <strong>M\u00aa \u00c1ngeles Moreno<\/strong> tiene claro que el origen de este problema reside en la falta de informaci\u00f3n. \u00abPara empezar hay muchos trade que no saben que lo son\u00bb, explica Moreno, y a\u00f1ade,<strong> \u00abmientras que el trabajador no comunique su condici\u00f3n al cliente, la empresa no tiene ninguna obligaci\u00f3n de registrar el contrato\u00bb<\/strong>. Pero, en muchas ocasiones, el desconocimiento es m\u00e1s bien temor a perder el trabajo. La letrada reconoce que muchas empresas demuestran ciertas reticencias: \u00abPrefieren seguir como hasta ahora y no forzar un cambio en sus pol\u00edticas de contrataci\u00f3n\u00bb. El aut\u00f3nomo es consciente de estas suspicacias y, de ah\u00ed ,que no se atreva a solicitar el cambio.<\/p>\n<p style=\"text-align: center\"><img loading=\"lazy\" decoding=\"async\" class=\"aligncenter size-full wp-image-8367\" src=\"https:\/\/empresas.infoempleo.com\/hrtrends\/media\/2010\/04\/aut21.jpg\" alt=\"contrato trade\" width=\"432\" height=\"288\" srcset=\"https:\/\/empresas.infoempleo.com\/hrtrends\/media\/2010\/04\/aut21.jpg 1140w, https:\/\/empresas.infoempleo.com\/hrtrends\/media\/2010\/04\/aut21-300x200.jpg 300w, https:\/\/empresas.infoempleo.com\/hrtrends\/media\/2010\/04\/aut21-1024x683.jpg 1024w, https:\/\/empresas.infoempleo.com\/hrtrends\/media\/2010\/04\/aut21-768x512.jpg 768w\" sizes=\"auto, (max-width: 432px) 100vw, 432px\" \/><\/p>\n<p>Frente a esto, <strong>Alberto Ara<\/strong>, de ATA, recomienda \u00abquitarse el miedo\u00bb. Y pone un ejemplo ilustrativo: \u00abUn trade entra a trabajar en una empresa que le hace comprarse una hormigonera, que vale 200.000 euros, y, de repente, decide rescindir la relaci\u00f3n. Si tuviera un contrato formalizado habr\u00eda podido fijar previamente la indemnizaci\u00f3n, pero si no es as\u00ed el juez, por defecto, suele dictar que la cantidad sea equivalente al desembolso que tuvo que realizar el aut\u00f3nomo. En este caso ser\u00edan 200.000 euros\u00bb. Es por este motivo que Moreno <strong>insiste siempre a sus clientes en que incluyan la indemnizaci\u00f3n en el contrato, pese a que no sea una cl\u00e1usula obligatoria.<\/strong><\/p>\n<p>A quienes a\u00fan no han comunicado su condici\u00f3n de trade y no han formalizado su situaci\u00f3n, los expertos aconsejan hacerlo. \u00abEn la pr\u00e1ctica se ha terminado el plazo de conversi\u00f3n, pero lo que se hace es finalizar el contrato anterior y firmar uno nuevo conforme a la legislaci\u00f3n actual\u00bb, aclara Moreno, que subraya el papel de los sindicatos y las asociaciones en el impulso de esta figura: \u00abDada la situaci\u00f3n de crisis, est\u00e1n m\u00e1s centrados en otros aspectos como conseguir <a class=\"wp-caption-dd\" title=\"Paro autonomos\" href=\"https:\/\/www.abc.es\/20091121\/economia-economia\/gobierno-aprueba-prestaciones-cese-20091121.html\" target=\"_blank\">la prestaci\u00f3n por cese de actividad<\/a>, el equivalente al \u2018paro\u2019 de los trabajadores por cuenta ajena\u00bb.<\/p>\n<h3>LAS CLA\u00daSULAS OBLIGATORIAS DEL CONTRATO<\/h3>\n<p><strong>1.<\/strong> <strong>Identificaci\u00f3n<\/strong>: Las partes que lo conciertan especifican nombre, direcci\u00f3n, DNI&#8230;<\/p>\n<p><strong>2. Objeto y causa<\/strong>: Definici\u00f3n de la actividad a realizar y del importe de la contraprestaci\u00f3n. Se aclara la periodicidad de ambos puntos.<\/p>\n<p><strong>3. R\u00e9gimen de interrupci\u00f3n<\/strong>: Duraci\u00f3n m\u00e1xima de la jornada; descanso semanal y la interrupci\u00f3n anual de actividad. Se establecen como m\u00ednimo 18 d\u00edas de vacaciones, que se pagar\u00e1n o no en funci\u00f3n de lo que decidan las partes.<\/p>\n<p><strong>4. Acuerdo de inter\u00e9s profesional<\/strong>: Se determina el acuerdo (equivalente a los convenios colectivos) aplicable en el caso de existir. Por ahora, apenas se han formalizado.<\/p>\n<p><strong>5. Precisar la condici\u00f3n<\/strong>: En el acuerdo debe constar la situaci\u00f3n de \u2018trade\u2019 respecto del cliente que lo contrata.<\/p>\n<p><strong>6. Otras cl\u00e1usulas no obligatorias<\/strong>: Preaviso; indemnizaci\u00f3n por cese de actividad; duraci\u00f3n de la relaci\u00f3n&#8230;<\/p>\n","protected":false},"excerpt":{"rendered":"<p>Ha pasado poco m\u00e1s de un a\u00f1o desde que el Consejo de Ministros terminara de dar forma y<a class=\"moretag\" href=\"https:\/\/empresas.infoempleo.com\/hrtrends\/sin-derechos-por-culpa-de-la-falta-de-informacion\/\"> Leer m\u00e1s<\/a><\/p>\n","protected":false},"author":33,"featured_media":29665,"comment_status":"closed","ping_status":"open","sticky":false,"template":"","format":"standard","meta":{"footnotes":""},"categories":[3],"tags":[757,1471,783,897,66],"class_list":["post-8366","post","type-post","status-publish","format-standard","has-post-thumbnail","hentry","category-actualidad","tag-autonomo","tag-clausulas","tag-contratos","tag-indemnizacion","tag-vacaciones"],"yoast_head":"<!-- This site is optimized with the Yoast SEO plugin v26.1.1 - https:\/\/yoast.com\/wordpress\/plugins\/seo\/ -->\n<title>Sin derechos por culpa de la falta de informaci\u00f3n | HRTRENDS<\/title>\n<meta name=\"robots\" content=\"index, follow, max-snippet:-1, max-image-preview:large, max-video-preview:-1\" \/>\n<link rel=\"canonical\" href=\"https:\/\/empresas.infoempleo.com\/hrtrends\/sin-derechos-por-culpa-de-la-falta-de-informacion\/\" \/>\n<meta property=\"og:locale\" content=\"es_ES\" \/>\n<meta property=\"og:type\" content=\"article\" \/>\n<meta property=\"og:title\" content=\"Sin derechos por culpa de la falta de informaci\u00f3n | HRTRENDS\" \/>\n<meta property=\"og:description\" content=\"Ha pasado poco m\u00e1s de un a\u00f1o desde que el Consejo de Ministros terminara de dar forma y Leer m\u00e1s\" \/>\n<meta property=\"og:url\" content=\"https:\/\/empresas.infoempleo.com\/hrtrends\/sin-derechos-por-culpa-de-la-falta-de-informacion\/\" \/>\n<meta property=\"og:site_name\" content=\"HRTRENDS\" \/>\n<meta property=\"article:publisher\" content=\"https:\/\/www.facebook.com\/Infoempleo\" \/>\n<meta property=\"article:published_time\" content=\"2010-04-12T07:17:37+00:00\" \/>\n<meta property=\"article:modified_time\" content=\"2019-01-04T08:34:00+00:00\" \/>\n<meta property=\"og:image\" content=\"https:\/\/empresas.infoempleo.com\/hrtrends\/media\/2017\/05\/pexels-photo-205508.jpg\" \/>\n\t<meta property=\"og:image:width\" content=\"1280\" \/>\n\t<meta property=\"og:image:height\" content=\"960\" \/>\n\t<meta property=\"og:image:type\" content=\"image\/jpeg\" \/>\n<meta name=\"author\" content=\"Cristina Mart\u00edn\" \/>\n<meta name=\"twitter:card\" content=\"summary_large_image\" \/>\n<meta name=\"twitter:creator\" content=\"@infoempleo\" \/>\n<meta name=\"twitter:site\" content=\"@infoempleo\" \/>\n<meta name=\"twitter:label1\" content=\"Escrito por\" \/>\n\t<meta name=\"twitter:data1\" content=\"Cristina Mart\u00edn\" \/>\n\t<meta name=\"twitter:label2\" content=\"Tiempo de lectura\" \/>\n\t<meta name=\"twitter:data2\" content=\"4 minutos\" \/>\n<script type=\"application\/ld+json\" class=\"yoast-schema-graph\">{\"@context\":\"https:\/\/schema.org\",\"@graph\":[{\"@type\":\"NewsArticle\",\"@id\":\"https:\/\/empresas.infoempleo.com\/hrtrends\/sin-derechos-por-culpa-de-la-falta-de-informacion\/#article\",\"isPartOf\":{\"@id\":\"https:\/\/empresas.infoempleo.com\/hrtrends\/sin-derechos-por-culpa-de-la-falta-de-informacion\/\"},\"author\":{\"name\":\"Cristina Mart\u00edn\",\"@id\":\"https:\/\/empresas.infoempleo.com\/hrtrends\/#\/schema\/person\/f211bd3f083559daff103f670fe968b8\"},\"headline\":\"Sin derechos por culpa de la falta de informaci\u00f3n\",\"datePublished\":\"2010-04-12T07:17:37+00:00\",\"dateModified\":\"2019-01-04T08:34:00+00:00\",\"mainEntityOfPage\":{\"@id\":\"https:\/\/empresas.infoempleo.com\/hrtrends\/sin-derechos-por-culpa-de-la-falta-de-informacion\/\"},\"wordCount\":791,\"publisher\":{\"@id\":\"https:\/\/empresas.infoempleo.com\/hrtrends\/#organization\"},\"image\":{\"@id\":\"https:\/\/empresas.infoempleo.com\/hrtrends\/sin-derechos-por-culpa-de-la-falta-de-informacion\/#primaryimage\"},\"thumbnailUrl\":\"https:\/\/empresas.infoempleo.com\/hrtrends\/media\/2017\/05\/pexels-photo-205508.jpg\",\"keywords\":[\"aut\u00f3nomo\",\"cl\u00e1usulas\",\"contratos\",\"indemnizaci\u00f3n\",\"vacaciones\"],\"articleSection\":[\"Actualidad\"],\"inLanguage\":\"es\",\"copyrightYear\":\"2010\",\"copyrightHolder\":{\"@id\":\"https:\/\/empresas.infoempleo.com\/hrtrends\/#organization\"}},{\"@type\":\"WebPage\",\"@id\":\"https:\/\/empresas.infoempleo.com\/hrtrends\/sin-derechos-por-culpa-de-la-falta-de-informacion\/\",\"url\":\"https:\/\/empresas.infoempleo.com\/hrtrends\/sin-derechos-por-culpa-de-la-falta-de-informacion\/\",\"name\":\"Sin derechos por culpa de la falta de informaci\u00f3n | HRTRENDS\",\"isPartOf\":{\"@id\":\"https:\/\/empresas.infoempleo.com\/hrtrends\/#website\"},\"primaryImageOfPage\":{\"@id\":\"https:\/\/empresas.infoempleo.com\/hrtrends\/sin-derechos-por-culpa-de-la-falta-de-informacion\/#primaryimage\"},\"image\":{\"@id\":\"https:\/\/empresas.infoempleo.com\/hrtrends\/sin-derechos-por-culpa-de-la-falta-de-informacion\/#primaryimage\"},\"thumbnailUrl\":\"https:\/\/empresas.infoempleo.com\/hrtrends\/media\/2017\/05\/pexels-photo-205508.jpg\",\"datePublished\":\"2010-04-12T07:17:37+00:00\",\"dateModified\":\"2019-01-04T08:34:00+00:00\",\"breadcrumb\":{\"@id\":\"https:\/\/empresas.infoempleo.com\/hrtrends\/sin-derechos-por-culpa-de-la-falta-de-informacion\/#breadcrumb\"},\"inLanguage\":\"es\",\"potentialAction\":[{\"@type\":\"ReadAction\",\"target\":[\"https:\/\/empresas.infoempleo.com\/hrtrends\/sin-derechos-por-culpa-de-la-falta-de-informacion\/\"]}]},{\"@type\":\"ImageObject\",\"inLanguage\":\"es\",\"@id\":\"https:\/\/empresas.infoempleo.com\/hrtrends\/sin-derechos-por-culpa-de-la-falta-de-informacion\/#primaryimage\",\"url\":\"https:\/\/empresas.infoempleo.com\/hrtrends\/media\/2017\/05\/pexels-photo-205508-150x150.jpg\",\"contentUrl\":\"https:\/\/empresas.infoempleo.com\/hrtrends\/media\/2017\/05\/pexels-photo-205508-150x150.jpg\",\"width\":150,\"height\":150},{\"@type\":\"BreadcrumbList\",\"@id\":\"https:\/\/empresas.infoempleo.com\/hrtrends\/sin-derechos-por-culpa-de-la-falta-de-informacion\/#breadcrumb\",\"itemListElement\":[{\"@type\":\"ListItem\",\"position\":1,\"name\":\"Portada\",\"item\":\"https:\/\/empresas.infoempleo.com\/hrtrends\/\"},{\"@type\":\"ListItem\",\"position\":2,\"name\":\"Sin derechos por culpa de la falta de informaci\u00f3n\"}]},{\"@type\":\"WebSite\",\"@id\":\"https:\/\/empresas.infoempleo.com\/hrtrends\/#website\",\"url\":\"https:\/\/empresas.infoempleo.com\/hrtrends\",\"name\":\"HRTrends by Infoempleo\",\"description\":\"\",\"publisher\":{\"@id\":\"https:\/\/empresas.infoempleo.com\/hrtrends\/#organization\"},\"potentialAction\":{\"@type\":\"SearchAction\",\"target\":\"https:\/\/empresas.infoempleo.com\/hrtrends\/?s={search_term_string}\",\"query-input\":\"required name=search_term_string\"},\"inLanguage\":\"es\"},{\"@type\":\"Organization\",\"@id\":\"https:\/\/empresas.infoempleo.com\/hrtrends\/#organization\",\"name\":\"Infoempleo\",\"url\":\"https:\/\/www.infoempleo.com\/\",\"logo\":{\"@type\":\"ImageObject\",\"@id\":\"https:\/\/empresas.infoempleo.com\/hrtrends\/#logo\",\"inLanguage\":\"es\",\"url\":\"https:\/\/cdnazure.infoempleo.com\/infoempleo\/assets\/style\/gfx\/logo.svg\",\"contentUrl\":\"https:\/\/cdnazure.infoempleo.com\/infoempleo\/assets\/style\/gfx\/logo.svg\",\"width\":150,\"height\":40,\"caption\":\"Infoempleo\"},\"image\":{\"@id\":\"https:\/\/empresas.infoempleo.com\/hrtrends\/#logo\"},\"sameAs\":[\"https:\/\/www.facebook.com\/Infoempleo\",\"https:\/\/x.com\/infoempleo\",\"http:\/\/instagram.com\/infoempleo\/\",\"http:\/\/www.linkedin.com\/groups\/Empleo-Espa\u00f1a-Infoempleocom-111276\",\"http:\/\/pinterest.com\/infoempleo\/\"],\"address\":{\"@type\":\"PostalAddress\",\"addressLocality\":\"Madrid\",\"postalCode\":\"28050\",\"streetAddress\":\"Avenida de Burgos 114\"},\"brand\":[\"Infoempleo\"]},{\"@type\":\"Person\",\"@id\":\"https:\/\/empresas.infoempleo.com\/hrtrends\/#\/schema\/person\/f211bd3f083559daff103f670fe968b8\",\"name\":\"Cristina Mart\u00edn\",\"image\":{\"@type\":\"ImageObject\",\"inLanguage\":\"es\",\"@id\":\"https:\/\/empresas.infoempleo.com\/hrtrends\/#\/schema\/person\/image\/\",\"url\":\"https:\/\/secure.gravatar.com\/avatar\/7a85ff01010a0d921dc9d1da42a82a70f74e2cd0329b7fc20ee2c1c08a97daed?s=96&d=mm&r=g\",\"contentUrl\":\"https:\/\/secure.gravatar.com\/avatar\/7a85ff01010a0d921dc9d1da42a82a70f74e2cd0329b7fc20ee2c1c08a97daed?s=96&d=mm&r=g\",\"caption\":\"Cristina Mart\u00edn\"},\"url\":\"https:\/\/empresas.infoempleo.com\/hrtrends\/author\/cristina-martin\/\"}]}<\/script>\n<!-- \/ Yoast SEO plugin. -->","yoast_head_json":{"title":"Sin derechos por culpa de la falta de informaci\u00f3n | HRTRENDS","robots":{"index":"index","follow":"follow","max-snippet":"max-snippet:-1","max-image-preview":"max-image-preview:large","max-video-preview":"max-video-preview:-1"},"canonical":"https:\/\/empresas.infoempleo.com\/hrtrends\/sin-derechos-por-culpa-de-la-falta-de-informacion\/","og_locale":"es_ES","og_type":"article","og_title":"Sin derechos por culpa de la falta de informaci\u00f3n | HRTRENDS","og_description":"Ha pasado poco m\u00e1s de un a\u00f1o desde que el Consejo de Ministros terminara de dar forma y Leer m\u00e1s","og_url":"https:\/\/empresas.infoempleo.com\/hrtrends\/sin-derechos-por-culpa-de-la-falta-de-informacion\/","og_site_name":"HRTRENDS","article_publisher":"https:\/\/www.facebook.com\/Infoempleo","article_published_time":"2010-04-12T07:17:37+00:00","article_modified_time":"2019-01-04T08:34:00+00:00","og_image":[{"width":1280,"height":960,"url":"https:\/\/empresas.infoempleo.com\/hrtrends\/media\/2017\/05\/pexels-photo-205508.jpg","type":"image\/jpeg"}],"author":"Cristina Mart\u00edn","twitter_card":"summary_large_image","twitter_creator":"@infoempleo","twitter_site":"@infoempleo","twitter_misc":{"Escrito por":"Cristina Mart\u00edn","Tiempo de lectura":"4 minutos"},"schema":{"@context":"https:\/\/schema.org","@graph":[{"@type":"NewsArticle","@id":"https:\/\/empresas.infoempleo.com\/hrtrends\/sin-derechos-por-culpa-de-la-falta-de-informacion\/#article","isPartOf":{"@id":"https:\/\/empresas.infoempleo.com\/hrtrends\/sin-derechos-por-culpa-de-la-falta-de-informacion\/"},"author":{"name":"Cristina Mart\u00edn","@id":"https:\/\/empresas.infoempleo.com\/hrtrends\/#\/schema\/person\/f211bd3f083559daff103f670fe968b8"},"headline":"Sin derechos por culpa de la falta de informaci\u00f3n","datePublished":"2010-04-12T07:17:37+00:00","dateModified":"2019-01-04T08:34:00+00:00","mainEntityOfPage":{"@id":"https:\/\/empresas.infoempleo.com\/hrtrends\/sin-derechos-por-culpa-de-la-falta-de-informacion\/"},"wordCount":791,"publisher":{"@id":"https:\/\/empresas.infoempleo.com\/hrtrends\/#organization"},"image":{"@id":"https:\/\/empresas.infoempleo.com\/hrtrends\/sin-derechos-por-culpa-de-la-falta-de-informacion\/#primaryimage"},"thumbnailUrl":"https:\/\/empresas.infoempleo.com\/hrtrends\/media\/2017\/05\/pexels-photo-205508.jpg","keywords":["aut\u00f3nomo","cl\u00e1usulas","contratos","indemnizaci\u00f3n","vacaciones"],"articleSection":["Actualidad"],"inLanguage":"es","copyrightYear":"2010","copyrightHolder":{"@id":"https:\/\/empresas.infoempleo.com\/hrtrends\/#organization"}},{"@type":"WebPage","@id":"https:\/\/empresas.infoempleo.com\/hrtrends\/sin-derechos-por-culpa-de-la-falta-de-informacion\/","url":"https:\/\/empresas.infoempleo.com\/hrtrends\/sin-derechos-por-culpa-de-la-falta-de-informacion\/","name":"Sin derechos por culpa de la falta de informaci\u00f3n | HRTRENDS","isPartOf":{"@id":"https:\/\/empresas.infoempleo.com\/hrtrends\/#website"},"primaryImageOfPage":{"@id":"https:\/\/empresas.infoempleo.com\/hrtrends\/sin-derechos-por-culpa-de-la-falta-de-informacion\/#primaryimage"},"image":{"@id":"https:\/\/empresas.infoempleo.com\/hrtrends\/sin-derechos-por-culpa-de-la-falta-de-informacion\/#primaryimage"},"thumbnailUrl":"https:\/\/empresas.infoempleo.com\/hrtrends\/media\/2017\/05\/pexels-photo-205508.jpg","datePublished":"2010-04-12T07:17:37+00:00","dateModified":"2019-01-04T08:34:00+00:00","breadcrumb":{"@id":"https:\/\/empresas.infoempleo.com\/hrtrends\/sin-derechos-por-culpa-de-la-falta-de-informacion\/#breadcrumb"},"inLanguage":"es","potentialAction":[{"@type":"ReadAction","target":["https:\/\/empresas.infoempleo.com\/hrtrends\/sin-derechos-por-culpa-de-la-falta-de-informacion\/"]}]},{"@type":"ImageObject","inLanguage":"es","@id":"https:\/\/empresas.infoempleo.com\/hrtrends\/sin-derechos-por-culpa-de-la-falta-de-informacion\/#primaryimage","url":"https:\/\/empresas.infoempleo.com\/hrtrends\/media\/2017\/05\/pexels-photo-205508-150x150.jpg","contentUrl":"https:\/\/empresas.infoempleo.com\/hrtrends\/media\/2017\/05\/pexels-photo-205508-150x150.jpg","width":150,"height":150},{"@type":"BreadcrumbList","@id":"https:\/\/empresas.infoempleo.com\/hrtrends\/sin-derechos-por-culpa-de-la-falta-de-informacion\/#breadcrumb","itemListElement":[{"@type":"ListItem","position":1,"name":"Portada","item":"https:\/\/empresas.infoempleo.com\/hrtrends\/"},{"@type":"ListItem","position":2,"name":"Sin derechos por culpa de la falta de informaci\u00f3n"}]},{"@type":"WebSite","@id":"https:\/\/empresas.infoempleo.com\/hrtrends\/#website","url":"https:\/\/empresas.infoempleo.com\/hrtrends","name":"HRTrends by Infoempleo","description":"","publisher":{"@id":"https:\/\/empresas.infoempleo.com\/hrtrends\/#organization"},"potentialAction":{"@type":"SearchAction","target":"https:\/\/empresas.infoempleo.com\/hrtrends\/?s={search_term_string}","query-input":"required name=search_term_string"},"inLanguage":"es"},{"@type":"Organization","@id":"https:\/\/empresas.infoempleo.com\/hrtrends\/#organization","name":"Infoempleo","url":"https:\/\/www.infoempleo.com\/","logo":{"@type":"ImageObject","@id":"https:\/\/empresas.infoempleo.com\/hrtrends\/#logo","inLanguage":"es","url":"https:\/\/cdnazure.infoempleo.com\/infoempleo\/assets\/style\/gfx\/logo.svg","contentUrl":"https:\/\/cdnazure.infoempleo.com\/infoempleo\/assets\/style\/gfx\/logo.svg","width":150,"height":40,"caption":"Infoempleo"},"image":{"@id":"https:\/\/empresas.infoempleo.com\/hrtrends\/#logo"},"sameAs":["https:\/\/www.facebook.com\/Infoempleo","https:\/\/x.com\/infoempleo","http:\/\/instagram.com\/infoempleo\/","http:\/\/www.linkedin.com\/groups\/Empleo-Espa\u00f1a-Infoempleocom-111276","http:\/\/pinterest.com\/infoempleo\/"],"address":{"@type":"PostalAddress","addressLocality":"Madrid","postalCode":"28050","streetAddress":"Avenida de Burgos 114"},"brand":["Infoempleo"]},{"@type":"Person","@id":"https:\/\/empresas.infoempleo.com\/hrtrends\/#\/schema\/person\/f211bd3f083559daff103f670fe968b8","name":"Cristina Mart\u00edn","image":{"@type":"ImageObject","inLanguage":"es","@id":"https:\/\/empresas.infoempleo.com\/hrtrends\/#\/schema\/person\/image\/","url":"https:\/\/secure.gravatar.com\/avatar\/7a85ff01010a0d921dc9d1da42a82a70f74e2cd0329b7fc20ee2c1c08a97daed?s=96&d=mm&r=g","contentUrl":"https:\/\/secure.gravatar.com\/avatar\/7a85ff01010a0d921dc9d1da42a82a70f74e2cd0329b7fc20ee2c1c08a97daed?s=96&d=mm&r=g","caption":"Cristina Mart\u00edn"},"url":"https:\/\/empresas.infoempleo.com\/hrtrends\/author\/cristina-martin\/"}]}},"amp_enabled":true,"_links":{"self":[{"href":"https:\/\/empresas.infoempleo.com\/hrtrends\/wp-json\/wp\/v2\/posts\/8366","targetHints":{"allow":["GET"]}}],"collection":[{"href":"https:\/\/empresas.infoempleo.com\/hrtrends\/wp-json\/wp\/v2\/posts"}],"about":[{"href":"https:\/\/empresas.infoempleo.com\/hrtrends\/wp-json\/wp\/v2\/types\/post"}],"author":[{"embeddable":true,"href":"https:\/\/empresas.infoempleo.com\/hrtrends\/wp-json\/wp\/v2\/users\/33"}],"replies":[{"embeddable":true,"href":"https:\/\/empresas.infoempleo.com\/hrtrends\/wp-json\/wp\/v2\/comments?post=8366"}],"version-history":[{"count":0,"href":"https:\/\/empresas.infoempleo.com\/hrtrends\/wp-json\/wp\/v2\/posts\/8366\/revisions"}],"wp:featuredmedia":[{"embeddable":true,"href":"https:\/\/empresas.infoempleo.com\/hrtrends\/wp-json\/wp\/v2\/media\/29665"}],"wp:attachment":[{"href":"https:\/\/empresas.infoempleo.com\/hrtrends\/wp-json\/wp\/v2\/media?parent=8366"}],"wp:term":[{"taxonomy":"category","embeddable":true,"href":"https:\/\/empresas.infoempleo.com\/hrtrends\/wp-json\/wp\/v2\/categories?post=8366"},{"taxonomy":"post_tag","embeddable":true,"href":"https:\/\/empresas.infoempleo.com\/hrtrends\/wp-json\/wp\/v2\/tags?post=8366"}],"curies":[{"name":"wp","href":"https:\/\/api.w.org\/{rel}","templated":true}]}}