{"id":8361,"date":"2010-04-12T09:22:01","date_gmt":"2010-04-12T08:22:01","guid":{"rendered":"http:\/\/blog.infoempleo.com\/?p=8361"},"modified":"2024-12-19T13:56:07","modified_gmt":"2024-12-19T11:56:07","slug":"el-gran-desconocido-entre-los-autonomos","status":"publish","type":"post","link":"https:\/\/empresas.infoempleo.com\/hrtrends\/el-gran-desconocido-entre-los-autonomos\/","title":{"rendered":"El gran desconocido entre los aut\u00f3nomos"},"content":{"rendered":"<p style=\"text-align: center\">\n<p>Puede que el chico que, alg\u00fan que otro d\u00eda, le lleva la compra del hipermercado a casa sea uno de ellos. <strong>Repartidores, transportistas, agentes de seguros y comerciales y tambi\u00e9n periodistas son las profesiones m\u00e1s frecuentes entre los m\u00e1s de 250.000 aut\u00f3nomos econ\u00f3micamente dependiente<\/strong>s \u2014conocidos tambi\u00e9n por sus siglas \u2018trade\u2019\u2014 que trabajan en nuestro pa\u00eds. Es decir, de los m\u00e1s de tres millones de trabajadores por cuenta propia, casi un 8% pertenece a este colectivo que recibe, como m\u00ednimo, un 75% de su retribuci\u00f3n de un solo cliente, aunque para la mayor\u00eda se suele tratar de su \u00fanica fuente de ingresos.<\/p>\n<p>Esta dependencia, que les convierte en un h\u00edbrido entre el asalariado y el aut\u00f3nomo general \u2014trabajan para una \u00fanica compa\u00f1\u00eda pero mantienen con ella una relaci\u00f3n mercantil, no laboral\u2014 ha otorgado a los trade una marcada vulnerabilidad que el <a class=\"wp-caption-dd\" title=\"Estatuto trabajo autonomo\" href=\"https:\/\/noticias.juridicas.com\/base_datos\/Laboral\/l20-2007.html\" target=\"_blank\" rel=\"noopener\">Estatuto del Trabajador Aut\u00f3nomo <\/a>ha intentado paliar desde que se aprob\u00f3 en julio de 2007. <strong>Gustavo Lejarriaga P\u00e9rez de las Vacas<\/strong>, que dirige la C\u00e1tedra de Empresa Individual y Trabajo Aut\u00f3nomo en la Universidad Complutense de Madrid, aclara que \u00abla dependencia en ning\u00fan caso es deseable; cuanto m\u00e1s diversa sea la clientela, mejor, pero las condiciones del mercado determinan que, en muchas ocasiones, haya un cliente principal frente a un aut\u00f3nomo que suele encontrarse en gran indefensi\u00f3n\u00bb. Las condiciones a las que se refiere Lejarriaga tienen bastante que ver con la tendencia de las empresas a externalizar o subcontratar aquellas labores no estrat\u00e9gicas de su ciclo productivo, lo que ha llevado a que en los \u00faltimos a\u00f1os esta figura haya crecido un 89%, seg\u00fan estima <strong>Alberto Ara<\/strong>, director del \u00e1rea que la Federaci\u00f3n Nacional de Aut\u00f3nomos ATA dedica a estos profesionales, quien tambi\u00e9n ha detectado que \u00abmuchas compa\u00f1\u00edas recurren a ellos para huir del cors\u00e9 de las relaciones laborales\u00bb.<\/p>\n<p>Ante este panorama, a Alberto Ara le parece de vital importancia la regulaci\u00f3n que el Estatuto ha hecho progresivamente de este colectivo, que para \u00e9l \u00abes el eslab\u00f3n m\u00e1s d\u00e9bil de la cadena productiva y hasta esa legislaci\u00f3n ten\u00eda todo su riesgo concentrado en un cliente\u00bb. Ahora, los aut\u00f3nomos econ\u00f3micamente dependientes han adquirido tanto derechos como obligaciones. La posibilidad de formalizar su relaci\u00f3n con la empresa cliente a trav\u00e9s de un contrato mercantil, aprobado por <a class=\"wp-caption-dd\" title=\"Real Decreto 197\/2009\" href=\"http:\/\/www.observatorionegociacioncolectiva.org\/comunes\/temp\/recursos\/99998\/170131.pdf\" target=\"_blank\" rel=\"noopener\">Real Decreto <\/a>el a\u00f1o pasado, ha sido uno de los aspectos m\u00e1s destacados ya que supon\u00eda el reconocimiento de algunos caballos de batalla de esta figura como<strong> las vacaciones \u2014un m\u00ednimo de 18 d\u00edas\u2014, la posibilidad de indemnizaci\u00f3n por cese de actividad o la adscripci\u00f3n a los acuerdos de inter\u00e9s profesional<\/strong>, \u00abuna especie de convenios colectivos de eficacia limitada\u00bb, aclara el experto de ATA.<\/p>\n<p>Sin embargo, los representantes del colectivo lamentan que desde ese a\u00f1o <strong>tan s\u00f3lo se hayan inscrito en el Ministerio de Trabajo 10.000 contratos de este tipo<\/strong>. \u00abLos motivos se encuentran \u2014expone el profesor Lejarriaga\u2014 en los efectos de la crisis en las empresas, en la inestabilidad del mercado de trabajo y tambi\u00e9n, evidentemente, en la insuficiente informaci\u00f3n que tienen empresarios y profesionales\u00bb. De esta misma opini\u00f3n es Ara que apostilla, \u00abmuchos \u2018trades\u2019 no han notificado a sus clientes su condici\u00f3n un poco por desconocimiento y un mucho por miedo, habida cuenta de c\u00f3mo est\u00e1 la situaci\u00f3n econ\u00f3mica\u00bb. Este temor es, pese a todo, infundando ya que no implica un desembolso para la empresa cliente, \u00abs\u00f3lo delimita las reglas de juego para ambas partes\u00bb.<\/p>\n<p>Otro de los puntos que vino a clarificar el Estatuto y que los integrantes del colectivo no dejan de recordar es <strong>la diferencia entre el trade y el falso aut\u00f3nomo<\/strong>. Con este apelativo se denomina a las personas que cotizan al RETA (R\u00e9gimen Especial de Trabajadores Aut\u00f3nomos) porque la empresa que le ofrece el empleo as\u00ed lo exige. Tiene horarios, un sueldo fijo, incluso, un puesto en la sede, \u00abpero si ma\u00f1ana deciden rescindir la relaci\u00f3n, en principio, no tiene ning\u00fan derecho\u00bb, se queja el representante de ATA. Para Lejarriaga esto no es ni m\u00e1s ni menos que \u00abun fraude de ley\u00bb. \u00abDesde mi punto de vista, un aut\u00f3nomo lo es por decisi\u00f3n propia y, en la medida que viene impuesto por terceros se pierde tal condici\u00f3n\u00bb. De la misma opini\u00f3n es la abogada laboralista <strong>M\u00aa \u00c1ngeles Moreno<\/strong> que reitera que \u00abeste aut\u00f3nomo en realidad no existe en la ley, pero es una situaci\u00f3n de hecho\u00bb. Y deja claro que si ese trabajador se asesora, puede conseguir que un juez determine su situaci\u00f3n como profesional por cuenta ajena.<\/p>\n<p>Para evitar confusiones entre esta figura y la del trade \u2014\u00bbhasta ahora, la l\u00ednea de separaci\u00f3n era muy difusa\u00bb, explica Ara\u2014, el art\u00edculo 11 del Estatuto establece <strong>una serie de requisitos que debe cumplir el profesional para ser considerado como trade<\/strong>. En concreto: no tener a su cargo trabajadores por cuenta ajena ni subcontratados; ejecutar su actividad de manera diferente a los asalariados de su cliente; disponer de material; tener criterios organizativos propios y percibir una contraprestaci\u00f3n econ\u00f3mica en funci\u00f3n del resultado.<\/p>\n","protected":false},"excerpt":{"rendered":"<p>Puede que el chico que, alg\u00fan que otro d\u00eda, le lleva la compra del hipermercado a casa sea<a class=\"moretag\" href=\"https:\/\/empresas.infoempleo.com\/hrtrends\/el-gran-desconocido-entre-los-autonomos\/\"> Leer m\u00e1s<\/a><\/p>\n","protected":false},"author":33,"featured_media":29665,"comment_status":"closed","ping_status":"open","sticky":false,"template":"","format":"standard","meta":{"footnotes":""},"categories":[3],"tags":[717,1464,718,552,1465,1467,1468,1469,1470],"class_list":["post-8361","post","type-post","status-publish","format-standard","has-post-thumbnail","hentry","category-actualidad","tag-ata","tag-autoempleo","tag-autonomos","tag-cuatrecasas","tag-dependiente","tag-falso-autonomo","tag-gustavo-lejarriaga","tag-trade","tag-universidad-complutense"],"yoast_head":"<!-- This site is optimized with the Yoast SEO plugin v26.1.1 - https:\/\/yoast.com\/wordpress\/plugins\/seo\/ -->\n<title>El gran desconocido entre los aut\u00f3nomos | HRTRENDS<\/title>\n<meta name=\"robots\" content=\"index, follow, max-snippet:-1, max-image-preview:large, max-video-preview:-1\" \/>\n<link rel=\"canonical\" href=\"https:\/\/empresas.infoempleo.com\/hrtrends\/el-gran-desconocido-entre-los-autonomos\/\" \/>\n<meta property=\"og:locale\" content=\"es_ES\" \/>\n<meta property=\"og:type\" content=\"article\" \/>\n<meta property=\"og:title\" content=\"El gran desconocido entre los aut\u00f3nomos | HRTRENDS\" \/>\n<meta property=\"og:description\" content=\"Puede que el chico que, alg\u00fan que otro d\u00eda, le lleva la compra del hipermercado a casa sea Leer m\u00e1s\" \/>\n<meta property=\"og:url\" content=\"https:\/\/empresas.infoempleo.com\/hrtrends\/el-gran-desconocido-entre-los-autonomos\/\" \/>\n<meta property=\"og:site_name\" content=\"HRTRENDS\" \/>\n<meta property=\"article:publisher\" content=\"https:\/\/www.facebook.com\/Infoempleo\" \/>\n<meta property=\"article:published_time\" content=\"2010-04-12T08:22:01+00:00\" \/>\n<meta property=\"article:modified_time\" content=\"2024-12-19T11:56:07+00:00\" \/>\n<meta name=\"author\" content=\"Cristina Mart\u00edn\" \/>\n<meta name=\"twitter:card\" content=\"summary_large_image\" \/>\n<meta name=\"twitter:creator\" content=\"@infoempleo\" \/>\n<meta name=\"twitter:site\" content=\"@infoempleo\" \/>\n<meta name=\"twitter:label1\" content=\"Escrito por\" \/>\n\t<meta name=\"twitter:data1\" content=\"Cristina Mart\u00edn\" \/>\n\t<meta name=\"twitter:label2\" content=\"Tiempo de lectura\" \/>\n\t<meta name=\"twitter:data2\" content=\"4 minutos\" \/>\n<script type=\"application\/ld+json\" class=\"yoast-schema-graph\">{\"@context\":\"https:\/\/schema.org\",\"@graph\":[{\"@type\":\"NewsArticle\",\"@id\":\"https:\/\/empresas.infoempleo.com\/hrtrends\/el-gran-desconocido-entre-los-autonomos\/#article\",\"isPartOf\":{\"@id\":\"https:\/\/empresas.infoempleo.com\/hrtrends\/el-gran-desconocido-entre-los-autonomos\/\"},\"author\":{\"name\":\"Cristina Mart\u00edn\",\"@id\":\"https:\/\/empresas.infoempleo.com\/hrtrends\/#\/schema\/person\/f211bd3f083559daff103f670fe968b8\"},\"headline\":\"El gran desconocido entre los aut\u00f3nomos\",\"datePublished\":\"2010-04-12T08:22:01+00:00\",\"dateModified\":\"2024-12-19T11:56:07+00:00\",\"mainEntityOfPage\":{\"@id\":\"https:\/\/empresas.infoempleo.com\/hrtrends\/el-gran-desconocido-entre-los-autonomos\/\"},\"wordCount\":900,\"publisher\":{\"@id\":\"https:\/\/empresas.infoempleo.com\/hrtrends\/#organization\"},\"image\":{\"@id\":\"https:\/\/empresas.infoempleo.com\/hrtrends\/el-gran-desconocido-entre-los-autonomos\/#primaryimage\"},\"thumbnailUrl\":\"https:\/\/empresas.infoempleo.com\/hrtrends\/media\/2017\/05\/pexels-photo-205508.jpg\",\"keywords\":[\"ATA\",\"autoempleo\",\"Aut\u00f3nomos\",\"Cuatrecasas\",\"dependiente\",\"falso aut\u00f3nomo\",\"Gustavo Lejarriaga\",\"trade\",\"Universidad Complutense\"],\"articleSection\":[\"Actualidad\"],\"inLanguage\":\"es\",\"copyrightYear\":\"2010\",\"copyrightHolder\":{\"@id\":\"https:\/\/empresas.infoempleo.com\/hrtrends\/#organization\"}},{\"@type\":\"WebPage\",\"@id\":\"https:\/\/empresas.infoempleo.com\/hrtrends\/el-gran-desconocido-entre-los-autonomos\/\",\"url\":\"https:\/\/empresas.infoempleo.com\/hrtrends\/el-gran-desconocido-entre-los-autonomos\/\",\"name\":\"El gran desconocido entre los aut\u00f3nomos | HRTRENDS\",\"isPartOf\":{\"@id\":\"https:\/\/empresas.infoempleo.com\/hrtrends\/#website\"},\"primaryImageOfPage\":{\"@id\":\"https:\/\/empresas.infoempleo.com\/hrtrends\/el-gran-desconocido-entre-los-autonomos\/#primaryimage\"},\"image\":{\"@id\":\"https:\/\/empresas.infoempleo.com\/hrtrends\/el-gran-desconocido-entre-los-autonomos\/#primaryimage\"},\"thumbnailUrl\":\"https:\/\/empresas.infoempleo.com\/hrtrends\/media\/2017\/05\/pexels-photo-205508.jpg\",\"datePublished\":\"2010-04-12T08:22:01+00:00\",\"dateModified\":\"2024-12-19T11:56:07+00:00\",\"breadcrumb\":{\"@id\":\"https:\/\/empresas.infoempleo.com\/hrtrends\/el-gran-desconocido-entre-los-autonomos\/#breadcrumb\"},\"inLanguage\":\"es\",\"potentialAction\":[{\"@type\":\"ReadAction\",\"target\":[\"https:\/\/empresas.infoempleo.com\/hrtrends\/el-gran-desconocido-entre-los-autonomos\/\"]}]},{\"@type\":\"ImageObject\",\"inLanguage\":\"es\",\"@id\":\"https:\/\/empresas.infoempleo.com\/hrtrends\/el-gran-desconocido-entre-los-autonomos\/#primaryimage\",\"url\":\"https:\/\/empresas.infoempleo.com\/hrtrends\/media\/2017\/05\/pexels-photo-205508-150x150.jpg\",\"contentUrl\":\"https:\/\/empresas.infoempleo.com\/hrtrends\/media\/2017\/05\/pexels-photo-205508-150x150.jpg\",\"width\":150,\"height\":150},{\"@type\":\"BreadcrumbList\",\"@id\":\"https:\/\/empresas.infoempleo.com\/hrtrends\/el-gran-desconocido-entre-los-autonomos\/#breadcrumb\",\"itemListElement\":[{\"@type\":\"ListItem\",\"position\":1,\"name\":\"Portada\",\"item\":\"https:\/\/empresas.infoempleo.com\/hrtrends\/\"},{\"@type\":\"ListItem\",\"position\":2,\"name\":\"El gran desconocido entre los aut\u00f3nomos\"}]},{\"@type\":\"WebSite\",\"@id\":\"https:\/\/empresas.infoempleo.com\/hrtrends\/#website\",\"url\":\"https:\/\/empresas.infoempleo.com\/hrtrends\",\"name\":\"HRTrends by Infoempleo\",\"description\":\"\",\"publisher\":{\"@id\":\"https:\/\/empresas.infoempleo.com\/hrtrends\/#organization\"},\"potentialAction\":{\"@type\":\"SearchAction\",\"target\":\"https:\/\/empresas.infoempleo.com\/hrtrends\/?s={search_term_string}\",\"query-input\":\"required name=search_term_string\"},\"inLanguage\":\"es\"},{\"@type\":\"Organization\",\"@id\":\"https:\/\/empresas.infoempleo.com\/hrtrends\/#organization\",\"name\":\"Infoempleo\",\"url\":\"https:\/\/www.infoempleo.com\/\",\"logo\":{\"@type\":\"ImageObject\",\"@id\":\"https:\/\/empresas.infoempleo.com\/hrtrends\/#logo\",\"inLanguage\":\"es\",\"url\":\"https:\/\/cdnazure.infoempleo.com\/infoempleo\/assets\/style\/gfx\/logo.svg\",\"contentUrl\":\"https:\/\/cdnazure.infoempleo.com\/infoempleo\/assets\/style\/gfx\/logo.svg\",\"width\":150,\"height\":40,\"caption\":\"Infoempleo\"},\"image\":{\"@id\":\"https:\/\/empresas.infoempleo.com\/hrtrends\/#logo\"},\"sameAs\":[\"https:\/\/www.facebook.com\/Infoempleo\",\"https:\/\/x.com\/infoempleo\",\"http:\/\/instagram.com\/infoempleo\/\",\"http:\/\/www.linkedin.com\/groups\/Empleo-Espa\u00f1a-Infoempleocom-111276\",\"http:\/\/pinterest.com\/infoempleo\/\"],\"address\":{\"@type\":\"PostalAddress\",\"addressLocality\":\"Madrid\",\"postalCode\":\"28050\",\"streetAddress\":\"Avenida de Burgos 114\"},\"brand\":[\"Infoempleo\"]},{\"@type\":\"Person\",\"@id\":\"https:\/\/empresas.infoempleo.com\/hrtrends\/#\/schema\/person\/f211bd3f083559daff103f670fe968b8\",\"name\":\"Cristina Mart\u00edn\",\"image\":{\"@type\":\"ImageObject\",\"inLanguage\":\"es\",\"@id\":\"https:\/\/empresas.infoempleo.com\/hrtrends\/#\/schema\/person\/image\/\",\"url\":\"https:\/\/secure.gravatar.com\/avatar\/7a85ff01010a0d921dc9d1da42a82a70f74e2cd0329b7fc20ee2c1c08a97daed?s=96&d=mm&r=g\",\"contentUrl\":\"https:\/\/secure.gravatar.com\/avatar\/7a85ff01010a0d921dc9d1da42a82a70f74e2cd0329b7fc20ee2c1c08a97daed?s=96&d=mm&r=g\",\"caption\":\"Cristina Mart\u00edn\"},\"url\":\"https:\/\/empresas.infoempleo.com\/hrtrends\/author\/cristina-martin\/\"}]}<\/script>\n<!-- \/ Yoast SEO plugin. -->","yoast_head_json":{"title":"El gran desconocido entre los aut\u00f3nomos | HRTRENDS","robots":{"index":"index","follow":"follow","max-snippet":"max-snippet:-1","max-image-preview":"max-image-preview:large","max-video-preview":"max-video-preview:-1"},"canonical":"https:\/\/empresas.infoempleo.com\/hrtrends\/el-gran-desconocido-entre-los-autonomos\/","og_locale":"es_ES","og_type":"article","og_title":"El gran desconocido entre los aut\u00f3nomos | HRTRENDS","og_description":"Puede que el chico que, alg\u00fan que otro d\u00eda, le lleva la compra del hipermercado a casa sea Leer m\u00e1s","og_url":"https:\/\/empresas.infoempleo.com\/hrtrends\/el-gran-desconocido-entre-los-autonomos\/","og_site_name":"HRTRENDS","article_publisher":"https:\/\/www.facebook.com\/Infoempleo","article_published_time":"2010-04-12T08:22:01+00:00","article_modified_time":"2024-12-19T11:56:07+00:00","author":"Cristina Mart\u00edn","twitter_card":"summary_large_image","twitter_creator":"@infoempleo","twitter_site":"@infoempleo","twitter_misc":{"Escrito por":"Cristina Mart\u00edn","Tiempo de lectura":"4 minutos"},"schema":{"@context":"https:\/\/schema.org","@graph":[{"@type":"NewsArticle","@id":"https:\/\/empresas.infoempleo.com\/hrtrends\/el-gran-desconocido-entre-los-autonomos\/#article","isPartOf":{"@id":"https:\/\/empresas.infoempleo.com\/hrtrends\/el-gran-desconocido-entre-los-autonomos\/"},"author":{"name":"Cristina Mart\u00edn","@id":"https:\/\/empresas.infoempleo.com\/hrtrends\/#\/schema\/person\/f211bd3f083559daff103f670fe968b8"},"headline":"El gran desconocido entre los aut\u00f3nomos","datePublished":"2010-04-12T08:22:01+00:00","dateModified":"2024-12-19T11:56:07+00:00","mainEntityOfPage":{"@id":"https:\/\/empresas.infoempleo.com\/hrtrends\/el-gran-desconocido-entre-los-autonomos\/"},"wordCount":900,"publisher":{"@id":"https:\/\/empresas.infoempleo.com\/hrtrends\/#organization"},"image":{"@id":"https:\/\/empresas.infoempleo.com\/hrtrends\/el-gran-desconocido-entre-los-autonomos\/#primaryimage"},"thumbnailUrl":"https:\/\/empresas.infoempleo.com\/hrtrends\/media\/2017\/05\/pexels-photo-205508.jpg","keywords":["ATA","autoempleo","Aut\u00f3nomos","Cuatrecasas","dependiente","falso aut\u00f3nomo","Gustavo Lejarriaga","trade","Universidad Complutense"],"articleSection":["Actualidad"],"inLanguage":"es","copyrightYear":"2010","copyrightHolder":{"@id":"https:\/\/empresas.infoempleo.com\/hrtrends\/#organization"}},{"@type":"WebPage","@id":"https:\/\/empresas.infoempleo.com\/hrtrends\/el-gran-desconocido-entre-los-autonomos\/","url":"https:\/\/empresas.infoempleo.com\/hrtrends\/el-gran-desconocido-entre-los-autonomos\/","name":"El gran desconocido entre los aut\u00f3nomos | HRTRENDS","isPartOf":{"@id":"https:\/\/empresas.infoempleo.com\/hrtrends\/#website"},"primaryImageOfPage":{"@id":"https:\/\/empresas.infoempleo.com\/hrtrends\/el-gran-desconocido-entre-los-autonomos\/#primaryimage"},"image":{"@id":"https:\/\/empresas.infoempleo.com\/hrtrends\/el-gran-desconocido-entre-los-autonomos\/#primaryimage"},"thumbnailUrl":"https:\/\/empresas.infoempleo.com\/hrtrends\/media\/2017\/05\/pexels-photo-205508.jpg","datePublished":"2010-04-12T08:22:01+00:00","dateModified":"2024-12-19T11:56:07+00:00","breadcrumb":{"@id":"https:\/\/empresas.infoempleo.com\/hrtrends\/el-gran-desconocido-entre-los-autonomos\/#breadcrumb"},"inLanguage":"es","potentialAction":[{"@type":"ReadAction","target":["https:\/\/empresas.infoempleo.com\/hrtrends\/el-gran-desconocido-entre-los-autonomos\/"]}]},{"@type":"ImageObject","inLanguage":"es","@id":"https:\/\/empresas.infoempleo.com\/hrtrends\/el-gran-desconocido-entre-los-autonomos\/#primaryimage","url":"https:\/\/empresas.infoempleo.com\/hrtrends\/media\/2017\/05\/pexels-photo-205508-150x150.jpg","contentUrl":"https:\/\/empresas.infoempleo.com\/hrtrends\/media\/2017\/05\/pexels-photo-205508-150x150.jpg","width":150,"height":150},{"@type":"BreadcrumbList","@id":"https:\/\/empresas.infoempleo.com\/hrtrends\/el-gran-desconocido-entre-los-autonomos\/#breadcrumb","itemListElement":[{"@type":"ListItem","position":1,"name":"Portada","item":"https:\/\/empresas.infoempleo.com\/hrtrends\/"},{"@type":"ListItem","position":2,"name":"El gran desconocido entre los aut\u00f3nomos"}]},{"@type":"WebSite","@id":"https:\/\/empresas.infoempleo.com\/hrtrends\/#website","url":"https:\/\/empresas.infoempleo.com\/hrtrends","name":"HRTrends by Infoempleo","description":"","publisher":{"@id":"https:\/\/empresas.infoempleo.com\/hrtrends\/#organization"},"potentialAction":{"@type":"SearchAction","target":"https:\/\/empresas.infoempleo.com\/hrtrends\/?s={search_term_string}","query-input":"required name=search_term_string"},"inLanguage":"es"},{"@type":"Organization","@id":"https:\/\/empresas.infoempleo.com\/hrtrends\/#organization","name":"Infoempleo","url":"https:\/\/www.infoempleo.com\/","logo":{"@type":"ImageObject","@id":"https:\/\/empresas.infoempleo.com\/hrtrends\/#logo","inLanguage":"es","url":"https:\/\/cdnazure.infoempleo.com\/infoempleo\/assets\/style\/gfx\/logo.svg","contentUrl":"https:\/\/cdnazure.infoempleo.com\/infoempleo\/assets\/style\/gfx\/logo.svg","width":150,"height":40,"caption":"Infoempleo"},"image":{"@id":"https:\/\/empresas.infoempleo.com\/hrtrends\/#logo"},"sameAs":["https:\/\/www.facebook.com\/Infoempleo","https:\/\/x.com\/infoempleo","http:\/\/instagram.com\/infoempleo\/","http:\/\/www.linkedin.com\/groups\/Empleo-Espa\u00f1a-Infoempleocom-111276","http:\/\/pinterest.com\/infoempleo\/"],"address":{"@type":"PostalAddress","addressLocality":"Madrid","postalCode":"28050","streetAddress":"Avenida de Burgos 114"},"brand":["Infoempleo"]},{"@type":"Person","@id":"https:\/\/empresas.infoempleo.com\/hrtrends\/#\/schema\/person\/f211bd3f083559daff103f670fe968b8","name":"Cristina Mart\u00edn","image":{"@type":"ImageObject","inLanguage":"es","@id":"https:\/\/empresas.infoempleo.com\/hrtrends\/#\/schema\/person\/image\/","url":"https:\/\/secure.gravatar.com\/avatar\/7a85ff01010a0d921dc9d1da42a82a70f74e2cd0329b7fc20ee2c1c08a97daed?s=96&d=mm&r=g","contentUrl":"https:\/\/secure.gravatar.com\/avatar\/7a85ff01010a0d921dc9d1da42a82a70f74e2cd0329b7fc20ee2c1c08a97daed?s=96&d=mm&r=g","caption":"Cristina Mart\u00edn"},"url":"https:\/\/empresas.infoempleo.com\/hrtrends\/author\/cristina-martin\/"}]}},"amp_enabled":true,"_links":{"self":[{"href":"https:\/\/empresas.infoempleo.com\/hrtrends\/wp-json\/wp\/v2\/posts\/8361","targetHints":{"allow":["GET"]}}],"collection":[{"href":"https:\/\/empresas.infoempleo.com\/hrtrends\/wp-json\/wp\/v2\/posts"}],"about":[{"href":"https:\/\/empresas.infoempleo.com\/hrtrends\/wp-json\/wp\/v2\/types\/post"}],"author":[{"embeddable":true,"href":"https:\/\/empresas.infoempleo.com\/hrtrends\/wp-json\/wp\/v2\/users\/33"}],"replies":[{"embeddable":true,"href":"https:\/\/empresas.infoempleo.com\/hrtrends\/wp-json\/wp\/v2\/comments?post=8361"}],"version-history":[{"count":4,"href":"https:\/\/empresas.infoempleo.com\/hrtrends\/wp-json\/wp\/v2\/posts\/8361\/revisions"}],"predecessor-version":[{"id":46198,"href":"https:\/\/empresas.infoempleo.com\/hrtrends\/wp-json\/wp\/v2\/posts\/8361\/revisions\/46198"}],"wp:featuredmedia":[{"embeddable":true,"href":"https:\/\/empresas.infoempleo.com\/hrtrends\/wp-json\/wp\/v2\/media\/29665"}],"wp:attachment":[{"href":"https:\/\/empresas.infoempleo.com\/hrtrends\/wp-json\/wp\/v2\/media?parent=8361"}],"wp:term":[{"taxonomy":"category","embeddable":true,"href":"https:\/\/empresas.infoempleo.com\/hrtrends\/wp-json\/wp\/v2\/categories?post=8361"},{"taxonomy":"post_tag","embeddable":true,"href":"https:\/\/empresas.infoempleo.com\/hrtrends\/wp-json\/wp\/v2\/tags?post=8361"}],"curies":[{"name":"wp","href":"https:\/\/api.w.org\/{rel}","templated":true}]}}