{"id":8186,"date":"2010-04-05T08:32:36","date_gmt":"2010-04-05T07:32:36","guid":{"rendered":"http:\/\/blog.infoempleo.com\/?p=8186"},"modified":"2023-03-13T19:36:31","modified_gmt":"2023-03-13T17:36:31","slug":"casi-el-40-de-las-ofertas-solicita-personal-comercial","status":"publish","type":"post","link":"https:\/\/empresas.infoempleo.com\/hrtrends\/casi-el-40-de-las-ofertas-solicita-personal-comercial\/","title":{"rendered":"Casi el 40% de las ofertas solicita personal comercial"},"content":{"rendered":"<p>En el mapa del empleo cualificado que nos ha dejado marzo, Madrid lidera la clasificaci\u00f3n por comunidades aut\u00f3nomas, consultor\u00eda encabeza la tabla sectorial y los ingenieros industriales desplazan a los titulados en gesti\u00f3n como principales destinatarios de las ofertas publicadas. Pero ning\u00fan dato llama tanto la atenci\u00f3n como el <strong>poder\u00edo del \u00e1rea comercial en el conjunto de la empresa<\/strong>. A tenor de los datos ofrecidos por Infoempleo.com, el 39% de las ofertas publicadas en marzo, tanto en la prensa espa\u00f1ola como en el propio portal, proced\u00edan del departamento comercial. Un mes m\u00e1s se pone de manifiesto que, en una \u00e9poca tan dif\u00edcil como la actual, <strong>las organizaciones pueden estar dispuestas a adelgazar todos sus departamentos, a prescindir incluso de buenos t\u00e9cnicos, pero de ning\u00fan modo piensan reducir su fuerza de ventas<\/strong>.<\/p>\n<p style=\"text-align: center\">Ofertas de empleo por \u00e1reas funcionales<\/p>\n<p style=\"text-align: center\">\n<p>Si recurrimos a un s\u00edmil fotogr\u00e1fico, \u00e9ste ser\u00eda el primer plano del mercado laboral que arroja el balance mensual de Infoempleo. Elaborado a partir de las ofertas que solicitan titulados universitarios y de FP, as\u00ed como directivos, mandos y t\u00e9cnicos, el an\u00e1lisis desvela que <strong>marzo super\u00f3 en un 8,46% las vacantes publicadas en febrero<\/strong>.<\/p>\n<p>La desilusi\u00f3n llega, sin embargo, cuando se ampl\u00eda la perspectiva con la fotograf\u00eda panor\u00e1mica del \u00faltimo a\u00f1o, porque en este tiempo <strong>la ca\u00edda interanual de la oferta se cifra en un 59,60% y el porcentaje de descenso respecto a marzo de 2009 en un 11,40%<\/strong>. Aunque todav\u00eda se trata de porcentajes muy abultados, las distancias tienden a acortarse mes a mes. Y si el a\u00f1o empez\u00f3 con un saldo negativo de -22,60% de ofertas publicadas respecto a enero de 2009, en marzo esta cifra se ha visto reducida a la mitad.<\/p>\n<p>El mes pasado tambi\u00e9n asistimos a la ascensi\u00f3n de Madrid al primer puesto del podium regional. Con el 14,72% de las ofertas publicadas, la sigue muy de cerca Catalu\u00f1a (14,53%), pero tambi\u00e9n Pa\u00eds Vasco (13%), que ya pisa los talones a las dos primeras. <strong>Nunca Madrid y Catalu\u00f1a hab\u00edan aportado una porci\u00f3n tan peque\u00f1a, inferior al 15% en ambos casos, al conjunto nacional<\/strong>. En consecuencia, la participaci\u00f3n de las comunidades aut\u00f3nomas con un peso medio ha crecido en el \u00faltimo mes. Junto a Pa\u00eds Vasco, han mejorado sus marcas Castilla y Le\u00f3n, Andaluc\u00eda, Valencia, Galicia y Cantabria. Por el contrario, han registrado una evoluci\u00f3n negativa Arag\u00f3n, Asturias, Navarra, Murcia, Castilla-La Mancha, La Rioja, Canarias y Extremadura; mientras que Baleares, origen del 1,6% de las ofertas, apenas si se ha movido en el \u00faltimo mes.<\/p>\n<h3>Objetivos de Lisboa<\/h3>\n<p>Cuando empez\u00f3 la crisis econ\u00f3mica, Baleares y Catalu\u00f1a eran las \u00fanicas comunidades aut\u00f3nomas que cumpl\u00edan con los objetivos de Lisboa para 2010 \u2014que establec\u00eda <strong>una tasa general de empleo del 70%, una para mujeres del 60% y una tercera para mayores de 55 a\u00f1os que se situaba en el 50%<\/strong>\u2014 . Hoy, Agett, la patronal de las agencias de trabajo temporal, alerta de que ninguna de las 17 autonom\u00edas cumple con los objetivos.<\/p>\n<p>Por lo que respecta a la distribuci\u00f3n sectorial de la oferta que hace Infoempleo,<strong> marzo ha vuelto a encumbrar a consultor\u00eda al primer puesto de la clasificaci\u00f3n<\/strong> que perdiera en enero. Pese a su peque\u00f1o crecimiento del \u00faltimo mes, la industria ha de conformarse con la Plata del podio, mientras que alimentaci\u00f3n asciende del s\u00e9ptimo al tercer puesto de la clasificaci\u00f3n y se aproxima al 6% de las ofertas publicadas.<\/p>\n<p>En general, <strong>la evoluci\u00f3n de los sectores industriales ha sido positiva<\/strong> en marzo. Entre aquellos que han conseguido un mayor repunte destaca automoci\u00f3n. Las ayudas a la compra de coches han servido para reactivar la demanda del consumidor al tiempo que la producci\u00f3n de veh\u00edculos.<\/p>\n<p>La construcci\u00f3n, por su parte, se ha desplomado hasta el puesto n\u00famero 14 de la clasificaci\u00f3n. De su sector af\u00edn, el inmobiliario, no queda ni rastro. Con el 3% de las ofertas publicadas en el \u00faltimo mes, <strong>construcci\u00f3n no parece capaz de reabsorber a todos los damnificados<\/strong> \u2014se calcula que a ella corresponde el 80% de los puestos de trabajo perdidos\u2014 de su particular \u2018tsunami\u2019 econ\u00f3mico. Seg\u00fan la <a class=\"wp-caption-dd\" title=\"EPA\" href=\"https:\/\/www.ine.es\/daco\/daco42\/daco4211\/epa0409.pdf\" target=\"_blank\" rel=\"noopener\">Encuesta de Poblaci\u00f3n Activa <\/a>(EPA), 2009 se cerr\u00f3 con 1.802.700 personas empleadas en este sector, 378.100 menos que un a\u00f1o antes, y eso que 2008 fue un aut\u00e9ntico v\u00eda crucis para el ladrillo.<\/p>\n<p>Sigue muy de cerca a la construcci\u00f3n hosteler\u00eda y turismo, que empieza ya a calentar motores para la temporada de verano.<\/p>\n<h3>Ventas, imparable<\/h3>\n<p>Entre las \u00e1reas funcionales, marzo ha favorecido, sobre todo, a comercial. <strong>Casi siete puntos porcentuales ha crecido el departamento de ventas<\/strong>, que, con el 38,57% de las ofertas publicadas, se acerca a la frontera del 40%.<\/p>\n<p>Dada la gran porci\u00f3n del pastel con que se han hecho los comerciales, otros departamentos han visto menguada su participaci\u00f3n en el conjunto de la oferta. <strong>Producci\u00f3n (20,19%), un segund\u00f3n que aumenta progresivamente distancias con el primero de la lista<\/strong>, servicios generales (10,12%), atenci\u00f3n al cliente (5,80%) y direcci\u00f3n general (2,57%) han perdido peso en el \u00faltimo mes.<\/p>\n<p>A falta de que el Servicio P\u00fablico de Empleo Estatal y la Encuesta de Poblaci\u00f3n Activa den la \u00faltima hora del paro, los datos con los que ahora contamos \u20144.326.500 desempleados, seg\u00fan la EPA\u2014 remiten a <strong>un mercado laboral muy tocado que sigue perdiendo trabajadores<\/strong>, sobre todo temporales. En esta tesitura, las opiniones se dividen entre aquellos que son partidarios de una reforma laboral contundente, que desarrolle nuevos contratos estables con costes de despido m\u00e1s bajos, y aquellos que insisten en un cambio de modelo productivo, una soluci\u00f3n necesaria, pero insuficiente para reflotar el mercado a corto plazo.<\/p>\n","protected":false},"excerpt":{"rendered":"<p>El balance mensual de Infoempleo muestra el liderazgo de Madrid entre las regiones y el ascenso de consultor\u00eda en la tabla regional.<\/p>\n","protected":false},"author":34,"featured_media":29665,"comment_status":"closed","ping_status":"open","sticky":false,"template":"","format":"standard","meta":{"footnotes":""},"categories":[3],"tags":[330,1410,462,41,48,318,474,482,1411,126,1412,152,187,188],"class_list":["post-8186","post","type-post","status-publish","format-standard","has-post-thumbnail","hentry","category-actualidad","tag-balance-mensual","tag-comerciales","tag-construccion","tag-consultoria","tag-crisis","tag-empleo-cualificado","tag-epa","tag-infoempleo","tag-ingenieros-industriales","tag-madrid","tag-ofertas-de-trabajo","tag-parados","tag-sectores","tag-termometro-laboral"],"yoast_head":"<!-- This site is optimized with the Yoast SEO plugin v26.1.1 - https:\/\/yoast.com\/wordpress\/plugins\/seo\/ -->\n<title>Casi el 40% de las ofertas solicita personal comercial | HRTRENDS<\/title>\n<meta name=\"robots\" content=\"index, follow, max-snippet:-1, max-image-preview:large, max-video-preview:-1\" \/>\n<link rel=\"canonical\" href=\"https:\/\/empresas.infoempleo.com\/hrtrends\/casi-el-40-de-las-ofertas-solicita-personal-comercial\/\" \/>\n<meta property=\"og:locale\" content=\"es_ES\" \/>\n<meta property=\"og:type\" content=\"article\" \/>\n<meta property=\"og:title\" content=\"Casi el 40% de las ofertas solicita personal comercial | HRTRENDS\" \/>\n<meta property=\"og:description\" content=\"El balance mensual de Infoempleo muestra el liderazgo de Madrid entre las regiones y el ascenso de consultor\u00eda en la tabla regional.\" \/>\n<meta property=\"og:url\" content=\"https:\/\/empresas.infoempleo.com\/hrtrends\/casi-el-40-de-las-ofertas-solicita-personal-comercial\/\" \/>\n<meta property=\"og:site_name\" content=\"HRTRENDS\" \/>\n<meta property=\"article:publisher\" content=\"https:\/\/www.facebook.com\/Infoempleo\" \/>\n<meta property=\"article:published_time\" content=\"2010-04-05T07:32:36+00:00\" \/>\n<meta property=\"article:modified_time\" content=\"2023-03-13T17:36:31+00:00\" \/>\n<meta property=\"og:image\" content=\"https:\/\/empresas.infoempleo.com\/hrtrends\/media\/2017\/05\/pexels-photo-205508.jpg\" \/>\n\t<meta property=\"og:image:width\" content=\"1280\" \/>\n\t<meta property=\"og:image:height\" content=\"960\" \/>\n\t<meta property=\"og:image:type\" content=\"image\/jpeg\" \/>\n<meta name=\"author\" content=\"Rosario Sep\u00falveda\" \/>\n<meta name=\"twitter:card\" content=\"summary_large_image\" \/>\n<meta name=\"twitter:creator\" content=\"@infoempleo\" \/>\n<meta name=\"twitter:site\" content=\"@infoempleo\" \/>\n<meta name=\"twitter:label1\" content=\"Escrito por\" \/>\n\t<meta name=\"twitter:data1\" content=\"Rosario Sep\u00falveda\" \/>\n\t<meta name=\"twitter:label2\" content=\"Tiempo de lectura\" \/>\n\t<meta name=\"twitter:data2\" content=\"5 minutos\" \/>\n<script type=\"application\/ld+json\" class=\"yoast-schema-graph\">{\"@context\":\"https:\/\/schema.org\",\"@graph\":[{\"@type\":\"NewsArticle\",\"@id\":\"https:\/\/empresas.infoempleo.com\/hrtrends\/casi-el-40-de-las-ofertas-solicita-personal-comercial\/#article\",\"isPartOf\":{\"@id\":\"https:\/\/empresas.infoempleo.com\/hrtrends\/casi-el-40-de-las-ofertas-solicita-personal-comercial\/\"},\"author\":{\"name\":\"Rosario Sep\u00falveda\",\"@id\":\"https:\/\/empresas.infoempleo.com\/hrtrends\/#\/schema\/person\/2a45835f1492cbc7fbce11ad398707a8\"},\"headline\":\"Casi el 40% de las ofertas solicita personal comercial\",\"datePublished\":\"2010-04-05T07:32:36+00:00\",\"dateModified\":\"2023-03-13T17:36:31+00:00\",\"mainEntityOfPage\":{\"@id\":\"https:\/\/empresas.infoempleo.com\/hrtrends\/casi-el-40-de-las-ofertas-solicita-personal-comercial\/\"},\"wordCount\":983,\"publisher\":{\"@id\":\"https:\/\/empresas.infoempleo.com\/hrtrends\/#organization\"},\"image\":{\"@id\":\"https:\/\/empresas.infoempleo.com\/hrtrends\/casi-el-40-de-las-ofertas-solicita-personal-comercial\/#primaryimage\"},\"thumbnailUrl\":\"https:\/\/empresas.infoempleo.com\/hrtrends\/media\/2017\/05\/pexels-photo-205508.jpg\",\"keywords\":[\"balance mensual\",\"Comerciales\",\"construcci\u00f3n\",\"consultor\u00eda\",\"Crisis\",\"empleo cualificado\",\"EPA\",\"infoempleo\",\"ingenieros industriales\",\"Madrid\",\"ofertas de trabajo\",\"parados\",\"Sectores\",\"term\u00f3metro laboral\"],\"articleSection\":[\"Actualidad\"],\"inLanguage\":\"es\",\"copyrightYear\":\"2010\",\"copyrightHolder\":{\"@id\":\"https:\/\/empresas.infoempleo.com\/hrtrends\/#organization\"}},{\"@type\":\"WebPage\",\"@id\":\"https:\/\/empresas.infoempleo.com\/hrtrends\/casi-el-40-de-las-ofertas-solicita-personal-comercial\/\",\"url\":\"https:\/\/empresas.infoempleo.com\/hrtrends\/casi-el-40-de-las-ofertas-solicita-personal-comercial\/\",\"name\":\"Casi el 40% de las ofertas solicita personal comercial | HRTRENDS\",\"isPartOf\":{\"@id\":\"https:\/\/empresas.infoempleo.com\/hrtrends\/#website\"},\"primaryImageOfPage\":{\"@id\":\"https:\/\/empresas.infoempleo.com\/hrtrends\/casi-el-40-de-las-ofertas-solicita-personal-comercial\/#primaryimage\"},\"image\":{\"@id\":\"https:\/\/empresas.infoempleo.com\/hrtrends\/casi-el-40-de-las-ofertas-solicita-personal-comercial\/#primaryimage\"},\"thumbnailUrl\":\"https:\/\/empresas.infoempleo.com\/hrtrends\/media\/2017\/05\/pexels-photo-205508.jpg\",\"datePublished\":\"2010-04-05T07:32:36+00:00\",\"dateModified\":\"2023-03-13T17:36:31+00:00\",\"breadcrumb\":{\"@id\":\"https:\/\/empresas.infoempleo.com\/hrtrends\/casi-el-40-de-las-ofertas-solicita-personal-comercial\/#breadcrumb\"},\"inLanguage\":\"es\",\"potentialAction\":[{\"@type\":\"ReadAction\",\"target\":[\"https:\/\/empresas.infoempleo.com\/hrtrends\/casi-el-40-de-las-ofertas-solicita-personal-comercial\/\"]}]},{\"@type\":\"ImageObject\",\"inLanguage\":\"es\",\"@id\":\"https:\/\/empresas.infoempleo.com\/hrtrends\/casi-el-40-de-las-ofertas-solicita-personal-comercial\/#primaryimage\",\"url\":\"https:\/\/empresas.infoempleo.com\/hrtrends\/media\/2017\/05\/pexels-photo-205508-150x150.jpg\",\"contentUrl\":\"https:\/\/empresas.infoempleo.com\/hrtrends\/media\/2017\/05\/pexels-photo-205508-150x150.jpg\",\"width\":150,\"height\":150},{\"@type\":\"BreadcrumbList\",\"@id\":\"https:\/\/empresas.infoempleo.com\/hrtrends\/casi-el-40-de-las-ofertas-solicita-personal-comercial\/#breadcrumb\",\"itemListElement\":[{\"@type\":\"ListItem\",\"position\":1,\"name\":\"Portada\",\"item\":\"https:\/\/empresas.infoempleo.com\/hrtrends\/\"},{\"@type\":\"ListItem\",\"position\":2,\"name\":\"Casi el 40% de las ofertas solicita personal comercial\"}]},{\"@type\":\"WebSite\",\"@id\":\"https:\/\/empresas.infoempleo.com\/hrtrends\/#website\",\"url\":\"https:\/\/empresas.infoempleo.com\/hrtrends\",\"name\":\"HRTrends by Infoempleo\",\"description\":\"\",\"publisher\":{\"@id\":\"https:\/\/empresas.infoempleo.com\/hrtrends\/#organization\"},\"potentialAction\":{\"@type\":\"SearchAction\",\"target\":\"https:\/\/empresas.infoempleo.com\/hrtrends\/?s={search_term_string}\",\"query-input\":\"required name=search_term_string\"},\"inLanguage\":\"es\"},{\"@type\":\"Organization\",\"@id\":\"https:\/\/empresas.infoempleo.com\/hrtrends\/#organization\",\"name\":\"Infoempleo\",\"url\":\"https:\/\/www.infoempleo.com\/\",\"logo\":{\"@type\":\"ImageObject\",\"@id\":\"https:\/\/empresas.infoempleo.com\/hrtrends\/#logo\",\"inLanguage\":\"es\",\"url\":\"https:\/\/cdnazure.infoempleo.com\/infoempleo\/assets\/style\/gfx\/logo.svg\",\"contentUrl\":\"https:\/\/cdnazure.infoempleo.com\/infoempleo\/assets\/style\/gfx\/logo.svg\",\"width\":150,\"height\":40,\"caption\":\"Infoempleo\"},\"image\":{\"@id\":\"https:\/\/empresas.infoempleo.com\/hrtrends\/#logo\"},\"sameAs\":[\"https:\/\/www.facebook.com\/Infoempleo\",\"https:\/\/x.com\/infoempleo\",\"http:\/\/instagram.com\/infoempleo\/\",\"http:\/\/www.linkedin.com\/groups\/Empleo-Espa\u00f1a-Infoempleocom-111276\",\"http:\/\/pinterest.com\/infoempleo\/\"],\"address\":{\"@type\":\"PostalAddress\",\"addressLocality\":\"Madrid\",\"postalCode\":\"28050\",\"streetAddress\":\"Avenida de Burgos 114\"},\"brand\":[\"Infoempleo\"]},{\"@type\":\"Person\",\"@id\":\"https:\/\/empresas.infoempleo.com\/hrtrends\/#\/schema\/person\/2a45835f1492cbc7fbce11ad398707a8\",\"name\":\"Rosario Sep\u00falveda\",\"image\":{\"@type\":\"ImageObject\",\"inLanguage\":\"es\",\"@id\":\"https:\/\/empresas.infoempleo.com\/hrtrends\/#\/schema\/person\/image\/\",\"url\":\"https:\/\/secure.gravatar.com\/avatar\/01b4f37da8fd0cca9ded94ad0ab4a694814c54945a7c84e54495a93ea3a90e3b?s=96&d=mm&r=g\",\"contentUrl\":\"https:\/\/secure.gravatar.com\/avatar\/01b4f37da8fd0cca9ded94ad0ab4a694814c54945a7c84e54495a93ea3a90e3b?s=96&d=mm&r=g\",\"caption\":\"Rosario Sep\u00falveda\"},\"url\":\"https:\/\/empresas.infoempleo.com\/hrtrends\/author\/rosario-sepulveda\/\"}]}<\/script>\n<!-- \/ Yoast SEO plugin. -->","yoast_head_json":{"title":"Casi el 40% de las ofertas solicita personal comercial | HRTRENDS","robots":{"index":"index","follow":"follow","max-snippet":"max-snippet:-1","max-image-preview":"max-image-preview:large","max-video-preview":"max-video-preview:-1"},"canonical":"https:\/\/empresas.infoempleo.com\/hrtrends\/casi-el-40-de-las-ofertas-solicita-personal-comercial\/","og_locale":"es_ES","og_type":"article","og_title":"Casi el 40% de las ofertas solicita personal comercial | HRTRENDS","og_description":"El balance mensual de Infoempleo muestra el liderazgo de Madrid entre las regiones y el ascenso de consultor\u00eda en la tabla regional.","og_url":"https:\/\/empresas.infoempleo.com\/hrtrends\/casi-el-40-de-las-ofertas-solicita-personal-comercial\/","og_site_name":"HRTRENDS","article_publisher":"https:\/\/www.facebook.com\/Infoempleo","article_published_time":"2010-04-05T07:32:36+00:00","article_modified_time":"2023-03-13T17:36:31+00:00","og_image":[{"width":1280,"height":960,"url":"https:\/\/empresas.infoempleo.com\/hrtrends\/media\/2017\/05\/pexels-photo-205508.jpg","type":"image\/jpeg"}],"author":"Rosario Sep\u00falveda","twitter_card":"summary_large_image","twitter_creator":"@infoempleo","twitter_site":"@infoempleo","twitter_misc":{"Escrito por":"Rosario Sep\u00falveda","Tiempo de lectura":"5 minutos"},"schema":{"@context":"https:\/\/schema.org","@graph":[{"@type":"NewsArticle","@id":"https:\/\/empresas.infoempleo.com\/hrtrends\/casi-el-40-de-las-ofertas-solicita-personal-comercial\/#article","isPartOf":{"@id":"https:\/\/empresas.infoempleo.com\/hrtrends\/casi-el-40-de-las-ofertas-solicita-personal-comercial\/"},"author":{"name":"Rosario Sep\u00falveda","@id":"https:\/\/empresas.infoempleo.com\/hrtrends\/#\/schema\/person\/2a45835f1492cbc7fbce11ad398707a8"},"headline":"Casi el 40% de las ofertas solicita personal comercial","datePublished":"2010-04-05T07:32:36+00:00","dateModified":"2023-03-13T17:36:31+00:00","mainEntityOfPage":{"@id":"https:\/\/empresas.infoempleo.com\/hrtrends\/casi-el-40-de-las-ofertas-solicita-personal-comercial\/"},"wordCount":983,"publisher":{"@id":"https:\/\/empresas.infoempleo.com\/hrtrends\/#organization"},"image":{"@id":"https:\/\/empresas.infoempleo.com\/hrtrends\/casi-el-40-de-las-ofertas-solicita-personal-comercial\/#primaryimage"},"thumbnailUrl":"https:\/\/empresas.infoempleo.com\/hrtrends\/media\/2017\/05\/pexels-photo-205508.jpg","keywords":["balance mensual","Comerciales","construcci\u00f3n","consultor\u00eda","Crisis","empleo cualificado","EPA","infoempleo","ingenieros industriales","Madrid","ofertas de trabajo","parados","Sectores","term\u00f3metro laboral"],"articleSection":["Actualidad"],"inLanguage":"es","copyrightYear":"2010","copyrightHolder":{"@id":"https:\/\/empresas.infoempleo.com\/hrtrends\/#organization"}},{"@type":"WebPage","@id":"https:\/\/empresas.infoempleo.com\/hrtrends\/casi-el-40-de-las-ofertas-solicita-personal-comercial\/","url":"https:\/\/empresas.infoempleo.com\/hrtrends\/casi-el-40-de-las-ofertas-solicita-personal-comercial\/","name":"Casi el 40% de las ofertas solicita personal comercial | HRTRENDS","isPartOf":{"@id":"https:\/\/empresas.infoempleo.com\/hrtrends\/#website"},"primaryImageOfPage":{"@id":"https:\/\/empresas.infoempleo.com\/hrtrends\/casi-el-40-de-las-ofertas-solicita-personal-comercial\/#primaryimage"},"image":{"@id":"https:\/\/empresas.infoempleo.com\/hrtrends\/casi-el-40-de-las-ofertas-solicita-personal-comercial\/#primaryimage"},"thumbnailUrl":"https:\/\/empresas.infoempleo.com\/hrtrends\/media\/2017\/05\/pexels-photo-205508.jpg","datePublished":"2010-04-05T07:32:36+00:00","dateModified":"2023-03-13T17:36:31+00:00","breadcrumb":{"@id":"https:\/\/empresas.infoempleo.com\/hrtrends\/casi-el-40-de-las-ofertas-solicita-personal-comercial\/#breadcrumb"},"inLanguage":"es","potentialAction":[{"@type":"ReadAction","target":["https:\/\/empresas.infoempleo.com\/hrtrends\/casi-el-40-de-las-ofertas-solicita-personal-comercial\/"]}]},{"@type":"ImageObject","inLanguage":"es","@id":"https:\/\/empresas.infoempleo.com\/hrtrends\/casi-el-40-de-las-ofertas-solicita-personal-comercial\/#primaryimage","url":"https:\/\/empresas.infoempleo.com\/hrtrends\/media\/2017\/05\/pexels-photo-205508-150x150.jpg","contentUrl":"https:\/\/empresas.infoempleo.com\/hrtrends\/media\/2017\/05\/pexels-photo-205508-150x150.jpg","width":150,"height":150},{"@type":"BreadcrumbList","@id":"https:\/\/empresas.infoempleo.com\/hrtrends\/casi-el-40-de-las-ofertas-solicita-personal-comercial\/#breadcrumb","itemListElement":[{"@type":"ListItem","position":1,"name":"Portada","item":"https:\/\/empresas.infoempleo.com\/hrtrends\/"},{"@type":"ListItem","position":2,"name":"Casi el 40% de las ofertas solicita personal comercial"}]},{"@type":"WebSite","@id":"https:\/\/empresas.infoempleo.com\/hrtrends\/#website","url":"https:\/\/empresas.infoempleo.com\/hrtrends","name":"HRTrends by Infoempleo","description":"","publisher":{"@id":"https:\/\/empresas.infoempleo.com\/hrtrends\/#organization"},"potentialAction":{"@type":"SearchAction","target":"https:\/\/empresas.infoempleo.com\/hrtrends\/?s={search_term_string}","query-input":"required name=search_term_string"},"inLanguage":"es"},{"@type":"Organization","@id":"https:\/\/empresas.infoempleo.com\/hrtrends\/#organization","name":"Infoempleo","url":"https:\/\/www.infoempleo.com\/","logo":{"@type":"ImageObject","@id":"https:\/\/empresas.infoempleo.com\/hrtrends\/#logo","inLanguage":"es","url":"https:\/\/cdnazure.infoempleo.com\/infoempleo\/assets\/style\/gfx\/logo.svg","contentUrl":"https:\/\/cdnazure.infoempleo.com\/infoempleo\/assets\/style\/gfx\/logo.svg","width":150,"height":40,"caption":"Infoempleo"},"image":{"@id":"https:\/\/empresas.infoempleo.com\/hrtrends\/#logo"},"sameAs":["https:\/\/www.facebook.com\/Infoempleo","https:\/\/x.com\/infoempleo","http:\/\/instagram.com\/infoempleo\/","http:\/\/www.linkedin.com\/groups\/Empleo-Espa\u00f1a-Infoempleocom-111276","http:\/\/pinterest.com\/infoempleo\/"],"address":{"@type":"PostalAddress","addressLocality":"Madrid","postalCode":"28050","streetAddress":"Avenida de Burgos 114"},"brand":["Infoempleo"]},{"@type":"Person","@id":"https:\/\/empresas.infoempleo.com\/hrtrends\/#\/schema\/person\/2a45835f1492cbc7fbce11ad398707a8","name":"Rosario Sep\u00falveda","image":{"@type":"ImageObject","inLanguage":"es","@id":"https:\/\/empresas.infoempleo.com\/hrtrends\/#\/schema\/person\/image\/","url":"https:\/\/secure.gravatar.com\/avatar\/01b4f37da8fd0cca9ded94ad0ab4a694814c54945a7c84e54495a93ea3a90e3b?s=96&d=mm&r=g","contentUrl":"https:\/\/secure.gravatar.com\/avatar\/01b4f37da8fd0cca9ded94ad0ab4a694814c54945a7c84e54495a93ea3a90e3b?s=96&d=mm&r=g","caption":"Rosario Sep\u00falveda"},"url":"https:\/\/empresas.infoempleo.com\/hrtrends\/author\/rosario-sepulveda\/"}]}},"amp_enabled":true,"_links":{"self":[{"href":"https:\/\/empresas.infoempleo.com\/hrtrends\/wp-json\/wp\/v2\/posts\/8186","targetHints":{"allow":["GET"]}}],"collection":[{"href":"https:\/\/empresas.infoempleo.com\/hrtrends\/wp-json\/wp\/v2\/posts"}],"about":[{"href":"https:\/\/empresas.infoempleo.com\/hrtrends\/wp-json\/wp\/v2\/types\/post"}],"author":[{"embeddable":true,"href":"https:\/\/empresas.infoempleo.com\/hrtrends\/wp-json\/wp\/v2\/users\/34"}],"replies":[{"embeddable":true,"href":"https:\/\/empresas.infoempleo.com\/hrtrends\/wp-json\/wp\/v2\/comments?post=8186"}],"version-history":[{"count":3,"href":"https:\/\/empresas.infoempleo.com\/hrtrends\/wp-json\/wp\/v2\/posts\/8186\/revisions"}],"predecessor-version":[{"id":43458,"href":"https:\/\/empresas.infoempleo.com\/hrtrends\/wp-json\/wp\/v2\/posts\/8186\/revisions\/43458"}],"wp:featuredmedia":[{"embeddable":true,"href":"https:\/\/empresas.infoempleo.com\/hrtrends\/wp-json\/wp\/v2\/media\/29665"}],"wp:attachment":[{"href":"https:\/\/empresas.infoempleo.com\/hrtrends\/wp-json\/wp\/v2\/media?parent=8186"}],"wp:term":[{"taxonomy":"category","embeddable":true,"href":"https:\/\/empresas.infoempleo.com\/hrtrends\/wp-json\/wp\/v2\/categories?post=8186"},{"taxonomy":"post_tag","embeddable":true,"href":"https:\/\/empresas.infoempleo.com\/hrtrends\/wp-json\/wp\/v2\/tags?post=8186"}],"curies":[{"name":"wp","href":"https:\/\/api.w.org\/{rel}","templated":true}]}}