{"id":8162,"date":"2010-04-05T10:33:05","date_gmt":"2010-04-05T09:33:05","guid":{"rendered":"http:\/\/blog.infoempleo.com\/?p=8162"},"modified":"2024-08-01T16:11:58","modified_gmt":"2024-08-01T14:11:58","slug":"muchos-autonomos-seran-microempresas-digitales","status":"publish","type":"post","link":"https:\/\/empresas.infoempleo.com\/hrtrends\/muchos-autonomos-seran-microempresas-digitales\/","title":{"rendered":"\u00abMuchos aut\u00f3nomos ser\u00e1n microempresas digitales\u00bb"},"content":{"rendered":"<p style=\"text-align: center\">\n<p>Su apuesta es el comercio electr\u00f3nico y las redes sociales, y cree que la geolocalizaci\u00f3n ser\u00e1 uno de los mejores aliados del negocio&#8230; \u00bfLa asignatura pendiente seg\u00fan <a title=\"Link Rodolfo Carpintier\" href=\"https:\/\/rodolfocarpintier.com\/\">Rodolfo Carpintier<\/a>, presidente de DAD y responsable de, entre otros Tuenti, <a title=\"Link BuyVip\" href=\"https:\/\/www.amazon.es\/gp\/goldbox\" target=\"_blank\" rel=\"noopener\">BuyVip <\/a>o <a title=\"Link Baquia\" href=\"https:\/\/www.baquia.com\/\" target=\"_blank\" rel=\"noopener\" class=\"broken_link\">Baquia<\/a>? Una cultura empresarial demasiado \u2018anal\u00f3gica\u2019 para estos tiempos de cambio.<\/p>\n<p><strong>\u00bfCu\u00e1l es el secreto del \u00e9xito en Internet?<\/strong><br \/>\nTener una visi\u00f3n ambiciosa y crear un equipo ganador. Hoy es imposible alcanzar el \u00e9xito si no tienes buenos compa\u00f1eros de viaje que se involucren en el proyecto.<\/p>\n<p><strong>\u00bfQu\u00e9\u00a0 caracter\u00edsticas debe tener ese equipo?<\/strong><br \/>\nLa resiliencia, es decir, que sea capaz de caerse y levantarse una y otra vez. Debe estar formado por personas que no acepten un \u2018no\u2019 por respuesta y contagien entusiasmo incluso en los malos momentos.<\/p>\n<p><strong>\u00bfCu\u00e1les son los errores m\u00e1s comunes a la hora de emprender en la Red?<\/strong><br \/>\nRodearse de amigos que tienen una misma trayectoria y repartir con ellos el accionariado a partes iguales. Cuando se crea una empresa hay que buscar, ante todo, perfiles que se complementen (t\u00e9cnicos, comerciales, finanzas&#8230;) y tener en cuenta que cada uno va a tener unas responsabilidades determinadas con un trabajo y unos ingresos diferentes.<\/p>\n<p><strong>\u00bfY la idea? \u00bfEst\u00e1 ya todo inventado?<\/strong><br \/>\nA\u00fan queda mucho por hacer en el tema del comercio electr\u00f3nico en Espa\u00f1a; se est\u00e1n haciendo proyectos muy interesantes en ese sentido, sobre todo en el sector de la geolocalizaci\u00f3n. Tambi\u00e9n habr\u00e1 un gran desarrollo de las redes sociales, que se est\u00e1n convirtiendo en aut\u00e9nticos centros de negocio. \u00c9stas tienen todav\u00eda que evolucionar mucho, sobre todo, en lo que se refiere a la accesibilidad desde el m\u00f3vil.<\/p>\n<p><strong>\u00bfInvertimos lo suficiente para llegar a ese punto?<\/strong><br \/>\nHay un gran desconocimiento. Las escuelas de negocio, las nuevas redes de \u2018business angels\u2019 est\u00e1n ayudando mucho, pero a\u00fan vamos\u00a0 muy por detr\u00e1s de Europa; por ejemplo, donde en Alemania hay 10.000 personas invirtiendo, en Espa\u00f1a no hay ni 500&#8230; Todav\u00eda nos queda un par de a\u00f1os, una mejor difusi\u00f3n de nuestros casos de \u00e9xito y una mayor diseminaci\u00f3n de ideas a escala geogr\u00e1fica.<\/p>\n<p><strong>\u00bfQu\u00e9 ingredientes debe tener una idea para entrar en ese a\u00fan peque\u00f1o ecosistema de inversores?<\/strong><br \/>\nPor ejemplo, en DAD lo que buscamos son modelos que escalen bien y que tengan la capacidad de generar un negocio rentable a largo plazo. No buscamos negocios para especular con ellos sino para crear una inversi\u00f3n sostenible con un flujo de rentabilidad permanente. Buscamos proyectos con la ambici\u00f3n de crecer y convertirse en una gran empresa.<\/p>\n<p><strong>\u00bfQue ideas triunfar\u00e1n en el futuro?<\/strong><br \/>\nEs dif\u00edcil de decir. Todav\u00eda hay mucha promesa, que no realidad, alrededor de lo que es la \u2018web\u2019 sem\u00e1ntica. Hay varios proyectos basados en ella que tienen potencial a medio plazo, pero no ahora. Es tan malo entrar demasiado tarde como demasiado pronto&#8230;. Hay que entrar en el momento justo. Hay tecnolog\u00edas que prometen mucho pero que a\u00fan est\u00e1n a tres a\u00f1os de cuajar en el mercado y, si inviertes, necesitar\u00e1s m\u00e1s inversi\u00f3n y tendr\u00e1s menos rentabilidad que si lo haces un tiempo despu\u00e9s.<\/p>\n<p><strong>Entonces, \u00bfqu\u00e9 consejos da para el presente?<\/strong><br \/>\nEl autoempleo. Si cobras 5.000 euros en tu empresa olv\u00eddate, pero si eres de los que gana 850, estate seguro de que puedes generar ese ingreso por tu cuenta gracias a Internet; es relativamente sencillo. Creo que va a haber un gran transvase a la Red de aut\u00f3nomos cuyos negocios facturan entre los 1.000 y los 3.000 euros al mes. En unos a\u00f1os asistiremos al nacimiento de una nueva generaci\u00f3n de microempresas digitales.<\/p>\n","protected":false},"excerpt":{"rendered":"<p>Entrevista con Rodolfo Carpintier, presidente de DAD, la incubadora de negocios en Internet responsable de Tuenti, Buyvip o Baquia.<\/p>\n","protected":false},"author":35,"featured_media":29665,"comment_status":"closed","ping_status":"open","sticky":false,"template":"","format":"standard","meta":{"footnotes":""},"categories":[3],"tags":[394,1391,1392,1393,540,1394,162,306,509,1395,138,1396,27],"class_list":["post-8162","post","type-post","status-publish","format-standard","has-post-thumbnail","hentry","category-actualidad","tag-alemania","tag-bacquia","tag-buyvip","tag-ciberembrendedor","tag-consejos-2","tag-dad","tag-empleo","tag-espana","tag-internet","tag-negocio","tag-red","tag-rodolfo-carpintier","tag-tuenti"],"yoast_head":"<!-- This site is optimized with the Yoast SEO plugin v26.1.1 - https:\/\/yoast.com\/wordpress\/plugins\/seo\/ -->\n<title>&quot;Muchos aut\u00f3nomos ser\u00e1n microempresas digitales&quot; | HRTRENDS<\/title>\n<meta name=\"robots\" content=\"index, follow, max-snippet:-1, max-image-preview:large, max-video-preview:-1\" \/>\n<link rel=\"canonical\" href=\"https:\/\/empresas.infoempleo.com\/hrtrends\/muchos-autonomos-seran-microempresas-digitales\/\" \/>\n<meta property=\"og:locale\" content=\"es_ES\" \/>\n<meta property=\"og:type\" content=\"article\" \/>\n<meta property=\"og:title\" content=\"&quot;Muchos aut\u00f3nomos ser\u00e1n microempresas digitales&quot; | HRTRENDS\" \/>\n<meta property=\"og:description\" content=\"Entrevista con Rodolfo Carpintier, presidente de DAD, la incubadora de negocios en Internet responsable de Tuenti, Buyvip o Baquia.\" \/>\n<meta property=\"og:url\" content=\"https:\/\/empresas.infoempleo.com\/hrtrends\/muchos-autonomos-seran-microempresas-digitales\/\" \/>\n<meta property=\"og:site_name\" content=\"HRTRENDS\" \/>\n<meta property=\"article:publisher\" content=\"https:\/\/www.facebook.com\/Infoempleo\" \/>\n<meta property=\"article:published_time\" content=\"2010-04-05T09:33:05+00:00\" \/>\n<meta property=\"article:modified_time\" content=\"2024-08-01T14:11:58+00:00\" \/>\n<meta name=\"author\" content=\"Laura de Cubas\" \/>\n<meta name=\"twitter:card\" content=\"summary_large_image\" \/>\n<meta name=\"twitter:creator\" content=\"@infoempleo\" \/>\n<meta name=\"twitter:site\" content=\"@infoempleo\" \/>\n<meta name=\"twitter:label1\" content=\"Escrito por\" \/>\n\t<meta name=\"twitter:data1\" content=\"Laura de Cubas\" \/>\n\t<meta name=\"twitter:label2\" content=\"Tiempo de lectura\" \/>\n\t<meta name=\"twitter:data2\" content=\"3 minutos\" \/>\n<script type=\"application\/ld+json\" class=\"yoast-schema-graph\">{\"@context\":\"https:\/\/schema.org\",\"@graph\":[{\"@type\":\"NewsArticle\",\"@id\":\"https:\/\/empresas.infoempleo.com\/hrtrends\/muchos-autonomos-seran-microempresas-digitales\/#article\",\"isPartOf\":{\"@id\":\"https:\/\/empresas.infoempleo.com\/hrtrends\/muchos-autonomos-seran-microempresas-digitales\/\"},\"author\":{\"name\":\"Laura de Cubas\",\"@id\":\"https:\/\/empresas.infoempleo.com\/hrtrends\/#\/schema\/person\/eee830fc2082cd3b52302e59ea0d2c05\"},\"headline\":\"\u00abMuchos aut\u00f3nomos ser\u00e1n microempresas digitales\u00bb\",\"datePublished\":\"2010-04-05T09:33:05+00:00\",\"dateModified\":\"2024-08-01T14:11:58+00:00\",\"mainEntityOfPage\":{\"@id\":\"https:\/\/empresas.infoempleo.com\/hrtrends\/muchos-autonomos-seran-microempresas-digitales\/\"},\"wordCount\":636,\"publisher\":{\"@id\":\"https:\/\/empresas.infoempleo.com\/hrtrends\/#organization\"},\"image\":{\"@id\":\"https:\/\/empresas.infoempleo.com\/hrtrends\/muchos-autonomos-seran-microempresas-digitales\/#primaryimage\"},\"thumbnailUrl\":\"https:\/\/empresas.infoempleo.com\/hrtrends\/media\/2017\/05\/pexels-photo-205508.jpg\",\"keywords\":[\"Alemania\",\"Bacquia\",\"BuyVip\",\"Ciberembrendedor\",\"consejos\",\"Dad\",\"Empleo\",\"espa\u00f1a\",\"Internet\",\"negocio\",\"red\",\"Rodolfo Carpintier\",\"Tuenti\"],\"articleSection\":[\"Actualidad\"],\"inLanguage\":\"es\",\"copyrightYear\":\"2010\",\"copyrightHolder\":{\"@id\":\"https:\/\/empresas.infoempleo.com\/hrtrends\/#organization\"}},{\"@type\":\"WebPage\",\"@id\":\"https:\/\/empresas.infoempleo.com\/hrtrends\/muchos-autonomos-seran-microempresas-digitales\/\",\"url\":\"https:\/\/empresas.infoempleo.com\/hrtrends\/muchos-autonomos-seran-microempresas-digitales\/\",\"name\":\"\\\"Muchos aut\u00f3nomos ser\u00e1n microempresas digitales\\\" | HRTRENDS\",\"isPartOf\":{\"@id\":\"https:\/\/empresas.infoempleo.com\/hrtrends\/#website\"},\"primaryImageOfPage\":{\"@id\":\"https:\/\/empresas.infoempleo.com\/hrtrends\/muchos-autonomos-seran-microempresas-digitales\/#primaryimage\"},\"image\":{\"@id\":\"https:\/\/empresas.infoempleo.com\/hrtrends\/muchos-autonomos-seran-microempresas-digitales\/#primaryimage\"},\"thumbnailUrl\":\"https:\/\/empresas.infoempleo.com\/hrtrends\/media\/2017\/05\/pexels-photo-205508.jpg\",\"datePublished\":\"2010-04-05T09:33:05+00:00\",\"dateModified\":\"2024-08-01T14:11:58+00:00\",\"breadcrumb\":{\"@id\":\"https:\/\/empresas.infoempleo.com\/hrtrends\/muchos-autonomos-seran-microempresas-digitales\/#breadcrumb\"},\"inLanguage\":\"es\",\"potentialAction\":[{\"@type\":\"ReadAction\",\"target\":[\"https:\/\/empresas.infoempleo.com\/hrtrends\/muchos-autonomos-seran-microempresas-digitales\/\"]}]},{\"@type\":\"ImageObject\",\"inLanguage\":\"es\",\"@id\":\"https:\/\/empresas.infoempleo.com\/hrtrends\/muchos-autonomos-seran-microempresas-digitales\/#primaryimage\",\"url\":\"https:\/\/empresas.infoempleo.com\/hrtrends\/media\/2017\/05\/pexels-photo-205508-150x150.jpg\",\"contentUrl\":\"https:\/\/empresas.infoempleo.com\/hrtrends\/media\/2017\/05\/pexels-photo-205508-150x150.jpg\",\"width\":150,\"height\":150},{\"@type\":\"BreadcrumbList\",\"@id\":\"https:\/\/empresas.infoempleo.com\/hrtrends\/muchos-autonomos-seran-microempresas-digitales\/#breadcrumb\",\"itemListElement\":[{\"@type\":\"ListItem\",\"position\":1,\"name\":\"Portada\",\"item\":\"https:\/\/empresas.infoempleo.com\/hrtrends\/\"},{\"@type\":\"ListItem\",\"position\":2,\"name\":\"\u00abMuchos aut\u00f3nomos ser\u00e1n microempresas digitales\u00bb\"}]},{\"@type\":\"WebSite\",\"@id\":\"https:\/\/empresas.infoempleo.com\/hrtrends\/#website\",\"url\":\"https:\/\/empresas.infoempleo.com\/hrtrends\",\"name\":\"HRTrends by Infoempleo\",\"description\":\"\",\"publisher\":{\"@id\":\"https:\/\/empresas.infoempleo.com\/hrtrends\/#organization\"},\"potentialAction\":{\"@type\":\"SearchAction\",\"target\":\"https:\/\/empresas.infoempleo.com\/hrtrends\/?s={search_term_string}\",\"query-input\":\"required name=search_term_string\"},\"inLanguage\":\"es\"},{\"@type\":\"Organization\",\"@id\":\"https:\/\/empresas.infoempleo.com\/hrtrends\/#organization\",\"name\":\"Infoempleo\",\"url\":\"https:\/\/www.infoempleo.com\/\",\"logo\":{\"@type\":\"ImageObject\",\"@id\":\"https:\/\/empresas.infoempleo.com\/hrtrends\/#logo\",\"inLanguage\":\"es\",\"url\":\"https:\/\/cdnazure.infoempleo.com\/infoempleo\/assets\/style\/gfx\/logo.svg\",\"contentUrl\":\"https:\/\/cdnazure.infoempleo.com\/infoempleo\/assets\/style\/gfx\/logo.svg\",\"width\":150,\"height\":40,\"caption\":\"Infoempleo\"},\"image\":{\"@id\":\"https:\/\/empresas.infoempleo.com\/hrtrends\/#logo\"},\"sameAs\":[\"https:\/\/www.facebook.com\/Infoempleo\",\"https:\/\/x.com\/infoempleo\",\"http:\/\/instagram.com\/infoempleo\/\",\"http:\/\/www.linkedin.com\/groups\/Empleo-Espa\u00f1a-Infoempleocom-111276\",\"http:\/\/pinterest.com\/infoempleo\/\"],\"address\":{\"@type\":\"PostalAddress\",\"addressLocality\":\"Madrid\",\"postalCode\":\"28050\",\"streetAddress\":\"Avenida de Burgos 114\"},\"brand\":[\"Infoempleo\"]},{\"@type\":\"Person\",\"@id\":\"https:\/\/empresas.infoempleo.com\/hrtrends\/#\/schema\/person\/eee830fc2082cd3b52302e59ea0d2c05\",\"name\":\"Laura de Cubas\",\"image\":{\"@type\":\"ImageObject\",\"inLanguage\":\"es\",\"@id\":\"https:\/\/empresas.infoempleo.com\/hrtrends\/#\/schema\/person\/image\/\",\"url\":\"https:\/\/secure.gravatar.com\/avatar\/c13d88dcd67943e13f74372e711c3ba2accf296b195ba5dd59566bd5f5df94c8?s=96&d=mm&r=g\",\"contentUrl\":\"https:\/\/secure.gravatar.com\/avatar\/c13d88dcd67943e13f74372e711c3ba2accf296b195ba5dd59566bd5f5df94c8?s=96&d=mm&r=g\",\"caption\":\"Laura de Cubas\"},\"url\":\"https:\/\/empresas.infoempleo.com\/hrtrends\/author\/laura-de-cubas\/\"}]}<\/script>\n<!-- \/ Yoast SEO plugin. -->","yoast_head_json":{"title":"\"Muchos aut\u00f3nomos ser\u00e1n microempresas digitales\" | HRTRENDS","robots":{"index":"index","follow":"follow","max-snippet":"max-snippet:-1","max-image-preview":"max-image-preview:large","max-video-preview":"max-video-preview:-1"},"canonical":"https:\/\/empresas.infoempleo.com\/hrtrends\/muchos-autonomos-seran-microempresas-digitales\/","og_locale":"es_ES","og_type":"article","og_title":"\"Muchos aut\u00f3nomos ser\u00e1n microempresas digitales\" | HRTRENDS","og_description":"Entrevista con Rodolfo Carpintier, presidente de DAD, la incubadora de negocios en Internet responsable de Tuenti, Buyvip o Baquia.","og_url":"https:\/\/empresas.infoempleo.com\/hrtrends\/muchos-autonomos-seran-microempresas-digitales\/","og_site_name":"HRTRENDS","article_publisher":"https:\/\/www.facebook.com\/Infoempleo","article_published_time":"2010-04-05T09:33:05+00:00","article_modified_time":"2024-08-01T14:11:58+00:00","author":"Laura de Cubas","twitter_card":"summary_large_image","twitter_creator":"@infoempleo","twitter_site":"@infoempleo","twitter_misc":{"Escrito por":"Laura de Cubas","Tiempo de lectura":"3 minutos"},"schema":{"@context":"https:\/\/schema.org","@graph":[{"@type":"NewsArticle","@id":"https:\/\/empresas.infoempleo.com\/hrtrends\/muchos-autonomos-seran-microempresas-digitales\/#article","isPartOf":{"@id":"https:\/\/empresas.infoempleo.com\/hrtrends\/muchos-autonomos-seran-microempresas-digitales\/"},"author":{"name":"Laura de Cubas","@id":"https:\/\/empresas.infoempleo.com\/hrtrends\/#\/schema\/person\/eee830fc2082cd3b52302e59ea0d2c05"},"headline":"\u00abMuchos aut\u00f3nomos ser\u00e1n microempresas digitales\u00bb","datePublished":"2010-04-05T09:33:05+00:00","dateModified":"2024-08-01T14:11:58+00:00","mainEntityOfPage":{"@id":"https:\/\/empresas.infoempleo.com\/hrtrends\/muchos-autonomos-seran-microempresas-digitales\/"},"wordCount":636,"publisher":{"@id":"https:\/\/empresas.infoempleo.com\/hrtrends\/#organization"},"image":{"@id":"https:\/\/empresas.infoempleo.com\/hrtrends\/muchos-autonomos-seran-microempresas-digitales\/#primaryimage"},"thumbnailUrl":"https:\/\/empresas.infoempleo.com\/hrtrends\/media\/2017\/05\/pexels-photo-205508.jpg","keywords":["Alemania","Bacquia","BuyVip","Ciberembrendedor","consejos","Dad","Empleo","espa\u00f1a","Internet","negocio","red","Rodolfo Carpintier","Tuenti"],"articleSection":["Actualidad"],"inLanguage":"es","copyrightYear":"2010","copyrightHolder":{"@id":"https:\/\/empresas.infoempleo.com\/hrtrends\/#organization"}},{"@type":"WebPage","@id":"https:\/\/empresas.infoempleo.com\/hrtrends\/muchos-autonomos-seran-microempresas-digitales\/","url":"https:\/\/empresas.infoempleo.com\/hrtrends\/muchos-autonomos-seran-microempresas-digitales\/","name":"\"Muchos aut\u00f3nomos ser\u00e1n microempresas digitales\" | HRTRENDS","isPartOf":{"@id":"https:\/\/empresas.infoempleo.com\/hrtrends\/#website"},"primaryImageOfPage":{"@id":"https:\/\/empresas.infoempleo.com\/hrtrends\/muchos-autonomos-seran-microempresas-digitales\/#primaryimage"},"image":{"@id":"https:\/\/empresas.infoempleo.com\/hrtrends\/muchos-autonomos-seran-microempresas-digitales\/#primaryimage"},"thumbnailUrl":"https:\/\/empresas.infoempleo.com\/hrtrends\/media\/2017\/05\/pexels-photo-205508.jpg","datePublished":"2010-04-05T09:33:05+00:00","dateModified":"2024-08-01T14:11:58+00:00","breadcrumb":{"@id":"https:\/\/empresas.infoempleo.com\/hrtrends\/muchos-autonomos-seran-microempresas-digitales\/#breadcrumb"},"inLanguage":"es","potentialAction":[{"@type":"ReadAction","target":["https:\/\/empresas.infoempleo.com\/hrtrends\/muchos-autonomos-seran-microempresas-digitales\/"]}]},{"@type":"ImageObject","inLanguage":"es","@id":"https:\/\/empresas.infoempleo.com\/hrtrends\/muchos-autonomos-seran-microempresas-digitales\/#primaryimage","url":"https:\/\/empresas.infoempleo.com\/hrtrends\/media\/2017\/05\/pexels-photo-205508-150x150.jpg","contentUrl":"https:\/\/empresas.infoempleo.com\/hrtrends\/media\/2017\/05\/pexels-photo-205508-150x150.jpg","width":150,"height":150},{"@type":"BreadcrumbList","@id":"https:\/\/empresas.infoempleo.com\/hrtrends\/muchos-autonomos-seran-microempresas-digitales\/#breadcrumb","itemListElement":[{"@type":"ListItem","position":1,"name":"Portada","item":"https:\/\/empresas.infoempleo.com\/hrtrends\/"},{"@type":"ListItem","position":2,"name":"\u00abMuchos aut\u00f3nomos ser\u00e1n microempresas digitales\u00bb"}]},{"@type":"WebSite","@id":"https:\/\/empresas.infoempleo.com\/hrtrends\/#website","url":"https:\/\/empresas.infoempleo.com\/hrtrends","name":"HRTrends by Infoempleo","description":"","publisher":{"@id":"https:\/\/empresas.infoempleo.com\/hrtrends\/#organization"},"potentialAction":{"@type":"SearchAction","target":"https:\/\/empresas.infoempleo.com\/hrtrends\/?s={search_term_string}","query-input":"required name=search_term_string"},"inLanguage":"es"},{"@type":"Organization","@id":"https:\/\/empresas.infoempleo.com\/hrtrends\/#organization","name":"Infoempleo","url":"https:\/\/www.infoempleo.com\/","logo":{"@type":"ImageObject","@id":"https:\/\/empresas.infoempleo.com\/hrtrends\/#logo","inLanguage":"es","url":"https:\/\/cdnazure.infoempleo.com\/infoempleo\/assets\/style\/gfx\/logo.svg","contentUrl":"https:\/\/cdnazure.infoempleo.com\/infoempleo\/assets\/style\/gfx\/logo.svg","width":150,"height":40,"caption":"Infoempleo"},"image":{"@id":"https:\/\/empresas.infoempleo.com\/hrtrends\/#logo"},"sameAs":["https:\/\/www.facebook.com\/Infoempleo","https:\/\/x.com\/infoempleo","http:\/\/instagram.com\/infoempleo\/","http:\/\/www.linkedin.com\/groups\/Empleo-Espa\u00f1a-Infoempleocom-111276","http:\/\/pinterest.com\/infoempleo\/"],"address":{"@type":"PostalAddress","addressLocality":"Madrid","postalCode":"28050","streetAddress":"Avenida de Burgos 114"},"brand":["Infoempleo"]},{"@type":"Person","@id":"https:\/\/empresas.infoempleo.com\/hrtrends\/#\/schema\/person\/eee830fc2082cd3b52302e59ea0d2c05","name":"Laura de Cubas","image":{"@type":"ImageObject","inLanguage":"es","@id":"https:\/\/empresas.infoempleo.com\/hrtrends\/#\/schema\/person\/image\/","url":"https:\/\/secure.gravatar.com\/avatar\/c13d88dcd67943e13f74372e711c3ba2accf296b195ba5dd59566bd5f5df94c8?s=96&d=mm&r=g","contentUrl":"https:\/\/secure.gravatar.com\/avatar\/c13d88dcd67943e13f74372e711c3ba2accf296b195ba5dd59566bd5f5df94c8?s=96&d=mm&r=g","caption":"Laura de Cubas"},"url":"https:\/\/empresas.infoempleo.com\/hrtrends\/author\/laura-de-cubas\/"}]}},"amp_enabled":true,"_links":{"self":[{"href":"https:\/\/empresas.infoempleo.com\/hrtrends\/wp-json\/wp\/v2\/posts\/8162","targetHints":{"allow":["GET"]}}],"collection":[{"href":"https:\/\/empresas.infoempleo.com\/hrtrends\/wp-json\/wp\/v2\/posts"}],"about":[{"href":"https:\/\/empresas.infoempleo.com\/hrtrends\/wp-json\/wp\/v2\/types\/post"}],"author":[{"embeddable":true,"href":"https:\/\/empresas.infoempleo.com\/hrtrends\/wp-json\/wp\/v2\/users\/35"}],"replies":[{"embeddable":true,"href":"https:\/\/empresas.infoempleo.com\/hrtrends\/wp-json\/wp\/v2\/comments?post=8162"}],"version-history":[{"count":3,"href":"https:\/\/empresas.infoempleo.com\/hrtrends\/wp-json\/wp\/v2\/posts\/8162\/revisions"}],"predecessor-version":[{"id":44511,"href":"https:\/\/empresas.infoempleo.com\/hrtrends\/wp-json\/wp\/v2\/posts\/8162\/revisions\/44511"}],"wp:featuredmedia":[{"embeddable":true,"href":"https:\/\/empresas.infoempleo.com\/hrtrends\/wp-json\/wp\/v2\/media\/29665"}],"wp:attachment":[{"href":"https:\/\/empresas.infoempleo.com\/hrtrends\/wp-json\/wp\/v2\/media?parent=8162"}],"wp:term":[{"taxonomy":"category","embeddable":true,"href":"https:\/\/empresas.infoempleo.com\/hrtrends\/wp-json\/wp\/v2\/categories?post=8162"},{"taxonomy":"post_tag","embeddable":true,"href":"https:\/\/empresas.infoempleo.com\/hrtrends\/wp-json\/wp\/v2\/tags?post=8162"}],"curies":[{"name":"wp","href":"https:\/\/api.w.org\/{rel}","templated":true}]}}