{"id":8146,"date":"2010-03-30T08:10:16","date_gmt":"2010-03-30T07:10:16","guid":{"rendered":"http:\/\/blog.infoempleo.com\/?p=8146"},"modified":"2025-09-23T11:59:13","modified_gmt":"2025-09-23T09:59:13","slug":"mesquida-cifra-en-un-85-la-ocupacion-para-semana-santa-un-10-mas","status":"publish","type":"post","link":"https:\/\/empresas.infoempleo.com\/hrtrends\/mesquida-cifra-en-un-85-la-ocupacion-para-semana-santa-un-10-mas\/","title":{"rendered":"Mesquida cifra en un 85% la ocupaci\u00f3n para Semana Santa, un 10% m\u00e1s"},"content":{"rendered":"<p>El secretario de Estado de Turismo, Joan Mesquida, ha cifrado la ocupaci\u00f3n hotelera para la Semana Santa en un 85%, lo que supone un incremento del 10% con respecto al mismo periodo del ejercicio anterior.<\/p>\n<p>Durante la presentaci\u00f3n del <strong>&#8216;Manual de las buenas pr\u00e1cticas en la hosteler\u00eda&#8217;<\/strong>, de la Federaci\u00f3n Espa\u00f1ola de Hosteler\u00eda (FEHR), Mesquida cit\u00f3 adem\u00e1s los \u00faltimos datos proporcionados por Aeropuertos Espa\u00f1oles y Navegaci\u00f3n A\u00e9rea (AENA) seg\u00fan los cuales se prev\u00e9 un incremento de las operaciones del 3,4% y del 5,6% de los pasajeros para el periodo comprendido entre el mi\u00e9rcoles y el pr\u00f3ximo domingo.<\/p>\n<p>Con respecto a las previsiones de gasto para Semana Santa, Mesquida destac\u00f3 que la ocupaci\u00f3n \u00absuele tener un contrapunto a la rentabilidad\u00bb debido a las reservas de \u00faltima hora, y detall\u00f3 que los datos cambian dependiendo de la anterioridad con la que se midan.<\/p>\n<p>En cuanto a las cifras del gasto total de los turistas extranjeros en febrero, publicadas hoy, Mesquida destac\u00f3 que seg\u00fan las cifras acumuladas hasta febrero \u00abse mantiene en niveles similares\u00bb a los registrados en el mismo periodo del ejercicio anterior\u00bb.<\/p>\n<p>Seg\u00fan las cifras publicadas por Egatur, en febrero, el gasto medio que realizaron los turistas extranjeros creci\u00f3 ligeramente (+0,3%) hasta los 932 euros, mientras que el gasto medio disminuy\u00f3 un 1,5%.<\/p>\n<p>No obstante, el responsable llam\u00f3 a la prudencia con respecto a la evoluci\u00f3n de los datos, ya que la moderaci\u00f3n del gasto en febrero se corresponde con el retroceso de la llegada de turistas en el mismo mes debido a las adversas condiciones meteorol\u00f3gicas.<\/p>\n<p>As\u00ed, destac\u00f3 que \u00abno hay que desatar la euforia\u00bb con cada dato positivo ni ser pesimista cuando las cifras empeoren y reiter\u00f3 que el acumulado del a\u00f1o evoluciona en l\u00ednea con las cifras de 2009.<\/p>\n<p>No obstante, Mesquida prev\u00e9 que las cifras del sector comiencen a despuntar a partir de Semana Santa y con la llegada de la temporada estival y destac\u00f3 que las previsiones climatol\u00f3gicas positivas \u00abtambi\u00e9n influir\u00e1n\u00bb.<\/p>\n<p>Con respecto a las reservas de \u00faltima hora, el secretario de Estado de Turismo destac\u00f3 que el incremento de las mismas obedece a la sensaci\u00f3n de \u00abincertidumbre\u00bb y a la espera de encontrar ofertas de \u00faltima hora.<\/p>\n<p>Fuente: <a href=\"https:\/\/www.europapress.es\/economia\/noticia-mesquida-cifra-85-ocupacion-semana-santa-10-mas-20100329133144.html\" target=\"_blank\" rel=\"noopener\">Europa Press<\/a><\/p>\n","protected":false},"excerpt":{"rendered":"<p>El secretario de Estado de Turismo, Joan Mesquida, ha cifrado la ocupaci\u00f3n hotelera para la Semana Santa en<a class=\"moretag\" href=\"https:\/\/empresas.infoempleo.com\/hrtrends\/mesquida-cifra-en-un-85-la-ocupacion-para-semana-santa-un-10-mas\/\"> Leer m\u00e1s<\/a><\/p>\n","protected":false},"author":72,"featured_media":29665,"comment_status":"closed","ping_status":"open","sticky":false,"template":"","format":"standard","meta":{"footnotes":""},"categories":[3],"tags":[524,1389,526,1390],"class_list":["post-8146","post","type-post","status-publish","format-standard","has-post-thumbnail","hentry","category-actualidad","tag-hosteleria","tag-ocupacion-hotelera","tag-turismo","tag-turista"],"yoast_head":"<!-- This site is optimized with the Yoast SEO plugin v26.1.1 - https:\/\/yoast.com\/wordpress\/plugins\/seo\/ -->\n<title>Mesquida cifra en un 85% la ocupaci\u00f3n para Semana Santa, un 10% m\u00e1s | HRTRENDS<\/title>\n<meta name=\"robots\" content=\"index, follow, max-snippet:-1, max-image-preview:large, max-video-preview:-1\" \/>\n<link rel=\"canonical\" href=\"https:\/\/empresas.infoempleo.com\/hrtrends\/mesquida-cifra-en-un-85-la-ocupacion-para-semana-santa-un-10-mas\/\" \/>\n<meta property=\"og:locale\" content=\"es_ES\" \/>\n<meta property=\"og:type\" content=\"article\" \/>\n<meta property=\"og:title\" content=\"Mesquida cifra en un 85% la ocupaci\u00f3n para Semana Santa, un 10% m\u00e1s | HRTRENDS\" \/>\n<meta property=\"og:description\" content=\"El secretario de Estado de Turismo, Joan Mesquida, ha cifrado la ocupaci\u00f3n hotelera para la Semana Santa en Leer m\u00e1s\" \/>\n<meta property=\"og:url\" content=\"https:\/\/empresas.infoempleo.com\/hrtrends\/mesquida-cifra-en-un-85-la-ocupacion-para-semana-santa-un-10-mas\/\" \/>\n<meta property=\"og:site_name\" content=\"HRTRENDS\" \/>\n<meta property=\"article:publisher\" content=\"https:\/\/www.facebook.com\/Infoempleo\" \/>\n<meta property=\"article:published_time\" content=\"2010-03-30T07:10:16+00:00\" \/>\n<meta property=\"article:modified_time\" content=\"2025-09-23T09:59:13+00:00\" \/>\n<meta name=\"author\" content=\"infoempleo\" \/>\n<meta name=\"twitter:card\" content=\"summary_large_image\" \/>\n<meta name=\"twitter:creator\" content=\"@infoempleo\" \/>\n<meta name=\"twitter:site\" content=\"@infoempleo\" \/>\n<meta name=\"twitter:label1\" content=\"Escrito por\" \/>\n\t<meta name=\"twitter:data1\" content=\"infoempleo\" \/>\n\t<meta name=\"twitter:label2\" content=\"Tiempo de lectura\" \/>\n\t<meta name=\"twitter:data2\" content=\"2 minutos\" \/>\n<script type=\"application\/ld+json\" class=\"yoast-schema-graph\">{\"@context\":\"https:\/\/schema.org\",\"@graph\":[{\"@type\":\"NewsArticle\",\"@id\":\"https:\/\/empresas.infoempleo.com\/hrtrends\/mesquida-cifra-en-un-85-la-ocupacion-para-semana-santa-un-10-mas\/#article\",\"isPartOf\":{\"@id\":\"https:\/\/empresas.infoempleo.com\/hrtrends\/mesquida-cifra-en-un-85-la-ocupacion-para-semana-santa-un-10-mas\/\"},\"author\":{\"name\":\"infoempleo\",\"@id\":\"https:\/\/empresas.infoempleo.com\/hrtrends\/#\/schema\/person\/67d3e276ffcc8b3ae0ebec816daf775a\"},\"headline\":\"Mesquida cifra en un 85% la ocupaci\u00f3n para Semana Santa, un 10% m\u00e1s\",\"datePublished\":\"2010-03-30T07:10:16+00:00\",\"dateModified\":\"2025-09-23T09:59:13+00:00\",\"mainEntityOfPage\":{\"@id\":\"https:\/\/empresas.infoempleo.com\/hrtrends\/mesquida-cifra-en-un-85-la-ocupacion-para-semana-santa-un-10-mas\/\"},\"wordCount\":396,\"publisher\":{\"@id\":\"https:\/\/empresas.infoempleo.com\/hrtrends\/#organization\"},\"image\":{\"@id\":\"https:\/\/empresas.infoempleo.com\/hrtrends\/mesquida-cifra-en-un-85-la-ocupacion-para-semana-santa-un-10-mas\/#primaryimage\"},\"thumbnailUrl\":\"https:\/\/empresas.infoempleo.com\/hrtrends\/media\/2017\/05\/pexels-photo-205508.jpg\",\"keywords\":[\"hosteler\u00eda\",\"ocupaci\u00f3n hotelera\",\"Turismo\",\"turista\"],\"articleSection\":[\"Actualidad\"],\"inLanguage\":\"es\",\"copyrightYear\":\"2010\",\"copyrightHolder\":{\"@id\":\"https:\/\/empresas.infoempleo.com\/hrtrends\/#organization\"}},{\"@type\":\"WebPage\",\"@id\":\"https:\/\/empresas.infoempleo.com\/hrtrends\/mesquida-cifra-en-un-85-la-ocupacion-para-semana-santa-un-10-mas\/\",\"url\":\"https:\/\/empresas.infoempleo.com\/hrtrends\/mesquida-cifra-en-un-85-la-ocupacion-para-semana-santa-un-10-mas\/\",\"name\":\"Mesquida cifra en un 85% la ocupaci\u00f3n para Semana Santa, un 10% m\u00e1s | HRTRENDS\",\"isPartOf\":{\"@id\":\"https:\/\/empresas.infoempleo.com\/hrtrends\/#website\"},\"primaryImageOfPage\":{\"@id\":\"https:\/\/empresas.infoempleo.com\/hrtrends\/mesquida-cifra-en-un-85-la-ocupacion-para-semana-santa-un-10-mas\/#primaryimage\"},\"image\":{\"@id\":\"https:\/\/empresas.infoempleo.com\/hrtrends\/mesquida-cifra-en-un-85-la-ocupacion-para-semana-santa-un-10-mas\/#primaryimage\"},\"thumbnailUrl\":\"https:\/\/empresas.infoempleo.com\/hrtrends\/media\/2017\/05\/pexels-photo-205508.jpg\",\"datePublished\":\"2010-03-30T07:10:16+00:00\",\"dateModified\":\"2025-09-23T09:59:13+00:00\",\"breadcrumb\":{\"@id\":\"https:\/\/empresas.infoempleo.com\/hrtrends\/mesquida-cifra-en-un-85-la-ocupacion-para-semana-santa-un-10-mas\/#breadcrumb\"},\"inLanguage\":\"es\",\"potentialAction\":[{\"@type\":\"ReadAction\",\"target\":[\"https:\/\/empresas.infoempleo.com\/hrtrends\/mesquida-cifra-en-un-85-la-ocupacion-para-semana-santa-un-10-mas\/\"]}]},{\"@type\":\"ImageObject\",\"inLanguage\":\"es\",\"@id\":\"https:\/\/empresas.infoempleo.com\/hrtrends\/mesquida-cifra-en-un-85-la-ocupacion-para-semana-santa-un-10-mas\/#primaryimage\",\"url\":\"https:\/\/empresas.infoempleo.com\/hrtrends\/media\/2017\/05\/pexels-photo-205508-150x150.jpg\",\"contentUrl\":\"https:\/\/empresas.infoempleo.com\/hrtrends\/media\/2017\/05\/pexels-photo-205508-150x150.jpg\",\"width\":150,\"height\":150},{\"@type\":\"BreadcrumbList\",\"@id\":\"https:\/\/empresas.infoempleo.com\/hrtrends\/mesquida-cifra-en-un-85-la-ocupacion-para-semana-santa-un-10-mas\/#breadcrumb\",\"itemListElement\":[{\"@type\":\"ListItem\",\"position\":1,\"name\":\"Portada\",\"item\":\"https:\/\/empresas.infoempleo.com\/hrtrends\/\"},{\"@type\":\"ListItem\",\"position\":2,\"name\":\"Mesquida cifra en un 85% la ocupaci\u00f3n para Semana Santa, un 10% m\u00e1s\"}]},{\"@type\":\"WebSite\",\"@id\":\"https:\/\/empresas.infoempleo.com\/hrtrends\/#website\",\"url\":\"https:\/\/empresas.infoempleo.com\/hrtrends\",\"name\":\"HRTrends by Infoempleo\",\"description\":\"\",\"publisher\":{\"@id\":\"https:\/\/empresas.infoempleo.com\/hrtrends\/#organization\"},\"potentialAction\":{\"@type\":\"SearchAction\",\"target\":\"https:\/\/empresas.infoempleo.com\/hrtrends\/?s={search_term_string}\",\"query-input\":\"required name=search_term_string\"},\"inLanguage\":\"es\"},{\"@type\":\"Organization\",\"@id\":\"https:\/\/empresas.infoempleo.com\/hrtrends\/#organization\",\"name\":\"Infoempleo\",\"url\":\"https:\/\/www.infoempleo.com\/\",\"logo\":{\"@type\":\"ImageObject\",\"@id\":\"https:\/\/empresas.infoempleo.com\/hrtrends\/#logo\",\"inLanguage\":\"es\",\"url\":\"https:\/\/cdnazure.infoempleo.com\/infoempleo\/assets\/style\/gfx\/logo.svg\",\"contentUrl\":\"https:\/\/cdnazure.infoempleo.com\/infoempleo\/assets\/style\/gfx\/logo.svg\",\"width\":150,\"height\":40,\"caption\":\"Infoempleo\"},\"image\":{\"@id\":\"https:\/\/empresas.infoempleo.com\/hrtrends\/#logo\"},\"sameAs\":[\"https:\/\/www.facebook.com\/Infoempleo\",\"https:\/\/x.com\/infoempleo\",\"http:\/\/instagram.com\/infoempleo\/\",\"http:\/\/www.linkedin.com\/groups\/Empleo-Espa\u00f1a-Infoempleocom-111276\",\"http:\/\/pinterest.com\/infoempleo\/\"],\"address\":{\"@type\":\"PostalAddress\",\"addressLocality\":\"Madrid\",\"postalCode\":\"28050\",\"streetAddress\":\"Avenida de Burgos 114\"},\"brand\":[\"Infoempleo\"]},{\"@type\":\"Person\",\"@id\":\"https:\/\/empresas.infoempleo.com\/hrtrends\/#\/schema\/person\/67d3e276ffcc8b3ae0ebec816daf775a\",\"name\":\"infoempleo\",\"image\":{\"@type\":\"ImageObject\",\"inLanguage\":\"es\",\"@id\":\"https:\/\/empresas.infoempleo.com\/hrtrends\/#\/schema\/person\/image\/\",\"url\":\"https:\/\/secure.gravatar.com\/avatar\/7b437777242fe67d2473c2a818da2344692d1ee91e91080ccffbd97bcd4a0975?s=96&d=mm&r=g\",\"contentUrl\":\"https:\/\/secure.gravatar.com\/avatar\/7b437777242fe67d2473c2a818da2344692d1ee91e91080ccffbd97bcd4a0975?s=96&d=mm&r=g\",\"caption\":\"infoempleo\"},\"url\":\"https:\/\/empresas.infoempleo.com\/hrtrends\/author\/infoempleo\/\"}]}<\/script>\n<!-- \/ Yoast SEO plugin. -->","yoast_head_json":{"title":"Mesquida cifra en un 85% la ocupaci\u00f3n para Semana Santa, un 10% m\u00e1s | HRTRENDS","robots":{"index":"index","follow":"follow","max-snippet":"max-snippet:-1","max-image-preview":"max-image-preview:large","max-video-preview":"max-video-preview:-1"},"canonical":"https:\/\/empresas.infoempleo.com\/hrtrends\/mesquida-cifra-en-un-85-la-ocupacion-para-semana-santa-un-10-mas\/","og_locale":"es_ES","og_type":"article","og_title":"Mesquida cifra en un 85% la ocupaci\u00f3n para Semana Santa, un 10% m\u00e1s | HRTRENDS","og_description":"El secretario de Estado de Turismo, Joan Mesquida, ha cifrado la ocupaci\u00f3n hotelera para la Semana Santa en Leer m\u00e1s","og_url":"https:\/\/empresas.infoempleo.com\/hrtrends\/mesquida-cifra-en-un-85-la-ocupacion-para-semana-santa-un-10-mas\/","og_site_name":"HRTRENDS","article_publisher":"https:\/\/www.facebook.com\/Infoempleo","article_published_time":"2010-03-30T07:10:16+00:00","article_modified_time":"2025-09-23T09:59:13+00:00","author":"infoempleo","twitter_card":"summary_large_image","twitter_creator":"@infoempleo","twitter_site":"@infoempleo","twitter_misc":{"Escrito por":"infoempleo","Tiempo de lectura":"2 minutos"},"schema":{"@context":"https:\/\/schema.org","@graph":[{"@type":"NewsArticle","@id":"https:\/\/empresas.infoempleo.com\/hrtrends\/mesquida-cifra-en-un-85-la-ocupacion-para-semana-santa-un-10-mas\/#article","isPartOf":{"@id":"https:\/\/empresas.infoempleo.com\/hrtrends\/mesquida-cifra-en-un-85-la-ocupacion-para-semana-santa-un-10-mas\/"},"author":{"name":"infoempleo","@id":"https:\/\/empresas.infoempleo.com\/hrtrends\/#\/schema\/person\/67d3e276ffcc8b3ae0ebec816daf775a"},"headline":"Mesquida cifra en un 85% la ocupaci\u00f3n para Semana Santa, un 10% m\u00e1s","datePublished":"2010-03-30T07:10:16+00:00","dateModified":"2025-09-23T09:59:13+00:00","mainEntityOfPage":{"@id":"https:\/\/empresas.infoempleo.com\/hrtrends\/mesquida-cifra-en-un-85-la-ocupacion-para-semana-santa-un-10-mas\/"},"wordCount":396,"publisher":{"@id":"https:\/\/empresas.infoempleo.com\/hrtrends\/#organization"},"image":{"@id":"https:\/\/empresas.infoempleo.com\/hrtrends\/mesquida-cifra-en-un-85-la-ocupacion-para-semana-santa-un-10-mas\/#primaryimage"},"thumbnailUrl":"https:\/\/empresas.infoempleo.com\/hrtrends\/media\/2017\/05\/pexels-photo-205508.jpg","keywords":["hosteler\u00eda","ocupaci\u00f3n hotelera","Turismo","turista"],"articleSection":["Actualidad"],"inLanguage":"es","copyrightYear":"2010","copyrightHolder":{"@id":"https:\/\/empresas.infoempleo.com\/hrtrends\/#organization"}},{"@type":"WebPage","@id":"https:\/\/empresas.infoempleo.com\/hrtrends\/mesquida-cifra-en-un-85-la-ocupacion-para-semana-santa-un-10-mas\/","url":"https:\/\/empresas.infoempleo.com\/hrtrends\/mesquida-cifra-en-un-85-la-ocupacion-para-semana-santa-un-10-mas\/","name":"Mesquida cifra en un 85% la ocupaci\u00f3n para Semana Santa, un 10% m\u00e1s | HRTRENDS","isPartOf":{"@id":"https:\/\/empresas.infoempleo.com\/hrtrends\/#website"},"primaryImageOfPage":{"@id":"https:\/\/empresas.infoempleo.com\/hrtrends\/mesquida-cifra-en-un-85-la-ocupacion-para-semana-santa-un-10-mas\/#primaryimage"},"image":{"@id":"https:\/\/empresas.infoempleo.com\/hrtrends\/mesquida-cifra-en-un-85-la-ocupacion-para-semana-santa-un-10-mas\/#primaryimage"},"thumbnailUrl":"https:\/\/empresas.infoempleo.com\/hrtrends\/media\/2017\/05\/pexels-photo-205508.jpg","datePublished":"2010-03-30T07:10:16+00:00","dateModified":"2025-09-23T09:59:13+00:00","breadcrumb":{"@id":"https:\/\/empresas.infoempleo.com\/hrtrends\/mesquida-cifra-en-un-85-la-ocupacion-para-semana-santa-un-10-mas\/#breadcrumb"},"inLanguage":"es","potentialAction":[{"@type":"ReadAction","target":["https:\/\/empresas.infoempleo.com\/hrtrends\/mesquida-cifra-en-un-85-la-ocupacion-para-semana-santa-un-10-mas\/"]}]},{"@type":"ImageObject","inLanguage":"es","@id":"https:\/\/empresas.infoempleo.com\/hrtrends\/mesquida-cifra-en-un-85-la-ocupacion-para-semana-santa-un-10-mas\/#primaryimage","url":"https:\/\/empresas.infoempleo.com\/hrtrends\/media\/2017\/05\/pexels-photo-205508-150x150.jpg","contentUrl":"https:\/\/empresas.infoempleo.com\/hrtrends\/media\/2017\/05\/pexels-photo-205508-150x150.jpg","width":150,"height":150},{"@type":"BreadcrumbList","@id":"https:\/\/empresas.infoempleo.com\/hrtrends\/mesquida-cifra-en-un-85-la-ocupacion-para-semana-santa-un-10-mas\/#breadcrumb","itemListElement":[{"@type":"ListItem","position":1,"name":"Portada","item":"https:\/\/empresas.infoempleo.com\/hrtrends\/"},{"@type":"ListItem","position":2,"name":"Mesquida cifra en un 85% la ocupaci\u00f3n para Semana Santa, un 10% m\u00e1s"}]},{"@type":"WebSite","@id":"https:\/\/empresas.infoempleo.com\/hrtrends\/#website","url":"https:\/\/empresas.infoempleo.com\/hrtrends","name":"HRTrends by Infoempleo","description":"","publisher":{"@id":"https:\/\/empresas.infoempleo.com\/hrtrends\/#organization"},"potentialAction":{"@type":"SearchAction","target":"https:\/\/empresas.infoempleo.com\/hrtrends\/?s={search_term_string}","query-input":"required name=search_term_string"},"inLanguage":"es"},{"@type":"Organization","@id":"https:\/\/empresas.infoempleo.com\/hrtrends\/#organization","name":"Infoempleo","url":"https:\/\/www.infoempleo.com\/","logo":{"@type":"ImageObject","@id":"https:\/\/empresas.infoempleo.com\/hrtrends\/#logo","inLanguage":"es","url":"https:\/\/cdnazure.infoempleo.com\/infoempleo\/assets\/style\/gfx\/logo.svg","contentUrl":"https:\/\/cdnazure.infoempleo.com\/infoempleo\/assets\/style\/gfx\/logo.svg","width":150,"height":40,"caption":"Infoempleo"},"image":{"@id":"https:\/\/empresas.infoempleo.com\/hrtrends\/#logo"},"sameAs":["https:\/\/www.facebook.com\/Infoempleo","https:\/\/x.com\/infoempleo","http:\/\/instagram.com\/infoempleo\/","http:\/\/www.linkedin.com\/groups\/Empleo-Espa\u00f1a-Infoempleocom-111276","http:\/\/pinterest.com\/infoempleo\/"],"address":{"@type":"PostalAddress","addressLocality":"Madrid","postalCode":"28050","streetAddress":"Avenida de Burgos 114"},"brand":["Infoempleo"]},{"@type":"Person","@id":"https:\/\/empresas.infoempleo.com\/hrtrends\/#\/schema\/person\/67d3e276ffcc8b3ae0ebec816daf775a","name":"infoempleo","image":{"@type":"ImageObject","inLanguage":"es","@id":"https:\/\/empresas.infoempleo.com\/hrtrends\/#\/schema\/person\/image\/","url":"https:\/\/secure.gravatar.com\/avatar\/7b437777242fe67d2473c2a818da2344692d1ee91e91080ccffbd97bcd4a0975?s=96&d=mm&r=g","contentUrl":"https:\/\/secure.gravatar.com\/avatar\/7b437777242fe67d2473c2a818da2344692d1ee91e91080ccffbd97bcd4a0975?s=96&d=mm&r=g","caption":"infoempleo"},"url":"https:\/\/empresas.infoempleo.com\/hrtrends\/author\/infoempleo\/"}]}},"amp_enabled":true,"_links":{"self":[{"href":"https:\/\/empresas.infoempleo.com\/hrtrends\/wp-json\/wp\/v2\/posts\/8146","targetHints":{"allow":["GET"]}}],"collection":[{"href":"https:\/\/empresas.infoempleo.com\/hrtrends\/wp-json\/wp\/v2\/posts"}],"about":[{"href":"https:\/\/empresas.infoempleo.com\/hrtrends\/wp-json\/wp\/v2\/types\/post"}],"author":[{"embeddable":true,"href":"https:\/\/empresas.infoempleo.com\/hrtrends\/wp-json\/wp\/v2\/users\/72"}],"replies":[{"embeddable":true,"href":"https:\/\/empresas.infoempleo.com\/hrtrends\/wp-json\/wp\/v2\/comments?post=8146"}],"version-history":[{"count":1,"href":"https:\/\/empresas.infoempleo.com\/hrtrends\/wp-json\/wp\/v2\/posts\/8146\/revisions"}],"predecessor-version":[{"id":47038,"href":"https:\/\/empresas.infoempleo.com\/hrtrends\/wp-json\/wp\/v2\/posts\/8146\/revisions\/47038"}],"wp:featuredmedia":[{"embeddable":true,"href":"https:\/\/empresas.infoempleo.com\/hrtrends\/wp-json\/wp\/v2\/media\/29665"}],"wp:attachment":[{"href":"https:\/\/empresas.infoempleo.com\/hrtrends\/wp-json\/wp\/v2\/media?parent=8146"}],"wp:term":[{"taxonomy":"category","embeddable":true,"href":"https:\/\/empresas.infoempleo.com\/hrtrends\/wp-json\/wp\/v2\/categories?post=8146"},{"taxonomy":"post_tag","embeddable":true,"href":"https:\/\/empresas.infoempleo.com\/hrtrends\/wp-json\/wp\/v2\/tags?post=8146"}],"curies":[{"name":"wp","href":"https:\/\/api.w.org\/{rel}","templated":true}]}}