{"id":8091,"date":"2010-03-24T10:01:59","date_gmt":"2010-03-24T09:01:59","guid":{"rendered":"http:\/\/blog.infoempleo.com\/?p=8091"},"modified":"2023-02-03T14:45:45","modified_gmt":"2023-02-03T12:45:45","slug":"las-aerolineas-de-bajo-coste-transportan-314-millones-de-pasajeros-hasta-febrero","status":"publish","type":"post","link":"https:\/\/empresas.infoempleo.com\/hrtrends\/las-aerolineas-de-bajo-coste-transportan-314-millones-de-pasajeros-hasta-febrero\/","title":{"rendered":"Las aerol\u00edneas de bajo coste transportan 3,14 millones de pasajeros hasta febrero"},"content":{"rendered":"<p>Las aerol\u00edneas de bajo coste transportaron 3,14 millones de pasajeros durante los dos primeros meses del a\u00f1o, lo que supone un aumento del 2,7% respecto al mismo periodo de 2009, frente a las compa\u00f1\u00edas tradicionales que trasladaron a 3,18 millones de viajeros manteni\u00e9ndose pr\u00e1cticamente estables (-0,1%), seg\u00fan datos difundidos este martes por el Ministerio de Industria, Turismo y Comercio.<\/p>\n<p>De enero a febrero, las &#8216;low cost&#8217; comandaron casi la mitad de las entradas de pasajeros internacionales hacia Espa\u00f1a, un 49,7%, mientras que las aerol\u00edneas tradicionales concentraron el 50,3% restante, recortando diferencias.<\/p>\n<p>Los aeropuertos espa\u00f1oles m\u00e1s utilizados por las aerol\u00edneas de bajo coste hasta febrero fueron el de Madrid-Barajas, que alcanz\u00f3 los 437.000 pasajeros, y lider\u00f3 las subidas con un crecimiento del 26%; el Barcelona-El Prat, que registr\u00f3 un aumento del 4,4% hasta los 417.492 viajeros; y el aeropuerto de Alicante, con 322.104 viajeros, un 3,3% m\u00e1s.<\/p>\n<p>Les sigui\u00f3 muy de cerca al aer\u00f3dromo de Palma de Mallorca, con 312.814 viajeros, pese a registrar una ca\u00edda del 3,4%, y el de M\u00e1laga, con 321.682 pasajeros, un 1,6% menos.<\/p>\n<p>Por comunidades aut\u00f3nomas, <strong>Canarias, Catalu\u00f1a y la Comunidad de Madrid encabezaron el ranking en los dos primeros meses del a\u00f1o con el 24,8% (780.312 pasajeros), el 21% (660.480 viajeros) y el 13,9% (437.048), respectivamente, del total de llegadas en compa\u00f1\u00edas de bajo coste.<\/strong> La mayor subida la experiment\u00f3 la regi\u00f3n madrile\u00f1a, con un aumento del 26% con respecto sal mismo periodo de 2009, frente a Catalu\u00f1a, que registr\u00f3 una ca\u00edda del 3,9%.<\/p>\n<p>La Comunidad Valenciana, con 437.044 millones de turistas, alcanz\u00f3 el 13,6%, mientras que Andaluc\u00eda, con 393.399 viajeros, concentr\u00f3 el 12,6% del total de pasajeros. Por su parte, Baleares, con 322.131 pasajeros, acapar\u00f3 el 10,3%, un 3,2%.<\/p>\n<p>El principal emisor de pasajeros en &#8216;low cost&#8217; hasta febrero fue Reino Unido, que concentr\u00f3 el 34,4% de las llegadas, con m\u00e1s de un mill\u00f3n de visitantes y un retroceso del 4,9%. Le sigui\u00f3 Alemania, que registr\u00f3 un descenso del 1,3% y contabiliz\u00f3 el 21,5% del total de turistas (675.245 viajeros) e Italia, que con un crecimiento del 8,4%, alcanz\u00f3 los 371.039 pasajeros. La mayor ca\u00edda se registr\u00f3 en la entrada de turistas irlandeses, un 19,1% menos, hasta los 115.023 visitantes (el 3,7% del total).<\/p>\n<h3>En Febrero, el 50,9% en Low Cost<\/h3>\n<p>En cuanto al pasado mes de febrero, las &#8216;low cost&#8217; acapararon m\u00e1s de la mitad de los pasajeros de avi\u00f3n, un 50,9%, con 1,63 millones de usuarios, tras registrar un incremento del 3,4%, mientras que las tradicionales trasladaron al 49,1%, con 1,57 millones de pasajeros, y experimentaron una ca\u00edda del 1,8%.<\/p>\n<p>El grado de ocupaci\u00f3n de las compa\u00f1\u00edas de bajo coste en febrero alcanz\u00f3 el 78,5%, frente al 68,5% de las compa\u00f1\u00edas tradicionales, una tasa diez puntos porcentuales superior.<\/p>\n<p><strong>Ryanair, easyJet y Air Berlin<\/strong> fueron nuevamente las principales compa\u00f1\u00edas de bajo coste en Espa\u00f1a en febrero y transportaron aproximadamente el 62,3% de los pasajeros que llegaron por esta v\u00eda. La encuesta destaca el crecimiento de Ryanair y de easyJet, mientras que Air Berlin redujo el n\u00famero de pasajeros.<\/p>\n<p>Los tres aeropuertos m\u00e1s utilizados en febrero fueron el de Madrid-Barajas, que se mantiene en primera posici\u00f3n, con 221.732 pasajeros, un 23,5% m\u00e1s; Barcelona-El Prat, con 213.976 (+4,8%); el de Palma de Mallorca, con 179.586 pasajeros (-0,5%), el de M\u00e1laga, con 172.563 viajeros (-0,3%), y el de Alicante, que con 168.880 viajeros registr\u00f3 un aumento del 4%.<\/p>\n<p>El aeropuerto de Gerona fue el que sufri\u00f3 la mayor ca\u00edda en el n\u00famero de viajeros que utilizaron aerol\u00edneas de bajo coste, un 14,4% menos, hasta los 117.062 pasajeros. Por su parte, al aeropuerto de Valencia, con 52.664 viajeros, registr\u00f3 un incremento del 15,5%.<\/p>\n<h3>Catalu\u00f1a lidera las entradas<\/h3>\n<p>Por comunidades aut\u00f3nomas, Canarias arrebata a Catalu\u00f1a las entradas en compa\u00f1\u00edas de bajo coste y encabeza el ranking, con 392.435 pasajeros, tras aumentar un 23,5% en febrero.<\/p>\n<p>La mayor parte se concentraron en Canarias (24%), Catalu\u00f1a (20,8%), Comunidad de Madrid (13,6%), Comunidad de Madrid (13,6%) y Comunidad Valenciana (13,6%), siendo estas \u00faltimas las \u00fanicas que crecieron aunque en diferente proporci\u00f3n, con una subida del 23,5% para la regi\u00f3n madrile\u00f1a y del 6,5% para la valenciana.<\/p>\n<p>Reino Unido fue el principal mercado emisor de pasajeros en &#8216;low cost&#8217; en febrero, con el 35,1% de los pasajeros que llegaron a Espa\u00f1a en compa\u00f1\u00edas de bajo coste (573.605 visitantes). Les sigue Alemania, con 362.060 viajeros, e Italia, que con 118.944 turistas, que elev\u00f3 el n\u00famero de entradas un 8%.<\/p>\n<p>Fuente: <a href=\"https:\/\/www.europapress.es\/economia\/noticia-aerolineas-coste-transportan-314-millones-pasajeros-febrero-27-mas-20100323154438.html\" target=\"_blank\" rel=\"noopener\">Europa Press<\/a><\/p>\n","protected":false},"excerpt":{"rendered":"<p>Las aerol\u00edneas de bajo coste transportaron 3,14 millones de pasajeros durante los dos primeros meses del a\u00f1o, lo<a class=\"moretag\" href=\"https:\/\/empresas.infoempleo.com\/hrtrends\/las-aerolineas-de-bajo-coste-transportan-314-millones-de-pasajeros-hasta-febrero\/\"> Leer m\u00e1s<\/a><\/p>\n","protected":false},"author":72,"featured_media":29665,"comment_status":"closed","ping_status":"open","sticky":false,"template":"","format":"standard","meta":{"footnotes":""},"categories":[3],"tags":[1382,1383,526],"class_list":["post-8091","post","type-post","status-publish","format-standard","has-post-thumbnail","hentry","category-actualidad","tag-aerolineas","tag-low-cost","tag-turismo"],"yoast_head":"<!-- This site is optimized with the Yoast SEO plugin v26.1.1 - https:\/\/yoast.com\/wordpress\/plugins\/seo\/ -->\n<title>Las aerol\u00edneas de bajo coste transportan 3,14 millones de pasajeros hasta febrero | HRTRENDS<\/title>\n<meta name=\"robots\" content=\"index, follow, max-snippet:-1, max-image-preview:large, max-video-preview:-1\" \/>\n<link rel=\"canonical\" href=\"https:\/\/empresas.infoempleo.com\/hrtrends\/las-aerolineas-de-bajo-coste-transportan-314-millones-de-pasajeros-hasta-febrero\/\" \/>\n<meta property=\"og:locale\" content=\"es_ES\" \/>\n<meta property=\"og:type\" content=\"article\" \/>\n<meta property=\"og:title\" content=\"Las aerol\u00edneas de bajo coste transportan 3,14 millones de pasajeros hasta febrero | HRTRENDS\" \/>\n<meta property=\"og:description\" content=\"Las aerol\u00edneas de bajo coste transportaron 3,14 millones de pasajeros durante los dos primeros meses del a\u00f1o, lo Leer m\u00e1s\" \/>\n<meta property=\"og:url\" content=\"https:\/\/empresas.infoempleo.com\/hrtrends\/las-aerolineas-de-bajo-coste-transportan-314-millones-de-pasajeros-hasta-febrero\/\" \/>\n<meta property=\"og:site_name\" content=\"HRTRENDS\" \/>\n<meta property=\"article:publisher\" content=\"https:\/\/www.facebook.com\/Infoempleo\" \/>\n<meta property=\"article:published_time\" content=\"2010-03-24T09:01:59+00:00\" \/>\n<meta property=\"article:modified_time\" content=\"2023-02-03T12:45:45+00:00\" \/>\n<meta property=\"og:image\" content=\"https:\/\/empresas.infoempleo.com\/hrtrends\/media\/2017\/05\/pexels-photo-205508.jpg\" \/>\n\t<meta property=\"og:image:width\" content=\"1280\" \/>\n\t<meta property=\"og:image:height\" content=\"960\" \/>\n\t<meta property=\"og:image:type\" content=\"image\/jpeg\" \/>\n<meta name=\"author\" content=\"infoempleo\" \/>\n<meta name=\"twitter:card\" content=\"summary_large_image\" \/>\n<meta name=\"twitter:creator\" content=\"@infoempleo\" \/>\n<meta name=\"twitter:site\" content=\"@infoempleo\" \/>\n<meta name=\"twitter:label1\" content=\"Escrito por\" \/>\n\t<meta name=\"twitter:data1\" content=\"infoempleo\" \/>\n\t<meta name=\"twitter:label2\" content=\"Tiempo de lectura\" \/>\n\t<meta name=\"twitter:data2\" content=\"4 minutos\" \/>\n<script type=\"application\/ld+json\" class=\"yoast-schema-graph\">{\"@context\":\"https:\/\/schema.org\",\"@graph\":[{\"@type\":\"NewsArticle\",\"@id\":\"https:\/\/empresas.infoempleo.com\/hrtrends\/las-aerolineas-de-bajo-coste-transportan-314-millones-de-pasajeros-hasta-febrero\/#article\",\"isPartOf\":{\"@id\":\"https:\/\/empresas.infoempleo.com\/hrtrends\/las-aerolineas-de-bajo-coste-transportan-314-millones-de-pasajeros-hasta-febrero\/\"},\"author\":{\"name\":\"infoempleo\",\"@id\":\"https:\/\/empresas.infoempleo.com\/hrtrends\/#\/schema\/person\/67d3e276ffcc8b3ae0ebec816daf775a\"},\"headline\":\"Las aerol\u00edneas de bajo coste transportan 3,14 millones de pasajeros hasta febrero\",\"datePublished\":\"2010-03-24T09:01:59+00:00\",\"dateModified\":\"2023-02-03T12:45:45+00:00\",\"mainEntityOfPage\":{\"@id\":\"https:\/\/empresas.infoempleo.com\/hrtrends\/las-aerolineas-de-bajo-coste-transportan-314-millones-de-pasajeros-hasta-febrero\/\"},\"wordCount\":728,\"publisher\":{\"@id\":\"https:\/\/empresas.infoempleo.com\/hrtrends\/#organization\"},\"image\":{\"@id\":\"https:\/\/empresas.infoempleo.com\/hrtrends\/las-aerolineas-de-bajo-coste-transportan-314-millones-de-pasajeros-hasta-febrero\/#primaryimage\"},\"thumbnailUrl\":\"https:\/\/empresas.infoempleo.com\/hrtrends\/media\/2017\/05\/pexels-photo-205508.jpg\",\"keywords\":[\"aerolineas\",\"low cost\",\"Turismo\"],\"articleSection\":[\"Actualidad\"],\"inLanguage\":\"es\",\"copyrightYear\":\"2010\",\"copyrightHolder\":{\"@id\":\"https:\/\/empresas.infoempleo.com\/hrtrends\/#organization\"}},{\"@type\":\"WebPage\",\"@id\":\"https:\/\/empresas.infoempleo.com\/hrtrends\/las-aerolineas-de-bajo-coste-transportan-314-millones-de-pasajeros-hasta-febrero\/\",\"url\":\"https:\/\/empresas.infoempleo.com\/hrtrends\/las-aerolineas-de-bajo-coste-transportan-314-millones-de-pasajeros-hasta-febrero\/\",\"name\":\"Las aerol\u00edneas de bajo coste transportan 3,14 millones de pasajeros hasta febrero | HRTRENDS\",\"isPartOf\":{\"@id\":\"https:\/\/empresas.infoempleo.com\/hrtrends\/#website\"},\"primaryImageOfPage\":{\"@id\":\"https:\/\/empresas.infoempleo.com\/hrtrends\/las-aerolineas-de-bajo-coste-transportan-314-millones-de-pasajeros-hasta-febrero\/#primaryimage\"},\"image\":{\"@id\":\"https:\/\/empresas.infoempleo.com\/hrtrends\/las-aerolineas-de-bajo-coste-transportan-314-millones-de-pasajeros-hasta-febrero\/#primaryimage\"},\"thumbnailUrl\":\"https:\/\/empresas.infoempleo.com\/hrtrends\/media\/2017\/05\/pexels-photo-205508.jpg\",\"datePublished\":\"2010-03-24T09:01:59+00:00\",\"dateModified\":\"2023-02-03T12:45:45+00:00\",\"breadcrumb\":{\"@id\":\"https:\/\/empresas.infoempleo.com\/hrtrends\/las-aerolineas-de-bajo-coste-transportan-314-millones-de-pasajeros-hasta-febrero\/#breadcrumb\"},\"inLanguage\":\"es\",\"potentialAction\":[{\"@type\":\"ReadAction\",\"target\":[\"https:\/\/empresas.infoempleo.com\/hrtrends\/las-aerolineas-de-bajo-coste-transportan-314-millones-de-pasajeros-hasta-febrero\/\"]}]},{\"@type\":\"ImageObject\",\"inLanguage\":\"es\",\"@id\":\"https:\/\/empresas.infoempleo.com\/hrtrends\/las-aerolineas-de-bajo-coste-transportan-314-millones-de-pasajeros-hasta-febrero\/#primaryimage\",\"url\":\"https:\/\/empresas.infoempleo.com\/hrtrends\/media\/2017\/05\/pexels-photo-205508-150x150.jpg\",\"contentUrl\":\"https:\/\/empresas.infoempleo.com\/hrtrends\/media\/2017\/05\/pexels-photo-205508-150x150.jpg\",\"width\":150,\"height\":150},{\"@type\":\"BreadcrumbList\",\"@id\":\"https:\/\/empresas.infoempleo.com\/hrtrends\/las-aerolineas-de-bajo-coste-transportan-314-millones-de-pasajeros-hasta-febrero\/#breadcrumb\",\"itemListElement\":[{\"@type\":\"ListItem\",\"position\":1,\"name\":\"Portada\",\"item\":\"https:\/\/empresas.infoempleo.com\/hrtrends\/\"},{\"@type\":\"ListItem\",\"position\":2,\"name\":\"Las aerol\u00edneas de bajo coste transportan 3,14 millones de pasajeros hasta febrero\"}]},{\"@type\":\"WebSite\",\"@id\":\"https:\/\/empresas.infoempleo.com\/hrtrends\/#website\",\"url\":\"https:\/\/empresas.infoempleo.com\/hrtrends\",\"name\":\"HRTrends by Infoempleo\",\"description\":\"\",\"publisher\":{\"@id\":\"https:\/\/empresas.infoempleo.com\/hrtrends\/#organization\"},\"potentialAction\":{\"@type\":\"SearchAction\",\"target\":\"https:\/\/empresas.infoempleo.com\/hrtrends\/?s={search_term_string}\",\"query-input\":\"required name=search_term_string\"},\"inLanguage\":\"es\"},{\"@type\":\"Organization\",\"@id\":\"https:\/\/empresas.infoempleo.com\/hrtrends\/#organization\",\"name\":\"Infoempleo\",\"url\":\"https:\/\/www.infoempleo.com\/\",\"logo\":{\"@type\":\"ImageObject\",\"@id\":\"https:\/\/empresas.infoempleo.com\/hrtrends\/#logo\",\"inLanguage\":\"es\",\"url\":\"https:\/\/cdnazure.infoempleo.com\/infoempleo\/assets\/style\/gfx\/logo.svg\",\"contentUrl\":\"https:\/\/cdnazure.infoempleo.com\/infoempleo\/assets\/style\/gfx\/logo.svg\",\"width\":150,\"height\":40,\"caption\":\"Infoempleo\"},\"image\":{\"@id\":\"https:\/\/empresas.infoempleo.com\/hrtrends\/#logo\"},\"sameAs\":[\"https:\/\/www.facebook.com\/Infoempleo\",\"https:\/\/x.com\/infoempleo\",\"http:\/\/instagram.com\/infoempleo\/\",\"http:\/\/www.linkedin.com\/groups\/Empleo-Espa\u00f1a-Infoempleocom-111276\",\"http:\/\/pinterest.com\/infoempleo\/\"],\"address\":{\"@type\":\"PostalAddress\",\"addressLocality\":\"Madrid\",\"postalCode\":\"28050\",\"streetAddress\":\"Avenida de Burgos 114\"},\"brand\":[\"Infoempleo\"]},{\"@type\":\"Person\",\"@id\":\"https:\/\/empresas.infoempleo.com\/hrtrends\/#\/schema\/person\/67d3e276ffcc8b3ae0ebec816daf775a\",\"name\":\"infoempleo\",\"image\":{\"@type\":\"ImageObject\",\"inLanguage\":\"es\",\"@id\":\"https:\/\/empresas.infoempleo.com\/hrtrends\/#\/schema\/person\/image\/\",\"url\":\"https:\/\/secure.gravatar.com\/avatar\/7b437777242fe67d2473c2a818da2344692d1ee91e91080ccffbd97bcd4a0975?s=96&d=mm&r=g\",\"contentUrl\":\"https:\/\/secure.gravatar.com\/avatar\/7b437777242fe67d2473c2a818da2344692d1ee91e91080ccffbd97bcd4a0975?s=96&d=mm&r=g\",\"caption\":\"infoempleo\"},\"url\":\"https:\/\/empresas.infoempleo.com\/hrtrends\/author\/infoempleo\/\"}]}<\/script>\n<!-- \/ Yoast SEO plugin. -->","yoast_head_json":{"title":"Las aerol\u00edneas de bajo coste transportan 3,14 millones de pasajeros hasta febrero | HRTRENDS","robots":{"index":"index","follow":"follow","max-snippet":"max-snippet:-1","max-image-preview":"max-image-preview:large","max-video-preview":"max-video-preview:-1"},"canonical":"https:\/\/empresas.infoempleo.com\/hrtrends\/las-aerolineas-de-bajo-coste-transportan-314-millones-de-pasajeros-hasta-febrero\/","og_locale":"es_ES","og_type":"article","og_title":"Las aerol\u00edneas de bajo coste transportan 3,14 millones de pasajeros hasta febrero | HRTRENDS","og_description":"Las aerol\u00edneas de bajo coste transportaron 3,14 millones de pasajeros durante los dos primeros meses del a\u00f1o, lo Leer m\u00e1s","og_url":"https:\/\/empresas.infoempleo.com\/hrtrends\/las-aerolineas-de-bajo-coste-transportan-314-millones-de-pasajeros-hasta-febrero\/","og_site_name":"HRTRENDS","article_publisher":"https:\/\/www.facebook.com\/Infoempleo","article_published_time":"2010-03-24T09:01:59+00:00","article_modified_time":"2023-02-03T12:45:45+00:00","og_image":[{"width":1280,"height":960,"url":"https:\/\/empresas.infoempleo.com\/hrtrends\/media\/2017\/05\/pexels-photo-205508.jpg","type":"image\/jpeg"}],"author":"infoempleo","twitter_card":"summary_large_image","twitter_creator":"@infoempleo","twitter_site":"@infoempleo","twitter_misc":{"Escrito por":"infoempleo","Tiempo de lectura":"4 minutos"},"schema":{"@context":"https:\/\/schema.org","@graph":[{"@type":"NewsArticle","@id":"https:\/\/empresas.infoempleo.com\/hrtrends\/las-aerolineas-de-bajo-coste-transportan-314-millones-de-pasajeros-hasta-febrero\/#article","isPartOf":{"@id":"https:\/\/empresas.infoempleo.com\/hrtrends\/las-aerolineas-de-bajo-coste-transportan-314-millones-de-pasajeros-hasta-febrero\/"},"author":{"name":"infoempleo","@id":"https:\/\/empresas.infoempleo.com\/hrtrends\/#\/schema\/person\/67d3e276ffcc8b3ae0ebec816daf775a"},"headline":"Las aerol\u00edneas de bajo coste transportan 3,14 millones de pasajeros hasta febrero","datePublished":"2010-03-24T09:01:59+00:00","dateModified":"2023-02-03T12:45:45+00:00","mainEntityOfPage":{"@id":"https:\/\/empresas.infoempleo.com\/hrtrends\/las-aerolineas-de-bajo-coste-transportan-314-millones-de-pasajeros-hasta-febrero\/"},"wordCount":728,"publisher":{"@id":"https:\/\/empresas.infoempleo.com\/hrtrends\/#organization"},"image":{"@id":"https:\/\/empresas.infoempleo.com\/hrtrends\/las-aerolineas-de-bajo-coste-transportan-314-millones-de-pasajeros-hasta-febrero\/#primaryimage"},"thumbnailUrl":"https:\/\/empresas.infoempleo.com\/hrtrends\/media\/2017\/05\/pexels-photo-205508.jpg","keywords":["aerolineas","low cost","Turismo"],"articleSection":["Actualidad"],"inLanguage":"es","copyrightYear":"2010","copyrightHolder":{"@id":"https:\/\/empresas.infoempleo.com\/hrtrends\/#organization"}},{"@type":"WebPage","@id":"https:\/\/empresas.infoempleo.com\/hrtrends\/las-aerolineas-de-bajo-coste-transportan-314-millones-de-pasajeros-hasta-febrero\/","url":"https:\/\/empresas.infoempleo.com\/hrtrends\/las-aerolineas-de-bajo-coste-transportan-314-millones-de-pasajeros-hasta-febrero\/","name":"Las aerol\u00edneas de bajo coste transportan 3,14 millones de pasajeros hasta febrero | HRTRENDS","isPartOf":{"@id":"https:\/\/empresas.infoempleo.com\/hrtrends\/#website"},"primaryImageOfPage":{"@id":"https:\/\/empresas.infoempleo.com\/hrtrends\/las-aerolineas-de-bajo-coste-transportan-314-millones-de-pasajeros-hasta-febrero\/#primaryimage"},"image":{"@id":"https:\/\/empresas.infoempleo.com\/hrtrends\/las-aerolineas-de-bajo-coste-transportan-314-millones-de-pasajeros-hasta-febrero\/#primaryimage"},"thumbnailUrl":"https:\/\/empresas.infoempleo.com\/hrtrends\/media\/2017\/05\/pexels-photo-205508.jpg","datePublished":"2010-03-24T09:01:59+00:00","dateModified":"2023-02-03T12:45:45+00:00","breadcrumb":{"@id":"https:\/\/empresas.infoempleo.com\/hrtrends\/las-aerolineas-de-bajo-coste-transportan-314-millones-de-pasajeros-hasta-febrero\/#breadcrumb"},"inLanguage":"es","potentialAction":[{"@type":"ReadAction","target":["https:\/\/empresas.infoempleo.com\/hrtrends\/las-aerolineas-de-bajo-coste-transportan-314-millones-de-pasajeros-hasta-febrero\/"]}]},{"@type":"ImageObject","inLanguage":"es","@id":"https:\/\/empresas.infoempleo.com\/hrtrends\/las-aerolineas-de-bajo-coste-transportan-314-millones-de-pasajeros-hasta-febrero\/#primaryimage","url":"https:\/\/empresas.infoempleo.com\/hrtrends\/media\/2017\/05\/pexels-photo-205508-150x150.jpg","contentUrl":"https:\/\/empresas.infoempleo.com\/hrtrends\/media\/2017\/05\/pexels-photo-205508-150x150.jpg","width":150,"height":150},{"@type":"BreadcrumbList","@id":"https:\/\/empresas.infoempleo.com\/hrtrends\/las-aerolineas-de-bajo-coste-transportan-314-millones-de-pasajeros-hasta-febrero\/#breadcrumb","itemListElement":[{"@type":"ListItem","position":1,"name":"Portada","item":"https:\/\/empresas.infoempleo.com\/hrtrends\/"},{"@type":"ListItem","position":2,"name":"Las aerol\u00edneas de bajo coste transportan 3,14 millones de pasajeros hasta febrero"}]},{"@type":"WebSite","@id":"https:\/\/empresas.infoempleo.com\/hrtrends\/#website","url":"https:\/\/empresas.infoempleo.com\/hrtrends","name":"HRTrends by Infoempleo","description":"","publisher":{"@id":"https:\/\/empresas.infoempleo.com\/hrtrends\/#organization"},"potentialAction":{"@type":"SearchAction","target":"https:\/\/empresas.infoempleo.com\/hrtrends\/?s={search_term_string}","query-input":"required name=search_term_string"},"inLanguage":"es"},{"@type":"Organization","@id":"https:\/\/empresas.infoempleo.com\/hrtrends\/#organization","name":"Infoempleo","url":"https:\/\/www.infoempleo.com\/","logo":{"@type":"ImageObject","@id":"https:\/\/empresas.infoempleo.com\/hrtrends\/#logo","inLanguage":"es","url":"https:\/\/cdnazure.infoempleo.com\/infoempleo\/assets\/style\/gfx\/logo.svg","contentUrl":"https:\/\/cdnazure.infoempleo.com\/infoempleo\/assets\/style\/gfx\/logo.svg","width":150,"height":40,"caption":"Infoempleo"},"image":{"@id":"https:\/\/empresas.infoempleo.com\/hrtrends\/#logo"},"sameAs":["https:\/\/www.facebook.com\/Infoempleo","https:\/\/x.com\/infoempleo","http:\/\/instagram.com\/infoempleo\/","http:\/\/www.linkedin.com\/groups\/Empleo-Espa\u00f1a-Infoempleocom-111276","http:\/\/pinterest.com\/infoempleo\/"],"address":{"@type":"PostalAddress","addressLocality":"Madrid","postalCode":"28050","streetAddress":"Avenida de Burgos 114"},"brand":["Infoempleo"]},{"@type":"Person","@id":"https:\/\/empresas.infoempleo.com\/hrtrends\/#\/schema\/person\/67d3e276ffcc8b3ae0ebec816daf775a","name":"infoempleo","image":{"@type":"ImageObject","inLanguage":"es","@id":"https:\/\/empresas.infoempleo.com\/hrtrends\/#\/schema\/person\/image\/","url":"https:\/\/secure.gravatar.com\/avatar\/7b437777242fe67d2473c2a818da2344692d1ee91e91080ccffbd97bcd4a0975?s=96&d=mm&r=g","contentUrl":"https:\/\/secure.gravatar.com\/avatar\/7b437777242fe67d2473c2a818da2344692d1ee91e91080ccffbd97bcd4a0975?s=96&d=mm&r=g","caption":"infoempleo"},"url":"https:\/\/empresas.infoempleo.com\/hrtrends\/author\/infoempleo\/"}]}},"amp_enabled":true,"_links":{"self":[{"href":"https:\/\/empresas.infoempleo.com\/hrtrends\/wp-json\/wp\/v2\/posts\/8091","targetHints":{"allow":["GET"]}}],"collection":[{"href":"https:\/\/empresas.infoempleo.com\/hrtrends\/wp-json\/wp\/v2\/posts"}],"about":[{"href":"https:\/\/empresas.infoempleo.com\/hrtrends\/wp-json\/wp\/v2\/types\/post"}],"author":[{"embeddable":true,"href":"https:\/\/empresas.infoempleo.com\/hrtrends\/wp-json\/wp\/v2\/users\/72"}],"replies":[{"embeddable":true,"href":"https:\/\/empresas.infoempleo.com\/hrtrends\/wp-json\/wp\/v2\/comments?post=8091"}],"version-history":[{"count":1,"href":"https:\/\/empresas.infoempleo.com\/hrtrends\/wp-json\/wp\/v2\/posts\/8091\/revisions"}],"predecessor-version":[{"id":42393,"href":"https:\/\/empresas.infoempleo.com\/hrtrends\/wp-json\/wp\/v2\/posts\/8091\/revisions\/42393"}],"wp:featuredmedia":[{"embeddable":true,"href":"https:\/\/empresas.infoempleo.com\/hrtrends\/wp-json\/wp\/v2\/media\/29665"}],"wp:attachment":[{"href":"https:\/\/empresas.infoempleo.com\/hrtrends\/wp-json\/wp\/v2\/media?parent=8091"}],"wp:term":[{"taxonomy":"category","embeddable":true,"href":"https:\/\/empresas.infoempleo.com\/hrtrends\/wp-json\/wp\/v2\/categories?post=8091"},{"taxonomy":"post_tag","embeddable":true,"href":"https:\/\/empresas.infoempleo.com\/hrtrends\/wp-json\/wp\/v2\/tags?post=8091"}],"curies":[{"name":"wp","href":"https:\/\/api.w.org\/{rel}","templated":true}]}}