{"id":8085,"date":"2010-03-24T09:38:14","date_gmt":"2010-03-24T08:38:14","guid":{"rendered":"http:\/\/blog.infoempleo.com\/?p=8085"},"modified":"2018-05-23T17:51:11","modified_gmt":"2018-05-23T15:51:11","slug":"air-comet-presenta-el-concurso-voluntario-de-acreedores","status":"publish","type":"post","link":"https:\/\/empresas.infoempleo.com\/hrtrends\/air-comet-presenta-el-concurso-voluntario-de-acreedores\/","title":{"rendered":"Air Comet presenta el concurso voluntario de acreedores"},"content":{"rendered":"<p>Air Comet ha presentado este martes su solicitud de concurso voluntario de acreedores ante el Juzgado de lo Mercantil n\u00famero 8 de Madrid,<strong> tras fracasar las negociaciones de refinanciaci\u00f3n de la deuda de cerca de 100 millones de euros llevadas a cabo por la compa\u00f1\u00eda desde el pasado mes de diciembre<\/strong>, seg\u00fan confirmaron a Europa Press fuentes del Tribunal Superior de Justicia de Madrid (TSJM).<\/p>\n<p>A partir de ahora, el juez titular, Francisco de Borja Villena, tendr\u00e1 que admitir a tr\u00e1mite la petici\u00f3n de concurso y nombrar a tres administradores concursales para gestionar el proceso de insolvencia de la compa\u00f1\u00eda, que se declar\u00f3 en quiebra el pasado 22 de diciembre.<\/p>\n<p>El pasado 29 de diciembre, el juez acept\u00f3 la petici\u00f3n de la aerol\u00ednea de acogerse al art\u00edculo 5.3 de la Ley Concursal, que le otorgaba un plazo legal de tres meses para negociar un plan de pagos y establecer un convenio anticipado de acreedores antes de verse obligada a presentar el concurso de acreedores, para lo que contaba con un mes adicional.<\/p>\n<p>Los co propietarios de Air Comet, Gerardo D\u00edaz Ferr\u00e1n y Gonzalo Pascual, no han podido establecer finalmente este plan de pagos transcurridos los tres primeros meses de plazo y han evitado agotar el cuarto mes adicional tras el fracaso de las negociaciones.<\/p>\n<p>Air Comet cuenta con una deuda total de cerca de 100 millones de euros. Entre otros impagos, <strong>la compa\u00f1\u00eda debe 16 millones de euros a la Seguridad Social, m\u00e1s de siete millones de euros por las n\u00f3minas impagadas de sus 640 empleados<\/strong> y varias cantidades sin determinar a los proveedores de combustible de la aerol\u00ednea.<\/p>\n<p>A estas cantidades se sumar\u00e1 la deuda de 6,3 millones de euros que Air Comet contrajo con el Ministerio de Fomento por el dispositivo de traslado de los cerca de 7.000 afectados por el cierre de la aerol\u00ednea.<\/p>\n<p>Adem\u00e1s, la compa\u00f1\u00eda debe 25 millones de d\u00f3lares (17,5 millones de euros) al banco alem\u00e1n Nord Bank por el cr\u00e9dito que le concedi\u00f3 para pagar el &#8216;leasing&#8217; de su 13 aviones, cuyo embargo dictado en diciembre por un juzgado londinense provoc\u00f3 la quiebra definitiva de la compa\u00f1\u00eda, as\u00ed como la suspensi\u00f3n de la licencia de vuelo por parte del Ministerio de Fomento.<\/p>\n<p>La semana pasada la direcci\u00f3n de la compa\u00f1\u00eda se comprometi\u00f3 con los trabajadores a presentar el concurso de acreedores, pero indic\u00f3 que lo aplazar\u00eda al menos quince d\u00edas, esgrimiendo retrasos que obedecen a una auditor\u00eda externa, que no ha proporcionado a tiempo las cifras ni los documentos necesarios que le tiene que entregar el Gobierno argentino por la expropiaci\u00f3n de Aerol\u00edneas Argentinas.<\/p>\n<p><strong>Los trabajadores han comenzado ya a cobrar el paro<\/strong>, tras la presentaci\u00f3n del ERE el pasado el 8 de febrero, que supuso la rescisi\u00f3n voluntaria del contrato de 76 trabajadores y la suspensi\u00f3n temporal durante cuatro meses del resto de empleados de la aerol\u00ednea &#8211;unos 590-, a excepci\u00f3n de los eventuales, que deben gestionar los tr\u00e1mites de la prestaci\u00f3n por su cuenta.<\/p>\n<p>Fuente: <a href=\"https:\/\/www.europapress.es\/economia\/noticia-air-comet-presenta-concurso-voluntario-acreedores-20100323143544.html\" target=\"_blank\">Europa Press<\/a><\/p>\n","protected":false},"excerpt":{"rendered":"<p>Air Comet ha presentado este martes su solicitud de concurso voluntario de acreedores ante el Juzgado de lo<a class=\"moretag\" href=\"https:\/\/empresas.infoempleo.com\/hrtrends\/air-comet-presenta-el-concurso-voluntario-de-acreedores\/\"> Leer m\u00e1s<\/a><\/p>\n","protected":false},"author":72,"featured_media":29665,"comment_status":"closed","ping_status":"open","sticky":false,"template":"","format":"standard","meta":{"footnotes":""},"categories":[3],"tags":[1118,16],"class_list":["post-8085","post","type-post","status-publish","format-standard","has-post-thumbnail","hentry","category-actualidad","tag-ere","tag-paro"],"yoast_head":"<!-- This site is optimized with the Yoast SEO plugin v26.1.1 - https:\/\/yoast.com\/wordpress\/plugins\/seo\/ -->\n<title>Air Comet presenta el concurso voluntario de acreedores | HRTRENDS<\/title>\n<meta name=\"robots\" content=\"index, follow, max-snippet:-1, max-image-preview:large, max-video-preview:-1\" \/>\n<link rel=\"canonical\" href=\"https:\/\/empresas.infoempleo.com\/hrtrends\/air-comet-presenta-el-concurso-voluntario-de-acreedores\/\" \/>\n<meta property=\"og:locale\" content=\"es_ES\" \/>\n<meta property=\"og:type\" content=\"article\" \/>\n<meta property=\"og:title\" content=\"Air Comet presenta el concurso voluntario de acreedores | HRTRENDS\" \/>\n<meta property=\"og:description\" content=\"Air Comet ha presentado este martes su solicitud de concurso voluntario de acreedores ante el Juzgado de lo Leer m\u00e1s\" \/>\n<meta property=\"og:url\" content=\"https:\/\/empresas.infoempleo.com\/hrtrends\/air-comet-presenta-el-concurso-voluntario-de-acreedores\/\" \/>\n<meta property=\"og:site_name\" content=\"HRTRENDS\" \/>\n<meta property=\"article:publisher\" content=\"https:\/\/www.facebook.com\/Infoempleo\" \/>\n<meta property=\"article:published_time\" content=\"2010-03-24T08:38:14+00:00\" \/>\n<meta property=\"article:modified_time\" content=\"2018-05-23T15:51:11+00:00\" \/>\n<meta property=\"og:image\" content=\"https:\/\/empresas.infoempleo.com\/hrtrends\/media\/2017\/05\/pexels-photo-205508.jpg\" \/>\n\t<meta property=\"og:image:width\" content=\"1280\" \/>\n\t<meta property=\"og:image:height\" content=\"960\" \/>\n\t<meta property=\"og:image:type\" content=\"image\/jpeg\" \/>\n<meta name=\"author\" content=\"infoempleo\" \/>\n<meta name=\"twitter:card\" content=\"summary_large_image\" \/>\n<meta name=\"twitter:creator\" content=\"@infoempleo\" \/>\n<meta name=\"twitter:site\" content=\"@infoempleo\" \/>\n<meta name=\"twitter:label1\" content=\"Escrito por\" \/>\n\t<meta name=\"twitter:data1\" content=\"infoempleo\" \/>\n\t<meta name=\"twitter:label2\" content=\"Tiempo de lectura\" \/>\n\t<meta name=\"twitter:data2\" content=\"3 minutos\" \/>\n<script type=\"application\/ld+json\" class=\"yoast-schema-graph\">{\"@context\":\"https:\/\/schema.org\",\"@graph\":[{\"@type\":\"NewsArticle\",\"@id\":\"https:\/\/empresas.infoempleo.com\/hrtrends\/air-comet-presenta-el-concurso-voluntario-de-acreedores\/#article\",\"isPartOf\":{\"@id\":\"https:\/\/empresas.infoempleo.com\/hrtrends\/air-comet-presenta-el-concurso-voluntario-de-acreedores\/\"},\"author\":{\"name\":\"infoempleo\",\"@id\":\"https:\/\/empresas.infoempleo.com\/hrtrends\/#\/schema\/person\/67d3e276ffcc8b3ae0ebec816daf775a\"},\"headline\":\"Air Comet presenta el concurso voluntario de acreedores\",\"datePublished\":\"2010-03-24T08:38:14+00:00\",\"dateModified\":\"2018-05-23T15:51:11+00:00\",\"mainEntityOfPage\":{\"@id\":\"https:\/\/empresas.infoempleo.com\/hrtrends\/air-comet-presenta-el-concurso-voluntario-de-acreedores\/\"},\"wordCount\":527,\"publisher\":{\"@id\":\"https:\/\/empresas.infoempleo.com\/hrtrends\/#organization\"},\"image\":{\"@id\":\"https:\/\/empresas.infoempleo.com\/hrtrends\/air-comet-presenta-el-concurso-voluntario-de-acreedores\/#primaryimage\"},\"thumbnailUrl\":\"https:\/\/empresas.infoempleo.com\/hrtrends\/media\/2017\/05\/pexels-photo-205508.jpg\",\"keywords\":[\"ERE\",\"paro\"],\"articleSection\":[\"Actualidad\"],\"inLanguage\":\"es\",\"copyrightYear\":\"2010\",\"copyrightHolder\":{\"@id\":\"https:\/\/empresas.infoempleo.com\/hrtrends\/#organization\"}},{\"@type\":\"WebPage\",\"@id\":\"https:\/\/empresas.infoempleo.com\/hrtrends\/air-comet-presenta-el-concurso-voluntario-de-acreedores\/\",\"url\":\"https:\/\/empresas.infoempleo.com\/hrtrends\/air-comet-presenta-el-concurso-voluntario-de-acreedores\/\",\"name\":\"Air Comet presenta el concurso voluntario de acreedores | HRTRENDS\",\"isPartOf\":{\"@id\":\"https:\/\/empresas.infoempleo.com\/hrtrends\/#website\"},\"primaryImageOfPage\":{\"@id\":\"https:\/\/empresas.infoempleo.com\/hrtrends\/air-comet-presenta-el-concurso-voluntario-de-acreedores\/#primaryimage\"},\"image\":{\"@id\":\"https:\/\/empresas.infoempleo.com\/hrtrends\/air-comet-presenta-el-concurso-voluntario-de-acreedores\/#primaryimage\"},\"thumbnailUrl\":\"https:\/\/empresas.infoempleo.com\/hrtrends\/media\/2017\/05\/pexels-photo-205508.jpg\",\"datePublished\":\"2010-03-24T08:38:14+00:00\",\"dateModified\":\"2018-05-23T15:51:11+00:00\",\"breadcrumb\":{\"@id\":\"https:\/\/empresas.infoempleo.com\/hrtrends\/air-comet-presenta-el-concurso-voluntario-de-acreedores\/#breadcrumb\"},\"inLanguage\":\"es\",\"potentialAction\":[{\"@type\":\"ReadAction\",\"target\":[\"https:\/\/empresas.infoempleo.com\/hrtrends\/air-comet-presenta-el-concurso-voluntario-de-acreedores\/\"]}]},{\"@type\":\"ImageObject\",\"inLanguage\":\"es\",\"@id\":\"https:\/\/empresas.infoempleo.com\/hrtrends\/air-comet-presenta-el-concurso-voluntario-de-acreedores\/#primaryimage\",\"url\":\"https:\/\/empresas.infoempleo.com\/hrtrends\/media\/2017\/05\/pexels-photo-205508-150x150.jpg\",\"contentUrl\":\"https:\/\/empresas.infoempleo.com\/hrtrends\/media\/2017\/05\/pexels-photo-205508-150x150.jpg\",\"width\":150,\"height\":150},{\"@type\":\"BreadcrumbList\",\"@id\":\"https:\/\/empresas.infoempleo.com\/hrtrends\/air-comet-presenta-el-concurso-voluntario-de-acreedores\/#breadcrumb\",\"itemListElement\":[{\"@type\":\"ListItem\",\"position\":1,\"name\":\"Portada\",\"item\":\"https:\/\/empresas.infoempleo.com\/hrtrends\/\"},{\"@type\":\"ListItem\",\"position\":2,\"name\":\"Air Comet presenta el concurso voluntario de acreedores\"}]},{\"@type\":\"WebSite\",\"@id\":\"https:\/\/empresas.infoempleo.com\/hrtrends\/#website\",\"url\":\"https:\/\/empresas.infoempleo.com\/hrtrends\",\"name\":\"HRTrends by Infoempleo\",\"description\":\"\",\"publisher\":{\"@id\":\"https:\/\/empresas.infoempleo.com\/hrtrends\/#organization\"},\"potentialAction\":{\"@type\":\"SearchAction\",\"target\":\"https:\/\/empresas.infoempleo.com\/hrtrends\/?s={search_term_string}\",\"query-input\":\"required name=search_term_string\"},\"inLanguage\":\"es\"},{\"@type\":\"Organization\",\"@id\":\"https:\/\/empresas.infoempleo.com\/hrtrends\/#organization\",\"name\":\"Infoempleo\",\"url\":\"https:\/\/www.infoempleo.com\/\",\"logo\":{\"@type\":\"ImageObject\",\"@id\":\"https:\/\/empresas.infoempleo.com\/hrtrends\/#logo\",\"inLanguage\":\"es\",\"url\":\"https:\/\/cdnazure.infoempleo.com\/infoempleo\/assets\/style\/gfx\/logo.svg\",\"contentUrl\":\"https:\/\/cdnazure.infoempleo.com\/infoempleo\/assets\/style\/gfx\/logo.svg\",\"width\":150,\"height\":40,\"caption\":\"Infoempleo\"},\"image\":{\"@id\":\"https:\/\/empresas.infoempleo.com\/hrtrends\/#logo\"},\"sameAs\":[\"https:\/\/www.facebook.com\/Infoempleo\",\"https:\/\/x.com\/infoempleo\",\"http:\/\/instagram.com\/infoempleo\/\",\"http:\/\/www.linkedin.com\/groups\/Empleo-Espa\u00f1a-Infoempleocom-111276\",\"http:\/\/pinterest.com\/infoempleo\/\"],\"address\":{\"@type\":\"PostalAddress\",\"addressLocality\":\"Madrid\",\"postalCode\":\"28050\",\"streetAddress\":\"Avenida de Burgos 114\"},\"brand\":[\"Infoempleo\"]},{\"@type\":\"Person\",\"@id\":\"https:\/\/empresas.infoempleo.com\/hrtrends\/#\/schema\/person\/67d3e276ffcc8b3ae0ebec816daf775a\",\"name\":\"infoempleo\",\"image\":{\"@type\":\"ImageObject\",\"inLanguage\":\"es\",\"@id\":\"https:\/\/empresas.infoempleo.com\/hrtrends\/#\/schema\/person\/image\/\",\"url\":\"https:\/\/secure.gravatar.com\/avatar\/7b437777242fe67d2473c2a818da2344692d1ee91e91080ccffbd97bcd4a0975?s=96&d=mm&r=g\",\"contentUrl\":\"https:\/\/secure.gravatar.com\/avatar\/7b437777242fe67d2473c2a818da2344692d1ee91e91080ccffbd97bcd4a0975?s=96&d=mm&r=g\",\"caption\":\"infoempleo\"},\"url\":\"https:\/\/empresas.infoempleo.com\/hrtrends\/author\/infoempleo\/\"}]}<\/script>\n<!-- \/ Yoast SEO plugin. -->","yoast_head_json":{"title":"Air Comet presenta el concurso voluntario de acreedores | HRTRENDS","robots":{"index":"index","follow":"follow","max-snippet":"max-snippet:-1","max-image-preview":"max-image-preview:large","max-video-preview":"max-video-preview:-1"},"canonical":"https:\/\/empresas.infoempleo.com\/hrtrends\/air-comet-presenta-el-concurso-voluntario-de-acreedores\/","og_locale":"es_ES","og_type":"article","og_title":"Air Comet presenta el concurso voluntario de acreedores | HRTRENDS","og_description":"Air Comet ha presentado este martes su solicitud de concurso voluntario de acreedores ante el Juzgado de lo Leer m\u00e1s","og_url":"https:\/\/empresas.infoempleo.com\/hrtrends\/air-comet-presenta-el-concurso-voluntario-de-acreedores\/","og_site_name":"HRTRENDS","article_publisher":"https:\/\/www.facebook.com\/Infoempleo","article_published_time":"2010-03-24T08:38:14+00:00","article_modified_time":"2018-05-23T15:51:11+00:00","og_image":[{"width":1280,"height":960,"url":"https:\/\/empresas.infoempleo.com\/hrtrends\/media\/2017\/05\/pexels-photo-205508.jpg","type":"image\/jpeg"}],"author":"infoempleo","twitter_card":"summary_large_image","twitter_creator":"@infoempleo","twitter_site":"@infoempleo","twitter_misc":{"Escrito por":"infoempleo","Tiempo de lectura":"3 minutos"},"schema":{"@context":"https:\/\/schema.org","@graph":[{"@type":"NewsArticle","@id":"https:\/\/empresas.infoempleo.com\/hrtrends\/air-comet-presenta-el-concurso-voluntario-de-acreedores\/#article","isPartOf":{"@id":"https:\/\/empresas.infoempleo.com\/hrtrends\/air-comet-presenta-el-concurso-voluntario-de-acreedores\/"},"author":{"name":"infoempleo","@id":"https:\/\/empresas.infoempleo.com\/hrtrends\/#\/schema\/person\/67d3e276ffcc8b3ae0ebec816daf775a"},"headline":"Air Comet presenta el concurso voluntario de acreedores","datePublished":"2010-03-24T08:38:14+00:00","dateModified":"2018-05-23T15:51:11+00:00","mainEntityOfPage":{"@id":"https:\/\/empresas.infoempleo.com\/hrtrends\/air-comet-presenta-el-concurso-voluntario-de-acreedores\/"},"wordCount":527,"publisher":{"@id":"https:\/\/empresas.infoempleo.com\/hrtrends\/#organization"},"image":{"@id":"https:\/\/empresas.infoempleo.com\/hrtrends\/air-comet-presenta-el-concurso-voluntario-de-acreedores\/#primaryimage"},"thumbnailUrl":"https:\/\/empresas.infoempleo.com\/hrtrends\/media\/2017\/05\/pexels-photo-205508.jpg","keywords":["ERE","paro"],"articleSection":["Actualidad"],"inLanguage":"es","copyrightYear":"2010","copyrightHolder":{"@id":"https:\/\/empresas.infoempleo.com\/hrtrends\/#organization"}},{"@type":"WebPage","@id":"https:\/\/empresas.infoempleo.com\/hrtrends\/air-comet-presenta-el-concurso-voluntario-de-acreedores\/","url":"https:\/\/empresas.infoempleo.com\/hrtrends\/air-comet-presenta-el-concurso-voluntario-de-acreedores\/","name":"Air Comet presenta el concurso voluntario de acreedores | HRTRENDS","isPartOf":{"@id":"https:\/\/empresas.infoempleo.com\/hrtrends\/#website"},"primaryImageOfPage":{"@id":"https:\/\/empresas.infoempleo.com\/hrtrends\/air-comet-presenta-el-concurso-voluntario-de-acreedores\/#primaryimage"},"image":{"@id":"https:\/\/empresas.infoempleo.com\/hrtrends\/air-comet-presenta-el-concurso-voluntario-de-acreedores\/#primaryimage"},"thumbnailUrl":"https:\/\/empresas.infoempleo.com\/hrtrends\/media\/2017\/05\/pexels-photo-205508.jpg","datePublished":"2010-03-24T08:38:14+00:00","dateModified":"2018-05-23T15:51:11+00:00","breadcrumb":{"@id":"https:\/\/empresas.infoempleo.com\/hrtrends\/air-comet-presenta-el-concurso-voluntario-de-acreedores\/#breadcrumb"},"inLanguage":"es","potentialAction":[{"@type":"ReadAction","target":["https:\/\/empresas.infoempleo.com\/hrtrends\/air-comet-presenta-el-concurso-voluntario-de-acreedores\/"]}]},{"@type":"ImageObject","inLanguage":"es","@id":"https:\/\/empresas.infoempleo.com\/hrtrends\/air-comet-presenta-el-concurso-voluntario-de-acreedores\/#primaryimage","url":"https:\/\/empresas.infoempleo.com\/hrtrends\/media\/2017\/05\/pexels-photo-205508-150x150.jpg","contentUrl":"https:\/\/empresas.infoempleo.com\/hrtrends\/media\/2017\/05\/pexels-photo-205508-150x150.jpg","width":150,"height":150},{"@type":"BreadcrumbList","@id":"https:\/\/empresas.infoempleo.com\/hrtrends\/air-comet-presenta-el-concurso-voluntario-de-acreedores\/#breadcrumb","itemListElement":[{"@type":"ListItem","position":1,"name":"Portada","item":"https:\/\/empresas.infoempleo.com\/hrtrends\/"},{"@type":"ListItem","position":2,"name":"Air Comet presenta el concurso voluntario de acreedores"}]},{"@type":"WebSite","@id":"https:\/\/empresas.infoempleo.com\/hrtrends\/#website","url":"https:\/\/empresas.infoempleo.com\/hrtrends","name":"HRTrends by Infoempleo","description":"","publisher":{"@id":"https:\/\/empresas.infoempleo.com\/hrtrends\/#organization"},"potentialAction":{"@type":"SearchAction","target":"https:\/\/empresas.infoempleo.com\/hrtrends\/?s={search_term_string}","query-input":"required name=search_term_string"},"inLanguage":"es"},{"@type":"Organization","@id":"https:\/\/empresas.infoempleo.com\/hrtrends\/#organization","name":"Infoempleo","url":"https:\/\/www.infoempleo.com\/","logo":{"@type":"ImageObject","@id":"https:\/\/empresas.infoempleo.com\/hrtrends\/#logo","inLanguage":"es","url":"https:\/\/cdnazure.infoempleo.com\/infoempleo\/assets\/style\/gfx\/logo.svg","contentUrl":"https:\/\/cdnazure.infoempleo.com\/infoempleo\/assets\/style\/gfx\/logo.svg","width":150,"height":40,"caption":"Infoempleo"},"image":{"@id":"https:\/\/empresas.infoempleo.com\/hrtrends\/#logo"},"sameAs":["https:\/\/www.facebook.com\/Infoempleo","https:\/\/x.com\/infoempleo","http:\/\/instagram.com\/infoempleo\/","http:\/\/www.linkedin.com\/groups\/Empleo-Espa\u00f1a-Infoempleocom-111276","http:\/\/pinterest.com\/infoempleo\/"],"address":{"@type":"PostalAddress","addressLocality":"Madrid","postalCode":"28050","streetAddress":"Avenida de Burgos 114"},"brand":["Infoempleo"]},{"@type":"Person","@id":"https:\/\/empresas.infoempleo.com\/hrtrends\/#\/schema\/person\/67d3e276ffcc8b3ae0ebec816daf775a","name":"infoempleo","image":{"@type":"ImageObject","inLanguage":"es","@id":"https:\/\/empresas.infoempleo.com\/hrtrends\/#\/schema\/person\/image\/","url":"https:\/\/secure.gravatar.com\/avatar\/7b437777242fe67d2473c2a818da2344692d1ee91e91080ccffbd97bcd4a0975?s=96&d=mm&r=g","contentUrl":"https:\/\/secure.gravatar.com\/avatar\/7b437777242fe67d2473c2a818da2344692d1ee91e91080ccffbd97bcd4a0975?s=96&d=mm&r=g","caption":"infoempleo"},"url":"https:\/\/empresas.infoempleo.com\/hrtrends\/author\/infoempleo\/"}]}},"amp_enabled":true,"_links":{"self":[{"href":"https:\/\/empresas.infoempleo.com\/hrtrends\/wp-json\/wp\/v2\/posts\/8085","targetHints":{"allow":["GET"]}}],"collection":[{"href":"https:\/\/empresas.infoempleo.com\/hrtrends\/wp-json\/wp\/v2\/posts"}],"about":[{"href":"https:\/\/empresas.infoempleo.com\/hrtrends\/wp-json\/wp\/v2\/types\/post"}],"author":[{"embeddable":true,"href":"https:\/\/empresas.infoempleo.com\/hrtrends\/wp-json\/wp\/v2\/users\/72"}],"replies":[{"embeddable":true,"href":"https:\/\/empresas.infoempleo.com\/hrtrends\/wp-json\/wp\/v2\/comments?post=8085"}],"version-history":[{"count":0,"href":"https:\/\/empresas.infoempleo.com\/hrtrends\/wp-json\/wp\/v2\/posts\/8085\/revisions"}],"wp:featuredmedia":[{"embeddable":true,"href":"https:\/\/empresas.infoempleo.com\/hrtrends\/wp-json\/wp\/v2\/media\/29665"}],"wp:attachment":[{"href":"https:\/\/empresas.infoempleo.com\/hrtrends\/wp-json\/wp\/v2\/media?parent=8085"}],"wp:term":[{"taxonomy":"category","embeddable":true,"href":"https:\/\/empresas.infoempleo.com\/hrtrends\/wp-json\/wp\/v2\/categories?post=8085"},{"taxonomy":"post_tag","embeddable":true,"href":"https:\/\/empresas.infoempleo.com\/hrtrends\/wp-json\/wp\/v2\/tags?post=8085"}],"curies":[{"name":"wp","href":"https:\/\/api.w.org\/{rel}","templated":true}]}}