{"id":8023,"date":"2010-03-22T09:17:14","date_gmt":"2010-03-22T08:17:14","guid":{"rendered":"http:\/\/blog.infoempleo.com\/?p=8023"},"modified":"2023-03-13T19:36:53","modified_gmt":"2023-03-13T17:36:53","slug":"estoy-en-la-fase-de-aprender-todos-los-dias-de-mi-trabajo","status":"publish","type":"post","link":"https:\/\/empresas.infoempleo.com\/hrtrends\/estoy-en-la-fase-de-aprender-todos-los-dias-de-mi-trabajo\/","title":{"rendered":"\u00abEstoy en la fase de aprender todos los d\u00edas de mi trabajo\u00bb"},"content":{"rendered":"<p style=\"text-align: center\">\n<h3>Amaia Salamanca, actriz<\/h3>\n<p>\u00c9ste es el primer curso que Amaia Salamanca (Madrid, 1986) no se ha matriculado en la universidad. No ha sido por falta de ganas de acabar su carrera, Administraci\u00f3n y Direcci\u00f3n de Empresas y Derecho, sino porque sus proyectos profesionales no le han dejado un minuto libre: \u00abMe era imposible compaginarlo todo, pero me gustar\u00eda poder acabar mis estudios, primero por m\u00ed y, luego, porque nunca se sabe lo que puedes aguantar en este mundillo\u00bb. A finales de 2009 muri\u00f3, literalmente, Cata, su personaje en \u2018Sin tetas no hay para\u00edso\u2019 que la llev\u00f3 a la fama pero, desde entonces, se ha multiplicado su trabajo. Desde enero est\u00e1 girando con la obra \u2018La Marquesa de O\u2019 y acaba de estrenar en la gran pantalla \u2018Tensi\u00f3n sexual no resuelta\u2019.<\/p>\n<p><strong>\u00bfCu\u00e1l fue su primer empleo remunerado?<br \/>\n<\/strong>Fue de buzoneadora. Repart\u00eda propaganda por los buzones y, si no recuerdo mal, gan\u00e9 unas 10.000 pesetas. Despu\u00e9s he tenido muchos otros trabajos temporales: camarera, canguro, profesora de clases particulares&#8230;<\/p>\n<p><strong>Su primer papel le lleg\u00f3 cuando estaba en la facultad, \u00bfc\u00f3mo lo vivi\u00f3?<br \/>\n<\/strong>Mientras estaba en la universidad, estudiando ADE y Derecho, me met\u00ed en una agencia de modelos y empec\u00e9 a hacer alg\u00fan anuncio, pero de repente me llamaron para un \u2018casting\u2019 [para \u2018SMS\u2019, una serie emitida en La Sexta]. Mi primer \u2018casting\u2019 y no se me ocurri\u00f3 otra cosa que llegar una hora tarde porque estuve a punto de no presentarme.<\/p>\n<p><strong>\u00bfPor qu\u00e9? \u00bfNo pensaba en ser actriz?<br \/>\n<\/strong>No, no. Hasta que no hice bastantes cap\u00edtulos \u2014\u2019SMS\u2019 era una serie diaria\u2014 no me empez\u00f3 a picar el gusanillo.<\/p>\n<p><strong>En alguna ocasi\u00f3n se ha definido como \u00abinexperta profesional\u00bb, \u00bfse sigue viendo as\u00ed?<br \/>\n<\/strong>Es que estoy empezando. Pero desde 2006 no he parado, he hecho televisi\u00f3n, cine, teatro e, incluso, doblaje para una peli de animaci\u00f3n. Creo que estoy en la fase de aprender todos los d\u00edas de mi trabajo, pero si siguiera siendo tan inexperta no continuar\u00eda trabajando.<\/p>\n<p><strong>\u00bfQu\u00e9 momentos han sido decisivos en estos cuatro a\u00f1os?<br \/>\n<\/strong>Est\u00e1 claro que mi trampol\u00edn ha sido \u2018Sin tetas no hay para\u00edso\u2019, quiz\u00e1 sin el papel de Cata no habr\u00eda llegado el resto, pero he de decir que a todos mis trabajos les tengo much\u00edsimo cari\u00f1o. Hasta ahora casi todo han sido \u2018primeras veces\u2019.<\/p>\n<p><strong>Entre esas primeras veces est\u00e1 su debut en teatro con \u2018La Marquesa de O\u2019, \u00bfc\u00f3mo est\u00e1 viviendo esta experiencia?<br \/>\n<\/strong>Al principio estaba muy nerviosa, ten\u00eda miedo a quedarme en blanco, a tropezarme&#8230; Pero en seguida, y gracias a compa\u00f1eros como Juanjo Otegui o Tina Sainz, me siento muy a gusto y disfruto de cada funci\u00f3n.<\/p>\n<p><strong>\u00bfHasta qu\u00e9 punto son importantes los compa\u00f1eros?<br \/>\n<\/strong>Aunque no lo parezca, el trabajo de actor no es nada individualista. Depende mucho de a qui\u00e9n tienes delante para transmitir de verdad. Despu\u00e9s de mi primer papel, me impon\u00eda mucho trabajar con gente con experiencia, pensaba que no me tomar\u00edan en serio. Por ejemplo, ahora en el teatro ni siquiera yo sab\u00eda si era capaz de emocionarme y emocionar al p\u00fablico. Pero ellos me han ayudado, me dan consejos, conf\u00edan en m\u00ed.<\/p>\n<p><strong>\u00bfQu\u00e9 queda de la universitaria que casi no se presenta a su primer \u2018casting\u2019?<br \/>\n<\/strong>Sigo siendo esa chica. Todo en mi vida es igual. Aunque de puertas para afuera s\u00ed ha cambiado; no es f\u00e1cil hacer una vida normal cuando quieren saber todo de tu vida privada.<\/p>\n<p><strong>Todav\u00eda no ha cumplido los 25, \u00bfd\u00f3nde cree que estar\u00e1 dentro de unos diez a\u00f1os?<br \/>\n<\/strong>Me encantar\u00eda poder vivir de mi trabajo como actriz, pero prefiero no pensar en un futuro concreto, lo que tenga que venir, vendr\u00e1.<\/p>\n","protected":false},"excerpt":{"rendered":"<p>Amaia Salamanca, actriz \u00c9ste es el primer curso que Amaia Salamanca (Madrid, 1986) no se ha matriculado en<a class=\"moretag\" href=\"https:\/\/empresas.infoempleo.com\/hrtrends\/estoy-en-la-fase-de-aprender-todos-los-dias-de-mi-trabajo\/\"> Leer m\u00e1s<\/a><\/p>\n","protected":false},"author":33,"featured_media":29665,"comment_status":"closed","ping_status":"open","sticky":false,"template":"","format":"standard","meta":{"footnotes":""},"categories":[3],"tags":[1372,491],"class_list":["post-8023","post","type-post","status-publish","format-standard","has-post-thumbnail","hentry","category-actualidad","tag-amaia-salamanca","tag-primer-empleo"],"yoast_head":"<!-- This site is optimized with the Yoast SEO plugin v26.1.1 - https:\/\/yoast.com\/wordpress\/plugins\/seo\/ -->\n<title>&quot;Estoy en la fase de aprender todos los d\u00edas de mi trabajo&quot; | HRTRENDS<\/title>\n<meta name=\"robots\" content=\"index, follow, max-snippet:-1, max-image-preview:large, max-video-preview:-1\" \/>\n<link rel=\"canonical\" href=\"https:\/\/empresas.infoempleo.com\/hrtrends\/estoy-en-la-fase-de-aprender-todos-los-dias-de-mi-trabajo\/\" \/>\n<meta property=\"og:locale\" content=\"es_ES\" \/>\n<meta property=\"og:type\" content=\"article\" \/>\n<meta property=\"og:title\" content=\"&quot;Estoy en la fase de aprender todos los d\u00edas de mi trabajo&quot; | HRTRENDS\" \/>\n<meta property=\"og:description\" content=\"Amaia Salamanca, actriz \u00c9ste es el primer curso que Amaia Salamanca (Madrid, 1986) no se ha matriculado en Leer m\u00e1s\" \/>\n<meta property=\"og:url\" content=\"https:\/\/empresas.infoempleo.com\/hrtrends\/estoy-en-la-fase-de-aprender-todos-los-dias-de-mi-trabajo\/\" \/>\n<meta property=\"og:site_name\" content=\"HRTRENDS\" \/>\n<meta property=\"article:publisher\" content=\"https:\/\/www.facebook.com\/Infoempleo\" \/>\n<meta property=\"article:published_time\" content=\"2010-03-22T08:17:14+00:00\" \/>\n<meta property=\"article:modified_time\" content=\"2023-03-13T17:36:53+00:00\" \/>\n<meta property=\"og:image\" content=\"https:\/\/empresas.infoempleo.com\/hrtrends\/media\/2017\/05\/pexels-photo-205508.jpg\" \/>\n\t<meta property=\"og:image:width\" content=\"1280\" \/>\n\t<meta property=\"og:image:height\" content=\"960\" \/>\n\t<meta property=\"og:image:type\" content=\"image\/jpeg\" \/>\n<meta name=\"author\" content=\"Cristina Mart\u00edn\" \/>\n<meta name=\"twitter:card\" content=\"summary_large_image\" \/>\n<meta name=\"twitter:creator\" content=\"@infoempleo\" \/>\n<meta name=\"twitter:site\" content=\"@infoempleo\" \/>\n<meta name=\"twitter:label1\" content=\"Escrito por\" \/>\n\t<meta name=\"twitter:data1\" content=\"Cristina Mart\u00edn\" \/>\n\t<meta name=\"twitter:label2\" content=\"Tiempo de lectura\" \/>\n\t<meta name=\"twitter:data2\" content=\"3 minutos\" \/>\n<script type=\"application\/ld+json\" class=\"yoast-schema-graph\">{\"@context\":\"https:\/\/schema.org\",\"@graph\":[{\"@type\":\"NewsArticle\",\"@id\":\"https:\/\/empresas.infoempleo.com\/hrtrends\/estoy-en-la-fase-de-aprender-todos-los-dias-de-mi-trabajo\/#article\",\"isPartOf\":{\"@id\":\"https:\/\/empresas.infoempleo.com\/hrtrends\/estoy-en-la-fase-de-aprender-todos-los-dias-de-mi-trabajo\/\"},\"author\":{\"name\":\"Cristina Mart\u00edn\",\"@id\":\"https:\/\/empresas.infoempleo.com\/hrtrends\/#\/schema\/person\/f211bd3f083559daff103f670fe968b8\"},\"headline\":\"\u00abEstoy en la fase de aprender todos los d\u00edas de mi trabajo\u00bb\",\"datePublished\":\"2010-03-22T08:17:14+00:00\",\"dateModified\":\"2023-03-13T17:36:53+00:00\",\"mainEntityOfPage\":{\"@id\":\"https:\/\/empresas.infoempleo.com\/hrtrends\/estoy-en-la-fase-de-aprender-todos-los-dias-de-mi-trabajo\/\"},\"wordCount\":645,\"publisher\":{\"@id\":\"https:\/\/empresas.infoempleo.com\/hrtrends\/#organization\"},\"image\":{\"@id\":\"https:\/\/empresas.infoempleo.com\/hrtrends\/estoy-en-la-fase-de-aprender-todos-los-dias-de-mi-trabajo\/#primaryimage\"},\"thumbnailUrl\":\"https:\/\/empresas.infoempleo.com\/hrtrends\/media\/2017\/05\/pexels-photo-205508.jpg\",\"keywords\":[\"amaia salamanca\",\"primer empleo\"],\"articleSection\":[\"Actualidad\"],\"inLanguage\":\"es\",\"copyrightYear\":\"2010\",\"copyrightHolder\":{\"@id\":\"https:\/\/empresas.infoempleo.com\/hrtrends\/#organization\"}},{\"@type\":\"WebPage\",\"@id\":\"https:\/\/empresas.infoempleo.com\/hrtrends\/estoy-en-la-fase-de-aprender-todos-los-dias-de-mi-trabajo\/\",\"url\":\"https:\/\/empresas.infoempleo.com\/hrtrends\/estoy-en-la-fase-de-aprender-todos-los-dias-de-mi-trabajo\/\",\"name\":\"\\\"Estoy en la fase de aprender todos los d\u00edas de mi trabajo\\\" | HRTRENDS\",\"isPartOf\":{\"@id\":\"https:\/\/empresas.infoempleo.com\/hrtrends\/#website\"},\"primaryImageOfPage\":{\"@id\":\"https:\/\/empresas.infoempleo.com\/hrtrends\/estoy-en-la-fase-de-aprender-todos-los-dias-de-mi-trabajo\/#primaryimage\"},\"image\":{\"@id\":\"https:\/\/empresas.infoempleo.com\/hrtrends\/estoy-en-la-fase-de-aprender-todos-los-dias-de-mi-trabajo\/#primaryimage\"},\"thumbnailUrl\":\"https:\/\/empresas.infoempleo.com\/hrtrends\/media\/2017\/05\/pexels-photo-205508.jpg\",\"datePublished\":\"2010-03-22T08:17:14+00:00\",\"dateModified\":\"2023-03-13T17:36:53+00:00\",\"breadcrumb\":{\"@id\":\"https:\/\/empresas.infoempleo.com\/hrtrends\/estoy-en-la-fase-de-aprender-todos-los-dias-de-mi-trabajo\/#breadcrumb\"},\"inLanguage\":\"es\",\"potentialAction\":[{\"@type\":\"ReadAction\",\"target\":[\"https:\/\/empresas.infoempleo.com\/hrtrends\/estoy-en-la-fase-de-aprender-todos-los-dias-de-mi-trabajo\/\"]}]},{\"@type\":\"ImageObject\",\"inLanguage\":\"es\",\"@id\":\"https:\/\/empresas.infoempleo.com\/hrtrends\/estoy-en-la-fase-de-aprender-todos-los-dias-de-mi-trabajo\/#primaryimage\",\"url\":\"https:\/\/empresas.infoempleo.com\/hrtrends\/media\/2017\/05\/pexels-photo-205508-150x150.jpg\",\"contentUrl\":\"https:\/\/empresas.infoempleo.com\/hrtrends\/media\/2017\/05\/pexels-photo-205508-150x150.jpg\",\"width\":150,\"height\":150},{\"@type\":\"BreadcrumbList\",\"@id\":\"https:\/\/empresas.infoempleo.com\/hrtrends\/estoy-en-la-fase-de-aprender-todos-los-dias-de-mi-trabajo\/#breadcrumb\",\"itemListElement\":[{\"@type\":\"ListItem\",\"position\":1,\"name\":\"Portada\",\"item\":\"https:\/\/empresas.infoempleo.com\/hrtrends\/\"},{\"@type\":\"ListItem\",\"position\":2,\"name\":\"\u00abEstoy en la fase de aprender todos los d\u00edas de mi trabajo\u00bb\"}]},{\"@type\":\"WebSite\",\"@id\":\"https:\/\/empresas.infoempleo.com\/hrtrends\/#website\",\"url\":\"https:\/\/empresas.infoempleo.com\/hrtrends\",\"name\":\"HRTrends by Infoempleo\",\"description\":\"\",\"publisher\":{\"@id\":\"https:\/\/empresas.infoempleo.com\/hrtrends\/#organization\"},\"potentialAction\":{\"@type\":\"SearchAction\",\"target\":\"https:\/\/empresas.infoempleo.com\/hrtrends\/?s={search_term_string}\",\"query-input\":\"required name=search_term_string\"},\"inLanguage\":\"es\"},{\"@type\":\"Organization\",\"@id\":\"https:\/\/empresas.infoempleo.com\/hrtrends\/#organization\",\"name\":\"Infoempleo\",\"url\":\"https:\/\/www.infoempleo.com\/\",\"logo\":{\"@type\":\"ImageObject\",\"@id\":\"https:\/\/empresas.infoempleo.com\/hrtrends\/#logo\",\"inLanguage\":\"es\",\"url\":\"https:\/\/cdnazure.infoempleo.com\/infoempleo\/assets\/style\/gfx\/logo.svg\",\"contentUrl\":\"https:\/\/cdnazure.infoempleo.com\/infoempleo\/assets\/style\/gfx\/logo.svg\",\"width\":150,\"height\":40,\"caption\":\"Infoempleo\"},\"image\":{\"@id\":\"https:\/\/empresas.infoempleo.com\/hrtrends\/#logo\"},\"sameAs\":[\"https:\/\/www.facebook.com\/Infoempleo\",\"https:\/\/x.com\/infoempleo\",\"http:\/\/instagram.com\/infoempleo\/\",\"http:\/\/www.linkedin.com\/groups\/Empleo-Espa\u00f1a-Infoempleocom-111276\",\"http:\/\/pinterest.com\/infoempleo\/\"],\"address\":{\"@type\":\"PostalAddress\",\"addressLocality\":\"Madrid\",\"postalCode\":\"28050\",\"streetAddress\":\"Avenida de Burgos 114\"},\"brand\":[\"Infoempleo\"]},{\"@type\":\"Person\",\"@id\":\"https:\/\/empresas.infoempleo.com\/hrtrends\/#\/schema\/person\/f211bd3f083559daff103f670fe968b8\",\"name\":\"Cristina Mart\u00edn\",\"image\":{\"@type\":\"ImageObject\",\"inLanguage\":\"es\",\"@id\":\"https:\/\/empresas.infoempleo.com\/hrtrends\/#\/schema\/person\/image\/\",\"url\":\"https:\/\/secure.gravatar.com\/avatar\/7a85ff01010a0d921dc9d1da42a82a70f74e2cd0329b7fc20ee2c1c08a97daed?s=96&d=mm&r=g\",\"contentUrl\":\"https:\/\/secure.gravatar.com\/avatar\/7a85ff01010a0d921dc9d1da42a82a70f74e2cd0329b7fc20ee2c1c08a97daed?s=96&d=mm&r=g\",\"caption\":\"Cristina Mart\u00edn\"},\"url\":\"https:\/\/empresas.infoempleo.com\/hrtrends\/author\/cristina-martin\/\"}]}<\/script>\n<!-- \/ Yoast SEO plugin. -->","yoast_head_json":{"title":"\"Estoy en la fase de aprender todos los d\u00edas de mi trabajo\" | HRTRENDS","robots":{"index":"index","follow":"follow","max-snippet":"max-snippet:-1","max-image-preview":"max-image-preview:large","max-video-preview":"max-video-preview:-1"},"canonical":"https:\/\/empresas.infoempleo.com\/hrtrends\/estoy-en-la-fase-de-aprender-todos-los-dias-de-mi-trabajo\/","og_locale":"es_ES","og_type":"article","og_title":"\"Estoy en la fase de aprender todos los d\u00edas de mi trabajo\" | HRTRENDS","og_description":"Amaia Salamanca, actriz \u00c9ste es el primer curso que Amaia Salamanca (Madrid, 1986) no se ha matriculado en Leer m\u00e1s","og_url":"https:\/\/empresas.infoempleo.com\/hrtrends\/estoy-en-la-fase-de-aprender-todos-los-dias-de-mi-trabajo\/","og_site_name":"HRTRENDS","article_publisher":"https:\/\/www.facebook.com\/Infoempleo","article_published_time":"2010-03-22T08:17:14+00:00","article_modified_time":"2023-03-13T17:36:53+00:00","og_image":[{"width":1280,"height":960,"url":"https:\/\/empresas.infoempleo.com\/hrtrends\/media\/2017\/05\/pexels-photo-205508.jpg","type":"image\/jpeg"}],"author":"Cristina Mart\u00edn","twitter_card":"summary_large_image","twitter_creator":"@infoempleo","twitter_site":"@infoempleo","twitter_misc":{"Escrito por":"Cristina Mart\u00edn","Tiempo de lectura":"3 minutos"},"schema":{"@context":"https:\/\/schema.org","@graph":[{"@type":"NewsArticle","@id":"https:\/\/empresas.infoempleo.com\/hrtrends\/estoy-en-la-fase-de-aprender-todos-los-dias-de-mi-trabajo\/#article","isPartOf":{"@id":"https:\/\/empresas.infoempleo.com\/hrtrends\/estoy-en-la-fase-de-aprender-todos-los-dias-de-mi-trabajo\/"},"author":{"name":"Cristina Mart\u00edn","@id":"https:\/\/empresas.infoempleo.com\/hrtrends\/#\/schema\/person\/f211bd3f083559daff103f670fe968b8"},"headline":"\u00abEstoy en la fase de aprender todos los d\u00edas de mi trabajo\u00bb","datePublished":"2010-03-22T08:17:14+00:00","dateModified":"2023-03-13T17:36:53+00:00","mainEntityOfPage":{"@id":"https:\/\/empresas.infoempleo.com\/hrtrends\/estoy-en-la-fase-de-aprender-todos-los-dias-de-mi-trabajo\/"},"wordCount":645,"publisher":{"@id":"https:\/\/empresas.infoempleo.com\/hrtrends\/#organization"},"image":{"@id":"https:\/\/empresas.infoempleo.com\/hrtrends\/estoy-en-la-fase-de-aprender-todos-los-dias-de-mi-trabajo\/#primaryimage"},"thumbnailUrl":"https:\/\/empresas.infoempleo.com\/hrtrends\/media\/2017\/05\/pexels-photo-205508.jpg","keywords":["amaia salamanca","primer empleo"],"articleSection":["Actualidad"],"inLanguage":"es","copyrightYear":"2010","copyrightHolder":{"@id":"https:\/\/empresas.infoempleo.com\/hrtrends\/#organization"}},{"@type":"WebPage","@id":"https:\/\/empresas.infoempleo.com\/hrtrends\/estoy-en-la-fase-de-aprender-todos-los-dias-de-mi-trabajo\/","url":"https:\/\/empresas.infoempleo.com\/hrtrends\/estoy-en-la-fase-de-aprender-todos-los-dias-de-mi-trabajo\/","name":"\"Estoy en la fase de aprender todos los d\u00edas de mi trabajo\" | HRTRENDS","isPartOf":{"@id":"https:\/\/empresas.infoempleo.com\/hrtrends\/#website"},"primaryImageOfPage":{"@id":"https:\/\/empresas.infoempleo.com\/hrtrends\/estoy-en-la-fase-de-aprender-todos-los-dias-de-mi-trabajo\/#primaryimage"},"image":{"@id":"https:\/\/empresas.infoempleo.com\/hrtrends\/estoy-en-la-fase-de-aprender-todos-los-dias-de-mi-trabajo\/#primaryimage"},"thumbnailUrl":"https:\/\/empresas.infoempleo.com\/hrtrends\/media\/2017\/05\/pexels-photo-205508.jpg","datePublished":"2010-03-22T08:17:14+00:00","dateModified":"2023-03-13T17:36:53+00:00","breadcrumb":{"@id":"https:\/\/empresas.infoempleo.com\/hrtrends\/estoy-en-la-fase-de-aprender-todos-los-dias-de-mi-trabajo\/#breadcrumb"},"inLanguage":"es","potentialAction":[{"@type":"ReadAction","target":["https:\/\/empresas.infoempleo.com\/hrtrends\/estoy-en-la-fase-de-aprender-todos-los-dias-de-mi-trabajo\/"]}]},{"@type":"ImageObject","inLanguage":"es","@id":"https:\/\/empresas.infoempleo.com\/hrtrends\/estoy-en-la-fase-de-aprender-todos-los-dias-de-mi-trabajo\/#primaryimage","url":"https:\/\/empresas.infoempleo.com\/hrtrends\/media\/2017\/05\/pexels-photo-205508-150x150.jpg","contentUrl":"https:\/\/empresas.infoempleo.com\/hrtrends\/media\/2017\/05\/pexels-photo-205508-150x150.jpg","width":150,"height":150},{"@type":"BreadcrumbList","@id":"https:\/\/empresas.infoempleo.com\/hrtrends\/estoy-en-la-fase-de-aprender-todos-los-dias-de-mi-trabajo\/#breadcrumb","itemListElement":[{"@type":"ListItem","position":1,"name":"Portada","item":"https:\/\/empresas.infoempleo.com\/hrtrends\/"},{"@type":"ListItem","position":2,"name":"\u00abEstoy en la fase de aprender todos los d\u00edas de mi trabajo\u00bb"}]},{"@type":"WebSite","@id":"https:\/\/empresas.infoempleo.com\/hrtrends\/#website","url":"https:\/\/empresas.infoempleo.com\/hrtrends","name":"HRTrends by Infoempleo","description":"","publisher":{"@id":"https:\/\/empresas.infoempleo.com\/hrtrends\/#organization"},"potentialAction":{"@type":"SearchAction","target":"https:\/\/empresas.infoempleo.com\/hrtrends\/?s={search_term_string}","query-input":"required name=search_term_string"},"inLanguage":"es"},{"@type":"Organization","@id":"https:\/\/empresas.infoempleo.com\/hrtrends\/#organization","name":"Infoempleo","url":"https:\/\/www.infoempleo.com\/","logo":{"@type":"ImageObject","@id":"https:\/\/empresas.infoempleo.com\/hrtrends\/#logo","inLanguage":"es","url":"https:\/\/cdnazure.infoempleo.com\/infoempleo\/assets\/style\/gfx\/logo.svg","contentUrl":"https:\/\/cdnazure.infoempleo.com\/infoempleo\/assets\/style\/gfx\/logo.svg","width":150,"height":40,"caption":"Infoempleo"},"image":{"@id":"https:\/\/empresas.infoempleo.com\/hrtrends\/#logo"},"sameAs":["https:\/\/www.facebook.com\/Infoempleo","https:\/\/x.com\/infoempleo","http:\/\/instagram.com\/infoempleo\/","http:\/\/www.linkedin.com\/groups\/Empleo-Espa\u00f1a-Infoempleocom-111276","http:\/\/pinterest.com\/infoempleo\/"],"address":{"@type":"PostalAddress","addressLocality":"Madrid","postalCode":"28050","streetAddress":"Avenida de Burgos 114"},"brand":["Infoempleo"]},{"@type":"Person","@id":"https:\/\/empresas.infoempleo.com\/hrtrends\/#\/schema\/person\/f211bd3f083559daff103f670fe968b8","name":"Cristina Mart\u00edn","image":{"@type":"ImageObject","inLanguage":"es","@id":"https:\/\/empresas.infoempleo.com\/hrtrends\/#\/schema\/person\/image\/","url":"https:\/\/secure.gravatar.com\/avatar\/7a85ff01010a0d921dc9d1da42a82a70f74e2cd0329b7fc20ee2c1c08a97daed?s=96&d=mm&r=g","contentUrl":"https:\/\/secure.gravatar.com\/avatar\/7a85ff01010a0d921dc9d1da42a82a70f74e2cd0329b7fc20ee2c1c08a97daed?s=96&d=mm&r=g","caption":"Cristina Mart\u00edn"},"url":"https:\/\/empresas.infoempleo.com\/hrtrends\/author\/cristina-martin\/"}]}},"amp_enabled":true,"_links":{"self":[{"href":"https:\/\/empresas.infoempleo.com\/hrtrends\/wp-json\/wp\/v2\/posts\/8023","targetHints":{"allow":["GET"]}}],"collection":[{"href":"https:\/\/empresas.infoempleo.com\/hrtrends\/wp-json\/wp\/v2\/posts"}],"about":[{"href":"https:\/\/empresas.infoempleo.com\/hrtrends\/wp-json\/wp\/v2\/types\/post"}],"author":[{"embeddable":true,"href":"https:\/\/empresas.infoempleo.com\/hrtrends\/wp-json\/wp\/v2\/users\/33"}],"replies":[{"embeddable":true,"href":"https:\/\/empresas.infoempleo.com\/hrtrends\/wp-json\/wp\/v2\/comments?post=8023"}],"version-history":[{"count":1,"href":"https:\/\/empresas.infoempleo.com\/hrtrends\/wp-json\/wp\/v2\/posts\/8023\/revisions"}],"predecessor-version":[{"id":43462,"href":"https:\/\/empresas.infoempleo.com\/hrtrends\/wp-json\/wp\/v2\/posts\/8023\/revisions\/43462"}],"wp:featuredmedia":[{"embeddable":true,"href":"https:\/\/empresas.infoempleo.com\/hrtrends\/wp-json\/wp\/v2\/media\/29665"}],"wp:attachment":[{"href":"https:\/\/empresas.infoempleo.com\/hrtrends\/wp-json\/wp\/v2\/media?parent=8023"}],"wp:term":[{"taxonomy":"category","embeddable":true,"href":"https:\/\/empresas.infoempleo.com\/hrtrends\/wp-json\/wp\/v2\/categories?post=8023"},{"taxonomy":"post_tag","embeddable":true,"href":"https:\/\/empresas.infoempleo.com\/hrtrends\/wp-json\/wp\/v2\/tags?post=8023"}],"curies":[{"name":"wp","href":"https:\/\/api.w.org\/{rel}","templated":true}]}}