{"id":8018,"date":"2010-03-22T09:18:13","date_gmt":"2010-03-22T08:18:13","guid":{"rendered":"http:\/\/blog.infoempleo.com\/?p=8018"},"modified":"2023-03-13T19:36:53","modified_gmt":"2023-03-13T17:36:53","slug":"web-de-la-semana-carlos-fernandez-acena","status":"publish","type":"post","link":"https:\/\/empresas.infoempleo.com\/hrtrends\/web-de-la-semana-carlos-fernandez-acena\/","title":{"rendered":"Web de la semana &#8211; Carlos Fern\u00e1ndez Ace\u00f1a"},"content":{"rendered":"<p style=\"text-align: center\">\n<p>Esta es la web personal destacada de la semana, su autor es Carlos Fern\u00e1ndez Ace\u00f1a, especialista en Marketing.<\/p>\n<p><strong>\u00bfQu\u00e9 te parece la idea de poder crear tu p\u00e1gina personal de manera gratuita?<br \/>\n<\/strong>Es una iniciativa fant\u00e1stica e innovadora por parte de Infoempleo. Han conseguido diferenciarse de otras Web de empleo ofreciendo a los candidatos una herramienta complementaria a su curr\u00edculum, f\u00e1cil de usar y que nos permite mostrar de forma gr\u00e1fica y visual algunos aspectos de nuestra experiencia que en ning\u00fan caso pueden verse en un curr\u00edculum tradicional. Enhorabuena.\u00a0<\/p>\n<p><strong>\u00bfQu\u00e9 van a encontrar las empresas en tu Web personal?<br \/>\n<\/strong>En ella podr\u00e1n encontrar, adem\u00e1s de mi curr\u00edculum, algunos detalles de proyectos desarrollados a lo largo de mi trayectoria profesional. El objetivo que me propuse al realizar la web fue mostrar de manera visual \u201cla creatividad\u201d aplicada en el desarrollo de mi trabajo, desde una campa\u00f1a de televisi\u00f3n hasta el desarrollo y lanzamiento de un producto, el dise\u00f1o de un packaging o una acci\u00f3n promocional.\u00a0<\/p>\n<p><strong>\u00bfDe qu\u00e9 forma crees que podr\u00e1 ayudarte en la b\u00fasqueda de empleo?<br \/>\n<\/strong>Como sab\u00e9is, la situaci\u00f3n econ\u00f3mica y laboral est\u00e1 muy complicada. En estas circunstancias donde la oferta es d\u00e9bil y la demanda es brutal, es m\u00e1s necesario que nunca \u00abdiferenciarse\u00bb, \u00abdestacar\u00bb, \u00abhacerse o\u00edr\u00bb. Considero que esta herramienta es un elemento de promoci\u00f3n personal. Si a ello le a\u00f1adimos \u201cvisibilidad\u201d, al ser seleccionado como web de la semana, las posibilidades se multiplican. Conf\u00edo que sea de gran ayuda y animo a todos los candidatos a crearse una.\u00a0<\/p>\n<p><strong>\u00bfQu\u00e9 sistemas utilizas para promocionar tu p\u00e1gina?<br \/>\n<\/strong>El primero y m\u00e1s importante (por visibilidad), presentarme a la candidatura de \u201cla web de la semana de Infoempleo\u201d. Por otra parte, he incorporado el link a m\u00ed curr\u00edculum, a la carta de presentaci\u00f3n al suscribirme a una oferta, en redes sociales, en el correo electr\u00f3nico como parte de la firma, incluso en las tarjetas de visita. Uno de los principales axiomas del Marketing es: \u201cde nada sirve tener el mejor producto si nadie lo conoce\u201d. En ello estamos\u2026\u00a0<\/p>\n<p><strong>\u00bfQu\u00e9 tiempo dedicas a la b\u00fasqueda de empleo? \u00bfC\u00f3mo te organizas la b\u00fasqueda?<br \/>\n<\/strong>La b\u00fasqueda de empleo es un trabajo en s\u00ed mismo. No solo consiste en buscar candidaturas a las que suscribirse. Hay que prepararse una estrategia con objetivos y tareas perfectamente definidas. Planificar la agenda de trabajo y realizar una correcta gesti\u00f3n del tiempo. Desde crearse una web profesional, trabajar el networking, lectura de art\u00edculos o blogs profesionales, cursos de formaci\u00f3n\u2026..Todo ello, forma parte de la b\u00fasqueda de empleo, pues el \u201c\u00e9xito\u201d es el premio al esfuerzo, a la perseverancia.\u00a0<\/p>\n<p><strong>\u00bfConsideras que las redes sociales son una buena manera de encontrar trabajo?<br \/>\n<\/strong>Es algo relativamente nuevo pero con un gran potencial. Las redes sociales son formas de interacci\u00f3n social, un sistema abierto y en construcci\u00f3n permanente que involucra a grupos profesionales y que se organizan para potenciar sus recursos. En principio, para la b\u00fasqueda de empleo por la v\u00eda del networking, destacar\u00eda las redes profesionales como Linked in, Xing, Neurona, Networking activo, eConozco\u2026. Y en un segundo lugar las redes sociales tipo Facebook, Twiter, MySpace\u2026.\u00a0<\/p>\n<p><strong>\u00bfEn cu\u00e1ntas comunidades digitales tienes tu perfil?<br \/>\n<\/strong>Como anteriormente coment\u00e9 estoy presente en las principales redes sociales de tipo profesional, adem\u00e1s de las principales webs de empleo.<\/p>\n<p><strong>\u00bfCrees que es mejor estar en todas partes o centrarte en una y tenerla lo m\u00e1s actualizada posible?<br \/>\n<\/strong>Intento estar presente en las que considero m\u00e1s importantes y afines a mi experiencia, formaci\u00f3n y tipo de contactos. Al objeto de racionalizar el tiempo disponible, dedico mis esfuerzos a las que considero m\u00e1s interesantes y en el resto tengo establecidas ciertas alertas de empleo que me llegan a trav\u00e9s del correo electr\u00f3nico. De esta forma intento no dejar pasar ninguna oportunidad, si bien es cierto que hay determinadas ofertas de empleo que aparecen repetidas en m\u00e1s de un portal de empleo.<\/p>\n<p><strong>\u00bfTe ha sucedido alguna an\u00e9cdota divertida en tu b\u00fasqueda de trabajo?<br \/>\n<\/strong>La verdad es que la an\u00e9cdota m\u00e1s divertida y gratificante ha venido a ra\u00edz de la creaci\u00f3n de la web. Una vez finalizada, adem\u00e1s de presentarme a la candidatura de \u201cweb de la semana\u201d, la envi\u00e9 por e-mail a mis contactos y amigos. Fue una grata sorpresa recibir correos de felicitaci\u00f3n e incluso alg\u00fan amigo de toda la vida me dec\u00eda sorprendido \u201ctodas estas cosas las has hecho t\u00fa\u201d.\u00a0<\/p>\n<p><strong>\u00bfD\u00f3nde te ves trabajando dentro de 10 a\u00f1os?<br \/>\n<\/strong>Mi empresa ideal ser\u00eda una empresa prospera, s\u00f3lida, orientada al mercado, que apueste por la innovaci\u00f3n, que sepa valorar y estimular a sus empleados consiguiendo crear un ambiente laboral agradable y donde los empleados se sientan orgullosos de formar parte de la compa\u00f1\u00eda. Me gustar\u00eda verme trabajando en una empresa como esta, integrado, cumpliendo las expectativas que la Compa\u00f1\u00eda deposit\u00f3 en m\u00ed, y con las mismas ganas y motivaci\u00f3n que hoy tengo por este nuevo proyecto en mi carrera profesional.<\/p>\n","protected":false},"excerpt":{"rendered":"<p>Esta es la web personal destacada de la semana, su autor es Carlos Fern\u00e1ndez Ace\u00f1a, especialista en Marketing.<a class=\"moretag\" href=\"https:\/\/empresas.infoempleo.com\/hrtrends\/web-de-la-semana-carlos-fernandez-acena\/\"> Leer m\u00e1s<\/a><\/p>\n","protected":false},"author":72,"featured_media":29665,"comment_status":"closed","ping_status":"open","sticky":false,"template":"","format":"standard","meta":{"footnotes":""},"categories":[3],"tags":[753,722,723,1045],"class_list":["post-8018","post","type-post","status-publish","format-standard","has-post-thumbnail","hentry","category-actualidad","tag-pagina-de-la-semana","tag-paginas-personales","tag-web-de-la-semana","tag-web-personal"],"yoast_head":"<!-- This site is optimized with the Yoast SEO plugin v26.1.1 - https:\/\/yoast.com\/wordpress\/plugins\/seo\/ -->\n<title>Web de la semana - Carlos Fern\u00e1ndez Ace\u00f1a | HRTRENDS<\/title>\n<meta name=\"robots\" content=\"index, follow, max-snippet:-1, max-image-preview:large, max-video-preview:-1\" \/>\n<link rel=\"canonical\" href=\"https:\/\/empresas.infoempleo.com\/hrtrends\/web-de-la-semana-carlos-fernandez-acena\/\" \/>\n<meta property=\"og:locale\" content=\"es_ES\" \/>\n<meta property=\"og:type\" content=\"article\" \/>\n<meta property=\"og:title\" content=\"Web de la semana - Carlos Fern\u00e1ndez Ace\u00f1a | HRTRENDS\" \/>\n<meta property=\"og:description\" content=\"Esta es la web personal destacada de la semana, su autor es Carlos Fern\u00e1ndez Ace\u00f1a, especialista en Marketing. Leer m\u00e1s\" \/>\n<meta property=\"og:url\" content=\"https:\/\/empresas.infoempleo.com\/hrtrends\/web-de-la-semana-carlos-fernandez-acena\/\" \/>\n<meta property=\"og:site_name\" content=\"HRTRENDS\" \/>\n<meta property=\"article:publisher\" content=\"https:\/\/www.facebook.com\/Infoempleo\" \/>\n<meta property=\"article:published_time\" content=\"2010-03-22T08:18:13+00:00\" \/>\n<meta property=\"article:modified_time\" content=\"2023-03-13T17:36:53+00:00\" \/>\n<meta property=\"og:image\" content=\"https:\/\/empresas.infoempleo.com\/hrtrends\/media\/2017\/05\/pexels-photo-205508.jpg\" \/>\n\t<meta property=\"og:image:width\" content=\"1280\" \/>\n\t<meta property=\"og:image:height\" content=\"960\" \/>\n\t<meta property=\"og:image:type\" content=\"image\/jpeg\" \/>\n<meta name=\"author\" content=\"infoempleo\" \/>\n<meta name=\"twitter:card\" content=\"summary_large_image\" \/>\n<meta name=\"twitter:creator\" content=\"@infoempleo\" \/>\n<meta name=\"twitter:site\" content=\"@infoempleo\" \/>\n<meta name=\"twitter:label1\" content=\"Escrito por\" \/>\n\t<meta name=\"twitter:data1\" content=\"infoempleo\" \/>\n\t<meta name=\"twitter:label2\" content=\"Tiempo de lectura\" \/>\n\t<meta name=\"twitter:data2\" content=\"4 minutos\" \/>\n<script type=\"application\/ld+json\" class=\"yoast-schema-graph\">{\"@context\":\"https:\/\/schema.org\",\"@graph\":[{\"@type\":\"NewsArticle\",\"@id\":\"https:\/\/empresas.infoempleo.com\/hrtrends\/web-de-la-semana-carlos-fernandez-acena\/#article\",\"isPartOf\":{\"@id\":\"https:\/\/empresas.infoempleo.com\/hrtrends\/web-de-la-semana-carlos-fernandez-acena\/\"},\"author\":{\"name\":\"infoempleo\",\"@id\":\"https:\/\/empresas.infoempleo.com\/hrtrends\/#\/schema\/person\/67d3e276ffcc8b3ae0ebec816daf775a\"},\"headline\":\"Web de la semana &#8211; Carlos Fern\u00e1ndez Ace\u00f1a\",\"datePublished\":\"2010-03-22T08:18:13+00:00\",\"dateModified\":\"2023-03-13T17:36:53+00:00\",\"mainEntityOfPage\":{\"@id\":\"https:\/\/empresas.infoempleo.com\/hrtrends\/web-de-la-semana-carlos-fernandez-acena\/\"},\"wordCount\":891,\"publisher\":{\"@id\":\"https:\/\/empresas.infoempleo.com\/hrtrends\/#organization\"},\"image\":{\"@id\":\"https:\/\/empresas.infoempleo.com\/hrtrends\/web-de-la-semana-carlos-fernandez-acena\/#primaryimage\"},\"thumbnailUrl\":\"https:\/\/empresas.infoempleo.com\/hrtrends\/media\/2017\/05\/pexels-photo-205508.jpg\",\"keywords\":[\"p\u00e1gina de la semana\",\"P\u00e1ginas personales\",\"web de la semana\",\"web personal\"],\"articleSection\":[\"Actualidad\"],\"inLanguage\":\"es\",\"copyrightYear\":\"2010\",\"copyrightHolder\":{\"@id\":\"https:\/\/empresas.infoempleo.com\/hrtrends\/#organization\"}},{\"@type\":\"WebPage\",\"@id\":\"https:\/\/empresas.infoempleo.com\/hrtrends\/web-de-la-semana-carlos-fernandez-acena\/\",\"url\":\"https:\/\/empresas.infoempleo.com\/hrtrends\/web-de-la-semana-carlos-fernandez-acena\/\",\"name\":\"Web de la semana - Carlos Fern\u00e1ndez Ace\u00f1a | HRTRENDS\",\"isPartOf\":{\"@id\":\"https:\/\/empresas.infoempleo.com\/hrtrends\/#website\"},\"primaryImageOfPage\":{\"@id\":\"https:\/\/empresas.infoempleo.com\/hrtrends\/web-de-la-semana-carlos-fernandez-acena\/#primaryimage\"},\"image\":{\"@id\":\"https:\/\/empresas.infoempleo.com\/hrtrends\/web-de-la-semana-carlos-fernandez-acena\/#primaryimage\"},\"thumbnailUrl\":\"https:\/\/empresas.infoempleo.com\/hrtrends\/media\/2017\/05\/pexels-photo-205508.jpg\",\"datePublished\":\"2010-03-22T08:18:13+00:00\",\"dateModified\":\"2023-03-13T17:36:53+00:00\",\"breadcrumb\":{\"@id\":\"https:\/\/empresas.infoempleo.com\/hrtrends\/web-de-la-semana-carlos-fernandez-acena\/#breadcrumb\"},\"inLanguage\":\"es\",\"potentialAction\":[{\"@type\":\"ReadAction\",\"target\":[\"https:\/\/empresas.infoempleo.com\/hrtrends\/web-de-la-semana-carlos-fernandez-acena\/\"]}]},{\"@type\":\"ImageObject\",\"inLanguage\":\"es\",\"@id\":\"https:\/\/empresas.infoempleo.com\/hrtrends\/web-de-la-semana-carlos-fernandez-acena\/#primaryimage\",\"url\":\"https:\/\/empresas.infoempleo.com\/hrtrends\/media\/2017\/05\/pexels-photo-205508-150x150.jpg\",\"contentUrl\":\"https:\/\/empresas.infoempleo.com\/hrtrends\/media\/2017\/05\/pexels-photo-205508-150x150.jpg\",\"width\":150,\"height\":150},{\"@type\":\"BreadcrumbList\",\"@id\":\"https:\/\/empresas.infoempleo.com\/hrtrends\/web-de-la-semana-carlos-fernandez-acena\/#breadcrumb\",\"itemListElement\":[{\"@type\":\"ListItem\",\"position\":1,\"name\":\"Portada\",\"item\":\"https:\/\/empresas.infoempleo.com\/hrtrends\/\"},{\"@type\":\"ListItem\",\"position\":2,\"name\":\"Web de la semana &#8211; Carlos Fern\u00e1ndez Ace\u00f1a\"}]},{\"@type\":\"WebSite\",\"@id\":\"https:\/\/empresas.infoempleo.com\/hrtrends\/#website\",\"url\":\"https:\/\/empresas.infoempleo.com\/hrtrends\",\"name\":\"HRTrends by Infoempleo\",\"description\":\"\",\"publisher\":{\"@id\":\"https:\/\/empresas.infoempleo.com\/hrtrends\/#organization\"},\"potentialAction\":{\"@type\":\"SearchAction\",\"target\":\"https:\/\/empresas.infoempleo.com\/hrtrends\/?s={search_term_string}\",\"query-input\":\"required name=search_term_string\"},\"inLanguage\":\"es\"},{\"@type\":\"Organization\",\"@id\":\"https:\/\/empresas.infoempleo.com\/hrtrends\/#organization\",\"name\":\"Infoempleo\",\"url\":\"https:\/\/www.infoempleo.com\/\",\"logo\":{\"@type\":\"ImageObject\",\"@id\":\"https:\/\/empresas.infoempleo.com\/hrtrends\/#logo\",\"inLanguage\":\"es\",\"url\":\"https:\/\/cdnazure.infoempleo.com\/infoempleo\/assets\/style\/gfx\/logo.svg\",\"contentUrl\":\"https:\/\/cdnazure.infoempleo.com\/infoempleo\/assets\/style\/gfx\/logo.svg\",\"width\":150,\"height\":40,\"caption\":\"Infoempleo\"},\"image\":{\"@id\":\"https:\/\/empresas.infoempleo.com\/hrtrends\/#logo\"},\"sameAs\":[\"https:\/\/www.facebook.com\/Infoempleo\",\"https:\/\/x.com\/infoempleo\",\"http:\/\/instagram.com\/infoempleo\/\",\"http:\/\/www.linkedin.com\/groups\/Empleo-Espa\u00f1a-Infoempleocom-111276\",\"http:\/\/pinterest.com\/infoempleo\/\"],\"address\":{\"@type\":\"PostalAddress\",\"addressLocality\":\"Madrid\",\"postalCode\":\"28050\",\"streetAddress\":\"Avenida de Burgos 114\"},\"brand\":[\"Infoempleo\"]},{\"@type\":\"Person\",\"@id\":\"https:\/\/empresas.infoempleo.com\/hrtrends\/#\/schema\/person\/67d3e276ffcc8b3ae0ebec816daf775a\",\"name\":\"infoempleo\",\"image\":{\"@type\":\"ImageObject\",\"inLanguage\":\"es\",\"@id\":\"https:\/\/empresas.infoempleo.com\/hrtrends\/#\/schema\/person\/image\/\",\"url\":\"https:\/\/secure.gravatar.com\/avatar\/7b437777242fe67d2473c2a818da2344692d1ee91e91080ccffbd97bcd4a0975?s=96&d=mm&r=g\",\"contentUrl\":\"https:\/\/secure.gravatar.com\/avatar\/7b437777242fe67d2473c2a818da2344692d1ee91e91080ccffbd97bcd4a0975?s=96&d=mm&r=g\",\"caption\":\"infoempleo\"},\"url\":\"https:\/\/empresas.infoempleo.com\/hrtrends\/author\/infoempleo\/\"}]}<\/script>\n<!-- \/ Yoast SEO plugin. -->","yoast_head_json":{"title":"Web de la semana - Carlos Fern\u00e1ndez Ace\u00f1a | HRTRENDS","robots":{"index":"index","follow":"follow","max-snippet":"max-snippet:-1","max-image-preview":"max-image-preview:large","max-video-preview":"max-video-preview:-1"},"canonical":"https:\/\/empresas.infoempleo.com\/hrtrends\/web-de-la-semana-carlos-fernandez-acena\/","og_locale":"es_ES","og_type":"article","og_title":"Web de la semana - Carlos Fern\u00e1ndez Ace\u00f1a | HRTRENDS","og_description":"Esta es la web personal destacada de la semana, su autor es Carlos Fern\u00e1ndez Ace\u00f1a, especialista en Marketing. Leer m\u00e1s","og_url":"https:\/\/empresas.infoempleo.com\/hrtrends\/web-de-la-semana-carlos-fernandez-acena\/","og_site_name":"HRTRENDS","article_publisher":"https:\/\/www.facebook.com\/Infoempleo","article_published_time":"2010-03-22T08:18:13+00:00","article_modified_time":"2023-03-13T17:36:53+00:00","og_image":[{"width":1280,"height":960,"url":"https:\/\/empresas.infoempleo.com\/hrtrends\/media\/2017\/05\/pexels-photo-205508.jpg","type":"image\/jpeg"}],"author":"infoempleo","twitter_card":"summary_large_image","twitter_creator":"@infoempleo","twitter_site":"@infoempleo","twitter_misc":{"Escrito por":"infoempleo","Tiempo de lectura":"4 minutos"},"schema":{"@context":"https:\/\/schema.org","@graph":[{"@type":"NewsArticle","@id":"https:\/\/empresas.infoempleo.com\/hrtrends\/web-de-la-semana-carlos-fernandez-acena\/#article","isPartOf":{"@id":"https:\/\/empresas.infoempleo.com\/hrtrends\/web-de-la-semana-carlos-fernandez-acena\/"},"author":{"name":"infoempleo","@id":"https:\/\/empresas.infoempleo.com\/hrtrends\/#\/schema\/person\/67d3e276ffcc8b3ae0ebec816daf775a"},"headline":"Web de la semana &#8211; Carlos Fern\u00e1ndez Ace\u00f1a","datePublished":"2010-03-22T08:18:13+00:00","dateModified":"2023-03-13T17:36:53+00:00","mainEntityOfPage":{"@id":"https:\/\/empresas.infoempleo.com\/hrtrends\/web-de-la-semana-carlos-fernandez-acena\/"},"wordCount":891,"publisher":{"@id":"https:\/\/empresas.infoempleo.com\/hrtrends\/#organization"},"image":{"@id":"https:\/\/empresas.infoempleo.com\/hrtrends\/web-de-la-semana-carlos-fernandez-acena\/#primaryimage"},"thumbnailUrl":"https:\/\/empresas.infoempleo.com\/hrtrends\/media\/2017\/05\/pexels-photo-205508.jpg","keywords":["p\u00e1gina de la semana","P\u00e1ginas personales","web de la semana","web personal"],"articleSection":["Actualidad"],"inLanguage":"es","copyrightYear":"2010","copyrightHolder":{"@id":"https:\/\/empresas.infoempleo.com\/hrtrends\/#organization"}},{"@type":"WebPage","@id":"https:\/\/empresas.infoempleo.com\/hrtrends\/web-de-la-semana-carlos-fernandez-acena\/","url":"https:\/\/empresas.infoempleo.com\/hrtrends\/web-de-la-semana-carlos-fernandez-acena\/","name":"Web de la semana - Carlos Fern\u00e1ndez Ace\u00f1a | HRTRENDS","isPartOf":{"@id":"https:\/\/empresas.infoempleo.com\/hrtrends\/#website"},"primaryImageOfPage":{"@id":"https:\/\/empresas.infoempleo.com\/hrtrends\/web-de-la-semana-carlos-fernandez-acena\/#primaryimage"},"image":{"@id":"https:\/\/empresas.infoempleo.com\/hrtrends\/web-de-la-semana-carlos-fernandez-acena\/#primaryimage"},"thumbnailUrl":"https:\/\/empresas.infoempleo.com\/hrtrends\/media\/2017\/05\/pexels-photo-205508.jpg","datePublished":"2010-03-22T08:18:13+00:00","dateModified":"2023-03-13T17:36:53+00:00","breadcrumb":{"@id":"https:\/\/empresas.infoempleo.com\/hrtrends\/web-de-la-semana-carlos-fernandez-acena\/#breadcrumb"},"inLanguage":"es","potentialAction":[{"@type":"ReadAction","target":["https:\/\/empresas.infoempleo.com\/hrtrends\/web-de-la-semana-carlos-fernandez-acena\/"]}]},{"@type":"ImageObject","inLanguage":"es","@id":"https:\/\/empresas.infoempleo.com\/hrtrends\/web-de-la-semana-carlos-fernandez-acena\/#primaryimage","url":"https:\/\/empresas.infoempleo.com\/hrtrends\/media\/2017\/05\/pexels-photo-205508-150x150.jpg","contentUrl":"https:\/\/empresas.infoempleo.com\/hrtrends\/media\/2017\/05\/pexels-photo-205508-150x150.jpg","width":150,"height":150},{"@type":"BreadcrumbList","@id":"https:\/\/empresas.infoempleo.com\/hrtrends\/web-de-la-semana-carlos-fernandez-acena\/#breadcrumb","itemListElement":[{"@type":"ListItem","position":1,"name":"Portada","item":"https:\/\/empresas.infoempleo.com\/hrtrends\/"},{"@type":"ListItem","position":2,"name":"Web de la semana &#8211; Carlos Fern\u00e1ndez Ace\u00f1a"}]},{"@type":"WebSite","@id":"https:\/\/empresas.infoempleo.com\/hrtrends\/#website","url":"https:\/\/empresas.infoempleo.com\/hrtrends","name":"HRTrends by Infoempleo","description":"","publisher":{"@id":"https:\/\/empresas.infoempleo.com\/hrtrends\/#organization"},"potentialAction":{"@type":"SearchAction","target":"https:\/\/empresas.infoempleo.com\/hrtrends\/?s={search_term_string}","query-input":"required name=search_term_string"},"inLanguage":"es"},{"@type":"Organization","@id":"https:\/\/empresas.infoempleo.com\/hrtrends\/#organization","name":"Infoempleo","url":"https:\/\/www.infoempleo.com\/","logo":{"@type":"ImageObject","@id":"https:\/\/empresas.infoempleo.com\/hrtrends\/#logo","inLanguage":"es","url":"https:\/\/cdnazure.infoempleo.com\/infoempleo\/assets\/style\/gfx\/logo.svg","contentUrl":"https:\/\/cdnazure.infoempleo.com\/infoempleo\/assets\/style\/gfx\/logo.svg","width":150,"height":40,"caption":"Infoempleo"},"image":{"@id":"https:\/\/empresas.infoempleo.com\/hrtrends\/#logo"},"sameAs":["https:\/\/www.facebook.com\/Infoempleo","https:\/\/x.com\/infoempleo","http:\/\/instagram.com\/infoempleo\/","http:\/\/www.linkedin.com\/groups\/Empleo-Espa\u00f1a-Infoempleocom-111276","http:\/\/pinterest.com\/infoempleo\/"],"address":{"@type":"PostalAddress","addressLocality":"Madrid","postalCode":"28050","streetAddress":"Avenida de Burgos 114"},"brand":["Infoempleo"]},{"@type":"Person","@id":"https:\/\/empresas.infoempleo.com\/hrtrends\/#\/schema\/person\/67d3e276ffcc8b3ae0ebec816daf775a","name":"infoempleo","image":{"@type":"ImageObject","inLanguage":"es","@id":"https:\/\/empresas.infoempleo.com\/hrtrends\/#\/schema\/person\/image\/","url":"https:\/\/secure.gravatar.com\/avatar\/7b437777242fe67d2473c2a818da2344692d1ee91e91080ccffbd97bcd4a0975?s=96&d=mm&r=g","contentUrl":"https:\/\/secure.gravatar.com\/avatar\/7b437777242fe67d2473c2a818da2344692d1ee91e91080ccffbd97bcd4a0975?s=96&d=mm&r=g","caption":"infoempleo"},"url":"https:\/\/empresas.infoempleo.com\/hrtrends\/author\/infoempleo\/"}]}},"amp_enabled":true,"_links":{"self":[{"href":"https:\/\/empresas.infoempleo.com\/hrtrends\/wp-json\/wp\/v2\/posts\/8018","targetHints":{"allow":["GET"]}}],"collection":[{"href":"https:\/\/empresas.infoempleo.com\/hrtrends\/wp-json\/wp\/v2\/posts"}],"about":[{"href":"https:\/\/empresas.infoempleo.com\/hrtrends\/wp-json\/wp\/v2\/types\/post"}],"author":[{"embeddable":true,"href":"https:\/\/empresas.infoempleo.com\/hrtrends\/wp-json\/wp\/v2\/users\/72"}],"replies":[{"embeddable":true,"href":"https:\/\/empresas.infoempleo.com\/hrtrends\/wp-json\/wp\/v2\/comments?post=8018"}],"version-history":[{"count":2,"href":"https:\/\/empresas.infoempleo.com\/hrtrends\/wp-json\/wp\/v2\/posts\/8018\/revisions"}],"predecessor-version":[{"id":43461,"href":"https:\/\/empresas.infoempleo.com\/hrtrends\/wp-json\/wp\/v2\/posts\/8018\/revisions\/43461"}],"wp:featuredmedia":[{"embeddable":true,"href":"https:\/\/empresas.infoempleo.com\/hrtrends\/wp-json\/wp\/v2\/media\/29665"}],"wp:attachment":[{"href":"https:\/\/empresas.infoempleo.com\/hrtrends\/wp-json\/wp\/v2\/media?parent=8018"}],"wp:term":[{"taxonomy":"category","embeddable":true,"href":"https:\/\/empresas.infoempleo.com\/hrtrends\/wp-json\/wp\/v2\/categories?post=8018"},{"taxonomy":"post_tag","embeddable":true,"href":"https:\/\/empresas.infoempleo.com\/hrtrends\/wp-json\/wp\/v2\/tags?post=8018"}],"curies":[{"name":"wp","href":"https:\/\/api.w.org\/{rel}","templated":true}]}}