{"id":7971,"date":"2010-03-22T09:10:37","date_gmt":"2010-03-22T08:10:37","guid":{"rendered":"http:\/\/blog.infoempleo.com\/?p=7971"},"modified":"2025-09-23T12:01:39","modified_gmt":"2025-09-23T10:01:39","slug":"doctores-que-dan-el-salto-a-la-empresa","status":"publish","type":"post","link":"https:\/\/empresas.infoempleo.com\/hrtrends\/doctores-que-dan-el-salto-a-la-empresa\/","title":{"rendered":"Doctores que dan el salto a la empresa"},"content":{"rendered":"<p style=\"text-align: center\">\n<p>En el curso 2007-08, el \u00faltimo que recogen las estad\u00edsticas universitarias del Ministerio de Educaci\u00f3n, hab\u00eda <strong>77.654 estudiantes de doctorado en Espa\u00f1a<\/strong>. Un a\u00f1o antes, se leyeron 7.235 tesis, el 35% de las cuales estaba firmada por investigadores de entre 30 y 34 a\u00f1os que invirtieron no menos de cuatro en su elaboraci\u00f3n. Si recordamos que, en la d\u00e9cada de los ochenta, Espa\u00f1a apenas \u2018produc\u00eda\u2019 doctores en sus universidades, deber\u00edamos celebrar estos datos, porque remiten a una poblaci\u00f3n con un creciente nivel de cualificaci\u00f3n.<\/p>\n<p>Sin embargo, el pa\u00eds que invierte en esa materia gris no es capaz de aprovecharla al m\u00e1ximo para mejorar un sistema productivo donde los sectores de alta tecnolog\u00eda, como el farmac\u00e9utico o el aeroespacial, apenas si representan el 1% del Producto Interior Bruto y el n\u00famero de empresas que basa su competitividad en la investigaci\u00f3n propia est\u00e1 en torno a las once mil. Todas ellas se nutren de ese <strong>15,7% de doctores que trabaja en el sector privado<\/strong>. Seg\u00fan una <a class=\"wp-caption-dd\" title=\"INE\" href=\"https:\/\/www.ine.es\/prensa\/np509.pdf\" target=\"_blank\" rel=\"noopener\">encuesta<\/a> realizada por el Instituto Nacional de Estad\u00edstica entre aquellos que obtuvieron su t\u00edtulo entre los a\u00f1os 1990 y 2006, este porcentaje se elevar\u00eda hasta el 20% si sumamos a las fundaciones. El resto trabaja para el Estado, ya sea en las universidades (44,4%) o en la Administraci\u00f3n (35,8%). \u00abHoy generamos muchos doctores, pero no podemos absorberlos a todos. Por eso tenemos que ser responsables y facilitar su incorporaci\u00f3n a la empresa privada\u00bb, dice <strong>Ana Ripoll<\/strong>, rectora de la Universidad Aut\u00f3noma de Barcelona y presidenta de la Alianza 4 Universidades, que tambi\u00e9n integran la Pompeu Fabra, la Carlos III y la Aut\u00f3noma de Madrid.<\/p>\n<p>Las cuatro pondr\u00e1n en marcha el pr\u00f3ximo curso un <a class=\"wp-caption-dd\" title=\"Alianza 4 Universidades\" href=\"https:\/\/www.uab.cat\/web\/actualitat-1345828728103.html\" target=\"_blank\" rel=\"noopener\">programa<\/a> de formaci\u00f3n para doctores que incluye gesti\u00f3n de proyectos, innovaci\u00f3n y competencias directivas. \u00abEstos <strong>contenidos han sido fijados por empresas<\/strong> e instituciones. Convocamos a organizaciones de todos los \u00e1mbitos a un \u2018focus group\u2019 y entre todas definieron esa formaci\u00f3n transversal que, aparte de la m\u00e1s espec\u00edfica, necesitan los investigadores para encajar en ellas\u00bb, explica Ripoll.<\/p>\n<h3>Centros tecnol\u00f3gicos<\/h3>\n<p><strong>Susana Pablo<\/strong> lleva tres a\u00f1os investigando el mercado de trabajo de los doctores en Espa\u00f1a, tema de la tesis doctoral que prepara en el CSIC (Centro Superior de Investigaciones Cient\u00edficas). Su trabajo se basa en los centros tecnol\u00f3gicos, espacios que han propiciado un nuevo modelo de formaci\u00f3n a doctores porque aportan una visi\u00f3n m\u00e1s \u2018aplicable\u2019 a la empresa. \u00ab<strong>Cuando les pregunto qu\u00e9 reformas har\u00edan en los estudios de doctorado, me hablan de la necesidad de hacer distintos itinerarios<\/strong>: el habitual, enfocado a la carrera acad\u00e9mica, y otro nuevo, con un car\u00e1cter m\u00e1s aplicado, donde tambi\u00e9n se ense\u00f1en habilidades de gesti\u00f3n&#8230;\u00bb.<\/p>\n<p><strong>Andr\u00e9s Hurtado<\/strong>, nombre bajo el que prefiere ocultar su identidad un doctor en Qu\u00edmicas, trabaja desde hace tres meses en un centro tecnol\u00f3gico gracias al programa Torres Quevedo, <strong>que incentiva la contrataci\u00f3n de doctores y tecn\u00f3logos en empresas con proyectos de I+D<\/strong>. El balance de Andr\u00e9s es \u00abbastante positivo\u00bb, pero su prop\u00f3sito es volver al sector p\u00fablico, donde se doctor\u00f3. \u00abEn realidad, las empresas espa\u00f1olas no hacen investigaci\u00f3n, porque consideran que es un gasto, no una inversi\u00f3n \u2014asegura\u2014. No se dan cuenta de que el dinero que metan hoy generar\u00e1 una respuesta dentro de 15 o 20 a\u00f1os\u00bb.<\/p>\n<p>Hurtado, adem\u00e1s, no cree que los doctores tengan problemas de adaptaci\u00f3n al contexto empresarial. Asimismo, no se muestra partidario de ampliar sus funciones con tal de facilitar su desembarco en la empresa. \u00abTampoco se puede pretender que una misma persona investigue, publique, asuma tareas de desarrollo y gesti\u00f3n, y que todo lo haga en un horario razonable\u00bb.<\/p>\n<p>La tendencia, sin embargo, pasa por ampliar las tradicionales funciones que hasta ahora desempe\u00f1aba un investigador al uso. Instituciones y universidades se ponen manos a la obra y hacen un gui\u00f1o a las empresas para que se fijen en sus muchachos, esos doctores magn\u00edficos con los que no se pueden quedar. <strong>Federico Baeza<\/strong>, subdirector general de la <a class=\"wp-caption-dd\" title=\"Fundaci\u00f3n Cotec\" href=\"https:\/\/www.cotec.es\/\" target=\"_blank\" rel=\"noopener\">Fundaci\u00f3n Cotec<\/a>, particip\u00f3 en 1997 en la puesta en marcha de la <strong>Acci\u00f3n IDE, un programa precursor del Torres Quevedo que incentivaba a las empresas, mediante ayudas financieras, a contratar doctores de reciente graduaci\u00f3n<\/strong>. Siete de cada diez contratados prolongaron su relaci\u00f3n laboral m\u00e1s all\u00e1 del programa. \u00abA veces se produce un choque muy grande cuando llegan a la empresa. Cuando hicimos la Acci\u00f3n IDE, vimos que un porcentaje muy peque\u00f1o, que no llegaba al 5%, volv\u00eda al entorno acad\u00e9mico. L\u00f3gico, cuando uno no conoce otras cosas, sus \u00fanicas aspiraciones se encuentran en su entorno. S\u00f3lo los extremadamente emprendedores se atreven a dar el salto\u00bb, sostiene Baeza, muy partidario de acercar ese entorno empresarial a trav\u00e9s de cursos.<\/p>\n<p>El programa Doctores para la Empresa, que puso en marcha en 2007 el Instituto de Desarrollo Econ\u00f3mico del Principado de Asturias, se encarga precisamente de eso. Un <strong>curso sobre valores y cultura empresarial<\/strong> de cien horas de duraci\u00f3n se completa con un plan de aprendizaje individual o \u2018coaching\u2019 que insiste en el desarrollo de habilidades sociales en la empresa. \u00abDe los 12 que participaron en la primera edici\u00f3n, cinco est\u00e1n en el sector privado. En esta segunda edici\u00f3n, que estamos a punto de concluir, detectamos m\u00e1s posibilidades de inserci\u00f3n\u00bb, comenta <strong>Ana S\u00e1nchez<\/strong>, directora de Desarrollo Corporativo de FENA Business School, la escuela asturiana a cuyo cargo corre la formaci\u00f3n.<\/p>\n<p>La <strong>Junta de Andaluc\u00eda<\/strong> tambi\u00e9n auspicia, desde hace siete a\u00f1os, unas \u2018jornadas doctorales\u2019 que incluyen formaci\u00f3n y visitas a empresas para mejorar la inserci\u00f3n laboral de este colectivo. Con id\u00e9ntico prop\u00f3sito se programaron este curso las \u2018Jornadas para futuros doctores\u2019 en <strong>Catalu\u00f1a<\/strong>.<\/p>\n<p>Y, del 3 al 12 de mayo, la <a class=\"wp-caption-dd\" title=\"FUE\" href=\"https:\/\/www.fue.es\/\" target=\"_blank\" rel=\"noopener\">Fundaci\u00f3n Universidad-Empresa <\/a>impartir\u00e1 la edici\u00f3n vig\u00e9simo cuarta de su seminario de estrategia profesional, por el que ya han pasado 442 alumnos.<\/p>\n","protected":false},"excerpt":{"rendered":"<p>Conscientes de que no pueden quedarse con todos, universidades e instituciones forman en habilidades y competencias a sus investigadores para facilitar su tr\u00e1nsito al sector privado.<\/p>\n","protected":false},"author":34,"featured_media":29665,"comment_status":"closed","ping_status":"open","sticky":false,"template":"","format":"standard","meta":{"footnotes":""},"categories":[3],"tags":[1342,591,1345,1346,494,1348,1349,1350,1351],"class_list":["post-7971","post","type-post","status-publish","format-standard","has-post-thumbnail","hentry","category-actualidad","tag-csic","tag-doctores","tag-fundacion-cotec","tag-fundacion-universidad-empresa","tag-id","tag-investigacion","tag-investigadores","tag-sector-privado","tag-susana-pablo"],"yoast_head":"<!-- This site is optimized with the Yoast SEO plugin v26.1.1 - https:\/\/yoast.com\/wordpress\/plugins\/seo\/ -->\n<title>Doctores que dan el salto a la empresa | HRTRENDS<\/title>\n<meta name=\"robots\" content=\"index, follow, max-snippet:-1, max-image-preview:large, max-video-preview:-1\" \/>\n<link rel=\"canonical\" href=\"https:\/\/empresas.infoempleo.com\/hrtrends\/doctores-que-dan-el-salto-a-la-empresa\/\" \/>\n<meta property=\"og:locale\" content=\"es_ES\" \/>\n<meta property=\"og:type\" content=\"article\" \/>\n<meta property=\"og:title\" content=\"Doctores que dan el salto a la empresa | HRTRENDS\" \/>\n<meta property=\"og:description\" content=\"Conscientes de que no pueden quedarse con todos, universidades e instituciones forman en habilidades y competencias a sus investigadores para facilitar su tr\u00e1nsito al sector privado.\" \/>\n<meta property=\"og:url\" content=\"https:\/\/empresas.infoempleo.com\/hrtrends\/doctores-que-dan-el-salto-a-la-empresa\/\" \/>\n<meta property=\"og:site_name\" content=\"HRTRENDS\" \/>\n<meta property=\"article:publisher\" content=\"https:\/\/www.facebook.com\/Infoempleo\" \/>\n<meta property=\"article:published_time\" content=\"2010-03-22T08:10:37+00:00\" \/>\n<meta property=\"article:modified_time\" content=\"2025-09-23T10:01:39+00:00\" \/>\n<meta name=\"author\" content=\"Rosario Sep\u00falveda\" \/>\n<meta name=\"twitter:card\" content=\"summary_large_image\" \/>\n<meta name=\"twitter:creator\" content=\"@infoempleo\" \/>\n<meta name=\"twitter:site\" content=\"@infoempleo\" \/>\n<meta name=\"twitter:label1\" content=\"Escrito por\" \/>\n\t<meta name=\"twitter:data1\" content=\"Rosario Sep\u00falveda\" \/>\n\t<meta name=\"twitter:label2\" content=\"Tiempo de lectura\" \/>\n\t<meta name=\"twitter:data2\" content=\"5 minutos\" \/>\n<script type=\"application\/ld+json\" class=\"yoast-schema-graph\">{\"@context\":\"https:\/\/schema.org\",\"@graph\":[{\"@type\":\"NewsArticle\",\"@id\":\"https:\/\/empresas.infoempleo.com\/hrtrends\/doctores-que-dan-el-salto-a-la-empresa\/#article\",\"isPartOf\":{\"@id\":\"https:\/\/empresas.infoempleo.com\/hrtrends\/doctores-que-dan-el-salto-a-la-empresa\/\"},\"author\":{\"name\":\"Rosario Sep\u00falveda\",\"@id\":\"https:\/\/empresas.infoempleo.com\/hrtrends\/#\/schema\/person\/2a45835f1492cbc7fbce11ad398707a8\"},\"headline\":\"Doctores que dan el salto a la empresa\",\"datePublished\":\"2010-03-22T08:10:37+00:00\",\"dateModified\":\"2025-09-23T10:01:39+00:00\",\"mainEntityOfPage\":{\"@id\":\"https:\/\/empresas.infoempleo.com\/hrtrends\/doctores-que-dan-el-salto-a-la-empresa\/\"},\"wordCount\":1034,\"publisher\":{\"@id\":\"https:\/\/empresas.infoempleo.com\/hrtrends\/#organization\"},\"image\":{\"@id\":\"https:\/\/empresas.infoempleo.com\/hrtrends\/doctores-que-dan-el-salto-a-la-empresa\/#primaryimage\"},\"thumbnailUrl\":\"https:\/\/empresas.infoempleo.com\/hrtrends\/media\/2017\/05\/pexels-photo-205508.jpg\",\"keywords\":[\"CSIC\",\"doctores\",\"Fundaci\u00f3n Cotec\",\"Fundaci\u00f3n Universidad Empresa\",\"I+D\",\"investigaci\u00f3n\",\"investigadores\",\"sector privado\",\"Susana Pablo\"],\"articleSection\":[\"Actualidad\"],\"inLanguage\":\"es\",\"copyrightYear\":\"2010\",\"copyrightHolder\":{\"@id\":\"https:\/\/empresas.infoempleo.com\/hrtrends\/#organization\"}},{\"@type\":\"WebPage\",\"@id\":\"https:\/\/empresas.infoempleo.com\/hrtrends\/doctores-que-dan-el-salto-a-la-empresa\/\",\"url\":\"https:\/\/empresas.infoempleo.com\/hrtrends\/doctores-que-dan-el-salto-a-la-empresa\/\",\"name\":\"Doctores que dan el salto a la empresa | HRTRENDS\",\"isPartOf\":{\"@id\":\"https:\/\/empresas.infoempleo.com\/hrtrends\/#website\"},\"primaryImageOfPage\":{\"@id\":\"https:\/\/empresas.infoempleo.com\/hrtrends\/doctores-que-dan-el-salto-a-la-empresa\/#primaryimage\"},\"image\":{\"@id\":\"https:\/\/empresas.infoempleo.com\/hrtrends\/doctores-que-dan-el-salto-a-la-empresa\/#primaryimage\"},\"thumbnailUrl\":\"https:\/\/empresas.infoempleo.com\/hrtrends\/media\/2017\/05\/pexels-photo-205508.jpg\",\"datePublished\":\"2010-03-22T08:10:37+00:00\",\"dateModified\":\"2025-09-23T10:01:39+00:00\",\"breadcrumb\":{\"@id\":\"https:\/\/empresas.infoempleo.com\/hrtrends\/doctores-que-dan-el-salto-a-la-empresa\/#breadcrumb\"},\"inLanguage\":\"es\",\"potentialAction\":[{\"@type\":\"ReadAction\",\"target\":[\"https:\/\/empresas.infoempleo.com\/hrtrends\/doctores-que-dan-el-salto-a-la-empresa\/\"]}]},{\"@type\":\"ImageObject\",\"inLanguage\":\"es\",\"@id\":\"https:\/\/empresas.infoempleo.com\/hrtrends\/doctores-que-dan-el-salto-a-la-empresa\/#primaryimage\",\"url\":\"https:\/\/empresas.infoempleo.com\/hrtrends\/media\/2017\/05\/pexels-photo-205508-150x150.jpg\",\"contentUrl\":\"https:\/\/empresas.infoempleo.com\/hrtrends\/media\/2017\/05\/pexels-photo-205508-150x150.jpg\",\"width\":150,\"height\":150},{\"@type\":\"BreadcrumbList\",\"@id\":\"https:\/\/empresas.infoempleo.com\/hrtrends\/doctores-que-dan-el-salto-a-la-empresa\/#breadcrumb\",\"itemListElement\":[{\"@type\":\"ListItem\",\"position\":1,\"name\":\"Portada\",\"item\":\"https:\/\/empresas.infoempleo.com\/hrtrends\/\"},{\"@type\":\"ListItem\",\"position\":2,\"name\":\"Doctores que dan el salto a la empresa\"}]},{\"@type\":\"WebSite\",\"@id\":\"https:\/\/empresas.infoempleo.com\/hrtrends\/#website\",\"url\":\"https:\/\/empresas.infoempleo.com\/hrtrends\",\"name\":\"HRTrends by Infoempleo\",\"description\":\"\",\"publisher\":{\"@id\":\"https:\/\/empresas.infoempleo.com\/hrtrends\/#organization\"},\"potentialAction\":{\"@type\":\"SearchAction\",\"target\":\"https:\/\/empresas.infoempleo.com\/hrtrends\/?s={search_term_string}\",\"query-input\":\"required name=search_term_string\"},\"inLanguage\":\"es\"},{\"@type\":\"Organization\",\"@id\":\"https:\/\/empresas.infoempleo.com\/hrtrends\/#organization\",\"name\":\"Infoempleo\",\"url\":\"https:\/\/www.infoempleo.com\/\",\"logo\":{\"@type\":\"ImageObject\",\"@id\":\"https:\/\/empresas.infoempleo.com\/hrtrends\/#logo\",\"inLanguage\":\"es\",\"url\":\"https:\/\/cdnazure.infoempleo.com\/infoempleo\/assets\/style\/gfx\/logo.svg\",\"contentUrl\":\"https:\/\/cdnazure.infoempleo.com\/infoempleo\/assets\/style\/gfx\/logo.svg\",\"width\":150,\"height\":40,\"caption\":\"Infoempleo\"},\"image\":{\"@id\":\"https:\/\/empresas.infoempleo.com\/hrtrends\/#logo\"},\"sameAs\":[\"https:\/\/www.facebook.com\/Infoempleo\",\"https:\/\/x.com\/infoempleo\",\"http:\/\/instagram.com\/infoempleo\/\",\"http:\/\/www.linkedin.com\/groups\/Empleo-Espa\u00f1a-Infoempleocom-111276\",\"http:\/\/pinterest.com\/infoempleo\/\"],\"address\":{\"@type\":\"PostalAddress\",\"addressLocality\":\"Madrid\",\"postalCode\":\"28050\",\"streetAddress\":\"Avenida de Burgos 114\"},\"brand\":[\"Infoempleo\"]},{\"@type\":\"Person\",\"@id\":\"https:\/\/empresas.infoempleo.com\/hrtrends\/#\/schema\/person\/2a45835f1492cbc7fbce11ad398707a8\",\"name\":\"Rosario Sep\u00falveda\",\"image\":{\"@type\":\"ImageObject\",\"inLanguage\":\"es\",\"@id\":\"https:\/\/empresas.infoempleo.com\/hrtrends\/#\/schema\/person\/image\/\",\"url\":\"https:\/\/secure.gravatar.com\/avatar\/01b4f37da8fd0cca9ded94ad0ab4a694814c54945a7c84e54495a93ea3a90e3b?s=96&d=mm&r=g\",\"contentUrl\":\"https:\/\/secure.gravatar.com\/avatar\/01b4f37da8fd0cca9ded94ad0ab4a694814c54945a7c84e54495a93ea3a90e3b?s=96&d=mm&r=g\",\"caption\":\"Rosario Sep\u00falveda\"},\"url\":\"https:\/\/empresas.infoempleo.com\/hrtrends\/author\/rosario-sepulveda\/\"}]}<\/script>\n<!-- \/ Yoast SEO plugin. -->","yoast_head_json":{"title":"Doctores que dan el salto a la empresa | HRTRENDS","robots":{"index":"index","follow":"follow","max-snippet":"max-snippet:-1","max-image-preview":"max-image-preview:large","max-video-preview":"max-video-preview:-1"},"canonical":"https:\/\/empresas.infoempleo.com\/hrtrends\/doctores-que-dan-el-salto-a-la-empresa\/","og_locale":"es_ES","og_type":"article","og_title":"Doctores que dan el salto a la empresa | HRTRENDS","og_description":"Conscientes de que no pueden quedarse con todos, universidades e instituciones forman en habilidades y competencias a sus investigadores para facilitar su tr\u00e1nsito al sector privado.","og_url":"https:\/\/empresas.infoempleo.com\/hrtrends\/doctores-que-dan-el-salto-a-la-empresa\/","og_site_name":"HRTRENDS","article_publisher":"https:\/\/www.facebook.com\/Infoempleo","article_published_time":"2010-03-22T08:10:37+00:00","article_modified_time":"2025-09-23T10:01:39+00:00","author":"Rosario Sep\u00falveda","twitter_card":"summary_large_image","twitter_creator":"@infoempleo","twitter_site":"@infoempleo","twitter_misc":{"Escrito por":"Rosario Sep\u00falveda","Tiempo de lectura":"5 minutos"},"schema":{"@context":"https:\/\/schema.org","@graph":[{"@type":"NewsArticle","@id":"https:\/\/empresas.infoempleo.com\/hrtrends\/doctores-que-dan-el-salto-a-la-empresa\/#article","isPartOf":{"@id":"https:\/\/empresas.infoempleo.com\/hrtrends\/doctores-que-dan-el-salto-a-la-empresa\/"},"author":{"name":"Rosario Sep\u00falveda","@id":"https:\/\/empresas.infoempleo.com\/hrtrends\/#\/schema\/person\/2a45835f1492cbc7fbce11ad398707a8"},"headline":"Doctores que dan el salto a la empresa","datePublished":"2010-03-22T08:10:37+00:00","dateModified":"2025-09-23T10:01:39+00:00","mainEntityOfPage":{"@id":"https:\/\/empresas.infoempleo.com\/hrtrends\/doctores-que-dan-el-salto-a-la-empresa\/"},"wordCount":1034,"publisher":{"@id":"https:\/\/empresas.infoempleo.com\/hrtrends\/#organization"},"image":{"@id":"https:\/\/empresas.infoempleo.com\/hrtrends\/doctores-que-dan-el-salto-a-la-empresa\/#primaryimage"},"thumbnailUrl":"https:\/\/empresas.infoempleo.com\/hrtrends\/media\/2017\/05\/pexels-photo-205508.jpg","keywords":["CSIC","doctores","Fundaci\u00f3n Cotec","Fundaci\u00f3n Universidad Empresa","I+D","investigaci\u00f3n","investigadores","sector privado","Susana Pablo"],"articleSection":["Actualidad"],"inLanguage":"es","copyrightYear":"2010","copyrightHolder":{"@id":"https:\/\/empresas.infoempleo.com\/hrtrends\/#organization"}},{"@type":"WebPage","@id":"https:\/\/empresas.infoempleo.com\/hrtrends\/doctores-que-dan-el-salto-a-la-empresa\/","url":"https:\/\/empresas.infoempleo.com\/hrtrends\/doctores-que-dan-el-salto-a-la-empresa\/","name":"Doctores que dan el salto a la empresa | HRTRENDS","isPartOf":{"@id":"https:\/\/empresas.infoempleo.com\/hrtrends\/#website"},"primaryImageOfPage":{"@id":"https:\/\/empresas.infoempleo.com\/hrtrends\/doctores-que-dan-el-salto-a-la-empresa\/#primaryimage"},"image":{"@id":"https:\/\/empresas.infoempleo.com\/hrtrends\/doctores-que-dan-el-salto-a-la-empresa\/#primaryimage"},"thumbnailUrl":"https:\/\/empresas.infoempleo.com\/hrtrends\/media\/2017\/05\/pexels-photo-205508.jpg","datePublished":"2010-03-22T08:10:37+00:00","dateModified":"2025-09-23T10:01:39+00:00","breadcrumb":{"@id":"https:\/\/empresas.infoempleo.com\/hrtrends\/doctores-que-dan-el-salto-a-la-empresa\/#breadcrumb"},"inLanguage":"es","potentialAction":[{"@type":"ReadAction","target":["https:\/\/empresas.infoempleo.com\/hrtrends\/doctores-que-dan-el-salto-a-la-empresa\/"]}]},{"@type":"ImageObject","inLanguage":"es","@id":"https:\/\/empresas.infoempleo.com\/hrtrends\/doctores-que-dan-el-salto-a-la-empresa\/#primaryimage","url":"https:\/\/empresas.infoempleo.com\/hrtrends\/media\/2017\/05\/pexels-photo-205508-150x150.jpg","contentUrl":"https:\/\/empresas.infoempleo.com\/hrtrends\/media\/2017\/05\/pexels-photo-205508-150x150.jpg","width":150,"height":150},{"@type":"BreadcrumbList","@id":"https:\/\/empresas.infoempleo.com\/hrtrends\/doctores-que-dan-el-salto-a-la-empresa\/#breadcrumb","itemListElement":[{"@type":"ListItem","position":1,"name":"Portada","item":"https:\/\/empresas.infoempleo.com\/hrtrends\/"},{"@type":"ListItem","position":2,"name":"Doctores que dan el salto a la empresa"}]},{"@type":"WebSite","@id":"https:\/\/empresas.infoempleo.com\/hrtrends\/#website","url":"https:\/\/empresas.infoempleo.com\/hrtrends","name":"HRTrends by Infoempleo","description":"","publisher":{"@id":"https:\/\/empresas.infoempleo.com\/hrtrends\/#organization"},"potentialAction":{"@type":"SearchAction","target":"https:\/\/empresas.infoempleo.com\/hrtrends\/?s={search_term_string}","query-input":"required name=search_term_string"},"inLanguage":"es"},{"@type":"Organization","@id":"https:\/\/empresas.infoempleo.com\/hrtrends\/#organization","name":"Infoempleo","url":"https:\/\/www.infoempleo.com\/","logo":{"@type":"ImageObject","@id":"https:\/\/empresas.infoempleo.com\/hrtrends\/#logo","inLanguage":"es","url":"https:\/\/cdnazure.infoempleo.com\/infoempleo\/assets\/style\/gfx\/logo.svg","contentUrl":"https:\/\/cdnazure.infoempleo.com\/infoempleo\/assets\/style\/gfx\/logo.svg","width":150,"height":40,"caption":"Infoempleo"},"image":{"@id":"https:\/\/empresas.infoempleo.com\/hrtrends\/#logo"},"sameAs":["https:\/\/www.facebook.com\/Infoempleo","https:\/\/x.com\/infoempleo","http:\/\/instagram.com\/infoempleo\/","http:\/\/www.linkedin.com\/groups\/Empleo-Espa\u00f1a-Infoempleocom-111276","http:\/\/pinterest.com\/infoempleo\/"],"address":{"@type":"PostalAddress","addressLocality":"Madrid","postalCode":"28050","streetAddress":"Avenida de Burgos 114"},"brand":["Infoempleo"]},{"@type":"Person","@id":"https:\/\/empresas.infoempleo.com\/hrtrends\/#\/schema\/person\/2a45835f1492cbc7fbce11ad398707a8","name":"Rosario Sep\u00falveda","image":{"@type":"ImageObject","inLanguage":"es","@id":"https:\/\/empresas.infoempleo.com\/hrtrends\/#\/schema\/person\/image\/","url":"https:\/\/secure.gravatar.com\/avatar\/01b4f37da8fd0cca9ded94ad0ab4a694814c54945a7c84e54495a93ea3a90e3b?s=96&d=mm&r=g","contentUrl":"https:\/\/secure.gravatar.com\/avatar\/01b4f37da8fd0cca9ded94ad0ab4a694814c54945a7c84e54495a93ea3a90e3b?s=96&d=mm&r=g","caption":"Rosario Sep\u00falveda"},"url":"https:\/\/empresas.infoempleo.com\/hrtrends\/author\/rosario-sepulveda\/"}]}},"amp_enabled":true,"_links":{"self":[{"href":"https:\/\/empresas.infoempleo.com\/hrtrends\/wp-json\/wp\/v2\/posts\/7971","targetHints":{"allow":["GET"]}}],"collection":[{"href":"https:\/\/empresas.infoempleo.com\/hrtrends\/wp-json\/wp\/v2\/posts"}],"about":[{"href":"https:\/\/empresas.infoempleo.com\/hrtrends\/wp-json\/wp\/v2\/types\/post"}],"author":[{"embeddable":true,"href":"https:\/\/empresas.infoempleo.com\/hrtrends\/wp-json\/wp\/v2\/users\/34"}],"replies":[{"embeddable":true,"href":"https:\/\/empresas.infoempleo.com\/hrtrends\/wp-json\/wp\/v2\/comments?post=7971"}],"version-history":[{"count":7,"href":"https:\/\/empresas.infoempleo.com\/hrtrends\/wp-json\/wp\/v2\/posts\/7971\/revisions"}],"predecessor-version":[{"id":47051,"href":"https:\/\/empresas.infoempleo.com\/hrtrends\/wp-json\/wp\/v2\/posts\/7971\/revisions\/47051"}],"wp:featuredmedia":[{"embeddable":true,"href":"https:\/\/empresas.infoempleo.com\/hrtrends\/wp-json\/wp\/v2\/media\/29665"}],"wp:attachment":[{"href":"https:\/\/empresas.infoempleo.com\/hrtrends\/wp-json\/wp\/v2\/media?parent=7971"}],"wp:term":[{"taxonomy":"category","embeddable":true,"href":"https:\/\/empresas.infoempleo.com\/hrtrends\/wp-json\/wp\/v2\/categories?post=7971"},{"taxonomy":"post_tag","embeddable":true,"href":"https:\/\/empresas.infoempleo.com\/hrtrends\/wp-json\/wp\/v2\/tags?post=7971"}],"curies":[{"name":"wp","href":"https:\/\/api.w.org\/{rel}","templated":true}]}}