{"id":7865,"date":"2010-03-15T10:11:48","date_gmt":"2010-03-15T09:11:48","guid":{"rendered":"http:\/\/blog.infoempleo.com\/?p=7865"},"modified":"2024-08-01T16:11:53","modified_gmt":"2024-08-01T14:11:53","slug":"el-paro-castiga-con-dureza-a-los-mas-jovenes","status":"publish","type":"post","link":"https:\/\/empresas.infoempleo.com\/hrtrends\/el-paro-castiga-con-dureza-a-los-mas-jovenes\/","title":{"rendered":"El paro castiga con dureza a los m\u00e1s j\u00f3venes"},"content":{"rendered":"<p><strong>\u00a0<\/strong><\/p>\n<p style=\"text-align: center\">\n<p>\u00a0<\/p>\n<p>\u00abGeneraci\u00f3n perdida\u00bb. No es nada alentador el calificativo con el que el diario \u2018The New York Times\u2019 bautizaba a los j\u00f3venes espa\u00f1oles hace unos meses en un reportaje sobre c\u00f3mo el paro est\u00e1 castigando a esta parte de la poblaci\u00f3n en nuestro pa\u00eds. Tampoco es de extra\u00f1ar. La tasa de paro entre los menores de 25 a\u00f1os roza el 40%, seg\u00fan atestigua tanto Eurostat como la EPA. <a class=\"wp-caption-dd\" title=\"Tasa de paro juvenil\" href=\"https:\/\/www.europapress.es\/economia\/laboral-00346\/noticia-economia-laboral-tasa-paro-juvenil-espana-roza-ya-40-casi-duplica-media-ue-27-iee-20091022121041.html\" target=\"_blank\" rel=\"noopener\">Se trata de la m\u00e1s alta de Europa, duplica la media (19,7%) de los 27 <\/a>y est\u00e1 once puntos por encima de nuestra tasa de desempleo general. En el Instituto de la Juventud (<a class=\"wp-caption-dd\" title=\"INJUVE\" href=\"https:\/\/www.migualdad.es\/\" target=\"_blank\" rel=\"noopener\">Injuve<\/a>) tiran un poco m\u00e1s de la cuerda. Su director general,<strong> Gabriel Alconchel<\/strong>, cree que estos datos son a\u00fan peores si en las estad\u00edsticas se incluyen a los j\u00f3venes hasta 29 a\u00f1os. Si es as\u00ed nos encontramos con<strong> m\u00e1s de 1,2 millones de las personas que ahora mismo est\u00e1n en paro no han cumplido la treintena<\/strong>. \u00abUn joven de 19 o 20 a\u00f1os puede que est\u00e9 estudiando, pero uno de 28 es muy probable que ya tenga ciertas cargas como un cr\u00e9dito, el seguro de un coche o, incluso, una hipoteca. Por tanto, la problem\u00e1tica se alarga\u00bb, reflexiona Alconchel.<\/p>\n<p>A la hora de buscar culpables apenas hay dudas: la temporalidad y la precariedad se llevan la palma. Ambos aspectos, parad\u00f3jicamente, se agravaron durante los a\u00f1os de bonanza. En el segundo trimestre de 2005, por primera vez desde 1979, el paro se quedaba por debajo del 10%. \u00abEn esos momentos se cre\u00f3 mucho empleo, tambi\u00e9n entre la gente joven \u2014recuerda Alconchel\u2014. El problema es que era precario y con una temporalidad muy clara que alcanz\u00f3 el 60% entre los j\u00f3venes\u00bb.<\/p>\n<p>Los que iban encadenando un contrato con otro se han dado de bruces con la crisis y su par\u00f3n en la incorporaci\u00f3n de personal. Otros se encontraron con que, ante las vacas flacas, fueron los primeros en ser despedidos. Para <strong>Cristina Bermejo<\/strong>, secretaria de Juventud de CC.OO., es evidente que \u00abcon este tipo de relaciones laborales, que hoy representan el 45% frente al 25% para adultos, sean los primeros expulsados del mercado\u00bb. <strong>\u00abSale m\u00e1s barato despedirlos y, es m\u00e1s, cuatro de cada diez contratos para j\u00f3venes tienen una duraci\u00f3n inferior a los seis meses, lo que hace que el coste sea casi inexistente\u00bb<\/strong>, apostilla.<\/p>\n<p>Tambi\u00e9n de car\u00e1cter temporal era <a class=\"wp-caption-dd\" title=\"CEOE contrato\" href=\"https:\/\/www.abc.es\/20100303\/economia-laboral\/ceoe-propone-nuevo-contrato-201003030849.html\" target=\"_blank\" rel=\"noopener\">el contrato que la semana pasada propuso la CEOE<\/a>. Aunque inmediatamente se retract\u00f3 de su idea, la patronal suger\u00eda la creaci\u00f3n de un nuevo \u00abcontrato de inserci\u00f3n\u00bb para menores de 30 a\u00f1os, con una duraci\u00f3n de entre seis meses y un a\u00f1o y sin indemnizaci\u00f3n por despido. El rechazo fue tambi\u00e9n inmediato. \u00abLas opciones que ya existen para j\u00f3venes son de por s\u00ed precarias. Adem\u00e1s, hay dos modalidades para este fin\u00bb, afirma Bermejo, que se refiere al contrato en pr\u00e1cticas [se puede formalizar a cualquier persona desde el momento que termina sus estudios universitarios, de FP o posgrado hasta cuatro a\u00f1os despu\u00e9s, y contempla derechos laborales] y el contrato para la formaci\u00f3n, para candidatos que carecen de t\u00edtulos. Sin embargo, estas figuras se usan en menos de un 5% de los casos. <strong>\u00abSiempre queda el \u2018gratis total\u2019 de los becarios\u00bb<\/strong>, apunta el director del Injuve. No hay cifras exactas, pero se calcula que 200.000 j\u00f3venes se encuentran en esta situaci\u00f3n.<\/p>\n<p>Otro de los grandes problemas del paro juvenil es la dualidad de los afectados. Por un lado, comenta Alconchel, <strong>\u00abquienes abandonaron prematuramente el sistema educativo porque ten\u00edan posibilidades de cobrar un buen sueldo sin cualificaci\u00f3n<\/strong>, es lo que llamamos \u2018la hu\u00edda hacia el andamio\u2019\u00bb. Sin formaci\u00f3n y con una experiencia muy limitada, son las v\u00edctimas m\u00e1s vulnerables del mercado de trabajo: 1,4 millones de parados no tienen finalizada la educaci\u00f3n secundaria. En el otro extremo, hay muchos casos de universitarios que no encuentran empleo. \u00abO si lo encuentran \u2014apunta Cristina Bermejo\u2014, no se corresponde a su nivel formativo\u00bb. En Comisiones Obreras lo denominan \u2018infraocupaci\u00f3n\u2019 y no \u2018sobrecualificaci\u00f3n\u2019 porque \u00aba nadie le sobra formaci\u00f3n\u00bb.<\/p>\n<p>En medio de un panorama bastante negro, que empeora si tenemos en cuenta que, seg\u00fan la OIT, las posibilidades de que un joven est\u00e9 en paro triplican a las de un adulto, <strong>Extremadura deja un lugar para la esperanza<\/strong>. La regi\u00f3n, la \u00fanica de Europa con una consejer\u00eda espec\u00edfica para j\u00f3venes, ha sido la que mejor se ha comportado durante la crisis. Adem\u00e1s, seg\u00fan su Observatorio Joven de Vivienda, el desempleo juvenil retrocedi\u00f3 all\u00ed un 11,74% en 2009. \u00bfD\u00f3nde reside el secreto? El consejero de J\u00f3venes y Deportes, <strong>Carlos Javier Rodr\u00edguez<\/strong>, resuelve la duda: \u00abPodemos trabajar de manera transversal con el resto de competencias de la Junta\u00bb.<\/p>\n<p>As\u00ed, tienen programas espec\u00edficos en vivienda, ayudas para sacarse el carn\u00e9 de conducir y oficinas donde se ofrece orientaci\u00f3n laboral \u00fanicamente a los menores de 30. El Gabinete de Iniciativa Joven es otra de las variables de la ecuaci\u00f3n. Su apoyo a los emprendedores les ha valido el reconocimiento de la Comisi\u00f3n Europea. \u00abEn definitiva \u2014resume el consejero\u2014, ponemos en marcha una discriminaci\u00f3n positiva hacia los j\u00f3venes\u00bb.<\/p>\n<p>Tambi\u00e9n optimista, desde CC.OO., Bermejo piensa en el fin de la crisis:<strong> \u00abHar\u00e1 falta mano de obra y somos una potencial fuente de empleo<\/strong>. El problema ser, una vez m\u00e1s, en qu\u00e9 condiciones&#8230;\u00bb.<\/p>\n","protected":false},"excerpt":{"rendered":"<p>\u00a0 \u00a0 \u00abGeneraci\u00f3n perdida\u00bb. No es nada alentador el calificativo con el que el diario \u2018The New York<a class=\"moretag\" href=\"https:\/\/empresas.infoempleo.com\/hrtrends\/el-paro-castiga-con-dureza-a-los-mas-jovenes\/\"> Leer m\u00e1s<\/a><\/p>\n","protected":false},"author":33,"featured_media":29665,"comment_status":"closed","ping_status":"open","sticky":false,"template":"","format":"standard","meta":{"footnotes":""},"categories":[3],"tags":[33,374,401,1279,1274,1275,1276,461,16,1282],"class_list":["post-7865","post","type-post","status-publish","format-standard","has-post-thumbnail","hentry","category-actualidad","tag-desempleo","tag-europa","tag-eurostat","tag-extremadura","tag-gabriel-alconchel","tag-injuve","tag-insercion-laboral","tag-jovenes","tag-paro","tag-temporalidad"],"yoast_head":"<!-- This site is optimized with the Yoast SEO plugin v26.1.1 - https:\/\/yoast.com\/wordpress\/plugins\/seo\/ -->\n<title>El paro castiga con dureza a los m\u00e1s j\u00f3venes | HRTRENDS<\/title>\n<meta name=\"robots\" content=\"index, follow, max-snippet:-1, max-image-preview:large, max-video-preview:-1\" \/>\n<link rel=\"canonical\" href=\"https:\/\/empresas.infoempleo.com\/hrtrends\/el-paro-castiga-con-dureza-a-los-mas-jovenes\/\" \/>\n<meta property=\"og:locale\" content=\"es_ES\" \/>\n<meta property=\"og:type\" content=\"article\" \/>\n<meta property=\"og:title\" content=\"El paro castiga con dureza a los m\u00e1s j\u00f3venes | HRTRENDS\" \/>\n<meta property=\"og:description\" content=\"\u00a0 \u00a0 \u00abGeneraci\u00f3n perdida\u00bb. No es nada alentador el calificativo con el que el diario \u2018The New York Leer m\u00e1s\" \/>\n<meta property=\"og:url\" content=\"https:\/\/empresas.infoempleo.com\/hrtrends\/el-paro-castiga-con-dureza-a-los-mas-jovenes\/\" \/>\n<meta property=\"og:site_name\" content=\"HRTRENDS\" \/>\n<meta property=\"article:publisher\" content=\"https:\/\/www.facebook.com\/Infoempleo\" \/>\n<meta property=\"article:published_time\" content=\"2010-03-15T09:11:48+00:00\" \/>\n<meta property=\"article:modified_time\" content=\"2024-08-01T14:11:53+00:00\" \/>\n<meta name=\"author\" content=\"Cristina Mart\u00edn\" \/>\n<meta name=\"twitter:card\" content=\"summary_large_image\" \/>\n<meta name=\"twitter:creator\" content=\"@infoempleo\" \/>\n<meta name=\"twitter:site\" content=\"@infoempleo\" \/>\n<meta name=\"twitter:label1\" content=\"Escrito por\" \/>\n\t<meta name=\"twitter:data1\" content=\"Cristina Mart\u00edn\" \/>\n\t<meta name=\"twitter:label2\" content=\"Tiempo de lectura\" \/>\n\t<meta name=\"twitter:data2\" content=\"5 minutos\" \/>\n<script type=\"application\/ld+json\" class=\"yoast-schema-graph\">{\"@context\":\"https:\/\/schema.org\",\"@graph\":[{\"@type\":\"NewsArticle\",\"@id\":\"https:\/\/empresas.infoempleo.com\/hrtrends\/el-paro-castiga-con-dureza-a-los-mas-jovenes\/#article\",\"isPartOf\":{\"@id\":\"https:\/\/empresas.infoempleo.com\/hrtrends\/el-paro-castiga-con-dureza-a-los-mas-jovenes\/\"},\"author\":{\"name\":\"Cristina Mart\u00edn\",\"@id\":\"https:\/\/empresas.infoempleo.com\/hrtrends\/#\/schema\/person\/f211bd3f083559daff103f670fe968b8\"},\"headline\":\"El paro castiga con dureza a los m\u00e1s j\u00f3venes\",\"datePublished\":\"2010-03-15T09:11:48+00:00\",\"dateModified\":\"2024-08-01T14:11:53+00:00\",\"mainEntityOfPage\":{\"@id\":\"https:\/\/empresas.infoempleo.com\/hrtrends\/el-paro-castiga-con-dureza-a-los-mas-jovenes\/\"},\"wordCount\":936,\"publisher\":{\"@id\":\"https:\/\/empresas.infoempleo.com\/hrtrends\/#organization\"},\"image\":{\"@id\":\"https:\/\/empresas.infoempleo.com\/hrtrends\/el-paro-castiga-con-dureza-a-los-mas-jovenes\/#primaryimage\"},\"thumbnailUrl\":\"https:\/\/empresas.infoempleo.com\/hrtrends\/media\/2017\/05\/pexels-photo-205508.jpg\",\"keywords\":[\"desempleo\",\"Europa\",\"Eurostat\",\"Extremadura\",\"Gabriel Alconchel\",\"INJUVE\",\"inserci\u00f3n laboral\",\"j\u00f3venes\",\"paro\",\"temporalidad\"],\"articleSection\":[\"Actualidad\"],\"inLanguage\":\"es\",\"copyrightYear\":\"2010\",\"copyrightHolder\":{\"@id\":\"https:\/\/empresas.infoempleo.com\/hrtrends\/#organization\"}},{\"@type\":\"WebPage\",\"@id\":\"https:\/\/empresas.infoempleo.com\/hrtrends\/el-paro-castiga-con-dureza-a-los-mas-jovenes\/\",\"url\":\"https:\/\/empresas.infoempleo.com\/hrtrends\/el-paro-castiga-con-dureza-a-los-mas-jovenes\/\",\"name\":\"El paro castiga con dureza a los m\u00e1s j\u00f3venes | HRTRENDS\",\"isPartOf\":{\"@id\":\"https:\/\/empresas.infoempleo.com\/hrtrends\/#website\"},\"primaryImageOfPage\":{\"@id\":\"https:\/\/empresas.infoempleo.com\/hrtrends\/el-paro-castiga-con-dureza-a-los-mas-jovenes\/#primaryimage\"},\"image\":{\"@id\":\"https:\/\/empresas.infoempleo.com\/hrtrends\/el-paro-castiga-con-dureza-a-los-mas-jovenes\/#primaryimage\"},\"thumbnailUrl\":\"https:\/\/empresas.infoempleo.com\/hrtrends\/media\/2017\/05\/pexels-photo-205508.jpg\",\"datePublished\":\"2010-03-15T09:11:48+00:00\",\"dateModified\":\"2024-08-01T14:11:53+00:00\",\"breadcrumb\":{\"@id\":\"https:\/\/empresas.infoempleo.com\/hrtrends\/el-paro-castiga-con-dureza-a-los-mas-jovenes\/#breadcrumb\"},\"inLanguage\":\"es\",\"potentialAction\":[{\"@type\":\"ReadAction\",\"target\":[\"https:\/\/empresas.infoempleo.com\/hrtrends\/el-paro-castiga-con-dureza-a-los-mas-jovenes\/\"]}]},{\"@type\":\"ImageObject\",\"inLanguage\":\"es\",\"@id\":\"https:\/\/empresas.infoempleo.com\/hrtrends\/el-paro-castiga-con-dureza-a-los-mas-jovenes\/#primaryimage\",\"url\":\"https:\/\/empresas.infoempleo.com\/hrtrends\/media\/2017\/05\/pexels-photo-205508-150x150.jpg\",\"contentUrl\":\"https:\/\/empresas.infoempleo.com\/hrtrends\/media\/2017\/05\/pexels-photo-205508-150x150.jpg\",\"width\":150,\"height\":150},{\"@type\":\"BreadcrumbList\",\"@id\":\"https:\/\/empresas.infoempleo.com\/hrtrends\/el-paro-castiga-con-dureza-a-los-mas-jovenes\/#breadcrumb\",\"itemListElement\":[{\"@type\":\"ListItem\",\"position\":1,\"name\":\"Portada\",\"item\":\"https:\/\/empresas.infoempleo.com\/hrtrends\/\"},{\"@type\":\"ListItem\",\"position\":2,\"name\":\"El paro castiga con dureza a los m\u00e1s j\u00f3venes\"}]},{\"@type\":\"WebSite\",\"@id\":\"https:\/\/empresas.infoempleo.com\/hrtrends\/#website\",\"url\":\"https:\/\/empresas.infoempleo.com\/hrtrends\",\"name\":\"HRTrends by Infoempleo\",\"description\":\"\",\"publisher\":{\"@id\":\"https:\/\/empresas.infoempleo.com\/hrtrends\/#organization\"},\"potentialAction\":{\"@type\":\"SearchAction\",\"target\":\"https:\/\/empresas.infoempleo.com\/hrtrends\/?s={search_term_string}\",\"query-input\":\"required name=search_term_string\"},\"inLanguage\":\"es\"},{\"@type\":\"Organization\",\"@id\":\"https:\/\/empresas.infoempleo.com\/hrtrends\/#organization\",\"name\":\"Infoempleo\",\"url\":\"https:\/\/www.infoempleo.com\/\",\"logo\":{\"@type\":\"ImageObject\",\"@id\":\"https:\/\/empresas.infoempleo.com\/hrtrends\/#logo\",\"inLanguage\":\"es\",\"url\":\"https:\/\/cdnazure.infoempleo.com\/infoempleo\/assets\/style\/gfx\/logo.svg\",\"contentUrl\":\"https:\/\/cdnazure.infoempleo.com\/infoempleo\/assets\/style\/gfx\/logo.svg\",\"width\":150,\"height\":40,\"caption\":\"Infoempleo\"},\"image\":{\"@id\":\"https:\/\/empresas.infoempleo.com\/hrtrends\/#logo\"},\"sameAs\":[\"https:\/\/www.facebook.com\/Infoempleo\",\"https:\/\/x.com\/infoempleo\",\"http:\/\/instagram.com\/infoempleo\/\",\"http:\/\/www.linkedin.com\/groups\/Empleo-Espa\u00f1a-Infoempleocom-111276\",\"http:\/\/pinterest.com\/infoempleo\/\"],\"address\":{\"@type\":\"PostalAddress\",\"addressLocality\":\"Madrid\",\"postalCode\":\"28050\",\"streetAddress\":\"Avenida de Burgos 114\"},\"brand\":[\"Infoempleo\"]},{\"@type\":\"Person\",\"@id\":\"https:\/\/empresas.infoempleo.com\/hrtrends\/#\/schema\/person\/f211bd3f083559daff103f670fe968b8\",\"name\":\"Cristina Mart\u00edn\",\"image\":{\"@type\":\"ImageObject\",\"inLanguage\":\"es\",\"@id\":\"https:\/\/empresas.infoempleo.com\/hrtrends\/#\/schema\/person\/image\/\",\"url\":\"https:\/\/secure.gravatar.com\/avatar\/7a85ff01010a0d921dc9d1da42a82a70f74e2cd0329b7fc20ee2c1c08a97daed?s=96&d=mm&r=g\",\"contentUrl\":\"https:\/\/secure.gravatar.com\/avatar\/7a85ff01010a0d921dc9d1da42a82a70f74e2cd0329b7fc20ee2c1c08a97daed?s=96&d=mm&r=g\",\"caption\":\"Cristina Mart\u00edn\"},\"url\":\"https:\/\/empresas.infoempleo.com\/hrtrends\/author\/cristina-martin\/\"}]}<\/script>\n<!-- \/ Yoast SEO plugin. -->","yoast_head_json":{"title":"El paro castiga con dureza a los m\u00e1s j\u00f3venes | HRTRENDS","robots":{"index":"index","follow":"follow","max-snippet":"max-snippet:-1","max-image-preview":"max-image-preview:large","max-video-preview":"max-video-preview:-1"},"canonical":"https:\/\/empresas.infoempleo.com\/hrtrends\/el-paro-castiga-con-dureza-a-los-mas-jovenes\/","og_locale":"es_ES","og_type":"article","og_title":"El paro castiga con dureza a los m\u00e1s j\u00f3venes | HRTRENDS","og_description":"\u00a0 \u00a0 \u00abGeneraci\u00f3n perdida\u00bb. No es nada alentador el calificativo con el que el diario \u2018The New York Leer m\u00e1s","og_url":"https:\/\/empresas.infoempleo.com\/hrtrends\/el-paro-castiga-con-dureza-a-los-mas-jovenes\/","og_site_name":"HRTRENDS","article_publisher":"https:\/\/www.facebook.com\/Infoempleo","article_published_time":"2010-03-15T09:11:48+00:00","article_modified_time":"2024-08-01T14:11:53+00:00","author":"Cristina Mart\u00edn","twitter_card":"summary_large_image","twitter_creator":"@infoempleo","twitter_site":"@infoempleo","twitter_misc":{"Escrito por":"Cristina Mart\u00edn","Tiempo de lectura":"5 minutos"},"schema":{"@context":"https:\/\/schema.org","@graph":[{"@type":"NewsArticle","@id":"https:\/\/empresas.infoempleo.com\/hrtrends\/el-paro-castiga-con-dureza-a-los-mas-jovenes\/#article","isPartOf":{"@id":"https:\/\/empresas.infoempleo.com\/hrtrends\/el-paro-castiga-con-dureza-a-los-mas-jovenes\/"},"author":{"name":"Cristina Mart\u00edn","@id":"https:\/\/empresas.infoempleo.com\/hrtrends\/#\/schema\/person\/f211bd3f083559daff103f670fe968b8"},"headline":"El paro castiga con dureza a los m\u00e1s j\u00f3venes","datePublished":"2010-03-15T09:11:48+00:00","dateModified":"2024-08-01T14:11:53+00:00","mainEntityOfPage":{"@id":"https:\/\/empresas.infoempleo.com\/hrtrends\/el-paro-castiga-con-dureza-a-los-mas-jovenes\/"},"wordCount":936,"publisher":{"@id":"https:\/\/empresas.infoempleo.com\/hrtrends\/#organization"},"image":{"@id":"https:\/\/empresas.infoempleo.com\/hrtrends\/el-paro-castiga-con-dureza-a-los-mas-jovenes\/#primaryimage"},"thumbnailUrl":"https:\/\/empresas.infoempleo.com\/hrtrends\/media\/2017\/05\/pexels-photo-205508.jpg","keywords":["desempleo","Europa","Eurostat","Extremadura","Gabriel Alconchel","INJUVE","inserci\u00f3n laboral","j\u00f3venes","paro","temporalidad"],"articleSection":["Actualidad"],"inLanguage":"es","copyrightYear":"2010","copyrightHolder":{"@id":"https:\/\/empresas.infoempleo.com\/hrtrends\/#organization"}},{"@type":"WebPage","@id":"https:\/\/empresas.infoempleo.com\/hrtrends\/el-paro-castiga-con-dureza-a-los-mas-jovenes\/","url":"https:\/\/empresas.infoempleo.com\/hrtrends\/el-paro-castiga-con-dureza-a-los-mas-jovenes\/","name":"El paro castiga con dureza a los m\u00e1s j\u00f3venes | HRTRENDS","isPartOf":{"@id":"https:\/\/empresas.infoempleo.com\/hrtrends\/#website"},"primaryImageOfPage":{"@id":"https:\/\/empresas.infoempleo.com\/hrtrends\/el-paro-castiga-con-dureza-a-los-mas-jovenes\/#primaryimage"},"image":{"@id":"https:\/\/empresas.infoempleo.com\/hrtrends\/el-paro-castiga-con-dureza-a-los-mas-jovenes\/#primaryimage"},"thumbnailUrl":"https:\/\/empresas.infoempleo.com\/hrtrends\/media\/2017\/05\/pexels-photo-205508.jpg","datePublished":"2010-03-15T09:11:48+00:00","dateModified":"2024-08-01T14:11:53+00:00","breadcrumb":{"@id":"https:\/\/empresas.infoempleo.com\/hrtrends\/el-paro-castiga-con-dureza-a-los-mas-jovenes\/#breadcrumb"},"inLanguage":"es","potentialAction":[{"@type":"ReadAction","target":["https:\/\/empresas.infoempleo.com\/hrtrends\/el-paro-castiga-con-dureza-a-los-mas-jovenes\/"]}]},{"@type":"ImageObject","inLanguage":"es","@id":"https:\/\/empresas.infoempleo.com\/hrtrends\/el-paro-castiga-con-dureza-a-los-mas-jovenes\/#primaryimage","url":"https:\/\/empresas.infoempleo.com\/hrtrends\/media\/2017\/05\/pexels-photo-205508-150x150.jpg","contentUrl":"https:\/\/empresas.infoempleo.com\/hrtrends\/media\/2017\/05\/pexels-photo-205508-150x150.jpg","width":150,"height":150},{"@type":"BreadcrumbList","@id":"https:\/\/empresas.infoempleo.com\/hrtrends\/el-paro-castiga-con-dureza-a-los-mas-jovenes\/#breadcrumb","itemListElement":[{"@type":"ListItem","position":1,"name":"Portada","item":"https:\/\/empresas.infoempleo.com\/hrtrends\/"},{"@type":"ListItem","position":2,"name":"El paro castiga con dureza a los m\u00e1s j\u00f3venes"}]},{"@type":"WebSite","@id":"https:\/\/empresas.infoempleo.com\/hrtrends\/#website","url":"https:\/\/empresas.infoempleo.com\/hrtrends","name":"HRTrends by Infoempleo","description":"","publisher":{"@id":"https:\/\/empresas.infoempleo.com\/hrtrends\/#organization"},"potentialAction":{"@type":"SearchAction","target":"https:\/\/empresas.infoempleo.com\/hrtrends\/?s={search_term_string}","query-input":"required name=search_term_string"},"inLanguage":"es"},{"@type":"Organization","@id":"https:\/\/empresas.infoempleo.com\/hrtrends\/#organization","name":"Infoempleo","url":"https:\/\/www.infoempleo.com\/","logo":{"@type":"ImageObject","@id":"https:\/\/empresas.infoempleo.com\/hrtrends\/#logo","inLanguage":"es","url":"https:\/\/cdnazure.infoempleo.com\/infoempleo\/assets\/style\/gfx\/logo.svg","contentUrl":"https:\/\/cdnazure.infoempleo.com\/infoempleo\/assets\/style\/gfx\/logo.svg","width":150,"height":40,"caption":"Infoempleo"},"image":{"@id":"https:\/\/empresas.infoempleo.com\/hrtrends\/#logo"},"sameAs":["https:\/\/www.facebook.com\/Infoempleo","https:\/\/x.com\/infoempleo","http:\/\/instagram.com\/infoempleo\/","http:\/\/www.linkedin.com\/groups\/Empleo-Espa\u00f1a-Infoempleocom-111276","http:\/\/pinterest.com\/infoempleo\/"],"address":{"@type":"PostalAddress","addressLocality":"Madrid","postalCode":"28050","streetAddress":"Avenida de Burgos 114"},"brand":["Infoempleo"]},{"@type":"Person","@id":"https:\/\/empresas.infoempleo.com\/hrtrends\/#\/schema\/person\/f211bd3f083559daff103f670fe968b8","name":"Cristina Mart\u00edn","image":{"@type":"ImageObject","inLanguage":"es","@id":"https:\/\/empresas.infoempleo.com\/hrtrends\/#\/schema\/person\/image\/","url":"https:\/\/secure.gravatar.com\/avatar\/7a85ff01010a0d921dc9d1da42a82a70f74e2cd0329b7fc20ee2c1c08a97daed?s=96&d=mm&r=g","contentUrl":"https:\/\/secure.gravatar.com\/avatar\/7a85ff01010a0d921dc9d1da42a82a70f74e2cd0329b7fc20ee2c1c08a97daed?s=96&d=mm&r=g","caption":"Cristina Mart\u00edn"},"url":"https:\/\/empresas.infoempleo.com\/hrtrends\/author\/cristina-martin\/"}]}},"amp_enabled":true,"_links":{"self":[{"href":"https:\/\/empresas.infoempleo.com\/hrtrends\/wp-json\/wp\/v2\/posts\/7865","targetHints":{"allow":["GET"]}}],"collection":[{"href":"https:\/\/empresas.infoempleo.com\/hrtrends\/wp-json\/wp\/v2\/posts"}],"about":[{"href":"https:\/\/empresas.infoempleo.com\/hrtrends\/wp-json\/wp\/v2\/types\/post"}],"author":[{"embeddable":true,"href":"https:\/\/empresas.infoempleo.com\/hrtrends\/wp-json\/wp\/v2\/users\/33"}],"replies":[{"embeddable":true,"href":"https:\/\/empresas.infoempleo.com\/hrtrends\/wp-json\/wp\/v2\/comments?post=7865"}],"version-history":[{"count":7,"href":"https:\/\/empresas.infoempleo.com\/hrtrends\/wp-json\/wp\/v2\/posts\/7865\/revisions"}],"predecessor-version":[{"id":44499,"href":"https:\/\/empresas.infoempleo.com\/hrtrends\/wp-json\/wp\/v2\/posts\/7865\/revisions\/44499"}],"wp:featuredmedia":[{"embeddable":true,"href":"https:\/\/empresas.infoempleo.com\/hrtrends\/wp-json\/wp\/v2\/media\/29665"}],"wp:attachment":[{"href":"https:\/\/empresas.infoempleo.com\/hrtrends\/wp-json\/wp\/v2\/media?parent=7865"}],"wp:term":[{"taxonomy":"category","embeddable":true,"href":"https:\/\/empresas.infoempleo.com\/hrtrends\/wp-json\/wp\/v2\/categories?post=7865"},{"taxonomy":"post_tag","embeddable":true,"href":"https:\/\/empresas.infoempleo.com\/hrtrends\/wp-json\/wp\/v2\/tags?post=7865"}],"curies":[{"name":"wp","href":"https:\/\/api.w.org\/{rel}","templated":true}]}}