{"id":7862,"date":"2010-03-15T09:58:49","date_gmt":"2010-03-15T08:58:49","guid":{"rendered":"http:\/\/blog.infoempleo.com\/?p=7862"},"modified":"2024-08-01T16:11:52","modified_gmt":"2024-08-01T14:11:52","slug":"la-formacion-profesional-acapara-todas-las-miradas","status":"publish","type":"post","link":"https:\/\/empresas.infoempleo.com\/hrtrends\/la-formacion-profesional-acapara-todas-las-miradas\/","title":{"rendered":"La Formaci\u00f3n Profesional acapara todas las miradas"},"content":{"rendered":"<p style=\"text-align: left\">Si la FP alguna vez fue el patito feo del sistema educativo, reducto de aquellos que \u00abno val\u00edan para estudiar\u00bb, hoy se ha convertido en el cisne. <strong>Todos, Gobierno, sindicatos, empresarios&#8230; quieren revalorizar los estudios de Formaci\u00f3n Profesional como una forma de luchar contra el paro entre la poblaci\u00f3n m\u00e1s joven<\/strong>. El director general de FP, <strong>Miguel Soler<\/strong>, ha recordado en m\u00e1s de una ocasi\u00f3n el valor de esta formaci\u00f3n. Hace unas semanas aseguraba: \u00abLa sociedad necesita cada vez m\u00e1s t\u00e9cnicos, m\u00e1s profesionales que sepan resolver problemas pr\u00e1cticos. Por ello, la Formaci\u00f3n Profesional es fundamental\u00bb.<\/p>\n<\/p>\n<p>La pedagog\u00eda pr\u00e1ctica de estos t\u00edtulos \u2014baste como ejemplo que todos incluyen un m\u00f3dulo de <a class=\"wp-caption-dd\" title=\"FCT\" href=\"https:\/\/www.comunidad.madrid\/servicios\/educacion\/formacion-profesional\" target=\"_blank\" rel=\"noopener\">Formaci\u00f3n en Centros de Trabajo <\/a>que representa el 25% del tiempo de ense\u00f1anza\u2014 se ha convertido en su mejor baza. \u00abEs una educaci\u00f3n finalista, que te posibilita trabajar\u00bb, destaca <strong>Cristina Bermejo<\/strong>, secretaria confederal de Juventud de Comisiones Obreras. Es decir, los alumnos que escogen esta opci\u00f3n formativa no s\u00f3lo se encuentran con contenidos m\u00e1s orientados a la realidad de una profesi\u00f3n sino que ven c\u00f3mo sus posibilidades de encontrar un empleo se incrementan. Los datos de la inserci\u00f3n laboral de estos titulados suelen ser de car\u00e1cter regional y, por tanto, hay variaciones, pero, <strong>de media, un 75% de ellos comienza a trabajar cuatro meses despu\u00e9s de acabar sus estudios<\/strong>. El resto se reparte entre los que siguen form\u00e1ndose y un peque\u00f1o porcentaje, que apenas alcanza el 10%, que no tiene tanta suerte.<\/p>\n<p>Pese a los datos, la Formaci\u00f3n Profesional no termina de cuajar en nuestro pa\u00eds. Poco m\u00e1s de un 43% de los estudiantes de Secundaria opta por esta opci\u00f3n. En concreto,<strong> este curso 585.000 personas se han matriculado en uno de los ciclos, y aunque la cifra es ligeramente superior a la de cursos pasados, un 7,8% m\u00e1s que el a\u00f1o anterior<\/strong>, no alcanza la media europea. Tampoco se acerca a la de pa\u00edses como Alemania, donde, precisamente, no sufren con tanta virulencia el paro juvenil; de hecho, su tasa de desempleo para este segmento de poblaci\u00f3n es del 10,3%.<\/p>\n<p>Adem\u00e1s de su vertiente pr\u00e1ctica, que tambi\u00e9n se deja notar en una constante actualizaci\u00f3n de los t\u00edtulos, por ejemplo las familias de Seguridad y Medio Ambiente, Industrias Extractivas o Energ\u00edas y Aguas han sido de las \u00faltimas en sumarse al cat\u00e1logo de cualificaciones del Ministerio, los estudios de FP pueden convertirse en un remedio a nuestro galopante abandono escolar. En palabras de Cristina Bermejo, de CC.OO., \u00abrepresentan una opci\u00f3n bastante interesante para el colectivo de j\u00f3venes con problemas de fracaso escolar\u00bb. Sobre todo el grado medio, para el que \u00fanicamente se requiere el t\u00edtulo de graduado en Educaci\u00f3n Secundaria Obligatoria (ESO), un curso que en nuestro pa\u00eds es cr\u00edtico, ya que las mayores cifras de abandono escolar prematuro, y que en nuestro pa\u00eds rozan el 32% duplicando la media europea, se producen en este momento.<\/p>\n<p>Junto a la optimizaci\u00f3n de la Formaci\u00f3n Profesional, que est\u00e1 previsto que se posicione como punto clave del anunciado Pacto por la Educaci\u00f3n, los agentes sociales reiteran que la empleabilidad de los j\u00f3venes no se puede acelerar si no se mejora desde la base hasta el v\u00e9rtice de la pir\u00e1mide formativa.<strong> \u00abHay que poner en valor la formaci\u00f3n, en todas sus etapas, como la mejor manera de combatir el desempleo\u00bb<\/strong>, reivindica Gabriel Alconchel, director del Injuve, que razona su demanda: \u00abAl hablar de paro juvenil hay que saber que entre aquellos que han estudiado una carrera o una FP la tasa se reduce a un 15%; es incluso menor que la general\u00bb.<\/p>\n","protected":false},"excerpt":{"rendered":"<p>Si la FP alguna vez fue el patito feo del sistema educativo, reducto de aquellos que \u00abno val\u00edan<a class=\"moretag\" href=\"https:\/\/empresas.infoempleo.com\/hrtrends\/la-formacion-profesional-acapara-todas-las-miradas\/\"> Leer m\u00e1s<\/a><\/p>\n","protected":false},"author":33,"featured_media":29665,"comment_status":"closed","ping_status":"open","sticky":false,"template":"","format":"standard","meta":{"footnotes":""},"categories":[3],"tags":[394,1270,1271,1272,1273,332,480,1274,1275,1276,461,1277],"class_list":["post-7862","post","type-post","status-publish","format-standard","has-post-thumbnail","hentry","category-actualidad","tag-alemania","tag-ccoo","tag-ciclo","tag-cristina-bermejo","tag-estudios-2","tag-formacion-profesional","tag-fp","tag-gabriel-alconchel","tag-injuve","tag-insercion-laboral","tag-jovenes","tag-miguel-soler"],"yoast_head":"<!-- This site is optimized with the Yoast SEO plugin v26.1.1 - https:\/\/yoast.com\/wordpress\/plugins\/seo\/ -->\n<title>La Formaci\u00f3n Profesional acapara todas las miradas | HRTRENDS<\/title>\n<meta name=\"robots\" content=\"index, follow, max-snippet:-1, max-image-preview:large, max-video-preview:-1\" \/>\n<link rel=\"canonical\" href=\"https:\/\/empresas.infoempleo.com\/hrtrends\/la-formacion-profesional-acapara-todas-las-miradas\/\" \/>\n<meta property=\"og:locale\" content=\"es_ES\" \/>\n<meta property=\"og:type\" content=\"article\" \/>\n<meta property=\"og:title\" content=\"La Formaci\u00f3n Profesional acapara todas las miradas | HRTRENDS\" \/>\n<meta property=\"og:description\" content=\"Si la FP alguna vez fue el patito feo del sistema educativo, reducto de aquellos que \u00abno val\u00edan Leer m\u00e1s\" \/>\n<meta property=\"og:url\" content=\"https:\/\/empresas.infoempleo.com\/hrtrends\/la-formacion-profesional-acapara-todas-las-miradas\/\" \/>\n<meta property=\"og:site_name\" content=\"HRTRENDS\" \/>\n<meta property=\"article:publisher\" content=\"https:\/\/www.facebook.com\/Infoempleo\" \/>\n<meta property=\"article:published_time\" content=\"2010-03-15T08:58:49+00:00\" \/>\n<meta property=\"article:modified_time\" content=\"2024-08-01T14:11:52+00:00\" \/>\n<meta name=\"author\" content=\"Cristina Mart\u00edn\" \/>\n<meta name=\"twitter:card\" content=\"summary_large_image\" \/>\n<meta name=\"twitter:creator\" content=\"@infoempleo\" \/>\n<meta name=\"twitter:site\" content=\"@infoempleo\" \/>\n<meta name=\"twitter:label1\" content=\"Escrito por\" \/>\n\t<meta name=\"twitter:data1\" content=\"Cristina Mart\u00edn\" \/>\n\t<meta name=\"twitter:label2\" content=\"Tiempo de lectura\" \/>\n\t<meta name=\"twitter:data2\" content=\"3 minutos\" \/>\n<script type=\"application\/ld+json\" class=\"yoast-schema-graph\">{\"@context\":\"https:\/\/schema.org\",\"@graph\":[{\"@type\":\"NewsArticle\",\"@id\":\"https:\/\/empresas.infoempleo.com\/hrtrends\/la-formacion-profesional-acapara-todas-las-miradas\/#article\",\"isPartOf\":{\"@id\":\"https:\/\/empresas.infoempleo.com\/hrtrends\/la-formacion-profesional-acapara-todas-las-miradas\/\"},\"author\":{\"name\":\"Cristina Mart\u00edn\",\"@id\":\"https:\/\/empresas.infoempleo.com\/hrtrends\/#\/schema\/person\/f211bd3f083559daff103f670fe968b8\"},\"headline\":\"La Formaci\u00f3n Profesional acapara todas las miradas\",\"datePublished\":\"2010-03-15T08:58:49+00:00\",\"dateModified\":\"2024-08-01T14:11:52+00:00\",\"mainEntityOfPage\":{\"@id\":\"https:\/\/empresas.infoempleo.com\/hrtrends\/la-formacion-profesional-acapara-todas-las-miradas\/\"},\"wordCount\":646,\"publisher\":{\"@id\":\"https:\/\/empresas.infoempleo.com\/hrtrends\/#organization\"},\"image\":{\"@id\":\"https:\/\/empresas.infoempleo.com\/hrtrends\/la-formacion-profesional-acapara-todas-las-miradas\/#primaryimage\"},\"thumbnailUrl\":\"https:\/\/empresas.infoempleo.com\/hrtrends\/media\/2017\/05\/pexels-photo-205508.jpg\",\"keywords\":[\"Alemania\",\"CCOO\",\"ciclo\",\"Cristina Bermejo\",\"estudios\",\"formaci\u00f3n profesional\",\"FP\",\"Gabriel Alconchel\",\"INJUVE\",\"inserci\u00f3n laboral\",\"j\u00f3venes\",\"Miguel Soler\"],\"articleSection\":[\"Actualidad\"],\"inLanguage\":\"es\",\"copyrightYear\":\"2010\",\"copyrightHolder\":{\"@id\":\"https:\/\/empresas.infoempleo.com\/hrtrends\/#organization\"}},{\"@type\":\"WebPage\",\"@id\":\"https:\/\/empresas.infoempleo.com\/hrtrends\/la-formacion-profesional-acapara-todas-las-miradas\/\",\"url\":\"https:\/\/empresas.infoempleo.com\/hrtrends\/la-formacion-profesional-acapara-todas-las-miradas\/\",\"name\":\"La Formaci\u00f3n Profesional acapara todas las miradas | HRTRENDS\",\"isPartOf\":{\"@id\":\"https:\/\/empresas.infoempleo.com\/hrtrends\/#website\"},\"primaryImageOfPage\":{\"@id\":\"https:\/\/empresas.infoempleo.com\/hrtrends\/la-formacion-profesional-acapara-todas-las-miradas\/#primaryimage\"},\"image\":{\"@id\":\"https:\/\/empresas.infoempleo.com\/hrtrends\/la-formacion-profesional-acapara-todas-las-miradas\/#primaryimage\"},\"thumbnailUrl\":\"https:\/\/empresas.infoempleo.com\/hrtrends\/media\/2017\/05\/pexels-photo-205508.jpg\",\"datePublished\":\"2010-03-15T08:58:49+00:00\",\"dateModified\":\"2024-08-01T14:11:52+00:00\",\"breadcrumb\":{\"@id\":\"https:\/\/empresas.infoempleo.com\/hrtrends\/la-formacion-profesional-acapara-todas-las-miradas\/#breadcrumb\"},\"inLanguage\":\"es\",\"potentialAction\":[{\"@type\":\"ReadAction\",\"target\":[\"https:\/\/empresas.infoempleo.com\/hrtrends\/la-formacion-profesional-acapara-todas-las-miradas\/\"]}]},{\"@type\":\"ImageObject\",\"inLanguage\":\"es\",\"@id\":\"https:\/\/empresas.infoempleo.com\/hrtrends\/la-formacion-profesional-acapara-todas-las-miradas\/#primaryimage\",\"url\":\"https:\/\/empresas.infoempleo.com\/hrtrends\/media\/2017\/05\/pexels-photo-205508-150x150.jpg\",\"contentUrl\":\"https:\/\/empresas.infoempleo.com\/hrtrends\/media\/2017\/05\/pexels-photo-205508-150x150.jpg\",\"width\":150,\"height\":150},{\"@type\":\"BreadcrumbList\",\"@id\":\"https:\/\/empresas.infoempleo.com\/hrtrends\/la-formacion-profesional-acapara-todas-las-miradas\/#breadcrumb\",\"itemListElement\":[{\"@type\":\"ListItem\",\"position\":1,\"name\":\"Portada\",\"item\":\"https:\/\/empresas.infoempleo.com\/hrtrends\/\"},{\"@type\":\"ListItem\",\"position\":2,\"name\":\"La Formaci\u00f3n Profesional acapara todas las miradas\"}]},{\"@type\":\"WebSite\",\"@id\":\"https:\/\/empresas.infoempleo.com\/hrtrends\/#website\",\"url\":\"https:\/\/empresas.infoempleo.com\/hrtrends\",\"name\":\"HRTrends by Infoempleo\",\"description\":\"\",\"publisher\":{\"@id\":\"https:\/\/empresas.infoempleo.com\/hrtrends\/#organization\"},\"potentialAction\":{\"@type\":\"SearchAction\",\"target\":\"https:\/\/empresas.infoempleo.com\/hrtrends\/?s={search_term_string}\",\"query-input\":\"required name=search_term_string\"},\"inLanguage\":\"es\"},{\"@type\":\"Organization\",\"@id\":\"https:\/\/empresas.infoempleo.com\/hrtrends\/#organization\",\"name\":\"Infoempleo\",\"url\":\"https:\/\/www.infoempleo.com\/\",\"logo\":{\"@type\":\"ImageObject\",\"@id\":\"https:\/\/empresas.infoempleo.com\/hrtrends\/#logo\",\"inLanguage\":\"es\",\"url\":\"https:\/\/cdnazure.infoempleo.com\/infoempleo\/assets\/style\/gfx\/logo.svg\",\"contentUrl\":\"https:\/\/cdnazure.infoempleo.com\/infoempleo\/assets\/style\/gfx\/logo.svg\",\"width\":150,\"height\":40,\"caption\":\"Infoempleo\"},\"image\":{\"@id\":\"https:\/\/empresas.infoempleo.com\/hrtrends\/#logo\"},\"sameAs\":[\"https:\/\/www.facebook.com\/Infoempleo\",\"https:\/\/x.com\/infoempleo\",\"http:\/\/instagram.com\/infoempleo\/\",\"http:\/\/www.linkedin.com\/groups\/Empleo-Espa\u00f1a-Infoempleocom-111276\",\"http:\/\/pinterest.com\/infoempleo\/\"],\"address\":{\"@type\":\"PostalAddress\",\"addressLocality\":\"Madrid\",\"postalCode\":\"28050\",\"streetAddress\":\"Avenida de Burgos 114\"},\"brand\":[\"Infoempleo\"]},{\"@type\":\"Person\",\"@id\":\"https:\/\/empresas.infoempleo.com\/hrtrends\/#\/schema\/person\/f211bd3f083559daff103f670fe968b8\",\"name\":\"Cristina Mart\u00edn\",\"image\":{\"@type\":\"ImageObject\",\"inLanguage\":\"es\",\"@id\":\"https:\/\/empresas.infoempleo.com\/hrtrends\/#\/schema\/person\/image\/\",\"url\":\"https:\/\/secure.gravatar.com\/avatar\/7a85ff01010a0d921dc9d1da42a82a70f74e2cd0329b7fc20ee2c1c08a97daed?s=96&d=mm&r=g\",\"contentUrl\":\"https:\/\/secure.gravatar.com\/avatar\/7a85ff01010a0d921dc9d1da42a82a70f74e2cd0329b7fc20ee2c1c08a97daed?s=96&d=mm&r=g\",\"caption\":\"Cristina Mart\u00edn\"},\"url\":\"https:\/\/empresas.infoempleo.com\/hrtrends\/author\/cristina-martin\/\"}]}<\/script>\n<!-- \/ Yoast SEO plugin. -->","yoast_head_json":{"title":"La Formaci\u00f3n Profesional acapara todas las miradas | HRTRENDS","robots":{"index":"index","follow":"follow","max-snippet":"max-snippet:-1","max-image-preview":"max-image-preview:large","max-video-preview":"max-video-preview:-1"},"canonical":"https:\/\/empresas.infoempleo.com\/hrtrends\/la-formacion-profesional-acapara-todas-las-miradas\/","og_locale":"es_ES","og_type":"article","og_title":"La Formaci\u00f3n Profesional acapara todas las miradas | HRTRENDS","og_description":"Si la FP alguna vez fue el patito feo del sistema educativo, reducto de aquellos que \u00abno val\u00edan Leer m\u00e1s","og_url":"https:\/\/empresas.infoempleo.com\/hrtrends\/la-formacion-profesional-acapara-todas-las-miradas\/","og_site_name":"HRTRENDS","article_publisher":"https:\/\/www.facebook.com\/Infoempleo","article_published_time":"2010-03-15T08:58:49+00:00","article_modified_time":"2024-08-01T14:11:52+00:00","author":"Cristina Mart\u00edn","twitter_card":"summary_large_image","twitter_creator":"@infoempleo","twitter_site":"@infoempleo","twitter_misc":{"Escrito por":"Cristina Mart\u00edn","Tiempo de lectura":"3 minutos"},"schema":{"@context":"https:\/\/schema.org","@graph":[{"@type":"NewsArticle","@id":"https:\/\/empresas.infoempleo.com\/hrtrends\/la-formacion-profesional-acapara-todas-las-miradas\/#article","isPartOf":{"@id":"https:\/\/empresas.infoempleo.com\/hrtrends\/la-formacion-profesional-acapara-todas-las-miradas\/"},"author":{"name":"Cristina Mart\u00edn","@id":"https:\/\/empresas.infoempleo.com\/hrtrends\/#\/schema\/person\/f211bd3f083559daff103f670fe968b8"},"headline":"La Formaci\u00f3n Profesional acapara todas las miradas","datePublished":"2010-03-15T08:58:49+00:00","dateModified":"2024-08-01T14:11:52+00:00","mainEntityOfPage":{"@id":"https:\/\/empresas.infoempleo.com\/hrtrends\/la-formacion-profesional-acapara-todas-las-miradas\/"},"wordCount":646,"publisher":{"@id":"https:\/\/empresas.infoempleo.com\/hrtrends\/#organization"},"image":{"@id":"https:\/\/empresas.infoempleo.com\/hrtrends\/la-formacion-profesional-acapara-todas-las-miradas\/#primaryimage"},"thumbnailUrl":"https:\/\/empresas.infoempleo.com\/hrtrends\/media\/2017\/05\/pexels-photo-205508.jpg","keywords":["Alemania","CCOO","ciclo","Cristina Bermejo","estudios","formaci\u00f3n profesional","FP","Gabriel Alconchel","INJUVE","inserci\u00f3n laboral","j\u00f3venes","Miguel Soler"],"articleSection":["Actualidad"],"inLanguage":"es","copyrightYear":"2010","copyrightHolder":{"@id":"https:\/\/empresas.infoempleo.com\/hrtrends\/#organization"}},{"@type":"WebPage","@id":"https:\/\/empresas.infoempleo.com\/hrtrends\/la-formacion-profesional-acapara-todas-las-miradas\/","url":"https:\/\/empresas.infoempleo.com\/hrtrends\/la-formacion-profesional-acapara-todas-las-miradas\/","name":"La Formaci\u00f3n Profesional acapara todas las miradas | HRTRENDS","isPartOf":{"@id":"https:\/\/empresas.infoempleo.com\/hrtrends\/#website"},"primaryImageOfPage":{"@id":"https:\/\/empresas.infoempleo.com\/hrtrends\/la-formacion-profesional-acapara-todas-las-miradas\/#primaryimage"},"image":{"@id":"https:\/\/empresas.infoempleo.com\/hrtrends\/la-formacion-profesional-acapara-todas-las-miradas\/#primaryimage"},"thumbnailUrl":"https:\/\/empresas.infoempleo.com\/hrtrends\/media\/2017\/05\/pexels-photo-205508.jpg","datePublished":"2010-03-15T08:58:49+00:00","dateModified":"2024-08-01T14:11:52+00:00","breadcrumb":{"@id":"https:\/\/empresas.infoempleo.com\/hrtrends\/la-formacion-profesional-acapara-todas-las-miradas\/#breadcrumb"},"inLanguage":"es","potentialAction":[{"@type":"ReadAction","target":["https:\/\/empresas.infoempleo.com\/hrtrends\/la-formacion-profesional-acapara-todas-las-miradas\/"]}]},{"@type":"ImageObject","inLanguage":"es","@id":"https:\/\/empresas.infoempleo.com\/hrtrends\/la-formacion-profesional-acapara-todas-las-miradas\/#primaryimage","url":"https:\/\/empresas.infoempleo.com\/hrtrends\/media\/2017\/05\/pexels-photo-205508-150x150.jpg","contentUrl":"https:\/\/empresas.infoempleo.com\/hrtrends\/media\/2017\/05\/pexels-photo-205508-150x150.jpg","width":150,"height":150},{"@type":"BreadcrumbList","@id":"https:\/\/empresas.infoempleo.com\/hrtrends\/la-formacion-profesional-acapara-todas-las-miradas\/#breadcrumb","itemListElement":[{"@type":"ListItem","position":1,"name":"Portada","item":"https:\/\/empresas.infoempleo.com\/hrtrends\/"},{"@type":"ListItem","position":2,"name":"La Formaci\u00f3n Profesional acapara todas las miradas"}]},{"@type":"WebSite","@id":"https:\/\/empresas.infoempleo.com\/hrtrends\/#website","url":"https:\/\/empresas.infoempleo.com\/hrtrends","name":"HRTrends by Infoempleo","description":"","publisher":{"@id":"https:\/\/empresas.infoempleo.com\/hrtrends\/#organization"},"potentialAction":{"@type":"SearchAction","target":"https:\/\/empresas.infoempleo.com\/hrtrends\/?s={search_term_string}","query-input":"required name=search_term_string"},"inLanguage":"es"},{"@type":"Organization","@id":"https:\/\/empresas.infoempleo.com\/hrtrends\/#organization","name":"Infoempleo","url":"https:\/\/www.infoempleo.com\/","logo":{"@type":"ImageObject","@id":"https:\/\/empresas.infoempleo.com\/hrtrends\/#logo","inLanguage":"es","url":"https:\/\/cdnazure.infoempleo.com\/infoempleo\/assets\/style\/gfx\/logo.svg","contentUrl":"https:\/\/cdnazure.infoempleo.com\/infoempleo\/assets\/style\/gfx\/logo.svg","width":150,"height":40,"caption":"Infoempleo"},"image":{"@id":"https:\/\/empresas.infoempleo.com\/hrtrends\/#logo"},"sameAs":["https:\/\/www.facebook.com\/Infoempleo","https:\/\/x.com\/infoempleo","http:\/\/instagram.com\/infoempleo\/","http:\/\/www.linkedin.com\/groups\/Empleo-Espa\u00f1a-Infoempleocom-111276","http:\/\/pinterest.com\/infoempleo\/"],"address":{"@type":"PostalAddress","addressLocality":"Madrid","postalCode":"28050","streetAddress":"Avenida de Burgos 114"},"brand":["Infoempleo"]},{"@type":"Person","@id":"https:\/\/empresas.infoempleo.com\/hrtrends\/#\/schema\/person\/f211bd3f083559daff103f670fe968b8","name":"Cristina Mart\u00edn","image":{"@type":"ImageObject","inLanguage":"es","@id":"https:\/\/empresas.infoempleo.com\/hrtrends\/#\/schema\/person\/image\/","url":"https:\/\/secure.gravatar.com\/avatar\/7a85ff01010a0d921dc9d1da42a82a70f74e2cd0329b7fc20ee2c1c08a97daed?s=96&d=mm&r=g","contentUrl":"https:\/\/secure.gravatar.com\/avatar\/7a85ff01010a0d921dc9d1da42a82a70f74e2cd0329b7fc20ee2c1c08a97daed?s=96&d=mm&r=g","caption":"Cristina Mart\u00edn"},"url":"https:\/\/empresas.infoempleo.com\/hrtrends\/author\/cristina-martin\/"}]}},"amp_enabled":true,"_links":{"self":[{"href":"https:\/\/empresas.infoempleo.com\/hrtrends\/wp-json\/wp\/v2\/posts\/7862","targetHints":{"allow":["GET"]}}],"collection":[{"href":"https:\/\/empresas.infoempleo.com\/hrtrends\/wp-json\/wp\/v2\/posts"}],"about":[{"href":"https:\/\/empresas.infoempleo.com\/hrtrends\/wp-json\/wp\/v2\/types\/post"}],"author":[{"embeddable":true,"href":"https:\/\/empresas.infoempleo.com\/hrtrends\/wp-json\/wp\/v2\/users\/33"}],"replies":[{"embeddable":true,"href":"https:\/\/empresas.infoempleo.com\/hrtrends\/wp-json\/wp\/v2\/comments?post=7862"}],"version-history":[{"count":3,"href":"https:\/\/empresas.infoempleo.com\/hrtrends\/wp-json\/wp\/v2\/posts\/7862\/revisions"}],"predecessor-version":[{"id":44497,"href":"https:\/\/empresas.infoempleo.com\/hrtrends\/wp-json\/wp\/v2\/posts\/7862\/revisions\/44497"}],"wp:featuredmedia":[{"embeddable":true,"href":"https:\/\/empresas.infoempleo.com\/hrtrends\/wp-json\/wp\/v2\/media\/29665"}],"wp:attachment":[{"href":"https:\/\/empresas.infoempleo.com\/hrtrends\/wp-json\/wp\/v2\/media?parent=7862"}],"wp:term":[{"taxonomy":"category","embeddable":true,"href":"https:\/\/empresas.infoempleo.com\/hrtrends\/wp-json\/wp\/v2\/categories?post=7862"},{"taxonomy":"post_tag","embeddable":true,"href":"https:\/\/empresas.infoempleo.com\/hrtrends\/wp-json\/wp\/v2\/tags?post=7862"}],"curies":[{"name":"wp","href":"https:\/\/api.w.org\/{rel}","templated":true}]}}