{"id":7831,"date":"2010-03-15T09:39:15","date_gmt":"2010-03-15T08:39:15","guid":{"rendered":"http:\/\/blog.infoempleo.com\/?p=7831"},"modified":"2024-08-01T16:11:51","modified_gmt":"2024-08-01T14:11:51","slug":"nuevos-profesionales-en-sus-puestos-34","status":"publish","type":"post","link":"https:\/\/empresas.infoempleo.com\/hrtrends\/nuevos-profesionales-en-sus-puestos-34\/","title":{"rendered":"Nuevos profesionales en sus puestos"},"content":{"rendered":"<p><strong>Crist\u00f3bal Fern\u00e1ndez, director de Desarrollo Corporativo de Burson-Marsteller Espa\u00f1a<\/strong><\/p>\n<p>Crist\u00f3bal Fern\u00e1ndez, digital strategist en Burson-Marsteller Madrid, ha sido nombrado director de Desarrollo Corporativo de la firma en Espa\u00f1a, as\u00ed como deputy digital practice chair de Burson-Marsteller EMEA.<\/p>\n<p>En su nueva funci\u00f3n, coordinar\u00e1 el marketing corporativo y los nuevos negocios, especialmente aquellos que requieren enfoques multidisciplinares. Paralelamente, mantendr\u00e1 su unidad de negocio, dependiendo de la direcci\u00f3n general de la oficina de Madrid.<\/p>\n<p>\u00a0<\/p>\n<p>\u00a0<strong>Marta Bertr\u00e1n, directora de operaciones de Allen &amp; Overy<\/strong><\/p>\n<p>En 13 a\u00f1os en la firma, Marta ha participado en importantes operaciones nacionales e internacionales en las que Allen &amp; Overy ha asesorado, tales como la compra de parte de los activos de Itinere por parte de Atlantia por valor de 420 millones de euros o en la reciente reestructuraci\u00f3n de la deuda del grupo industrial espa\u00f1ol Alfonso Gallardo.<\/p>\n<p>Desde este puesto se reponsabilizar\u00e1 del desarrollo de la carrera profesional de los abogados y dirigir\u00e1\u00a0las \u00e1reas de Recursos Humanos, Marketing y Comunicaci\u00f3n, Finanzas, Gesti\u00f3n del Conocimiento y Risk and Compliance.<\/p>\n<p>\u00a0<\/p>\n<p><strong>\u00a0Julio Cervera, consultor de operaciones de <a class=\"wp-caption-dd\" title=\"Alfa Consulting\" href=\"https:\/\/alfaconsulting.com\/\" target=\"_blank\" rel=\"noopener\">Alfa Consulting<\/a><\/strong><\/p>\n<p>Cervera es licenciado en Ingenier\u00eda Industrial por la Universidad Polit\u00e9cnica de Valencia y por el Institut National des Sciences Appliqu\u00e9es, en Lyon, Francia. Tambi\u00e9n cuenta con un International MBA por IE Business School.<\/p>\n<p>Hasta su promoci\u00f3n, ocupaba el puesto de Sales Engineer de Lab. Radio S.A.. Como consultor l\u00edder en proyectos de mejora de las operaciones, ser\u00e1 responsable de orientar y asesorar al cliente en la toma de decisiones, adem\u00e1s de dirigir equipos de trabajo orientados a la implementaci\u00f3n de cambios en procesos de trabajo y en el modo de gestionarlos.<\/p>\n<p>\u00a0<\/p>\n<p><strong>Luis Enrique Hern\u00e1ndez, consejero de direcci\u00f3n de Babel<\/strong><\/p>\n<p>Ingeniero industrial con m\u00e1s de veinticinco a\u00f1os de experiencia en el sector de la consultor\u00eda, ha sido director asociado de Accenture, director general adjunto de Uniprex-Onda Cero Radio, vicepresidente de la Asociaci\u00f3n de Empresas de Consultor\u00eda, vicepresidente de Entra-das.com y consejero de Sadiel, entre otras responsabilidades.<\/p>\n<p>Antes de su incorporaci\u00f3n a la firma de consultor\u00eda Babel, ocupaba la direcci\u00f3n del mercado de administraciones p\u00fablicas y sanidad de Indra.<\/p>\n","protected":false},"excerpt":{"rendered":"<p>Crist\u00f3bal Fern\u00e1ndez, director de Desarrollo Corporativo de Burson-Marsteller Espa\u00f1a Crist\u00f3bal Fern\u00e1ndez, digital strategist en Burson-Marsteller Madrid, ha sido<a class=\"moretag\" href=\"https:\/\/empresas.infoempleo.com\/hrtrends\/nuevos-profesionales-en-sus-puestos-34\/\"> Leer m\u00e1s<\/a><\/p>\n","protected":false},"author":72,"featured_media":29665,"comment_status":"closed","ping_status":"open","sticky":false,"template":"","format":"standard","meta":{"footnotes":""},"categories":[3],"tags":[1257,1258,1259,1260,40,177,1171,178,70,46],"class_list":["post-7831","post","type-post","status-publish","format-standard","has-post-thumbnail","hentry","category-actualidad","tag-alfa-consulting","tag-allenovery","tag-babel","tag-burson-marsteller","tag-consultor","tag-director","tag-ie-business-school","tag-nombramientos","tag-rrhh","tag-trayectoria"],"yoast_head":"<!-- This site is optimized with the Yoast SEO plugin v26.1.1 - https:\/\/yoast.com\/wordpress\/plugins\/seo\/ -->\n<title>Nuevos profesionales en sus puestos | HRTRENDS<\/title>\n<meta name=\"robots\" content=\"index, follow, max-snippet:-1, max-image-preview:large, max-video-preview:-1\" \/>\n<link rel=\"canonical\" href=\"https:\/\/empresas.infoempleo.com\/hrtrends\/nuevos-profesionales-en-sus-puestos-34\/\" \/>\n<meta property=\"og:locale\" content=\"es_ES\" \/>\n<meta property=\"og:type\" content=\"article\" \/>\n<meta property=\"og:title\" content=\"Nuevos profesionales en sus puestos | HRTRENDS\" \/>\n<meta property=\"og:description\" content=\"Crist\u00f3bal Fern\u00e1ndez, director de Desarrollo Corporativo de Burson-Marsteller Espa\u00f1a Crist\u00f3bal Fern\u00e1ndez, digital strategist en Burson-Marsteller Madrid, ha sido Leer m\u00e1s\" \/>\n<meta property=\"og:url\" content=\"https:\/\/empresas.infoempleo.com\/hrtrends\/nuevos-profesionales-en-sus-puestos-34\/\" \/>\n<meta property=\"og:site_name\" content=\"HRTRENDS\" \/>\n<meta property=\"article:publisher\" content=\"https:\/\/www.facebook.com\/Infoempleo\" \/>\n<meta property=\"article:published_time\" content=\"2010-03-15T08:39:15+00:00\" \/>\n<meta property=\"article:modified_time\" content=\"2024-08-01T14:11:51+00:00\" \/>\n<meta name=\"author\" content=\"infoempleo\" \/>\n<meta name=\"twitter:card\" content=\"summary_large_image\" \/>\n<meta name=\"twitter:creator\" content=\"@infoempleo\" \/>\n<meta name=\"twitter:site\" content=\"@infoempleo\" \/>\n<meta name=\"twitter:label1\" content=\"Escrito por\" \/>\n\t<meta name=\"twitter:data1\" content=\"infoempleo\" \/>\n\t<meta name=\"twitter:label2\" content=\"Tiempo de lectura\" \/>\n\t<meta name=\"twitter:data2\" content=\"2 minutos\" \/>\n<script type=\"application\/ld+json\" class=\"yoast-schema-graph\">{\"@context\":\"https:\/\/schema.org\",\"@graph\":[{\"@type\":\"NewsArticle\",\"@id\":\"https:\/\/empresas.infoempleo.com\/hrtrends\/nuevos-profesionales-en-sus-puestos-34\/#article\",\"isPartOf\":{\"@id\":\"https:\/\/empresas.infoempleo.com\/hrtrends\/nuevos-profesionales-en-sus-puestos-34\/\"},\"author\":{\"name\":\"infoempleo\",\"@id\":\"https:\/\/empresas.infoempleo.com\/hrtrends\/#\/schema\/person\/67d3e276ffcc8b3ae0ebec816daf775a\"},\"headline\":\"Nuevos profesionales en sus puestos\",\"datePublished\":\"2010-03-15T08:39:15+00:00\",\"dateModified\":\"2024-08-01T14:11:51+00:00\",\"mainEntityOfPage\":{\"@id\":\"https:\/\/empresas.infoempleo.com\/hrtrends\/nuevos-profesionales-en-sus-puestos-34\/\"},\"wordCount\":384,\"publisher\":{\"@id\":\"https:\/\/empresas.infoempleo.com\/hrtrends\/#organization\"},\"image\":{\"@id\":\"https:\/\/empresas.infoempleo.com\/hrtrends\/nuevos-profesionales-en-sus-puestos-34\/#primaryimage\"},\"thumbnailUrl\":\"https:\/\/empresas.infoempleo.com\/hrtrends\/media\/2017\/05\/pexels-photo-205508.jpg\",\"keywords\":[\"Alfa Consulting\",\"Allen&amp;Overy\",\"Babel\",\"Burson Marsteller\",\"consultor\",\"director\",\"IE Business School\",\"Nombramientos\",\"RRHH\",\"trayectoria\"],\"articleSection\":[\"Actualidad\"],\"inLanguage\":\"es\",\"copyrightYear\":\"2010\",\"copyrightHolder\":{\"@id\":\"https:\/\/empresas.infoempleo.com\/hrtrends\/#organization\"}},{\"@type\":\"WebPage\",\"@id\":\"https:\/\/empresas.infoempleo.com\/hrtrends\/nuevos-profesionales-en-sus-puestos-34\/\",\"url\":\"https:\/\/empresas.infoempleo.com\/hrtrends\/nuevos-profesionales-en-sus-puestos-34\/\",\"name\":\"Nuevos profesionales en sus puestos | HRTRENDS\",\"isPartOf\":{\"@id\":\"https:\/\/empresas.infoempleo.com\/hrtrends\/#website\"},\"primaryImageOfPage\":{\"@id\":\"https:\/\/empresas.infoempleo.com\/hrtrends\/nuevos-profesionales-en-sus-puestos-34\/#primaryimage\"},\"image\":{\"@id\":\"https:\/\/empresas.infoempleo.com\/hrtrends\/nuevos-profesionales-en-sus-puestos-34\/#primaryimage\"},\"thumbnailUrl\":\"https:\/\/empresas.infoempleo.com\/hrtrends\/media\/2017\/05\/pexels-photo-205508.jpg\",\"datePublished\":\"2010-03-15T08:39:15+00:00\",\"dateModified\":\"2024-08-01T14:11:51+00:00\",\"breadcrumb\":{\"@id\":\"https:\/\/empresas.infoempleo.com\/hrtrends\/nuevos-profesionales-en-sus-puestos-34\/#breadcrumb\"},\"inLanguage\":\"es\",\"potentialAction\":[{\"@type\":\"ReadAction\",\"target\":[\"https:\/\/empresas.infoempleo.com\/hrtrends\/nuevos-profesionales-en-sus-puestos-34\/\"]}]},{\"@type\":\"ImageObject\",\"inLanguage\":\"es\",\"@id\":\"https:\/\/empresas.infoempleo.com\/hrtrends\/nuevos-profesionales-en-sus-puestos-34\/#primaryimage\",\"url\":\"https:\/\/empresas.infoempleo.com\/hrtrends\/media\/2017\/05\/pexels-photo-205508-150x150.jpg\",\"contentUrl\":\"https:\/\/empresas.infoempleo.com\/hrtrends\/media\/2017\/05\/pexels-photo-205508-150x150.jpg\",\"width\":150,\"height\":150},{\"@type\":\"BreadcrumbList\",\"@id\":\"https:\/\/empresas.infoempleo.com\/hrtrends\/nuevos-profesionales-en-sus-puestos-34\/#breadcrumb\",\"itemListElement\":[{\"@type\":\"ListItem\",\"position\":1,\"name\":\"Portada\",\"item\":\"https:\/\/empresas.infoempleo.com\/hrtrends\/\"},{\"@type\":\"ListItem\",\"position\":2,\"name\":\"Nuevos profesionales en sus puestos\"}]},{\"@type\":\"WebSite\",\"@id\":\"https:\/\/empresas.infoempleo.com\/hrtrends\/#website\",\"url\":\"https:\/\/empresas.infoempleo.com\/hrtrends\",\"name\":\"HRTrends by Infoempleo\",\"description\":\"\",\"publisher\":{\"@id\":\"https:\/\/empresas.infoempleo.com\/hrtrends\/#organization\"},\"potentialAction\":{\"@type\":\"SearchAction\",\"target\":\"https:\/\/empresas.infoempleo.com\/hrtrends\/?s={search_term_string}\",\"query-input\":\"required name=search_term_string\"},\"inLanguage\":\"es\"},{\"@type\":\"Organization\",\"@id\":\"https:\/\/empresas.infoempleo.com\/hrtrends\/#organization\",\"name\":\"Infoempleo\",\"url\":\"https:\/\/www.infoempleo.com\/\",\"logo\":{\"@type\":\"ImageObject\",\"@id\":\"https:\/\/empresas.infoempleo.com\/hrtrends\/#logo\",\"inLanguage\":\"es\",\"url\":\"https:\/\/cdnazure.infoempleo.com\/infoempleo\/assets\/style\/gfx\/logo.svg\",\"contentUrl\":\"https:\/\/cdnazure.infoempleo.com\/infoempleo\/assets\/style\/gfx\/logo.svg\",\"width\":150,\"height\":40,\"caption\":\"Infoempleo\"},\"image\":{\"@id\":\"https:\/\/empresas.infoempleo.com\/hrtrends\/#logo\"},\"sameAs\":[\"https:\/\/www.facebook.com\/Infoempleo\",\"https:\/\/x.com\/infoempleo\",\"http:\/\/instagram.com\/infoempleo\/\",\"http:\/\/www.linkedin.com\/groups\/Empleo-Espa\u00f1a-Infoempleocom-111276\",\"http:\/\/pinterest.com\/infoempleo\/\"],\"address\":{\"@type\":\"PostalAddress\",\"addressLocality\":\"Madrid\",\"postalCode\":\"28050\",\"streetAddress\":\"Avenida de Burgos 114\"},\"brand\":[\"Infoempleo\"]},{\"@type\":\"Person\",\"@id\":\"https:\/\/empresas.infoempleo.com\/hrtrends\/#\/schema\/person\/67d3e276ffcc8b3ae0ebec816daf775a\",\"name\":\"infoempleo\",\"image\":{\"@type\":\"ImageObject\",\"inLanguage\":\"es\",\"@id\":\"https:\/\/empresas.infoempleo.com\/hrtrends\/#\/schema\/person\/image\/\",\"url\":\"https:\/\/secure.gravatar.com\/avatar\/7b437777242fe67d2473c2a818da2344692d1ee91e91080ccffbd97bcd4a0975?s=96&d=mm&r=g\",\"contentUrl\":\"https:\/\/secure.gravatar.com\/avatar\/7b437777242fe67d2473c2a818da2344692d1ee91e91080ccffbd97bcd4a0975?s=96&d=mm&r=g\",\"caption\":\"infoempleo\"},\"url\":\"https:\/\/empresas.infoempleo.com\/hrtrends\/author\/infoempleo\/\"}]}<\/script>\n<!-- \/ Yoast SEO plugin. -->","yoast_head_json":{"title":"Nuevos profesionales en sus puestos | HRTRENDS","robots":{"index":"index","follow":"follow","max-snippet":"max-snippet:-1","max-image-preview":"max-image-preview:large","max-video-preview":"max-video-preview:-1"},"canonical":"https:\/\/empresas.infoempleo.com\/hrtrends\/nuevos-profesionales-en-sus-puestos-34\/","og_locale":"es_ES","og_type":"article","og_title":"Nuevos profesionales en sus puestos | HRTRENDS","og_description":"Crist\u00f3bal Fern\u00e1ndez, director de Desarrollo Corporativo de Burson-Marsteller Espa\u00f1a Crist\u00f3bal Fern\u00e1ndez, digital strategist en Burson-Marsteller Madrid, ha sido Leer m\u00e1s","og_url":"https:\/\/empresas.infoempleo.com\/hrtrends\/nuevos-profesionales-en-sus-puestos-34\/","og_site_name":"HRTRENDS","article_publisher":"https:\/\/www.facebook.com\/Infoempleo","article_published_time":"2010-03-15T08:39:15+00:00","article_modified_time":"2024-08-01T14:11:51+00:00","author":"infoempleo","twitter_card":"summary_large_image","twitter_creator":"@infoempleo","twitter_site":"@infoempleo","twitter_misc":{"Escrito por":"infoempleo","Tiempo de lectura":"2 minutos"},"schema":{"@context":"https:\/\/schema.org","@graph":[{"@type":"NewsArticle","@id":"https:\/\/empresas.infoempleo.com\/hrtrends\/nuevos-profesionales-en-sus-puestos-34\/#article","isPartOf":{"@id":"https:\/\/empresas.infoempleo.com\/hrtrends\/nuevos-profesionales-en-sus-puestos-34\/"},"author":{"name":"infoempleo","@id":"https:\/\/empresas.infoempleo.com\/hrtrends\/#\/schema\/person\/67d3e276ffcc8b3ae0ebec816daf775a"},"headline":"Nuevos profesionales en sus puestos","datePublished":"2010-03-15T08:39:15+00:00","dateModified":"2024-08-01T14:11:51+00:00","mainEntityOfPage":{"@id":"https:\/\/empresas.infoempleo.com\/hrtrends\/nuevos-profesionales-en-sus-puestos-34\/"},"wordCount":384,"publisher":{"@id":"https:\/\/empresas.infoempleo.com\/hrtrends\/#organization"},"image":{"@id":"https:\/\/empresas.infoempleo.com\/hrtrends\/nuevos-profesionales-en-sus-puestos-34\/#primaryimage"},"thumbnailUrl":"https:\/\/empresas.infoempleo.com\/hrtrends\/media\/2017\/05\/pexels-photo-205508.jpg","keywords":["Alfa Consulting","Allen&amp;Overy","Babel","Burson Marsteller","consultor","director","IE Business School","Nombramientos","RRHH","trayectoria"],"articleSection":["Actualidad"],"inLanguage":"es","copyrightYear":"2010","copyrightHolder":{"@id":"https:\/\/empresas.infoempleo.com\/hrtrends\/#organization"}},{"@type":"WebPage","@id":"https:\/\/empresas.infoempleo.com\/hrtrends\/nuevos-profesionales-en-sus-puestos-34\/","url":"https:\/\/empresas.infoempleo.com\/hrtrends\/nuevos-profesionales-en-sus-puestos-34\/","name":"Nuevos profesionales en sus puestos | HRTRENDS","isPartOf":{"@id":"https:\/\/empresas.infoempleo.com\/hrtrends\/#website"},"primaryImageOfPage":{"@id":"https:\/\/empresas.infoempleo.com\/hrtrends\/nuevos-profesionales-en-sus-puestos-34\/#primaryimage"},"image":{"@id":"https:\/\/empresas.infoempleo.com\/hrtrends\/nuevos-profesionales-en-sus-puestos-34\/#primaryimage"},"thumbnailUrl":"https:\/\/empresas.infoempleo.com\/hrtrends\/media\/2017\/05\/pexels-photo-205508.jpg","datePublished":"2010-03-15T08:39:15+00:00","dateModified":"2024-08-01T14:11:51+00:00","breadcrumb":{"@id":"https:\/\/empresas.infoempleo.com\/hrtrends\/nuevos-profesionales-en-sus-puestos-34\/#breadcrumb"},"inLanguage":"es","potentialAction":[{"@type":"ReadAction","target":["https:\/\/empresas.infoempleo.com\/hrtrends\/nuevos-profesionales-en-sus-puestos-34\/"]}]},{"@type":"ImageObject","inLanguage":"es","@id":"https:\/\/empresas.infoempleo.com\/hrtrends\/nuevos-profesionales-en-sus-puestos-34\/#primaryimage","url":"https:\/\/empresas.infoempleo.com\/hrtrends\/media\/2017\/05\/pexels-photo-205508-150x150.jpg","contentUrl":"https:\/\/empresas.infoempleo.com\/hrtrends\/media\/2017\/05\/pexels-photo-205508-150x150.jpg","width":150,"height":150},{"@type":"BreadcrumbList","@id":"https:\/\/empresas.infoempleo.com\/hrtrends\/nuevos-profesionales-en-sus-puestos-34\/#breadcrumb","itemListElement":[{"@type":"ListItem","position":1,"name":"Portada","item":"https:\/\/empresas.infoempleo.com\/hrtrends\/"},{"@type":"ListItem","position":2,"name":"Nuevos profesionales en sus puestos"}]},{"@type":"WebSite","@id":"https:\/\/empresas.infoempleo.com\/hrtrends\/#website","url":"https:\/\/empresas.infoempleo.com\/hrtrends","name":"HRTrends by Infoempleo","description":"","publisher":{"@id":"https:\/\/empresas.infoempleo.com\/hrtrends\/#organization"},"potentialAction":{"@type":"SearchAction","target":"https:\/\/empresas.infoempleo.com\/hrtrends\/?s={search_term_string}","query-input":"required name=search_term_string"},"inLanguage":"es"},{"@type":"Organization","@id":"https:\/\/empresas.infoempleo.com\/hrtrends\/#organization","name":"Infoempleo","url":"https:\/\/www.infoempleo.com\/","logo":{"@type":"ImageObject","@id":"https:\/\/empresas.infoempleo.com\/hrtrends\/#logo","inLanguage":"es","url":"https:\/\/cdnazure.infoempleo.com\/infoempleo\/assets\/style\/gfx\/logo.svg","contentUrl":"https:\/\/cdnazure.infoempleo.com\/infoempleo\/assets\/style\/gfx\/logo.svg","width":150,"height":40,"caption":"Infoempleo"},"image":{"@id":"https:\/\/empresas.infoempleo.com\/hrtrends\/#logo"},"sameAs":["https:\/\/www.facebook.com\/Infoempleo","https:\/\/x.com\/infoempleo","http:\/\/instagram.com\/infoempleo\/","http:\/\/www.linkedin.com\/groups\/Empleo-Espa\u00f1a-Infoempleocom-111276","http:\/\/pinterest.com\/infoempleo\/"],"address":{"@type":"PostalAddress","addressLocality":"Madrid","postalCode":"28050","streetAddress":"Avenida de Burgos 114"},"brand":["Infoempleo"]},{"@type":"Person","@id":"https:\/\/empresas.infoempleo.com\/hrtrends\/#\/schema\/person\/67d3e276ffcc8b3ae0ebec816daf775a","name":"infoempleo","image":{"@type":"ImageObject","inLanguage":"es","@id":"https:\/\/empresas.infoempleo.com\/hrtrends\/#\/schema\/person\/image\/","url":"https:\/\/secure.gravatar.com\/avatar\/7b437777242fe67d2473c2a818da2344692d1ee91e91080ccffbd97bcd4a0975?s=96&d=mm&r=g","contentUrl":"https:\/\/secure.gravatar.com\/avatar\/7b437777242fe67d2473c2a818da2344692d1ee91e91080ccffbd97bcd4a0975?s=96&d=mm&r=g","caption":"infoempleo"},"url":"https:\/\/empresas.infoempleo.com\/hrtrends\/author\/infoempleo\/"}]}},"amp_enabled":true,"_links":{"self":[{"href":"https:\/\/empresas.infoempleo.com\/hrtrends\/wp-json\/wp\/v2\/posts\/7831","targetHints":{"allow":["GET"]}}],"collection":[{"href":"https:\/\/empresas.infoempleo.com\/hrtrends\/wp-json\/wp\/v2\/posts"}],"about":[{"href":"https:\/\/empresas.infoempleo.com\/hrtrends\/wp-json\/wp\/v2\/types\/post"}],"author":[{"embeddable":true,"href":"https:\/\/empresas.infoempleo.com\/hrtrends\/wp-json\/wp\/v2\/users\/72"}],"replies":[{"embeddable":true,"href":"https:\/\/empresas.infoempleo.com\/hrtrends\/wp-json\/wp\/v2\/comments?post=7831"}],"version-history":[{"count":7,"href":"https:\/\/empresas.infoempleo.com\/hrtrends\/wp-json\/wp\/v2\/posts\/7831\/revisions"}],"predecessor-version":[{"id":44496,"href":"https:\/\/empresas.infoempleo.com\/hrtrends\/wp-json\/wp\/v2\/posts\/7831\/revisions\/44496"}],"wp:featuredmedia":[{"embeddable":true,"href":"https:\/\/empresas.infoempleo.com\/hrtrends\/wp-json\/wp\/v2\/media\/29665"}],"wp:attachment":[{"href":"https:\/\/empresas.infoempleo.com\/hrtrends\/wp-json\/wp\/v2\/media?parent=7831"}],"wp:term":[{"taxonomy":"category","embeddable":true,"href":"https:\/\/empresas.infoempleo.com\/hrtrends\/wp-json\/wp\/v2\/categories?post=7831"},{"taxonomy":"post_tag","embeddable":true,"href":"https:\/\/empresas.infoempleo.com\/hrtrends\/wp-json\/wp\/v2\/tags?post=7831"}],"curies":[{"name":"wp","href":"https:\/\/api.w.org\/{rel}","templated":true}]}}